{"id":2922,"count":52,"description":"Noticias acerca de la pandemia del siglo XXI adem\u00e1s del contagio en el \u00e1mbito mundial","link":"https:\/\/www.sonoraenequipo.com.mx\/la-era-del-coronavirus\/","name":"Pandemia","slug":"la-era-del-coronavirus","taxonomy":"category","parent":0,"meta":[],"yoast_head":" \n<title>Pandemia Archivos &#8211; Sonora en Equipo.<\/title>\n<meta name=\"description\" content=\"Pandemia del siglo XXI adem\u00e1s del contagio en el \u00e1mbito mundial. Virus, coronavirus, COVID-19, vacunas, investigaciones, nuevas tecnicas, infectados, recuperados, muertos, activos, m\u00e9dicos, enfermeras, sistemas de salud, pa\u00edses, crisis econ\u00f3mica, redes sociales, etc\" \/>\n<meta name=\"robots\" content=\"noindex, follow\" \/>\n<meta property=\"og:locale\" content=\"es_ES\" \/>\n<meta property=\"og:type\" content=\"article\" \/>\n<meta property=\"og:title\" content=\"Pandemia Archivos &#8211; Sonora en Equipo.\" \/>\n<meta property=\"og:description\" content=\"Pandemia del siglo XXI adem\u00e1s del contagio en el \u00e1mbito mundial. Virus, coronavirus, COVID-19, vacunas, investigaciones, nuevas tecnicas, infectados, recuperados, muertos, activos, m\u00e9dicos, enfermeras, sistemas de salud, pa\u00edses, crisis econ\u00f3mica, redes sociales, etc\" \/>\n<meta property=\"og:url\" content=\"https:\/\/www.sonoraenequipo.com.mx\/la-era-del-coronavirus\/\" \/>\n<meta property=\"og:site_name\" content=\"Sonora en Equipo.\" \/>\n<meta name=\"twitter:card\" content=\"summary_large_image\" \/>\n<meta name=\"twitter:site\" content=\"@sonoraenequipo\" \/>\n<script type=\"application\/ld+json\" class=\"yoast-schema-graph\">{\"@context\":\"https:\/\/schema.org\",\"@graph\":[{\"@type\":\"CollectionPage\",\"@id\":\"https:\/\/www.sonoraenequipo.com.mx\/la-era-del-coronavirus\/\",\"url\":\"https:\/\/www.sonoraenequipo.com.mx\/la-era-del-coronavirus\/\",\"name\":\"Pandemia Archivos &#8211; Sonora en Equipo.\",\"isPartOf\":{\"@id\":\"https:\/\/www.sonoraenequipo.com.mx\/#website\"},\"description\":\"Pandemia del siglo XXI adem\u00e1s del contagio en el \u00e1mbito mundial. Virus, coronavirus, COVID-19, vacunas, investigaciones, nuevas tecnicas, infectados, recuperados, muertos, activos, m\u00e9dicos, enfermeras, sistemas de salud, pa\u00edses, crisis econ\u00f3mica, redes sociales, etc\",\"breadcrumb\":{\"@id\":\"https:\/\/www.sonoraenequipo.com.mx\/la-era-del-coronavirus\/#breadcrumb\"},\"inLanguage\":\"es\"},{\"@type\":\"BreadcrumbList\",\"@id\":\"https:\/\/www.sonoraenequipo.com.mx\/la-era-del-coronavirus\/#breadcrumb\",\"itemListElement\":[{\"@type\":\"ListItem\",\"position\":1,\"name\":\"Portada\",\"item\":\"https:\/\/www.sonoraenequipo.com.mx\/\"},{\"@type\":\"ListItem\",\"position\":2,\"name\":\"Pandemia\"}]},{\"@type\":\"WebSite\",\"@id\":\"https:\/\/www.sonoraenequipo.com.mx\/#website\",\"url\":\"https:\/\/www.sonoraenequipo.com.mx\/\",\"name\":\"Sonora en Equipo.\",\"description\":\"Diario en l\u00ednea con Noticias desde Hermosillo, Sonora\",\"publisher\":{\"@id\":\"https:\/\/www.sonoraenequipo.com.mx\/#organization\"},\"potentialAction\":[{\"@type\":\"SearchAction\",\"target\":{\"@type\":\"EntryPoint\",\"urlTemplate\":\"https:\/\/www.sonoraenequipo.com.mx\/?s={search_term_string}\"},\"query-input\":{\"@type\":\"PropertyValueSpecification\",\"valueRequired\":true,\"valueName\":\"search_term_string\"}}],\"inLanguage\":\"es\"},{\"@type\":\"Organization\",\"@id\":\"https:\/\/www.sonoraenequipo.com.mx\/#organization\",\"name\":\"Sonoraenequipo.com.mx\",\"url\":\"https:\/\/www.sonoraenequipo.com.mx\/\",\"logo\":{\"@type\":\"ImageObject\",\"inLanguage\":\"es\",\"@id\":\"https:\/\/www.sonoraenequipo.com.mx\/#\/schema\/logo\/image\/\",\"url\":\"https:\/\/www.sonoraenequipo.com.mx\/storage\/2019\/01\/sonoraenequipo_opt.png\",\"contentUrl\":\"https:\/\/www.sonoraenequipo.com.mx\/storage\/2019\/01\/sonoraenequipo_opt.png\",\"width\":375,\"height\":125,\"caption\":\"Sonoraenequipo.com.mx\"},\"image\":{\"@id\":\"https:\/\/www.sonoraenequipo.com.mx\/#\/schema\/logo\/image\/\"},\"sameAs\":[\"https:\/\/www.facebook.com\/SonoraEE\/\",\"https:\/\/x.com\/sonoraenequipo\",\"https:\/\/www.youtube.com\/channel\/UC338nW-lPEYmJQs4ZABQ1SQ\"]}]}<\/script>\n ","yoast_head_json":{"title":"Pandemia Archivos &#8211; Sonora en Equipo.","description":"Pandemia del siglo XXI adem\u00e1s del contagio en el \u00e1mbito mundial. Virus, coronavirus, COVID-19, vacunas, investigaciones, nuevas tecnicas, infectados, recuperados, muertos, activos, m\u00e9dicos, enfermeras, sistemas de salud, pa\u00edses, crisis econ\u00f3mica, redes sociales, etc","robots":{"index":"noindex","follow":"follow"},"og_locale":"es_ES","og_type":"article","og_title":"Pandemia Archivos &#8211; Sonora en Equipo.","og_description":"Pandemia del siglo XXI adem\u00e1s del contagio en el \u00e1mbito mundial. Virus, coronavirus, COVID-19, vacunas, investigaciones, nuevas tecnicas, infectados, recuperados, muertos, activos, m\u00e9dicos, enfermeras, sistemas de salud, pa\u00edses, crisis econ\u00f3mica, redes sociales, etc","og_url":"https:\/\/www.sonoraenequipo.com.mx\/la-era-del-coronavirus\/","og_site_name":"Sonora en Equipo.","twitter_card":"summary_large_image","twitter_site":"@sonoraenequipo","schema":{"@context":"https:\/\/schema.org","@graph":[{"@type":"CollectionPage","@id":"https:\/\/www.sonoraenequipo.com.mx\/la-era-del-coronavirus\/","url":"https:\/\/www.sonoraenequipo.com.mx\/la-era-del-coronavirus\/","name":"Pandemia Archivos &#8211; Sonora en Equipo.","isPartOf":{"@id":"https:\/\/www.sonoraenequipo.com.mx\/#website"},"description":"Pandemia del siglo XXI adem\u00e1s del contagio en el \u00e1mbito mundial. Virus, coronavirus, COVID-19, vacunas, investigaciones, nuevas tecnicas, infectados, recuperados, muertos, activos, m\u00e9dicos, enfermeras, sistemas de salud, pa\u00edses, crisis econ\u00f3mica, redes sociales, etc","breadcrumb":{"@id":"https:\/\/www.sonoraenequipo.com.mx\/la-era-del-coronavirus\/#breadcrumb"},"inLanguage":"es"},{"@type":"BreadcrumbList","@id":"https:\/\/www.sonoraenequipo.com.mx\/la-era-del-coronavirus\/#breadcrumb","itemListElement":[{"@type":"ListItem","position":1,"name":"Portada","item":"https:\/\/www.sonoraenequipo.com.mx\/"},{"@type":"ListItem","position":2,"name":"Pandemia"}]},{"@type":"WebSite","@id":"https:\/\/www.sonoraenequipo.com.mx\/#website","url":"https:\/\/www.sonoraenequipo.com.mx\/","name":"Sonora en Equipo.","description":"Diario en l\u00ednea con Noticias desde Hermosillo, Sonora","publisher":{"@id":"https:\/\/www.sonoraenequipo.com.mx\/#organization"},"potentialAction":[{"@type":"SearchAction","target":{"@type":"EntryPoint","urlTemplate":"https:\/\/www.sonoraenequipo.com.mx\/?s={search_term_string}"},"query-input":{"@type":"PropertyValueSpecification","valueRequired":true,"valueName":"search_term_string"}}],"inLanguage":"es"},{"@type":"Organization","@id":"https:\/\/www.sonoraenequipo.com.mx\/#organization","name":"Sonoraenequipo.com.mx","url":"https:\/\/www.sonoraenequipo.com.mx\/","logo":{"@type":"ImageObject","inLanguage":"es","@id":"https:\/\/www.sonoraenequipo.com.mx\/#\/schema\/logo\/image\/","url":"https:\/\/www.sonoraenequipo.com.mx\/storage\/2019\/01\/sonoraenequipo_opt.png","contentUrl":"https:\/\/www.sonoraenequipo.com.mx\/storage\/2019\/01\/sonoraenequipo_opt.png","width":375,"height":125,"caption":"Sonoraenequipo.com.mx"},"image":{"@id":"https:\/\/www.sonoraenequipo.com.mx\/#\/schema\/logo\/image\/"},"sameAs":["https:\/\/www.facebook.com\/SonoraEE\/","https:\/\/x.com\/sonoraenequipo","https:\/\/www.youtube.com\/channel\/UC338nW-lPEYmJQs4ZABQ1SQ"]}]}},"_links":{"self":[{"href":"https:\/\/www.sonoraenequipo.com.mx\/api\/wp\/v2\/categories\/2922","targetHints":{"allow":["GET"]}}],"collection":[{"href":"https:\/\/www.sonoraenequipo.com.mx\/api\/wp\/v2\/categories"}],"about":[{"href":"https:\/\/www.sonoraenequipo.com.mx\/api\/wp\/v2\/taxonomies\/category"}],"wp:post_type":[{"href":"https:\/\/www.sonoraenequipo.com.mx\/api\/wp\/v2\/posts?categories=2922"}],"curies":[{"name":"wp","href":"https:\/\/api.w.org\/{rel}","templated":true}]}}