{"id":100238,"date":"2020-11-13T16:03:21","date_gmt":"2020-11-13T23:03:21","guid":{"rendered":"https:\/\/www.sonoraenequipo.com.mx\/?p=100238"},"modified":"2020-11-13T16:04:14","modified_gmt":"2020-11-13T23:04:14","slug":"oaxaca-segundo-lugar-en-contagios-y-decesos-por-covid-en-poblacion-indigena","status":"publish","type":"post","link":"https:\/\/www.sonoraenequipo.com.mx\/oaxaca-segundo-lugar-en-contagios-y-decesos-por-covid-en-poblacion-indigena\/","title":{"rendered":"Oaxaca, segundo lugar en contagios y decesos por Covid en poblaci\u00f3n ind\u00edgena"},"content":{"rendered":"<p>OAXCACA, OAXACA, MX. \u2014 El estado de Oaxaca se mantiene en segundo lugar en cuanto al n\u00famero de contagios por Covid-19 y cifra de defunciones en poblaci\u00f3n ind\u00edgena, aseguran las autoridades de la Secretar\u00eda de Salud.<\/p>\n<p>&nbsp;<\/p>\n<p> <\/p>\n<p>&nbsp;<\/p>\n<p>Hasta este jueves, Oaxaca tiene mil 62 casos confirmados con 196 defunciones, El primero lo ocupa Yucat\u00e1n.<\/p>\n<p>&nbsp;<\/p>\n<p>&nbsp;<\/p>\n<p>De acuerdo con el \u00faltimo reporte sobre Covid-19 en poblaciones que se reconocen como ind\u00edgenas el total de casos acumulados en el pa\u00eds es de 10 mil 877, y han ocurrido mil 543 muertes en esta poblaci\u00f3n, inform\u00f3 el Instituto Nacional de los Pueblos Ind\u00edgenas (INPI).<\/p>\n<p>&nbsp;<\/p>\n<p>La mayor cantidad de muertes por coronavirus en los grupos originarios tambi\u00e9n est\u00e1n ligadas con las comorbilidades preexistentes en los pacientes. As\u00ed 72 por ciento de quienes perdieron la vida por Covid-19, ten\u00edan una o m\u00e1s comorbilidades.<\/p>\n<p>&nbsp;<\/p>\n<p>El 30 por ciento de quienes perdieron la vida ten\u00edan una comorbilidad, 26 por ciento, ten\u00edan dos, y 16 por ciento tres o m\u00e1s comorbilidades. Solo 28 por ciento de quienes fallecieron no cursaban con alguna comorbilidad.<\/p>\n<p>&nbsp;<\/p>\n<p>Las principales son la hipertensi\u00f3n (42.2 por ciento), diabetes (38.6 por ciento), obesidad (25.3 por ciento), Enfermedad Pulmonar Obstructiva Cr\u00f3nica (7.2 por ciento) y tabaquismo (6.5 por ciento), entre otras.<\/p>\n<p>&nbsp;<\/p>\n<p>&nbsp;<\/p>\n<p>Adelfo Regino Montes, titular del INPI se\u00f1al\u00f3 a La Jornada que las comunidades y pueblos ind\u00edgenas no han relajado las medidas sanitarias para frenar el avance del Covid-19 en sus territorios, y por ello consider\u00f3 que la situaci\u00f3n no se desborde en esas regiones.<\/p>\n<p>&nbsp;<\/p>\n<p>&nbsp;<\/p>\n<p><em>\u201cHay una actitud de mucha responsabilidad que ha permitido que no se salga de control esta situaci\u00f3n. Los pueblos siguen con sus controles sanitarios\u201d.<\/em><\/p>\n<p>&nbsp;<\/p>\n<p>&nbsp;<\/p>\n<p>De acuerdo a los datos compilados por la Secretar\u00eda de Salud (Ssa), con informaci\u00f3n proporcionada por los estados, la mayor cantidad de casos de coronavirus en poblaci\u00f3n hablante de lenguas originarias, han ocurrido en Yucat\u00e1n (dos mil 97), Oaxaca (mil 62), San Lu\u00eds Potos\u00ed (866), estado de M\u00e9xico (835) y Ciudad de M\u00e9xico (823).<\/p>\n<p>&nbsp;<\/p>\n<p>&nbsp;<\/p>\n<p>Respecto a las defunciones confirmadas, Yucat\u00e1n tambi\u00e9n encabeza la ocurrencia pues tiene 238, le sigue Oaxaca con 196, estado de M\u00e9xico con 119 y Ciudad de M\u00e9xico con 117. La mayor cantidad sucedi\u00f3 en los grupos etarios de 65 a 69 (218) y de 60 a 64 (216). Tambi\u00e9n tienen las mayores incidencias los grupos etarios de 70 a 74 a\u00f1os, con 193 y de 55 a 59 a\u00f1os con 183.<\/p>\n<p>&nbsp;<\/p>\n<p>(Publicada el 13\/11\/2020 \/LA JORNADA)<\/p>\n","protected":false},"excerpt":{"rendered":"<p>OAXCACA, OAXACA, MX. \u2014 El estado de Oaxaca se mantiene en segundo lugar en cuanto&#8230;<\/p>\n","protected":false},"author":1,"featured_media":100247,"comment_status":"open","ping_status":"open","sticky":false,"template":"","format":"standard","meta":{"_monsterinsights_skip_tracking":false,"_monsterinsights_sitenote_active":false,"_monsterinsights_sitenote_note":"","_monsterinsights_sitenote_category":0,"footnotes":""},"categories":[5],"tags":[],"class_list":["post"],"yoast_head":" \n<title>Sonora en Equipo. Oaxaca, segundo lugar en contagios y decesos por Covid en poblaci\u00f3n ind\u00edgena Rep\u00fablica<\/title>\n<meta name=\"description\" content=\"OAXCACA, OAXACA, MX. \u2014 El estado de Oaxaca se mantiene en segundo lugar en cuanto al n\u00famero de contagios por Covid-19 y cifra de defunciones en poblaci\u00f3n En Sonora en Equipo publicamos toda la informaci\u00f3n de Sonora, M\u00e9xico y el Mundo de manera oportuna y busca que la libertad de expresi\u00f3n sea real. Visita nuestro medio informativo publicado desde Hermosillo, Sonora. %\" \/>\n<meta name=\"robots\" content=\"index, follow, max-snippet:-1, max-image-preview:large, max-video-preview:-1\" \/>\n<link rel=\"canonical\" href=\"https:\/\/www.sonoraenequipo.com.mx\/oaxaca-segundo-lugar-en-contagios-y-decesos-por-covid-en-poblacion-indigena\/\" \/>\n<meta property=\"og:locale\" content=\"es_ES\" \/>\n<meta property=\"og:type\" content=\"article\" \/>\n<meta property=\"og:title\" content=\"Sonora en Equipo. Oaxaca, segundo lugar en contagios y decesos por Covid en poblaci\u00f3n ind\u00edgena Rep\u00fablica\" \/>\n<meta property=\"og:description\" content=\"OAXCACA, OAXACA, MX. \u2014 El estado de Oaxaca se mantiene en segundo lugar en cuanto al n\u00famero de contagios por Covid-19 y cifra de defunciones en poblaci\u00f3n En Sonora en Equipo publicamos toda la informaci\u00f3n de Sonora, M\u00e9xico y el Mundo de manera oportuna y busca que la libertad de expresi\u00f3n sea real. Visita nuestro medio informativo publicado desde Hermosillo, Sonora. %\" \/>\n<meta property=\"og:url\" content=\"https:\/\/www.sonoraenequipo.com.mx\/oaxaca-segundo-lugar-en-contagios-y-decesos-por-covid-en-poblacion-indigena\/\" \/>\n<meta property=\"og:site_name\" content=\"Sonora en Equipo.\" \/>\n<meta property=\"article:publisher\" content=\"https:\/\/www.facebook.com\/SonoraEE\/\" \/>\n<meta property=\"article:author\" content=\"https:\/\/www.facebook.com\/SonoraEE\" \/>\n<meta property=\"article:published_time\" content=\"2020-11-13T23:03:21+00:00\" \/>\n<meta property=\"article:modified_time\" content=\"2020-11-13T23:04:14+00:00\" \/>\n<meta property=\"og:image\" content=\"https:\/\/www.sonoraenequipo.com.mx\/storage\/2020\/11\/OAXACA_opt.jpg\" \/>\n\t<meta property=\"og:image:width\" content=\"421\" \/>\n\t<meta property=\"og:image:height\" content=\"400\" \/>\n\t<meta property=\"og:image:type\" content=\"image\/jpeg\" \/>\n<meta name=\"author\" content=\"enequipo\" \/>\n<meta name=\"twitter:card\" content=\"summary_large_image\" \/>\n<meta name=\"twitter:creator\" content=\"@sonoraenequipo\" \/>\n<meta name=\"twitter:site\" content=\"@sonoraenequipo\" \/>\n<meta name=\"twitter:label1\" content=\"Escrito por\" \/>\n\t<meta name=\"twitter:data1\" content=\"enequipo\" \/>\n\t<meta name=\"twitter:label2\" content=\"Tiempo de lectura\" \/>\n\t<meta name=\"twitter:data2\" content=\"2 minutos\" \/>\n<script type=\"application\/ld+json\" class=\"yoast-schema-graph\">{\"@context\":\"https:\/\/schema.org\",\"@graph\":[{\"@type\":\"Article\",\"@id\":\"https:\/\/www.sonoraenequipo.com.mx\/oaxaca-segundo-lugar-en-contagios-y-decesos-por-covid-en-poblacion-indigena\/#article\",\"isPartOf\":{\"@id\":\"https:\/\/www.sonoraenequipo.com.mx\/oaxaca-segundo-lugar-en-contagios-y-decesos-por-covid-en-poblacion-indigena\/\"},\"author\":{\"name\":\"enequipo\",\"@id\":\"https:\/\/www.sonoraenequipo.com.mx\/#\/schema\/person\/50102df0fb23a8fa9e8effad8fa81386\"},\"headline\":\"Oaxaca, segundo lugar en contagios y decesos por Covid en poblaci\u00f3n ind\u00edgena\",\"datePublished\":\"2020-11-13T23:03:21+00:00\",\"dateModified\":\"2020-11-13T23:04:14+00:00\",\"mainEntityOfPage\":{\"@id\":\"https:\/\/www.sonoraenequipo.com.mx\/oaxaca-segundo-lugar-en-contagios-y-decesos-por-covid-en-poblacion-indigena\/\"},\"wordCount\":429,\"commentCount\":0,\"publisher\":{\"@id\":\"https:\/\/www.sonoraenequipo.com.mx\/#organization\"},\"image\":{\"@id\":\"https:\/\/www.sonoraenequipo.com.mx\/oaxaca-segundo-lugar-en-contagios-y-decesos-por-covid-en-poblacion-indigena\/#primaryimage\"},\"thumbnailUrl\":\"https:\/\/www.sonoraenequipo.com.mx\/storage\/2020\/11\/OAXACA_opt.jpg\",\"articleSection\":[\"Rep\u00fablica\"],\"inLanguage\":\"es\",\"potentialAction\":[{\"@type\":\"CommentAction\",\"name\":\"Comment\",\"target\":[\"https:\/\/www.sonoraenequipo.com.mx\/oaxaca-segundo-lugar-en-contagios-y-decesos-por-covid-en-poblacion-indigena\/#respond\"]}]},{\"@type\":\"WebPage\",\"@id\":\"https:\/\/www.sonoraenequipo.com.mx\/oaxaca-segundo-lugar-en-contagios-y-decesos-por-covid-en-poblacion-indigena\/\",\"url\":\"https:\/\/www.sonoraenequipo.com.mx\/oaxaca-segundo-lugar-en-contagios-y-decesos-por-covid-en-poblacion-indigena\/\",\"name\":\"Sonora en Equipo. Oaxaca, segundo lugar en contagios y decesos por Covid en poblaci\u00f3n ind\u00edgena Rep\u00fablica\",\"isPartOf\":{\"@id\":\"https:\/\/www.sonoraenequipo.com.mx\/#website\"},\"primaryImageOfPage\":{\"@id\":\"https:\/\/www.sonoraenequipo.com.mx\/oaxaca-segundo-lugar-en-contagios-y-decesos-por-covid-en-poblacion-indigena\/#primaryimage\"},\"image\":{\"@id\":\"https:\/\/www.sonoraenequipo.com.mx\/oaxaca-segundo-lugar-en-contagios-y-decesos-por-covid-en-poblacion-indigena\/#primaryimage\"},\"thumbnailUrl\":\"https:\/\/www.sonoraenequipo.com.mx\/storage\/2020\/11\/OAXACA_opt.jpg\",\"datePublished\":\"2020-11-13T23:03:21+00:00\",\"dateModified\":\"2020-11-13T23:04:14+00:00\",\"description\":\"OAXCACA, OAXACA, MX. \u2014 El estado de Oaxaca se mantiene en segundo lugar en cuanto al n\u00famero de contagios por Covid-19 y cifra de defunciones en poblaci\u00f3n En Sonora en Equipo publicamos toda la informaci\u00f3n de Sonora, M\u00e9xico y el Mundo de manera oportuna y busca que la libertad de expresi\u00f3n sea real. Visita nuestro medio informativo publicado desde Hermosillo, Sonora. %\",\"breadcrumb\":{\"@id\":\"https:\/\/www.sonoraenequipo.com.mx\/oaxaca-segundo-lugar-en-contagios-y-decesos-por-covid-en-poblacion-indigena\/#breadcrumb\"},\"inLanguage\":\"es\",\"potentialAction\":[{\"@type\":\"ReadAction\",\"target\":[\"https:\/\/www.sonoraenequipo.com.mx\/oaxaca-segundo-lugar-en-contagios-y-decesos-por-covid-en-poblacion-indigena\/\"]}]},{\"@type\":\"ImageObject\",\"inLanguage\":\"es\",\"@id\":\"https:\/\/www.sonoraenequipo.com.mx\/oaxaca-segundo-lugar-en-contagios-y-decesos-por-covid-en-poblacion-indigena\/#primaryimage\",\"url\":\"https:\/\/www.sonoraenequipo.com.mx\/storage\/2020\/11\/OAXACA_opt.jpg\",\"contentUrl\":\"https:\/\/www.sonoraenequipo.com.mx\/storage\/2020\/11\/OAXACA_opt.jpg\",\"width\":421,\"height\":400},{\"@type\":\"BreadcrumbList\",\"@id\":\"https:\/\/www.sonoraenequipo.com.mx\/oaxaca-segundo-lugar-en-contagios-y-decesos-por-covid-en-poblacion-indigena\/#breadcrumb\",\"itemListElement\":[{\"@type\":\"ListItem\",\"position\":1,\"name\":\"Portada\",\"item\":\"https:\/\/www.sonoraenequipo.com.mx\/\"},{\"@type\":\"ListItem\",\"position\":2,\"name\":\"Oaxaca, segundo lugar en contagios y decesos por Covid en poblaci\u00f3n ind\u00edgena\"}]},{\"@type\":\"WebSite\",\"@id\":\"https:\/\/www.sonoraenequipo.com.mx\/#website\",\"url\":\"https:\/\/www.sonoraenequipo.com.mx\/\",\"name\":\"Sonora en Equipo.\",\"description\":\"Diario en l\u00ednea con Noticias desde Hermosillo, Sonora\",\"publisher\":{\"@id\":\"https:\/\/www.sonoraenequipo.com.mx\/#organization\"},\"potentialAction\":[{\"@type\":\"SearchAction\",\"target\":{\"@type\":\"EntryPoint\",\"urlTemplate\":\"https:\/\/www.sonoraenequipo.com.mx\/?s={search_term_string}\"},\"query-input\":{\"@type\":\"PropertyValueSpecification\",\"valueRequired\":true,\"valueName\":\"search_term_string\"}}],\"inLanguage\":\"es\"},{\"@type\":\"Organization\",\"@id\":\"https:\/\/www.sonoraenequipo.com.mx\/#organization\",\"name\":\"Sonoraenequipo.com.mx\",\"url\":\"https:\/\/www.sonoraenequipo.com.mx\/\",\"logo\":{\"@type\":\"ImageObject\",\"inLanguage\":\"es\",\"@id\":\"https:\/\/www.sonoraenequipo.com.mx\/#\/schema\/logo\/image\/\",\"url\":\"https:\/\/www.sonoraenequipo.com.mx\/storage\/2019\/01\/sonoraenequipo_opt.png\",\"contentUrl\":\"https:\/\/www.sonoraenequipo.com.mx\/storage\/2019\/01\/sonoraenequipo_opt.png\",\"width\":375,\"height\":125,\"caption\":\"Sonoraenequipo.com.mx\"},\"image\":{\"@id\":\"https:\/\/www.sonoraenequipo.com.mx\/#\/schema\/logo\/image\/\"},\"sameAs\":[\"https:\/\/www.facebook.com\/SonoraEE\/\",\"https:\/\/x.com\/sonoraenequipo\",\"https:\/\/www.youtube.com\/channel\/UC338nW-lPEYmJQs4ZABQ1SQ\"]},{\"@type\":\"Person\",\"@id\":\"https:\/\/www.sonoraenequipo.com.mx\/#\/schema\/person\/50102df0fb23a8fa9e8effad8fa81386\",\"name\":\"enequipo\",\"image\":{\"@type\":\"ImageObject\",\"inLanguage\":\"es\",\"@id\":\"https:\/\/www.sonoraenequipo.com.mx\/#\/schema\/person\/image\/\",\"url\":\"https:\/\/secure.gravatar.com\/avatar\/049821681b589dabc0bc20695993ccebb09f5b5d4d790cd9251b97faac7c652b?s=96&d=blank&r=g\",\"contentUrl\":\"https:\/\/secure.gravatar.com\/avatar\/049821681b589dabc0bc20695993ccebb09f5b5d4d790cd9251b97faac7c652b?s=96&d=blank&r=g\",\"caption\":\"enequipo\"},\"sameAs\":[\"https:\/\/www.facebook.com\/SonoraEE\"]}]}<\/script>\n ","yoast_head_json":{"title":"Sonora en Equipo. Oaxaca, segundo lugar en contagios y decesos por Covid en poblaci\u00f3n ind\u00edgena Rep\u00fablica","description":"OAXCACA, OAXACA, MX. \u2014 El estado de Oaxaca se mantiene en segundo lugar en cuanto al n\u00famero de contagios por Covid-19 y cifra de defunciones en poblaci\u00f3n En Sonora en Equipo publicamos toda la informaci\u00f3n de Sonora, M\u00e9xico y el Mundo de manera oportuna y busca que la libertad de expresi\u00f3n sea real. Visita nuestro medio informativo publicado desde Hermosillo, Sonora. %","robots":{"index":"index","follow":"follow","max-snippet":"max-snippet:-1","max-image-preview":"max-image-preview:large","max-video-preview":"max-video-preview:-1"},"canonical":"https:\/\/www.sonoraenequipo.com.mx\/oaxaca-segundo-lugar-en-contagios-y-decesos-por-covid-en-poblacion-indigena\/","og_locale":"es_ES","og_type":"article","og_title":"Sonora en Equipo. Oaxaca, segundo lugar en contagios y decesos por Covid en poblaci\u00f3n ind\u00edgena Rep\u00fablica","og_description":"OAXCACA, OAXACA, MX. \u2014 El estado de Oaxaca se mantiene en segundo lugar en cuanto al n\u00famero de contagios por Covid-19 y cifra de defunciones en poblaci\u00f3n En Sonora en Equipo publicamos toda la informaci\u00f3n de Sonora, M\u00e9xico y el Mundo de manera oportuna y busca que la libertad de expresi\u00f3n sea real. Visita nuestro medio informativo publicado desde Hermosillo, Sonora. %","og_url":"https:\/\/www.sonoraenequipo.com.mx\/oaxaca-segundo-lugar-en-contagios-y-decesos-por-covid-en-poblacion-indigena\/","og_site_name":"Sonora en Equipo.","article_publisher":"https:\/\/www.facebook.com\/SonoraEE\/","article_author":"https:\/\/www.facebook.com\/SonoraEE","article_published_time":"2020-11-13T23:03:21+00:00","article_modified_time":"2020-11-13T23:04:14+00:00","og_image":[{"width":421,"height":400,"url":"https:\/\/www.sonoraenequipo.com.mx\/storage\/2020\/11\/OAXACA_opt.jpg","type":"image\/jpeg"}],"author":"enequipo","twitter_card":"summary_large_image","twitter_creator":"@sonoraenequipo","twitter_site":"@sonoraenequipo","twitter_misc":{"Escrito por":"enequipo","Tiempo de lectura":"2 minutos"},"schema":{"@context":"https:\/\/schema.org","@graph":[{"@type":"Article","@id":"https:\/\/www.sonoraenequipo.com.mx\/oaxaca-segundo-lugar-en-contagios-y-decesos-por-covid-en-poblacion-indigena\/#article","isPartOf":{"@id":"https:\/\/www.sonoraenequipo.com.mx\/oaxaca-segundo-lugar-en-contagios-y-decesos-por-covid-en-poblacion-indigena\/"},"author":{"name":"enequipo","@id":"https:\/\/www.sonoraenequipo.com.mx\/#\/schema\/person\/50102df0fb23a8fa9e8effad8fa81386"},"headline":"Oaxaca, segundo lugar en contagios y decesos por Covid en poblaci\u00f3n ind\u00edgena","datePublished":"2020-11-13T23:03:21+00:00","dateModified":"2020-11-13T23:04:14+00:00","mainEntityOfPage":{"@id":"https:\/\/www.sonoraenequipo.com.mx\/oaxaca-segundo-lugar-en-contagios-y-decesos-por-covid-en-poblacion-indigena\/"},"wordCount":429,"commentCount":0,"publisher":{"@id":"https:\/\/www.sonoraenequipo.com.mx\/#organization"},"image":{"@id":"https:\/\/www.sonoraenequipo.com.mx\/oaxaca-segundo-lugar-en-contagios-y-decesos-por-covid-en-poblacion-indigena\/#primaryimage"},"thumbnailUrl":"https:\/\/www.sonoraenequipo.com.mx\/storage\/2020\/11\/OAXACA_opt.jpg","articleSection":["Rep\u00fablica"],"inLanguage":"es","potentialAction":[{"@type":"CommentAction","name":"Comment","target":["https:\/\/www.sonoraenequipo.com.mx\/oaxaca-segundo-lugar-en-contagios-y-decesos-por-covid-en-poblacion-indigena\/#respond"]}]},{"@type":"WebPage","@id":"https:\/\/www.sonoraenequipo.com.mx\/oaxaca-segundo-lugar-en-contagios-y-decesos-por-covid-en-poblacion-indigena\/","url":"https:\/\/www.sonoraenequipo.com.mx\/oaxaca-segundo-lugar-en-contagios-y-decesos-por-covid-en-poblacion-indigena\/","name":"Sonora en Equipo. Oaxaca, segundo lugar en contagios y decesos por Covid en poblaci\u00f3n ind\u00edgena Rep\u00fablica","isPartOf":{"@id":"https:\/\/www.sonoraenequipo.com.mx\/#website"},"primaryImageOfPage":{"@id":"https:\/\/www.sonoraenequipo.com.mx\/oaxaca-segundo-lugar-en-contagios-y-decesos-por-covid-en-poblacion-indigena\/#primaryimage"},"image":{"@id":"https:\/\/www.sonoraenequipo.com.mx\/oaxaca-segundo-lugar-en-contagios-y-decesos-por-covid-en-poblacion-indigena\/#primaryimage"},"thumbnailUrl":"https:\/\/www.sonoraenequipo.com.mx\/storage\/2020\/11\/OAXACA_opt.jpg","datePublished":"2020-11-13T23:03:21+00:00","dateModified":"2020-11-13T23:04:14+00:00","description":"OAXCACA, OAXACA, MX. \u2014 El estado de Oaxaca se mantiene en segundo lugar en cuanto al n\u00famero de contagios por Covid-19 y cifra de defunciones en poblaci\u00f3n En Sonora en Equipo publicamos toda la informaci\u00f3n de Sonora, M\u00e9xico y el Mundo de manera oportuna y busca que la libertad de expresi\u00f3n sea real. Visita nuestro medio informativo publicado desde Hermosillo, Sonora. %","breadcrumb":{"@id":"https:\/\/www.sonoraenequipo.com.mx\/oaxaca-segundo-lugar-en-contagios-y-decesos-por-covid-en-poblacion-indigena\/#breadcrumb"},"inLanguage":"es","potentialAction":[{"@type":"ReadAction","target":["https:\/\/www.sonoraenequipo.com.mx\/oaxaca-segundo-lugar-en-contagios-y-decesos-por-covid-en-poblacion-indigena\/"]}]},{"@type":"ImageObject","inLanguage":"es","@id":"https:\/\/www.sonoraenequipo.com.mx\/oaxaca-segundo-lugar-en-contagios-y-decesos-por-covid-en-poblacion-indigena\/#primaryimage","url":"https:\/\/www.sonoraenequipo.com.mx\/storage\/2020\/11\/OAXACA_opt.jpg","contentUrl":"https:\/\/www.sonoraenequipo.com.mx\/storage\/2020\/11\/OAXACA_opt.jpg","width":421,"height":400},{"@type":"BreadcrumbList","@id":"https:\/\/www.sonoraenequipo.com.mx\/oaxaca-segundo-lugar-en-contagios-y-decesos-por-covid-en-poblacion-indigena\/#breadcrumb","itemListElement":[{"@type":"ListItem","position":1,"name":"Portada","item":"https:\/\/www.sonoraenequipo.com.mx\/"},{"@type":"ListItem","position":2,"name":"Oaxaca, segundo lugar en contagios y decesos por Covid en poblaci\u00f3n ind\u00edgena"}]},{"@type":"WebSite","@id":"https:\/\/www.sonoraenequipo.com.mx\/#website","url":"https:\/\/www.sonoraenequipo.com.mx\/","name":"Sonora en Equipo.","description":"Diario en l\u00ednea con Noticias desde Hermosillo, Sonora","publisher":{"@id":"https:\/\/www.sonoraenequipo.com.mx\/#organization"},"potentialAction":[{"@type":"SearchAction","target":{"@type":"EntryPoint","urlTemplate":"https:\/\/www.sonoraenequipo.com.mx\/?s={search_term_string}"},"query-input":{"@type":"PropertyValueSpecification","valueRequired":true,"valueName":"search_term_string"}}],"inLanguage":"es"},{"@type":"Organization","@id":"https:\/\/www.sonoraenequipo.com.mx\/#organization","name":"Sonoraenequipo.com.mx","url":"https:\/\/www.sonoraenequipo.com.mx\/","logo":{"@type":"ImageObject","inLanguage":"es","@id":"https:\/\/www.sonoraenequipo.com.mx\/#\/schema\/logo\/image\/","url":"https:\/\/www.sonoraenequipo.com.mx\/storage\/2019\/01\/sonoraenequipo_opt.png","contentUrl":"https:\/\/www.sonoraenequipo.com.mx\/storage\/2019\/01\/sonoraenequipo_opt.png","width":375,"height":125,"caption":"Sonoraenequipo.com.mx"},"image":{"@id":"https:\/\/www.sonoraenequipo.com.mx\/#\/schema\/logo\/image\/"},"sameAs":["https:\/\/www.facebook.com\/SonoraEE\/","https:\/\/x.com\/sonoraenequipo","https:\/\/www.youtube.com\/channel\/UC338nW-lPEYmJQs4ZABQ1SQ"]},{"@type":"Person","@id":"https:\/\/www.sonoraenequipo.com.mx\/#\/schema\/person\/50102df0fb23a8fa9e8effad8fa81386","name":"enequipo","image":{"@type":"ImageObject","inLanguage":"es","@id":"https:\/\/www.sonoraenequipo.com.mx\/#\/schema\/person\/image\/","url":"https:\/\/secure.gravatar.com\/avatar\/049821681b589dabc0bc20695993ccebb09f5b5d4d790cd9251b97faac7c652b?s=96&d=blank&r=g","contentUrl":"https:\/\/secure.gravatar.com\/avatar\/049821681b589dabc0bc20695993ccebb09f5b5d4d790cd9251b97faac7c652b?s=96&d=blank&r=g","caption":"enequipo"},"sameAs":["https:\/\/www.facebook.com\/SonoraEE"]}]}},"jetpack_featured_media_url":"https:\/\/www.sonoraenequipo.com.mx\/storage\/2020\/11\/OAXACA_opt.jpg","_links":{"self":[{"href":"https:\/\/www.sonoraenequipo.com.mx\/api\/wp\/v2\/posts\/100238","targetHints":{"allow":["GET"]}}],"collection":[{"href":"https:\/\/www.sonoraenequipo.com.mx\/api\/wp\/v2\/posts"}],"about":[{"href":"https:\/\/www.sonoraenequipo.com.mx\/api\/wp\/v2\/types\/post"}],"author":[{"embeddable":true,"href":"https:\/\/www.sonoraenequipo.com.mx\/api\/wp\/v2\/users\/1"}],"replies":[{"embeddable":true,"href":"https:\/\/www.sonoraenequipo.com.mx\/api\/wp\/v2\/comments?post=100238"}],"version-history":[{"count":1,"href":"https:\/\/www.sonoraenequipo.com.mx\/api\/wp\/v2\/posts\/100238\/revisions"}],"predecessor-version":[{"id":100248,"href":"https:\/\/www.sonoraenequipo.com.mx\/api\/wp\/v2\/posts\/100238\/revisions\/100248"}],"wp:featuredmedia":[{"embeddable":true,"href":"https:\/\/www.sonoraenequipo.com.mx\/api\/wp\/v2\/media\/100247"}],"wp:attachment":[{"href":"https:\/\/www.sonoraenequipo.com.mx\/api\/wp\/v2\/media?parent=100238"}],"wp:term":[{"taxonomy":"category","embeddable":true,"href":"https:\/\/www.sonoraenequipo.com.mx\/api\/wp\/v2\/categories?post=100238"},{"taxonomy":"post_tag","embeddable":true,"href":"https:\/\/www.sonoraenequipo.com.mx\/api\/wp\/v2\/tags?post=100238"}],"curies":[{"name":"wp","href":"https:\/\/api.w.org\/{rel}","templated":true}]}}