{"id":100240,"date":"2020-11-13T15:29:59","date_gmt":"2020-11-13T22:29:59","guid":{"rendered":"https:\/\/www.sonoraenequipo.com.mx\/?p=100240"},"modified":"2020-11-13T15:29:59","modified_gmt":"2020-11-13T22:29:59","slug":"propone-alcaldesa-celida-lopez-semaforo-epidemiologico-exclusivo-para-hermosillo","status":"publish","type":"post","link":"https:\/\/www.sonoraenequipo.com.mx\/propone-alcaldesa-celida-lopez-semaforo-epidemiologico-exclusivo-para-hermosillo\/","title":{"rendered":"Propone alcaldesa Celida L\u00f3pez sem\u00e1foro epidemiol\u00f3gico exclusivo para Hermosillo"},"content":{"rendered":"<p>HERMOSILLO, SONORA,MX.\u2500\u2500 \u201cM\u00e1s all\u00e1 del sem\u00e1foro del Estado queremos que todos conozcan el sem\u00e1foro de Hermosillo\u201d, expres\u00f3 la alcaldesa Celida L\u00f3pez C\u00e1rdenas, al revelar que elaborar una petici\u00f3n formal en ese sentido fue el principal acuerdo de la reuni\u00f3n del pasado mi\u00e9rcoles del Comit\u00e9 Municipal de Salud.<\/p>\n<p>&nbsp;<\/p>\n<p>En dicha sesi\u00f3n, explic\u00f3, hicieron escuchar su voz representantes los distintos sectores de la comunidad, autoridades de Salud del Gobierno del Estado, acad\u00e9micos, l\u00edderes empresariales y de organizaciones de la sociedad civil, a quienes se les convoc\u00f3 a incorporar sus puntos de vista en la toma de decisiones en torno a la pandemia de Covid 19.<\/p>\n<p>&nbsp;<\/p>\n<p>Relat\u00f3 que el sem\u00e1foro de riesgo epidemiol\u00f3gico de Hermosillo propone 10 indicadores, incluyendo los que ya considera el sem\u00e1foro nacional, y otros m\u00e1s, con lo que se evitar\u00edan confusiones.<\/p>\n<p>&nbsp;<\/p>\n<p>Mencion\u00f3 que esta eventual propuesta ya es del conocimiento de Jos\u00e9 Luis Alom\u00eda Zegarra, Director Nacional de Epidemiolog\u00eda, y su recomendaci\u00f3n fue acordar lo procedente con la autoridad sanitaria estatal, bajo la premisa de que tanto el Gobierno Municipal como del Estado son los que mejor conocimiento tienen de la situaci\u00f3n local, con el apoyo de acad\u00e9micos y la sociedad civil.<\/p>\n<p>&nbsp;<\/p>\n<p>Hizo notar que no existe una proyecci\u00f3n certera respecto a cu\u00e1ndo finalizar\u00e1 la actual contingencia sanitaria y no es factible la paralizaci\u00f3n indefinida de actividades productivas de las que viven miles de familias. \u201cLa gente necesita trabajar\u201d, insisti\u00f3.<\/p>\n<p>&nbsp;<\/p>\n<p>\u201cIndependientemente del sem\u00e1foro de Sonora, Hermosillo debe tener su propio sem\u00e1foro y sobre ese estar informando cada semana y que todos entendamos que cada color tendr\u00e1 sus diferentes mecanismos de convivencia social\u201d.<\/p>\n<p>&nbsp;<\/p>\n<p>\u201cNecesitamos encontrar el equilibrio entre la salud y la econom\u00eda, afortunadamente en Hermosillo la tasa de letalidad es por mucho menor a la de muchos otros lugares, incluso otras capitales del pa\u00eds, es muy importante para nosotros salvar vidas y cuidar a la gente, pero tambi\u00e9n es un punto en el que ya los ciudadanos saben lo que tienen que hacer\u201d, reflexion\u00f3.<\/p>\n<p>Fecha de\u00a0 publicaci\u00f3n 13\/nov\/2020<\/p>\n","protected":false},"excerpt":{"rendered":"<p>HERMOSILLO, SONORA,MX.\u2500\u2500 \u201cM\u00e1s all\u00e1 del sem\u00e1foro del Estado queremos que todos conozcan el sem\u00e1foro de&#8230;<\/p>\n","protected":false},"author":1,"featured_media":100241,"comment_status":"open","ping_status":"open","sticky":false,"template":"","format":"standard","meta":{"_monsterinsights_skip_tracking":false,"_monsterinsights_sitenote_active":false,"_monsterinsights_sitenote_note":"","_monsterinsights_sitenote_category":0,"footnotes":""},"categories":[4],"tags":[4249,35],"class_list":["post"],"yoast_head":" \n<title>Sonora en Equipo. Propone alcaldesa Celida L\u00f3pez sem\u00e1foro epidemiol\u00f3gico exclusivo para Hermosillo Municipios<\/title>\n<meta name=\"description\" content=\"HERMOSILLO, SONORA,MX.\u2500\u2500 \u201cM\u00e1s all\u00e1 del sem\u00e1foro del Estado queremos que todos conozcan el sem\u00e1foro de Hermosillo\u201d, expres\u00f3 la alcaldesa Celida L\u00f3pez En Sonora en Equipo publicamos toda la informaci\u00f3n de Sonora, M\u00e9xico y el Mundo de manera oportuna y busca que la libertad de expresi\u00f3n sea real. Visita nuestro medio informativo publicado desde Hermosillo, Sonora. %\" \/>\n<meta name=\"robots\" content=\"index, follow, max-snippet:-1, max-image-preview:large, max-video-preview:-1\" \/>\n<link rel=\"canonical\" href=\"https:\/\/www.sonoraenequipo.com.mx\/propone-alcaldesa-celida-lopez-semaforo-epidemiologico-exclusivo-para-hermosillo\/\" \/>\n<meta property=\"og:locale\" content=\"es_ES\" \/>\n<meta property=\"og:type\" content=\"article\" \/>\n<meta property=\"og:title\" content=\"Sonora en Equipo. Propone alcaldesa Celida L\u00f3pez sem\u00e1foro epidemiol\u00f3gico exclusivo para Hermosillo Municipios\" \/>\n<meta property=\"og:description\" content=\"HERMOSILLO, SONORA,MX.\u2500\u2500 \u201cM\u00e1s all\u00e1 del sem\u00e1foro del Estado queremos que todos conozcan el sem\u00e1foro de Hermosillo\u201d, expres\u00f3 la alcaldesa Celida L\u00f3pez En Sonora en Equipo publicamos toda la informaci\u00f3n de Sonora, M\u00e9xico y el Mundo de manera oportuna y busca que la libertad de expresi\u00f3n sea real. Visita nuestro medio informativo publicado desde Hermosillo, Sonora. %\" \/>\n<meta property=\"og:url\" content=\"https:\/\/www.sonoraenequipo.com.mx\/propone-alcaldesa-celida-lopez-semaforo-epidemiologico-exclusivo-para-hermosillo\/\" \/>\n<meta property=\"og:site_name\" content=\"Sonora en Equipo.\" \/>\n<meta property=\"article:publisher\" content=\"https:\/\/www.facebook.com\/SonoraEE\/\" \/>\n<meta property=\"article:author\" content=\"https:\/\/www.facebook.com\/SonoraEE\" \/>\n<meta property=\"article:published_time\" content=\"2020-11-13T22:29:59+00:00\" \/>\n<meta property=\"og:image\" content=\"https:\/\/www.sonoraenequipo.com.mx\/storage\/2020\/11\/CELIDA-LOPEZ.jpg\" \/>\n\t<meta property=\"og:image:width\" content=\"600\" \/>\n\t<meta property=\"og:image:height\" content=\"400\" \/>\n\t<meta property=\"og:image:type\" content=\"image\/jpeg\" \/>\n<meta name=\"author\" content=\"enequipo\" \/>\n<meta name=\"twitter:card\" content=\"summary_large_image\" \/>\n<meta name=\"twitter:creator\" content=\"@sonoraenequipo\" \/>\n<meta name=\"twitter:site\" content=\"@sonoraenequipo\" \/>\n<meta name=\"twitter:label1\" content=\"Escrito por\" \/>\n\t<meta name=\"twitter:data1\" content=\"enequipo\" \/>\n\t<meta name=\"twitter:label2\" content=\"Tiempo de lectura\" \/>\n\t<meta name=\"twitter:data2\" content=\"2 minutos\" \/>\n<script type=\"application\/ld+json\" class=\"yoast-schema-graph\">{\"@context\":\"https:\/\/schema.org\",\"@graph\":[{\"@type\":\"Article\",\"@id\":\"https:\/\/www.sonoraenequipo.com.mx\/propone-alcaldesa-celida-lopez-semaforo-epidemiologico-exclusivo-para-hermosillo\/#article\",\"isPartOf\":{\"@id\":\"https:\/\/www.sonoraenequipo.com.mx\/propone-alcaldesa-celida-lopez-semaforo-epidemiologico-exclusivo-para-hermosillo\/\"},\"author\":{\"name\":\"enequipo\",\"@id\":\"https:\/\/www.sonoraenequipo.com.mx\/#\/schema\/person\/50102df0fb23a8fa9e8effad8fa81386\"},\"headline\":\"Propone alcaldesa Celida L\u00f3pez sem\u00e1foro epidemiol\u00f3gico exclusivo para Hermosillo\",\"datePublished\":\"2020-11-13T22:29:59+00:00\",\"mainEntityOfPage\":{\"@id\":\"https:\/\/www.sonoraenequipo.com.mx\/propone-alcaldesa-celida-lopez-semaforo-epidemiologico-exclusivo-para-hermosillo\/\"},\"wordCount\":376,\"commentCount\":0,\"publisher\":{\"@id\":\"https:\/\/www.sonoraenequipo.com.mx\/#organization\"},\"image\":{\"@id\":\"https:\/\/www.sonoraenequipo.com.mx\/propone-alcaldesa-celida-lopez-semaforo-epidemiologico-exclusivo-para-hermosillo\/#primaryimage\"},\"thumbnailUrl\":\"https:\/\/www.sonoraenequipo.com.mx\/storage\/2020\/11\/CELIDA-LOPEZ.jpg\",\"keywords\":[\"covid\",\"hermosillo\"],\"articleSection\":[\"Municipios\"],\"inLanguage\":\"es\",\"potentialAction\":[{\"@type\":\"CommentAction\",\"name\":\"Comment\",\"target\":[\"https:\/\/www.sonoraenequipo.com.mx\/propone-alcaldesa-celida-lopez-semaforo-epidemiologico-exclusivo-para-hermosillo\/#respond\"]}]},{\"@type\":\"WebPage\",\"@id\":\"https:\/\/www.sonoraenequipo.com.mx\/propone-alcaldesa-celida-lopez-semaforo-epidemiologico-exclusivo-para-hermosillo\/\",\"url\":\"https:\/\/www.sonoraenequipo.com.mx\/propone-alcaldesa-celida-lopez-semaforo-epidemiologico-exclusivo-para-hermosillo\/\",\"name\":\"Sonora en Equipo. Propone alcaldesa Celida L\u00f3pez sem\u00e1foro epidemiol\u00f3gico exclusivo para Hermosillo Municipios\",\"isPartOf\":{\"@id\":\"https:\/\/www.sonoraenequipo.com.mx\/#website\"},\"primaryImageOfPage\":{\"@id\":\"https:\/\/www.sonoraenequipo.com.mx\/propone-alcaldesa-celida-lopez-semaforo-epidemiologico-exclusivo-para-hermosillo\/#primaryimage\"},\"image\":{\"@id\":\"https:\/\/www.sonoraenequipo.com.mx\/propone-alcaldesa-celida-lopez-semaforo-epidemiologico-exclusivo-para-hermosillo\/#primaryimage\"},\"thumbnailUrl\":\"https:\/\/www.sonoraenequipo.com.mx\/storage\/2020\/11\/CELIDA-LOPEZ.jpg\",\"datePublished\":\"2020-11-13T22:29:59+00:00\",\"description\":\"HERMOSILLO, SONORA,MX.\u2500\u2500 \u201cM\u00e1s all\u00e1 del sem\u00e1foro del Estado queremos que todos conozcan el sem\u00e1foro de Hermosillo\u201d, expres\u00f3 la alcaldesa Celida L\u00f3pez En Sonora en Equipo publicamos toda la informaci\u00f3n de Sonora, M\u00e9xico y el Mundo de manera oportuna y busca que la libertad de expresi\u00f3n sea real. Visita nuestro medio informativo publicado desde Hermosillo, Sonora. %\",\"breadcrumb\":{\"@id\":\"https:\/\/www.sonoraenequipo.com.mx\/propone-alcaldesa-celida-lopez-semaforo-epidemiologico-exclusivo-para-hermosillo\/#breadcrumb\"},\"inLanguage\":\"es\",\"potentialAction\":[{\"@type\":\"ReadAction\",\"target\":[\"https:\/\/www.sonoraenequipo.com.mx\/propone-alcaldesa-celida-lopez-semaforo-epidemiologico-exclusivo-para-hermosillo\/\"]}]},{\"@type\":\"ImageObject\",\"inLanguage\":\"es\",\"@id\":\"https:\/\/www.sonoraenequipo.com.mx\/propone-alcaldesa-celida-lopez-semaforo-epidemiologico-exclusivo-para-hermosillo\/#primaryimage\",\"url\":\"https:\/\/www.sonoraenequipo.com.mx\/storage\/2020\/11\/CELIDA-LOPEZ.jpg\",\"contentUrl\":\"https:\/\/www.sonoraenequipo.com.mx\/storage\/2020\/11\/CELIDA-LOPEZ.jpg\",\"width\":600,\"height\":400},{\"@type\":\"BreadcrumbList\",\"@id\":\"https:\/\/www.sonoraenequipo.com.mx\/propone-alcaldesa-celida-lopez-semaforo-epidemiologico-exclusivo-para-hermosillo\/#breadcrumb\",\"itemListElement\":[{\"@type\":\"ListItem\",\"position\":1,\"name\":\"Portada\",\"item\":\"https:\/\/www.sonoraenequipo.com.mx\/\"},{\"@type\":\"ListItem\",\"position\":2,\"name\":\"Propone alcaldesa Celida L\u00f3pez sem\u00e1foro epidemiol\u00f3gico exclusivo para Hermosillo\"}]},{\"@type\":\"WebSite\",\"@id\":\"https:\/\/www.sonoraenequipo.com.mx\/#website\",\"url\":\"https:\/\/www.sonoraenequipo.com.mx\/\",\"name\":\"Sonora en Equipo.\",\"description\":\"Diario en l\u00ednea con Noticias desde Hermosillo, Sonora\",\"publisher\":{\"@id\":\"https:\/\/www.sonoraenequipo.com.mx\/#organization\"},\"potentialAction\":[{\"@type\":\"SearchAction\",\"target\":{\"@type\":\"EntryPoint\",\"urlTemplate\":\"https:\/\/www.sonoraenequipo.com.mx\/?s={search_term_string}\"},\"query-input\":{\"@type\":\"PropertyValueSpecification\",\"valueRequired\":true,\"valueName\":\"search_term_string\"}}],\"inLanguage\":\"es\"},{\"@type\":\"Organization\",\"@id\":\"https:\/\/www.sonoraenequipo.com.mx\/#organization\",\"name\":\"Sonoraenequipo.com.mx\",\"url\":\"https:\/\/www.sonoraenequipo.com.mx\/\",\"logo\":{\"@type\":\"ImageObject\",\"inLanguage\":\"es\",\"@id\":\"https:\/\/www.sonoraenequipo.com.mx\/#\/schema\/logo\/image\/\",\"url\":\"https:\/\/www.sonoraenequipo.com.mx\/storage\/2019\/01\/sonoraenequipo_opt.png\",\"contentUrl\":\"https:\/\/www.sonoraenequipo.com.mx\/storage\/2019\/01\/sonoraenequipo_opt.png\",\"width\":375,\"height\":125,\"caption\":\"Sonoraenequipo.com.mx\"},\"image\":{\"@id\":\"https:\/\/www.sonoraenequipo.com.mx\/#\/schema\/logo\/image\/\"},\"sameAs\":[\"https:\/\/www.facebook.com\/SonoraEE\/\",\"https:\/\/x.com\/sonoraenequipo\",\"https:\/\/www.youtube.com\/channel\/UC338nW-lPEYmJQs4ZABQ1SQ\"]},{\"@type\":\"Person\",\"@id\":\"https:\/\/www.sonoraenequipo.com.mx\/#\/schema\/person\/50102df0fb23a8fa9e8effad8fa81386\",\"name\":\"enequipo\",\"image\":{\"@type\":\"ImageObject\",\"inLanguage\":\"es\",\"@id\":\"https:\/\/www.sonoraenequipo.com.mx\/#\/schema\/person\/image\/\",\"url\":\"https:\/\/secure.gravatar.com\/avatar\/049821681b589dabc0bc20695993ccebb09f5b5d4d790cd9251b97faac7c652b?s=96&d=blank&r=g\",\"contentUrl\":\"https:\/\/secure.gravatar.com\/avatar\/049821681b589dabc0bc20695993ccebb09f5b5d4d790cd9251b97faac7c652b?s=96&d=blank&r=g\",\"caption\":\"enequipo\"},\"sameAs\":[\"https:\/\/www.facebook.com\/SonoraEE\"]}]}<\/script>\n ","yoast_head_json":{"title":"Sonora en Equipo. Propone alcaldesa Celida L\u00f3pez sem\u00e1foro epidemiol\u00f3gico exclusivo para Hermosillo Municipios","description":"HERMOSILLO, SONORA,MX.\u2500\u2500 \u201cM\u00e1s all\u00e1 del sem\u00e1foro del Estado queremos que todos conozcan el sem\u00e1foro de Hermosillo\u201d, expres\u00f3 la alcaldesa Celida L\u00f3pez En Sonora en Equipo publicamos toda la informaci\u00f3n de Sonora, M\u00e9xico y el Mundo de manera oportuna y busca que la libertad de expresi\u00f3n sea real. Visita nuestro medio informativo publicado desde Hermosillo, Sonora. %","robots":{"index":"index","follow":"follow","max-snippet":"max-snippet:-1","max-image-preview":"max-image-preview:large","max-video-preview":"max-video-preview:-1"},"canonical":"https:\/\/www.sonoraenequipo.com.mx\/propone-alcaldesa-celida-lopez-semaforo-epidemiologico-exclusivo-para-hermosillo\/","og_locale":"es_ES","og_type":"article","og_title":"Sonora en Equipo. Propone alcaldesa Celida L\u00f3pez sem\u00e1foro epidemiol\u00f3gico exclusivo para Hermosillo Municipios","og_description":"HERMOSILLO, SONORA,MX.\u2500\u2500 \u201cM\u00e1s all\u00e1 del sem\u00e1foro del Estado queremos que todos conozcan el sem\u00e1foro de Hermosillo\u201d, expres\u00f3 la alcaldesa Celida L\u00f3pez En Sonora en Equipo publicamos toda la informaci\u00f3n de Sonora, M\u00e9xico y el Mundo de manera oportuna y busca que la libertad de expresi\u00f3n sea real. Visita nuestro medio informativo publicado desde Hermosillo, Sonora. %","og_url":"https:\/\/www.sonoraenequipo.com.mx\/propone-alcaldesa-celida-lopez-semaforo-epidemiologico-exclusivo-para-hermosillo\/","og_site_name":"Sonora en Equipo.","article_publisher":"https:\/\/www.facebook.com\/SonoraEE\/","article_author":"https:\/\/www.facebook.com\/SonoraEE","article_published_time":"2020-11-13T22:29:59+00:00","og_image":[{"width":600,"height":400,"url":"https:\/\/www.sonoraenequipo.com.mx\/storage\/2020\/11\/CELIDA-LOPEZ.jpg","type":"image\/jpeg"}],"author":"enequipo","twitter_card":"summary_large_image","twitter_creator":"@sonoraenequipo","twitter_site":"@sonoraenequipo","twitter_misc":{"Escrito por":"enequipo","Tiempo de lectura":"2 minutos"},"schema":{"@context":"https:\/\/schema.org","@graph":[{"@type":"Article","@id":"https:\/\/www.sonoraenequipo.com.mx\/propone-alcaldesa-celida-lopez-semaforo-epidemiologico-exclusivo-para-hermosillo\/#article","isPartOf":{"@id":"https:\/\/www.sonoraenequipo.com.mx\/propone-alcaldesa-celida-lopez-semaforo-epidemiologico-exclusivo-para-hermosillo\/"},"author":{"name":"enequipo","@id":"https:\/\/www.sonoraenequipo.com.mx\/#\/schema\/person\/50102df0fb23a8fa9e8effad8fa81386"},"headline":"Propone alcaldesa Celida L\u00f3pez sem\u00e1foro epidemiol\u00f3gico exclusivo para Hermosillo","datePublished":"2020-11-13T22:29:59+00:00","mainEntityOfPage":{"@id":"https:\/\/www.sonoraenequipo.com.mx\/propone-alcaldesa-celida-lopez-semaforo-epidemiologico-exclusivo-para-hermosillo\/"},"wordCount":376,"commentCount":0,"publisher":{"@id":"https:\/\/www.sonoraenequipo.com.mx\/#organization"},"image":{"@id":"https:\/\/www.sonoraenequipo.com.mx\/propone-alcaldesa-celida-lopez-semaforo-epidemiologico-exclusivo-para-hermosillo\/#primaryimage"},"thumbnailUrl":"https:\/\/www.sonoraenequipo.com.mx\/storage\/2020\/11\/CELIDA-LOPEZ.jpg","keywords":["covid","hermosillo"],"articleSection":["Municipios"],"inLanguage":"es","potentialAction":[{"@type":"CommentAction","name":"Comment","target":["https:\/\/www.sonoraenequipo.com.mx\/propone-alcaldesa-celida-lopez-semaforo-epidemiologico-exclusivo-para-hermosillo\/#respond"]}]},{"@type":"WebPage","@id":"https:\/\/www.sonoraenequipo.com.mx\/propone-alcaldesa-celida-lopez-semaforo-epidemiologico-exclusivo-para-hermosillo\/","url":"https:\/\/www.sonoraenequipo.com.mx\/propone-alcaldesa-celida-lopez-semaforo-epidemiologico-exclusivo-para-hermosillo\/","name":"Sonora en Equipo. Propone alcaldesa Celida L\u00f3pez sem\u00e1foro epidemiol\u00f3gico exclusivo para Hermosillo Municipios","isPartOf":{"@id":"https:\/\/www.sonoraenequipo.com.mx\/#website"},"primaryImageOfPage":{"@id":"https:\/\/www.sonoraenequipo.com.mx\/propone-alcaldesa-celida-lopez-semaforo-epidemiologico-exclusivo-para-hermosillo\/#primaryimage"},"image":{"@id":"https:\/\/www.sonoraenequipo.com.mx\/propone-alcaldesa-celida-lopez-semaforo-epidemiologico-exclusivo-para-hermosillo\/#primaryimage"},"thumbnailUrl":"https:\/\/www.sonoraenequipo.com.mx\/storage\/2020\/11\/CELIDA-LOPEZ.jpg","datePublished":"2020-11-13T22:29:59+00:00","description":"HERMOSILLO, SONORA,MX.\u2500\u2500 \u201cM\u00e1s all\u00e1 del sem\u00e1foro del Estado queremos que todos conozcan el sem\u00e1foro de Hermosillo\u201d, expres\u00f3 la alcaldesa Celida L\u00f3pez En Sonora en Equipo publicamos toda la informaci\u00f3n de Sonora, M\u00e9xico y el Mundo de manera oportuna y busca que la libertad de expresi\u00f3n sea real. Visita nuestro medio informativo publicado desde Hermosillo, Sonora. %","breadcrumb":{"@id":"https:\/\/www.sonoraenequipo.com.mx\/propone-alcaldesa-celida-lopez-semaforo-epidemiologico-exclusivo-para-hermosillo\/#breadcrumb"},"inLanguage":"es","potentialAction":[{"@type":"ReadAction","target":["https:\/\/www.sonoraenequipo.com.mx\/propone-alcaldesa-celida-lopez-semaforo-epidemiologico-exclusivo-para-hermosillo\/"]}]},{"@type":"ImageObject","inLanguage":"es","@id":"https:\/\/www.sonoraenequipo.com.mx\/propone-alcaldesa-celida-lopez-semaforo-epidemiologico-exclusivo-para-hermosillo\/#primaryimage","url":"https:\/\/www.sonoraenequipo.com.mx\/storage\/2020\/11\/CELIDA-LOPEZ.jpg","contentUrl":"https:\/\/www.sonoraenequipo.com.mx\/storage\/2020\/11\/CELIDA-LOPEZ.jpg","width":600,"height":400},{"@type":"BreadcrumbList","@id":"https:\/\/www.sonoraenequipo.com.mx\/propone-alcaldesa-celida-lopez-semaforo-epidemiologico-exclusivo-para-hermosillo\/#breadcrumb","itemListElement":[{"@type":"ListItem","position":1,"name":"Portada","item":"https:\/\/www.sonoraenequipo.com.mx\/"},{"@type":"ListItem","position":2,"name":"Propone alcaldesa Celida L\u00f3pez sem\u00e1foro epidemiol\u00f3gico exclusivo para Hermosillo"}]},{"@type":"WebSite","@id":"https:\/\/www.sonoraenequipo.com.mx\/#website","url":"https:\/\/www.sonoraenequipo.com.mx\/","name":"Sonora en Equipo.","description":"Diario en l\u00ednea con Noticias desde Hermosillo, Sonora","publisher":{"@id":"https:\/\/www.sonoraenequipo.com.mx\/#organization"},"potentialAction":[{"@type":"SearchAction","target":{"@type":"EntryPoint","urlTemplate":"https:\/\/www.sonoraenequipo.com.mx\/?s={search_term_string}"},"query-input":{"@type":"PropertyValueSpecification","valueRequired":true,"valueName":"search_term_string"}}],"inLanguage":"es"},{"@type":"Organization","@id":"https:\/\/www.sonoraenequipo.com.mx\/#organization","name":"Sonoraenequipo.com.mx","url":"https:\/\/www.sonoraenequipo.com.mx\/","logo":{"@type":"ImageObject","inLanguage":"es","@id":"https:\/\/www.sonoraenequipo.com.mx\/#\/schema\/logo\/image\/","url":"https:\/\/www.sonoraenequipo.com.mx\/storage\/2019\/01\/sonoraenequipo_opt.png","contentUrl":"https:\/\/www.sonoraenequipo.com.mx\/storage\/2019\/01\/sonoraenequipo_opt.png","width":375,"height":125,"caption":"Sonoraenequipo.com.mx"},"image":{"@id":"https:\/\/www.sonoraenequipo.com.mx\/#\/schema\/logo\/image\/"},"sameAs":["https:\/\/www.facebook.com\/SonoraEE\/","https:\/\/x.com\/sonoraenequipo","https:\/\/www.youtube.com\/channel\/UC338nW-lPEYmJQs4ZABQ1SQ"]},{"@type":"Person","@id":"https:\/\/www.sonoraenequipo.com.mx\/#\/schema\/person\/50102df0fb23a8fa9e8effad8fa81386","name":"enequipo","image":{"@type":"ImageObject","inLanguage":"es","@id":"https:\/\/www.sonoraenequipo.com.mx\/#\/schema\/person\/image\/","url":"https:\/\/secure.gravatar.com\/avatar\/049821681b589dabc0bc20695993ccebb09f5b5d4d790cd9251b97faac7c652b?s=96&d=blank&r=g","contentUrl":"https:\/\/secure.gravatar.com\/avatar\/049821681b589dabc0bc20695993ccebb09f5b5d4d790cd9251b97faac7c652b?s=96&d=blank&r=g","caption":"enequipo"},"sameAs":["https:\/\/www.facebook.com\/SonoraEE"]}]}},"jetpack_featured_media_url":"https:\/\/www.sonoraenequipo.com.mx\/storage\/2020\/11\/CELIDA-LOPEZ.jpg","_links":{"self":[{"href":"https:\/\/www.sonoraenequipo.com.mx\/api\/wp\/v2\/posts\/100240","targetHints":{"allow":["GET"]}}],"collection":[{"href":"https:\/\/www.sonoraenequipo.com.mx\/api\/wp\/v2\/posts"}],"about":[{"href":"https:\/\/www.sonoraenequipo.com.mx\/api\/wp\/v2\/types\/post"}],"author":[{"embeddable":true,"href":"https:\/\/www.sonoraenequipo.com.mx\/api\/wp\/v2\/users\/1"}],"replies":[{"embeddable":true,"href":"https:\/\/www.sonoraenequipo.com.mx\/api\/wp\/v2\/comments?post=100240"}],"version-history":[{"count":1,"href":"https:\/\/www.sonoraenequipo.com.mx\/api\/wp\/v2\/posts\/100240\/revisions"}],"predecessor-version":[{"id":100242,"href":"https:\/\/www.sonoraenequipo.com.mx\/api\/wp\/v2\/posts\/100240\/revisions\/100242"}],"wp:featuredmedia":[{"embeddable":true,"href":"https:\/\/www.sonoraenequipo.com.mx\/api\/wp\/v2\/media\/100241"}],"wp:attachment":[{"href":"https:\/\/www.sonoraenequipo.com.mx\/api\/wp\/v2\/media?parent=100240"}],"wp:term":[{"taxonomy":"category","embeddable":true,"href":"https:\/\/www.sonoraenequipo.com.mx\/api\/wp\/v2\/categories?post=100240"},{"taxonomy":"post_tag","embeddable":true,"href":"https:\/\/www.sonoraenequipo.com.mx\/api\/wp\/v2\/tags?post=100240"}],"curies":[{"name":"wp","href":"https:\/\/api.w.org\/{rel}","templated":true}]}}