{"id":100246,"date":"2020-11-13T16:23:11","date_gmt":"2020-11-13T23:23:11","guid":{"rendered":"https:\/\/www.sonoraenequipo.com.mx\/?p=100246"},"modified":"2020-11-13T16:23:11","modified_gmt":"2020-11-13T23:23:11","slug":"impulsa-celida-lopez-relacion-comercial-y-de-negocios-entre-hermosillo-y-la-republica-de-corea","status":"publish","type":"post","link":"https:\/\/www.sonoraenequipo.com.mx\/impulsa-celida-lopez-relacion-comercial-y-de-negocios-entre-hermosillo-y-la-republica-de-corea\/","title":{"rendered":"Impulsa Celida L\u00f3pez relaci\u00f3n comercial y de negocios entre Hermosillo y la Rep\u00fablica de Corea"},"content":{"rendered":"<p>HERMOSILLO, SONORA,MX.\u2500\u2500Con un mensaje de amistad y buena voluntad recibi\u00f3 la alcaldesa de Hermosillo, Celida L\u00f3pez C\u00e1rdenas, a una comitiva de diplom\u00e1ticos y empresarios coreanos encabezada por el embajador de ese pa\u00eds en M\u00e9xico Suh Jeong-In, con quienes se impulsa estrechar la relaci\u00f3n comercial e inversiones en el municipio.<\/p>\n<p>&nbsp;<\/p>\n<p>La Mun\u00edcipe hermosillense y sus visitantes celebraron el progreso de proyectos de energ\u00edas renovables en el mundo y que los mismos enmarquen la colaboraci\u00f3n entre las naciones, como es el caso la Rep\u00fablica Corea com\u00fanmente conocida como Corea del Sur y M\u00e9xico.<\/p>\n<p>&nbsp;<\/p>\n<p>\u201cUn gusto recibir al Embajador y a su equipo de trabajo. La promoci\u00f3n y el trabajo en energ\u00edas renovables son un motivo m\u00e1s para fortalecer la relaci\u00f3n bilateral de M\u00e9xico y Corea. Bienvenidos\u201d, comparti\u00f3 L\u00f3pez C\u00e1rdenas tras la visita.<\/p>\n<p>&nbsp;<\/p>\n<p>A su encuentro con la Presidenta Municipal de Hermosillo el embajador Suh Jeong-In acudi\u00f3 acompa\u00f1ado por Pablo Rosano, encargado de Asuntos Econ\u00f3micos de la embajada; Sr. Gon, agregado de la Embajada coreana en M\u00e9xico; y Jong Kap Kim, Director de Korean Electric Power Corporation (KEPCO), la empresa de servicios el\u00e9ctricos m\u00e1s grande de Corea del Sur.<\/p>\n<p>&nbsp;<\/p>\n<p>Tambi\u00e9n estuvieron Chanho Park, Director Regional Del Global Green Growth Institute (GGGI) Para Latinoam\u00e9rica y Caribe y Jos\u00e9 L. Amaya, oficial del programa de M\u00e9xico de GGG.<\/p>\n<p>Fecha de\u00a0 publicaci\u00f3n 13\/nov\/2020<\/p>\n<p>&nbsp;<\/p>\n","protected":false},"excerpt":{"rendered":"<p>HERMOSILLO, SONORA,MX.\u2500\u2500Con un mensaje de amistad y buena voluntad recibi\u00f3 la alcaldesa de Hermosillo, Celida&#8230;<\/p>\n","protected":false},"author":1,"featured_media":100250,"comment_status":"open","ping_status":"open","sticky":false,"template":"","format":"standard","meta":{"_monsterinsights_skip_tracking":false,"_monsterinsights_sitenote_active":false,"_monsterinsights_sitenote_note":"","_monsterinsights_sitenote_category":0,"footnotes":""},"categories":[4],"tags":[2053,35],"class_list":["post"],"yoast_head":" \n<title>Sonora en Equipo. Impulsa Celida L\u00f3pez relaci\u00f3n comercial y de negocios entre Hermosillo y la Rep\u00fablica de Corea Municipios<\/title>\n<meta name=\"description\" content=\"HERMOSILLO, SONORA,MX.\u2500\u2500Con un mensaje de amistad y buena voluntad recibi\u00f3 la alcaldesa de Hermosillo, Celida L\u00f3pez C\u00e1rdenas, a una comitiva de En Sonora en Equipo publicamos toda la informaci\u00f3n de Sonora, M\u00e9xico y el Mundo de manera oportuna y busca que la libertad de expresi\u00f3n sea real. Visita nuestro medio informativo publicado desde Hermosillo, Sonora. %\" \/>\n<meta name=\"robots\" content=\"index, follow, max-snippet:-1, max-image-preview:large, max-video-preview:-1\" \/>\n<link rel=\"canonical\" href=\"https:\/\/www.sonoraenequipo.com.mx\/impulsa-celida-lopez-relacion-comercial-y-de-negocios-entre-hermosillo-y-la-republica-de-corea\/\" \/>\n<meta property=\"og:locale\" content=\"es_ES\" \/>\n<meta property=\"og:type\" content=\"article\" \/>\n<meta property=\"og:title\" content=\"Sonora en Equipo. Impulsa Celida L\u00f3pez relaci\u00f3n comercial y de negocios entre Hermosillo y la Rep\u00fablica de Corea Municipios\" \/>\n<meta property=\"og:description\" content=\"HERMOSILLO, SONORA,MX.\u2500\u2500Con un mensaje de amistad y buena voluntad recibi\u00f3 la alcaldesa de Hermosillo, Celida L\u00f3pez C\u00e1rdenas, a una comitiva de En Sonora en Equipo publicamos toda la informaci\u00f3n de Sonora, M\u00e9xico y el Mundo de manera oportuna y busca que la libertad de expresi\u00f3n sea real. Visita nuestro medio informativo publicado desde Hermosillo, Sonora. %\" \/>\n<meta property=\"og:url\" content=\"https:\/\/www.sonoraenequipo.com.mx\/impulsa-celida-lopez-relacion-comercial-y-de-negocios-entre-hermosillo-y-la-republica-de-corea\/\" \/>\n<meta property=\"og:site_name\" content=\"Sonora en Equipo.\" \/>\n<meta property=\"article:publisher\" content=\"https:\/\/www.facebook.com\/SonoraEE\/\" \/>\n<meta property=\"article:author\" content=\"https:\/\/www.facebook.com\/SonoraEE\" \/>\n<meta property=\"article:published_time\" content=\"2020-11-13T23:23:11+00:00\" \/>\n<meta property=\"og:image\" content=\"https:\/\/www.sonoraenequipo.com.mx\/storage\/2020\/11\/CLC-COREA.jpg\" \/>\n\t<meta property=\"og:image:width\" content=\"600\" \/>\n\t<meta property=\"og:image:height\" content=\"400\" \/>\n\t<meta property=\"og:image:type\" content=\"image\/jpeg\" \/>\n<meta name=\"author\" content=\"enequipo\" \/>\n<meta name=\"twitter:card\" content=\"summary_large_image\" \/>\n<meta name=\"twitter:creator\" content=\"@sonoraenequipo\" \/>\n<meta name=\"twitter:site\" content=\"@sonoraenequipo\" \/>\n<meta name=\"twitter:label1\" content=\"Escrito por\" \/>\n\t<meta name=\"twitter:data1\" content=\"enequipo\" \/>\n\t<meta name=\"twitter:label2\" content=\"Tiempo de lectura\" \/>\n\t<meta name=\"twitter:data2\" content=\"1 minuto\" \/>\n<script type=\"application\/ld+json\" class=\"yoast-schema-graph\">{\"@context\":\"https:\/\/schema.org\",\"@graph\":[{\"@type\":\"Article\",\"@id\":\"https:\/\/www.sonoraenequipo.com.mx\/impulsa-celida-lopez-relacion-comercial-y-de-negocios-entre-hermosillo-y-la-republica-de-corea\/#article\",\"isPartOf\":{\"@id\":\"https:\/\/www.sonoraenequipo.com.mx\/impulsa-celida-lopez-relacion-comercial-y-de-negocios-entre-hermosillo-y-la-republica-de-corea\/\"},\"author\":{\"name\":\"enequipo\",\"@id\":\"https:\/\/www.sonoraenequipo.com.mx\/#\/schema\/person\/50102df0fb23a8fa9e8effad8fa81386\"},\"headline\":\"Impulsa Celida L\u00f3pez relaci\u00f3n comercial y de negocios entre Hermosillo y la Rep\u00fablica de Corea\",\"datePublished\":\"2020-11-13T23:23:11+00:00\",\"mainEntityOfPage\":{\"@id\":\"https:\/\/www.sonoraenequipo.com.mx\/impulsa-celida-lopez-relacion-comercial-y-de-negocios-entre-hermosillo-y-la-republica-de-corea\/\"},\"wordCount\":270,\"commentCount\":0,\"publisher\":{\"@id\":\"https:\/\/www.sonoraenequipo.com.mx\/#organization\"},\"image\":{\"@id\":\"https:\/\/www.sonoraenequipo.com.mx\/impulsa-celida-lopez-relacion-comercial-y-de-negocios-entre-hermosillo-y-la-republica-de-corea\/#primaryimage\"},\"thumbnailUrl\":\"https:\/\/www.sonoraenequipo.com.mx\/storage\/2020\/11\/CLC-COREA.jpg\",\"keywords\":[\"Corea del Sur\",\"hermosillo\"],\"articleSection\":[\"Municipios\"],\"inLanguage\":\"es\",\"potentialAction\":[{\"@type\":\"CommentAction\",\"name\":\"Comment\",\"target\":[\"https:\/\/www.sonoraenequipo.com.mx\/impulsa-celida-lopez-relacion-comercial-y-de-negocios-entre-hermosillo-y-la-republica-de-corea\/#respond\"]}]},{\"@type\":\"WebPage\",\"@id\":\"https:\/\/www.sonoraenequipo.com.mx\/impulsa-celida-lopez-relacion-comercial-y-de-negocios-entre-hermosillo-y-la-republica-de-corea\/\",\"url\":\"https:\/\/www.sonoraenequipo.com.mx\/impulsa-celida-lopez-relacion-comercial-y-de-negocios-entre-hermosillo-y-la-republica-de-corea\/\",\"name\":\"Sonora en Equipo. Impulsa Celida L\u00f3pez relaci\u00f3n comercial y de negocios entre Hermosillo y la Rep\u00fablica de Corea Municipios\",\"isPartOf\":{\"@id\":\"https:\/\/www.sonoraenequipo.com.mx\/#website\"},\"primaryImageOfPage\":{\"@id\":\"https:\/\/www.sonoraenequipo.com.mx\/impulsa-celida-lopez-relacion-comercial-y-de-negocios-entre-hermosillo-y-la-republica-de-corea\/#primaryimage\"},\"image\":{\"@id\":\"https:\/\/www.sonoraenequipo.com.mx\/impulsa-celida-lopez-relacion-comercial-y-de-negocios-entre-hermosillo-y-la-republica-de-corea\/#primaryimage\"},\"thumbnailUrl\":\"https:\/\/www.sonoraenequipo.com.mx\/storage\/2020\/11\/CLC-COREA.jpg\",\"datePublished\":\"2020-11-13T23:23:11+00:00\",\"description\":\"HERMOSILLO, SONORA,MX.\u2500\u2500Con un mensaje de amistad y buena voluntad recibi\u00f3 la alcaldesa de Hermosillo, Celida L\u00f3pez C\u00e1rdenas, a una comitiva de En Sonora en Equipo publicamos toda la informaci\u00f3n de Sonora, M\u00e9xico y el Mundo de manera oportuna y busca que la libertad de expresi\u00f3n sea real. Visita nuestro medio informativo publicado desde Hermosillo, Sonora. %\",\"breadcrumb\":{\"@id\":\"https:\/\/www.sonoraenequipo.com.mx\/impulsa-celida-lopez-relacion-comercial-y-de-negocios-entre-hermosillo-y-la-republica-de-corea\/#breadcrumb\"},\"inLanguage\":\"es\",\"potentialAction\":[{\"@type\":\"ReadAction\",\"target\":[\"https:\/\/www.sonoraenequipo.com.mx\/impulsa-celida-lopez-relacion-comercial-y-de-negocios-entre-hermosillo-y-la-republica-de-corea\/\"]}]},{\"@type\":\"ImageObject\",\"inLanguage\":\"es\",\"@id\":\"https:\/\/www.sonoraenequipo.com.mx\/impulsa-celida-lopez-relacion-comercial-y-de-negocios-entre-hermosillo-y-la-republica-de-corea\/#primaryimage\",\"url\":\"https:\/\/www.sonoraenequipo.com.mx\/storage\/2020\/11\/CLC-COREA.jpg\",\"contentUrl\":\"https:\/\/www.sonoraenequipo.com.mx\/storage\/2020\/11\/CLC-COREA.jpg\",\"width\":600,\"height\":400},{\"@type\":\"BreadcrumbList\",\"@id\":\"https:\/\/www.sonoraenequipo.com.mx\/impulsa-celida-lopez-relacion-comercial-y-de-negocios-entre-hermosillo-y-la-republica-de-corea\/#breadcrumb\",\"itemListElement\":[{\"@type\":\"ListItem\",\"position\":1,\"name\":\"Portada\",\"item\":\"https:\/\/www.sonoraenequipo.com.mx\/\"},{\"@type\":\"ListItem\",\"position\":2,\"name\":\"Impulsa Celida L\u00f3pez relaci\u00f3n comercial y de negocios entre Hermosillo y la Rep\u00fablica de Corea\"}]},{\"@type\":\"WebSite\",\"@id\":\"https:\/\/www.sonoraenequipo.com.mx\/#website\",\"url\":\"https:\/\/www.sonoraenequipo.com.mx\/\",\"name\":\"Sonora en Equipo.\",\"description\":\"Diario en l\u00ednea con Noticias desde Hermosillo, Sonora\",\"publisher\":{\"@id\":\"https:\/\/www.sonoraenequipo.com.mx\/#organization\"},\"potentialAction\":[{\"@type\":\"SearchAction\",\"target\":{\"@type\":\"EntryPoint\",\"urlTemplate\":\"https:\/\/www.sonoraenequipo.com.mx\/?s={search_term_string}\"},\"query-input\":{\"@type\":\"PropertyValueSpecification\",\"valueRequired\":true,\"valueName\":\"search_term_string\"}}],\"inLanguage\":\"es\"},{\"@type\":\"Organization\",\"@id\":\"https:\/\/www.sonoraenequipo.com.mx\/#organization\",\"name\":\"Sonoraenequipo.com.mx\",\"url\":\"https:\/\/www.sonoraenequipo.com.mx\/\",\"logo\":{\"@type\":\"ImageObject\",\"inLanguage\":\"es\",\"@id\":\"https:\/\/www.sonoraenequipo.com.mx\/#\/schema\/logo\/image\/\",\"url\":\"https:\/\/www.sonoraenequipo.com.mx\/storage\/2019\/01\/sonoraenequipo_opt.png\",\"contentUrl\":\"https:\/\/www.sonoraenequipo.com.mx\/storage\/2019\/01\/sonoraenequipo_opt.png\",\"width\":375,\"height\":125,\"caption\":\"Sonoraenequipo.com.mx\"},\"image\":{\"@id\":\"https:\/\/www.sonoraenequipo.com.mx\/#\/schema\/logo\/image\/\"},\"sameAs\":[\"https:\/\/www.facebook.com\/SonoraEE\/\",\"https:\/\/x.com\/sonoraenequipo\",\"https:\/\/www.youtube.com\/channel\/UC338nW-lPEYmJQs4ZABQ1SQ\"]},{\"@type\":\"Person\",\"@id\":\"https:\/\/www.sonoraenequipo.com.mx\/#\/schema\/person\/50102df0fb23a8fa9e8effad8fa81386\",\"name\":\"enequipo\",\"image\":{\"@type\":\"ImageObject\",\"inLanguage\":\"es\",\"@id\":\"https:\/\/www.sonoraenequipo.com.mx\/#\/schema\/person\/image\/\",\"url\":\"https:\/\/secure.gravatar.com\/avatar\/049821681b589dabc0bc20695993ccebb09f5b5d4d790cd9251b97faac7c652b?s=96&d=blank&r=g\",\"contentUrl\":\"https:\/\/secure.gravatar.com\/avatar\/049821681b589dabc0bc20695993ccebb09f5b5d4d790cd9251b97faac7c652b?s=96&d=blank&r=g\",\"caption\":\"enequipo\"},\"sameAs\":[\"https:\/\/www.facebook.com\/SonoraEE\"]}]}<\/script>\n ","yoast_head_json":{"title":"Sonora en Equipo. Impulsa Celida L\u00f3pez relaci\u00f3n comercial y de negocios entre Hermosillo y la Rep\u00fablica de Corea Municipios","description":"HERMOSILLO, SONORA,MX.\u2500\u2500Con un mensaje de amistad y buena voluntad recibi\u00f3 la alcaldesa de Hermosillo, Celida L\u00f3pez C\u00e1rdenas, a una comitiva de En Sonora en Equipo publicamos toda la informaci\u00f3n de Sonora, M\u00e9xico y el Mundo de manera oportuna y busca que la libertad de expresi\u00f3n sea real. Visita nuestro medio informativo publicado desde Hermosillo, Sonora. %","robots":{"index":"index","follow":"follow","max-snippet":"max-snippet:-1","max-image-preview":"max-image-preview:large","max-video-preview":"max-video-preview:-1"},"canonical":"https:\/\/www.sonoraenequipo.com.mx\/impulsa-celida-lopez-relacion-comercial-y-de-negocios-entre-hermosillo-y-la-republica-de-corea\/","og_locale":"es_ES","og_type":"article","og_title":"Sonora en Equipo. Impulsa Celida L\u00f3pez relaci\u00f3n comercial y de negocios entre Hermosillo y la Rep\u00fablica de Corea Municipios","og_description":"HERMOSILLO, SONORA,MX.\u2500\u2500Con un mensaje de amistad y buena voluntad recibi\u00f3 la alcaldesa de Hermosillo, Celida L\u00f3pez C\u00e1rdenas, a una comitiva de En Sonora en Equipo publicamos toda la informaci\u00f3n de Sonora, M\u00e9xico y el Mundo de manera oportuna y busca que la libertad de expresi\u00f3n sea real. Visita nuestro medio informativo publicado desde Hermosillo, Sonora. %","og_url":"https:\/\/www.sonoraenequipo.com.mx\/impulsa-celida-lopez-relacion-comercial-y-de-negocios-entre-hermosillo-y-la-republica-de-corea\/","og_site_name":"Sonora en Equipo.","article_publisher":"https:\/\/www.facebook.com\/SonoraEE\/","article_author":"https:\/\/www.facebook.com\/SonoraEE","article_published_time":"2020-11-13T23:23:11+00:00","og_image":[{"width":600,"height":400,"url":"https:\/\/www.sonoraenequipo.com.mx\/storage\/2020\/11\/CLC-COREA.jpg","type":"image\/jpeg"}],"author":"enequipo","twitter_card":"summary_large_image","twitter_creator":"@sonoraenequipo","twitter_site":"@sonoraenequipo","twitter_misc":{"Escrito por":"enequipo","Tiempo de lectura":"1 minuto"},"schema":{"@context":"https:\/\/schema.org","@graph":[{"@type":"Article","@id":"https:\/\/www.sonoraenequipo.com.mx\/impulsa-celida-lopez-relacion-comercial-y-de-negocios-entre-hermosillo-y-la-republica-de-corea\/#article","isPartOf":{"@id":"https:\/\/www.sonoraenequipo.com.mx\/impulsa-celida-lopez-relacion-comercial-y-de-negocios-entre-hermosillo-y-la-republica-de-corea\/"},"author":{"name":"enequipo","@id":"https:\/\/www.sonoraenequipo.com.mx\/#\/schema\/person\/50102df0fb23a8fa9e8effad8fa81386"},"headline":"Impulsa Celida L\u00f3pez relaci\u00f3n comercial y de negocios entre Hermosillo y la Rep\u00fablica de Corea","datePublished":"2020-11-13T23:23:11+00:00","mainEntityOfPage":{"@id":"https:\/\/www.sonoraenequipo.com.mx\/impulsa-celida-lopez-relacion-comercial-y-de-negocios-entre-hermosillo-y-la-republica-de-corea\/"},"wordCount":270,"commentCount":0,"publisher":{"@id":"https:\/\/www.sonoraenequipo.com.mx\/#organization"},"image":{"@id":"https:\/\/www.sonoraenequipo.com.mx\/impulsa-celida-lopez-relacion-comercial-y-de-negocios-entre-hermosillo-y-la-republica-de-corea\/#primaryimage"},"thumbnailUrl":"https:\/\/www.sonoraenequipo.com.mx\/storage\/2020\/11\/CLC-COREA.jpg","keywords":["Corea del Sur","hermosillo"],"articleSection":["Municipios"],"inLanguage":"es","potentialAction":[{"@type":"CommentAction","name":"Comment","target":["https:\/\/www.sonoraenequipo.com.mx\/impulsa-celida-lopez-relacion-comercial-y-de-negocios-entre-hermosillo-y-la-republica-de-corea\/#respond"]}]},{"@type":"WebPage","@id":"https:\/\/www.sonoraenequipo.com.mx\/impulsa-celida-lopez-relacion-comercial-y-de-negocios-entre-hermosillo-y-la-republica-de-corea\/","url":"https:\/\/www.sonoraenequipo.com.mx\/impulsa-celida-lopez-relacion-comercial-y-de-negocios-entre-hermosillo-y-la-republica-de-corea\/","name":"Sonora en Equipo. Impulsa Celida L\u00f3pez relaci\u00f3n comercial y de negocios entre Hermosillo y la Rep\u00fablica de Corea Municipios","isPartOf":{"@id":"https:\/\/www.sonoraenequipo.com.mx\/#website"},"primaryImageOfPage":{"@id":"https:\/\/www.sonoraenequipo.com.mx\/impulsa-celida-lopez-relacion-comercial-y-de-negocios-entre-hermosillo-y-la-republica-de-corea\/#primaryimage"},"image":{"@id":"https:\/\/www.sonoraenequipo.com.mx\/impulsa-celida-lopez-relacion-comercial-y-de-negocios-entre-hermosillo-y-la-republica-de-corea\/#primaryimage"},"thumbnailUrl":"https:\/\/www.sonoraenequipo.com.mx\/storage\/2020\/11\/CLC-COREA.jpg","datePublished":"2020-11-13T23:23:11+00:00","description":"HERMOSILLO, SONORA,MX.\u2500\u2500Con un mensaje de amistad y buena voluntad recibi\u00f3 la alcaldesa de Hermosillo, Celida L\u00f3pez C\u00e1rdenas, a una comitiva de En Sonora en Equipo publicamos toda la informaci\u00f3n de Sonora, M\u00e9xico y el Mundo de manera oportuna y busca que la libertad de expresi\u00f3n sea real. Visita nuestro medio informativo publicado desde Hermosillo, Sonora. %","breadcrumb":{"@id":"https:\/\/www.sonoraenequipo.com.mx\/impulsa-celida-lopez-relacion-comercial-y-de-negocios-entre-hermosillo-y-la-republica-de-corea\/#breadcrumb"},"inLanguage":"es","potentialAction":[{"@type":"ReadAction","target":["https:\/\/www.sonoraenequipo.com.mx\/impulsa-celida-lopez-relacion-comercial-y-de-negocios-entre-hermosillo-y-la-republica-de-corea\/"]}]},{"@type":"ImageObject","inLanguage":"es","@id":"https:\/\/www.sonoraenequipo.com.mx\/impulsa-celida-lopez-relacion-comercial-y-de-negocios-entre-hermosillo-y-la-republica-de-corea\/#primaryimage","url":"https:\/\/www.sonoraenequipo.com.mx\/storage\/2020\/11\/CLC-COREA.jpg","contentUrl":"https:\/\/www.sonoraenequipo.com.mx\/storage\/2020\/11\/CLC-COREA.jpg","width":600,"height":400},{"@type":"BreadcrumbList","@id":"https:\/\/www.sonoraenequipo.com.mx\/impulsa-celida-lopez-relacion-comercial-y-de-negocios-entre-hermosillo-y-la-republica-de-corea\/#breadcrumb","itemListElement":[{"@type":"ListItem","position":1,"name":"Portada","item":"https:\/\/www.sonoraenequipo.com.mx\/"},{"@type":"ListItem","position":2,"name":"Impulsa Celida L\u00f3pez relaci\u00f3n comercial y de negocios entre Hermosillo y la Rep\u00fablica de Corea"}]},{"@type":"WebSite","@id":"https:\/\/www.sonoraenequipo.com.mx\/#website","url":"https:\/\/www.sonoraenequipo.com.mx\/","name":"Sonora en Equipo.","description":"Diario en l\u00ednea con Noticias desde Hermosillo, Sonora","publisher":{"@id":"https:\/\/www.sonoraenequipo.com.mx\/#organization"},"potentialAction":[{"@type":"SearchAction","target":{"@type":"EntryPoint","urlTemplate":"https:\/\/www.sonoraenequipo.com.mx\/?s={search_term_string}"},"query-input":{"@type":"PropertyValueSpecification","valueRequired":true,"valueName":"search_term_string"}}],"inLanguage":"es"},{"@type":"Organization","@id":"https:\/\/www.sonoraenequipo.com.mx\/#organization","name":"Sonoraenequipo.com.mx","url":"https:\/\/www.sonoraenequipo.com.mx\/","logo":{"@type":"ImageObject","inLanguage":"es","@id":"https:\/\/www.sonoraenequipo.com.mx\/#\/schema\/logo\/image\/","url":"https:\/\/www.sonoraenequipo.com.mx\/storage\/2019\/01\/sonoraenequipo_opt.png","contentUrl":"https:\/\/www.sonoraenequipo.com.mx\/storage\/2019\/01\/sonoraenequipo_opt.png","width":375,"height":125,"caption":"Sonoraenequipo.com.mx"},"image":{"@id":"https:\/\/www.sonoraenequipo.com.mx\/#\/schema\/logo\/image\/"},"sameAs":["https:\/\/www.facebook.com\/SonoraEE\/","https:\/\/x.com\/sonoraenequipo","https:\/\/www.youtube.com\/channel\/UC338nW-lPEYmJQs4ZABQ1SQ"]},{"@type":"Person","@id":"https:\/\/www.sonoraenequipo.com.mx\/#\/schema\/person\/50102df0fb23a8fa9e8effad8fa81386","name":"enequipo","image":{"@type":"ImageObject","inLanguage":"es","@id":"https:\/\/www.sonoraenequipo.com.mx\/#\/schema\/person\/image\/","url":"https:\/\/secure.gravatar.com\/avatar\/049821681b589dabc0bc20695993ccebb09f5b5d4d790cd9251b97faac7c652b?s=96&d=blank&r=g","contentUrl":"https:\/\/secure.gravatar.com\/avatar\/049821681b589dabc0bc20695993ccebb09f5b5d4d790cd9251b97faac7c652b?s=96&d=blank&r=g","caption":"enequipo"},"sameAs":["https:\/\/www.facebook.com\/SonoraEE"]}]}},"jetpack_featured_media_url":"https:\/\/www.sonoraenequipo.com.mx\/storage\/2020\/11\/CLC-COREA.jpg","_links":{"self":[{"href":"https:\/\/www.sonoraenequipo.com.mx\/api\/wp\/v2\/posts\/100246","targetHints":{"allow":["GET"]}}],"collection":[{"href":"https:\/\/www.sonoraenequipo.com.mx\/api\/wp\/v2\/posts"}],"about":[{"href":"https:\/\/www.sonoraenequipo.com.mx\/api\/wp\/v2\/types\/post"}],"author":[{"embeddable":true,"href":"https:\/\/www.sonoraenequipo.com.mx\/api\/wp\/v2\/users\/1"}],"replies":[{"embeddable":true,"href":"https:\/\/www.sonoraenequipo.com.mx\/api\/wp\/v2\/comments?post=100246"}],"version-history":[{"count":1,"href":"https:\/\/www.sonoraenequipo.com.mx\/api\/wp\/v2\/posts\/100246\/revisions"}],"predecessor-version":[{"id":100251,"href":"https:\/\/www.sonoraenequipo.com.mx\/api\/wp\/v2\/posts\/100246\/revisions\/100251"}],"wp:featuredmedia":[{"embeddable":true,"href":"https:\/\/www.sonoraenequipo.com.mx\/api\/wp\/v2\/media\/100250"}],"wp:attachment":[{"href":"https:\/\/www.sonoraenequipo.com.mx\/api\/wp\/v2\/media?parent=100246"}],"wp:term":[{"taxonomy":"category","embeddable":true,"href":"https:\/\/www.sonoraenequipo.com.mx\/api\/wp\/v2\/categories?post=100246"},{"taxonomy":"post_tag","embeddable":true,"href":"https:\/\/www.sonoraenequipo.com.mx\/api\/wp\/v2\/tags?post=100246"}],"curies":[{"name":"wp","href":"https:\/\/api.w.org\/{rel}","templated":true}]}}