{"id":100254,"date":"2020-11-13T16:50:30","date_gmt":"2020-11-13T23:50:30","guid":{"rendered":"https:\/\/www.sonoraenequipo.com.mx\/?p=100254"},"modified":"2020-11-13T16:52:40","modified_gmt":"2020-11-13T23:52:40","slug":"podran-contribuyentes-ponerse-al-corriente-sin-pagar-recargos-luis-nunez","status":"publish","type":"post","link":"https:\/\/www.sonoraenequipo.com.mx\/podran-contribuyentes-ponerse-al-corriente-sin-pagar-recargos-luis-nunez\/","title":{"rendered":"Podr\u00e1n contribuyentes ponerse al corriente sin pagar recargos: Luis Nu\u00f1ez"},"content":{"rendered":"<p>HERMOSILLO, SONORA,MX.\u2500\u2500 En apoyo la econom\u00eda familiar y como parte de las estrategias de la reactivaci\u00f3n econ\u00f3mica en la entidad, el Gobierno del Estado pondr\u00e1 en marcha un intenso programa de descuentos de 100% en recargos de impuestos y derechos estatales, informaron Luis N\u00fa\u00f1ez Noriega, vocero oficial del Plan de Reactivaci\u00f3n Econ\u00f3mica y Alejandro Garc\u00eda Rosas, director general de Recaudaci\u00f3n en Sonora.<\/p>\n<p>&nbsp;<\/p>\n<p>En la transmisi\u00f3n en vivo que se realiza martes y jueves a trav\u00e9s de la cuenta de la Gobernadora Claudia Pavlovich Arellano, con los temas relativos a la reactivaci\u00f3n econ\u00f3mica, N\u00fa\u00f1ez Noriega se\u00f1al\u00f3 que en beneficio de los contribuyentes el Gobierno del Estado se suma al programa del Buen Fin, poniendo en marcha una estrategia en apoyo para quienes debido a las complicaciones econ\u00f3micas que ha tra\u00eddo consigo la pandemia no han podido realizar diversos pagos.<\/p>\n<p>&nbsp;<\/p>\n<p>\u201cAhora, como parte de esta reactivaci\u00f3n econ\u00f3mica, el Gobierno de Sonora, a trav\u00e9s de la Direcci\u00f3n General de Recaudaci\u00f3n, pondr\u00e1 en marcha un intenso programa de descuentos de 100% en recargos de impuestos y derechos estatales, para aquellos contribuyentes que debido a la contingencia por COVID-19, o cualquier otra circunstancia, no han realizados sus pagos\u201d, afirm\u00f3.<\/p>\n<p>&nbsp;<\/p>\n<p>Alejandro Garc\u00eda Rosas, director general de Recaudaci\u00f3n, detall\u00f3 que siguiendo la instrucci\u00f3n de la gobernadora Claudia Pavlovich, se dise\u00f1\u00f3 este programa para beneficiar a las familias sonorenses y que estas puedan cerrar el a\u00f1o sin tener adeudos en distintos padrones.<\/p>\n<p>&nbsp;<\/p>\n<p>\u201cEl m\u00e1s popular, sin duda, es el vehicular, donde cualquier contribuyente que tenga adeudo del 2020 y de a\u00f1os anteriores, no tenemos ning\u00fan l\u00edmite por eso, durante el mes de noviembre y hasta el 31 de diciembre podr\u00e1n ponerse al corriente pagando \u00fanicamente los derechos vehiculares y los accesorios que se puedan haber causado antes de esta promoci\u00f3n, pero sin pagar recargos\u201d, enfatiz\u00f3.<\/p>\n<p>&nbsp;<\/p>\n<p>Adem\u00e1s del tr\u00e1mite vehicular, se podr\u00e1 pagar sin recargos el impuesto sobre n\u00f3mina; el impuesto al hospedaje; los impuestos y derechos que generan para los transportistas; dijo, as\u00ed como para aquellos contribuyentes que han utilizado el concepto de convenio para pago en parcialidades y que por alguna raz\u00f3n at\u00edpica no han podido hacer el pago y tienen atrasos es sus mensualidades podr\u00e1n cumplir con sus obligaciones sin pagar recargos.<\/p>\n<p>&nbsp;<\/p>\n<p>Garc\u00eda Rosas resalt\u00f3 la importancia de las herramientas tecnol\u00f3gicas que tienen a la mano los contribuyentes para hacer sus pagos, sin necesidad de salir de sus hogares y exponerse a contraer el virus, as\u00ed como la facilidad de poder acudir a centros comerciales, establecimientos y gasolineras para hacer su pago y que se refleje de forma inmediata.<\/p>\n<p>Fecha de\u00a0 publicaci\u00f3n 13\/nov\/2020<\/p>\n<p>&nbsp;<\/p>\n","protected":false},"excerpt":{"rendered":"<p>HERMOSILLO, SONORA,MX.\u2500\u2500 En apoyo la econom\u00eda familiar y como parte de las estrategias de la&#8230;<\/p>\n","protected":false},"author":1,"featured_media":95080,"comment_status":"open","ping_status":"open","sticky":false,"template":"","format":"standard","meta":{"_monsterinsights_skip_tracking":false,"_monsterinsights_sitenote_active":false,"_monsterinsights_sitenote_note":"","_monsterinsights_sitenote_category":0,"footnotes":""},"categories":[22],"tags":[93,15],"class_list":["post"],"yoast_head":" \n<title>Sonora en Equipo. Podr\u00e1n contribuyentes ponerse al corriente sin pagar recargos: Luis Nu\u00f1ez Sonora<\/title>\n<meta name=\"description\" content=\"HERMOSILLO, SONORA,MX.\u2500\u2500 En apoyo la econom\u00eda familiar y como parte de las estrategias de la reactivaci\u00f3n econ\u00f3mica en la entidad, el Gobierno del Estado En Sonora en Equipo publicamos toda la informaci\u00f3n de Sonora, M\u00e9xico y el Mundo de manera oportuna y busca que la libertad de expresi\u00f3n sea real. Visita nuestro medio informativo publicado desde Hermosillo, Sonora. %\" \/>\n<meta name=\"robots\" content=\"index, follow, max-snippet:-1, max-image-preview:large, max-video-preview:-1\" \/>\n<link rel=\"canonical\" href=\"https:\/\/www.sonoraenequipo.com.mx\/podran-contribuyentes-ponerse-al-corriente-sin-pagar-recargos-luis-nunez\/\" \/>\n<meta property=\"og:locale\" content=\"es_ES\" \/>\n<meta property=\"og:type\" content=\"article\" \/>\n<meta property=\"og:title\" content=\"Sonora en Equipo. Podr\u00e1n contribuyentes ponerse al corriente sin pagar recargos: Luis Nu\u00f1ez Sonora\" \/>\n<meta property=\"og:description\" content=\"HERMOSILLO, SONORA,MX.\u2500\u2500 En apoyo la econom\u00eda familiar y como parte de las estrategias de la reactivaci\u00f3n econ\u00f3mica en la entidad, el Gobierno del Estado En Sonora en Equipo publicamos toda la informaci\u00f3n de Sonora, M\u00e9xico y el Mundo de manera oportuna y busca que la libertad de expresi\u00f3n sea real. Visita nuestro medio informativo publicado desde Hermosillo, Sonora. %\" \/>\n<meta property=\"og:url\" content=\"https:\/\/www.sonoraenequipo.com.mx\/podran-contribuyentes-ponerse-al-corriente-sin-pagar-recargos-luis-nunez\/\" \/>\n<meta property=\"og:site_name\" content=\"Sonora en Equipo.\" \/>\n<meta property=\"article:publisher\" content=\"https:\/\/www.facebook.com\/SonoraEE\/\" \/>\n<meta property=\"article:author\" content=\"https:\/\/www.facebook.com\/SonoraEE\" \/>\n<meta property=\"article:published_time\" content=\"2020-11-13T23:50:30+00:00\" \/>\n<meta property=\"article:modified_time\" content=\"2020-11-13T23:52:40+00:00\" \/>\n<meta property=\"og:image\" content=\"https:\/\/www.sonoraenequipo.com.mx\/storage\/2020\/09\/Luis-Nu\u00f1ez_opt.jpg\" \/>\n\t<meta property=\"og:image:width\" content=\"552\" \/>\n\t<meta property=\"og:image:height\" content=\"500\" \/>\n\t<meta property=\"og:image:type\" content=\"image\/jpeg\" \/>\n<meta name=\"author\" content=\"enequipo\" \/>\n<meta name=\"twitter:card\" content=\"summary_large_image\" \/>\n<meta name=\"twitter:creator\" content=\"@sonoraenequipo\" \/>\n<meta name=\"twitter:site\" content=\"@sonoraenequipo\" \/>\n<meta name=\"twitter:label1\" content=\"Escrito por\" \/>\n\t<meta name=\"twitter:data1\" content=\"enequipo\" \/>\n\t<meta name=\"twitter:label2\" content=\"Tiempo de lectura\" \/>\n\t<meta name=\"twitter:data2\" content=\"2 minutos\" \/>\n<script type=\"application\/ld+json\" class=\"yoast-schema-graph\">{\"@context\":\"https:\/\/schema.org\",\"@graph\":[{\"@type\":\"Article\",\"@id\":\"https:\/\/www.sonoraenequipo.com.mx\/podran-contribuyentes-ponerse-al-corriente-sin-pagar-recargos-luis-nunez\/#article\",\"isPartOf\":{\"@id\":\"https:\/\/www.sonoraenequipo.com.mx\/podran-contribuyentes-ponerse-al-corriente-sin-pagar-recargos-luis-nunez\/\"},\"author\":{\"name\":\"enequipo\",\"@id\":\"https:\/\/www.sonoraenequipo.com.mx\/#\/schema\/person\/50102df0fb23a8fa9e8effad8fa81386\"},\"headline\":\"Podr\u00e1n contribuyentes ponerse al corriente sin pagar recargos: Luis Nu\u00f1ez\",\"datePublished\":\"2020-11-13T23:50:30+00:00\",\"dateModified\":\"2020-11-13T23:52:40+00:00\",\"mainEntityOfPage\":{\"@id\":\"https:\/\/www.sonoraenequipo.com.mx\/podran-contribuyentes-ponerse-al-corriente-sin-pagar-recargos-luis-nunez\/\"},\"wordCount\":483,\"commentCount\":0,\"publisher\":{\"@id\":\"https:\/\/www.sonoraenequipo.com.mx\/#organization\"},\"image\":{\"@id\":\"https:\/\/www.sonoraenequipo.com.mx\/podran-contribuyentes-ponerse-al-corriente-sin-pagar-recargos-luis-nunez\/#primaryimage\"},\"thumbnailUrl\":\"https:\/\/www.sonoraenequipo.com.mx\/storage\/2020\/09\/Luis-Nu\u00f1ez_opt.jpg\",\"keywords\":[\"econom\u00eda\",\"Sonora\"],\"articleSection\":[\"Sonora\"],\"inLanguage\":\"es\",\"potentialAction\":[{\"@type\":\"CommentAction\",\"name\":\"Comment\",\"target\":[\"https:\/\/www.sonoraenequipo.com.mx\/podran-contribuyentes-ponerse-al-corriente-sin-pagar-recargos-luis-nunez\/#respond\"]}]},{\"@type\":\"WebPage\",\"@id\":\"https:\/\/www.sonoraenequipo.com.mx\/podran-contribuyentes-ponerse-al-corriente-sin-pagar-recargos-luis-nunez\/\",\"url\":\"https:\/\/www.sonoraenequipo.com.mx\/podran-contribuyentes-ponerse-al-corriente-sin-pagar-recargos-luis-nunez\/\",\"name\":\"Sonora en Equipo. Podr\u00e1n contribuyentes ponerse al corriente sin pagar recargos: Luis Nu\u00f1ez Sonora\",\"isPartOf\":{\"@id\":\"https:\/\/www.sonoraenequipo.com.mx\/#website\"},\"primaryImageOfPage\":{\"@id\":\"https:\/\/www.sonoraenequipo.com.mx\/podran-contribuyentes-ponerse-al-corriente-sin-pagar-recargos-luis-nunez\/#primaryimage\"},\"image\":{\"@id\":\"https:\/\/www.sonoraenequipo.com.mx\/podran-contribuyentes-ponerse-al-corriente-sin-pagar-recargos-luis-nunez\/#primaryimage\"},\"thumbnailUrl\":\"https:\/\/www.sonoraenequipo.com.mx\/storage\/2020\/09\/Luis-Nu\u00f1ez_opt.jpg\",\"datePublished\":\"2020-11-13T23:50:30+00:00\",\"dateModified\":\"2020-11-13T23:52:40+00:00\",\"description\":\"HERMOSILLO, SONORA,MX.\u2500\u2500 En apoyo la econom\u00eda familiar y como parte de las estrategias de la reactivaci\u00f3n econ\u00f3mica en la entidad, el Gobierno del Estado En Sonora en Equipo publicamos toda la informaci\u00f3n de Sonora, M\u00e9xico y el Mundo de manera oportuna y busca que la libertad de expresi\u00f3n sea real. Visita nuestro medio informativo publicado desde Hermosillo, Sonora. %\",\"breadcrumb\":{\"@id\":\"https:\/\/www.sonoraenequipo.com.mx\/podran-contribuyentes-ponerse-al-corriente-sin-pagar-recargos-luis-nunez\/#breadcrumb\"},\"inLanguage\":\"es\",\"potentialAction\":[{\"@type\":\"ReadAction\",\"target\":[\"https:\/\/www.sonoraenequipo.com.mx\/podran-contribuyentes-ponerse-al-corriente-sin-pagar-recargos-luis-nunez\/\"]}]},{\"@type\":\"ImageObject\",\"inLanguage\":\"es\",\"@id\":\"https:\/\/www.sonoraenequipo.com.mx\/podran-contribuyentes-ponerse-al-corriente-sin-pagar-recargos-luis-nunez\/#primaryimage\",\"url\":\"https:\/\/www.sonoraenequipo.com.mx\/storage\/2020\/09\/Luis-Nu\u00f1ez_opt.jpg\",\"contentUrl\":\"https:\/\/www.sonoraenequipo.com.mx\/storage\/2020\/09\/Luis-Nu\u00f1ez_opt.jpg\",\"width\":552,\"height\":500},{\"@type\":\"BreadcrumbList\",\"@id\":\"https:\/\/www.sonoraenequipo.com.mx\/podran-contribuyentes-ponerse-al-corriente-sin-pagar-recargos-luis-nunez\/#breadcrumb\",\"itemListElement\":[{\"@type\":\"ListItem\",\"position\":1,\"name\":\"Portada\",\"item\":\"https:\/\/www.sonoraenequipo.com.mx\/\"},{\"@type\":\"ListItem\",\"position\":2,\"name\":\"Podr\u00e1n contribuyentes ponerse al corriente sin pagar recargos: Luis Nu\u00f1ez\"}]},{\"@type\":\"WebSite\",\"@id\":\"https:\/\/www.sonoraenequipo.com.mx\/#website\",\"url\":\"https:\/\/www.sonoraenequipo.com.mx\/\",\"name\":\"Sonora en Equipo.\",\"description\":\"Diario en l\u00ednea con Noticias desde Hermosillo, Sonora\",\"publisher\":{\"@id\":\"https:\/\/www.sonoraenequipo.com.mx\/#organization\"},\"potentialAction\":[{\"@type\":\"SearchAction\",\"target\":{\"@type\":\"EntryPoint\",\"urlTemplate\":\"https:\/\/www.sonoraenequipo.com.mx\/?s={search_term_string}\"},\"query-input\":{\"@type\":\"PropertyValueSpecification\",\"valueRequired\":true,\"valueName\":\"search_term_string\"}}],\"inLanguage\":\"es\"},{\"@type\":\"Organization\",\"@id\":\"https:\/\/www.sonoraenequipo.com.mx\/#organization\",\"name\":\"Sonoraenequipo.com.mx\",\"url\":\"https:\/\/www.sonoraenequipo.com.mx\/\",\"logo\":{\"@type\":\"ImageObject\",\"inLanguage\":\"es\",\"@id\":\"https:\/\/www.sonoraenequipo.com.mx\/#\/schema\/logo\/image\/\",\"url\":\"https:\/\/www.sonoraenequipo.com.mx\/storage\/2019\/01\/sonoraenequipo_opt.png\",\"contentUrl\":\"https:\/\/www.sonoraenequipo.com.mx\/storage\/2019\/01\/sonoraenequipo_opt.png\",\"width\":375,\"height\":125,\"caption\":\"Sonoraenequipo.com.mx\"},\"image\":{\"@id\":\"https:\/\/www.sonoraenequipo.com.mx\/#\/schema\/logo\/image\/\"},\"sameAs\":[\"https:\/\/www.facebook.com\/SonoraEE\/\",\"https:\/\/x.com\/sonoraenequipo\",\"https:\/\/www.youtube.com\/channel\/UC338nW-lPEYmJQs4ZABQ1SQ\"]},{\"@type\":\"Person\",\"@id\":\"https:\/\/www.sonoraenequipo.com.mx\/#\/schema\/person\/50102df0fb23a8fa9e8effad8fa81386\",\"name\":\"enequipo\",\"image\":{\"@type\":\"ImageObject\",\"inLanguage\":\"es\",\"@id\":\"https:\/\/www.sonoraenequipo.com.mx\/#\/schema\/person\/image\/\",\"url\":\"https:\/\/secure.gravatar.com\/avatar\/049821681b589dabc0bc20695993ccebb09f5b5d4d790cd9251b97faac7c652b?s=96&d=blank&r=g\",\"contentUrl\":\"https:\/\/secure.gravatar.com\/avatar\/049821681b589dabc0bc20695993ccebb09f5b5d4d790cd9251b97faac7c652b?s=96&d=blank&r=g\",\"caption\":\"enequipo\"},\"sameAs\":[\"https:\/\/www.facebook.com\/SonoraEE\"]}]}<\/script>\n ","yoast_head_json":{"title":"Sonora en Equipo. Podr\u00e1n contribuyentes ponerse al corriente sin pagar recargos: Luis Nu\u00f1ez Sonora","description":"HERMOSILLO, SONORA,MX.\u2500\u2500 En apoyo la econom\u00eda familiar y como parte de las estrategias de la reactivaci\u00f3n econ\u00f3mica en la entidad, el Gobierno del Estado En Sonora en Equipo publicamos toda la informaci\u00f3n de Sonora, M\u00e9xico y el Mundo de manera oportuna y busca que la libertad de expresi\u00f3n sea real. Visita nuestro medio informativo publicado desde Hermosillo, Sonora. %","robots":{"index":"index","follow":"follow","max-snippet":"max-snippet:-1","max-image-preview":"max-image-preview:large","max-video-preview":"max-video-preview:-1"},"canonical":"https:\/\/www.sonoraenequipo.com.mx\/podran-contribuyentes-ponerse-al-corriente-sin-pagar-recargos-luis-nunez\/","og_locale":"es_ES","og_type":"article","og_title":"Sonora en Equipo. Podr\u00e1n contribuyentes ponerse al corriente sin pagar recargos: Luis Nu\u00f1ez Sonora","og_description":"HERMOSILLO, SONORA,MX.\u2500\u2500 En apoyo la econom\u00eda familiar y como parte de las estrategias de la reactivaci\u00f3n econ\u00f3mica en la entidad, el Gobierno del Estado En Sonora en Equipo publicamos toda la informaci\u00f3n de Sonora, M\u00e9xico y el Mundo de manera oportuna y busca que la libertad de expresi\u00f3n sea real. Visita nuestro medio informativo publicado desde Hermosillo, Sonora. %","og_url":"https:\/\/www.sonoraenequipo.com.mx\/podran-contribuyentes-ponerse-al-corriente-sin-pagar-recargos-luis-nunez\/","og_site_name":"Sonora en Equipo.","article_publisher":"https:\/\/www.facebook.com\/SonoraEE\/","article_author":"https:\/\/www.facebook.com\/SonoraEE","article_published_time":"2020-11-13T23:50:30+00:00","article_modified_time":"2020-11-13T23:52:40+00:00","og_image":[{"width":552,"height":500,"url":"https:\/\/www.sonoraenequipo.com.mx\/storage\/2020\/09\/Luis-Nu\u00f1ez_opt.jpg","type":"image\/jpeg"}],"author":"enequipo","twitter_card":"summary_large_image","twitter_creator":"@sonoraenequipo","twitter_site":"@sonoraenequipo","twitter_misc":{"Escrito por":"enequipo","Tiempo de lectura":"2 minutos"},"schema":{"@context":"https:\/\/schema.org","@graph":[{"@type":"Article","@id":"https:\/\/www.sonoraenequipo.com.mx\/podran-contribuyentes-ponerse-al-corriente-sin-pagar-recargos-luis-nunez\/#article","isPartOf":{"@id":"https:\/\/www.sonoraenequipo.com.mx\/podran-contribuyentes-ponerse-al-corriente-sin-pagar-recargos-luis-nunez\/"},"author":{"name":"enequipo","@id":"https:\/\/www.sonoraenequipo.com.mx\/#\/schema\/person\/50102df0fb23a8fa9e8effad8fa81386"},"headline":"Podr\u00e1n contribuyentes ponerse al corriente sin pagar recargos: Luis Nu\u00f1ez","datePublished":"2020-11-13T23:50:30+00:00","dateModified":"2020-11-13T23:52:40+00:00","mainEntityOfPage":{"@id":"https:\/\/www.sonoraenequipo.com.mx\/podran-contribuyentes-ponerse-al-corriente-sin-pagar-recargos-luis-nunez\/"},"wordCount":483,"commentCount":0,"publisher":{"@id":"https:\/\/www.sonoraenequipo.com.mx\/#organization"},"image":{"@id":"https:\/\/www.sonoraenequipo.com.mx\/podran-contribuyentes-ponerse-al-corriente-sin-pagar-recargos-luis-nunez\/#primaryimage"},"thumbnailUrl":"https:\/\/www.sonoraenequipo.com.mx\/storage\/2020\/09\/Luis-Nu\u00f1ez_opt.jpg","keywords":["econom\u00eda","Sonora"],"articleSection":["Sonora"],"inLanguage":"es","potentialAction":[{"@type":"CommentAction","name":"Comment","target":["https:\/\/www.sonoraenequipo.com.mx\/podran-contribuyentes-ponerse-al-corriente-sin-pagar-recargos-luis-nunez\/#respond"]}]},{"@type":"WebPage","@id":"https:\/\/www.sonoraenequipo.com.mx\/podran-contribuyentes-ponerse-al-corriente-sin-pagar-recargos-luis-nunez\/","url":"https:\/\/www.sonoraenequipo.com.mx\/podran-contribuyentes-ponerse-al-corriente-sin-pagar-recargos-luis-nunez\/","name":"Sonora en Equipo. Podr\u00e1n contribuyentes ponerse al corriente sin pagar recargos: Luis Nu\u00f1ez Sonora","isPartOf":{"@id":"https:\/\/www.sonoraenequipo.com.mx\/#website"},"primaryImageOfPage":{"@id":"https:\/\/www.sonoraenequipo.com.mx\/podran-contribuyentes-ponerse-al-corriente-sin-pagar-recargos-luis-nunez\/#primaryimage"},"image":{"@id":"https:\/\/www.sonoraenequipo.com.mx\/podran-contribuyentes-ponerse-al-corriente-sin-pagar-recargos-luis-nunez\/#primaryimage"},"thumbnailUrl":"https:\/\/www.sonoraenequipo.com.mx\/storage\/2020\/09\/Luis-Nu\u00f1ez_opt.jpg","datePublished":"2020-11-13T23:50:30+00:00","dateModified":"2020-11-13T23:52:40+00:00","description":"HERMOSILLO, SONORA,MX.\u2500\u2500 En apoyo la econom\u00eda familiar y como parte de las estrategias de la reactivaci\u00f3n econ\u00f3mica en la entidad, el Gobierno del Estado En Sonora en Equipo publicamos toda la informaci\u00f3n de Sonora, M\u00e9xico y el Mundo de manera oportuna y busca que la libertad de expresi\u00f3n sea real. Visita nuestro medio informativo publicado desde Hermosillo, Sonora. %","breadcrumb":{"@id":"https:\/\/www.sonoraenequipo.com.mx\/podran-contribuyentes-ponerse-al-corriente-sin-pagar-recargos-luis-nunez\/#breadcrumb"},"inLanguage":"es","potentialAction":[{"@type":"ReadAction","target":["https:\/\/www.sonoraenequipo.com.mx\/podran-contribuyentes-ponerse-al-corriente-sin-pagar-recargos-luis-nunez\/"]}]},{"@type":"ImageObject","inLanguage":"es","@id":"https:\/\/www.sonoraenequipo.com.mx\/podran-contribuyentes-ponerse-al-corriente-sin-pagar-recargos-luis-nunez\/#primaryimage","url":"https:\/\/www.sonoraenequipo.com.mx\/storage\/2020\/09\/Luis-Nu\u00f1ez_opt.jpg","contentUrl":"https:\/\/www.sonoraenequipo.com.mx\/storage\/2020\/09\/Luis-Nu\u00f1ez_opt.jpg","width":552,"height":500},{"@type":"BreadcrumbList","@id":"https:\/\/www.sonoraenequipo.com.mx\/podran-contribuyentes-ponerse-al-corriente-sin-pagar-recargos-luis-nunez\/#breadcrumb","itemListElement":[{"@type":"ListItem","position":1,"name":"Portada","item":"https:\/\/www.sonoraenequipo.com.mx\/"},{"@type":"ListItem","position":2,"name":"Podr\u00e1n contribuyentes ponerse al corriente sin pagar recargos: Luis Nu\u00f1ez"}]},{"@type":"WebSite","@id":"https:\/\/www.sonoraenequipo.com.mx\/#website","url":"https:\/\/www.sonoraenequipo.com.mx\/","name":"Sonora en Equipo.","description":"Diario en l\u00ednea con Noticias desde Hermosillo, Sonora","publisher":{"@id":"https:\/\/www.sonoraenequipo.com.mx\/#organization"},"potentialAction":[{"@type":"SearchAction","target":{"@type":"EntryPoint","urlTemplate":"https:\/\/www.sonoraenequipo.com.mx\/?s={search_term_string}"},"query-input":{"@type":"PropertyValueSpecification","valueRequired":true,"valueName":"search_term_string"}}],"inLanguage":"es"},{"@type":"Organization","@id":"https:\/\/www.sonoraenequipo.com.mx\/#organization","name":"Sonoraenequipo.com.mx","url":"https:\/\/www.sonoraenequipo.com.mx\/","logo":{"@type":"ImageObject","inLanguage":"es","@id":"https:\/\/www.sonoraenequipo.com.mx\/#\/schema\/logo\/image\/","url":"https:\/\/www.sonoraenequipo.com.mx\/storage\/2019\/01\/sonoraenequipo_opt.png","contentUrl":"https:\/\/www.sonoraenequipo.com.mx\/storage\/2019\/01\/sonoraenequipo_opt.png","width":375,"height":125,"caption":"Sonoraenequipo.com.mx"},"image":{"@id":"https:\/\/www.sonoraenequipo.com.mx\/#\/schema\/logo\/image\/"},"sameAs":["https:\/\/www.facebook.com\/SonoraEE\/","https:\/\/x.com\/sonoraenequipo","https:\/\/www.youtube.com\/channel\/UC338nW-lPEYmJQs4ZABQ1SQ"]},{"@type":"Person","@id":"https:\/\/www.sonoraenequipo.com.mx\/#\/schema\/person\/50102df0fb23a8fa9e8effad8fa81386","name":"enequipo","image":{"@type":"ImageObject","inLanguage":"es","@id":"https:\/\/www.sonoraenequipo.com.mx\/#\/schema\/person\/image\/","url":"https:\/\/secure.gravatar.com\/avatar\/049821681b589dabc0bc20695993ccebb09f5b5d4d790cd9251b97faac7c652b?s=96&d=blank&r=g","contentUrl":"https:\/\/secure.gravatar.com\/avatar\/049821681b589dabc0bc20695993ccebb09f5b5d4d790cd9251b97faac7c652b?s=96&d=blank&r=g","caption":"enequipo"},"sameAs":["https:\/\/www.facebook.com\/SonoraEE"]}]}},"jetpack_featured_media_url":"https:\/\/www.sonoraenequipo.com.mx\/storage\/2020\/09\/Luis-Nu\u00f1ez_opt.jpg","_links":{"self":[{"href":"https:\/\/www.sonoraenequipo.com.mx\/api\/wp\/v2\/posts\/100254","targetHints":{"allow":["GET"]}}],"collection":[{"href":"https:\/\/www.sonoraenequipo.com.mx\/api\/wp\/v2\/posts"}],"about":[{"href":"https:\/\/www.sonoraenequipo.com.mx\/api\/wp\/v2\/types\/post"}],"author":[{"embeddable":true,"href":"https:\/\/www.sonoraenequipo.com.mx\/api\/wp\/v2\/users\/1"}],"replies":[{"embeddable":true,"href":"https:\/\/www.sonoraenequipo.com.mx\/api\/wp\/v2\/comments?post=100254"}],"version-history":[{"count":1,"href":"https:\/\/www.sonoraenequipo.com.mx\/api\/wp\/v2\/posts\/100254\/revisions"}],"predecessor-version":[{"id":100255,"href":"https:\/\/www.sonoraenequipo.com.mx\/api\/wp\/v2\/posts\/100254\/revisions\/100255"}],"wp:featuredmedia":[{"embeddable":true,"href":"https:\/\/www.sonoraenequipo.com.mx\/api\/wp\/v2\/media\/95080"}],"wp:attachment":[{"href":"https:\/\/www.sonoraenequipo.com.mx\/api\/wp\/v2\/media?parent=100254"}],"wp:term":[{"taxonomy":"category","embeddable":true,"href":"https:\/\/www.sonoraenequipo.com.mx\/api\/wp\/v2\/categories?post=100254"},{"taxonomy":"post_tag","embeddable":true,"href":"https:\/\/www.sonoraenequipo.com.mx\/api\/wp\/v2\/tags?post=100254"}],"curies":[{"name":"wp","href":"https:\/\/api.w.org\/{rel}","templated":true}]}}