{"id":100270,"date":"2020-11-13T18:35:31","date_gmt":"2020-11-14T01:35:31","guid":{"rendered":"https:\/\/www.sonoraenequipo.com.mx\/?p=100270"},"modified":"2020-11-13T22:17:08","modified_gmt":"2020-11-14T05:17:08","slug":"en-octubre-retiros-por-desempleo-en-las-afore-registran-maximo-historico","status":"publish","type":"post","link":"https:\/\/www.sonoraenequipo.com.mx\/en-octubre-retiros-por-desempleo-en-las-afore-registran-maximo-historico\/","title":{"rendered":"En octubre, retiros por desempleo en las Afore registran m\u00e1ximo hist\u00f3rico"},"content":{"rendered":"<p>CIUDAD DE M\u00c9XICO. MX. \u2014 Durante el mes de octubre, los retiros por desempleo que realizan los trabajadores con una cuenta individual de Afore sumaron 2 mil 94 millones de pesos, lo que representa un aumento de 69 por ciento en comparaci\u00f3n con el mismo mes de 2019.<\/p>\n<p>&nbsp;<\/p>\n<p> <\/p>\n<p>&nbsp;<\/p>\n<p>De acuerdo con datos de la Comisi\u00f3n Nacional del Sistema de Ahorro para el Retiro(Consar), se trata del monto m\u00e1ximo alcanzado para un periodo similar y la primera vez que en un mes se alcanzan montos que superen los 2 mil millones de pesos.<\/p>\n<p>&nbsp;<\/p>\n<p>En la comparaci\u00f3n mensual, la Consar indic\u00f3 que esta cifra es 11 por ciento mayor a los mil 880 millones de pesos que se solicitaron durante septiembre. Durante los primeros 10 meses de este 2020, los retiros por desempleo suman 16 mil 471 millones de pesos, cifra que supera en 36.9 por ciento todo lo retirado en 2019, cuando por desempleo los trabajadores con cuenta de Afore sacaron 12 mil 30 millones de pesos.<br \/>\n\u00bfPor qu\u00e9 motivos se puede retirar por desempleo de las Afore?<\/p>\n<p>&nbsp;<\/p>\n<p>Los trabajadores con una cuenta de Afore tienen derecho a retirar recursos por desempleo en dos modalidades. La primera permite retirar hasta 30 d\u00edas del \u00faltimo salario base de cotizaci\u00f3n con un l\u00edmite de 10 Unidades de Medida de Actualizaci\u00f3n.<\/p>\n<p>&nbsp;<\/p>\n<p>La segunda permite al trabajador lo que d\u00e9 una cantidad menor entre 90 d\u00edas del salario base de cotizaci\u00f3n en las \u00faltimas 250 semanas o las que tuviera y 11.5 por ciento de los recursos acumulados en la subcuenta de Retiro, Cesant\u00eda en edad avanzada y Vejez (RCV)<\/p>\n<p>&nbsp;<\/p>\n<p>&nbsp;<\/p>\n<p>&nbsp;<\/p>\n<p>(Publicada el 13\/11\/2020 \/Milenio )<\/p>\n","protected":false},"excerpt":{"rendered":"<p>CIUDAD DE M\u00c9XICO. MX. \u2014 Durante el mes de octubre, los retiros por desempleo que&#8230;<\/p>\n","protected":false},"author":1,"featured_media":100276,"comment_status":"open","ping_status":"open","sticky":false,"template":"","format":"standard","meta":{"_monsterinsights_skip_tracking":false,"_monsterinsights_sitenote_active":false,"_monsterinsights_sitenote_note":"","_monsterinsights_sitenote_category":0,"footnotes":""},"categories":[5],"tags":[],"class_list":["post"],"yoast_head":" \n<title>Sonora en Equipo. En octubre, retiros por desempleo en las Afore registran m\u00e1ximo hist\u00f3rico Rep\u00fablica<\/title>\n<meta name=\"description\" content=\"CIUDAD DE M\u00c9XICO. MX. \u2014 Durante el mes de octubre, los retiros por desempleo que realizan los trabajadores con una cuenta individual de Afore sumaron 2 En Sonora en Equipo publicamos toda la informaci\u00f3n de Sonora, M\u00e9xico y el Mundo de manera oportuna y busca que la libertad de expresi\u00f3n sea real. Visita nuestro medio informativo publicado desde Hermosillo, Sonora. %\" \/>\n<meta name=\"robots\" content=\"index, follow, max-snippet:-1, max-image-preview:large, max-video-preview:-1\" \/>\n<link rel=\"canonical\" href=\"https:\/\/www.sonoraenequipo.com.mx\/en-octubre-retiros-por-desempleo-en-las-afore-registran-maximo-historico\/\" \/>\n<meta property=\"og:locale\" content=\"es_ES\" \/>\n<meta property=\"og:type\" content=\"article\" \/>\n<meta property=\"og:title\" content=\"Sonora en Equipo. En octubre, retiros por desempleo en las Afore registran m\u00e1ximo hist\u00f3rico Rep\u00fablica\" \/>\n<meta property=\"og:description\" content=\"CIUDAD DE M\u00c9XICO. MX. \u2014 Durante el mes de octubre, los retiros por desempleo que realizan los trabajadores con una cuenta individual de Afore sumaron 2 En Sonora en Equipo publicamos toda la informaci\u00f3n de Sonora, M\u00e9xico y el Mundo de manera oportuna y busca que la libertad de expresi\u00f3n sea real. Visita nuestro medio informativo publicado desde Hermosillo, Sonora. %\" \/>\n<meta property=\"og:url\" content=\"https:\/\/www.sonoraenequipo.com.mx\/en-octubre-retiros-por-desempleo-en-las-afore-registran-maximo-historico\/\" \/>\n<meta property=\"og:site_name\" content=\"Sonora en Equipo.\" \/>\n<meta property=\"article:publisher\" content=\"https:\/\/www.facebook.com\/SonoraEE\/\" \/>\n<meta property=\"article:author\" content=\"https:\/\/www.facebook.com\/SonoraEE\" \/>\n<meta property=\"article:published_time\" content=\"2020-11-14T01:35:31+00:00\" \/>\n<meta property=\"article:modified_time\" content=\"2020-11-14T05:17:08+00:00\" \/>\n<meta property=\"og:image\" content=\"https:\/\/www.sonoraenequipo.com.mx\/storage\/2020\/11\/afore_en-octubre_opt.jpg\" \/>\n\t<meta property=\"og:image:width\" content=\"533\" \/>\n\t<meta property=\"og:image:height\" content=\"400\" \/>\n\t<meta property=\"og:image:type\" content=\"image\/jpeg\" \/>\n<meta name=\"author\" content=\"enequipo\" \/>\n<meta name=\"twitter:card\" content=\"summary_large_image\" \/>\n<meta name=\"twitter:creator\" content=\"@sonoraenequipo\" \/>\n<meta name=\"twitter:site\" content=\"@sonoraenequipo\" \/>\n<meta name=\"twitter:label1\" content=\"Escrito por\" \/>\n\t<meta name=\"twitter:data1\" content=\"enequipo\" \/>\n\t<meta name=\"twitter:label2\" content=\"Tiempo de lectura\" \/>\n\t<meta name=\"twitter:data2\" content=\"1 minuto\" \/>\n<script type=\"application\/ld+json\" class=\"yoast-schema-graph\">{\"@context\":\"https:\/\/schema.org\",\"@graph\":[{\"@type\":\"Article\",\"@id\":\"https:\/\/www.sonoraenequipo.com.mx\/en-octubre-retiros-por-desempleo-en-las-afore-registran-maximo-historico\/#article\",\"isPartOf\":{\"@id\":\"https:\/\/www.sonoraenequipo.com.mx\/en-octubre-retiros-por-desempleo-en-las-afore-registran-maximo-historico\/\"},\"author\":{\"name\":\"enequipo\",\"@id\":\"https:\/\/www.sonoraenequipo.com.mx\/#\/schema\/person\/50102df0fb23a8fa9e8effad8fa81386\"},\"headline\":\"En octubre, retiros por desempleo en las Afore registran m\u00e1ximo hist\u00f3rico\",\"datePublished\":\"2020-11-14T01:35:31+00:00\",\"dateModified\":\"2020-11-14T05:17:08+00:00\",\"mainEntityOfPage\":{\"@id\":\"https:\/\/www.sonoraenequipo.com.mx\/en-octubre-retiros-por-desempleo-en-las-afore-registran-maximo-historico\/\"},\"wordCount\":281,\"commentCount\":0,\"publisher\":{\"@id\":\"https:\/\/www.sonoraenequipo.com.mx\/#organization\"},\"image\":{\"@id\":\"https:\/\/www.sonoraenequipo.com.mx\/en-octubre-retiros-por-desempleo-en-las-afore-registran-maximo-historico\/#primaryimage\"},\"thumbnailUrl\":\"https:\/\/www.sonoraenequipo.com.mx\/storage\/2020\/11\/afore_en-octubre_opt.jpg\",\"articleSection\":[\"Rep\u00fablica\"],\"inLanguage\":\"es\",\"potentialAction\":[{\"@type\":\"CommentAction\",\"name\":\"Comment\",\"target\":[\"https:\/\/www.sonoraenequipo.com.mx\/en-octubre-retiros-por-desempleo-en-las-afore-registran-maximo-historico\/#respond\"]}]},{\"@type\":\"WebPage\",\"@id\":\"https:\/\/www.sonoraenequipo.com.mx\/en-octubre-retiros-por-desempleo-en-las-afore-registran-maximo-historico\/\",\"url\":\"https:\/\/www.sonoraenequipo.com.mx\/en-octubre-retiros-por-desempleo-en-las-afore-registran-maximo-historico\/\",\"name\":\"Sonora en Equipo. En octubre, retiros por desempleo en las Afore registran m\u00e1ximo hist\u00f3rico Rep\u00fablica\",\"isPartOf\":{\"@id\":\"https:\/\/www.sonoraenequipo.com.mx\/#website\"},\"primaryImageOfPage\":{\"@id\":\"https:\/\/www.sonoraenequipo.com.mx\/en-octubre-retiros-por-desempleo-en-las-afore-registran-maximo-historico\/#primaryimage\"},\"image\":{\"@id\":\"https:\/\/www.sonoraenequipo.com.mx\/en-octubre-retiros-por-desempleo-en-las-afore-registran-maximo-historico\/#primaryimage\"},\"thumbnailUrl\":\"https:\/\/www.sonoraenequipo.com.mx\/storage\/2020\/11\/afore_en-octubre_opt.jpg\",\"datePublished\":\"2020-11-14T01:35:31+00:00\",\"dateModified\":\"2020-11-14T05:17:08+00:00\",\"description\":\"CIUDAD DE M\u00c9XICO. MX. \u2014 Durante el mes de octubre, los retiros por desempleo que realizan los trabajadores con una cuenta individual de Afore sumaron 2 En Sonora en Equipo publicamos toda la informaci\u00f3n de Sonora, M\u00e9xico y el Mundo de manera oportuna y busca que la libertad de expresi\u00f3n sea real. Visita nuestro medio informativo publicado desde Hermosillo, Sonora. %\",\"breadcrumb\":{\"@id\":\"https:\/\/www.sonoraenequipo.com.mx\/en-octubre-retiros-por-desempleo-en-las-afore-registran-maximo-historico\/#breadcrumb\"},\"inLanguage\":\"es\",\"potentialAction\":[{\"@type\":\"ReadAction\",\"target\":[\"https:\/\/www.sonoraenequipo.com.mx\/en-octubre-retiros-por-desempleo-en-las-afore-registran-maximo-historico\/\"]}]},{\"@type\":\"ImageObject\",\"inLanguage\":\"es\",\"@id\":\"https:\/\/www.sonoraenequipo.com.mx\/en-octubre-retiros-por-desempleo-en-las-afore-registran-maximo-historico\/#primaryimage\",\"url\":\"https:\/\/www.sonoraenequipo.com.mx\/storage\/2020\/11\/afore_en-octubre_opt.jpg\",\"contentUrl\":\"https:\/\/www.sonoraenequipo.com.mx\/storage\/2020\/11\/afore_en-octubre_opt.jpg\",\"width\":533,\"height\":400},{\"@type\":\"BreadcrumbList\",\"@id\":\"https:\/\/www.sonoraenequipo.com.mx\/en-octubre-retiros-por-desempleo-en-las-afore-registran-maximo-historico\/#breadcrumb\",\"itemListElement\":[{\"@type\":\"ListItem\",\"position\":1,\"name\":\"Portada\",\"item\":\"https:\/\/www.sonoraenequipo.com.mx\/\"},{\"@type\":\"ListItem\",\"position\":2,\"name\":\"En octubre, retiros por desempleo en las Afore registran m\u00e1ximo hist\u00f3rico\"}]},{\"@type\":\"WebSite\",\"@id\":\"https:\/\/www.sonoraenequipo.com.mx\/#website\",\"url\":\"https:\/\/www.sonoraenequipo.com.mx\/\",\"name\":\"Sonora en Equipo.\",\"description\":\"Diario en l\u00ednea con Noticias desde Hermosillo, Sonora\",\"publisher\":{\"@id\":\"https:\/\/www.sonoraenequipo.com.mx\/#organization\"},\"potentialAction\":[{\"@type\":\"SearchAction\",\"target\":{\"@type\":\"EntryPoint\",\"urlTemplate\":\"https:\/\/www.sonoraenequipo.com.mx\/?s={search_term_string}\"},\"query-input\":{\"@type\":\"PropertyValueSpecification\",\"valueRequired\":true,\"valueName\":\"search_term_string\"}}],\"inLanguage\":\"es\"},{\"@type\":\"Organization\",\"@id\":\"https:\/\/www.sonoraenequipo.com.mx\/#organization\",\"name\":\"Sonoraenequipo.com.mx\",\"url\":\"https:\/\/www.sonoraenequipo.com.mx\/\",\"logo\":{\"@type\":\"ImageObject\",\"inLanguage\":\"es\",\"@id\":\"https:\/\/www.sonoraenequipo.com.mx\/#\/schema\/logo\/image\/\",\"url\":\"https:\/\/www.sonoraenequipo.com.mx\/storage\/2019\/01\/sonoraenequipo_opt.png\",\"contentUrl\":\"https:\/\/www.sonoraenequipo.com.mx\/storage\/2019\/01\/sonoraenequipo_opt.png\",\"width\":375,\"height\":125,\"caption\":\"Sonoraenequipo.com.mx\"},\"image\":{\"@id\":\"https:\/\/www.sonoraenequipo.com.mx\/#\/schema\/logo\/image\/\"},\"sameAs\":[\"https:\/\/www.facebook.com\/SonoraEE\/\",\"https:\/\/x.com\/sonoraenequipo\",\"https:\/\/www.youtube.com\/channel\/UC338nW-lPEYmJQs4ZABQ1SQ\"]},{\"@type\":\"Person\",\"@id\":\"https:\/\/www.sonoraenequipo.com.mx\/#\/schema\/person\/50102df0fb23a8fa9e8effad8fa81386\",\"name\":\"enequipo\",\"image\":{\"@type\":\"ImageObject\",\"inLanguage\":\"es\",\"@id\":\"https:\/\/www.sonoraenequipo.com.mx\/#\/schema\/person\/image\/\",\"url\":\"https:\/\/secure.gravatar.com\/avatar\/049821681b589dabc0bc20695993ccebb09f5b5d4d790cd9251b97faac7c652b?s=96&d=blank&r=g\",\"contentUrl\":\"https:\/\/secure.gravatar.com\/avatar\/049821681b589dabc0bc20695993ccebb09f5b5d4d790cd9251b97faac7c652b?s=96&d=blank&r=g\",\"caption\":\"enequipo\"},\"sameAs\":[\"https:\/\/www.facebook.com\/SonoraEE\"]}]}<\/script>\n ","yoast_head_json":{"title":"Sonora en Equipo. En octubre, retiros por desempleo en las Afore registran m\u00e1ximo hist\u00f3rico Rep\u00fablica","description":"CIUDAD DE M\u00c9XICO. MX. \u2014 Durante el mes de octubre, los retiros por desempleo que realizan los trabajadores con una cuenta individual de Afore sumaron 2 En Sonora en Equipo publicamos toda la informaci\u00f3n de Sonora, M\u00e9xico y el Mundo de manera oportuna y busca que la libertad de expresi\u00f3n sea real. Visita nuestro medio informativo publicado desde Hermosillo, Sonora. %","robots":{"index":"index","follow":"follow","max-snippet":"max-snippet:-1","max-image-preview":"max-image-preview:large","max-video-preview":"max-video-preview:-1"},"canonical":"https:\/\/www.sonoraenequipo.com.mx\/en-octubre-retiros-por-desempleo-en-las-afore-registran-maximo-historico\/","og_locale":"es_ES","og_type":"article","og_title":"Sonora en Equipo. En octubre, retiros por desempleo en las Afore registran m\u00e1ximo hist\u00f3rico Rep\u00fablica","og_description":"CIUDAD DE M\u00c9XICO. MX. \u2014 Durante el mes de octubre, los retiros por desempleo que realizan los trabajadores con una cuenta individual de Afore sumaron 2 En Sonora en Equipo publicamos toda la informaci\u00f3n de Sonora, M\u00e9xico y el Mundo de manera oportuna y busca que la libertad de expresi\u00f3n sea real. Visita nuestro medio informativo publicado desde Hermosillo, Sonora. %","og_url":"https:\/\/www.sonoraenequipo.com.mx\/en-octubre-retiros-por-desempleo-en-las-afore-registran-maximo-historico\/","og_site_name":"Sonora en Equipo.","article_publisher":"https:\/\/www.facebook.com\/SonoraEE\/","article_author":"https:\/\/www.facebook.com\/SonoraEE","article_published_time":"2020-11-14T01:35:31+00:00","article_modified_time":"2020-11-14T05:17:08+00:00","og_image":[{"width":533,"height":400,"url":"https:\/\/www.sonoraenequipo.com.mx\/storage\/2020\/11\/afore_en-octubre_opt.jpg","type":"image\/jpeg"}],"author":"enequipo","twitter_card":"summary_large_image","twitter_creator":"@sonoraenequipo","twitter_site":"@sonoraenequipo","twitter_misc":{"Escrito por":"enequipo","Tiempo de lectura":"1 minuto"},"schema":{"@context":"https:\/\/schema.org","@graph":[{"@type":"Article","@id":"https:\/\/www.sonoraenequipo.com.mx\/en-octubre-retiros-por-desempleo-en-las-afore-registran-maximo-historico\/#article","isPartOf":{"@id":"https:\/\/www.sonoraenequipo.com.mx\/en-octubre-retiros-por-desempleo-en-las-afore-registran-maximo-historico\/"},"author":{"name":"enequipo","@id":"https:\/\/www.sonoraenequipo.com.mx\/#\/schema\/person\/50102df0fb23a8fa9e8effad8fa81386"},"headline":"En octubre, retiros por desempleo en las Afore registran m\u00e1ximo hist\u00f3rico","datePublished":"2020-11-14T01:35:31+00:00","dateModified":"2020-11-14T05:17:08+00:00","mainEntityOfPage":{"@id":"https:\/\/www.sonoraenequipo.com.mx\/en-octubre-retiros-por-desempleo-en-las-afore-registran-maximo-historico\/"},"wordCount":281,"commentCount":0,"publisher":{"@id":"https:\/\/www.sonoraenequipo.com.mx\/#organization"},"image":{"@id":"https:\/\/www.sonoraenequipo.com.mx\/en-octubre-retiros-por-desempleo-en-las-afore-registran-maximo-historico\/#primaryimage"},"thumbnailUrl":"https:\/\/www.sonoraenequipo.com.mx\/storage\/2020\/11\/afore_en-octubre_opt.jpg","articleSection":["Rep\u00fablica"],"inLanguage":"es","potentialAction":[{"@type":"CommentAction","name":"Comment","target":["https:\/\/www.sonoraenequipo.com.mx\/en-octubre-retiros-por-desempleo-en-las-afore-registran-maximo-historico\/#respond"]}]},{"@type":"WebPage","@id":"https:\/\/www.sonoraenequipo.com.mx\/en-octubre-retiros-por-desempleo-en-las-afore-registran-maximo-historico\/","url":"https:\/\/www.sonoraenequipo.com.mx\/en-octubre-retiros-por-desempleo-en-las-afore-registran-maximo-historico\/","name":"Sonora en Equipo. En octubre, retiros por desempleo en las Afore registran m\u00e1ximo hist\u00f3rico Rep\u00fablica","isPartOf":{"@id":"https:\/\/www.sonoraenequipo.com.mx\/#website"},"primaryImageOfPage":{"@id":"https:\/\/www.sonoraenequipo.com.mx\/en-octubre-retiros-por-desempleo-en-las-afore-registran-maximo-historico\/#primaryimage"},"image":{"@id":"https:\/\/www.sonoraenequipo.com.mx\/en-octubre-retiros-por-desempleo-en-las-afore-registran-maximo-historico\/#primaryimage"},"thumbnailUrl":"https:\/\/www.sonoraenequipo.com.mx\/storage\/2020\/11\/afore_en-octubre_opt.jpg","datePublished":"2020-11-14T01:35:31+00:00","dateModified":"2020-11-14T05:17:08+00:00","description":"CIUDAD DE M\u00c9XICO. MX. \u2014 Durante el mes de octubre, los retiros por desempleo que realizan los trabajadores con una cuenta individual de Afore sumaron 2 En Sonora en Equipo publicamos toda la informaci\u00f3n de Sonora, M\u00e9xico y el Mundo de manera oportuna y busca que la libertad de expresi\u00f3n sea real. Visita nuestro medio informativo publicado desde Hermosillo, Sonora. %","breadcrumb":{"@id":"https:\/\/www.sonoraenequipo.com.mx\/en-octubre-retiros-por-desempleo-en-las-afore-registran-maximo-historico\/#breadcrumb"},"inLanguage":"es","potentialAction":[{"@type":"ReadAction","target":["https:\/\/www.sonoraenequipo.com.mx\/en-octubre-retiros-por-desempleo-en-las-afore-registran-maximo-historico\/"]}]},{"@type":"ImageObject","inLanguage":"es","@id":"https:\/\/www.sonoraenequipo.com.mx\/en-octubre-retiros-por-desempleo-en-las-afore-registran-maximo-historico\/#primaryimage","url":"https:\/\/www.sonoraenequipo.com.mx\/storage\/2020\/11\/afore_en-octubre_opt.jpg","contentUrl":"https:\/\/www.sonoraenequipo.com.mx\/storage\/2020\/11\/afore_en-octubre_opt.jpg","width":533,"height":400},{"@type":"BreadcrumbList","@id":"https:\/\/www.sonoraenequipo.com.mx\/en-octubre-retiros-por-desempleo-en-las-afore-registran-maximo-historico\/#breadcrumb","itemListElement":[{"@type":"ListItem","position":1,"name":"Portada","item":"https:\/\/www.sonoraenequipo.com.mx\/"},{"@type":"ListItem","position":2,"name":"En octubre, retiros por desempleo en las Afore registran m\u00e1ximo hist\u00f3rico"}]},{"@type":"WebSite","@id":"https:\/\/www.sonoraenequipo.com.mx\/#website","url":"https:\/\/www.sonoraenequipo.com.mx\/","name":"Sonora en Equipo.","description":"Diario en l\u00ednea con Noticias desde Hermosillo, Sonora","publisher":{"@id":"https:\/\/www.sonoraenequipo.com.mx\/#organization"},"potentialAction":[{"@type":"SearchAction","target":{"@type":"EntryPoint","urlTemplate":"https:\/\/www.sonoraenequipo.com.mx\/?s={search_term_string}"},"query-input":{"@type":"PropertyValueSpecification","valueRequired":true,"valueName":"search_term_string"}}],"inLanguage":"es"},{"@type":"Organization","@id":"https:\/\/www.sonoraenequipo.com.mx\/#organization","name":"Sonoraenequipo.com.mx","url":"https:\/\/www.sonoraenequipo.com.mx\/","logo":{"@type":"ImageObject","inLanguage":"es","@id":"https:\/\/www.sonoraenequipo.com.mx\/#\/schema\/logo\/image\/","url":"https:\/\/www.sonoraenequipo.com.mx\/storage\/2019\/01\/sonoraenequipo_opt.png","contentUrl":"https:\/\/www.sonoraenequipo.com.mx\/storage\/2019\/01\/sonoraenequipo_opt.png","width":375,"height":125,"caption":"Sonoraenequipo.com.mx"},"image":{"@id":"https:\/\/www.sonoraenequipo.com.mx\/#\/schema\/logo\/image\/"},"sameAs":["https:\/\/www.facebook.com\/SonoraEE\/","https:\/\/x.com\/sonoraenequipo","https:\/\/www.youtube.com\/channel\/UC338nW-lPEYmJQs4ZABQ1SQ"]},{"@type":"Person","@id":"https:\/\/www.sonoraenequipo.com.mx\/#\/schema\/person\/50102df0fb23a8fa9e8effad8fa81386","name":"enequipo","image":{"@type":"ImageObject","inLanguage":"es","@id":"https:\/\/www.sonoraenequipo.com.mx\/#\/schema\/person\/image\/","url":"https:\/\/secure.gravatar.com\/avatar\/049821681b589dabc0bc20695993ccebb09f5b5d4d790cd9251b97faac7c652b?s=96&d=blank&r=g","contentUrl":"https:\/\/secure.gravatar.com\/avatar\/049821681b589dabc0bc20695993ccebb09f5b5d4d790cd9251b97faac7c652b?s=96&d=blank&r=g","caption":"enequipo"},"sameAs":["https:\/\/www.facebook.com\/SonoraEE"]}]}},"jetpack_featured_media_url":"https:\/\/www.sonoraenequipo.com.mx\/storage\/2020\/11\/afore_en-octubre_opt.jpg","_links":{"self":[{"href":"https:\/\/www.sonoraenequipo.com.mx\/api\/wp\/v2\/posts\/100270","targetHints":{"allow":["GET"]}}],"collection":[{"href":"https:\/\/www.sonoraenequipo.com.mx\/api\/wp\/v2\/posts"}],"about":[{"href":"https:\/\/www.sonoraenequipo.com.mx\/api\/wp\/v2\/types\/post"}],"author":[{"embeddable":true,"href":"https:\/\/www.sonoraenequipo.com.mx\/api\/wp\/v2\/users\/1"}],"replies":[{"embeddable":true,"href":"https:\/\/www.sonoraenequipo.com.mx\/api\/wp\/v2\/comments?post=100270"}],"version-history":[{"count":2,"href":"https:\/\/www.sonoraenequipo.com.mx\/api\/wp\/v2\/posts\/100270\/revisions"}],"predecessor-version":[{"id":100298,"href":"https:\/\/www.sonoraenequipo.com.mx\/api\/wp\/v2\/posts\/100270\/revisions\/100298"}],"wp:featuredmedia":[{"embeddable":true,"href":"https:\/\/www.sonoraenequipo.com.mx\/api\/wp\/v2\/media\/100276"}],"wp:attachment":[{"href":"https:\/\/www.sonoraenequipo.com.mx\/api\/wp\/v2\/media?parent=100270"}],"wp:term":[{"taxonomy":"category","embeddable":true,"href":"https:\/\/www.sonoraenequipo.com.mx\/api\/wp\/v2\/categories?post=100270"},{"taxonomy":"post_tag","embeddable":true,"href":"https:\/\/www.sonoraenequipo.com.mx\/api\/wp\/v2\/tags?post=100270"}],"curies":[{"name":"wp","href":"https:\/\/api.w.org\/{rel}","templated":true}]}}