{"id":100272,"date":"2020-11-13T17:53:20","date_gmt":"2020-11-14T00:53:20","guid":{"rendered":"https:\/\/www.sonoraenequipo.com.mx\/?p=100272"},"modified":"2020-11-13T17:53:20","modified_gmt":"2020-11-14T00:53:20","slug":"frijol-negro-un-alimento-accesible-nutritivo-y-antioxidante","status":"publish","type":"post","link":"https:\/\/www.sonoraenequipo.com.mx\/frijol-negro-un-alimento-accesible-nutritivo-y-antioxidante\/","title":{"rendered":"Frijol negro: un alimento accesible, nutritivo y antioxidante"},"content":{"rendered":"<p>En la actualidad las personas son cada vez m\u00e1s conscientes de la importancia del autocuidado y buscan consumir productos que contribuyan a su salud y bienestar. Debido a esto hay una tendencia a procurar alimentos funcionales, los cuales se caracterizan por contener componentes bioactivos que proporcionan beneficios m\u00e1s all\u00e1 de la nutrici\u00f3n b\u00e1sica y pueden prevenir enfermedades como diabetes, c\u00e1ncer y enfermedades del coraz\u00f3n (Ulloa et al., 2011).<\/p>\n<p>&nbsp;<\/p>\n<p>&nbsp;<\/p>\n<p>&nbsp;<\/p>\n<p>A consecuencia de este inter\u00e9s en la relaci\u00f3n entre alimentaci\u00f3n y salud se ha presentado un aumento en los \u00faltimos a\u00f1os en el consumo de alimentos de origen vegetal, principalmente frutas, verduras, cereales y leguminosas, ya que son excelentes fuentes de antioxidantes, tales como las vitaminas C, E y A y beta caroteno.<\/p>\n<p>&nbsp;<\/p>\n<p>&nbsp;<\/p>\n<p>&nbsp;<\/p>\n<p>Los antioxidantes son mol\u00e9culas capaces de neutralizar la acci\u00f3n oxidante de los radicales libres mediante la liberaci\u00f3n de electrones en nuestra sangre (Avello y Suwalsky, 2006). Su consumo supone una protecci\u00f3n adicional contra la acci\u00f3n nociva de sustancias provenientes de la dieta y del entorno ambiental que afectan nuestra salud. El da\u00f1o celular causado por los radicales libres puede dar lugar a una serie de enfermedades degenerativas y cr\u00f3nicas como la enfermedad de Alzheimer, muchos tipos de c\u00e1ncer, enfermedades del coraz\u00f3n, problemas del sistema inmune, diabetes, etc. Es importante mencionar que estas enfermedades son la primera causa de muerte en M\u00e9xico.<\/p>\n<p>&nbsp;<\/p>\n<p>&nbsp;<\/p>\n<p>&nbsp;<\/p>\n<p>Algunas fuentes m\u00e1s espec\u00edficas de antioxidantes son los c\u00edtricos, la cebolla, las aceitunas y los frijoles. En este caso hablaremos acerca de los frijoles negros, los cuales se consideran un alimento saludable y funcional con buen valor nutritivo, ya que presentan un alto contenido de prote\u00ednas y un alto contenido de fibra diet\u00e9tica, as\u00ed como fitatos, taninos y oligosac\u00e1ridos no digeribles (Araya y Lutz, 2003).<\/p>\n<p>&nbsp;<\/p>\n<p>&nbsp;<\/p>\n<p>&nbsp;<\/p>\n<p>El frijol negro es el tipo de frijol m\u00e1s consumido en el centro y suroeste de M\u00e9xico. Esta leguminosa tiene algunas ventajas sobre otros tipos de frijol, como, por ejemplo, en que su precio es muy accesible en comparaci\u00f3n con la variedad mayocoba, la cual es la m\u00e1s consumida en el norte del pa\u00eds. En la siguiente tabla se muestra una comparaci\u00f3n del aporte nutritivo entre negro y mayocoba.<\/p>\n<p>Comparaci\u00f3n del aporte nutricional entre el frijol negro<\/p>\n<p>y el frijol mayocoba<\/p>\n<table style=\"height: 467px;\" width=\"563\">\n<tbody>\n<tr>\n<td width=\"97\">Propiedad nutricional<\/td>\n<td width=\"64\">Frijol negro<\/td>\n<td width=\"77\">Frijol mayocoba<\/td>\n<\/tr>\n<tr>\n<td width=\"97\">Energ\u00eda<\/td>\n<td width=\"64\">284.53 kcal<\/td>\n<td width=\"77\">337.46 Kcal<\/td>\n<\/tr>\n<tr>\n<td width=\"97\">Carbohidratos<\/td>\n<td width=\"64\">39.21%<\/td>\n<td width=\"77\">60.09%<\/td>\n<\/tr>\n<tr>\n<td width=\"97\">Fibra<\/td>\n<td width=\"64\">12.22%<\/td>\n<td width=\"77\">7.09%<\/td>\n<\/tr>\n<tr>\n<td width=\"97\">Prote\u00edna<\/td>\n<td width=\"64\">22.50%<\/td>\n<td width=\"77\">20.12%<\/td>\n<\/tr>\n<tr>\n<td width=\"97\">Grasas<\/td>\n<td width=\"64\">0.97%<\/td>\n<td width=\"77\">0.48%<\/td>\n<\/tr>\n<\/tbody>\n<\/table>\n<p>(Fuente: Fern\u00e1ndez, 2017).<\/p>\n<p>&nbsp;<\/p>\n<p>&nbsp;<\/p>\n<p>&nbsp;<\/p>\n<p>&nbsp;<\/p>\n<p>&nbsp;<\/p>\n<p>&nbsp;<\/p>\n<p>&nbsp;<\/p>\n<p>&nbsp;<\/p>\n<p>Adem\u00e1s de que el consumo de frijol negro aporta nutrientes como (Lara-Flores, 2015; Palacios, 2015):<\/p>\n<p>&nbsp;<\/p>\n<p>&nbsp;<\/p>\n<p>&nbsp;<\/p>\n<p>Prote\u00ednas.- Aporta alrededor de 8.86 g de prote\u00edna por cada 100 gramos. Contienen una gran cantidad de prote\u00ednas similares a la carne. Adem\u00e1s, pueden proveernos de todos los amino\u00e1cidos que el organismo necesita, pero, a diferencia de la carne, contiene muy poca grasa saturada y nada de colesterol, lo cual los hace especialmente saludables.<\/p>\n<p>Antioxidantes.- Los antioxidantes presentes en el frijol negro son el \u00e1cido f\u00edtico, que se ha demostrado que reduce el riesgo de contraer c\u00e1ncer, principalmente del colon y de seno, y los taninos, que son sustancias astringentes y de sabor amargo, que pertenecen a la familia de los polifenoles y funcionan como antioxidantes, anticancer\u00edgenos y antimutag\u00e9nicos.<\/p>\n<p>Fibra.- El frijol negro es rico en fibra, tanto soluble como insoluble. La fibra soluble puede reducir los niveles de colesterol, as\u00ed como tambi\u00e9n regular los niveles de az\u00facar del organismo, lo que hace al frijol negro ideal para los pacientes diab\u00e9ticos. La fibra insoluble ayuda a regular el aparato digestivo y previene el estre\u00f1imiento.<\/p>\n<p>Minerales.- Tiene un alto contenido en magnesio y es una buena fuente de potasio, hierro, calcio, zinc y f\u00f3sforo. Tambi\u00e9n contiene molibdeno, cuya funci\u00f3n principal es desintoxicar al organismo del sulfito proveniente de distintos alimentos, como los embutidos (salchichas, jamones, etc.)<\/p>\n<p>&nbsp;<\/p>\n<p>&nbsp;<\/p>\n<p>&nbsp;<\/p>\n<p>Respecto a los polifenoles, los cuales se ha reportado que pueden prevenir enfermedades cr\u00f3nicas como c\u00e1ncer, diabetes y padecimientos cardiovasculares, algunos de los m\u00e1s abundantes en el frijol negro son quercetina-3-O-gluc\u00f3sido, quercetina, miricetina y miricetina-3-O-gluc\u00f3sido. Tambi\u00e9n es fuente de antocianinas como delfinidina-3-O-gluc\u00f3sido, petunidina-3-O-gluc\u00f3sido y malvidina-3-O-gluc\u00f3sido. El consumo frecuente de alimentos ricos en antocianinas ha sido relacionado con una disminuci\u00f3n de la incidencia de enfermedades metab\u00f3licas como la diabetes (Diaz-S\u00e1nchez et al., 2017).<\/p>\n<p>&nbsp;<\/p>\n<p>Como vemos, el consumir frijoles negros tiene beneficios que contribuyen a un buen estado de salud, adem\u00e1s de que es un alimento, barato y es un ingrediente muy vers\u00e1til en la gastronom\u00eda mexicana, ya que pueden prepararse en ensalada, especialmente germinados, adem\u00e1s de cocidos, en cremas, etc\u00e9tera.<\/p>\n<p>&nbsp;<\/p>\n<p>&nbsp;<\/p>\n<p>&nbsp;<\/p>\n<p>Colaboraci\u00f3n de Mar\u00eda Fernanda Herrera Salguero, estudiante del Tecnol\u00f3gico de Los Mochis adscrita al Programa de Iniciaci\u00f3n a la Investigaci\u00f3n del CIAD, y Erick Paul Guti\u00e9rrez Grijalva, investigador de C\u00e1tedras Conacyt comisionado a la Coordinaci\u00f3n Regional Culiac\u00e1n del CIAD.<\/p>\n<p>Fecha de\u00a0 publicaci\u00f3n 13\/nov\/2020<\/p>\n<p>&nbsp;<\/p>\n","protected":false},"excerpt":{"rendered":"<p>En la actualidad las personas son cada vez m\u00e1s conscientes de la importancia del autocuidado&#8230;<\/p>\n","protected":false},"author":1,"featured_media":100273,"comment_status":"open","ping_status":"open","sticky":false,"template":"","format":"standard","meta":{"_monsterinsights_skip_tracking":false,"_monsterinsights_sitenote_active":false,"_monsterinsights_sitenote_note":"","_monsterinsights_sitenote_category":0,"footnotes":""},"categories":[2216],"tags":[5146],"class_list":["post"],"yoast_head":" \n<title>Sonora en Equipo. Frijol negro: un alimento accesible, nutritivo y antioxidante Ciencia y Tecnolog\u00eda<\/title>\n<meta name=\"description\" content=\"En la actualidad las personas son cada vez m\u00e1s conscientes de la importancia del autocuidado y buscan consumir productos que contribuyan a su salud y En Sonora en Equipo publicamos toda la informaci\u00f3n de Sonora, M\u00e9xico y el Mundo de manera oportuna y busca que la libertad de expresi\u00f3n sea real. Visita nuestro medio informativo publicado desde Hermosillo, Sonora. %\" \/>\n<meta name=\"robots\" content=\"index, follow, max-snippet:-1, max-image-preview:large, max-video-preview:-1\" \/>\n<link rel=\"canonical\" href=\"https:\/\/www.sonoraenequipo.com.mx\/frijol-negro-un-alimento-accesible-nutritivo-y-antioxidante\/\" \/>\n<meta property=\"og:locale\" content=\"es_ES\" \/>\n<meta property=\"og:type\" content=\"article\" \/>\n<meta property=\"og:title\" content=\"Sonora en Equipo. Frijol negro: un alimento accesible, nutritivo y antioxidante Ciencia y Tecnolog\u00eda\" \/>\n<meta property=\"og:description\" content=\"En la actualidad las personas son cada vez m\u00e1s conscientes de la importancia del autocuidado y buscan consumir productos que contribuyan a su salud y En Sonora en Equipo publicamos toda la informaci\u00f3n de Sonora, M\u00e9xico y el Mundo de manera oportuna y busca que la libertad de expresi\u00f3n sea real. Visita nuestro medio informativo publicado desde Hermosillo, Sonora. %\" \/>\n<meta property=\"og:url\" content=\"https:\/\/www.sonoraenequipo.com.mx\/frijol-negro-un-alimento-accesible-nutritivo-y-antioxidante\/\" \/>\n<meta property=\"og:site_name\" content=\"Sonora en Equipo.\" \/>\n<meta property=\"article:publisher\" content=\"https:\/\/www.facebook.com\/SonoraEE\/\" \/>\n<meta property=\"article:author\" content=\"https:\/\/www.facebook.com\/SonoraEE\" \/>\n<meta property=\"article:published_time\" content=\"2020-11-14T00:53:20+00:00\" \/>\n<meta property=\"og:image\" content=\"https:\/\/www.sonoraenequipo.com.mx\/storage\/2020\/11\/frijol-negro.jpg\" \/>\n\t<meta property=\"og:image:width\" content=\"600\" \/>\n\t<meta property=\"og:image:height\" content=\"400\" \/>\n\t<meta property=\"og:image:type\" content=\"image\/jpeg\" \/>\n<meta name=\"author\" content=\"enequipo\" \/>\n<meta name=\"twitter:card\" content=\"summary_large_image\" \/>\n<meta name=\"twitter:creator\" content=\"@sonoraenequipo\" \/>\n<meta name=\"twitter:site\" content=\"@sonoraenequipo\" \/>\n<meta name=\"twitter:label1\" content=\"Escrito por\" \/>\n\t<meta name=\"twitter:data1\" content=\"enequipo\" \/>\n\t<meta name=\"twitter:label2\" content=\"Tiempo de lectura\" \/>\n\t<meta name=\"twitter:data2\" content=\"4 minutos\" \/>\n<script type=\"application\/ld+json\" class=\"yoast-schema-graph\">{\"@context\":\"https:\/\/schema.org\",\"@graph\":[{\"@type\":\"Article\",\"@id\":\"https:\/\/www.sonoraenequipo.com.mx\/frijol-negro-un-alimento-accesible-nutritivo-y-antioxidante\/#article\",\"isPartOf\":{\"@id\":\"https:\/\/www.sonoraenequipo.com.mx\/frijol-negro-un-alimento-accesible-nutritivo-y-antioxidante\/\"},\"author\":{\"name\":\"enequipo\",\"@id\":\"https:\/\/www.sonoraenequipo.com.mx\/#\/schema\/person\/50102df0fb23a8fa9e8effad8fa81386\"},\"headline\":\"Frijol negro: un alimento accesible, nutritivo y antioxidante\",\"datePublished\":\"2020-11-14T00:53:20+00:00\",\"mainEntityOfPage\":{\"@id\":\"https:\/\/www.sonoraenequipo.com.mx\/frijol-negro-un-alimento-accesible-nutritivo-y-antioxidante\/\"},\"wordCount\":885,\"commentCount\":0,\"publisher\":{\"@id\":\"https:\/\/www.sonoraenequipo.com.mx\/#organization\"},\"image\":{\"@id\":\"https:\/\/www.sonoraenequipo.com.mx\/frijol-negro-un-alimento-accesible-nutritivo-y-antioxidante\/#primaryimage\"},\"thumbnailUrl\":\"https:\/\/www.sonoraenequipo.com.mx\/storage\/2020\/11\/frijol-negro.jpg\",\"keywords\":[\"frijol negro\"],\"articleSection\":[\"Ciencia y Tecnolog\u00eda\"],\"inLanguage\":\"es\",\"potentialAction\":[{\"@type\":\"CommentAction\",\"name\":\"Comment\",\"target\":[\"https:\/\/www.sonoraenequipo.com.mx\/frijol-negro-un-alimento-accesible-nutritivo-y-antioxidante\/#respond\"]}]},{\"@type\":\"WebPage\",\"@id\":\"https:\/\/www.sonoraenequipo.com.mx\/frijol-negro-un-alimento-accesible-nutritivo-y-antioxidante\/\",\"url\":\"https:\/\/www.sonoraenequipo.com.mx\/frijol-negro-un-alimento-accesible-nutritivo-y-antioxidante\/\",\"name\":\"Sonora en Equipo. Frijol negro: un alimento accesible, nutritivo y antioxidante Ciencia y Tecnolog\u00eda\",\"isPartOf\":{\"@id\":\"https:\/\/www.sonoraenequipo.com.mx\/#website\"},\"primaryImageOfPage\":{\"@id\":\"https:\/\/www.sonoraenequipo.com.mx\/frijol-negro-un-alimento-accesible-nutritivo-y-antioxidante\/#primaryimage\"},\"image\":{\"@id\":\"https:\/\/www.sonoraenequipo.com.mx\/frijol-negro-un-alimento-accesible-nutritivo-y-antioxidante\/#primaryimage\"},\"thumbnailUrl\":\"https:\/\/www.sonoraenequipo.com.mx\/storage\/2020\/11\/frijol-negro.jpg\",\"datePublished\":\"2020-11-14T00:53:20+00:00\",\"description\":\"En la actualidad las personas son cada vez m\u00e1s conscientes de la importancia del autocuidado y buscan consumir productos que contribuyan a su salud y En Sonora en Equipo publicamos toda la informaci\u00f3n de Sonora, M\u00e9xico y el Mundo de manera oportuna y busca que la libertad de expresi\u00f3n sea real. Visita nuestro medio informativo publicado desde Hermosillo, Sonora. %\",\"breadcrumb\":{\"@id\":\"https:\/\/www.sonoraenequipo.com.mx\/frijol-negro-un-alimento-accesible-nutritivo-y-antioxidante\/#breadcrumb\"},\"inLanguage\":\"es\",\"potentialAction\":[{\"@type\":\"ReadAction\",\"target\":[\"https:\/\/www.sonoraenequipo.com.mx\/frijol-negro-un-alimento-accesible-nutritivo-y-antioxidante\/\"]}]},{\"@type\":\"ImageObject\",\"inLanguage\":\"es\",\"@id\":\"https:\/\/www.sonoraenequipo.com.mx\/frijol-negro-un-alimento-accesible-nutritivo-y-antioxidante\/#primaryimage\",\"url\":\"https:\/\/www.sonoraenequipo.com.mx\/storage\/2020\/11\/frijol-negro.jpg\",\"contentUrl\":\"https:\/\/www.sonoraenequipo.com.mx\/storage\/2020\/11\/frijol-negro.jpg\",\"width\":600,\"height\":400},{\"@type\":\"BreadcrumbList\",\"@id\":\"https:\/\/www.sonoraenequipo.com.mx\/frijol-negro-un-alimento-accesible-nutritivo-y-antioxidante\/#breadcrumb\",\"itemListElement\":[{\"@type\":\"ListItem\",\"position\":1,\"name\":\"Portada\",\"item\":\"https:\/\/www.sonoraenequipo.com.mx\/\"},{\"@type\":\"ListItem\",\"position\":2,\"name\":\"Frijol negro: un alimento accesible, nutritivo y antioxidante\"}]},{\"@type\":\"WebSite\",\"@id\":\"https:\/\/www.sonoraenequipo.com.mx\/#website\",\"url\":\"https:\/\/www.sonoraenequipo.com.mx\/\",\"name\":\"Sonora en Equipo.\",\"description\":\"Diario en l\u00ednea con Noticias desde Hermosillo, Sonora\",\"publisher\":{\"@id\":\"https:\/\/www.sonoraenequipo.com.mx\/#organization\"},\"potentialAction\":[{\"@type\":\"SearchAction\",\"target\":{\"@type\":\"EntryPoint\",\"urlTemplate\":\"https:\/\/www.sonoraenequipo.com.mx\/?s={search_term_string}\"},\"query-input\":{\"@type\":\"PropertyValueSpecification\",\"valueRequired\":true,\"valueName\":\"search_term_string\"}}],\"inLanguage\":\"es\"},{\"@type\":\"Organization\",\"@id\":\"https:\/\/www.sonoraenequipo.com.mx\/#organization\",\"name\":\"Sonoraenequipo.com.mx\",\"url\":\"https:\/\/www.sonoraenequipo.com.mx\/\",\"logo\":{\"@type\":\"ImageObject\",\"inLanguage\":\"es\",\"@id\":\"https:\/\/www.sonoraenequipo.com.mx\/#\/schema\/logo\/image\/\",\"url\":\"https:\/\/www.sonoraenequipo.com.mx\/storage\/2019\/01\/sonoraenequipo_opt.png\",\"contentUrl\":\"https:\/\/www.sonoraenequipo.com.mx\/storage\/2019\/01\/sonoraenequipo_opt.png\",\"width\":375,\"height\":125,\"caption\":\"Sonoraenequipo.com.mx\"},\"image\":{\"@id\":\"https:\/\/www.sonoraenequipo.com.mx\/#\/schema\/logo\/image\/\"},\"sameAs\":[\"https:\/\/www.facebook.com\/SonoraEE\/\",\"https:\/\/x.com\/sonoraenequipo\",\"https:\/\/www.youtube.com\/channel\/UC338nW-lPEYmJQs4ZABQ1SQ\"]},{\"@type\":\"Person\",\"@id\":\"https:\/\/www.sonoraenequipo.com.mx\/#\/schema\/person\/50102df0fb23a8fa9e8effad8fa81386\",\"name\":\"enequipo\",\"image\":{\"@type\":\"ImageObject\",\"inLanguage\":\"es\",\"@id\":\"https:\/\/www.sonoraenequipo.com.mx\/#\/schema\/person\/image\/\",\"url\":\"https:\/\/secure.gravatar.com\/avatar\/049821681b589dabc0bc20695993ccebb09f5b5d4d790cd9251b97faac7c652b?s=96&d=blank&r=g\",\"contentUrl\":\"https:\/\/secure.gravatar.com\/avatar\/049821681b589dabc0bc20695993ccebb09f5b5d4d790cd9251b97faac7c652b?s=96&d=blank&r=g\",\"caption\":\"enequipo\"},\"sameAs\":[\"https:\/\/www.facebook.com\/SonoraEE\"]}]}<\/script>\n ","yoast_head_json":{"title":"Sonora en Equipo. Frijol negro: un alimento accesible, nutritivo y antioxidante Ciencia y Tecnolog\u00eda","description":"En la actualidad las personas son cada vez m\u00e1s conscientes de la importancia del autocuidado y buscan consumir productos que contribuyan a su salud y En Sonora en Equipo publicamos toda la informaci\u00f3n de Sonora, M\u00e9xico y el Mundo de manera oportuna y busca que la libertad de expresi\u00f3n sea real. Visita nuestro medio informativo publicado desde Hermosillo, Sonora. %","robots":{"index":"index","follow":"follow","max-snippet":"max-snippet:-1","max-image-preview":"max-image-preview:large","max-video-preview":"max-video-preview:-1"},"canonical":"https:\/\/www.sonoraenequipo.com.mx\/frijol-negro-un-alimento-accesible-nutritivo-y-antioxidante\/","og_locale":"es_ES","og_type":"article","og_title":"Sonora en Equipo. Frijol negro: un alimento accesible, nutritivo y antioxidante Ciencia y Tecnolog\u00eda","og_description":"En la actualidad las personas son cada vez m\u00e1s conscientes de la importancia del autocuidado y buscan consumir productos que contribuyan a su salud y En Sonora en Equipo publicamos toda la informaci\u00f3n de Sonora, M\u00e9xico y el Mundo de manera oportuna y busca que la libertad de expresi\u00f3n sea real. Visita nuestro medio informativo publicado desde Hermosillo, Sonora. %","og_url":"https:\/\/www.sonoraenequipo.com.mx\/frijol-negro-un-alimento-accesible-nutritivo-y-antioxidante\/","og_site_name":"Sonora en Equipo.","article_publisher":"https:\/\/www.facebook.com\/SonoraEE\/","article_author":"https:\/\/www.facebook.com\/SonoraEE","article_published_time":"2020-11-14T00:53:20+00:00","og_image":[{"width":600,"height":400,"url":"https:\/\/www.sonoraenequipo.com.mx\/storage\/2020\/11\/frijol-negro.jpg","type":"image\/jpeg"}],"author":"enequipo","twitter_card":"summary_large_image","twitter_creator":"@sonoraenequipo","twitter_site":"@sonoraenequipo","twitter_misc":{"Escrito por":"enequipo","Tiempo de lectura":"4 minutos"},"schema":{"@context":"https:\/\/schema.org","@graph":[{"@type":"Article","@id":"https:\/\/www.sonoraenequipo.com.mx\/frijol-negro-un-alimento-accesible-nutritivo-y-antioxidante\/#article","isPartOf":{"@id":"https:\/\/www.sonoraenequipo.com.mx\/frijol-negro-un-alimento-accesible-nutritivo-y-antioxidante\/"},"author":{"name":"enequipo","@id":"https:\/\/www.sonoraenequipo.com.mx\/#\/schema\/person\/50102df0fb23a8fa9e8effad8fa81386"},"headline":"Frijol negro: un alimento accesible, nutritivo y antioxidante","datePublished":"2020-11-14T00:53:20+00:00","mainEntityOfPage":{"@id":"https:\/\/www.sonoraenequipo.com.mx\/frijol-negro-un-alimento-accesible-nutritivo-y-antioxidante\/"},"wordCount":885,"commentCount":0,"publisher":{"@id":"https:\/\/www.sonoraenequipo.com.mx\/#organization"},"image":{"@id":"https:\/\/www.sonoraenequipo.com.mx\/frijol-negro-un-alimento-accesible-nutritivo-y-antioxidante\/#primaryimage"},"thumbnailUrl":"https:\/\/www.sonoraenequipo.com.mx\/storage\/2020\/11\/frijol-negro.jpg","keywords":["frijol negro"],"articleSection":["Ciencia y Tecnolog\u00eda"],"inLanguage":"es","potentialAction":[{"@type":"CommentAction","name":"Comment","target":["https:\/\/www.sonoraenequipo.com.mx\/frijol-negro-un-alimento-accesible-nutritivo-y-antioxidante\/#respond"]}]},{"@type":"WebPage","@id":"https:\/\/www.sonoraenequipo.com.mx\/frijol-negro-un-alimento-accesible-nutritivo-y-antioxidante\/","url":"https:\/\/www.sonoraenequipo.com.mx\/frijol-negro-un-alimento-accesible-nutritivo-y-antioxidante\/","name":"Sonora en Equipo. Frijol negro: un alimento accesible, nutritivo y antioxidante Ciencia y Tecnolog\u00eda","isPartOf":{"@id":"https:\/\/www.sonoraenequipo.com.mx\/#website"},"primaryImageOfPage":{"@id":"https:\/\/www.sonoraenequipo.com.mx\/frijol-negro-un-alimento-accesible-nutritivo-y-antioxidante\/#primaryimage"},"image":{"@id":"https:\/\/www.sonoraenequipo.com.mx\/frijol-negro-un-alimento-accesible-nutritivo-y-antioxidante\/#primaryimage"},"thumbnailUrl":"https:\/\/www.sonoraenequipo.com.mx\/storage\/2020\/11\/frijol-negro.jpg","datePublished":"2020-11-14T00:53:20+00:00","description":"En la actualidad las personas son cada vez m\u00e1s conscientes de la importancia del autocuidado y buscan consumir productos que contribuyan a su salud y En Sonora en Equipo publicamos toda la informaci\u00f3n de Sonora, M\u00e9xico y el Mundo de manera oportuna y busca que la libertad de expresi\u00f3n sea real. Visita nuestro medio informativo publicado desde Hermosillo, Sonora. %","breadcrumb":{"@id":"https:\/\/www.sonoraenequipo.com.mx\/frijol-negro-un-alimento-accesible-nutritivo-y-antioxidante\/#breadcrumb"},"inLanguage":"es","potentialAction":[{"@type":"ReadAction","target":["https:\/\/www.sonoraenequipo.com.mx\/frijol-negro-un-alimento-accesible-nutritivo-y-antioxidante\/"]}]},{"@type":"ImageObject","inLanguage":"es","@id":"https:\/\/www.sonoraenequipo.com.mx\/frijol-negro-un-alimento-accesible-nutritivo-y-antioxidante\/#primaryimage","url":"https:\/\/www.sonoraenequipo.com.mx\/storage\/2020\/11\/frijol-negro.jpg","contentUrl":"https:\/\/www.sonoraenequipo.com.mx\/storage\/2020\/11\/frijol-negro.jpg","width":600,"height":400},{"@type":"BreadcrumbList","@id":"https:\/\/www.sonoraenequipo.com.mx\/frijol-negro-un-alimento-accesible-nutritivo-y-antioxidante\/#breadcrumb","itemListElement":[{"@type":"ListItem","position":1,"name":"Portada","item":"https:\/\/www.sonoraenequipo.com.mx\/"},{"@type":"ListItem","position":2,"name":"Frijol negro: un alimento accesible, nutritivo y antioxidante"}]},{"@type":"WebSite","@id":"https:\/\/www.sonoraenequipo.com.mx\/#website","url":"https:\/\/www.sonoraenequipo.com.mx\/","name":"Sonora en Equipo.","description":"Diario en l\u00ednea con Noticias desde Hermosillo, Sonora","publisher":{"@id":"https:\/\/www.sonoraenequipo.com.mx\/#organization"},"potentialAction":[{"@type":"SearchAction","target":{"@type":"EntryPoint","urlTemplate":"https:\/\/www.sonoraenequipo.com.mx\/?s={search_term_string}"},"query-input":{"@type":"PropertyValueSpecification","valueRequired":true,"valueName":"search_term_string"}}],"inLanguage":"es"},{"@type":"Organization","@id":"https:\/\/www.sonoraenequipo.com.mx\/#organization","name":"Sonoraenequipo.com.mx","url":"https:\/\/www.sonoraenequipo.com.mx\/","logo":{"@type":"ImageObject","inLanguage":"es","@id":"https:\/\/www.sonoraenequipo.com.mx\/#\/schema\/logo\/image\/","url":"https:\/\/www.sonoraenequipo.com.mx\/storage\/2019\/01\/sonoraenequipo_opt.png","contentUrl":"https:\/\/www.sonoraenequipo.com.mx\/storage\/2019\/01\/sonoraenequipo_opt.png","width":375,"height":125,"caption":"Sonoraenequipo.com.mx"},"image":{"@id":"https:\/\/www.sonoraenequipo.com.mx\/#\/schema\/logo\/image\/"},"sameAs":["https:\/\/www.facebook.com\/SonoraEE\/","https:\/\/x.com\/sonoraenequipo","https:\/\/www.youtube.com\/channel\/UC338nW-lPEYmJQs4ZABQ1SQ"]},{"@type":"Person","@id":"https:\/\/www.sonoraenequipo.com.mx\/#\/schema\/person\/50102df0fb23a8fa9e8effad8fa81386","name":"enequipo","image":{"@type":"ImageObject","inLanguage":"es","@id":"https:\/\/www.sonoraenequipo.com.mx\/#\/schema\/person\/image\/","url":"https:\/\/secure.gravatar.com\/avatar\/049821681b589dabc0bc20695993ccebb09f5b5d4d790cd9251b97faac7c652b?s=96&d=blank&r=g","contentUrl":"https:\/\/secure.gravatar.com\/avatar\/049821681b589dabc0bc20695993ccebb09f5b5d4d790cd9251b97faac7c652b?s=96&d=blank&r=g","caption":"enequipo"},"sameAs":["https:\/\/www.facebook.com\/SonoraEE"]}]}},"jetpack_featured_media_url":"https:\/\/www.sonoraenequipo.com.mx\/storage\/2020\/11\/frijol-negro.jpg","_links":{"self":[{"href":"https:\/\/www.sonoraenequipo.com.mx\/api\/wp\/v2\/posts\/100272","targetHints":{"allow":["GET"]}}],"collection":[{"href":"https:\/\/www.sonoraenequipo.com.mx\/api\/wp\/v2\/posts"}],"about":[{"href":"https:\/\/www.sonoraenequipo.com.mx\/api\/wp\/v2\/types\/post"}],"author":[{"embeddable":true,"href":"https:\/\/www.sonoraenequipo.com.mx\/api\/wp\/v2\/users\/1"}],"replies":[{"embeddable":true,"href":"https:\/\/www.sonoraenequipo.com.mx\/api\/wp\/v2\/comments?post=100272"}],"version-history":[{"count":1,"href":"https:\/\/www.sonoraenequipo.com.mx\/api\/wp\/v2\/posts\/100272\/revisions"}],"predecessor-version":[{"id":100274,"href":"https:\/\/www.sonoraenequipo.com.mx\/api\/wp\/v2\/posts\/100272\/revisions\/100274"}],"wp:featuredmedia":[{"embeddable":true,"href":"https:\/\/www.sonoraenequipo.com.mx\/api\/wp\/v2\/media\/100273"}],"wp:attachment":[{"href":"https:\/\/www.sonoraenequipo.com.mx\/api\/wp\/v2\/media?parent=100272"}],"wp:term":[{"taxonomy":"category","embeddable":true,"href":"https:\/\/www.sonoraenequipo.com.mx\/api\/wp\/v2\/categories?post=100272"},{"taxonomy":"post_tag","embeddable":true,"href":"https:\/\/www.sonoraenequipo.com.mx\/api\/wp\/v2\/tags?post=100272"}],"curies":[{"name":"wp","href":"https:\/\/api.w.org\/{rel}","templated":true}]}}