{"id":100275,"date":"2020-11-13T21:27:23","date_gmt":"2020-11-14T04:27:23","guid":{"rendered":"https:\/\/www.sonoraenequipo.com.mx\/?p=100275"},"modified":"2020-11-13T21:27:23","modified_gmt":"2020-11-14T04:27:23","slug":"sonora-sufre-recorte-de-la-federacion-por-2-mil-800-mdp","status":"publish","type":"post","link":"https:\/\/www.sonoraenequipo.com.mx\/sonora-sufre-recorte-de-la-federacion-por-2-mil-800-mdp\/","title":{"rendered":"Sonora sufre recorte de la Federaci\u00f3n por 2 mil 800 mdp"},"content":{"rendered":"<p>HERMOSILLO, SONORA,MX.\u2500\u2500 Ante un escenario econ\u00f3mico adverso e incierto, Sonora deber\u00e1 enfrentar el reto que implica una disminuci\u00f3n de 2 mil 800 millones de pesos en las transferencias que realiza la Federaci\u00f3n al estado, lo que significa un ajuste en el gasto por 2 mil 134 millones de pesos y una menor inversi\u00f3n del gobierno federal en la entidad por 666 millones de pesos.<\/p>\n<p>&nbsp;<\/p>\n<p>Se aprob\u00f3 el Presupuesto de Egresos de la Federaci\u00f3n para el ejercicio fiscal 2021 y a\u00fan y cuando la Secretar\u00eda de Hacienda y Cr\u00e9dito P\u00fablico anticip\u00f3 que este a\u00f1o se requerir\u00eda de una disciplina financiera estricta, as\u00ed como de un gobierno austero, para Sonora, el Presupuesto aprobado tendr\u00e1 un impacto m\u00e1s all\u00e1 de lo esperado, ya que registrar\u00e1 una ca\u00edda importante en las transferencias federales.<\/p>\n<p>&nbsp;<\/p>\n<p>Sonora dejar\u00e1 de percibir transferencias federales por el orden de 2 mil 800 millones de pesos, por lo que el Gobierno del Estado, uni\u00e9ndose a las pol\u00edticas de austeridad, control de gasto y disciplina financiera emanadas del Gobierno Federal, se ver\u00e1 obligado a limitar el gasto en programas y acciones de la entidad, teniendo que priorizar aquellos gastos que en mayor medida abonan a solucionar la coyuntura sanitaria y econ\u00f3mica actual.<\/p>\n<p>&nbsp;<\/p>\n<p>Asimismo, el Presupuesto de Egresos Federal aprobado implicar\u00e1 un impacto considerable en la ejecuci\u00f3n de obras con recursos federales.<\/p>\n<p>&nbsp;<\/p>\n<p>Conforme al presupuesto, las participaciones a nivel nacional disminuyen en 30 mil 052 millones de pesos respecto al monto aprobado en 2020, lo que equivale a una ca\u00edda de un 6.4% real anual.<\/p>\n<p>&nbsp;<\/p>\n<p>En el caso del estado de Sonora, se proyecta que dicha disminuci\u00f3n sea de mil 169 millones de pesos, lo que nos ubica dentro de los 10 estados de la Rep\u00fablica Mexicana con mayor afectaci\u00f3n; las participaciones federales que recibe la entidad representan 40% de los ingresos del estado, por lo que esta ca\u00edda repercutir\u00e1 de manera relevante en la hacienda estatal, en un a\u00f1o en que la econom\u00eda nacional y local requieren de mayores inversiones para su recuperaci\u00f3n.<\/p>\n<p>&nbsp;<\/p>\n<p>La disminuci\u00f3n de las participaciones federales no solo afecta al Gobierno del Estado, tambi\u00e9n golpea a todos los municipios sonorenses, ya que son el primer nivel de atenci\u00f3n para la ciudadan\u00eda, por lo que preocupan sobremanera los efectos negativos que el Presupuesto de Egresos de la Federaci\u00f3n 2021 les traer\u00e1.<\/p>\n<p>&nbsp;<\/p>\n<p>El efecto negativo de la crisis econ\u00f3mica tambi\u00e9n se observa en las aportaciones federales consideradas para la entidad en el Presupuesto de Egresos Federal 2021; a nivel nacional, la C\u00e1mara de Diputados aprob\u00f3 una ca\u00edda del 1.1% en t\u00e9rminos reales a las aportaciones federales con respecto al Presupuesto de Egresos Federal 2020; sin embargo, para Sonora se proyecta una ca\u00edda de 729 millones de pesos, equivalente a una reducci\u00f3n anual de 7.4%, nivel considerablemente mayor que a nivel nacional.<\/p>\n<p>&nbsp;<\/p>\n<p>Ante el panorama econ\u00f3mico que se enfrenta, el recorte de gasto federal en sectores estrat\u00e9gicos podr\u00e1 provocar que la recuperaci\u00f3n econ\u00f3mica en el Estado se prolongue. En este rubro se estima que el Estado reciba 235 millones de pesos menos que en 2020, lo que implicar\u00e1 una reducci\u00f3n real anual de 9.1%.<\/p>\n<p>&nbsp;<\/p>\n<p>Sonora tambi\u00e9n ver\u00e1 reducida la aplicaci\u00f3n de inversi\u00f3n federal. La inversi\u00f3n ejecutada en el Estado proviene tanto de recursos estatales, como de programas directos del Gobierno Federal. Se estima que el monto de inversi\u00f3n federal ejecutada en el Estado disminuir\u00e1 en 666 millones de pesos, equivalente a una reducci\u00f3n de 30% en t\u00e9rminos reales respecto al ejercicio 2020.<\/p>\n<p>Fecha de\u00a0 publicaci\u00f3n 13\/nov\/2020<\/p>\n<p>&nbsp;<\/p>\n","protected":false},"excerpt":{"rendered":"<p>HERMOSILLO, SONORA,MX.\u2500\u2500 Ante un escenario econ\u00f3mico adverso e incierto, Sonora deber\u00e1 enfrentar el reto que&#8230;<\/p>\n","protected":false},"author":1,"featured_media":86091,"comment_status":"open","ping_status":"open","sticky":false,"template":"","format":"standard","meta":{"_monsterinsights_skip_tracking":false,"_monsterinsights_sitenote_active":false,"_monsterinsights_sitenote_note":"","_monsterinsights_sitenote_category":0,"footnotes":""},"categories":[22],"tags":[5147,25,15],"class_list":["post"],"yoast_head":" \n<title>Sonora en Equipo. Sonora sufre recorte de la Federaci\u00f3n por 2 mil 800 mdp Sonora<\/title>\n<meta name=\"description\" content=\"HERMOSILLO, SONORA,MX.\u2500\u2500 Ante un escenario econ\u00f3mico adverso e incierto, Sonora deber\u00e1 enfrentar el reto que implica una disminuci\u00f3n de 2 mil 800 millones En Sonora en Equipo publicamos toda la informaci\u00f3n de Sonora, M\u00e9xico y el Mundo de manera oportuna y busca que la libertad de expresi\u00f3n sea real. Visita nuestro medio informativo publicado desde Hermosillo, Sonora. %\" \/>\n<meta name=\"robots\" content=\"index, follow, max-snippet:-1, max-image-preview:large, max-video-preview:-1\" \/>\n<link rel=\"canonical\" href=\"https:\/\/www.sonoraenequipo.com.mx\/sonora-sufre-recorte-de-la-federacion-por-2-mil-800-mdp\/\" \/>\n<meta property=\"og:locale\" content=\"es_ES\" \/>\n<meta property=\"og:type\" content=\"article\" \/>\n<meta property=\"og:title\" content=\"Sonora en Equipo. Sonora sufre recorte de la Federaci\u00f3n por 2 mil 800 mdp Sonora\" \/>\n<meta property=\"og:description\" content=\"HERMOSILLO, SONORA,MX.\u2500\u2500 Ante un escenario econ\u00f3mico adverso e incierto, Sonora deber\u00e1 enfrentar el reto que implica una disminuci\u00f3n de 2 mil 800 millones En Sonora en Equipo publicamos toda la informaci\u00f3n de Sonora, M\u00e9xico y el Mundo de manera oportuna y busca que la libertad de expresi\u00f3n sea real. Visita nuestro medio informativo publicado desde Hermosillo, Sonora. %\" \/>\n<meta property=\"og:url\" content=\"https:\/\/www.sonoraenequipo.com.mx\/sonora-sufre-recorte-de-la-federacion-por-2-mil-800-mdp\/\" \/>\n<meta property=\"og:site_name\" content=\"Sonora en Equipo.\" \/>\n<meta property=\"article:publisher\" content=\"https:\/\/www.facebook.com\/SonoraEE\/\" \/>\n<meta property=\"article:author\" content=\"https:\/\/www.facebook.com\/SonoraEE\" \/>\n<meta property=\"article:published_time\" content=\"2020-11-14T04:27:23+00:00\" \/>\n<meta property=\"og:image\" content=\"https:\/\/www.sonoraenequipo.com.mx\/storage\/2020\/05\/dinero-2605_opt.jpg\" \/>\n\t<meta property=\"og:image:width\" content=\"598\" \/>\n\t<meta property=\"og:image:height\" content=\"400\" \/>\n\t<meta property=\"og:image:type\" content=\"image\/jpeg\" \/>\n<meta name=\"author\" content=\"enequipo\" \/>\n<meta name=\"twitter:card\" content=\"summary_large_image\" \/>\n<meta name=\"twitter:creator\" content=\"@sonoraenequipo\" \/>\n<meta name=\"twitter:site\" content=\"@sonoraenequipo\" \/>\n<meta name=\"twitter:label1\" content=\"Escrito por\" \/>\n\t<meta name=\"twitter:data1\" content=\"enequipo\" \/>\n\t<meta name=\"twitter:label2\" content=\"Tiempo de lectura\" \/>\n\t<meta name=\"twitter:data2\" content=\"3 minutos\" \/>\n<script type=\"application\/ld+json\" class=\"yoast-schema-graph\">{\"@context\":\"https:\/\/schema.org\",\"@graph\":[{\"@type\":\"Article\",\"@id\":\"https:\/\/www.sonoraenequipo.com.mx\/sonora-sufre-recorte-de-la-federacion-por-2-mil-800-mdp\/#article\",\"isPartOf\":{\"@id\":\"https:\/\/www.sonoraenequipo.com.mx\/sonora-sufre-recorte-de-la-federacion-por-2-mil-800-mdp\/\"},\"author\":{\"name\":\"enequipo\",\"@id\":\"https:\/\/www.sonoraenequipo.com.mx\/#\/schema\/person\/50102df0fb23a8fa9e8effad8fa81386\"},\"headline\":\"Sonora sufre recorte de la Federaci\u00f3n por 2 mil 800 mdp\",\"datePublished\":\"2020-11-14T04:27:23+00:00\",\"mainEntityOfPage\":{\"@id\":\"https:\/\/www.sonoraenequipo.com.mx\/sonora-sufre-recorte-de-la-federacion-por-2-mil-800-mdp\/\"},\"wordCount\":618,\"commentCount\":0,\"publisher\":{\"@id\":\"https:\/\/www.sonoraenequipo.com.mx\/#organization\"},\"image\":{\"@id\":\"https:\/\/www.sonoraenequipo.com.mx\/sonora-sufre-recorte-de-la-federacion-por-2-mil-800-mdp\/#primaryimage\"},\"thumbnailUrl\":\"https:\/\/www.sonoraenequipo.com.mx\/storage\/2020\/05\/dinero-2605_opt.jpg\",\"keywords\":[\"federacion\",\"presupuesto\",\"Sonora\"],\"articleSection\":[\"Sonora\"],\"inLanguage\":\"es\",\"potentialAction\":[{\"@type\":\"CommentAction\",\"name\":\"Comment\",\"target\":[\"https:\/\/www.sonoraenequipo.com.mx\/sonora-sufre-recorte-de-la-federacion-por-2-mil-800-mdp\/#respond\"]}]},{\"@type\":\"WebPage\",\"@id\":\"https:\/\/www.sonoraenequipo.com.mx\/sonora-sufre-recorte-de-la-federacion-por-2-mil-800-mdp\/\",\"url\":\"https:\/\/www.sonoraenequipo.com.mx\/sonora-sufre-recorte-de-la-federacion-por-2-mil-800-mdp\/\",\"name\":\"Sonora en Equipo. Sonora sufre recorte de la Federaci\u00f3n por 2 mil 800 mdp Sonora\",\"isPartOf\":{\"@id\":\"https:\/\/www.sonoraenequipo.com.mx\/#website\"},\"primaryImageOfPage\":{\"@id\":\"https:\/\/www.sonoraenequipo.com.mx\/sonora-sufre-recorte-de-la-federacion-por-2-mil-800-mdp\/#primaryimage\"},\"image\":{\"@id\":\"https:\/\/www.sonoraenequipo.com.mx\/sonora-sufre-recorte-de-la-federacion-por-2-mil-800-mdp\/#primaryimage\"},\"thumbnailUrl\":\"https:\/\/www.sonoraenequipo.com.mx\/storage\/2020\/05\/dinero-2605_opt.jpg\",\"datePublished\":\"2020-11-14T04:27:23+00:00\",\"description\":\"HERMOSILLO, SONORA,MX.\u2500\u2500 Ante un escenario econ\u00f3mico adverso e incierto, Sonora deber\u00e1 enfrentar el reto que implica una disminuci\u00f3n de 2 mil 800 millones En Sonora en Equipo publicamos toda la informaci\u00f3n de Sonora, M\u00e9xico y el Mundo de manera oportuna y busca que la libertad de expresi\u00f3n sea real. Visita nuestro medio informativo publicado desde Hermosillo, Sonora. %\",\"breadcrumb\":{\"@id\":\"https:\/\/www.sonoraenequipo.com.mx\/sonora-sufre-recorte-de-la-federacion-por-2-mil-800-mdp\/#breadcrumb\"},\"inLanguage\":\"es\",\"potentialAction\":[{\"@type\":\"ReadAction\",\"target\":[\"https:\/\/www.sonoraenequipo.com.mx\/sonora-sufre-recorte-de-la-federacion-por-2-mil-800-mdp\/\"]}]},{\"@type\":\"ImageObject\",\"inLanguage\":\"es\",\"@id\":\"https:\/\/www.sonoraenequipo.com.mx\/sonora-sufre-recorte-de-la-federacion-por-2-mil-800-mdp\/#primaryimage\",\"url\":\"https:\/\/www.sonoraenequipo.com.mx\/storage\/2020\/05\/dinero-2605_opt.jpg\",\"contentUrl\":\"https:\/\/www.sonoraenequipo.com.mx\/storage\/2020\/05\/dinero-2605_opt.jpg\",\"width\":598,\"height\":400},{\"@type\":\"BreadcrumbList\",\"@id\":\"https:\/\/www.sonoraenequipo.com.mx\/sonora-sufre-recorte-de-la-federacion-por-2-mil-800-mdp\/#breadcrumb\",\"itemListElement\":[{\"@type\":\"ListItem\",\"position\":1,\"name\":\"Portada\",\"item\":\"https:\/\/www.sonoraenequipo.com.mx\/\"},{\"@type\":\"ListItem\",\"position\":2,\"name\":\"Sonora sufre recorte de la Federaci\u00f3n por 2 mil 800 mdp\"}]},{\"@type\":\"WebSite\",\"@id\":\"https:\/\/www.sonoraenequipo.com.mx\/#website\",\"url\":\"https:\/\/www.sonoraenequipo.com.mx\/\",\"name\":\"Sonora en Equipo.\",\"description\":\"Diario en l\u00ednea con Noticias desde Hermosillo, Sonora\",\"publisher\":{\"@id\":\"https:\/\/www.sonoraenequipo.com.mx\/#organization\"},\"potentialAction\":[{\"@type\":\"SearchAction\",\"target\":{\"@type\":\"EntryPoint\",\"urlTemplate\":\"https:\/\/www.sonoraenequipo.com.mx\/?s={search_term_string}\"},\"query-input\":{\"@type\":\"PropertyValueSpecification\",\"valueRequired\":true,\"valueName\":\"search_term_string\"}}],\"inLanguage\":\"es\"},{\"@type\":\"Organization\",\"@id\":\"https:\/\/www.sonoraenequipo.com.mx\/#organization\",\"name\":\"Sonoraenequipo.com.mx\",\"url\":\"https:\/\/www.sonoraenequipo.com.mx\/\",\"logo\":{\"@type\":\"ImageObject\",\"inLanguage\":\"es\",\"@id\":\"https:\/\/www.sonoraenequipo.com.mx\/#\/schema\/logo\/image\/\",\"url\":\"https:\/\/www.sonoraenequipo.com.mx\/storage\/2019\/01\/sonoraenequipo_opt.png\",\"contentUrl\":\"https:\/\/www.sonoraenequipo.com.mx\/storage\/2019\/01\/sonoraenequipo_opt.png\",\"width\":375,\"height\":125,\"caption\":\"Sonoraenequipo.com.mx\"},\"image\":{\"@id\":\"https:\/\/www.sonoraenequipo.com.mx\/#\/schema\/logo\/image\/\"},\"sameAs\":[\"https:\/\/www.facebook.com\/SonoraEE\/\",\"https:\/\/x.com\/sonoraenequipo\",\"https:\/\/www.youtube.com\/channel\/UC338nW-lPEYmJQs4ZABQ1SQ\"]},{\"@type\":\"Person\",\"@id\":\"https:\/\/www.sonoraenequipo.com.mx\/#\/schema\/person\/50102df0fb23a8fa9e8effad8fa81386\",\"name\":\"enequipo\",\"image\":{\"@type\":\"ImageObject\",\"inLanguage\":\"es\",\"@id\":\"https:\/\/www.sonoraenequipo.com.mx\/#\/schema\/person\/image\/\",\"url\":\"https:\/\/secure.gravatar.com\/avatar\/049821681b589dabc0bc20695993ccebb09f5b5d4d790cd9251b97faac7c652b?s=96&d=blank&r=g\",\"contentUrl\":\"https:\/\/secure.gravatar.com\/avatar\/049821681b589dabc0bc20695993ccebb09f5b5d4d790cd9251b97faac7c652b?s=96&d=blank&r=g\",\"caption\":\"enequipo\"},\"sameAs\":[\"https:\/\/www.facebook.com\/SonoraEE\"]}]}<\/script>\n ","yoast_head_json":{"title":"Sonora en Equipo. Sonora sufre recorte de la Federaci\u00f3n por 2 mil 800 mdp Sonora","description":"HERMOSILLO, SONORA,MX.\u2500\u2500 Ante un escenario econ\u00f3mico adverso e incierto, Sonora deber\u00e1 enfrentar el reto que implica una disminuci\u00f3n de 2 mil 800 millones En Sonora en Equipo publicamos toda la informaci\u00f3n de Sonora, M\u00e9xico y el Mundo de manera oportuna y busca que la libertad de expresi\u00f3n sea real. Visita nuestro medio informativo publicado desde Hermosillo, Sonora. %","robots":{"index":"index","follow":"follow","max-snippet":"max-snippet:-1","max-image-preview":"max-image-preview:large","max-video-preview":"max-video-preview:-1"},"canonical":"https:\/\/www.sonoraenequipo.com.mx\/sonora-sufre-recorte-de-la-federacion-por-2-mil-800-mdp\/","og_locale":"es_ES","og_type":"article","og_title":"Sonora en Equipo. Sonora sufre recorte de la Federaci\u00f3n por 2 mil 800 mdp Sonora","og_description":"HERMOSILLO, SONORA,MX.\u2500\u2500 Ante un escenario econ\u00f3mico adverso e incierto, Sonora deber\u00e1 enfrentar el reto que implica una disminuci\u00f3n de 2 mil 800 millones En Sonora en Equipo publicamos toda la informaci\u00f3n de Sonora, M\u00e9xico y el Mundo de manera oportuna y busca que la libertad de expresi\u00f3n sea real. Visita nuestro medio informativo publicado desde Hermosillo, Sonora. %","og_url":"https:\/\/www.sonoraenequipo.com.mx\/sonora-sufre-recorte-de-la-federacion-por-2-mil-800-mdp\/","og_site_name":"Sonora en Equipo.","article_publisher":"https:\/\/www.facebook.com\/SonoraEE\/","article_author":"https:\/\/www.facebook.com\/SonoraEE","article_published_time":"2020-11-14T04:27:23+00:00","og_image":[{"width":598,"height":400,"url":"https:\/\/www.sonoraenequipo.com.mx\/storage\/2020\/05\/dinero-2605_opt.jpg","type":"image\/jpeg"}],"author":"enequipo","twitter_card":"summary_large_image","twitter_creator":"@sonoraenequipo","twitter_site":"@sonoraenequipo","twitter_misc":{"Escrito por":"enequipo","Tiempo de lectura":"3 minutos"},"schema":{"@context":"https:\/\/schema.org","@graph":[{"@type":"Article","@id":"https:\/\/www.sonoraenequipo.com.mx\/sonora-sufre-recorte-de-la-federacion-por-2-mil-800-mdp\/#article","isPartOf":{"@id":"https:\/\/www.sonoraenequipo.com.mx\/sonora-sufre-recorte-de-la-federacion-por-2-mil-800-mdp\/"},"author":{"name":"enequipo","@id":"https:\/\/www.sonoraenequipo.com.mx\/#\/schema\/person\/50102df0fb23a8fa9e8effad8fa81386"},"headline":"Sonora sufre recorte de la Federaci\u00f3n por 2 mil 800 mdp","datePublished":"2020-11-14T04:27:23+00:00","mainEntityOfPage":{"@id":"https:\/\/www.sonoraenequipo.com.mx\/sonora-sufre-recorte-de-la-federacion-por-2-mil-800-mdp\/"},"wordCount":618,"commentCount":0,"publisher":{"@id":"https:\/\/www.sonoraenequipo.com.mx\/#organization"},"image":{"@id":"https:\/\/www.sonoraenequipo.com.mx\/sonora-sufre-recorte-de-la-federacion-por-2-mil-800-mdp\/#primaryimage"},"thumbnailUrl":"https:\/\/www.sonoraenequipo.com.mx\/storage\/2020\/05\/dinero-2605_opt.jpg","keywords":["federacion","presupuesto","Sonora"],"articleSection":["Sonora"],"inLanguage":"es","potentialAction":[{"@type":"CommentAction","name":"Comment","target":["https:\/\/www.sonoraenequipo.com.mx\/sonora-sufre-recorte-de-la-federacion-por-2-mil-800-mdp\/#respond"]}]},{"@type":"WebPage","@id":"https:\/\/www.sonoraenequipo.com.mx\/sonora-sufre-recorte-de-la-federacion-por-2-mil-800-mdp\/","url":"https:\/\/www.sonoraenequipo.com.mx\/sonora-sufre-recorte-de-la-federacion-por-2-mil-800-mdp\/","name":"Sonora en Equipo. Sonora sufre recorte de la Federaci\u00f3n por 2 mil 800 mdp Sonora","isPartOf":{"@id":"https:\/\/www.sonoraenequipo.com.mx\/#website"},"primaryImageOfPage":{"@id":"https:\/\/www.sonoraenequipo.com.mx\/sonora-sufre-recorte-de-la-federacion-por-2-mil-800-mdp\/#primaryimage"},"image":{"@id":"https:\/\/www.sonoraenequipo.com.mx\/sonora-sufre-recorte-de-la-federacion-por-2-mil-800-mdp\/#primaryimage"},"thumbnailUrl":"https:\/\/www.sonoraenequipo.com.mx\/storage\/2020\/05\/dinero-2605_opt.jpg","datePublished":"2020-11-14T04:27:23+00:00","description":"HERMOSILLO, SONORA,MX.\u2500\u2500 Ante un escenario econ\u00f3mico adverso e incierto, Sonora deber\u00e1 enfrentar el reto que implica una disminuci\u00f3n de 2 mil 800 millones En Sonora en Equipo publicamos toda la informaci\u00f3n de Sonora, M\u00e9xico y el Mundo de manera oportuna y busca que la libertad de expresi\u00f3n sea real. Visita nuestro medio informativo publicado desde Hermosillo, Sonora. %","breadcrumb":{"@id":"https:\/\/www.sonoraenequipo.com.mx\/sonora-sufre-recorte-de-la-federacion-por-2-mil-800-mdp\/#breadcrumb"},"inLanguage":"es","potentialAction":[{"@type":"ReadAction","target":["https:\/\/www.sonoraenequipo.com.mx\/sonora-sufre-recorte-de-la-federacion-por-2-mil-800-mdp\/"]}]},{"@type":"ImageObject","inLanguage":"es","@id":"https:\/\/www.sonoraenequipo.com.mx\/sonora-sufre-recorte-de-la-federacion-por-2-mil-800-mdp\/#primaryimage","url":"https:\/\/www.sonoraenequipo.com.mx\/storage\/2020\/05\/dinero-2605_opt.jpg","contentUrl":"https:\/\/www.sonoraenequipo.com.mx\/storage\/2020\/05\/dinero-2605_opt.jpg","width":598,"height":400},{"@type":"BreadcrumbList","@id":"https:\/\/www.sonoraenequipo.com.mx\/sonora-sufre-recorte-de-la-federacion-por-2-mil-800-mdp\/#breadcrumb","itemListElement":[{"@type":"ListItem","position":1,"name":"Portada","item":"https:\/\/www.sonoraenequipo.com.mx\/"},{"@type":"ListItem","position":2,"name":"Sonora sufre recorte de la Federaci\u00f3n por 2 mil 800 mdp"}]},{"@type":"WebSite","@id":"https:\/\/www.sonoraenequipo.com.mx\/#website","url":"https:\/\/www.sonoraenequipo.com.mx\/","name":"Sonora en Equipo.","description":"Diario en l\u00ednea con Noticias desde Hermosillo, Sonora","publisher":{"@id":"https:\/\/www.sonoraenequipo.com.mx\/#organization"},"potentialAction":[{"@type":"SearchAction","target":{"@type":"EntryPoint","urlTemplate":"https:\/\/www.sonoraenequipo.com.mx\/?s={search_term_string}"},"query-input":{"@type":"PropertyValueSpecification","valueRequired":true,"valueName":"search_term_string"}}],"inLanguage":"es"},{"@type":"Organization","@id":"https:\/\/www.sonoraenequipo.com.mx\/#organization","name":"Sonoraenequipo.com.mx","url":"https:\/\/www.sonoraenequipo.com.mx\/","logo":{"@type":"ImageObject","inLanguage":"es","@id":"https:\/\/www.sonoraenequipo.com.mx\/#\/schema\/logo\/image\/","url":"https:\/\/www.sonoraenequipo.com.mx\/storage\/2019\/01\/sonoraenequipo_opt.png","contentUrl":"https:\/\/www.sonoraenequipo.com.mx\/storage\/2019\/01\/sonoraenequipo_opt.png","width":375,"height":125,"caption":"Sonoraenequipo.com.mx"},"image":{"@id":"https:\/\/www.sonoraenequipo.com.mx\/#\/schema\/logo\/image\/"},"sameAs":["https:\/\/www.facebook.com\/SonoraEE\/","https:\/\/x.com\/sonoraenequipo","https:\/\/www.youtube.com\/channel\/UC338nW-lPEYmJQs4ZABQ1SQ"]},{"@type":"Person","@id":"https:\/\/www.sonoraenequipo.com.mx\/#\/schema\/person\/50102df0fb23a8fa9e8effad8fa81386","name":"enequipo","image":{"@type":"ImageObject","inLanguage":"es","@id":"https:\/\/www.sonoraenequipo.com.mx\/#\/schema\/person\/image\/","url":"https:\/\/secure.gravatar.com\/avatar\/049821681b589dabc0bc20695993ccebb09f5b5d4d790cd9251b97faac7c652b?s=96&d=blank&r=g","contentUrl":"https:\/\/secure.gravatar.com\/avatar\/049821681b589dabc0bc20695993ccebb09f5b5d4d790cd9251b97faac7c652b?s=96&d=blank&r=g","caption":"enequipo"},"sameAs":["https:\/\/www.facebook.com\/SonoraEE"]}]}},"jetpack_featured_media_url":"https:\/\/www.sonoraenequipo.com.mx\/storage\/2020\/05\/dinero-2605_opt.jpg","_links":{"self":[{"href":"https:\/\/www.sonoraenequipo.com.mx\/api\/wp\/v2\/posts\/100275","targetHints":{"allow":["GET"]}}],"collection":[{"href":"https:\/\/www.sonoraenequipo.com.mx\/api\/wp\/v2\/posts"}],"about":[{"href":"https:\/\/www.sonoraenequipo.com.mx\/api\/wp\/v2\/types\/post"}],"author":[{"embeddable":true,"href":"https:\/\/www.sonoraenequipo.com.mx\/api\/wp\/v2\/users\/1"}],"replies":[{"embeddable":true,"href":"https:\/\/www.sonoraenequipo.com.mx\/api\/wp\/v2\/comments?post=100275"}],"version-history":[{"count":1,"href":"https:\/\/www.sonoraenequipo.com.mx\/api\/wp\/v2\/posts\/100275\/revisions"}],"predecessor-version":[{"id":100287,"href":"https:\/\/www.sonoraenequipo.com.mx\/api\/wp\/v2\/posts\/100275\/revisions\/100287"}],"wp:featuredmedia":[{"embeddable":true,"href":"https:\/\/www.sonoraenequipo.com.mx\/api\/wp\/v2\/media\/86091"}],"wp:attachment":[{"href":"https:\/\/www.sonoraenequipo.com.mx\/api\/wp\/v2\/media?parent=100275"}],"wp:term":[{"taxonomy":"category","embeddable":true,"href":"https:\/\/www.sonoraenequipo.com.mx\/api\/wp\/v2\/categories?post=100275"},{"taxonomy":"post_tag","embeddable":true,"href":"https:\/\/www.sonoraenequipo.com.mx\/api\/wp\/v2\/tags?post=100275"}],"curies":[{"name":"wp","href":"https:\/\/api.w.org\/{rel}","templated":true}]}}