{"id":100286,"date":"2020-11-13T23:55:45","date_gmt":"2020-11-14T06:55:45","guid":{"rendered":"https:\/\/www.sonoraenequipo.com.mx\/?p=100286"},"modified":"2020-11-13T21:32:51","modified_gmt":"2020-11-14T04:32:51","slug":"cabildo-gira-exhorto-para-que-unidades-de-transporte-refuercen-mdidas-sanitarias","status":"publish","type":"post","link":"https:\/\/www.sonoraenequipo.com.mx\/cabildo-gira-exhorto-para-que-unidades-de-transporte-refuercen-mdidas-sanitarias\/","title":{"rendered":"Cabildo gira exhorto para que unidades de transporte refuercen mdidas sanitarias"},"content":{"rendered":"<p>HERMOSILLO, SONORA. MX. \u2014\u00a0 Por mayor\u00eda, el Cabildo de Hermosillo vot\u00f3 ayer a favor de girar un exhorto a la direcci\u00f3n general de Transporte del Estado de Sonora para reforzar sus medidas sanitarias y disminuir as\u00ed la probabilidad de contagios por Covid-19.<\/p>\n<p>&nbsp;<\/p>\n<p> <\/p>\n<p>&nbsp;<\/p>\n<p>La moci\u00f3n contempla obligar tanto a pasajeros como al chofer a portar su cubrebocas en todo momento sobre la unidad, contar con un dispensador de gel antibacterial e incrementar el n\u00famero de unidades por l\u00ednea para propiciar la san distancia entre los usuarios.<\/p>\n<p>&nbsp;<\/p>\n<p><em>\u201cAnte la situaci\u00f3n actual en la que vivimos por la contingencia sanitaria y epidemiol\u00f3gica, que ha dado origen a afectaciones tanto de car\u00e1cter econ\u00f3mico y social, resulta necesario aplicar diversas medidas preventivas para contener dicha enfermedad, tal es el caso del servicio p\u00fablico del transporte urbano\u201d.<\/em><\/p>\n<p>&nbsp;<\/p>\n<p><em>\u201cSi bien es cierto, no es competencia de este Ayuntamiento el prestar y supervisar dicho servicio, este Ayuntamiento, a trav\u00e9s de su secretar\u00eda y por instrucci\u00f3n del Comit\u00e9 Municipal de Salud, con fecha 10 de julio del presente a\u00f1o gir\u00f3 un oficio a la direcci\u00f3n general de Transporte del Estado de Sonora a efecto de reforzar las medidas sanitarias requeridas para mitigar la contingencia y transmisi\u00f3n de esta enfermedad\u201d,<\/em> expuso el secretario del Ayuntamiento, Joaqu\u00edn Rodr\u00edguez.<\/p>\n<p>&nbsp;<\/p>\n<p>&nbsp;<\/p>\n<p>Por su parte, la alcaldesa C\u00e9lida L\u00f3pez record\u00f3 que ya han hablado con las autoridades del transporte p\u00fablico anteriormente, pero que se mantendr\u00e1n insistiendo en este tema que tanta pol\u00e9mica ha causado en medio de la cuarentena.<\/p>\n<p>&nbsp;<\/p>\n<p>&nbsp;<\/p>\n<p><em>\u201cSolamente haciendo este tipo de exhortos podemos poner en la agenda p\u00fablica los temas relevantes; no solamente se trata de cerrar negocios, ni de ajustar horarios, sino que en las \u00e1reas de oportunidad donde se tiene mayor contagio, como est\u00e1 comprobado es en los camiones del transporte p\u00fablico, que tambi\u00e9n se le pida a la autoridad correspondiente que nos ayude para que haya mejores condiciones para la gente\u201d,<\/em> dijo.<\/p>\n<p>&nbsp;<\/p>\n<p>&nbsp;<\/p>\n<p>(Publicada el 13\/11\/2020)<\/p>\n","protected":false},"excerpt":{"rendered":"<p>HERMOSILLO, SONORA. MX. \u2014\u00a0 Por mayor\u00eda, el Cabildo de Hermosillo vot\u00f3 ayer a favor de&#8230;<\/p>\n","protected":false},"author":1,"featured_media":100288,"comment_status":"open","ping_status":"open","sticky":false,"template":"","format":"standard","meta":{"_monsterinsights_skip_tracking":false,"_monsterinsights_sitenote_active":false,"_monsterinsights_sitenote_note":"","_monsterinsights_sitenote_category":0,"footnotes":""},"categories":[22],"tags":[],"class_list":["post"],"yoast_head":" \n<title>Sonora en Equipo. Cabildo gira exhorto para que unidades de transporte refuercen mdidas sanitarias Sonora<\/title>\n<meta name=\"description\" content=\"HERMOSILLO, SONORA. MX. \u2014\u00a0 Por mayor\u00eda, el Cabildo de Hermosillo vot\u00f3 ayer a favor de girar un exhorto a la direcci\u00f3n general de Transporte del Estado de En Sonora en Equipo publicamos toda la informaci\u00f3n de Sonora, M\u00e9xico y el Mundo de manera oportuna y busca que la libertad de expresi\u00f3n sea real. Visita nuestro medio informativo publicado desde Hermosillo, Sonora. %\" \/>\n<meta name=\"robots\" content=\"index, follow, max-snippet:-1, max-image-preview:large, max-video-preview:-1\" \/>\n<link rel=\"canonical\" href=\"https:\/\/www.sonoraenequipo.com.mx\/cabildo-gira-exhorto-para-que-unidades-de-transporte-refuercen-mdidas-sanitarias\/\" \/>\n<meta property=\"og:locale\" content=\"es_ES\" \/>\n<meta property=\"og:type\" content=\"article\" \/>\n<meta property=\"og:title\" content=\"Sonora en Equipo. Cabildo gira exhorto para que unidades de transporte refuercen mdidas sanitarias Sonora\" \/>\n<meta property=\"og:description\" content=\"HERMOSILLO, SONORA. MX. \u2014\u00a0 Por mayor\u00eda, el Cabildo de Hermosillo vot\u00f3 ayer a favor de girar un exhorto a la direcci\u00f3n general de Transporte del Estado de En Sonora en Equipo publicamos toda la informaci\u00f3n de Sonora, M\u00e9xico y el Mundo de manera oportuna y busca que la libertad de expresi\u00f3n sea real. Visita nuestro medio informativo publicado desde Hermosillo, Sonora. %\" \/>\n<meta property=\"og:url\" content=\"https:\/\/www.sonoraenequipo.com.mx\/cabildo-gira-exhorto-para-que-unidades-de-transporte-refuercen-mdidas-sanitarias\/\" \/>\n<meta property=\"og:site_name\" content=\"Sonora en Equipo.\" \/>\n<meta property=\"article:publisher\" content=\"https:\/\/www.facebook.com\/SonoraEE\/\" \/>\n<meta property=\"article:author\" content=\"https:\/\/www.facebook.com\/SonoraEE\" \/>\n<meta property=\"article:published_time\" content=\"2020-11-14T06:55:45+00:00\" \/>\n<meta property=\"og:image\" content=\"https:\/\/www.sonoraenequipo.com.mx\/storage\/2020\/11\/UNE_opt.jpg\" \/>\n\t<meta property=\"og:image:width\" content=\"680\" \/>\n\t<meta property=\"og:image:height\" content=\"342\" \/>\n\t<meta property=\"og:image:type\" content=\"image\/jpeg\" \/>\n<meta name=\"author\" content=\"enequipo\" \/>\n<meta name=\"twitter:card\" content=\"summary_large_image\" \/>\n<meta name=\"twitter:creator\" content=\"@sonoraenequipo\" \/>\n<meta name=\"twitter:site\" content=\"@sonoraenequipo\" \/>\n<meta name=\"twitter:label1\" content=\"Escrito por\" \/>\n\t<meta name=\"twitter:data1\" content=\"enequipo\" \/>\n\t<meta name=\"twitter:label2\" content=\"Tiempo de lectura\" \/>\n\t<meta name=\"twitter:data2\" content=\"2 minutos\" \/>\n<script type=\"application\/ld+json\" class=\"yoast-schema-graph\">{\"@context\":\"https:\/\/schema.org\",\"@graph\":[{\"@type\":\"Article\",\"@id\":\"https:\/\/www.sonoraenequipo.com.mx\/cabildo-gira-exhorto-para-que-unidades-de-transporte-refuercen-mdidas-sanitarias\/#article\",\"isPartOf\":{\"@id\":\"https:\/\/www.sonoraenequipo.com.mx\/cabildo-gira-exhorto-para-que-unidades-de-transporte-refuercen-mdidas-sanitarias\/\"},\"author\":{\"name\":\"enequipo\",\"@id\":\"https:\/\/www.sonoraenequipo.com.mx\/#\/schema\/person\/50102df0fb23a8fa9e8effad8fa81386\"},\"headline\":\"Cabildo gira exhorto para que unidades de transporte refuercen mdidas sanitarias\",\"datePublished\":\"2020-11-14T06:55:45+00:00\",\"mainEntityOfPage\":{\"@id\":\"https:\/\/www.sonoraenequipo.com.mx\/cabildo-gira-exhorto-para-que-unidades-de-transporte-refuercen-mdidas-sanitarias\/\"},\"wordCount\":360,\"commentCount\":0,\"publisher\":{\"@id\":\"https:\/\/www.sonoraenequipo.com.mx\/#organization\"},\"image\":{\"@id\":\"https:\/\/www.sonoraenequipo.com.mx\/cabildo-gira-exhorto-para-que-unidades-de-transporte-refuercen-mdidas-sanitarias\/#primaryimage\"},\"thumbnailUrl\":\"https:\/\/www.sonoraenequipo.com.mx\/storage\/2020\/11\/UNE_opt.jpg\",\"articleSection\":[\"Sonora\"],\"inLanguage\":\"es\",\"potentialAction\":[{\"@type\":\"CommentAction\",\"name\":\"Comment\",\"target\":[\"https:\/\/www.sonoraenequipo.com.mx\/cabildo-gira-exhorto-para-que-unidades-de-transporte-refuercen-mdidas-sanitarias\/#respond\"]}]},{\"@type\":\"WebPage\",\"@id\":\"https:\/\/www.sonoraenequipo.com.mx\/cabildo-gira-exhorto-para-que-unidades-de-transporte-refuercen-mdidas-sanitarias\/\",\"url\":\"https:\/\/www.sonoraenequipo.com.mx\/cabildo-gira-exhorto-para-que-unidades-de-transporte-refuercen-mdidas-sanitarias\/\",\"name\":\"Sonora en Equipo. Cabildo gira exhorto para que unidades de transporte refuercen mdidas sanitarias Sonora\",\"isPartOf\":{\"@id\":\"https:\/\/www.sonoraenequipo.com.mx\/#website\"},\"primaryImageOfPage\":{\"@id\":\"https:\/\/www.sonoraenequipo.com.mx\/cabildo-gira-exhorto-para-que-unidades-de-transporte-refuercen-mdidas-sanitarias\/#primaryimage\"},\"image\":{\"@id\":\"https:\/\/www.sonoraenequipo.com.mx\/cabildo-gira-exhorto-para-que-unidades-de-transporte-refuercen-mdidas-sanitarias\/#primaryimage\"},\"thumbnailUrl\":\"https:\/\/www.sonoraenequipo.com.mx\/storage\/2020\/11\/UNE_opt.jpg\",\"datePublished\":\"2020-11-14T06:55:45+00:00\",\"description\":\"HERMOSILLO, SONORA. MX. \u2014\u00a0 Por mayor\u00eda, el Cabildo de Hermosillo vot\u00f3 ayer a favor de girar un exhorto a la direcci\u00f3n general de Transporte del Estado de En Sonora en Equipo publicamos toda la informaci\u00f3n de Sonora, M\u00e9xico y el Mundo de manera oportuna y busca que la libertad de expresi\u00f3n sea real. Visita nuestro medio informativo publicado desde Hermosillo, Sonora. %\",\"breadcrumb\":{\"@id\":\"https:\/\/www.sonoraenequipo.com.mx\/cabildo-gira-exhorto-para-que-unidades-de-transporte-refuercen-mdidas-sanitarias\/#breadcrumb\"},\"inLanguage\":\"es\",\"potentialAction\":[{\"@type\":\"ReadAction\",\"target\":[\"https:\/\/www.sonoraenequipo.com.mx\/cabildo-gira-exhorto-para-que-unidades-de-transporte-refuercen-mdidas-sanitarias\/\"]}]},{\"@type\":\"ImageObject\",\"inLanguage\":\"es\",\"@id\":\"https:\/\/www.sonoraenequipo.com.mx\/cabildo-gira-exhorto-para-que-unidades-de-transporte-refuercen-mdidas-sanitarias\/#primaryimage\",\"url\":\"https:\/\/www.sonoraenequipo.com.mx\/storage\/2020\/11\/UNE_opt.jpg\",\"contentUrl\":\"https:\/\/www.sonoraenequipo.com.mx\/storage\/2020\/11\/UNE_opt.jpg\",\"width\":680,\"height\":342},{\"@type\":\"BreadcrumbList\",\"@id\":\"https:\/\/www.sonoraenequipo.com.mx\/cabildo-gira-exhorto-para-que-unidades-de-transporte-refuercen-mdidas-sanitarias\/#breadcrumb\",\"itemListElement\":[{\"@type\":\"ListItem\",\"position\":1,\"name\":\"Portada\",\"item\":\"https:\/\/www.sonoraenequipo.com.mx\/\"},{\"@type\":\"ListItem\",\"position\":2,\"name\":\"Cabildo gira exhorto para que unidades de transporte refuercen mdidas sanitarias\"}]},{\"@type\":\"WebSite\",\"@id\":\"https:\/\/www.sonoraenequipo.com.mx\/#website\",\"url\":\"https:\/\/www.sonoraenequipo.com.mx\/\",\"name\":\"Sonora en Equipo.\",\"description\":\"Diario en l\u00ednea con Noticias desde Hermosillo, Sonora\",\"publisher\":{\"@id\":\"https:\/\/www.sonoraenequipo.com.mx\/#organization\"},\"potentialAction\":[{\"@type\":\"SearchAction\",\"target\":{\"@type\":\"EntryPoint\",\"urlTemplate\":\"https:\/\/www.sonoraenequipo.com.mx\/?s={search_term_string}\"},\"query-input\":{\"@type\":\"PropertyValueSpecification\",\"valueRequired\":true,\"valueName\":\"search_term_string\"}}],\"inLanguage\":\"es\"},{\"@type\":\"Organization\",\"@id\":\"https:\/\/www.sonoraenequipo.com.mx\/#organization\",\"name\":\"Sonoraenequipo.com.mx\",\"url\":\"https:\/\/www.sonoraenequipo.com.mx\/\",\"logo\":{\"@type\":\"ImageObject\",\"inLanguage\":\"es\",\"@id\":\"https:\/\/www.sonoraenequipo.com.mx\/#\/schema\/logo\/image\/\",\"url\":\"https:\/\/www.sonoraenequipo.com.mx\/storage\/2019\/01\/sonoraenequipo_opt.png\",\"contentUrl\":\"https:\/\/www.sonoraenequipo.com.mx\/storage\/2019\/01\/sonoraenequipo_opt.png\",\"width\":375,\"height\":125,\"caption\":\"Sonoraenequipo.com.mx\"},\"image\":{\"@id\":\"https:\/\/www.sonoraenequipo.com.mx\/#\/schema\/logo\/image\/\"},\"sameAs\":[\"https:\/\/www.facebook.com\/SonoraEE\/\",\"https:\/\/x.com\/sonoraenequipo\",\"https:\/\/www.youtube.com\/channel\/UC338nW-lPEYmJQs4ZABQ1SQ\"]},{\"@type\":\"Person\",\"@id\":\"https:\/\/www.sonoraenequipo.com.mx\/#\/schema\/person\/50102df0fb23a8fa9e8effad8fa81386\",\"name\":\"enequipo\",\"image\":{\"@type\":\"ImageObject\",\"inLanguage\":\"es\",\"@id\":\"https:\/\/www.sonoraenequipo.com.mx\/#\/schema\/person\/image\/\",\"url\":\"https:\/\/secure.gravatar.com\/avatar\/049821681b589dabc0bc20695993ccebb09f5b5d4d790cd9251b97faac7c652b?s=96&d=blank&r=g\",\"contentUrl\":\"https:\/\/secure.gravatar.com\/avatar\/049821681b589dabc0bc20695993ccebb09f5b5d4d790cd9251b97faac7c652b?s=96&d=blank&r=g\",\"caption\":\"enequipo\"},\"sameAs\":[\"https:\/\/www.facebook.com\/SonoraEE\"]}]}<\/script>\n ","yoast_head_json":{"title":"Sonora en Equipo. Cabildo gira exhorto para que unidades de transporte refuercen mdidas sanitarias Sonora","description":"HERMOSILLO, SONORA. MX. \u2014\u00a0 Por mayor\u00eda, el Cabildo de Hermosillo vot\u00f3 ayer a favor de girar un exhorto a la direcci\u00f3n general de Transporte del Estado de En Sonora en Equipo publicamos toda la informaci\u00f3n de Sonora, M\u00e9xico y el Mundo de manera oportuna y busca que la libertad de expresi\u00f3n sea real. Visita nuestro medio informativo publicado desde Hermosillo, Sonora. %","robots":{"index":"index","follow":"follow","max-snippet":"max-snippet:-1","max-image-preview":"max-image-preview:large","max-video-preview":"max-video-preview:-1"},"canonical":"https:\/\/www.sonoraenequipo.com.mx\/cabildo-gira-exhorto-para-que-unidades-de-transporte-refuercen-mdidas-sanitarias\/","og_locale":"es_ES","og_type":"article","og_title":"Sonora en Equipo. Cabildo gira exhorto para que unidades de transporte refuercen mdidas sanitarias Sonora","og_description":"HERMOSILLO, SONORA. MX. \u2014\u00a0 Por mayor\u00eda, el Cabildo de Hermosillo vot\u00f3 ayer a favor de girar un exhorto a la direcci\u00f3n general de Transporte del Estado de En Sonora en Equipo publicamos toda la informaci\u00f3n de Sonora, M\u00e9xico y el Mundo de manera oportuna y busca que la libertad de expresi\u00f3n sea real. Visita nuestro medio informativo publicado desde Hermosillo, Sonora. %","og_url":"https:\/\/www.sonoraenequipo.com.mx\/cabildo-gira-exhorto-para-que-unidades-de-transporte-refuercen-mdidas-sanitarias\/","og_site_name":"Sonora en Equipo.","article_publisher":"https:\/\/www.facebook.com\/SonoraEE\/","article_author":"https:\/\/www.facebook.com\/SonoraEE","article_published_time":"2020-11-14T06:55:45+00:00","og_image":[{"width":680,"height":342,"url":"https:\/\/www.sonoraenequipo.com.mx\/storage\/2020\/11\/UNE_opt.jpg","type":"image\/jpeg"}],"author":"enequipo","twitter_card":"summary_large_image","twitter_creator":"@sonoraenequipo","twitter_site":"@sonoraenequipo","twitter_misc":{"Escrito por":"enequipo","Tiempo de lectura":"2 minutos"},"schema":{"@context":"https:\/\/schema.org","@graph":[{"@type":"Article","@id":"https:\/\/www.sonoraenequipo.com.mx\/cabildo-gira-exhorto-para-que-unidades-de-transporte-refuercen-mdidas-sanitarias\/#article","isPartOf":{"@id":"https:\/\/www.sonoraenequipo.com.mx\/cabildo-gira-exhorto-para-que-unidades-de-transporte-refuercen-mdidas-sanitarias\/"},"author":{"name":"enequipo","@id":"https:\/\/www.sonoraenequipo.com.mx\/#\/schema\/person\/50102df0fb23a8fa9e8effad8fa81386"},"headline":"Cabildo gira exhorto para que unidades de transporte refuercen mdidas sanitarias","datePublished":"2020-11-14T06:55:45+00:00","mainEntityOfPage":{"@id":"https:\/\/www.sonoraenequipo.com.mx\/cabildo-gira-exhorto-para-que-unidades-de-transporte-refuercen-mdidas-sanitarias\/"},"wordCount":360,"commentCount":0,"publisher":{"@id":"https:\/\/www.sonoraenequipo.com.mx\/#organization"},"image":{"@id":"https:\/\/www.sonoraenequipo.com.mx\/cabildo-gira-exhorto-para-que-unidades-de-transporte-refuercen-mdidas-sanitarias\/#primaryimage"},"thumbnailUrl":"https:\/\/www.sonoraenequipo.com.mx\/storage\/2020\/11\/UNE_opt.jpg","articleSection":["Sonora"],"inLanguage":"es","potentialAction":[{"@type":"CommentAction","name":"Comment","target":["https:\/\/www.sonoraenequipo.com.mx\/cabildo-gira-exhorto-para-que-unidades-de-transporte-refuercen-mdidas-sanitarias\/#respond"]}]},{"@type":"WebPage","@id":"https:\/\/www.sonoraenequipo.com.mx\/cabildo-gira-exhorto-para-que-unidades-de-transporte-refuercen-mdidas-sanitarias\/","url":"https:\/\/www.sonoraenequipo.com.mx\/cabildo-gira-exhorto-para-que-unidades-de-transporte-refuercen-mdidas-sanitarias\/","name":"Sonora en Equipo. Cabildo gira exhorto para que unidades de transporte refuercen mdidas sanitarias Sonora","isPartOf":{"@id":"https:\/\/www.sonoraenequipo.com.mx\/#website"},"primaryImageOfPage":{"@id":"https:\/\/www.sonoraenequipo.com.mx\/cabildo-gira-exhorto-para-que-unidades-de-transporte-refuercen-mdidas-sanitarias\/#primaryimage"},"image":{"@id":"https:\/\/www.sonoraenequipo.com.mx\/cabildo-gira-exhorto-para-que-unidades-de-transporte-refuercen-mdidas-sanitarias\/#primaryimage"},"thumbnailUrl":"https:\/\/www.sonoraenequipo.com.mx\/storage\/2020\/11\/UNE_opt.jpg","datePublished":"2020-11-14T06:55:45+00:00","description":"HERMOSILLO, SONORA. MX. \u2014\u00a0 Por mayor\u00eda, el Cabildo de Hermosillo vot\u00f3 ayer a favor de girar un exhorto a la direcci\u00f3n general de Transporte del Estado de En Sonora en Equipo publicamos toda la informaci\u00f3n de Sonora, M\u00e9xico y el Mundo de manera oportuna y busca que la libertad de expresi\u00f3n sea real. Visita nuestro medio informativo publicado desde Hermosillo, Sonora. %","breadcrumb":{"@id":"https:\/\/www.sonoraenequipo.com.mx\/cabildo-gira-exhorto-para-que-unidades-de-transporte-refuercen-mdidas-sanitarias\/#breadcrumb"},"inLanguage":"es","potentialAction":[{"@type":"ReadAction","target":["https:\/\/www.sonoraenequipo.com.mx\/cabildo-gira-exhorto-para-que-unidades-de-transporte-refuercen-mdidas-sanitarias\/"]}]},{"@type":"ImageObject","inLanguage":"es","@id":"https:\/\/www.sonoraenequipo.com.mx\/cabildo-gira-exhorto-para-que-unidades-de-transporte-refuercen-mdidas-sanitarias\/#primaryimage","url":"https:\/\/www.sonoraenequipo.com.mx\/storage\/2020\/11\/UNE_opt.jpg","contentUrl":"https:\/\/www.sonoraenequipo.com.mx\/storage\/2020\/11\/UNE_opt.jpg","width":680,"height":342},{"@type":"BreadcrumbList","@id":"https:\/\/www.sonoraenequipo.com.mx\/cabildo-gira-exhorto-para-que-unidades-de-transporte-refuercen-mdidas-sanitarias\/#breadcrumb","itemListElement":[{"@type":"ListItem","position":1,"name":"Portada","item":"https:\/\/www.sonoraenequipo.com.mx\/"},{"@type":"ListItem","position":2,"name":"Cabildo gira exhorto para que unidades de transporte refuercen mdidas sanitarias"}]},{"@type":"WebSite","@id":"https:\/\/www.sonoraenequipo.com.mx\/#website","url":"https:\/\/www.sonoraenequipo.com.mx\/","name":"Sonora en Equipo.","description":"Diario en l\u00ednea con Noticias desde Hermosillo, Sonora","publisher":{"@id":"https:\/\/www.sonoraenequipo.com.mx\/#organization"},"potentialAction":[{"@type":"SearchAction","target":{"@type":"EntryPoint","urlTemplate":"https:\/\/www.sonoraenequipo.com.mx\/?s={search_term_string}"},"query-input":{"@type":"PropertyValueSpecification","valueRequired":true,"valueName":"search_term_string"}}],"inLanguage":"es"},{"@type":"Organization","@id":"https:\/\/www.sonoraenequipo.com.mx\/#organization","name":"Sonoraenequipo.com.mx","url":"https:\/\/www.sonoraenequipo.com.mx\/","logo":{"@type":"ImageObject","inLanguage":"es","@id":"https:\/\/www.sonoraenequipo.com.mx\/#\/schema\/logo\/image\/","url":"https:\/\/www.sonoraenequipo.com.mx\/storage\/2019\/01\/sonoraenequipo_opt.png","contentUrl":"https:\/\/www.sonoraenequipo.com.mx\/storage\/2019\/01\/sonoraenequipo_opt.png","width":375,"height":125,"caption":"Sonoraenequipo.com.mx"},"image":{"@id":"https:\/\/www.sonoraenequipo.com.mx\/#\/schema\/logo\/image\/"},"sameAs":["https:\/\/www.facebook.com\/SonoraEE\/","https:\/\/x.com\/sonoraenequipo","https:\/\/www.youtube.com\/channel\/UC338nW-lPEYmJQs4ZABQ1SQ"]},{"@type":"Person","@id":"https:\/\/www.sonoraenequipo.com.mx\/#\/schema\/person\/50102df0fb23a8fa9e8effad8fa81386","name":"enequipo","image":{"@type":"ImageObject","inLanguage":"es","@id":"https:\/\/www.sonoraenequipo.com.mx\/#\/schema\/person\/image\/","url":"https:\/\/secure.gravatar.com\/avatar\/049821681b589dabc0bc20695993ccebb09f5b5d4d790cd9251b97faac7c652b?s=96&d=blank&r=g","contentUrl":"https:\/\/secure.gravatar.com\/avatar\/049821681b589dabc0bc20695993ccebb09f5b5d4d790cd9251b97faac7c652b?s=96&d=blank&r=g","caption":"enequipo"},"sameAs":["https:\/\/www.facebook.com\/SonoraEE"]}]}},"jetpack_featured_media_url":"https:\/\/www.sonoraenequipo.com.mx\/storage\/2020\/11\/UNE_opt.jpg","_links":{"self":[{"href":"https:\/\/www.sonoraenequipo.com.mx\/api\/wp\/v2\/posts\/100286","targetHints":{"allow":["GET"]}}],"collection":[{"href":"https:\/\/www.sonoraenequipo.com.mx\/api\/wp\/v2\/posts"}],"about":[{"href":"https:\/\/www.sonoraenequipo.com.mx\/api\/wp\/v2\/types\/post"}],"author":[{"embeddable":true,"href":"https:\/\/www.sonoraenequipo.com.mx\/api\/wp\/v2\/users\/1"}],"replies":[{"embeddable":true,"href":"https:\/\/www.sonoraenequipo.com.mx\/api\/wp\/v2\/comments?post=100286"}],"version-history":[{"count":1,"href":"https:\/\/www.sonoraenequipo.com.mx\/api\/wp\/v2\/posts\/100286\/revisions"}],"predecessor-version":[{"id":100289,"href":"https:\/\/www.sonoraenequipo.com.mx\/api\/wp\/v2\/posts\/100286\/revisions\/100289"}],"wp:featuredmedia":[{"embeddable":true,"href":"https:\/\/www.sonoraenequipo.com.mx\/api\/wp\/v2\/media\/100288"}],"wp:attachment":[{"href":"https:\/\/www.sonoraenequipo.com.mx\/api\/wp\/v2\/media?parent=100286"}],"wp:term":[{"taxonomy":"category","embeddable":true,"href":"https:\/\/www.sonoraenequipo.com.mx\/api\/wp\/v2\/categories?post=100286"},{"taxonomy":"post_tag","embeddable":true,"href":"https:\/\/www.sonoraenequipo.com.mx\/api\/wp\/v2\/tags?post=100286"}],"curies":[{"name":"wp","href":"https:\/\/api.w.org\/{rel}","templated":true}]}}