{"id":100294,"date":"2020-11-13T22:11:19","date_gmt":"2020-11-14T05:11:19","guid":{"rendered":"https:\/\/www.sonoraenequipo.com.mx\/?p=100294"},"modified":"2020-11-13T22:11:19","modified_gmt":"2020-11-14T05:11:19","slug":"en-el-transporte-publico-se-deben-tomar-todas-las-medidas-sanitarias-enrique-clausen","status":"publish","type":"post","link":"https:\/\/www.sonoraenequipo.com.mx\/en-el-transporte-publico-se-deben-tomar-todas-las-medidas-sanitarias-enrique-clausen\/","title":{"rendered":"En el transporte p\u00fablico se deben tomar todas las medidas sanitarias: Enrique Clausen"},"content":{"rendered":"<p>En el transporte p\u00fablico se deben tomar todas las medidas sanitarias: Enrique Clausen<\/p>\n<p>&gt;&gt;Registra Sonora 10 fallecimientos m\u00e1s y 163 nuevos casos de la enfermedad<\/p>\n<p>&nbsp;<\/p>\n<p>&nbsp;<\/p>\n<p>HERMOSILLO, SONORA,MX.\u2500\u2500Al momento de utilizar el transporte p\u00fablico se deben de tomar en cuenta las recomendaciones para evitar contagios del COVID-19, ya que est\u00e1 comprobado que entre m\u00e1s gente respire, tosa o hable en el mismo espacio confinado, hay mayor posibilidad de resultar infectado, resalt\u00f3 Enrique Clausen Iberri.<\/p>\n<p>&nbsp;<\/p>\n<p>Tras informarse que este d\u00eda se confirmaron 10 fallecimientos m\u00e1s y 163 nuevos casos de la enfermedad, el secretario de Salud indic\u00f3 que en espacios tan reducidos como el transporte p\u00fablico, se deben tomar todas las medidas sanitarias rigurosas para evitar contagiarse, adem\u00e1s de solicitar a los operadores hacer respetar los protocolos adecuados.<\/p>\n<p>&nbsp;<\/p>\n<p>\u201cSi vas a hacer un viaje largo, no te quites el cubrebocas ni un momento del trayecto, pues un minuto de descuido puede significar que en unos d\u00edas no vuelvas al trabajo o a hacer tus pendientes. Cuida tu vida y la de los dem\u00e1s, s\u00e9 un usuario responsable\u201d, dijo.<\/p>\n<p>&nbsp;<\/p>\n<p>Este viernes, 10 pacientes fueron dados de alta; hasta el momento 34 mil 710 personas se han recuperado en la entidad; tambi\u00e9n se confirmaron 10 decesos en siete hombres y tres mujeres, en cuatro residentes de Hermosillo; dos de Puerto Pe\u00f1asco; dos de San Luis R\u00edo Colorado; uno de Navojoa y uno de Etchojoa, seis de las personas fallecidas eran derechohabientes de la Secretar\u00eda de Salud y cuatro del IMSS, acumul\u00e1ndose 3 mil 232 defunciones.<\/p>\n<p>&nbsp;<\/p>\n<p>Este d\u00eda, se registraron 163 nuevos casos por COVID, en 95 mujeres y 68 hombres, para un total de 39 mil 522 casos en la entidad, 30 de los nuevos casos en residentes de Guaymas; 28 de Cananea; 23 de Hermosillo; 18 de Cajeme; 17 de Nogales; 13 de Navojoa; nueve de Huatabampo; siete de Agua Prieta; cinco de Caborca; cuatro de Empalme; tres de San Luis R\u00edo Colorado; dos de Naco; dos de Puerto Pe\u00f1asco; uno de S\u00e1ric y uno de Magdalena de Kino.<\/p>\n<p>&nbsp;<\/p>\n<p>Hoy se confirmaron cinco casos pedi\u00e1tricos, en tres ni\u00f1as y dos ni\u00f1os, acumul\u00e1ndose 786 en total; tambi\u00e9n se confirmaron tres casos en mujeres embarazadas, para un total de 284 casos; 13 de los 163 casos ocurrieron en trabajadores de la salud de diversas instituciones.<\/p>\n<p>&nbsp;<\/p>\n<p>Al momento, se tiene un 26 por ciento de ocupaci\u00f3n hospitalaria en instituciones p\u00fablicas y 68 por ciento en instituciones privadas; se han realizado 70 mil 887 pruebas; se han confirmado 39 mil 522 casos y se han descartado 31 mil 365; 11 mil 659 casos con cuadros leves; mil 348 activos y 10 mil 311 concluyeron su seguimiento; 24 mil 399 pacientes se han curado y 232 pacientes se encuentran hospitalizados, 79 de ellos estables, 125 graves y 28 cr\u00edticos.<\/p>\n<p>&nbsp;<\/p>\n<p>Casos COVID-19 en Sonora: 39 mil 522 casos confirmados y 3 mil 232 defunciones.<\/p>\n<p>Fecha de\u00a0 publicaci\u00f3n 13\/nov\/2020<\/p>\n","protected":false},"excerpt":{"rendered":"<p>En el transporte p\u00fablico se deben tomar todas las medidas sanitarias: Enrique Clausen &gt;&gt;Registra Sonora&#8230;<\/p>\n","protected":false},"author":1,"featured_media":83229,"comment_status":"open","ping_status":"open","sticky":false,"template":"","format":"standard","meta":{"_monsterinsights_skip_tracking":false,"_monsterinsights_sitenote_active":false,"_monsterinsights_sitenote_note":"","_monsterinsights_sitenote_category":0,"footnotes":""},"categories":[22],"tags":[4249,15],"class_list":["post"],"yoast_head":" \n<title>Sonora en Equipo. En el transporte p\u00fablico se deben tomar todas las medidas sanitarias: Enrique Clausen Sonora<\/title>\n<meta name=\"description\" content=\"En el transporte p\u00fablico se deben tomar todas las medidas sanitarias: Enrique Clausen &gt;&gt;Registra Sonora 10 fallecimientos m\u00e1s y 163 nuevos casos de En Sonora en Equipo publicamos toda la informaci\u00f3n de Sonora, M\u00e9xico y el Mundo de manera oportuna y busca que la libertad de expresi\u00f3n sea real. Visita nuestro medio informativo publicado desde Hermosillo, Sonora. %\" \/>\n<meta name=\"robots\" content=\"index, follow, max-snippet:-1, max-image-preview:large, max-video-preview:-1\" \/>\n<link rel=\"canonical\" href=\"https:\/\/www.sonoraenequipo.com.mx\/en-el-transporte-publico-se-deben-tomar-todas-las-medidas-sanitarias-enrique-clausen\/\" \/>\n<meta property=\"og:locale\" content=\"es_ES\" \/>\n<meta property=\"og:type\" content=\"article\" \/>\n<meta property=\"og:title\" content=\"Sonora en Equipo. En el transporte p\u00fablico se deben tomar todas las medidas sanitarias: Enrique Clausen Sonora\" \/>\n<meta property=\"og:description\" content=\"En el transporte p\u00fablico se deben tomar todas las medidas sanitarias: Enrique Clausen &gt;&gt;Registra Sonora 10 fallecimientos m\u00e1s y 163 nuevos casos de En Sonora en Equipo publicamos toda la informaci\u00f3n de Sonora, M\u00e9xico y el Mundo de manera oportuna y busca que la libertad de expresi\u00f3n sea real. Visita nuestro medio informativo publicado desde Hermosillo, Sonora. %\" \/>\n<meta property=\"og:url\" content=\"https:\/\/www.sonoraenequipo.com.mx\/en-el-transporte-publico-se-deben-tomar-todas-las-medidas-sanitarias-enrique-clausen\/\" \/>\n<meta property=\"og:site_name\" content=\"Sonora en Equipo.\" \/>\n<meta property=\"article:publisher\" content=\"https:\/\/www.facebook.com\/SonoraEE\/\" \/>\n<meta property=\"article:author\" content=\"https:\/\/www.facebook.com\/SonoraEE\" \/>\n<meta property=\"article:published_time\" content=\"2020-11-14T05:11:19+00:00\" \/>\n<meta property=\"og:image\" content=\"https:\/\/www.sonoraenequipo.com.mx\/storage\/2020\/04\/transportepublicohillo_opt.jpg\" \/>\n\t<meta property=\"og:image:width\" content=\"696\" \/>\n\t<meta property=\"og:image:height\" content=\"400\" \/>\n\t<meta property=\"og:image:type\" content=\"image\/jpeg\" \/>\n<meta name=\"author\" content=\"enequipo\" \/>\n<meta name=\"twitter:card\" content=\"summary_large_image\" \/>\n<meta name=\"twitter:creator\" content=\"@sonoraenequipo\" \/>\n<meta name=\"twitter:site\" content=\"@sonoraenequipo\" \/>\n<meta name=\"twitter:label1\" content=\"Escrito por\" \/>\n\t<meta name=\"twitter:data1\" content=\"enequipo\" \/>\n\t<meta name=\"twitter:label2\" content=\"Tiempo de lectura\" \/>\n\t<meta name=\"twitter:data2\" content=\"2 minutos\" \/>\n<script type=\"application\/ld+json\" class=\"yoast-schema-graph\">{\"@context\":\"https:\/\/schema.org\",\"@graph\":[{\"@type\":\"Article\",\"@id\":\"https:\/\/www.sonoraenequipo.com.mx\/en-el-transporte-publico-se-deben-tomar-todas-las-medidas-sanitarias-enrique-clausen\/#article\",\"isPartOf\":{\"@id\":\"https:\/\/www.sonoraenequipo.com.mx\/en-el-transporte-publico-se-deben-tomar-todas-las-medidas-sanitarias-enrique-clausen\/\"},\"author\":{\"name\":\"enequipo\",\"@id\":\"https:\/\/www.sonoraenequipo.com.mx\/#\/schema\/person\/50102df0fb23a8fa9e8effad8fa81386\"},\"headline\":\"En el transporte p\u00fablico se deben tomar todas las medidas sanitarias: Enrique Clausen\",\"datePublished\":\"2020-11-14T05:11:19+00:00\",\"mainEntityOfPage\":{\"@id\":\"https:\/\/www.sonoraenequipo.com.mx\/en-el-transporte-publico-se-deben-tomar-todas-las-medidas-sanitarias-enrique-clausen\/\"},\"wordCount\":486,\"commentCount\":0,\"publisher\":{\"@id\":\"https:\/\/www.sonoraenequipo.com.mx\/#organization\"},\"image\":{\"@id\":\"https:\/\/www.sonoraenequipo.com.mx\/en-el-transporte-publico-se-deben-tomar-todas-las-medidas-sanitarias-enrique-clausen\/#primaryimage\"},\"thumbnailUrl\":\"https:\/\/www.sonoraenequipo.com.mx\/storage\/2020\/04\/transportepublicohillo_opt.jpg\",\"keywords\":[\"covid\",\"Sonora\"],\"articleSection\":[\"Sonora\"],\"inLanguage\":\"es\",\"potentialAction\":[{\"@type\":\"CommentAction\",\"name\":\"Comment\",\"target\":[\"https:\/\/www.sonoraenequipo.com.mx\/en-el-transporte-publico-se-deben-tomar-todas-las-medidas-sanitarias-enrique-clausen\/#respond\"]}]},{\"@type\":\"WebPage\",\"@id\":\"https:\/\/www.sonoraenequipo.com.mx\/en-el-transporte-publico-se-deben-tomar-todas-las-medidas-sanitarias-enrique-clausen\/\",\"url\":\"https:\/\/www.sonoraenequipo.com.mx\/en-el-transporte-publico-se-deben-tomar-todas-las-medidas-sanitarias-enrique-clausen\/\",\"name\":\"Sonora en Equipo. En el transporte p\u00fablico se deben tomar todas las medidas sanitarias: Enrique Clausen Sonora\",\"isPartOf\":{\"@id\":\"https:\/\/www.sonoraenequipo.com.mx\/#website\"},\"primaryImageOfPage\":{\"@id\":\"https:\/\/www.sonoraenequipo.com.mx\/en-el-transporte-publico-se-deben-tomar-todas-las-medidas-sanitarias-enrique-clausen\/#primaryimage\"},\"image\":{\"@id\":\"https:\/\/www.sonoraenequipo.com.mx\/en-el-transporte-publico-se-deben-tomar-todas-las-medidas-sanitarias-enrique-clausen\/#primaryimage\"},\"thumbnailUrl\":\"https:\/\/www.sonoraenequipo.com.mx\/storage\/2020\/04\/transportepublicohillo_opt.jpg\",\"datePublished\":\"2020-11-14T05:11:19+00:00\",\"description\":\"En el transporte p\u00fablico se deben tomar todas las medidas sanitarias: Enrique Clausen &gt;&gt;Registra Sonora 10 fallecimientos m\u00e1s y 163 nuevos casos de En Sonora en Equipo publicamos toda la informaci\u00f3n de Sonora, M\u00e9xico y el Mundo de manera oportuna y busca que la libertad de expresi\u00f3n sea real. Visita nuestro medio informativo publicado desde Hermosillo, Sonora. %\",\"breadcrumb\":{\"@id\":\"https:\/\/www.sonoraenequipo.com.mx\/en-el-transporte-publico-se-deben-tomar-todas-las-medidas-sanitarias-enrique-clausen\/#breadcrumb\"},\"inLanguage\":\"es\",\"potentialAction\":[{\"@type\":\"ReadAction\",\"target\":[\"https:\/\/www.sonoraenequipo.com.mx\/en-el-transporte-publico-se-deben-tomar-todas-las-medidas-sanitarias-enrique-clausen\/\"]}]},{\"@type\":\"ImageObject\",\"inLanguage\":\"es\",\"@id\":\"https:\/\/www.sonoraenequipo.com.mx\/en-el-transporte-publico-se-deben-tomar-todas-las-medidas-sanitarias-enrique-clausen\/#primaryimage\",\"url\":\"https:\/\/www.sonoraenequipo.com.mx\/storage\/2020\/04\/transportepublicohillo_opt.jpg\",\"contentUrl\":\"https:\/\/www.sonoraenequipo.com.mx\/storage\/2020\/04\/transportepublicohillo_opt.jpg\",\"width\":696,\"height\":400},{\"@type\":\"BreadcrumbList\",\"@id\":\"https:\/\/www.sonoraenequipo.com.mx\/en-el-transporte-publico-se-deben-tomar-todas-las-medidas-sanitarias-enrique-clausen\/#breadcrumb\",\"itemListElement\":[{\"@type\":\"ListItem\",\"position\":1,\"name\":\"Portada\",\"item\":\"https:\/\/www.sonoraenequipo.com.mx\/\"},{\"@type\":\"ListItem\",\"position\":2,\"name\":\"En el transporte p\u00fablico se deben tomar todas las medidas sanitarias: Enrique Clausen\"}]},{\"@type\":\"WebSite\",\"@id\":\"https:\/\/www.sonoraenequipo.com.mx\/#website\",\"url\":\"https:\/\/www.sonoraenequipo.com.mx\/\",\"name\":\"Sonora en Equipo.\",\"description\":\"Diario en l\u00ednea con Noticias desde Hermosillo, Sonora\",\"publisher\":{\"@id\":\"https:\/\/www.sonoraenequipo.com.mx\/#organization\"},\"potentialAction\":[{\"@type\":\"SearchAction\",\"target\":{\"@type\":\"EntryPoint\",\"urlTemplate\":\"https:\/\/www.sonoraenequipo.com.mx\/?s={search_term_string}\"},\"query-input\":{\"@type\":\"PropertyValueSpecification\",\"valueRequired\":true,\"valueName\":\"search_term_string\"}}],\"inLanguage\":\"es\"},{\"@type\":\"Organization\",\"@id\":\"https:\/\/www.sonoraenequipo.com.mx\/#organization\",\"name\":\"Sonoraenequipo.com.mx\",\"url\":\"https:\/\/www.sonoraenequipo.com.mx\/\",\"logo\":{\"@type\":\"ImageObject\",\"inLanguage\":\"es\",\"@id\":\"https:\/\/www.sonoraenequipo.com.mx\/#\/schema\/logo\/image\/\",\"url\":\"https:\/\/www.sonoraenequipo.com.mx\/storage\/2019\/01\/sonoraenequipo_opt.png\",\"contentUrl\":\"https:\/\/www.sonoraenequipo.com.mx\/storage\/2019\/01\/sonoraenequipo_opt.png\",\"width\":375,\"height\":125,\"caption\":\"Sonoraenequipo.com.mx\"},\"image\":{\"@id\":\"https:\/\/www.sonoraenequipo.com.mx\/#\/schema\/logo\/image\/\"},\"sameAs\":[\"https:\/\/www.facebook.com\/SonoraEE\/\",\"https:\/\/x.com\/sonoraenequipo\",\"https:\/\/www.youtube.com\/channel\/UC338nW-lPEYmJQs4ZABQ1SQ\"]},{\"@type\":\"Person\",\"@id\":\"https:\/\/www.sonoraenequipo.com.mx\/#\/schema\/person\/50102df0fb23a8fa9e8effad8fa81386\",\"name\":\"enequipo\",\"image\":{\"@type\":\"ImageObject\",\"inLanguage\":\"es\",\"@id\":\"https:\/\/www.sonoraenequipo.com.mx\/#\/schema\/person\/image\/\",\"url\":\"https:\/\/secure.gravatar.com\/avatar\/049821681b589dabc0bc20695993ccebb09f5b5d4d790cd9251b97faac7c652b?s=96&d=blank&r=g\",\"contentUrl\":\"https:\/\/secure.gravatar.com\/avatar\/049821681b589dabc0bc20695993ccebb09f5b5d4d790cd9251b97faac7c652b?s=96&d=blank&r=g\",\"caption\":\"enequipo\"},\"sameAs\":[\"https:\/\/www.facebook.com\/SonoraEE\"]}]}<\/script>\n ","yoast_head_json":{"title":"Sonora en Equipo. En el transporte p\u00fablico se deben tomar todas las medidas sanitarias: Enrique Clausen Sonora","description":"En el transporte p\u00fablico se deben tomar todas las medidas sanitarias: Enrique Clausen &gt;&gt;Registra Sonora 10 fallecimientos m\u00e1s y 163 nuevos casos de En Sonora en Equipo publicamos toda la informaci\u00f3n de Sonora, M\u00e9xico y el Mundo de manera oportuna y busca que la libertad de expresi\u00f3n sea real. Visita nuestro medio informativo publicado desde Hermosillo, Sonora. %","robots":{"index":"index","follow":"follow","max-snippet":"max-snippet:-1","max-image-preview":"max-image-preview:large","max-video-preview":"max-video-preview:-1"},"canonical":"https:\/\/www.sonoraenequipo.com.mx\/en-el-transporte-publico-se-deben-tomar-todas-las-medidas-sanitarias-enrique-clausen\/","og_locale":"es_ES","og_type":"article","og_title":"Sonora en Equipo. En el transporte p\u00fablico se deben tomar todas las medidas sanitarias: Enrique Clausen Sonora","og_description":"En el transporte p\u00fablico se deben tomar todas las medidas sanitarias: Enrique Clausen &gt;&gt;Registra Sonora 10 fallecimientos m\u00e1s y 163 nuevos casos de En Sonora en Equipo publicamos toda la informaci\u00f3n de Sonora, M\u00e9xico y el Mundo de manera oportuna y busca que la libertad de expresi\u00f3n sea real. Visita nuestro medio informativo publicado desde Hermosillo, Sonora. %","og_url":"https:\/\/www.sonoraenequipo.com.mx\/en-el-transporte-publico-se-deben-tomar-todas-las-medidas-sanitarias-enrique-clausen\/","og_site_name":"Sonora en Equipo.","article_publisher":"https:\/\/www.facebook.com\/SonoraEE\/","article_author":"https:\/\/www.facebook.com\/SonoraEE","article_published_time":"2020-11-14T05:11:19+00:00","og_image":[{"width":696,"height":400,"url":"https:\/\/www.sonoraenequipo.com.mx\/storage\/2020\/04\/transportepublicohillo_opt.jpg","type":"image\/jpeg"}],"author":"enequipo","twitter_card":"summary_large_image","twitter_creator":"@sonoraenequipo","twitter_site":"@sonoraenequipo","twitter_misc":{"Escrito por":"enequipo","Tiempo de lectura":"2 minutos"},"schema":{"@context":"https:\/\/schema.org","@graph":[{"@type":"Article","@id":"https:\/\/www.sonoraenequipo.com.mx\/en-el-transporte-publico-se-deben-tomar-todas-las-medidas-sanitarias-enrique-clausen\/#article","isPartOf":{"@id":"https:\/\/www.sonoraenequipo.com.mx\/en-el-transporte-publico-se-deben-tomar-todas-las-medidas-sanitarias-enrique-clausen\/"},"author":{"name":"enequipo","@id":"https:\/\/www.sonoraenequipo.com.mx\/#\/schema\/person\/50102df0fb23a8fa9e8effad8fa81386"},"headline":"En el transporte p\u00fablico se deben tomar todas las medidas sanitarias: Enrique Clausen","datePublished":"2020-11-14T05:11:19+00:00","mainEntityOfPage":{"@id":"https:\/\/www.sonoraenequipo.com.mx\/en-el-transporte-publico-se-deben-tomar-todas-las-medidas-sanitarias-enrique-clausen\/"},"wordCount":486,"commentCount":0,"publisher":{"@id":"https:\/\/www.sonoraenequipo.com.mx\/#organization"},"image":{"@id":"https:\/\/www.sonoraenequipo.com.mx\/en-el-transporte-publico-se-deben-tomar-todas-las-medidas-sanitarias-enrique-clausen\/#primaryimage"},"thumbnailUrl":"https:\/\/www.sonoraenequipo.com.mx\/storage\/2020\/04\/transportepublicohillo_opt.jpg","keywords":["covid","Sonora"],"articleSection":["Sonora"],"inLanguage":"es","potentialAction":[{"@type":"CommentAction","name":"Comment","target":["https:\/\/www.sonoraenequipo.com.mx\/en-el-transporte-publico-se-deben-tomar-todas-las-medidas-sanitarias-enrique-clausen\/#respond"]}]},{"@type":"WebPage","@id":"https:\/\/www.sonoraenequipo.com.mx\/en-el-transporte-publico-se-deben-tomar-todas-las-medidas-sanitarias-enrique-clausen\/","url":"https:\/\/www.sonoraenequipo.com.mx\/en-el-transporte-publico-se-deben-tomar-todas-las-medidas-sanitarias-enrique-clausen\/","name":"Sonora en Equipo. En el transporte p\u00fablico se deben tomar todas las medidas sanitarias: Enrique Clausen Sonora","isPartOf":{"@id":"https:\/\/www.sonoraenequipo.com.mx\/#website"},"primaryImageOfPage":{"@id":"https:\/\/www.sonoraenequipo.com.mx\/en-el-transporte-publico-se-deben-tomar-todas-las-medidas-sanitarias-enrique-clausen\/#primaryimage"},"image":{"@id":"https:\/\/www.sonoraenequipo.com.mx\/en-el-transporte-publico-se-deben-tomar-todas-las-medidas-sanitarias-enrique-clausen\/#primaryimage"},"thumbnailUrl":"https:\/\/www.sonoraenequipo.com.mx\/storage\/2020\/04\/transportepublicohillo_opt.jpg","datePublished":"2020-11-14T05:11:19+00:00","description":"En el transporte p\u00fablico se deben tomar todas las medidas sanitarias: Enrique Clausen &gt;&gt;Registra Sonora 10 fallecimientos m\u00e1s y 163 nuevos casos de En Sonora en Equipo publicamos toda la informaci\u00f3n de Sonora, M\u00e9xico y el Mundo de manera oportuna y busca que la libertad de expresi\u00f3n sea real. Visita nuestro medio informativo publicado desde Hermosillo, Sonora. %","breadcrumb":{"@id":"https:\/\/www.sonoraenequipo.com.mx\/en-el-transporte-publico-se-deben-tomar-todas-las-medidas-sanitarias-enrique-clausen\/#breadcrumb"},"inLanguage":"es","potentialAction":[{"@type":"ReadAction","target":["https:\/\/www.sonoraenequipo.com.mx\/en-el-transporte-publico-se-deben-tomar-todas-las-medidas-sanitarias-enrique-clausen\/"]}]},{"@type":"ImageObject","inLanguage":"es","@id":"https:\/\/www.sonoraenequipo.com.mx\/en-el-transporte-publico-se-deben-tomar-todas-las-medidas-sanitarias-enrique-clausen\/#primaryimage","url":"https:\/\/www.sonoraenequipo.com.mx\/storage\/2020\/04\/transportepublicohillo_opt.jpg","contentUrl":"https:\/\/www.sonoraenequipo.com.mx\/storage\/2020\/04\/transportepublicohillo_opt.jpg","width":696,"height":400},{"@type":"BreadcrumbList","@id":"https:\/\/www.sonoraenequipo.com.mx\/en-el-transporte-publico-se-deben-tomar-todas-las-medidas-sanitarias-enrique-clausen\/#breadcrumb","itemListElement":[{"@type":"ListItem","position":1,"name":"Portada","item":"https:\/\/www.sonoraenequipo.com.mx\/"},{"@type":"ListItem","position":2,"name":"En el transporte p\u00fablico se deben tomar todas las medidas sanitarias: Enrique Clausen"}]},{"@type":"WebSite","@id":"https:\/\/www.sonoraenequipo.com.mx\/#website","url":"https:\/\/www.sonoraenequipo.com.mx\/","name":"Sonora en Equipo.","description":"Diario en l\u00ednea con Noticias desde Hermosillo, Sonora","publisher":{"@id":"https:\/\/www.sonoraenequipo.com.mx\/#organization"},"potentialAction":[{"@type":"SearchAction","target":{"@type":"EntryPoint","urlTemplate":"https:\/\/www.sonoraenequipo.com.mx\/?s={search_term_string}"},"query-input":{"@type":"PropertyValueSpecification","valueRequired":true,"valueName":"search_term_string"}}],"inLanguage":"es"},{"@type":"Organization","@id":"https:\/\/www.sonoraenequipo.com.mx\/#organization","name":"Sonoraenequipo.com.mx","url":"https:\/\/www.sonoraenequipo.com.mx\/","logo":{"@type":"ImageObject","inLanguage":"es","@id":"https:\/\/www.sonoraenequipo.com.mx\/#\/schema\/logo\/image\/","url":"https:\/\/www.sonoraenequipo.com.mx\/storage\/2019\/01\/sonoraenequipo_opt.png","contentUrl":"https:\/\/www.sonoraenequipo.com.mx\/storage\/2019\/01\/sonoraenequipo_opt.png","width":375,"height":125,"caption":"Sonoraenequipo.com.mx"},"image":{"@id":"https:\/\/www.sonoraenequipo.com.mx\/#\/schema\/logo\/image\/"},"sameAs":["https:\/\/www.facebook.com\/SonoraEE\/","https:\/\/x.com\/sonoraenequipo","https:\/\/www.youtube.com\/channel\/UC338nW-lPEYmJQs4ZABQ1SQ"]},{"@type":"Person","@id":"https:\/\/www.sonoraenequipo.com.mx\/#\/schema\/person\/50102df0fb23a8fa9e8effad8fa81386","name":"enequipo","image":{"@type":"ImageObject","inLanguage":"es","@id":"https:\/\/www.sonoraenequipo.com.mx\/#\/schema\/person\/image\/","url":"https:\/\/secure.gravatar.com\/avatar\/049821681b589dabc0bc20695993ccebb09f5b5d4d790cd9251b97faac7c652b?s=96&d=blank&r=g","contentUrl":"https:\/\/secure.gravatar.com\/avatar\/049821681b589dabc0bc20695993ccebb09f5b5d4d790cd9251b97faac7c652b?s=96&d=blank&r=g","caption":"enequipo"},"sameAs":["https:\/\/www.facebook.com\/SonoraEE"]}]}},"jetpack_featured_media_url":"https:\/\/www.sonoraenequipo.com.mx\/storage\/2020\/04\/transportepublicohillo_opt.jpg","_links":{"self":[{"href":"https:\/\/www.sonoraenequipo.com.mx\/api\/wp\/v2\/posts\/100294","targetHints":{"allow":["GET"]}}],"collection":[{"href":"https:\/\/www.sonoraenequipo.com.mx\/api\/wp\/v2\/posts"}],"about":[{"href":"https:\/\/www.sonoraenequipo.com.mx\/api\/wp\/v2\/types\/post"}],"author":[{"embeddable":true,"href":"https:\/\/www.sonoraenequipo.com.mx\/api\/wp\/v2\/users\/1"}],"replies":[{"embeddable":true,"href":"https:\/\/www.sonoraenequipo.com.mx\/api\/wp\/v2\/comments?post=100294"}],"version-history":[{"count":1,"href":"https:\/\/www.sonoraenequipo.com.mx\/api\/wp\/v2\/posts\/100294\/revisions"}],"predecessor-version":[{"id":100295,"href":"https:\/\/www.sonoraenequipo.com.mx\/api\/wp\/v2\/posts\/100294\/revisions\/100295"}],"wp:featuredmedia":[{"embeddable":true,"href":"https:\/\/www.sonoraenequipo.com.mx\/api\/wp\/v2\/media\/83229"}],"wp:attachment":[{"href":"https:\/\/www.sonoraenequipo.com.mx\/api\/wp\/v2\/media?parent=100294"}],"wp:term":[{"taxonomy":"category","embeddable":true,"href":"https:\/\/www.sonoraenequipo.com.mx\/api\/wp\/v2\/categories?post=100294"},{"taxonomy":"post_tag","embeddable":true,"href":"https:\/\/www.sonoraenequipo.com.mx\/api\/wp\/v2\/tags?post=100294"}],"curies":[{"name":"wp","href":"https:\/\/api.w.org\/{rel}","templated":true}]}}