{"id":100308,"date":"2020-11-14T16:01:57","date_gmt":"2020-11-14T23:01:57","guid":{"rendered":"https:\/\/www.sonoraenequipo.com.mx\/?p=100308"},"modified":"2020-11-14T16:01:57","modified_gmt":"2020-11-14T23:01:57","slug":"pri-estatal-firma-acuerdo-de-participacion-con-la-agrupacionvision-y-orden-sonora","status":"publish","type":"post","link":"https:\/\/www.sonoraenequipo.com.mx\/pri-estatal-firma-acuerdo-de-participacion-con-la-agrupacionvision-y-orden-sonora\/","title":{"rendered":"PRI estatal firma acuerdo de participaci\u00f3n con la agrupaci\u00f3nVisi\u00f3n y Orden Sonora"},"content":{"rendered":"<p>HERMOSILLO, SONORA,MX.\u2500\u2500 \u00a0Porque es prioritario entender la realidad por la que atraviesan todos los institutos pol\u00edticos, que es la apat\u00eda generalizada de los ciudadanos que no militan en ning\u00fan partido, y con la finalidad de dar cabida a la participaci\u00f3n ciudadana, se sign\u00f3 acuerdo entre PRI Sonora y la Agrupaci\u00f3n Visi\u00f3n y Orden Sonora, (VOS).<\/p>\n<p>&nbsp;<\/p>\n<p>\u201cParte de los puntos de coincidencia y de este acuerdo que hoy estamos ya oficializando, se da en el tenor de reconocer todo el esfuerzo que implic\u00f3 para Francisco Garc\u00eda y toda su gente el poder llevar a cabo esta agrupaci\u00f3n, el poder cumplir con todos los requisitos legales,\u00a0 y lo m\u00e1s importante el poder hacer acuerdos con ciudadanos aut\u00e9nticos y con gente que tiene la experiencia\u201d manifest\u00f3 Ernesto De Lucas Hopkins, Presidente de PRI Sonora.<\/p>\n<p>&nbsp;<\/p>\n<p>El acuerdo oficializado contempla trabajar en conjunto en la elaboraci\u00f3n de la plataforma pol\u00edtica a registrarse pr\u00f3ximamente, as\u00ed mismo en las propuestas de candidaturas de municipios con perfiles ciudadanos, fungir como testigos de calidad, a la vez de hacer propuestas en las alianzas que se puedan dar con otras agrupaciones de la sociedad civil, c\u00e1maras, sectores y acompa\u00f1amiento para la representaciones en la jornada electoral.<\/p>\n<p>&nbsp;<\/p>\n<p>Visi\u00f3n y Orden Sonora (VOS) es una agrupaci\u00f3n de ciudadanos sin afiliaci\u00f3n partidista que participa en los diferentes aspectos de la vida pol\u00edtica, social y econ\u00f3mica de nuestra entidad, buscando siempre el desarrollo y bienestar de los Sonorenses, misma que preside Francisco Garc\u00eda G\u00e1mez.<\/p>\n<p>&nbsp;<\/p>\n<p>\u201cLa agrupaci\u00f3n tiene alrededor de 23 delegaciones en el estado, cada una de ellas est\u00e1 trabajando y afiliando personajes de la vida p\u00fablica, l\u00edderes sociales, asociaciones etc\u00e9tera. Nuestra funci\u00f3n es promover la participaci\u00f3n ciudadana, sobre todo ir trabajando con los j\u00f3venes, con las mujeres, capacitar ciudadanos que puedan\u00a0 dar de s\u00ed, en su momento, en un gobierno\u201d explic\u00f3 Garc\u00eda G\u00e1mez.<\/p>\n<p>&nbsp;<\/p>\n<p>Por su parte Ernesto de Lucas afirm\u00f3 que hoy como nunca se deben promover que m\u00e1s asociaciones de este tipo existan en el estado, ya que \u00fanicamente, dos agrupaciones de esta naturaleza pudieron lograr los requisitos y \u00e9sta es una de ellas.<\/p>\n<p>&nbsp;<\/p>\n<p>\u201cEste es uno de muchos acuerdos que habremos de tener, y obviamente por los perfiles que la agrupaci\u00f3n tiene en sus delegaciones, estaremos complementando la plataforma electoral, estaremos visualizando nuevas caras en las candidaturas, estaremos dando paso a una nueva etapa democr\u00e1tica y lo m\u00e1s importante, estaremos abriendo espacios a esa gran mayor\u00eda que no milita en los partidos pol\u00edticos,\u00a0 que por cierto, solamente del listado nominal\u00a0 representa al 2.7% de todos los Sonorenses con derecho a votar\u201d, se\u00f1al\u00f3 De Lucas Hopkins.<\/p>\n<p>Fecha de\u00a0 publicaci\u00f3n 14\/nov\/2020<\/p>\n","protected":false},"excerpt":{"rendered":"<p>HERMOSILLO, SONORA,MX.\u2500\u2500 \u00a0Porque es prioritario entender la realidad por la que atraviesan todos los institutos&#8230;<\/p>\n","protected":false},"author":1,"featured_media":100309,"comment_status":"open","ping_status":"open","sticky":false,"template":"","format":"standard","meta":{"_monsterinsights_skip_tracking":false,"_monsterinsights_sitenote_active":false,"_monsterinsights_sitenote_note":"","_monsterinsights_sitenote_category":0,"footnotes":""},"categories":[22],"tags":[105,15],"class_list":["post"],"yoast_head":" \n<title>Sonora en Equipo. PRI estatal firma acuerdo de participaci\u00f3n con la agrupaci\u00f3nVisi\u00f3n y Orden Sonora Sonora<\/title>\n<meta name=\"description\" content=\"HERMOSILLO, SONORA,MX.\u2500\u2500 \u00a0Porque es prioritario entender la realidad por la que atraviesan todos los institutos pol\u00edticos, que es la apat\u00eda generalizada En Sonora en Equipo publicamos toda la informaci\u00f3n de Sonora, M\u00e9xico y el Mundo de manera oportuna y busca que la libertad de expresi\u00f3n sea real. Visita nuestro medio informativo publicado desde Hermosillo, Sonora. %\" \/>\n<meta name=\"robots\" content=\"index, follow, max-snippet:-1, max-image-preview:large, max-video-preview:-1\" \/>\n<link rel=\"canonical\" href=\"https:\/\/www.sonoraenequipo.com.mx\/pri-estatal-firma-acuerdo-de-participacion-con-la-agrupacionvision-y-orden-sonora\/\" \/>\n<meta property=\"og:locale\" content=\"es_ES\" \/>\n<meta property=\"og:type\" content=\"article\" \/>\n<meta property=\"og:title\" content=\"Sonora en Equipo. PRI estatal firma acuerdo de participaci\u00f3n con la agrupaci\u00f3nVisi\u00f3n y Orden Sonora Sonora\" \/>\n<meta property=\"og:description\" content=\"HERMOSILLO, SONORA,MX.\u2500\u2500 \u00a0Porque es prioritario entender la realidad por la que atraviesan todos los institutos pol\u00edticos, que es la apat\u00eda generalizada En Sonora en Equipo publicamos toda la informaci\u00f3n de Sonora, M\u00e9xico y el Mundo de manera oportuna y busca que la libertad de expresi\u00f3n sea real. Visita nuestro medio informativo publicado desde Hermosillo, Sonora. %\" \/>\n<meta property=\"og:url\" content=\"https:\/\/www.sonoraenequipo.com.mx\/pri-estatal-firma-acuerdo-de-participacion-con-la-agrupacionvision-y-orden-sonora\/\" \/>\n<meta property=\"og:site_name\" content=\"Sonora en Equipo.\" \/>\n<meta property=\"article:publisher\" content=\"https:\/\/www.facebook.com\/SonoraEE\/\" \/>\n<meta property=\"article:author\" content=\"https:\/\/www.facebook.com\/SonoraEE\" \/>\n<meta property=\"article:published_time\" content=\"2020-11-14T23:01:57+00:00\" \/>\n<meta property=\"og:image\" content=\"https:\/\/www.sonoraenequipo.com.mx\/storage\/2020\/11\/pri141127a.jpg\" \/>\n\t<meta property=\"og:image:width\" content=\"600\" \/>\n\t<meta property=\"og:image:height\" content=\"375\" \/>\n\t<meta property=\"og:image:type\" content=\"image\/jpeg\" \/>\n<meta name=\"author\" content=\"enequipo\" \/>\n<meta name=\"twitter:card\" content=\"summary_large_image\" \/>\n<meta name=\"twitter:creator\" content=\"@sonoraenequipo\" \/>\n<meta name=\"twitter:site\" content=\"@sonoraenequipo\" \/>\n<meta name=\"twitter:label1\" content=\"Escrito por\" \/>\n\t<meta name=\"twitter:data1\" content=\"enequipo\" \/>\n\t<meta name=\"twitter:label2\" content=\"Tiempo de lectura\" \/>\n\t<meta name=\"twitter:data2\" content=\"2 minutos\" \/>\n<script type=\"application\/ld+json\" class=\"yoast-schema-graph\">{\"@context\":\"https:\/\/schema.org\",\"@graph\":[{\"@type\":\"Article\",\"@id\":\"https:\/\/www.sonoraenequipo.com.mx\/pri-estatal-firma-acuerdo-de-participacion-con-la-agrupacionvision-y-orden-sonora\/#article\",\"isPartOf\":{\"@id\":\"https:\/\/www.sonoraenequipo.com.mx\/pri-estatal-firma-acuerdo-de-participacion-con-la-agrupacionvision-y-orden-sonora\/\"},\"author\":{\"name\":\"enequipo\",\"@id\":\"https:\/\/www.sonoraenequipo.com.mx\/#\/schema\/person\/50102df0fb23a8fa9e8effad8fa81386\"},\"headline\":\"PRI estatal firma acuerdo de participaci\u00f3n con la agrupaci\u00f3nVisi\u00f3n y Orden Sonora\",\"datePublished\":\"2020-11-14T23:01:57+00:00\",\"mainEntityOfPage\":{\"@id\":\"https:\/\/www.sonoraenequipo.com.mx\/pri-estatal-firma-acuerdo-de-participacion-con-la-agrupacionvision-y-orden-sonora\/\"},\"wordCount\":487,\"commentCount\":0,\"publisher\":{\"@id\":\"https:\/\/www.sonoraenequipo.com.mx\/#organization\"},\"image\":{\"@id\":\"https:\/\/www.sonoraenequipo.com.mx\/pri-estatal-firma-acuerdo-de-participacion-con-la-agrupacionvision-y-orden-sonora\/#primaryimage\"},\"thumbnailUrl\":\"https:\/\/www.sonoraenequipo.com.mx\/storage\/2020\/11\/pri141127a.jpg\",\"keywords\":[\"pri\",\"Sonora\"],\"articleSection\":[\"Sonora\"],\"inLanguage\":\"es\",\"potentialAction\":[{\"@type\":\"CommentAction\",\"name\":\"Comment\",\"target\":[\"https:\/\/www.sonoraenequipo.com.mx\/pri-estatal-firma-acuerdo-de-participacion-con-la-agrupacionvision-y-orden-sonora\/#respond\"]}]},{\"@type\":\"WebPage\",\"@id\":\"https:\/\/www.sonoraenequipo.com.mx\/pri-estatal-firma-acuerdo-de-participacion-con-la-agrupacionvision-y-orden-sonora\/\",\"url\":\"https:\/\/www.sonoraenequipo.com.mx\/pri-estatal-firma-acuerdo-de-participacion-con-la-agrupacionvision-y-orden-sonora\/\",\"name\":\"Sonora en Equipo. PRI estatal firma acuerdo de participaci\u00f3n con la agrupaci\u00f3nVisi\u00f3n y Orden Sonora Sonora\",\"isPartOf\":{\"@id\":\"https:\/\/www.sonoraenequipo.com.mx\/#website\"},\"primaryImageOfPage\":{\"@id\":\"https:\/\/www.sonoraenequipo.com.mx\/pri-estatal-firma-acuerdo-de-participacion-con-la-agrupacionvision-y-orden-sonora\/#primaryimage\"},\"image\":{\"@id\":\"https:\/\/www.sonoraenequipo.com.mx\/pri-estatal-firma-acuerdo-de-participacion-con-la-agrupacionvision-y-orden-sonora\/#primaryimage\"},\"thumbnailUrl\":\"https:\/\/www.sonoraenequipo.com.mx\/storage\/2020\/11\/pri141127a.jpg\",\"datePublished\":\"2020-11-14T23:01:57+00:00\",\"description\":\"HERMOSILLO, SONORA,MX.\u2500\u2500 \u00a0Porque es prioritario entender la realidad por la que atraviesan todos los institutos pol\u00edticos, que es la apat\u00eda generalizada En Sonora en Equipo publicamos toda la informaci\u00f3n de Sonora, M\u00e9xico y el Mundo de manera oportuna y busca que la libertad de expresi\u00f3n sea real. Visita nuestro medio informativo publicado desde Hermosillo, Sonora. %\",\"breadcrumb\":{\"@id\":\"https:\/\/www.sonoraenequipo.com.mx\/pri-estatal-firma-acuerdo-de-participacion-con-la-agrupacionvision-y-orden-sonora\/#breadcrumb\"},\"inLanguage\":\"es\",\"potentialAction\":[{\"@type\":\"ReadAction\",\"target\":[\"https:\/\/www.sonoraenequipo.com.mx\/pri-estatal-firma-acuerdo-de-participacion-con-la-agrupacionvision-y-orden-sonora\/\"]}]},{\"@type\":\"ImageObject\",\"inLanguage\":\"es\",\"@id\":\"https:\/\/www.sonoraenequipo.com.mx\/pri-estatal-firma-acuerdo-de-participacion-con-la-agrupacionvision-y-orden-sonora\/#primaryimage\",\"url\":\"https:\/\/www.sonoraenequipo.com.mx\/storage\/2020\/11\/pri141127a.jpg\",\"contentUrl\":\"https:\/\/www.sonoraenequipo.com.mx\/storage\/2020\/11\/pri141127a.jpg\",\"width\":600,\"height\":375},{\"@type\":\"BreadcrumbList\",\"@id\":\"https:\/\/www.sonoraenequipo.com.mx\/pri-estatal-firma-acuerdo-de-participacion-con-la-agrupacionvision-y-orden-sonora\/#breadcrumb\",\"itemListElement\":[{\"@type\":\"ListItem\",\"position\":1,\"name\":\"Portada\",\"item\":\"https:\/\/www.sonoraenequipo.com.mx\/\"},{\"@type\":\"ListItem\",\"position\":2,\"name\":\"PRI estatal firma acuerdo de participaci\u00f3n con la agrupaci\u00f3nVisi\u00f3n y Orden Sonora\"}]},{\"@type\":\"WebSite\",\"@id\":\"https:\/\/www.sonoraenequipo.com.mx\/#website\",\"url\":\"https:\/\/www.sonoraenequipo.com.mx\/\",\"name\":\"Sonora en Equipo.\",\"description\":\"Diario en l\u00ednea con Noticias desde Hermosillo, Sonora\",\"publisher\":{\"@id\":\"https:\/\/www.sonoraenequipo.com.mx\/#organization\"},\"potentialAction\":[{\"@type\":\"SearchAction\",\"target\":{\"@type\":\"EntryPoint\",\"urlTemplate\":\"https:\/\/www.sonoraenequipo.com.mx\/?s={search_term_string}\"},\"query-input\":{\"@type\":\"PropertyValueSpecification\",\"valueRequired\":true,\"valueName\":\"search_term_string\"}}],\"inLanguage\":\"es\"},{\"@type\":\"Organization\",\"@id\":\"https:\/\/www.sonoraenequipo.com.mx\/#organization\",\"name\":\"Sonoraenequipo.com.mx\",\"url\":\"https:\/\/www.sonoraenequipo.com.mx\/\",\"logo\":{\"@type\":\"ImageObject\",\"inLanguage\":\"es\",\"@id\":\"https:\/\/www.sonoraenequipo.com.mx\/#\/schema\/logo\/image\/\",\"url\":\"https:\/\/www.sonoraenequipo.com.mx\/storage\/2019\/01\/sonoraenequipo_opt.png\",\"contentUrl\":\"https:\/\/www.sonoraenequipo.com.mx\/storage\/2019\/01\/sonoraenequipo_opt.png\",\"width\":375,\"height\":125,\"caption\":\"Sonoraenequipo.com.mx\"},\"image\":{\"@id\":\"https:\/\/www.sonoraenequipo.com.mx\/#\/schema\/logo\/image\/\"},\"sameAs\":[\"https:\/\/www.facebook.com\/SonoraEE\/\",\"https:\/\/x.com\/sonoraenequipo\",\"https:\/\/www.youtube.com\/channel\/UC338nW-lPEYmJQs4ZABQ1SQ\"]},{\"@type\":\"Person\",\"@id\":\"https:\/\/www.sonoraenequipo.com.mx\/#\/schema\/person\/50102df0fb23a8fa9e8effad8fa81386\",\"name\":\"enequipo\",\"image\":{\"@type\":\"ImageObject\",\"inLanguage\":\"es\",\"@id\":\"https:\/\/www.sonoraenequipo.com.mx\/#\/schema\/person\/image\/\",\"url\":\"https:\/\/secure.gravatar.com\/avatar\/049821681b589dabc0bc20695993ccebb09f5b5d4d790cd9251b97faac7c652b?s=96&d=blank&r=g\",\"contentUrl\":\"https:\/\/secure.gravatar.com\/avatar\/049821681b589dabc0bc20695993ccebb09f5b5d4d790cd9251b97faac7c652b?s=96&d=blank&r=g\",\"caption\":\"enequipo\"},\"sameAs\":[\"https:\/\/www.facebook.com\/SonoraEE\"]}]}<\/script>\n ","yoast_head_json":{"title":"Sonora en Equipo. PRI estatal firma acuerdo de participaci\u00f3n con la agrupaci\u00f3nVisi\u00f3n y Orden Sonora Sonora","description":"HERMOSILLO, SONORA,MX.\u2500\u2500 \u00a0Porque es prioritario entender la realidad por la que atraviesan todos los institutos pol\u00edticos, que es la apat\u00eda generalizada En Sonora en Equipo publicamos toda la informaci\u00f3n de Sonora, M\u00e9xico y el Mundo de manera oportuna y busca que la libertad de expresi\u00f3n sea real. Visita nuestro medio informativo publicado desde Hermosillo, Sonora. %","robots":{"index":"index","follow":"follow","max-snippet":"max-snippet:-1","max-image-preview":"max-image-preview:large","max-video-preview":"max-video-preview:-1"},"canonical":"https:\/\/www.sonoraenequipo.com.mx\/pri-estatal-firma-acuerdo-de-participacion-con-la-agrupacionvision-y-orden-sonora\/","og_locale":"es_ES","og_type":"article","og_title":"Sonora en Equipo. PRI estatal firma acuerdo de participaci\u00f3n con la agrupaci\u00f3nVisi\u00f3n y Orden Sonora Sonora","og_description":"HERMOSILLO, SONORA,MX.\u2500\u2500 \u00a0Porque es prioritario entender la realidad por la que atraviesan todos los institutos pol\u00edticos, que es la apat\u00eda generalizada En Sonora en Equipo publicamos toda la informaci\u00f3n de Sonora, M\u00e9xico y el Mundo de manera oportuna y busca que la libertad de expresi\u00f3n sea real. Visita nuestro medio informativo publicado desde Hermosillo, Sonora. %","og_url":"https:\/\/www.sonoraenequipo.com.mx\/pri-estatal-firma-acuerdo-de-participacion-con-la-agrupacionvision-y-orden-sonora\/","og_site_name":"Sonora en Equipo.","article_publisher":"https:\/\/www.facebook.com\/SonoraEE\/","article_author":"https:\/\/www.facebook.com\/SonoraEE","article_published_time":"2020-11-14T23:01:57+00:00","og_image":[{"width":600,"height":375,"url":"https:\/\/www.sonoraenequipo.com.mx\/storage\/2020\/11\/pri141127a.jpg","type":"image\/jpeg"}],"author":"enequipo","twitter_card":"summary_large_image","twitter_creator":"@sonoraenequipo","twitter_site":"@sonoraenequipo","twitter_misc":{"Escrito por":"enequipo","Tiempo de lectura":"2 minutos"},"schema":{"@context":"https:\/\/schema.org","@graph":[{"@type":"Article","@id":"https:\/\/www.sonoraenequipo.com.mx\/pri-estatal-firma-acuerdo-de-participacion-con-la-agrupacionvision-y-orden-sonora\/#article","isPartOf":{"@id":"https:\/\/www.sonoraenequipo.com.mx\/pri-estatal-firma-acuerdo-de-participacion-con-la-agrupacionvision-y-orden-sonora\/"},"author":{"name":"enequipo","@id":"https:\/\/www.sonoraenequipo.com.mx\/#\/schema\/person\/50102df0fb23a8fa9e8effad8fa81386"},"headline":"PRI estatal firma acuerdo de participaci\u00f3n con la agrupaci\u00f3nVisi\u00f3n y Orden Sonora","datePublished":"2020-11-14T23:01:57+00:00","mainEntityOfPage":{"@id":"https:\/\/www.sonoraenequipo.com.mx\/pri-estatal-firma-acuerdo-de-participacion-con-la-agrupacionvision-y-orden-sonora\/"},"wordCount":487,"commentCount":0,"publisher":{"@id":"https:\/\/www.sonoraenequipo.com.mx\/#organization"},"image":{"@id":"https:\/\/www.sonoraenequipo.com.mx\/pri-estatal-firma-acuerdo-de-participacion-con-la-agrupacionvision-y-orden-sonora\/#primaryimage"},"thumbnailUrl":"https:\/\/www.sonoraenequipo.com.mx\/storage\/2020\/11\/pri141127a.jpg","keywords":["pri","Sonora"],"articleSection":["Sonora"],"inLanguage":"es","potentialAction":[{"@type":"CommentAction","name":"Comment","target":["https:\/\/www.sonoraenequipo.com.mx\/pri-estatal-firma-acuerdo-de-participacion-con-la-agrupacionvision-y-orden-sonora\/#respond"]}]},{"@type":"WebPage","@id":"https:\/\/www.sonoraenequipo.com.mx\/pri-estatal-firma-acuerdo-de-participacion-con-la-agrupacionvision-y-orden-sonora\/","url":"https:\/\/www.sonoraenequipo.com.mx\/pri-estatal-firma-acuerdo-de-participacion-con-la-agrupacionvision-y-orden-sonora\/","name":"Sonora en Equipo. PRI estatal firma acuerdo de participaci\u00f3n con la agrupaci\u00f3nVisi\u00f3n y Orden Sonora Sonora","isPartOf":{"@id":"https:\/\/www.sonoraenequipo.com.mx\/#website"},"primaryImageOfPage":{"@id":"https:\/\/www.sonoraenequipo.com.mx\/pri-estatal-firma-acuerdo-de-participacion-con-la-agrupacionvision-y-orden-sonora\/#primaryimage"},"image":{"@id":"https:\/\/www.sonoraenequipo.com.mx\/pri-estatal-firma-acuerdo-de-participacion-con-la-agrupacionvision-y-orden-sonora\/#primaryimage"},"thumbnailUrl":"https:\/\/www.sonoraenequipo.com.mx\/storage\/2020\/11\/pri141127a.jpg","datePublished":"2020-11-14T23:01:57+00:00","description":"HERMOSILLO, SONORA,MX.\u2500\u2500 \u00a0Porque es prioritario entender la realidad por la que atraviesan todos los institutos pol\u00edticos, que es la apat\u00eda generalizada En Sonora en Equipo publicamos toda la informaci\u00f3n de Sonora, M\u00e9xico y el Mundo de manera oportuna y busca que la libertad de expresi\u00f3n sea real. Visita nuestro medio informativo publicado desde Hermosillo, Sonora. %","breadcrumb":{"@id":"https:\/\/www.sonoraenequipo.com.mx\/pri-estatal-firma-acuerdo-de-participacion-con-la-agrupacionvision-y-orden-sonora\/#breadcrumb"},"inLanguage":"es","potentialAction":[{"@type":"ReadAction","target":["https:\/\/www.sonoraenequipo.com.mx\/pri-estatal-firma-acuerdo-de-participacion-con-la-agrupacionvision-y-orden-sonora\/"]}]},{"@type":"ImageObject","inLanguage":"es","@id":"https:\/\/www.sonoraenequipo.com.mx\/pri-estatal-firma-acuerdo-de-participacion-con-la-agrupacionvision-y-orden-sonora\/#primaryimage","url":"https:\/\/www.sonoraenequipo.com.mx\/storage\/2020\/11\/pri141127a.jpg","contentUrl":"https:\/\/www.sonoraenequipo.com.mx\/storage\/2020\/11\/pri141127a.jpg","width":600,"height":375},{"@type":"BreadcrumbList","@id":"https:\/\/www.sonoraenequipo.com.mx\/pri-estatal-firma-acuerdo-de-participacion-con-la-agrupacionvision-y-orden-sonora\/#breadcrumb","itemListElement":[{"@type":"ListItem","position":1,"name":"Portada","item":"https:\/\/www.sonoraenequipo.com.mx\/"},{"@type":"ListItem","position":2,"name":"PRI estatal firma acuerdo de participaci\u00f3n con la agrupaci\u00f3nVisi\u00f3n y Orden Sonora"}]},{"@type":"WebSite","@id":"https:\/\/www.sonoraenequipo.com.mx\/#website","url":"https:\/\/www.sonoraenequipo.com.mx\/","name":"Sonora en Equipo.","description":"Diario en l\u00ednea con Noticias desde Hermosillo, Sonora","publisher":{"@id":"https:\/\/www.sonoraenequipo.com.mx\/#organization"},"potentialAction":[{"@type":"SearchAction","target":{"@type":"EntryPoint","urlTemplate":"https:\/\/www.sonoraenequipo.com.mx\/?s={search_term_string}"},"query-input":{"@type":"PropertyValueSpecification","valueRequired":true,"valueName":"search_term_string"}}],"inLanguage":"es"},{"@type":"Organization","@id":"https:\/\/www.sonoraenequipo.com.mx\/#organization","name":"Sonoraenequipo.com.mx","url":"https:\/\/www.sonoraenequipo.com.mx\/","logo":{"@type":"ImageObject","inLanguage":"es","@id":"https:\/\/www.sonoraenequipo.com.mx\/#\/schema\/logo\/image\/","url":"https:\/\/www.sonoraenequipo.com.mx\/storage\/2019\/01\/sonoraenequipo_opt.png","contentUrl":"https:\/\/www.sonoraenequipo.com.mx\/storage\/2019\/01\/sonoraenequipo_opt.png","width":375,"height":125,"caption":"Sonoraenequipo.com.mx"},"image":{"@id":"https:\/\/www.sonoraenequipo.com.mx\/#\/schema\/logo\/image\/"},"sameAs":["https:\/\/www.facebook.com\/SonoraEE\/","https:\/\/x.com\/sonoraenequipo","https:\/\/www.youtube.com\/channel\/UC338nW-lPEYmJQs4ZABQ1SQ"]},{"@type":"Person","@id":"https:\/\/www.sonoraenequipo.com.mx\/#\/schema\/person\/50102df0fb23a8fa9e8effad8fa81386","name":"enequipo","image":{"@type":"ImageObject","inLanguage":"es","@id":"https:\/\/www.sonoraenequipo.com.mx\/#\/schema\/person\/image\/","url":"https:\/\/secure.gravatar.com\/avatar\/049821681b589dabc0bc20695993ccebb09f5b5d4d790cd9251b97faac7c652b?s=96&d=blank&r=g","contentUrl":"https:\/\/secure.gravatar.com\/avatar\/049821681b589dabc0bc20695993ccebb09f5b5d4d790cd9251b97faac7c652b?s=96&d=blank&r=g","caption":"enequipo"},"sameAs":["https:\/\/www.facebook.com\/SonoraEE"]}]}},"jetpack_featured_media_url":"https:\/\/www.sonoraenequipo.com.mx\/storage\/2020\/11\/pri141127a.jpg","_links":{"self":[{"href":"https:\/\/www.sonoraenequipo.com.mx\/api\/wp\/v2\/posts\/100308","targetHints":{"allow":["GET"]}}],"collection":[{"href":"https:\/\/www.sonoraenequipo.com.mx\/api\/wp\/v2\/posts"}],"about":[{"href":"https:\/\/www.sonoraenequipo.com.mx\/api\/wp\/v2\/types\/post"}],"author":[{"embeddable":true,"href":"https:\/\/www.sonoraenequipo.com.mx\/api\/wp\/v2\/users\/1"}],"replies":[{"embeddable":true,"href":"https:\/\/www.sonoraenequipo.com.mx\/api\/wp\/v2\/comments?post=100308"}],"version-history":[{"count":1,"href":"https:\/\/www.sonoraenequipo.com.mx\/api\/wp\/v2\/posts\/100308\/revisions"}],"predecessor-version":[{"id":100310,"href":"https:\/\/www.sonoraenequipo.com.mx\/api\/wp\/v2\/posts\/100308\/revisions\/100310"}],"wp:featuredmedia":[{"embeddable":true,"href":"https:\/\/www.sonoraenequipo.com.mx\/api\/wp\/v2\/media\/100309"}],"wp:attachment":[{"href":"https:\/\/www.sonoraenequipo.com.mx\/api\/wp\/v2\/media?parent=100308"}],"wp:term":[{"taxonomy":"category","embeddable":true,"href":"https:\/\/www.sonoraenequipo.com.mx\/api\/wp\/v2\/categories?post=100308"},{"taxonomy":"post_tag","embeddable":true,"href":"https:\/\/www.sonoraenequipo.com.mx\/api\/wp\/v2\/tags?post=100308"}],"curies":[{"name":"wp","href":"https:\/\/api.w.org\/{rel}","templated":true}]}}