{"id":100311,"date":"2020-11-14T17:05:22","date_gmt":"2020-11-15T00:05:22","guid":{"rendered":"https:\/\/www.sonoraenequipo.com.mx\/?p=100311"},"modified":"2020-11-14T18:49:19","modified_gmt":"2020-11-15T01:49:19","slug":"hermosillo-inaugura-celida-lopez-ciclovias-emergentes-en-bulevar-rodriguez","status":"publish","type":"post","link":"https:\/\/www.sonoraenequipo.com.mx\/hermosillo-inaugura-celida-lopez-ciclovias-emergentes-en-bulevar-rodriguez\/","title":{"rendered":"HERMOSILLO. Inaugura Celida L\u00f3pez ciclov\u00edas emergentes en bulevar Rodr\u00edguez"},"content":{"rendered":"<p>HERMOSILLO, SONORA,MX.\u2500\u2500 La alcaldesa Celida L\u00f3pez C\u00e1rdenas inaugur\u00f3 la primera etapa del programa Ciclov\u00edas Emergentes, con 3.4 kil\u00f3metros del bulevar Rodr\u00edguez, que representan una alternativa de movilidad sustentable e incluyente para las y los hermosillenses, en respuesta a las peticiones de la comunidad ciclista.<\/p>\n<p>&nbsp;<\/p>\n<p>\u201cMe da mucho gusto ver que Hermosillo est\u00e1 transform\u00e1ndose y lo estamos haciendo juntos; estamos logrando tener una ciudad m\u00e1s incluyente, con espacio para todos, que se respeten las visiones, los gustos y anhelos de todos\u201d, manifest\u00f3 L\u00f3pez C\u00e1rdenas.<\/p>\n<p>&nbsp;<\/p>\n<p>La Alcaldesa felicit\u00f3 a Guadalupe Pe\u00f1\u00fa\u00f1uri Soto, titular del IMPLAN,\u00a0 y a todo su equipo por sumar los esfuerzos con otros funcionarios y avanzar en este deseo de que la ciudad sea un referente para todos los sonorenses y mexicanos.<\/p>\n<p>&nbsp;<\/p>\n<p>\u201cQueremos que Hermosillo tenga m\u00e1s espacios para todos aquellos que han tomado la decisi\u00f3n de transportarse en bicicleta y que sean cada vez m\u00e1s ciudadanos los que se atrevan a trasladarse de esta manera\u201d, expuso.<\/p>\n<p>&nbsp;<\/p>\n<p>La inversi\u00f3n en esta primera fase es de 640 mil pesos.<\/p>\n<p>&nbsp;<\/p>\n<p>Pe\u00f1\u00fa\u00f1uri Soto dijo que siempre han luchado por una movilidad m\u00e1s amable\u00a0 e inclusiva en Hermosillo, por lo que agradeci\u00f3 a la Presidenta Municipal por todo el apoyo para lograr esta alternativa, que se basa en el marco de la Sedatu 4S: Segura, Solidaria, Saludable y Sostenible.<\/p>\n<p>&nbsp;<\/p>\n<p>Coment\u00f3 que este tipo de infraestructura, ayuda a llegar a la meta de Visi\u00f3n Cero que busca no tener muertes ni lesiones graves por siniestros de tr\u00e1nsito en la ciudad.<\/p>\n<p>&nbsp;<\/p>\n<p>Con base a un estudio de participaci\u00f3n ciudadana y una encuesta a m\u00e1s de mil 300 hermosillenses fue como se decidi\u00f3 empezar por este bulevar, pero continuar\u00e1n con una segunda fase por el Encinas, un tramo de 4 kil\u00f3metros con una inversi\u00f3n de 710 mil pesos.<\/p>\n<p>&nbsp;<\/p>\n<p>En una segunda etapa del programa se trabajar\u00e1 en el Solidaridad y Quiroga.<\/p>\n<p>&nbsp;<\/p>\n<p>Yolanda Butr\u00f3n expres\u00f3 que es un paso enorme tener un carril completo para los ciclistas en una de las vialidades m\u00e1s importantes de la ciudad, lo cual se logr\u00f3 cristalizar en equipo entre los activistas y el Gobierno Municipal.<\/p>\n<p>&nbsp;<\/p>\n<p>Por su parte, Jos\u00e9 Carlos Olivero, de Bikes&amp;Beers, expres\u00f3 su agradecimiento por estas acciones que solicitaban desde hace a\u00f1os, para poder transitar seguros y llegar a casa sanos y salvos.<\/p>\n<p>&nbsp;<\/p>\n<p>\u201cEs un gran apoyo para toda la ciudad de Hermosillo que ya existan estos carriles, pero falta hacer m\u00e1s concientizaci\u00f3n entre la gente para que conozcan sobre las ciclov\u00edas, formar esa cultura y transitar en orden, porque la calle es de todos\u201d, enfatiz\u00f3.<\/p>\n<p>&nbsp;<\/p>\n<p>Asistieron Jos\u00e9 Carrillo Atondo, titular de la Coordinaci\u00f3n de Infraestructura, Desarrollo Urbano y Ecolog\u00eda (CIDUE); Mart\u00edn Velez, delegado de Sedatu en Sonora; Alonso Dur\u00f3n, director de Tr\u00e1nsito Municipal; y el regidor Armando Moreno.<\/p>\n<p>Fecha de\u00a0 publicaci\u00f3n 14\/nov\/2020<\/p>\n","protected":false},"excerpt":{"rendered":"<p>HERMOSILLO, SONORA,MX.\u2500\u2500 La alcaldesa Celida L\u00f3pez C\u00e1rdenas inaugur\u00f3 la primera etapa del programa Ciclov\u00edas Emergentes,&#8230;<\/p>\n","protected":false},"author":1,"featured_media":100312,"comment_status":"open","ping_status":"open","sticky":false,"template":"","format":"standard","meta":{"_monsterinsights_skip_tracking":false,"_monsterinsights_sitenote_active":false,"_monsterinsights_sitenote_note":"","_monsterinsights_sitenote_category":0,"footnotes":""},"categories":[4],"tags":[],"class_list":["post"],"yoast_head":" \n<title>Sonora en Equipo. HERMOSILLO. Inaugura Celida L\u00f3pez ciclov\u00edas emergentes en bulevar Rodr\u00edguez Municipios<\/title>\n<meta name=\"description\" content=\"HERMOSILLO, SONORA,MX.\u2500\u2500 La alcaldesa Celida L\u00f3pez C\u00e1rdenas inaugur\u00f3 la primera etapa del programa Ciclov\u00edas Emergentes, con 3.4 kil\u00f3metros del bulevar En Sonora en Equipo publicamos toda la informaci\u00f3n de Sonora, M\u00e9xico y el Mundo de manera oportuna y busca que la libertad de expresi\u00f3n sea real. Visita nuestro medio informativo publicado desde Hermosillo, Sonora. %\" \/>\n<meta name=\"robots\" content=\"index, follow, max-snippet:-1, max-image-preview:large, max-video-preview:-1\" \/>\n<link rel=\"canonical\" href=\"https:\/\/www.sonoraenequipo.com.mx\/hermosillo-inaugura-celida-lopez-ciclovias-emergentes-en-bulevar-rodriguez\/\" \/>\n<meta property=\"og:locale\" content=\"es_ES\" \/>\n<meta property=\"og:type\" content=\"article\" \/>\n<meta property=\"og:title\" content=\"Sonora en Equipo. HERMOSILLO. Inaugura Celida L\u00f3pez ciclov\u00edas emergentes en bulevar Rodr\u00edguez Municipios\" \/>\n<meta property=\"og:description\" content=\"HERMOSILLO, SONORA,MX.\u2500\u2500 La alcaldesa Celida L\u00f3pez C\u00e1rdenas inaugur\u00f3 la primera etapa del programa Ciclov\u00edas Emergentes, con 3.4 kil\u00f3metros del bulevar En Sonora en Equipo publicamos toda la informaci\u00f3n de Sonora, M\u00e9xico y el Mundo de manera oportuna y busca que la libertad de expresi\u00f3n sea real. Visita nuestro medio informativo publicado desde Hermosillo, Sonora. %\" \/>\n<meta property=\"og:url\" content=\"https:\/\/www.sonoraenequipo.com.mx\/hermosillo-inaugura-celida-lopez-ciclovias-emergentes-en-bulevar-rodriguez\/\" \/>\n<meta property=\"og:site_name\" content=\"Sonora en Equipo.\" \/>\n<meta property=\"article:publisher\" content=\"https:\/\/www.facebook.com\/SonoraEE\/\" \/>\n<meta property=\"article:author\" content=\"https:\/\/www.facebook.com\/SonoraEE\" \/>\n<meta property=\"article:published_time\" content=\"2020-11-15T00:05:22+00:00\" \/>\n<meta property=\"article:modified_time\" content=\"2020-11-15T01:49:19+00:00\" \/>\n<meta property=\"og:image\" content=\"https:\/\/www.sonoraenequipo.com.mx\/storage\/2020\/11\/clc141120.jpg\" \/>\n\t<meta property=\"og:image:width\" content=\"600\" \/>\n\t<meta property=\"og:image:height\" content=\"400\" \/>\n\t<meta property=\"og:image:type\" content=\"image\/jpeg\" \/>\n<meta name=\"author\" content=\"enequipo\" \/>\n<meta name=\"twitter:card\" content=\"summary_large_image\" \/>\n<meta name=\"twitter:creator\" content=\"@sonoraenequipo\" \/>\n<meta name=\"twitter:site\" content=\"@sonoraenequipo\" \/>\n<meta name=\"twitter:label1\" content=\"Escrito por\" \/>\n\t<meta name=\"twitter:data1\" content=\"enequipo\" \/>\n\t<meta name=\"twitter:label2\" content=\"Tiempo de lectura\" \/>\n\t<meta name=\"twitter:data2\" content=\"2 minutos\" \/>\n<script type=\"application\/ld+json\" class=\"yoast-schema-graph\">{\"@context\":\"https:\/\/schema.org\",\"@graph\":[{\"@type\":\"Article\",\"@id\":\"https:\/\/www.sonoraenequipo.com.mx\/hermosillo-inaugura-celida-lopez-ciclovias-emergentes-en-bulevar-rodriguez\/#article\",\"isPartOf\":{\"@id\":\"https:\/\/www.sonoraenequipo.com.mx\/hermosillo-inaugura-celida-lopez-ciclovias-emergentes-en-bulevar-rodriguez\/\"},\"author\":{\"name\":\"enequipo\",\"@id\":\"https:\/\/www.sonoraenequipo.com.mx\/#\/schema\/person\/50102df0fb23a8fa9e8effad8fa81386\"},\"headline\":\"HERMOSILLO. Inaugura Celida L\u00f3pez ciclov\u00edas emergentes en bulevar Rodr\u00edguez\",\"datePublished\":\"2020-11-15T00:05:22+00:00\",\"dateModified\":\"2020-11-15T01:49:19+00:00\",\"mainEntityOfPage\":{\"@id\":\"https:\/\/www.sonoraenequipo.com.mx\/hermosillo-inaugura-celida-lopez-ciclovias-emergentes-en-bulevar-rodriguez\/\"},\"wordCount\":511,\"commentCount\":0,\"publisher\":{\"@id\":\"https:\/\/www.sonoraenequipo.com.mx\/#organization\"},\"image\":{\"@id\":\"https:\/\/www.sonoraenequipo.com.mx\/hermosillo-inaugura-celida-lopez-ciclovias-emergentes-en-bulevar-rodriguez\/#primaryimage\"},\"thumbnailUrl\":\"https:\/\/www.sonoraenequipo.com.mx\/storage\/2020\/11\/clc141120.jpg\",\"articleSection\":[\"Municipios\"],\"inLanguage\":\"es\",\"potentialAction\":[{\"@type\":\"CommentAction\",\"name\":\"Comment\",\"target\":[\"https:\/\/www.sonoraenequipo.com.mx\/hermosillo-inaugura-celida-lopez-ciclovias-emergentes-en-bulevar-rodriguez\/#respond\"]}]},{\"@type\":\"WebPage\",\"@id\":\"https:\/\/www.sonoraenequipo.com.mx\/hermosillo-inaugura-celida-lopez-ciclovias-emergentes-en-bulevar-rodriguez\/\",\"url\":\"https:\/\/www.sonoraenequipo.com.mx\/hermosillo-inaugura-celida-lopez-ciclovias-emergentes-en-bulevar-rodriguez\/\",\"name\":\"Sonora en Equipo. HERMOSILLO. Inaugura Celida L\u00f3pez ciclov\u00edas emergentes en bulevar Rodr\u00edguez Municipios\",\"isPartOf\":{\"@id\":\"https:\/\/www.sonoraenequipo.com.mx\/#website\"},\"primaryImageOfPage\":{\"@id\":\"https:\/\/www.sonoraenequipo.com.mx\/hermosillo-inaugura-celida-lopez-ciclovias-emergentes-en-bulevar-rodriguez\/#primaryimage\"},\"image\":{\"@id\":\"https:\/\/www.sonoraenequipo.com.mx\/hermosillo-inaugura-celida-lopez-ciclovias-emergentes-en-bulevar-rodriguez\/#primaryimage\"},\"thumbnailUrl\":\"https:\/\/www.sonoraenequipo.com.mx\/storage\/2020\/11\/clc141120.jpg\",\"datePublished\":\"2020-11-15T00:05:22+00:00\",\"dateModified\":\"2020-11-15T01:49:19+00:00\",\"description\":\"HERMOSILLO, SONORA,MX.\u2500\u2500 La alcaldesa Celida L\u00f3pez C\u00e1rdenas inaugur\u00f3 la primera etapa del programa Ciclov\u00edas Emergentes, con 3.4 kil\u00f3metros del bulevar En Sonora en Equipo publicamos toda la informaci\u00f3n de Sonora, M\u00e9xico y el Mundo de manera oportuna y busca que la libertad de expresi\u00f3n sea real. Visita nuestro medio informativo publicado desde Hermosillo, Sonora. %\",\"breadcrumb\":{\"@id\":\"https:\/\/www.sonoraenequipo.com.mx\/hermosillo-inaugura-celida-lopez-ciclovias-emergentes-en-bulevar-rodriguez\/#breadcrumb\"},\"inLanguage\":\"es\",\"potentialAction\":[{\"@type\":\"ReadAction\",\"target\":[\"https:\/\/www.sonoraenequipo.com.mx\/hermosillo-inaugura-celida-lopez-ciclovias-emergentes-en-bulevar-rodriguez\/\"]}]},{\"@type\":\"ImageObject\",\"inLanguage\":\"es\",\"@id\":\"https:\/\/www.sonoraenequipo.com.mx\/hermosillo-inaugura-celida-lopez-ciclovias-emergentes-en-bulevar-rodriguez\/#primaryimage\",\"url\":\"https:\/\/www.sonoraenequipo.com.mx\/storage\/2020\/11\/clc141120.jpg\",\"contentUrl\":\"https:\/\/www.sonoraenequipo.com.mx\/storage\/2020\/11\/clc141120.jpg\",\"width\":600,\"height\":400},{\"@type\":\"BreadcrumbList\",\"@id\":\"https:\/\/www.sonoraenequipo.com.mx\/hermosillo-inaugura-celida-lopez-ciclovias-emergentes-en-bulevar-rodriguez\/#breadcrumb\",\"itemListElement\":[{\"@type\":\"ListItem\",\"position\":1,\"name\":\"Portada\",\"item\":\"https:\/\/www.sonoraenequipo.com.mx\/\"},{\"@type\":\"ListItem\",\"position\":2,\"name\":\"HERMOSILLO. Inaugura Celida L\u00f3pez ciclov\u00edas emergentes en bulevar Rodr\u00edguez\"}]},{\"@type\":\"WebSite\",\"@id\":\"https:\/\/www.sonoraenequipo.com.mx\/#website\",\"url\":\"https:\/\/www.sonoraenequipo.com.mx\/\",\"name\":\"Sonora en Equipo.\",\"description\":\"Diario en l\u00ednea con Noticias desde Hermosillo, Sonora\",\"publisher\":{\"@id\":\"https:\/\/www.sonoraenequipo.com.mx\/#organization\"},\"potentialAction\":[{\"@type\":\"SearchAction\",\"target\":{\"@type\":\"EntryPoint\",\"urlTemplate\":\"https:\/\/www.sonoraenequipo.com.mx\/?s={search_term_string}\"},\"query-input\":{\"@type\":\"PropertyValueSpecification\",\"valueRequired\":true,\"valueName\":\"search_term_string\"}}],\"inLanguage\":\"es\"},{\"@type\":\"Organization\",\"@id\":\"https:\/\/www.sonoraenequipo.com.mx\/#organization\",\"name\":\"Sonoraenequipo.com.mx\",\"url\":\"https:\/\/www.sonoraenequipo.com.mx\/\",\"logo\":{\"@type\":\"ImageObject\",\"inLanguage\":\"es\",\"@id\":\"https:\/\/www.sonoraenequipo.com.mx\/#\/schema\/logo\/image\/\",\"url\":\"https:\/\/www.sonoraenequipo.com.mx\/storage\/2019\/01\/sonoraenequipo_opt.png\",\"contentUrl\":\"https:\/\/www.sonoraenequipo.com.mx\/storage\/2019\/01\/sonoraenequipo_opt.png\",\"width\":375,\"height\":125,\"caption\":\"Sonoraenequipo.com.mx\"},\"image\":{\"@id\":\"https:\/\/www.sonoraenequipo.com.mx\/#\/schema\/logo\/image\/\"},\"sameAs\":[\"https:\/\/www.facebook.com\/SonoraEE\/\",\"https:\/\/x.com\/sonoraenequipo\",\"https:\/\/www.youtube.com\/channel\/UC338nW-lPEYmJQs4ZABQ1SQ\"]},{\"@type\":\"Person\",\"@id\":\"https:\/\/www.sonoraenequipo.com.mx\/#\/schema\/person\/50102df0fb23a8fa9e8effad8fa81386\",\"name\":\"enequipo\",\"image\":{\"@type\":\"ImageObject\",\"inLanguage\":\"es\",\"@id\":\"https:\/\/www.sonoraenequipo.com.mx\/#\/schema\/person\/image\/\",\"url\":\"https:\/\/secure.gravatar.com\/avatar\/049821681b589dabc0bc20695993ccebb09f5b5d4d790cd9251b97faac7c652b?s=96&d=blank&r=g\",\"contentUrl\":\"https:\/\/secure.gravatar.com\/avatar\/049821681b589dabc0bc20695993ccebb09f5b5d4d790cd9251b97faac7c652b?s=96&d=blank&r=g\",\"caption\":\"enequipo\"},\"sameAs\":[\"https:\/\/www.facebook.com\/SonoraEE\"]}]}<\/script>\n ","yoast_head_json":{"title":"Sonora en Equipo. HERMOSILLO. Inaugura Celida L\u00f3pez ciclov\u00edas emergentes en bulevar Rodr\u00edguez Municipios","description":"HERMOSILLO, SONORA,MX.\u2500\u2500 La alcaldesa Celida L\u00f3pez C\u00e1rdenas inaugur\u00f3 la primera etapa del programa Ciclov\u00edas Emergentes, con 3.4 kil\u00f3metros del bulevar En Sonora en Equipo publicamos toda la informaci\u00f3n de Sonora, M\u00e9xico y el Mundo de manera oportuna y busca que la libertad de expresi\u00f3n sea real. Visita nuestro medio informativo publicado desde Hermosillo, Sonora. %","robots":{"index":"index","follow":"follow","max-snippet":"max-snippet:-1","max-image-preview":"max-image-preview:large","max-video-preview":"max-video-preview:-1"},"canonical":"https:\/\/www.sonoraenequipo.com.mx\/hermosillo-inaugura-celida-lopez-ciclovias-emergentes-en-bulevar-rodriguez\/","og_locale":"es_ES","og_type":"article","og_title":"Sonora en Equipo. HERMOSILLO. Inaugura Celida L\u00f3pez ciclov\u00edas emergentes en bulevar Rodr\u00edguez Municipios","og_description":"HERMOSILLO, SONORA,MX.\u2500\u2500 La alcaldesa Celida L\u00f3pez C\u00e1rdenas inaugur\u00f3 la primera etapa del programa Ciclov\u00edas Emergentes, con 3.4 kil\u00f3metros del bulevar En Sonora en Equipo publicamos toda la informaci\u00f3n de Sonora, M\u00e9xico y el Mundo de manera oportuna y busca que la libertad de expresi\u00f3n sea real. Visita nuestro medio informativo publicado desde Hermosillo, Sonora. %","og_url":"https:\/\/www.sonoraenequipo.com.mx\/hermosillo-inaugura-celida-lopez-ciclovias-emergentes-en-bulevar-rodriguez\/","og_site_name":"Sonora en Equipo.","article_publisher":"https:\/\/www.facebook.com\/SonoraEE\/","article_author":"https:\/\/www.facebook.com\/SonoraEE","article_published_time":"2020-11-15T00:05:22+00:00","article_modified_time":"2020-11-15T01:49:19+00:00","og_image":[{"width":600,"height":400,"url":"https:\/\/www.sonoraenequipo.com.mx\/storage\/2020\/11\/clc141120.jpg","type":"image\/jpeg"}],"author":"enequipo","twitter_card":"summary_large_image","twitter_creator":"@sonoraenequipo","twitter_site":"@sonoraenequipo","twitter_misc":{"Escrito por":"enequipo","Tiempo de lectura":"2 minutos"},"schema":{"@context":"https:\/\/schema.org","@graph":[{"@type":"Article","@id":"https:\/\/www.sonoraenequipo.com.mx\/hermosillo-inaugura-celida-lopez-ciclovias-emergentes-en-bulevar-rodriguez\/#article","isPartOf":{"@id":"https:\/\/www.sonoraenequipo.com.mx\/hermosillo-inaugura-celida-lopez-ciclovias-emergentes-en-bulevar-rodriguez\/"},"author":{"name":"enequipo","@id":"https:\/\/www.sonoraenequipo.com.mx\/#\/schema\/person\/50102df0fb23a8fa9e8effad8fa81386"},"headline":"HERMOSILLO. Inaugura Celida L\u00f3pez ciclov\u00edas emergentes en bulevar Rodr\u00edguez","datePublished":"2020-11-15T00:05:22+00:00","dateModified":"2020-11-15T01:49:19+00:00","mainEntityOfPage":{"@id":"https:\/\/www.sonoraenequipo.com.mx\/hermosillo-inaugura-celida-lopez-ciclovias-emergentes-en-bulevar-rodriguez\/"},"wordCount":511,"commentCount":0,"publisher":{"@id":"https:\/\/www.sonoraenequipo.com.mx\/#organization"},"image":{"@id":"https:\/\/www.sonoraenequipo.com.mx\/hermosillo-inaugura-celida-lopez-ciclovias-emergentes-en-bulevar-rodriguez\/#primaryimage"},"thumbnailUrl":"https:\/\/www.sonoraenequipo.com.mx\/storage\/2020\/11\/clc141120.jpg","articleSection":["Municipios"],"inLanguage":"es","potentialAction":[{"@type":"CommentAction","name":"Comment","target":["https:\/\/www.sonoraenequipo.com.mx\/hermosillo-inaugura-celida-lopez-ciclovias-emergentes-en-bulevar-rodriguez\/#respond"]}]},{"@type":"WebPage","@id":"https:\/\/www.sonoraenequipo.com.mx\/hermosillo-inaugura-celida-lopez-ciclovias-emergentes-en-bulevar-rodriguez\/","url":"https:\/\/www.sonoraenequipo.com.mx\/hermosillo-inaugura-celida-lopez-ciclovias-emergentes-en-bulevar-rodriguez\/","name":"Sonora en Equipo. HERMOSILLO. Inaugura Celida L\u00f3pez ciclov\u00edas emergentes en bulevar Rodr\u00edguez Municipios","isPartOf":{"@id":"https:\/\/www.sonoraenequipo.com.mx\/#website"},"primaryImageOfPage":{"@id":"https:\/\/www.sonoraenequipo.com.mx\/hermosillo-inaugura-celida-lopez-ciclovias-emergentes-en-bulevar-rodriguez\/#primaryimage"},"image":{"@id":"https:\/\/www.sonoraenequipo.com.mx\/hermosillo-inaugura-celida-lopez-ciclovias-emergentes-en-bulevar-rodriguez\/#primaryimage"},"thumbnailUrl":"https:\/\/www.sonoraenequipo.com.mx\/storage\/2020\/11\/clc141120.jpg","datePublished":"2020-11-15T00:05:22+00:00","dateModified":"2020-11-15T01:49:19+00:00","description":"HERMOSILLO, SONORA,MX.\u2500\u2500 La alcaldesa Celida L\u00f3pez C\u00e1rdenas inaugur\u00f3 la primera etapa del programa Ciclov\u00edas Emergentes, con 3.4 kil\u00f3metros del bulevar En Sonora en Equipo publicamos toda la informaci\u00f3n de Sonora, M\u00e9xico y el Mundo de manera oportuna y busca que la libertad de expresi\u00f3n sea real. Visita nuestro medio informativo publicado desde Hermosillo, Sonora. %","breadcrumb":{"@id":"https:\/\/www.sonoraenequipo.com.mx\/hermosillo-inaugura-celida-lopez-ciclovias-emergentes-en-bulevar-rodriguez\/#breadcrumb"},"inLanguage":"es","potentialAction":[{"@type":"ReadAction","target":["https:\/\/www.sonoraenequipo.com.mx\/hermosillo-inaugura-celida-lopez-ciclovias-emergentes-en-bulevar-rodriguez\/"]}]},{"@type":"ImageObject","inLanguage":"es","@id":"https:\/\/www.sonoraenequipo.com.mx\/hermosillo-inaugura-celida-lopez-ciclovias-emergentes-en-bulevar-rodriguez\/#primaryimage","url":"https:\/\/www.sonoraenequipo.com.mx\/storage\/2020\/11\/clc141120.jpg","contentUrl":"https:\/\/www.sonoraenequipo.com.mx\/storage\/2020\/11\/clc141120.jpg","width":600,"height":400},{"@type":"BreadcrumbList","@id":"https:\/\/www.sonoraenequipo.com.mx\/hermosillo-inaugura-celida-lopez-ciclovias-emergentes-en-bulevar-rodriguez\/#breadcrumb","itemListElement":[{"@type":"ListItem","position":1,"name":"Portada","item":"https:\/\/www.sonoraenequipo.com.mx\/"},{"@type":"ListItem","position":2,"name":"HERMOSILLO. Inaugura Celida L\u00f3pez ciclov\u00edas emergentes en bulevar Rodr\u00edguez"}]},{"@type":"WebSite","@id":"https:\/\/www.sonoraenequipo.com.mx\/#website","url":"https:\/\/www.sonoraenequipo.com.mx\/","name":"Sonora en Equipo.","description":"Diario en l\u00ednea con Noticias desde Hermosillo, Sonora","publisher":{"@id":"https:\/\/www.sonoraenequipo.com.mx\/#organization"},"potentialAction":[{"@type":"SearchAction","target":{"@type":"EntryPoint","urlTemplate":"https:\/\/www.sonoraenequipo.com.mx\/?s={search_term_string}"},"query-input":{"@type":"PropertyValueSpecification","valueRequired":true,"valueName":"search_term_string"}}],"inLanguage":"es"},{"@type":"Organization","@id":"https:\/\/www.sonoraenequipo.com.mx\/#organization","name":"Sonoraenequipo.com.mx","url":"https:\/\/www.sonoraenequipo.com.mx\/","logo":{"@type":"ImageObject","inLanguage":"es","@id":"https:\/\/www.sonoraenequipo.com.mx\/#\/schema\/logo\/image\/","url":"https:\/\/www.sonoraenequipo.com.mx\/storage\/2019\/01\/sonoraenequipo_opt.png","contentUrl":"https:\/\/www.sonoraenequipo.com.mx\/storage\/2019\/01\/sonoraenequipo_opt.png","width":375,"height":125,"caption":"Sonoraenequipo.com.mx"},"image":{"@id":"https:\/\/www.sonoraenequipo.com.mx\/#\/schema\/logo\/image\/"},"sameAs":["https:\/\/www.facebook.com\/SonoraEE\/","https:\/\/x.com\/sonoraenequipo","https:\/\/www.youtube.com\/channel\/UC338nW-lPEYmJQs4ZABQ1SQ"]},{"@type":"Person","@id":"https:\/\/www.sonoraenequipo.com.mx\/#\/schema\/person\/50102df0fb23a8fa9e8effad8fa81386","name":"enequipo","image":{"@type":"ImageObject","inLanguage":"es","@id":"https:\/\/www.sonoraenequipo.com.mx\/#\/schema\/person\/image\/","url":"https:\/\/secure.gravatar.com\/avatar\/049821681b589dabc0bc20695993ccebb09f5b5d4d790cd9251b97faac7c652b?s=96&d=blank&r=g","contentUrl":"https:\/\/secure.gravatar.com\/avatar\/049821681b589dabc0bc20695993ccebb09f5b5d4d790cd9251b97faac7c652b?s=96&d=blank&r=g","caption":"enequipo"},"sameAs":["https:\/\/www.facebook.com\/SonoraEE"]}]}},"jetpack_featured_media_url":"https:\/\/www.sonoraenequipo.com.mx\/storage\/2020\/11\/clc141120.jpg","_links":{"self":[{"href":"https:\/\/www.sonoraenequipo.com.mx\/api\/wp\/v2\/posts\/100311","targetHints":{"allow":["GET"]}}],"collection":[{"href":"https:\/\/www.sonoraenequipo.com.mx\/api\/wp\/v2\/posts"}],"about":[{"href":"https:\/\/www.sonoraenequipo.com.mx\/api\/wp\/v2\/types\/post"}],"author":[{"embeddable":true,"href":"https:\/\/www.sonoraenequipo.com.mx\/api\/wp\/v2\/users\/1"}],"replies":[{"embeddable":true,"href":"https:\/\/www.sonoraenequipo.com.mx\/api\/wp\/v2\/comments?post=100311"}],"version-history":[{"count":1,"href":"https:\/\/www.sonoraenequipo.com.mx\/api\/wp\/v2\/posts\/100311\/revisions"}],"predecessor-version":[{"id":100314,"href":"https:\/\/www.sonoraenequipo.com.mx\/api\/wp\/v2\/posts\/100311\/revisions\/100314"}],"wp:featuredmedia":[{"embeddable":true,"href":"https:\/\/www.sonoraenequipo.com.mx\/api\/wp\/v2\/media\/100312"}],"wp:attachment":[{"href":"https:\/\/www.sonoraenequipo.com.mx\/api\/wp\/v2\/media?parent=100311"}],"wp:term":[{"taxonomy":"category","embeddable":true,"href":"https:\/\/www.sonoraenequipo.com.mx\/api\/wp\/v2\/categories?post=100311"},{"taxonomy":"post_tag","embeddable":true,"href":"https:\/\/www.sonoraenequipo.com.mx\/api\/wp\/v2\/tags?post=100311"}],"curies":[{"name":"wp","href":"https:\/\/api.w.org\/{rel}","templated":true}]}}