{"id":100315,"date":"2020-11-14T17:26:06","date_gmt":"2020-11-15T00:26:06","guid":{"rendered":"https:\/\/www.sonoraenequipo.com.mx\/?p=100315"},"modified":"2020-11-14T17:36:40","modified_gmt":"2020-11-15T00:36:40","slug":"el-tri-alarga-su-racha-de-victorias-vence-3-2-a-corea-del-sur","status":"publish","type":"post","link":"https:\/\/www.sonoraenequipo.com.mx\/el-tri-alarga-su-racha-de-victorias-vence-3-2-a-corea-del-sur\/","title":{"rendered":"El Tri alarga su racha de victorias vence 3-2 a Corea del Sur"},"content":{"rendered":"<p>&nbsp;<\/p>\n<p>HERMOSILLO, SONORA,MX.\u2500\u2500 En juego amistoso La selecci\u00f3n nacional de futbol de M\u00e9xico venci\u00f3 tres goles por dos a su similar de Corea del sur en encuentro celebrado en el estadio Wiener Neustadt Stadium,de la ciudad de Viena en Austria en la continuaci\u00f3n de la gira europea del tricolor que concluye el martes cuando enfrente al mediod\u00eda tiempo de M\u00e9xico a Jap\u00f3n en la ciudad de Graz ubicada al sur de Austria.<\/p>\n<p>El partido fue dominado por\u00a0 los aztecas la mayor parteen la primera mitad el local administrativo estuvo m\u00e1s cerca de anotar pero\u00a0 no lo consigui\u00f3.<\/p>\n<p>Fue la visita quien en un contragolpe certero se fue adelante en el score con gol de su estrellael atacante del Totenham ingl\u00e9s Uijo Hwang al 20\u2019<\/p>\n<p>As\u00ed se fueron al descanso y los asi\u00e1ticos comenzaron a hacerse del esf\u00e9rico y controlar las acciones y cuando no se ve\u00eda por donde M\u00e9xico empatara un ror de la defensa coreana permiti\u00f3 que Chaka Rodr\u00edguez recuperara el bal\u00f3n y sirviera al Charly Rodr\u00edguez quien centr\u00f3 al \u00e1rea a la entrada de Ra\u00fal Jim\u00e9nez quien marc\u00f3 la igualada al 68\u2019 un minuto m\u00e1s tarde Uriel Antuna anot\u00f3 la diferencia y\u00a0 al 70\u2019 Carlos Salcedo puso el tercero, con el tanteador a su favor M\u00e9xico contrl\u00f3 el esf\u00e9rico y llev\u00f3 las acciones aunque al final Corea quiso reaccionar con el descuento de Kyungwon Kwon al 86\u2019.<\/p>\n<p>Pero ya no hubo tiempo para m\u00e1s.<\/p>\n<p>La cuarteta austriaca de \u00e1rbitros encabezada por el central Lechner Harald \u00a0auxiliado en las bandas por el asistente 1: Heidenreich Andreas\u00a0 y\u00a0 la asistente 2: Telek Sara, no tuvo problemas para llevar el encuentro despaco dos amarillasLuis Rodr\u00edguez al 65\u00b4. Y al coreano W. Jung al 73\u00b4.<\/p>\n<p>El\u00a0 Cuarto Oficial fue Spurny Josef<\/p>\n<p>Alineaciones<\/p>\n<p>M\u00e9xico: 12.- H. Gonz\u00e1lez; 3.- C. Salcedo (2.- N. Araujo al 82\u00b4); 4.- E. \u00c1lvarez; 8.- C. Rodr\u00edguez; 9.- R. Jim\u00e9nez. 14.- S. C\u00f3rdova (18.- O. Pineda al 54\u00b4); 15.- H. Moreno; 17.- J. Corona (11.- U. Antuna al 54\u00b4); 21.- L. Rodr\u00edguez (25.- J. S\u00e1nchez al 68\u00b4); 22.- H. Lozano (20.- R. Pizarro al 82\u00b4) y 23.- J. Gallardo. DT G. Martino.<\/p>\n<p>Rep\u00fablica de Corea: 1.- S. Gu; 2.- T. Kim; 3.- J. Lee; 5.- W. Jung; 7.- H. Son; 10.- J. Lee (8.- T. Nam al 62\u00b4); 13.- J. Son (19.- K. Lee al 73\u00b4); 16.- U. Hwang (11.- H. Hwang al 68\u00b4); 18.- D. Won; 20.- K. Kwon y 23.- S. Ju. DT P. Bento.<\/p>\n<p>Fecha de\u00a0 publicaci\u00f3n 14\/nov\/2020<\/p>\n","protected":false},"excerpt":{"rendered":"<p>&nbsp; HERMOSILLO, SONORA,MX.\u2500\u2500 En juego amistoso La selecci\u00f3n nacional de futbol de M\u00e9xico venci\u00f3 tres&#8230;<\/p>\n","protected":false},"author":6,"featured_media":100316,"comment_status":"open","ping_status":"open","sticky":false,"template":"","format":"standard","meta":{"_monsterinsights_skip_tracking":false,"_monsterinsights_sitenote_active":false,"_monsterinsights_sitenote_note":"","_monsterinsights_sitenote_category":0,"footnotes":""},"categories":[10],"tags":[309,53],"class_list":["post"],"yoast_head":" \n<title>Sonora en Equipo. El Tri alarga su racha de victorias vence 3-2 a Corea del Sur Deportes<\/title>\n<meta name=\"description\" content=\"&nbsp; HERMOSILLO, SONORA,MX.\u2500\u2500 En juego amistoso La selecci\u00f3n nacional de futbol de M\u00e9xico venci\u00f3 tres goles por dos a su similar de Corea del sur en En Sonora en Equipo publicamos toda la informaci\u00f3n de Sonora, M\u00e9xico y el Mundo de manera oportuna y busca que la libertad de expresi\u00f3n sea real. Visita nuestro medio informativo publicado desde Hermosillo, Sonora. %\" \/>\n<meta name=\"robots\" content=\"index, follow, max-snippet:-1, max-image-preview:large, max-video-preview:-1\" \/>\n<link rel=\"canonical\" href=\"https:\/\/www.sonoraenequipo.com.mx\/el-tri-alarga-su-racha-de-victorias-vence-3-2-a-corea-del-sur\/\" \/>\n<meta property=\"og:locale\" content=\"es_ES\" \/>\n<meta property=\"og:type\" content=\"article\" \/>\n<meta property=\"og:title\" content=\"Sonora en Equipo. El Tri alarga su racha de victorias vence 3-2 a Corea del Sur Deportes\" \/>\n<meta property=\"og:description\" content=\"&nbsp; HERMOSILLO, SONORA,MX.\u2500\u2500 En juego amistoso La selecci\u00f3n nacional de futbol de M\u00e9xico venci\u00f3 tres goles por dos a su similar de Corea del sur en En Sonora en Equipo publicamos toda la informaci\u00f3n de Sonora, M\u00e9xico y el Mundo de manera oportuna y busca que la libertad de expresi\u00f3n sea real. Visita nuestro medio informativo publicado desde Hermosillo, Sonora. %\" \/>\n<meta property=\"og:url\" content=\"https:\/\/www.sonoraenequipo.com.mx\/el-tri-alarga-su-racha-de-victorias-vence-3-2-a-corea-del-sur\/\" \/>\n<meta property=\"og:site_name\" content=\"Sonora en Equipo.\" \/>\n<meta property=\"article:publisher\" content=\"https:\/\/www.facebook.com\/SonoraEE\/\" \/>\n<meta property=\"article:published_time\" content=\"2020-11-15T00:26:06+00:00\" \/>\n<meta property=\"article:modified_time\" content=\"2020-11-15T00:36:40+00:00\" \/>\n<meta property=\"og:image\" content=\"https:\/\/www.sonoraenequipo.com.mx\/storage\/2020\/11\/tri141120.jpg\" \/>\n\t<meta property=\"og:image:width\" content=\"600\" \/>\n\t<meta property=\"og:image:height\" content=\"400\" \/>\n\t<meta property=\"og:image:type\" content=\"image\/jpeg\" \/>\n<meta name=\"author\" content=\"Nacho Bandin\" \/>\n<meta name=\"twitter:card\" content=\"summary_large_image\" \/>\n<meta name=\"twitter:creator\" content=\"@sonoraenequipo\" \/>\n<meta name=\"twitter:site\" content=\"@sonoraenequipo\" \/>\n<meta name=\"twitter:label1\" content=\"Escrito por\" \/>\n\t<meta name=\"twitter:data1\" content=\"Nacho Bandin\" \/>\n\t<meta name=\"twitter:label2\" content=\"Tiempo de lectura\" \/>\n\t<meta name=\"twitter:data2\" content=\"2 minutos\" \/>\n<script type=\"application\/ld+json\" class=\"yoast-schema-graph\">{\"@context\":\"https:\/\/schema.org\",\"@graph\":[{\"@type\":\"Article\",\"@id\":\"https:\/\/www.sonoraenequipo.com.mx\/el-tri-alarga-su-racha-de-victorias-vence-3-2-a-corea-del-sur\/#article\",\"isPartOf\":{\"@id\":\"https:\/\/www.sonoraenequipo.com.mx\/el-tri-alarga-su-racha-de-victorias-vence-3-2-a-corea-del-sur\/\"},\"author\":{\"name\":\"Nacho Bandin\",\"@id\":\"https:\/\/www.sonoraenequipo.com.mx\/#\/schema\/person\/fbd9952aca28efec00f1fb7fa9428cad\"},\"headline\":\"El Tri alarga su racha de victorias vence 3-2 a Corea del Sur\",\"datePublished\":\"2020-11-15T00:26:06+00:00\",\"dateModified\":\"2020-11-15T00:36:40+00:00\",\"mainEntityOfPage\":{\"@id\":\"https:\/\/www.sonoraenequipo.com.mx\/el-tri-alarga-su-racha-de-victorias-vence-3-2-a-corea-del-sur\/\"},\"wordCount\":442,\"commentCount\":0,\"publisher\":{\"@id\":\"https:\/\/www.sonoraenequipo.com.mx\/#organization\"},\"image\":{\"@id\":\"https:\/\/www.sonoraenequipo.com.mx\/el-tri-alarga-su-racha-de-victorias-vence-3-2-a-corea-del-sur\/#primaryimage\"},\"thumbnailUrl\":\"https:\/\/www.sonoraenequipo.com.mx\/storage\/2020\/11\/tri141120.jpg\",\"keywords\":[\"Futbol\",\"mexico\"],\"articleSection\":[\"Deportes\"],\"inLanguage\":\"es\",\"potentialAction\":[{\"@type\":\"CommentAction\",\"name\":\"Comment\",\"target\":[\"https:\/\/www.sonoraenequipo.com.mx\/el-tri-alarga-su-racha-de-victorias-vence-3-2-a-corea-del-sur\/#respond\"]}]},{\"@type\":\"WebPage\",\"@id\":\"https:\/\/www.sonoraenequipo.com.mx\/el-tri-alarga-su-racha-de-victorias-vence-3-2-a-corea-del-sur\/\",\"url\":\"https:\/\/www.sonoraenequipo.com.mx\/el-tri-alarga-su-racha-de-victorias-vence-3-2-a-corea-del-sur\/\",\"name\":\"Sonora en Equipo. El Tri alarga su racha de victorias vence 3-2 a Corea del Sur Deportes\",\"isPartOf\":{\"@id\":\"https:\/\/www.sonoraenequipo.com.mx\/#website\"},\"primaryImageOfPage\":{\"@id\":\"https:\/\/www.sonoraenequipo.com.mx\/el-tri-alarga-su-racha-de-victorias-vence-3-2-a-corea-del-sur\/#primaryimage\"},\"image\":{\"@id\":\"https:\/\/www.sonoraenequipo.com.mx\/el-tri-alarga-su-racha-de-victorias-vence-3-2-a-corea-del-sur\/#primaryimage\"},\"thumbnailUrl\":\"https:\/\/www.sonoraenequipo.com.mx\/storage\/2020\/11\/tri141120.jpg\",\"datePublished\":\"2020-11-15T00:26:06+00:00\",\"dateModified\":\"2020-11-15T00:36:40+00:00\",\"description\":\"&nbsp; HERMOSILLO, SONORA,MX.\u2500\u2500 En juego amistoso La selecci\u00f3n nacional de futbol de M\u00e9xico venci\u00f3 tres goles por dos a su similar de Corea del sur en En Sonora en Equipo publicamos toda la informaci\u00f3n de Sonora, M\u00e9xico y el Mundo de manera oportuna y busca que la libertad de expresi\u00f3n sea real. Visita nuestro medio informativo publicado desde Hermosillo, Sonora. %\",\"breadcrumb\":{\"@id\":\"https:\/\/www.sonoraenequipo.com.mx\/el-tri-alarga-su-racha-de-victorias-vence-3-2-a-corea-del-sur\/#breadcrumb\"},\"inLanguage\":\"es\",\"potentialAction\":[{\"@type\":\"ReadAction\",\"target\":[\"https:\/\/www.sonoraenequipo.com.mx\/el-tri-alarga-su-racha-de-victorias-vence-3-2-a-corea-del-sur\/\"]}]},{\"@type\":\"ImageObject\",\"inLanguage\":\"es\",\"@id\":\"https:\/\/www.sonoraenequipo.com.mx\/el-tri-alarga-su-racha-de-victorias-vence-3-2-a-corea-del-sur\/#primaryimage\",\"url\":\"https:\/\/www.sonoraenequipo.com.mx\/storage\/2020\/11\/tri141120.jpg\",\"contentUrl\":\"https:\/\/www.sonoraenequipo.com.mx\/storage\/2020\/11\/tri141120.jpg\",\"width\":600,\"height\":400,\"caption\":\"Foto FMF\"},{\"@type\":\"BreadcrumbList\",\"@id\":\"https:\/\/www.sonoraenequipo.com.mx\/el-tri-alarga-su-racha-de-victorias-vence-3-2-a-corea-del-sur\/#breadcrumb\",\"itemListElement\":[{\"@type\":\"ListItem\",\"position\":1,\"name\":\"Portada\",\"item\":\"https:\/\/www.sonoraenequipo.com.mx\/\"},{\"@type\":\"ListItem\",\"position\":2,\"name\":\"El Tri alarga su racha de victorias vence 3-2 a Corea del Sur\"}]},{\"@type\":\"WebSite\",\"@id\":\"https:\/\/www.sonoraenequipo.com.mx\/#website\",\"url\":\"https:\/\/www.sonoraenequipo.com.mx\/\",\"name\":\"Sonora en Equipo.\",\"description\":\"Diario en l\u00ednea con Noticias desde Hermosillo, Sonora\",\"publisher\":{\"@id\":\"https:\/\/www.sonoraenequipo.com.mx\/#organization\"},\"potentialAction\":[{\"@type\":\"SearchAction\",\"target\":{\"@type\":\"EntryPoint\",\"urlTemplate\":\"https:\/\/www.sonoraenequipo.com.mx\/?s={search_term_string}\"},\"query-input\":{\"@type\":\"PropertyValueSpecification\",\"valueRequired\":true,\"valueName\":\"search_term_string\"}}],\"inLanguage\":\"es\"},{\"@type\":\"Organization\",\"@id\":\"https:\/\/www.sonoraenequipo.com.mx\/#organization\",\"name\":\"Sonoraenequipo.com.mx\",\"url\":\"https:\/\/www.sonoraenequipo.com.mx\/\",\"logo\":{\"@type\":\"ImageObject\",\"inLanguage\":\"es\",\"@id\":\"https:\/\/www.sonoraenequipo.com.mx\/#\/schema\/logo\/image\/\",\"url\":\"https:\/\/www.sonoraenequipo.com.mx\/storage\/2019\/01\/sonoraenequipo_opt.png\",\"contentUrl\":\"https:\/\/www.sonoraenequipo.com.mx\/storage\/2019\/01\/sonoraenequipo_opt.png\",\"width\":375,\"height\":125,\"caption\":\"Sonoraenequipo.com.mx\"},\"image\":{\"@id\":\"https:\/\/www.sonoraenequipo.com.mx\/#\/schema\/logo\/image\/\"},\"sameAs\":[\"https:\/\/www.facebook.com\/SonoraEE\/\",\"https:\/\/x.com\/sonoraenequipo\",\"https:\/\/www.youtube.com\/channel\/UC338nW-lPEYmJQs4ZABQ1SQ\"]},{\"@type\":\"Person\",\"@id\":\"https:\/\/www.sonoraenequipo.com.mx\/#\/schema\/person\/fbd9952aca28efec00f1fb7fa9428cad\",\"name\":\"Nacho Bandin\",\"image\":{\"@type\":\"ImageObject\",\"inLanguage\":\"es\",\"@id\":\"https:\/\/www.sonoraenequipo.com.mx\/#\/schema\/person\/image\/\",\"url\":\"https:\/\/secure.gravatar.com\/avatar\/aa8b9910cb9aca6bb907bea274a87d80d1290d00069310f251740e3ee0bf15f1?s=96&d=blank&r=g\",\"contentUrl\":\"https:\/\/secure.gravatar.com\/avatar\/aa8b9910cb9aca6bb907bea274a87d80d1290d00069310f251740e3ee0bf15f1?s=96&d=blank&r=g\",\"caption\":\"Nacho Bandin\"},\"sameAs\":[\"http:\/\/sonoraenequipo.com.mx\"]}]}<\/script>\n ","yoast_head_json":{"title":"Sonora en Equipo. El Tri alarga su racha de victorias vence 3-2 a Corea del Sur Deportes","description":"&nbsp; HERMOSILLO, SONORA,MX.\u2500\u2500 En juego amistoso La selecci\u00f3n nacional de futbol de M\u00e9xico venci\u00f3 tres goles por dos a su similar de Corea del sur en En Sonora en Equipo publicamos toda la informaci\u00f3n de Sonora, M\u00e9xico y el Mundo de manera oportuna y busca que la libertad de expresi\u00f3n sea real. Visita nuestro medio informativo publicado desde Hermosillo, Sonora. %","robots":{"index":"index","follow":"follow","max-snippet":"max-snippet:-1","max-image-preview":"max-image-preview:large","max-video-preview":"max-video-preview:-1"},"canonical":"https:\/\/www.sonoraenequipo.com.mx\/el-tri-alarga-su-racha-de-victorias-vence-3-2-a-corea-del-sur\/","og_locale":"es_ES","og_type":"article","og_title":"Sonora en Equipo. El Tri alarga su racha de victorias vence 3-2 a Corea del Sur Deportes","og_description":"&nbsp; HERMOSILLO, SONORA,MX.\u2500\u2500 En juego amistoso La selecci\u00f3n nacional de futbol de M\u00e9xico venci\u00f3 tres goles por dos a su similar de Corea del sur en En Sonora en Equipo publicamos toda la informaci\u00f3n de Sonora, M\u00e9xico y el Mundo de manera oportuna y busca que la libertad de expresi\u00f3n sea real. Visita nuestro medio informativo publicado desde Hermosillo, Sonora. %","og_url":"https:\/\/www.sonoraenequipo.com.mx\/el-tri-alarga-su-racha-de-victorias-vence-3-2-a-corea-del-sur\/","og_site_name":"Sonora en Equipo.","article_publisher":"https:\/\/www.facebook.com\/SonoraEE\/","article_published_time":"2020-11-15T00:26:06+00:00","article_modified_time":"2020-11-15T00:36:40+00:00","og_image":[{"width":600,"height":400,"url":"https:\/\/www.sonoraenequipo.com.mx\/storage\/2020\/11\/tri141120.jpg","type":"image\/jpeg"}],"author":"Nacho Bandin","twitter_card":"summary_large_image","twitter_creator":"@sonoraenequipo","twitter_site":"@sonoraenequipo","twitter_misc":{"Escrito por":"Nacho Bandin","Tiempo de lectura":"2 minutos"},"schema":{"@context":"https:\/\/schema.org","@graph":[{"@type":"Article","@id":"https:\/\/www.sonoraenequipo.com.mx\/el-tri-alarga-su-racha-de-victorias-vence-3-2-a-corea-del-sur\/#article","isPartOf":{"@id":"https:\/\/www.sonoraenequipo.com.mx\/el-tri-alarga-su-racha-de-victorias-vence-3-2-a-corea-del-sur\/"},"author":{"name":"Nacho Bandin","@id":"https:\/\/www.sonoraenequipo.com.mx\/#\/schema\/person\/fbd9952aca28efec00f1fb7fa9428cad"},"headline":"El Tri alarga su racha de victorias vence 3-2 a Corea del Sur","datePublished":"2020-11-15T00:26:06+00:00","dateModified":"2020-11-15T00:36:40+00:00","mainEntityOfPage":{"@id":"https:\/\/www.sonoraenequipo.com.mx\/el-tri-alarga-su-racha-de-victorias-vence-3-2-a-corea-del-sur\/"},"wordCount":442,"commentCount":0,"publisher":{"@id":"https:\/\/www.sonoraenequipo.com.mx\/#organization"},"image":{"@id":"https:\/\/www.sonoraenequipo.com.mx\/el-tri-alarga-su-racha-de-victorias-vence-3-2-a-corea-del-sur\/#primaryimage"},"thumbnailUrl":"https:\/\/www.sonoraenequipo.com.mx\/storage\/2020\/11\/tri141120.jpg","keywords":["Futbol","mexico"],"articleSection":["Deportes"],"inLanguage":"es","potentialAction":[{"@type":"CommentAction","name":"Comment","target":["https:\/\/www.sonoraenequipo.com.mx\/el-tri-alarga-su-racha-de-victorias-vence-3-2-a-corea-del-sur\/#respond"]}]},{"@type":"WebPage","@id":"https:\/\/www.sonoraenequipo.com.mx\/el-tri-alarga-su-racha-de-victorias-vence-3-2-a-corea-del-sur\/","url":"https:\/\/www.sonoraenequipo.com.mx\/el-tri-alarga-su-racha-de-victorias-vence-3-2-a-corea-del-sur\/","name":"Sonora en Equipo. El Tri alarga su racha de victorias vence 3-2 a Corea del Sur Deportes","isPartOf":{"@id":"https:\/\/www.sonoraenequipo.com.mx\/#website"},"primaryImageOfPage":{"@id":"https:\/\/www.sonoraenequipo.com.mx\/el-tri-alarga-su-racha-de-victorias-vence-3-2-a-corea-del-sur\/#primaryimage"},"image":{"@id":"https:\/\/www.sonoraenequipo.com.mx\/el-tri-alarga-su-racha-de-victorias-vence-3-2-a-corea-del-sur\/#primaryimage"},"thumbnailUrl":"https:\/\/www.sonoraenequipo.com.mx\/storage\/2020\/11\/tri141120.jpg","datePublished":"2020-11-15T00:26:06+00:00","dateModified":"2020-11-15T00:36:40+00:00","description":"&nbsp; HERMOSILLO, SONORA,MX.\u2500\u2500 En juego amistoso La selecci\u00f3n nacional de futbol de M\u00e9xico venci\u00f3 tres goles por dos a su similar de Corea del sur en En Sonora en Equipo publicamos toda la informaci\u00f3n de Sonora, M\u00e9xico y el Mundo de manera oportuna y busca que la libertad de expresi\u00f3n sea real. Visita nuestro medio informativo publicado desde Hermosillo, Sonora. %","breadcrumb":{"@id":"https:\/\/www.sonoraenequipo.com.mx\/el-tri-alarga-su-racha-de-victorias-vence-3-2-a-corea-del-sur\/#breadcrumb"},"inLanguage":"es","potentialAction":[{"@type":"ReadAction","target":["https:\/\/www.sonoraenequipo.com.mx\/el-tri-alarga-su-racha-de-victorias-vence-3-2-a-corea-del-sur\/"]}]},{"@type":"ImageObject","inLanguage":"es","@id":"https:\/\/www.sonoraenequipo.com.mx\/el-tri-alarga-su-racha-de-victorias-vence-3-2-a-corea-del-sur\/#primaryimage","url":"https:\/\/www.sonoraenequipo.com.mx\/storage\/2020\/11\/tri141120.jpg","contentUrl":"https:\/\/www.sonoraenequipo.com.mx\/storage\/2020\/11\/tri141120.jpg","width":600,"height":400,"caption":"Foto FMF"},{"@type":"BreadcrumbList","@id":"https:\/\/www.sonoraenequipo.com.mx\/el-tri-alarga-su-racha-de-victorias-vence-3-2-a-corea-del-sur\/#breadcrumb","itemListElement":[{"@type":"ListItem","position":1,"name":"Portada","item":"https:\/\/www.sonoraenequipo.com.mx\/"},{"@type":"ListItem","position":2,"name":"El Tri alarga su racha de victorias vence 3-2 a Corea del Sur"}]},{"@type":"WebSite","@id":"https:\/\/www.sonoraenequipo.com.mx\/#website","url":"https:\/\/www.sonoraenequipo.com.mx\/","name":"Sonora en Equipo.","description":"Diario en l\u00ednea con Noticias desde Hermosillo, Sonora","publisher":{"@id":"https:\/\/www.sonoraenequipo.com.mx\/#organization"},"potentialAction":[{"@type":"SearchAction","target":{"@type":"EntryPoint","urlTemplate":"https:\/\/www.sonoraenequipo.com.mx\/?s={search_term_string}"},"query-input":{"@type":"PropertyValueSpecification","valueRequired":true,"valueName":"search_term_string"}}],"inLanguage":"es"},{"@type":"Organization","@id":"https:\/\/www.sonoraenequipo.com.mx\/#organization","name":"Sonoraenequipo.com.mx","url":"https:\/\/www.sonoraenequipo.com.mx\/","logo":{"@type":"ImageObject","inLanguage":"es","@id":"https:\/\/www.sonoraenequipo.com.mx\/#\/schema\/logo\/image\/","url":"https:\/\/www.sonoraenequipo.com.mx\/storage\/2019\/01\/sonoraenequipo_opt.png","contentUrl":"https:\/\/www.sonoraenequipo.com.mx\/storage\/2019\/01\/sonoraenequipo_opt.png","width":375,"height":125,"caption":"Sonoraenequipo.com.mx"},"image":{"@id":"https:\/\/www.sonoraenequipo.com.mx\/#\/schema\/logo\/image\/"},"sameAs":["https:\/\/www.facebook.com\/SonoraEE\/","https:\/\/x.com\/sonoraenequipo","https:\/\/www.youtube.com\/channel\/UC338nW-lPEYmJQs4ZABQ1SQ"]},{"@type":"Person","@id":"https:\/\/www.sonoraenequipo.com.mx\/#\/schema\/person\/fbd9952aca28efec00f1fb7fa9428cad","name":"Nacho Bandin","image":{"@type":"ImageObject","inLanguage":"es","@id":"https:\/\/www.sonoraenequipo.com.mx\/#\/schema\/person\/image\/","url":"https:\/\/secure.gravatar.com\/avatar\/aa8b9910cb9aca6bb907bea274a87d80d1290d00069310f251740e3ee0bf15f1?s=96&d=blank&r=g","contentUrl":"https:\/\/secure.gravatar.com\/avatar\/aa8b9910cb9aca6bb907bea274a87d80d1290d00069310f251740e3ee0bf15f1?s=96&d=blank&r=g","caption":"Nacho Bandin"},"sameAs":["http:\/\/sonoraenequipo.com.mx"]}]}},"jetpack_featured_media_url":"https:\/\/www.sonoraenequipo.com.mx\/storage\/2020\/11\/tri141120.jpg","_links":{"self":[{"href":"https:\/\/www.sonoraenequipo.com.mx\/api\/wp\/v2\/posts\/100315","targetHints":{"allow":["GET"]}}],"collection":[{"href":"https:\/\/www.sonoraenequipo.com.mx\/api\/wp\/v2\/posts"}],"about":[{"href":"https:\/\/www.sonoraenequipo.com.mx\/api\/wp\/v2\/types\/post"}],"author":[{"embeddable":true,"href":"https:\/\/www.sonoraenequipo.com.mx\/api\/wp\/v2\/users\/6"}],"replies":[{"embeddable":true,"href":"https:\/\/www.sonoraenequipo.com.mx\/api\/wp\/v2\/comments?post=100315"}],"version-history":[{"count":3,"href":"https:\/\/www.sonoraenequipo.com.mx\/api\/wp\/v2\/posts\/100315\/revisions"}],"predecessor-version":[{"id":100319,"href":"https:\/\/www.sonoraenequipo.com.mx\/api\/wp\/v2\/posts\/100315\/revisions\/100319"}],"wp:featuredmedia":[{"embeddable":true,"href":"https:\/\/www.sonoraenequipo.com.mx\/api\/wp\/v2\/media\/100316"}],"wp:attachment":[{"href":"https:\/\/www.sonoraenequipo.com.mx\/api\/wp\/v2\/media?parent=100315"}],"wp:term":[{"taxonomy":"category","embeddable":true,"href":"https:\/\/www.sonoraenequipo.com.mx\/api\/wp\/v2\/categories?post=100315"},{"taxonomy":"post_tag","embeddable":true,"href":"https:\/\/www.sonoraenequipo.com.mx\/api\/wp\/v2\/tags?post=100315"}],"curies":[{"name":"wp","href":"https:\/\/api.w.org\/{rel}","templated":true}]}}