{"id":100327,"date":"2020-11-14T15:00:59","date_gmt":"2020-11-14T22:00:59","guid":{"rendered":"https:\/\/www.sonoraenequipo.com.mx\/?p=100327"},"modified":"2020-11-14T18:17:45","modified_gmt":"2020-11-15T01:17:45","slug":"hermosillo-adopta-coyotas-dona-maria-lopez-portillo-tramo-de-camellon","status":"publish","type":"post","link":"https:\/\/www.sonoraenequipo.com.mx\/hermosillo-adopta-coyotas-dona-maria-lopez-portillo-tramo-de-camellon\/","title":{"rendered":"HERMOSILLO. Adopta Coyotas Do\u00f1a Mar\u00eda L\u00f3pez Portillo tramo de camell\u00f3n"},"content":{"rendered":"<p>HERMOSILLO, SONORA. MX. \u2014 Propietarios de Coyotas Do\u00f1a Mar\u00eda L\u00f3pez Portillo se sumaron al programa de adopci\u00f3n de camellones del Gobierno Municipal, con lo que ya son 228 espacios a cargo de empresas, organizaciones y ciudadanos.<\/p>\n<p>&nbsp;<\/p>\n<p> <\/p>\n<p>&nbsp;<\/p>\n<p>Norberto Barraza Almaz\u00e1n, director de Servicios P\u00fablicos Municipales, coment\u00f3 que con este tramo en el bulevar L\u00f3pez Portillo y calle Arizona, de la colonia Ley 57, suman 34 kil\u00f3metros de camellones adoptados en toda la ciudad.<\/p>\n<p>&nbsp;<\/p>\n<p><img loading=\"lazy\" decoding=\"async\" class=\"size-full  x-right\" src=\"https:\/\/sonmx.mx\/storage\/2020\/11\/camellon-dona-Maria-1_opt.jpg\" alt=\"\" width=\"600\" height=\"400\" \/>Barraza Almaz\u00e1n expres\u00f3 que la participaci\u00f3n de esta empresa familiar es muy significativa, porque este es un bulevar muy transitado y con esto se da un mensaje muy importante para las familias del sector.<\/p>\n<p>&nbsp;<\/p>\n<p><em>\u201cEstoy seguro que a ra\u00edz de esto, con lo que ellos empezaron, esto seguir\u00e1 creciendo, y de otros negocios y los ciudadanos tambi\u00e9n querr\u00e1n adoptar\u201d,<\/em> comparti\u00f3 el funcionario de la administraci\u00f3n encabezada por la alcaldesa Celida L\u00f3pez C\u00e1rdenas.<\/p>\n<p>&nbsp;<\/p>\n<p>Beatriz Alicia Moreno Meneses, propietaria del comercio, manifest\u00f3 que se quisieron unir al programa para tener una mejor vista y que llamara la atenci\u00f3n el \u00e1rea.<\/p>\n<p>&nbsp;<\/p>\n<p><em>\u201cInvitamos a nuestros vecinos de otros negocios a que se animen a apoyar al Municipio, para tener una mejor vista para todos\u201d,<\/em> apunt\u00f3 Moreno Meneses.<\/p>\n<p>&nbsp;<\/p>\n<p>El s\u00e1bado 24 de octubre, el personal de Coyotas Do\u00f1a Mar\u00eda L\u00f3pez Portillo empez\u00f3 con la limpieza del camell\u00f3n y retir\u00f3 la primera capa de tierra, para posteriormente colocar piedra decorativa y arbustos.<\/p>\n<p>&nbsp;<\/p>\n<p>(Publicada el 14\/11\/2020)<\/p>\n","protected":false},"excerpt":{"rendered":"<p>HERMOSILLO, SONORA. MX. \u2014 Propietarios de Coyotas Do\u00f1a Mar\u00eda L\u00f3pez Portillo se sumaron al programa&#8230;<\/p>\n","protected":false},"author":1,"featured_media":100334,"comment_status":"open","ping_status":"open","sticky":false,"template":"","format":"standard","meta":{"_monsterinsights_skip_tracking":false,"_monsterinsights_sitenote_active":false,"_monsterinsights_sitenote_note":"","_monsterinsights_sitenote_category":0,"footnotes":""},"categories":[4],"tags":[],"class_list":["post"],"yoast_head":" \n<title>Sonora en Equipo. HERMOSILLO. Adopta Coyotas Do\u00f1a Mar\u00eda L\u00f3pez Portillo tramo de camell\u00f3n Municipios<\/title>\n<meta name=\"description\" content=\"HERMOSILLO, SONORA. MX. \u2014 Propietarios de Coyotas Do\u00f1a Mar\u00eda L\u00f3pez Portillo se sumaron al programa de adopci\u00f3n de camellones del Gobierno Municipal, con En Sonora en Equipo publicamos toda la informaci\u00f3n de Sonora, M\u00e9xico y el Mundo de manera oportuna y busca que la libertad de expresi\u00f3n sea real. Visita nuestro medio informativo publicado desde Hermosillo, Sonora. %\" \/>\n<meta name=\"robots\" content=\"index, follow, max-snippet:-1, max-image-preview:large, max-video-preview:-1\" \/>\n<link rel=\"canonical\" href=\"https:\/\/www.sonoraenequipo.com.mx\/hermosillo-adopta-coyotas-dona-maria-lopez-portillo-tramo-de-camellon\/\" \/>\n<meta property=\"og:locale\" content=\"es_ES\" \/>\n<meta property=\"og:type\" content=\"article\" \/>\n<meta property=\"og:title\" content=\"Sonora en Equipo. HERMOSILLO. Adopta Coyotas Do\u00f1a Mar\u00eda L\u00f3pez Portillo tramo de camell\u00f3n Municipios\" \/>\n<meta property=\"og:description\" content=\"HERMOSILLO, SONORA. MX. \u2014 Propietarios de Coyotas Do\u00f1a Mar\u00eda L\u00f3pez Portillo se sumaron al programa de adopci\u00f3n de camellones del Gobierno Municipal, con En Sonora en Equipo publicamos toda la informaci\u00f3n de Sonora, M\u00e9xico y el Mundo de manera oportuna y busca que la libertad de expresi\u00f3n sea real. Visita nuestro medio informativo publicado desde Hermosillo, Sonora. %\" \/>\n<meta property=\"og:url\" content=\"https:\/\/www.sonoraenequipo.com.mx\/hermosillo-adopta-coyotas-dona-maria-lopez-portillo-tramo-de-camellon\/\" \/>\n<meta property=\"og:site_name\" content=\"Sonora en Equipo.\" \/>\n<meta property=\"article:publisher\" content=\"https:\/\/www.facebook.com\/SonoraEE\/\" \/>\n<meta property=\"article:author\" content=\"https:\/\/www.facebook.com\/SonoraEE\" \/>\n<meta property=\"article:published_time\" content=\"2020-11-14T22:00:59+00:00\" \/>\n<meta property=\"article:modified_time\" content=\"2020-11-15T01:17:45+00:00\" \/>\n<meta property=\"og:image\" content=\"https:\/\/www.sonoraenequipo.com.mx\/storage\/2020\/11\/camellon-dona-Maria-3_opt.jpg\" \/>\n\t<meta property=\"og:image:width\" content=\"600\" \/>\n\t<meta property=\"og:image:height\" content=\"400\" \/>\n\t<meta property=\"og:image:type\" content=\"image\/jpeg\" \/>\n<meta name=\"author\" content=\"enequipo\" \/>\n<meta name=\"twitter:card\" content=\"summary_large_image\" \/>\n<meta name=\"twitter:creator\" content=\"@sonoraenequipo\" \/>\n<meta name=\"twitter:site\" content=\"@sonoraenequipo\" \/>\n<meta name=\"twitter:label1\" content=\"Escrito por\" \/>\n\t<meta name=\"twitter:data1\" content=\"enequipo\" \/>\n\t<meta name=\"twitter:label2\" content=\"Tiempo de lectura\" \/>\n\t<meta name=\"twitter:data2\" content=\"1 minuto\" \/>\n<script type=\"application\/ld+json\" class=\"yoast-schema-graph\">{\"@context\":\"https:\/\/schema.org\",\"@graph\":[{\"@type\":\"Article\",\"@id\":\"https:\/\/www.sonoraenequipo.com.mx\/hermosillo-adopta-coyotas-dona-maria-lopez-portillo-tramo-de-camellon\/#article\",\"isPartOf\":{\"@id\":\"https:\/\/www.sonoraenequipo.com.mx\/hermosillo-adopta-coyotas-dona-maria-lopez-portillo-tramo-de-camellon\/\"},\"author\":{\"name\":\"enequipo\",\"@id\":\"https:\/\/www.sonoraenequipo.com.mx\/#\/schema\/person\/50102df0fb23a8fa9e8effad8fa81386\"},\"headline\":\"HERMOSILLO. Adopta Coyotas Do\u00f1a Mar\u00eda L\u00f3pez Portillo tramo de camell\u00f3n\",\"datePublished\":\"2020-11-14T22:00:59+00:00\",\"dateModified\":\"2020-11-15T01:17:45+00:00\",\"mainEntityOfPage\":{\"@id\":\"https:\/\/www.sonoraenequipo.com.mx\/hermosillo-adopta-coyotas-dona-maria-lopez-portillo-tramo-de-camellon\/\"},\"wordCount\":269,\"commentCount\":0,\"publisher\":{\"@id\":\"https:\/\/www.sonoraenequipo.com.mx\/#organization\"},\"image\":{\"@id\":\"https:\/\/www.sonoraenequipo.com.mx\/hermosillo-adopta-coyotas-dona-maria-lopez-portillo-tramo-de-camellon\/#primaryimage\"},\"thumbnailUrl\":\"https:\/\/www.sonoraenequipo.com.mx\/storage\/2020\/11\/camellon-dona-Maria-3_opt.jpg\",\"articleSection\":[\"Municipios\"],\"inLanguage\":\"es\",\"potentialAction\":[{\"@type\":\"CommentAction\",\"name\":\"Comment\",\"target\":[\"https:\/\/www.sonoraenequipo.com.mx\/hermosillo-adopta-coyotas-dona-maria-lopez-portillo-tramo-de-camellon\/#respond\"]}]},{\"@type\":\"WebPage\",\"@id\":\"https:\/\/www.sonoraenequipo.com.mx\/hermosillo-adopta-coyotas-dona-maria-lopez-portillo-tramo-de-camellon\/\",\"url\":\"https:\/\/www.sonoraenequipo.com.mx\/hermosillo-adopta-coyotas-dona-maria-lopez-portillo-tramo-de-camellon\/\",\"name\":\"Sonora en Equipo. HERMOSILLO. Adopta Coyotas Do\u00f1a Mar\u00eda L\u00f3pez Portillo tramo de camell\u00f3n Municipios\",\"isPartOf\":{\"@id\":\"https:\/\/www.sonoraenequipo.com.mx\/#website\"},\"primaryImageOfPage\":{\"@id\":\"https:\/\/www.sonoraenequipo.com.mx\/hermosillo-adopta-coyotas-dona-maria-lopez-portillo-tramo-de-camellon\/#primaryimage\"},\"image\":{\"@id\":\"https:\/\/www.sonoraenequipo.com.mx\/hermosillo-adopta-coyotas-dona-maria-lopez-portillo-tramo-de-camellon\/#primaryimage\"},\"thumbnailUrl\":\"https:\/\/www.sonoraenequipo.com.mx\/storage\/2020\/11\/camellon-dona-Maria-3_opt.jpg\",\"datePublished\":\"2020-11-14T22:00:59+00:00\",\"dateModified\":\"2020-11-15T01:17:45+00:00\",\"description\":\"HERMOSILLO, SONORA. MX. \u2014 Propietarios de Coyotas Do\u00f1a Mar\u00eda L\u00f3pez Portillo se sumaron al programa de adopci\u00f3n de camellones del Gobierno Municipal, con En Sonora en Equipo publicamos toda la informaci\u00f3n de Sonora, M\u00e9xico y el Mundo de manera oportuna y busca que la libertad de expresi\u00f3n sea real. Visita nuestro medio informativo publicado desde Hermosillo, Sonora. %\",\"breadcrumb\":{\"@id\":\"https:\/\/www.sonoraenequipo.com.mx\/hermosillo-adopta-coyotas-dona-maria-lopez-portillo-tramo-de-camellon\/#breadcrumb\"},\"inLanguage\":\"es\",\"potentialAction\":[{\"@type\":\"ReadAction\",\"target\":[\"https:\/\/www.sonoraenequipo.com.mx\/hermosillo-adopta-coyotas-dona-maria-lopez-portillo-tramo-de-camellon\/\"]}]},{\"@type\":\"ImageObject\",\"inLanguage\":\"es\",\"@id\":\"https:\/\/www.sonoraenequipo.com.mx\/hermosillo-adopta-coyotas-dona-maria-lopez-portillo-tramo-de-camellon\/#primaryimage\",\"url\":\"https:\/\/www.sonoraenequipo.com.mx\/storage\/2020\/11\/camellon-dona-Maria-3_opt.jpg\",\"contentUrl\":\"https:\/\/www.sonoraenequipo.com.mx\/storage\/2020\/11\/camellon-dona-Maria-3_opt.jpg\",\"width\":600,\"height\":400},{\"@type\":\"BreadcrumbList\",\"@id\":\"https:\/\/www.sonoraenequipo.com.mx\/hermosillo-adopta-coyotas-dona-maria-lopez-portillo-tramo-de-camellon\/#breadcrumb\",\"itemListElement\":[{\"@type\":\"ListItem\",\"position\":1,\"name\":\"Portada\",\"item\":\"https:\/\/www.sonoraenequipo.com.mx\/\"},{\"@type\":\"ListItem\",\"position\":2,\"name\":\"HERMOSILLO. Adopta Coyotas Do\u00f1a Mar\u00eda L\u00f3pez Portillo tramo de camell\u00f3n\"}]},{\"@type\":\"WebSite\",\"@id\":\"https:\/\/www.sonoraenequipo.com.mx\/#website\",\"url\":\"https:\/\/www.sonoraenequipo.com.mx\/\",\"name\":\"Sonora en Equipo.\",\"description\":\"Diario en l\u00ednea con Noticias desde Hermosillo, Sonora\",\"publisher\":{\"@id\":\"https:\/\/www.sonoraenequipo.com.mx\/#organization\"},\"potentialAction\":[{\"@type\":\"SearchAction\",\"target\":{\"@type\":\"EntryPoint\",\"urlTemplate\":\"https:\/\/www.sonoraenequipo.com.mx\/?s={search_term_string}\"},\"query-input\":{\"@type\":\"PropertyValueSpecification\",\"valueRequired\":true,\"valueName\":\"search_term_string\"}}],\"inLanguage\":\"es\"},{\"@type\":\"Organization\",\"@id\":\"https:\/\/www.sonoraenequipo.com.mx\/#organization\",\"name\":\"Sonoraenequipo.com.mx\",\"url\":\"https:\/\/www.sonoraenequipo.com.mx\/\",\"logo\":{\"@type\":\"ImageObject\",\"inLanguage\":\"es\",\"@id\":\"https:\/\/www.sonoraenequipo.com.mx\/#\/schema\/logo\/image\/\",\"url\":\"https:\/\/www.sonoraenequipo.com.mx\/storage\/2019\/01\/sonoraenequipo_opt.png\",\"contentUrl\":\"https:\/\/www.sonoraenequipo.com.mx\/storage\/2019\/01\/sonoraenequipo_opt.png\",\"width\":375,\"height\":125,\"caption\":\"Sonoraenequipo.com.mx\"},\"image\":{\"@id\":\"https:\/\/www.sonoraenequipo.com.mx\/#\/schema\/logo\/image\/\"},\"sameAs\":[\"https:\/\/www.facebook.com\/SonoraEE\/\",\"https:\/\/x.com\/sonoraenequipo\",\"https:\/\/www.youtube.com\/channel\/UC338nW-lPEYmJQs4ZABQ1SQ\"]},{\"@type\":\"Person\",\"@id\":\"https:\/\/www.sonoraenequipo.com.mx\/#\/schema\/person\/50102df0fb23a8fa9e8effad8fa81386\",\"name\":\"enequipo\",\"image\":{\"@type\":\"ImageObject\",\"inLanguage\":\"es\",\"@id\":\"https:\/\/www.sonoraenequipo.com.mx\/#\/schema\/person\/image\/\",\"url\":\"https:\/\/secure.gravatar.com\/avatar\/049821681b589dabc0bc20695993ccebb09f5b5d4d790cd9251b97faac7c652b?s=96&d=blank&r=g\",\"contentUrl\":\"https:\/\/secure.gravatar.com\/avatar\/049821681b589dabc0bc20695993ccebb09f5b5d4d790cd9251b97faac7c652b?s=96&d=blank&r=g\",\"caption\":\"enequipo\"},\"sameAs\":[\"https:\/\/www.facebook.com\/SonoraEE\"]}]}<\/script>\n ","yoast_head_json":{"title":"Sonora en Equipo. HERMOSILLO. Adopta Coyotas Do\u00f1a Mar\u00eda L\u00f3pez Portillo tramo de camell\u00f3n Municipios","description":"HERMOSILLO, SONORA. MX. \u2014 Propietarios de Coyotas Do\u00f1a Mar\u00eda L\u00f3pez Portillo se sumaron al programa de adopci\u00f3n de camellones del Gobierno Municipal, con En Sonora en Equipo publicamos toda la informaci\u00f3n de Sonora, M\u00e9xico y el Mundo de manera oportuna y busca que la libertad de expresi\u00f3n sea real. Visita nuestro medio informativo publicado desde Hermosillo, Sonora. %","robots":{"index":"index","follow":"follow","max-snippet":"max-snippet:-1","max-image-preview":"max-image-preview:large","max-video-preview":"max-video-preview:-1"},"canonical":"https:\/\/www.sonoraenequipo.com.mx\/hermosillo-adopta-coyotas-dona-maria-lopez-portillo-tramo-de-camellon\/","og_locale":"es_ES","og_type":"article","og_title":"Sonora en Equipo. HERMOSILLO. Adopta Coyotas Do\u00f1a Mar\u00eda L\u00f3pez Portillo tramo de camell\u00f3n Municipios","og_description":"HERMOSILLO, SONORA. MX. \u2014 Propietarios de Coyotas Do\u00f1a Mar\u00eda L\u00f3pez Portillo se sumaron al programa de adopci\u00f3n de camellones del Gobierno Municipal, con En Sonora en Equipo publicamos toda la informaci\u00f3n de Sonora, M\u00e9xico y el Mundo de manera oportuna y busca que la libertad de expresi\u00f3n sea real. Visita nuestro medio informativo publicado desde Hermosillo, Sonora. %","og_url":"https:\/\/www.sonoraenequipo.com.mx\/hermosillo-adopta-coyotas-dona-maria-lopez-portillo-tramo-de-camellon\/","og_site_name":"Sonora en Equipo.","article_publisher":"https:\/\/www.facebook.com\/SonoraEE\/","article_author":"https:\/\/www.facebook.com\/SonoraEE","article_published_time":"2020-11-14T22:00:59+00:00","article_modified_time":"2020-11-15T01:17:45+00:00","og_image":[{"width":600,"height":400,"url":"https:\/\/www.sonoraenequipo.com.mx\/storage\/2020\/11\/camellon-dona-Maria-3_opt.jpg","type":"image\/jpeg"}],"author":"enequipo","twitter_card":"summary_large_image","twitter_creator":"@sonoraenequipo","twitter_site":"@sonoraenequipo","twitter_misc":{"Escrito por":"enequipo","Tiempo de lectura":"1 minuto"},"schema":{"@context":"https:\/\/schema.org","@graph":[{"@type":"Article","@id":"https:\/\/www.sonoraenequipo.com.mx\/hermosillo-adopta-coyotas-dona-maria-lopez-portillo-tramo-de-camellon\/#article","isPartOf":{"@id":"https:\/\/www.sonoraenequipo.com.mx\/hermosillo-adopta-coyotas-dona-maria-lopez-portillo-tramo-de-camellon\/"},"author":{"name":"enequipo","@id":"https:\/\/www.sonoraenequipo.com.mx\/#\/schema\/person\/50102df0fb23a8fa9e8effad8fa81386"},"headline":"HERMOSILLO. Adopta Coyotas Do\u00f1a Mar\u00eda L\u00f3pez Portillo tramo de camell\u00f3n","datePublished":"2020-11-14T22:00:59+00:00","dateModified":"2020-11-15T01:17:45+00:00","mainEntityOfPage":{"@id":"https:\/\/www.sonoraenequipo.com.mx\/hermosillo-adopta-coyotas-dona-maria-lopez-portillo-tramo-de-camellon\/"},"wordCount":269,"commentCount":0,"publisher":{"@id":"https:\/\/www.sonoraenequipo.com.mx\/#organization"},"image":{"@id":"https:\/\/www.sonoraenequipo.com.mx\/hermosillo-adopta-coyotas-dona-maria-lopez-portillo-tramo-de-camellon\/#primaryimage"},"thumbnailUrl":"https:\/\/www.sonoraenequipo.com.mx\/storage\/2020\/11\/camellon-dona-Maria-3_opt.jpg","articleSection":["Municipios"],"inLanguage":"es","potentialAction":[{"@type":"CommentAction","name":"Comment","target":["https:\/\/www.sonoraenequipo.com.mx\/hermosillo-adopta-coyotas-dona-maria-lopez-portillo-tramo-de-camellon\/#respond"]}]},{"@type":"WebPage","@id":"https:\/\/www.sonoraenequipo.com.mx\/hermosillo-adopta-coyotas-dona-maria-lopez-portillo-tramo-de-camellon\/","url":"https:\/\/www.sonoraenequipo.com.mx\/hermosillo-adopta-coyotas-dona-maria-lopez-portillo-tramo-de-camellon\/","name":"Sonora en Equipo. HERMOSILLO. Adopta Coyotas Do\u00f1a Mar\u00eda L\u00f3pez Portillo tramo de camell\u00f3n Municipios","isPartOf":{"@id":"https:\/\/www.sonoraenequipo.com.mx\/#website"},"primaryImageOfPage":{"@id":"https:\/\/www.sonoraenequipo.com.mx\/hermosillo-adopta-coyotas-dona-maria-lopez-portillo-tramo-de-camellon\/#primaryimage"},"image":{"@id":"https:\/\/www.sonoraenequipo.com.mx\/hermosillo-adopta-coyotas-dona-maria-lopez-portillo-tramo-de-camellon\/#primaryimage"},"thumbnailUrl":"https:\/\/www.sonoraenequipo.com.mx\/storage\/2020\/11\/camellon-dona-Maria-3_opt.jpg","datePublished":"2020-11-14T22:00:59+00:00","dateModified":"2020-11-15T01:17:45+00:00","description":"HERMOSILLO, SONORA. MX. \u2014 Propietarios de Coyotas Do\u00f1a Mar\u00eda L\u00f3pez Portillo se sumaron al programa de adopci\u00f3n de camellones del Gobierno Municipal, con En Sonora en Equipo publicamos toda la informaci\u00f3n de Sonora, M\u00e9xico y el Mundo de manera oportuna y busca que la libertad de expresi\u00f3n sea real. Visita nuestro medio informativo publicado desde Hermosillo, Sonora. %","breadcrumb":{"@id":"https:\/\/www.sonoraenequipo.com.mx\/hermosillo-adopta-coyotas-dona-maria-lopez-portillo-tramo-de-camellon\/#breadcrumb"},"inLanguage":"es","potentialAction":[{"@type":"ReadAction","target":["https:\/\/www.sonoraenequipo.com.mx\/hermosillo-adopta-coyotas-dona-maria-lopez-portillo-tramo-de-camellon\/"]}]},{"@type":"ImageObject","inLanguage":"es","@id":"https:\/\/www.sonoraenequipo.com.mx\/hermosillo-adopta-coyotas-dona-maria-lopez-portillo-tramo-de-camellon\/#primaryimage","url":"https:\/\/www.sonoraenequipo.com.mx\/storage\/2020\/11\/camellon-dona-Maria-3_opt.jpg","contentUrl":"https:\/\/www.sonoraenequipo.com.mx\/storage\/2020\/11\/camellon-dona-Maria-3_opt.jpg","width":600,"height":400},{"@type":"BreadcrumbList","@id":"https:\/\/www.sonoraenequipo.com.mx\/hermosillo-adopta-coyotas-dona-maria-lopez-portillo-tramo-de-camellon\/#breadcrumb","itemListElement":[{"@type":"ListItem","position":1,"name":"Portada","item":"https:\/\/www.sonoraenequipo.com.mx\/"},{"@type":"ListItem","position":2,"name":"HERMOSILLO. Adopta Coyotas Do\u00f1a Mar\u00eda L\u00f3pez Portillo tramo de camell\u00f3n"}]},{"@type":"WebSite","@id":"https:\/\/www.sonoraenequipo.com.mx\/#website","url":"https:\/\/www.sonoraenequipo.com.mx\/","name":"Sonora en Equipo.","description":"Diario en l\u00ednea con Noticias desde Hermosillo, Sonora","publisher":{"@id":"https:\/\/www.sonoraenequipo.com.mx\/#organization"},"potentialAction":[{"@type":"SearchAction","target":{"@type":"EntryPoint","urlTemplate":"https:\/\/www.sonoraenequipo.com.mx\/?s={search_term_string}"},"query-input":{"@type":"PropertyValueSpecification","valueRequired":true,"valueName":"search_term_string"}}],"inLanguage":"es"},{"@type":"Organization","@id":"https:\/\/www.sonoraenequipo.com.mx\/#organization","name":"Sonoraenequipo.com.mx","url":"https:\/\/www.sonoraenequipo.com.mx\/","logo":{"@type":"ImageObject","inLanguage":"es","@id":"https:\/\/www.sonoraenequipo.com.mx\/#\/schema\/logo\/image\/","url":"https:\/\/www.sonoraenequipo.com.mx\/storage\/2019\/01\/sonoraenequipo_opt.png","contentUrl":"https:\/\/www.sonoraenequipo.com.mx\/storage\/2019\/01\/sonoraenequipo_opt.png","width":375,"height":125,"caption":"Sonoraenequipo.com.mx"},"image":{"@id":"https:\/\/www.sonoraenequipo.com.mx\/#\/schema\/logo\/image\/"},"sameAs":["https:\/\/www.facebook.com\/SonoraEE\/","https:\/\/x.com\/sonoraenequipo","https:\/\/www.youtube.com\/channel\/UC338nW-lPEYmJQs4ZABQ1SQ"]},{"@type":"Person","@id":"https:\/\/www.sonoraenequipo.com.mx\/#\/schema\/person\/50102df0fb23a8fa9e8effad8fa81386","name":"enequipo","image":{"@type":"ImageObject","inLanguage":"es","@id":"https:\/\/www.sonoraenequipo.com.mx\/#\/schema\/person\/image\/","url":"https:\/\/secure.gravatar.com\/avatar\/049821681b589dabc0bc20695993ccebb09f5b5d4d790cd9251b97faac7c652b?s=96&d=blank&r=g","contentUrl":"https:\/\/secure.gravatar.com\/avatar\/049821681b589dabc0bc20695993ccebb09f5b5d4d790cd9251b97faac7c652b?s=96&d=blank&r=g","caption":"enequipo"},"sameAs":["https:\/\/www.facebook.com\/SonoraEE"]}]}},"jetpack_featured_media_url":"https:\/\/www.sonoraenequipo.com.mx\/storage\/2020\/11\/camellon-dona-Maria-3_opt.jpg","_links":{"self":[{"href":"https:\/\/www.sonoraenequipo.com.mx\/api\/wp\/v2\/posts\/100327","targetHints":{"allow":["GET"]}}],"collection":[{"href":"https:\/\/www.sonoraenequipo.com.mx\/api\/wp\/v2\/posts"}],"about":[{"href":"https:\/\/www.sonoraenequipo.com.mx\/api\/wp\/v2\/types\/post"}],"author":[{"embeddable":true,"href":"https:\/\/www.sonoraenequipo.com.mx\/api\/wp\/v2\/users\/1"}],"replies":[{"embeddable":true,"href":"https:\/\/www.sonoraenequipo.com.mx\/api\/wp\/v2\/comments?post=100327"}],"version-history":[{"count":1,"href":"https:\/\/www.sonoraenequipo.com.mx\/api\/wp\/v2\/posts\/100327\/revisions"}],"predecessor-version":[{"id":100328,"href":"https:\/\/www.sonoraenequipo.com.mx\/api\/wp\/v2\/posts\/100327\/revisions\/100328"}],"wp:featuredmedia":[{"embeddable":true,"href":"https:\/\/www.sonoraenequipo.com.mx\/api\/wp\/v2\/media\/100334"}],"wp:attachment":[{"href":"https:\/\/www.sonoraenequipo.com.mx\/api\/wp\/v2\/media?parent=100327"}],"wp:term":[{"taxonomy":"category","embeddable":true,"href":"https:\/\/www.sonoraenequipo.com.mx\/api\/wp\/v2\/categories?post=100327"},{"taxonomy":"post_tag","embeddable":true,"href":"https:\/\/www.sonoraenequipo.com.mx\/api\/wp\/v2\/tags?post=100327"}],"curies":[{"name":"wp","href":"https:\/\/api.w.org\/{rel}","templated":true}]}}