{"id":100336,"date":"2020-11-14T14:00:02","date_gmt":"2020-11-14T21:00:02","guid":{"rendered":"https:\/\/www.sonoraenequipo.com.mx\/?p=100336"},"modified":"2020-11-14T18:34:54","modified_gmt":"2020-11-15T01:34:54","slug":"diputado-hector-raul-castelo-promueve-cabalgatas-como-patrimonio-intangible-de-sonora","status":"publish","type":"post","link":"https:\/\/www.sonoraenequipo.com.mx\/diputado-hector-raul-castelo-promueve-cabalgatas-como-patrimonio-intangible-de-sonora\/","title":{"rendered":"Diputado H\u00e9ctor Ra\u00fal Castelo promueve cabalgatas como patrimonio intangible de Sonora"},"content":{"rendered":"<p>HERMOSILLO, SONORA. MX. \u2014 Para conservar los or\u00edgenes y costumbres de los pueblos sonorenses, el legislador<em> Ra\u00fal \u2018Pollo\u2019 Castelo Monta\u00f1o,<\/em> de la bancada de Morena en el Congreso del Estado, hace un llamado al Gobierno del Estado para declarar las cabalgatas como patrimonio cultural intangible de Sonora, para lo cual present\u00f3 la iniciativa correspondiente.<\/p>\n<p>&nbsp;<\/p>\n<p> <\/p>\n<p>&nbsp;<\/p>\n<p>El diputado local por el distrito 15 se\u00f1al\u00f3 al hacer uso de la voz en el Pleno del Congreso del Estado que las cabalgatas se han convertido en una herramienta socio-pol\u00edtica para la manifestaci\u00f3n de temas sociales donde se busca generar un acercamiento a trav\u00e9s de la convivencia entre comunidades y el sector p\u00fablico y privado.<\/p>\n<p>&nbsp;<\/p>\n<p><em>\u201cComo representante del pueblo, mi inter\u00e9s es lograr que se reconozcan las cabalgatas como patrimonio cultural intangible de Sonora al representar una tradici\u00f3n cultural de gran arraigo que forma parte de las costumbres de nuestros pueblos\u201d,<\/em> destac\u00f3 Ra\u00fal \u2018Pollo\u2019 Castelo durante su participaci\u00f3n en el pleno del Congreso del Estado.<\/p>\n<p>&nbsp;<\/p>\n<p>Agreg\u00f3 que el concepto de patrimonio cultural no solo incluye monumentos, objetos arqueol\u00f3gicos, documentos y obras de arte, sino tambi\u00e9n \u2018patrimonio vivo\u2019 como poblaciones, indumentaria, valores, conocimientos y costumbres, en este caso las cabalgatas del Estado de Sonora, que representaron al Estado en el desfile del 20 de noviembre 2019 realizado en la ciudad de M\u00e9xico.<\/p>\n<p>&nbsp;<\/p>\n<p>Castelo Monta\u00f1o, record\u00f3 que en Cajeme se realzan alrededor de 15 cabalgatas anuales, donde han llegado a participar hasta mil 500 jinetes como el caso de la asociaci\u00f3n \u2018Con aroma de mujer\u2019 considerada actualmente como la m\u00e1s grande a nivel nacional al concentrar el mayor n\u00famero de mujeres y donde se han sumado participantes de otros pa\u00edses.<\/p>\n<p>&nbsp;<\/p>\n<p>Actualmente Estados como Campeche y Baja California Sur ya han declarado las cabalgatas como \u2018patrimonio cultural inmaterial\u2019 tal como se espera que pr\u00f3ximamente en Sonora se tome en cuenta este exhorto, mismo que atraer\u00e1 turismo a distintas comunidades del Estado.<\/p>\n<p>&nbsp;<\/p>\n<p>(Publicada el 14\/11\/2020)<\/p>\n","protected":false},"excerpt":{"rendered":"<p>HERMOSILLO, SONORA. MX. \u2014 Para conservar los or\u00edgenes y costumbres de los pueblos sonorenses, el&#8230;<\/p>\n","protected":false},"author":1,"featured_media":100333,"comment_status":"open","ping_status":"open","sticky":false,"template":"","format":"standard","meta":{"_monsterinsights_skip_tracking":false,"_monsterinsights_sitenote_active":false,"_monsterinsights_sitenote_note":"","_monsterinsights_sitenote_category":0,"footnotes":""},"categories":[22],"tags":[],"class_list":["post"],"yoast_head":" \n<title>Sonora en Equipo. Diputado H\u00e9ctor Ra\u00fal Castelo promueve cabalgatas como patrimonio intangible de Sonora Sonora<\/title>\n<meta name=\"description\" content=\"HERMOSILLO, SONORA. MX. \u2014 Para conservar los or\u00edgenes y costumbres de los pueblos sonorenses, el legislador Ra\u00fal \u2018Pollo\u2019 Castelo Monta\u00f1o, de la bancada de En Sonora en Equipo publicamos toda la informaci\u00f3n de Sonora, M\u00e9xico y el Mundo de manera oportuna y busca que la libertad de expresi\u00f3n sea real. Visita nuestro medio informativo publicado desde Hermosillo, Sonora. %\" \/>\n<meta name=\"robots\" content=\"index, follow, max-snippet:-1, max-image-preview:large, max-video-preview:-1\" \/>\n<link rel=\"canonical\" href=\"https:\/\/www.sonoraenequipo.com.mx\/diputado-hector-raul-castelo-promueve-cabalgatas-como-patrimonio-intangible-de-sonora\/\" \/>\n<meta property=\"og:locale\" content=\"es_ES\" \/>\n<meta property=\"og:type\" content=\"article\" \/>\n<meta property=\"og:title\" content=\"Sonora en Equipo. Diputado H\u00e9ctor Ra\u00fal Castelo promueve cabalgatas como patrimonio intangible de Sonora Sonora\" \/>\n<meta property=\"og:description\" content=\"HERMOSILLO, SONORA. MX. \u2014 Para conservar los or\u00edgenes y costumbres de los pueblos sonorenses, el legislador Ra\u00fal \u2018Pollo\u2019 Castelo Monta\u00f1o, de la bancada de En Sonora en Equipo publicamos toda la informaci\u00f3n de Sonora, M\u00e9xico y el Mundo de manera oportuna y busca que la libertad de expresi\u00f3n sea real. Visita nuestro medio informativo publicado desde Hermosillo, Sonora. %\" \/>\n<meta property=\"og:url\" content=\"https:\/\/www.sonoraenequipo.com.mx\/diputado-hector-raul-castelo-promueve-cabalgatas-como-patrimonio-intangible-de-sonora\/\" \/>\n<meta property=\"og:site_name\" content=\"Sonora en Equipo.\" \/>\n<meta property=\"article:publisher\" content=\"https:\/\/www.facebook.com\/SonoraEE\/\" \/>\n<meta property=\"article:author\" content=\"https:\/\/www.facebook.com\/SonoraEE\" \/>\n<meta property=\"article:published_time\" content=\"2020-11-14T21:00:02+00:00\" \/>\n<meta property=\"article:modified_time\" content=\"2020-11-15T01:34:54+00:00\" \/>\n<meta property=\"og:image\" content=\"https:\/\/www.sonoraenequipo.com.mx\/storage\/2020\/11\/Cabalgata-en-Sonora_opt.jpg\" \/>\n\t<meta property=\"og:image:width\" content=\"610\" \/>\n\t<meta property=\"og:image:height\" content=\"400\" \/>\n\t<meta property=\"og:image:type\" content=\"image\/jpeg\" \/>\n<meta name=\"author\" content=\"enequipo\" \/>\n<meta name=\"twitter:card\" content=\"summary_large_image\" \/>\n<meta name=\"twitter:creator\" content=\"@sonoraenequipo\" \/>\n<meta name=\"twitter:site\" content=\"@sonoraenequipo\" \/>\n<meta name=\"twitter:label1\" content=\"Escrito por\" \/>\n\t<meta name=\"twitter:data1\" content=\"enequipo\" \/>\n\t<meta name=\"twitter:label2\" content=\"Tiempo de lectura\" \/>\n\t<meta name=\"twitter:data2\" content=\"2 minutos\" \/>\n<script type=\"application\/ld+json\" class=\"yoast-schema-graph\">{\"@context\":\"https:\/\/schema.org\",\"@graph\":[{\"@type\":\"Article\",\"@id\":\"https:\/\/www.sonoraenequipo.com.mx\/diputado-hector-raul-castelo-promueve-cabalgatas-como-patrimonio-intangible-de-sonora\/#article\",\"isPartOf\":{\"@id\":\"https:\/\/www.sonoraenequipo.com.mx\/diputado-hector-raul-castelo-promueve-cabalgatas-como-patrimonio-intangible-de-sonora\/\"},\"author\":{\"name\":\"enequipo\",\"@id\":\"https:\/\/www.sonoraenequipo.com.mx\/#\/schema\/person\/50102df0fb23a8fa9e8effad8fa81386\"},\"headline\":\"Diputado H\u00e9ctor Ra\u00fal Castelo promueve cabalgatas como patrimonio intangible de Sonora\",\"datePublished\":\"2020-11-14T21:00:02+00:00\",\"dateModified\":\"2020-11-15T01:34:54+00:00\",\"mainEntityOfPage\":{\"@id\":\"https:\/\/www.sonoraenequipo.com.mx\/diputado-hector-raul-castelo-promueve-cabalgatas-como-patrimonio-intangible-de-sonora\/\"},\"wordCount\":350,\"commentCount\":0,\"publisher\":{\"@id\":\"https:\/\/www.sonoraenequipo.com.mx\/#organization\"},\"image\":{\"@id\":\"https:\/\/www.sonoraenequipo.com.mx\/diputado-hector-raul-castelo-promueve-cabalgatas-como-patrimonio-intangible-de-sonora\/#primaryimage\"},\"thumbnailUrl\":\"https:\/\/www.sonoraenequipo.com.mx\/storage\/2020\/11\/Cabalgata-en-Sonora_opt.jpg\",\"articleSection\":[\"Sonora\"],\"inLanguage\":\"es\",\"potentialAction\":[{\"@type\":\"CommentAction\",\"name\":\"Comment\",\"target\":[\"https:\/\/www.sonoraenequipo.com.mx\/diputado-hector-raul-castelo-promueve-cabalgatas-como-patrimonio-intangible-de-sonora\/#respond\"]}]},{\"@type\":\"WebPage\",\"@id\":\"https:\/\/www.sonoraenequipo.com.mx\/diputado-hector-raul-castelo-promueve-cabalgatas-como-patrimonio-intangible-de-sonora\/\",\"url\":\"https:\/\/www.sonoraenequipo.com.mx\/diputado-hector-raul-castelo-promueve-cabalgatas-como-patrimonio-intangible-de-sonora\/\",\"name\":\"Sonora en Equipo. Diputado H\u00e9ctor Ra\u00fal Castelo promueve cabalgatas como patrimonio intangible de Sonora Sonora\",\"isPartOf\":{\"@id\":\"https:\/\/www.sonoraenequipo.com.mx\/#website\"},\"primaryImageOfPage\":{\"@id\":\"https:\/\/www.sonoraenequipo.com.mx\/diputado-hector-raul-castelo-promueve-cabalgatas-como-patrimonio-intangible-de-sonora\/#primaryimage\"},\"image\":{\"@id\":\"https:\/\/www.sonoraenequipo.com.mx\/diputado-hector-raul-castelo-promueve-cabalgatas-como-patrimonio-intangible-de-sonora\/#primaryimage\"},\"thumbnailUrl\":\"https:\/\/www.sonoraenequipo.com.mx\/storage\/2020\/11\/Cabalgata-en-Sonora_opt.jpg\",\"datePublished\":\"2020-11-14T21:00:02+00:00\",\"dateModified\":\"2020-11-15T01:34:54+00:00\",\"description\":\"HERMOSILLO, SONORA. MX. \u2014 Para conservar los or\u00edgenes y costumbres de los pueblos sonorenses, el legislador Ra\u00fal \u2018Pollo\u2019 Castelo Monta\u00f1o, de la bancada de En Sonora en Equipo publicamos toda la informaci\u00f3n de Sonora, M\u00e9xico y el Mundo de manera oportuna y busca que la libertad de expresi\u00f3n sea real. Visita nuestro medio informativo publicado desde Hermosillo, Sonora. %\",\"breadcrumb\":{\"@id\":\"https:\/\/www.sonoraenequipo.com.mx\/diputado-hector-raul-castelo-promueve-cabalgatas-como-patrimonio-intangible-de-sonora\/#breadcrumb\"},\"inLanguage\":\"es\",\"potentialAction\":[{\"@type\":\"ReadAction\",\"target\":[\"https:\/\/www.sonoraenequipo.com.mx\/diputado-hector-raul-castelo-promueve-cabalgatas-como-patrimonio-intangible-de-sonora\/\"]}]},{\"@type\":\"ImageObject\",\"inLanguage\":\"es\",\"@id\":\"https:\/\/www.sonoraenequipo.com.mx\/diputado-hector-raul-castelo-promueve-cabalgatas-como-patrimonio-intangible-de-sonora\/#primaryimage\",\"url\":\"https:\/\/www.sonoraenequipo.com.mx\/storage\/2020\/11\/Cabalgata-en-Sonora_opt.jpg\",\"contentUrl\":\"https:\/\/www.sonoraenequipo.com.mx\/storage\/2020\/11\/Cabalgata-en-Sonora_opt.jpg\",\"width\":610,\"height\":400},{\"@type\":\"BreadcrumbList\",\"@id\":\"https:\/\/www.sonoraenequipo.com.mx\/diputado-hector-raul-castelo-promueve-cabalgatas-como-patrimonio-intangible-de-sonora\/#breadcrumb\",\"itemListElement\":[{\"@type\":\"ListItem\",\"position\":1,\"name\":\"Portada\",\"item\":\"https:\/\/www.sonoraenequipo.com.mx\/\"},{\"@type\":\"ListItem\",\"position\":2,\"name\":\"Diputado H\u00e9ctor Ra\u00fal Castelo promueve cabalgatas como patrimonio intangible de Sonora\"}]},{\"@type\":\"WebSite\",\"@id\":\"https:\/\/www.sonoraenequipo.com.mx\/#website\",\"url\":\"https:\/\/www.sonoraenequipo.com.mx\/\",\"name\":\"Sonora en Equipo.\",\"description\":\"Diario en l\u00ednea con Noticias desde Hermosillo, Sonora\",\"publisher\":{\"@id\":\"https:\/\/www.sonoraenequipo.com.mx\/#organization\"},\"potentialAction\":[{\"@type\":\"SearchAction\",\"target\":{\"@type\":\"EntryPoint\",\"urlTemplate\":\"https:\/\/www.sonoraenequipo.com.mx\/?s={search_term_string}\"},\"query-input\":{\"@type\":\"PropertyValueSpecification\",\"valueRequired\":true,\"valueName\":\"search_term_string\"}}],\"inLanguage\":\"es\"},{\"@type\":\"Organization\",\"@id\":\"https:\/\/www.sonoraenequipo.com.mx\/#organization\",\"name\":\"Sonoraenequipo.com.mx\",\"url\":\"https:\/\/www.sonoraenequipo.com.mx\/\",\"logo\":{\"@type\":\"ImageObject\",\"inLanguage\":\"es\",\"@id\":\"https:\/\/www.sonoraenequipo.com.mx\/#\/schema\/logo\/image\/\",\"url\":\"https:\/\/www.sonoraenequipo.com.mx\/storage\/2019\/01\/sonoraenequipo_opt.png\",\"contentUrl\":\"https:\/\/www.sonoraenequipo.com.mx\/storage\/2019\/01\/sonoraenequipo_opt.png\",\"width\":375,\"height\":125,\"caption\":\"Sonoraenequipo.com.mx\"},\"image\":{\"@id\":\"https:\/\/www.sonoraenequipo.com.mx\/#\/schema\/logo\/image\/\"},\"sameAs\":[\"https:\/\/www.facebook.com\/SonoraEE\/\",\"https:\/\/x.com\/sonoraenequipo\",\"https:\/\/www.youtube.com\/channel\/UC338nW-lPEYmJQs4ZABQ1SQ\"]},{\"@type\":\"Person\",\"@id\":\"https:\/\/www.sonoraenequipo.com.mx\/#\/schema\/person\/50102df0fb23a8fa9e8effad8fa81386\",\"name\":\"enequipo\",\"image\":{\"@type\":\"ImageObject\",\"inLanguage\":\"es\",\"@id\":\"https:\/\/www.sonoraenequipo.com.mx\/#\/schema\/person\/image\/\",\"url\":\"https:\/\/secure.gravatar.com\/avatar\/049821681b589dabc0bc20695993ccebb09f5b5d4d790cd9251b97faac7c652b?s=96&d=blank&r=g\",\"contentUrl\":\"https:\/\/secure.gravatar.com\/avatar\/049821681b589dabc0bc20695993ccebb09f5b5d4d790cd9251b97faac7c652b?s=96&d=blank&r=g\",\"caption\":\"enequipo\"},\"sameAs\":[\"https:\/\/www.facebook.com\/SonoraEE\"]}]}<\/script>\n ","yoast_head_json":{"title":"Sonora en Equipo. Diputado H\u00e9ctor Ra\u00fal Castelo promueve cabalgatas como patrimonio intangible de Sonora Sonora","description":"HERMOSILLO, SONORA. MX. \u2014 Para conservar los or\u00edgenes y costumbres de los pueblos sonorenses, el legislador Ra\u00fal \u2018Pollo\u2019 Castelo Monta\u00f1o, de la bancada de En Sonora en Equipo publicamos toda la informaci\u00f3n de Sonora, M\u00e9xico y el Mundo de manera oportuna y busca que la libertad de expresi\u00f3n sea real. Visita nuestro medio informativo publicado desde Hermosillo, Sonora. %","robots":{"index":"index","follow":"follow","max-snippet":"max-snippet:-1","max-image-preview":"max-image-preview:large","max-video-preview":"max-video-preview:-1"},"canonical":"https:\/\/www.sonoraenequipo.com.mx\/diputado-hector-raul-castelo-promueve-cabalgatas-como-patrimonio-intangible-de-sonora\/","og_locale":"es_ES","og_type":"article","og_title":"Sonora en Equipo. Diputado H\u00e9ctor Ra\u00fal Castelo promueve cabalgatas como patrimonio intangible de Sonora Sonora","og_description":"HERMOSILLO, SONORA. MX. \u2014 Para conservar los or\u00edgenes y costumbres de los pueblos sonorenses, el legislador Ra\u00fal \u2018Pollo\u2019 Castelo Monta\u00f1o, de la bancada de En Sonora en Equipo publicamos toda la informaci\u00f3n de Sonora, M\u00e9xico y el Mundo de manera oportuna y busca que la libertad de expresi\u00f3n sea real. Visita nuestro medio informativo publicado desde Hermosillo, Sonora. %","og_url":"https:\/\/www.sonoraenequipo.com.mx\/diputado-hector-raul-castelo-promueve-cabalgatas-como-patrimonio-intangible-de-sonora\/","og_site_name":"Sonora en Equipo.","article_publisher":"https:\/\/www.facebook.com\/SonoraEE\/","article_author":"https:\/\/www.facebook.com\/SonoraEE","article_published_time":"2020-11-14T21:00:02+00:00","article_modified_time":"2020-11-15T01:34:54+00:00","og_image":[{"width":610,"height":400,"url":"https:\/\/www.sonoraenequipo.com.mx\/storage\/2020\/11\/Cabalgata-en-Sonora_opt.jpg","type":"image\/jpeg"}],"author":"enequipo","twitter_card":"summary_large_image","twitter_creator":"@sonoraenequipo","twitter_site":"@sonoraenequipo","twitter_misc":{"Escrito por":"enequipo","Tiempo de lectura":"2 minutos"},"schema":{"@context":"https:\/\/schema.org","@graph":[{"@type":"Article","@id":"https:\/\/www.sonoraenequipo.com.mx\/diputado-hector-raul-castelo-promueve-cabalgatas-como-patrimonio-intangible-de-sonora\/#article","isPartOf":{"@id":"https:\/\/www.sonoraenequipo.com.mx\/diputado-hector-raul-castelo-promueve-cabalgatas-como-patrimonio-intangible-de-sonora\/"},"author":{"name":"enequipo","@id":"https:\/\/www.sonoraenequipo.com.mx\/#\/schema\/person\/50102df0fb23a8fa9e8effad8fa81386"},"headline":"Diputado H\u00e9ctor Ra\u00fal Castelo promueve cabalgatas como patrimonio intangible de Sonora","datePublished":"2020-11-14T21:00:02+00:00","dateModified":"2020-11-15T01:34:54+00:00","mainEntityOfPage":{"@id":"https:\/\/www.sonoraenequipo.com.mx\/diputado-hector-raul-castelo-promueve-cabalgatas-como-patrimonio-intangible-de-sonora\/"},"wordCount":350,"commentCount":0,"publisher":{"@id":"https:\/\/www.sonoraenequipo.com.mx\/#organization"},"image":{"@id":"https:\/\/www.sonoraenequipo.com.mx\/diputado-hector-raul-castelo-promueve-cabalgatas-como-patrimonio-intangible-de-sonora\/#primaryimage"},"thumbnailUrl":"https:\/\/www.sonoraenequipo.com.mx\/storage\/2020\/11\/Cabalgata-en-Sonora_opt.jpg","articleSection":["Sonora"],"inLanguage":"es","potentialAction":[{"@type":"CommentAction","name":"Comment","target":["https:\/\/www.sonoraenequipo.com.mx\/diputado-hector-raul-castelo-promueve-cabalgatas-como-patrimonio-intangible-de-sonora\/#respond"]}]},{"@type":"WebPage","@id":"https:\/\/www.sonoraenequipo.com.mx\/diputado-hector-raul-castelo-promueve-cabalgatas-como-patrimonio-intangible-de-sonora\/","url":"https:\/\/www.sonoraenequipo.com.mx\/diputado-hector-raul-castelo-promueve-cabalgatas-como-patrimonio-intangible-de-sonora\/","name":"Sonora en Equipo. Diputado H\u00e9ctor Ra\u00fal Castelo promueve cabalgatas como patrimonio intangible de Sonora Sonora","isPartOf":{"@id":"https:\/\/www.sonoraenequipo.com.mx\/#website"},"primaryImageOfPage":{"@id":"https:\/\/www.sonoraenequipo.com.mx\/diputado-hector-raul-castelo-promueve-cabalgatas-como-patrimonio-intangible-de-sonora\/#primaryimage"},"image":{"@id":"https:\/\/www.sonoraenequipo.com.mx\/diputado-hector-raul-castelo-promueve-cabalgatas-como-patrimonio-intangible-de-sonora\/#primaryimage"},"thumbnailUrl":"https:\/\/www.sonoraenequipo.com.mx\/storage\/2020\/11\/Cabalgata-en-Sonora_opt.jpg","datePublished":"2020-11-14T21:00:02+00:00","dateModified":"2020-11-15T01:34:54+00:00","description":"HERMOSILLO, SONORA. MX. \u2014 Para conservar los or\u00edgenes y costumbres de los pueblos sonorenses, el legislador Ra\u00fal \u2018Pollo\u2019 Castelo Monta\u00f1o, de la bancada de En Sonora en Equipo publicamos toda la informaci\u00f3n de Sonora, M\u00e9xico y el Mundo de manera oportuna y busca que la libertad de expresi\u00f3n sea real. Visita nuestro medio informativo publicado desde Hermosillo, Sonora. %","breadcrumb":{"@id":"https:\/\/www.sonoraenequipo.com.mx\/diputado-hector-raul-castelo-promueve-cabalgatas-como-patrimonio-intangible-de-sonora\/#breadcrumb"},"inLanguage":"es","potentialAction":[{"@type":"ReadAction","target":["https:\/\/www.sonoraenequipo.com.mx\/diputado-hector-raul-castelo-promueve-cabalgatas-como-patrimonio-intangible-de-sonora\/"]}]},{"@type":"ImageObject","inLanguage":"es","@id":"https:\/\/www.sonoraenequipo.com.mx\/diputado-hector-raul-castelo-promueve-cabalgatas-como-patrimonio-intangible-de-sonora\/#primaryimage","url":"https:\/\/www.sonoraenequipo.com.mx\/storage\/2020\/11\/Cabalgata-en-Sonora_opt.jpg","contentUrl":"https:\/\/www.sonoraenequipo.com.mx\/storage\/2020\/11\/Cabalgata-en-Sonora_opt.jpg","width":610,"height":400},{"@type":"BreadcrumbList","@id":"https:\/\/www.sonoraenequipo.com.mx\/diputado-hector-raul-castelo-promueve-cabalgatas-como-patrimonio-intangible-de-sonora\/#breadcrumb","itemListElement":[{"@type":"ListItem","position":1,"name":"Portada","item":"https:\/\/www.sonoraenequipo.com.mx\/"},{"@type":"ListItem","position":2,"name":"Diputado H\u00e9ctor Ra\u00fal Castelo promueve cabalgatas como patrimonio intangible de Sonora"}]},{"@type":"WebSite","@id":"https:\/\/www.sonoraenequipo.com.mx\/#website","url":"https:\/\/www.sonoraenequipo.com.mx\/","name":"Sonora en Equipo.","description":"Diario en l\u00ednea con Noticias desde Hermosillo, Sonora","publisher":{"@id":"https:\/\/www.sonoraenequipo.com.mx\/#organization"},"potentialAction":[{"@type":"SearchAction","target":{"@type":"EntryPoint","urlTemplate":"https:\/\/www.sonoraenequipo.com.mx\/?s={search_term_string}"},"query-input":{"@type":"PropertyValueSpecification","valueRequired":true,"valueName":"search_term_string"}}],"inLanguage":"es"},{"@type":"Organization","@id":"https:\/\/www.sonoraenequipo.com.mx\/#organization","name":"Sonoraenequipo.com.mx","url":"https:\/\/www.sonoraenequipo.com.mx\/","logo":{"@type":"ImageObject","inLanguage":"es","@id":"https:\/\/www.sonoraenequipo.com.mx\/#\/schema\/logo\/image\/","url":"https:\/\/www.sonoraenequipo.com.mx\/storage\/2019\/01\/sonoraenequipo_opt.png","contentUrl":"https:\/\/www.sonoraenequipo.com.mx\/storage\/2019\/01\/sonoraenequipo_opt.png","width":375,"height":125,"caption":"Sonoraenequipo.com.mx"},"image":{"@id":"https:\/\/www.sonoraenequipo.com.mx\/#\/schema\/logo\/image\/"},"sameAs":["https:\/\/www.facebook.com\/SonoraEE\/","https:\/\/x.com\/sonoraenequipo","https:\/\/www.youtube.com\/channel\/UC338nW-lPEYmJQs4ZABQ1SQ"]},{"@type":"Person","@id":"https:\/\/www.sonoraenequipo.com.mx\/#\/schema\/person\/50102df0fb23a8fa9e8effad8fa81386","name":"enequipo","image":{"@type":"ImageObject","inLanguage":"es","@id":"https:\/\/www.sonoraenequipo.com.mx\/#\/schema\/person\/image\/","url":"https:\/\/secure.gravatar.com\/avatar\/049821681b589dabc0bc20695993ccebb09f5b5d4d790cd9251b97faac7c652b?s=96&d=blank&r=g","contentUrl":"https:\/\/secure.gravatar.com\/avatar\/049821681b589dabc0bc20695993ccebb09f5b5d4d790cd9251b97faac7c652b?s=96&d=blank&r=g","caption":"enequipo"},"sameAs":["https:\/\/www.facebook.com\/SonoraEE"]}]}},"jetpack_featured_media_url":"https:\/\/www.sonoraenequipo.com.mx\/storage\/2020\/11\/Cabalgata-en-Sonora_opt.jpg","_links":{"self":[{"href":"https:\/\/www.sonoraenequipo.com.mx\/api\/wp\/v2\/posts\/100336","targetHints":{"allow":["GET"]}}],"collection":[{"href":"https:\/\/www.sonoraenequipo.com.mx\/api\/wp\/v2\/posts"}],"about":[{"href":"https:\/\/www.sonoraenequipo.com.mx\/api\/wp\/v2\/types\/post"}],"author":[{"embeddable":true,"href":"https:\/\/www.sonoraenequipo.com.mx\/api\/wp\/v2\/users\/1"}],"replies":[{"embeddable":true,"href":"https:\/\/www.sonoraenequipo.com.mx\/api\/wp\/v2\/comments?post=100336"}],"version-history":[{"count":2,"href":"https:\/\/www.sonoraenequipo.com.mx\/api\/wp\/v2\/posts\/100336\/revisions"}],"predecessor-version":[{"id":100338,"href":"https:\/\/www.sonoraenequipo.com.mx\/api\/wp\/v2\/posts\/100336\/revisions\/100338"}],"wp:featuredmedia":[{"embeddable":true,"href":"https:\/\/www.sonoraenequipo.com.mx\/api\/wp\/v2\/media\/100333"}],"wp:attachment":[{"href":"https:\/\/www.sonoraenequipo.com.mx\/api\/wp\/v2\/media?parent=100336"}],"wp:term":[{"taxonomy":"category","embeddable":true,"href":"https:\/\/www.sonoraenequipo.com.mx\/api\/wp\/v2\/categories?post=100336"},{"taxonomy":"post_tag","embeddable":true,"href":"https:\/\/www.sonoraenequipo.com.mx\/api\/wp\/v2\/tags?post=100336"}],"curies":[{"name":"wp","href":"https:\/\/api.w.org\/{rel}","templated":true}]}}