{"id":100340,"date":"2020-11-14T13:45:59","date_gmt":"2020-11-14T20:45:59","guid":{"rendered":"https:\/\/www.sonoraenequipo.com.mx\/?p=100340"},"modified":"2020-11-14T18:48:41","modified_gmt":"2020-11-15T01:48:41","slug":"anuncia-icatson-periodo-de-inscripciones-a-cursos-en-linea","status":"publish","type":"post","link":"https:\/\/www.sonoraenequipo.com.mx\/anuncia-icatson-periodo-de-inscripciones-a-cursos-en-linea\/","title":{"rendered":"Anuncia Icatson periodo de inscripciones a cursos en l\u00ednea"},"content":{"rendered":"<p>HERMOSILLO, SONORA.MX. \u2014<strong> Del 17 de noviembre al 18 de diciembre todo sonorense mayor de 15 a\u00f1os que desee capacitarse en alg\u00fan oficio o actividad nueva a fin de enriquecer sus conocimientos y habilidades para la vida o ampliar su capacidad laboral, podr\u00e1 inscribirse a los cursos en l\u00ednea que ofrece el Instituto de Capacitaci\u00f3n para el Trabajo (Icatson).<\/strong><\/p>\n<p>&nbsp;<\/p>\n<p>&nbsp;<\/p>\n<p> <\/p>\n<p>&nbsp;<\/p>\n<p>Edmundo Campa Araiza, director general de Icatson resalt\u00f3 que la oferta educativa de m\u00e1s de 30 especialidades contin\u00faa innov\u00e1ndose al abrir cursos de capacitaci\u00f3n como el de \u201cPadres de familia en atenci\u00f3n y cuidados de sus hijos con discapacidad\u201d.<\/p>\n<p>&nbsp;<\/p>\n<p>Campa Araiza coment\u00f3 que es prioridad del gobierno de Claudia Pavlovich apoyar a las familias que cuentan con alg\u00fan integrante con capacidades diferentes y agradeci\u00f3 el apoyo y la colaboraci\u00f3n de Karina Z\u00e1rate, directora de DIF Sonora para hacer realidad este nuevo curso.<\/p>\n<p>&nbsp;<\/p>\n<p><strong>Las clases que iniciar\u00e1n el pr\u00f3ximo lunes 30 de noviembre,<\/strong> ser\u00e1n impartidas por instructores capacitados y certificados en Asistencia Educativa, tendr\u00e1n una duraci\u00f3n de 30 horas y un costo de $400 pesos.<\/p>\n<p>&nbsp;<\/p>\n<p>El Instituto de Capacitaci\u00f3n para el Trabajo de Sonora, dijo, ofrece tambi\u00e9n la opci\u00f3n de Cursos R\u00e1pidos que son en l\u00ednea y tienen una duraci\u00f3n de 20 horas.<\/p>\n<p><strong>Esta nueva modalidad de Icatson cuenta con cursos nuevos como el de Primer Respondiente, cuyo contenido abarca desde primeros auxilios b\u00e1sico, resucitaci\u00f3n cardiopulmonar (RCP), t\u00e9cnicas para actuar ante una emergencia y c\u00f3mo apoyar a un posible lesionado.<\/strong><\/p>\n<p>&nbsp;<\/p>\n<p>Adem\u00e1s, est\u00e1n disponibles tambi\u00e9n los <strong>cursos de Marketing por redes sociales para tu negocio; Elaboraci\u00f3n de desinfectantes; Cocina sonorense; Cocina saludable en tiempos de COVID; Automaquillaje; Asistencia Educativa para padres de familia; Lengua de se\u00f1as mexicana; Elaboraci\u00f3n de jabones artesanales; Galleter\u00eda; Grill B\u00e1sico y Conservas caseras.<\/strong><\/p>\n<p>&nbsp;<\/p>\n<p>Edmundo Campa recalc\u00f3 que gracias a las gestiones de la Gobernadora Claudia Pavlovich es posible entregar becas completas de capacitaci\u00f3n laboral al sector vulnerable de parte del Instituto de Becas y Cr\u00e9dito Educativo del Estado de Sonora.<\/p>\n<p>&nbsp;<\/p>\n<p>Los datos de contacto para inscribirse a los cursos de Icatson son:<br \/>\nLada gratuita:<strong> 800 942 2870<\/strong>, correo <a href=\"mailto:cursosrapidosicatson@gmail.com\"><strong>cursosrapidosicatson@gmail.com<\/strong> <\/a>y <strong>whatsapp 6624617357.<\/strong><\/p>\n<p>&nbsp;<\/p>\n<p>(Publicada el 14\/11\/2020)<\/p>\n","protected":false},"excerpt":{"rendered":"<p>HERMOSILLO, SONORA.MX. \u2014 Del 17 de noviembre al 18 de diciembre todo sonorense mayor de&#8230;<\/p>\n","protected":false},"author":1,"featured_media":100341,"comment_status":"open","ping_status":"open","sticky":false,"template":"","format":"standard","meta":{"_monsterinsights_skip_tracking":false,"_monsterinsights_sitenote_active":false,"_monsterinsights_sitenote_note":"","_monsterinsights_sitenote_category":0,"footnotes":""},"categories":[22],"tags":[],"class_list":["post"],"yoast_head":" \n<title>Sonora en Equipo. Anuncia Icatson periodo de inscripciones a cursos en l\u00ednea Sonora<\/title>\n<meta name=\"description\" content=\"HERMOSILLO, SONORA.MX. \u2014 Del 17 de noviembre al 18 de diciembre todo sonorense mayor de 15 a\u00f1os que desee capacitarse en alg\u00fan oficio o actividad nueva a En Sonora en Equipo publicamos toda la informaci\u00f3n de Sonora, M\u00e9xico y el Mundo de manera oportuna y busca que la libertad de expresi\u00f3n sea real. Visita nuestro medio informativo publicado desde Hermosillo, Sonora. %\" \/>\n<meta name=\"robots\" content=\"index, follow, max-snippet:-1, max-image-preview:large, max-video-preview:-1\" \/>\n<link rel=\"canonical\" href=\"https:\/\/www.sonoraenequipo.com.mx\/anuncia-icatson-periodo-de-inscripciones-a-cursos-en-linea\/\" \/>\n<meta property=\"og:locale\" content=\"es_ES\" \/>\n<meta property=\"og:type\" content=\"article\" \/>\n<meta property=\"og:title\" content=\"Sonora en Equipo. Anuncia Icatson periodo de inscripciones a cursos en l\u00ednea Sonora\" \/>\n<meta property=\"og:description\" content=\"HERMOSILLO, SONORA.MX. \u2014 Del 17 de noviembre al 18 de diciembre todo sonorense mayor de 15 a\u00f1os que desee capacitarse en alg\u00fan oficio o actividad nueva a En Sonora en Equipo publicamos toda la informaci\u00f3n de Sonora, M\u00e9xico y el Mundo de manera oportuna y busca que la libertad de expresi\u00f3n sea real. Visita nuestro medio informativo publicado desde Hermosillo, Sonora. %\" \/>\n<meta property=\"og:url\" content=\"https:\/\/www.sonoraenequipo.com.mx\/anuncia-icatson-periodo-de-inscripciones-a-cursos-en-linea\/\" \/>\n<meta property=\"og:site_name\" content=\"Sonora en Equipo.\" \/>\n<meta property=\"article:publisher\" content=\"https:\/\/www.facebook.com\/SonoraEE\/\" \/>\n<meta property=\"article:author\" content=\"https:\/\/www.facebook.com\/SonoraEE\" \/>\n<meta property=\"article:published_time\" content=\"2020-11-14T20:45:59+00:00\" \/>\n<meta property=\"article:modified_time\" content=\"2020-11-15T01:48:41+00:00\" \/>\n<meta property=\"og:image\" content=\"https:\/\/www.sonoraenequipo.com.mx\/storage\/2020\/11\/Icatson-capacitacion-estilismo-y-peluqueria_opt.jpg\" \/>\n\t<meta property=\"og:image:width\" content=\"640\" \/>\n\t<meta property=\"og:image:height\" content=\"400\" \/>\n\t<meta property=\"og:image:type\" content=\"image\/jpeg\" \/>\n<meta name=\"author\" content=\"enequipo\" \/>\n<meta name=\"twitter:card\" content=\"summary_large_image\" \/>\n<meta name=\"twitter:creator\" content=\"@sonoraenequipo\" \/>\n<meta name=\"twitter:site\" content=\"@sonoraenequipo\" \/>\n<meta name=\"twitter:label1\" content=\"Escrito por\" \/>\n\t<meta name=\"twitter:data1\" content=\"enequipo\" \/>\n\t<meta name=\"twitter:label2\" content=\"Tiempo de lectura\" \/>\n\t<meta name=\"twitter:data2\" content=\"2 minutos\" \/>\n<script type=\"application\/ld+json\" class=\"yoast-schema-graph\">{\"@context\":\"https:\/\/schema.org\",\"@graph\":[{\"@type\":\"Article\",\"@id\":\"https:\/\/www.sonoraenequipo.com.mx\/anuncia-icatson-periodo-de-inscripciones-a-cursos-en-linea\/#article\",\"isPartOf\":{\"@id\":\"https:\/\/www.sonoraenequipo.com.mx\/anuncia-icatson-periodo-de-inscripciones-a-cursos-en-linea\/\"},\"author\":{\"name\":\"enequipo\",\"@id\":\"https:\/\/www.sonoraenequipo.com.mx\/#\/schema\/person\/50102df0fb23a8fa9e8effad8fa81386\"},\"headline\":\"Anuncia Icatson periodo de inscripciones a cursos en l\u00ednea\",\"datePublished\":\"2020-11-14T20:45:59+00:00\",\"dateModified\":\"2020-11-15T01:48:41+00:00\",\"mainEntityOfPage\":{\"@id\":\"https:\/\/www.sonoraenequipo.com.mx\/anuncia-icatson-periodo-de-inscripciones-a-cursos-en-linea\/\"},\"wordCount\":392,\"commentCount\":0,\"publisher\":{\"@id\":\"https:\/\/www.sonoraenequipo.com.mx\/#organization\"},\"image\":{\"@id\":\"https:\/\/www.sonoraenequipo.com.mx\/anuncia-icatson-periodo-de-inscripciones-a-cursos-en-linea\/#primaryimage\"},\"thumbnailUrl\":\"https:\/\/www.sonoraenequipo.com.mx\/storage\/2020\/11\/Icatson-capacitacion-estilismo-y-peluqueria_opt.jpg\",\"articleSection\":[\"Sonora\"],\"inLanguage\":\"es\",\"potentialAction\":[{\"@type\":\"CommentAction\",\"name\":\"Comment\",\"target\":[\"https:\/\/www.sonoraenequipo.com.mx\/anuncia-icatson-periodo-de-inscripciones-a-cursos-en-linea\/#respond\"]}]},{\"@type\":\"WebPage\",\"@id\":\"https:\/\/www.sonoraenequipo.com.mx\/anuncia-icatson-periodo-de-inscripciones-a-cursos-en-linea\/\",\"url\":\"https:\/\/www.sonoraenequipo.com.mx\/anuncia-icatson-periodo-de-inscripciones-a-cursos-en-linea\/\",\"name\":\"Sonora en Equipo. Anuncia Icatson periodo de inscripciones a cursos en l\u00ednea Sonora\",\"isPartOf\":{\"@id\":\"https:\/\/www.sonoraenequipo.com.mx\/#website\"},\"primaryImageOfPage\":{\"@id\":\"https:\/\/www.sonoraenequipo.com.mx\/anuncia-icatson-periodo-de-inscripciones-a-cursos-en-linea\/#primaryimage\"},\"image\":{\"@id\":\"https:\/\/www.sonoraenequipo.com.mx\/anuncia-icatson-periodo-de-inscripciones-a-cursos-en-linea\/#primaryimage\"},\"thumbnailUrl\":\"https:\/\/www.sonoraenequipo.com.mx\/storage\/2020\/11\/Icatson-capacitacion-estilismo-y-peluqueria_opt.jpg\",\"datePublished\":\"2020-11-14T20:45:59+00:00\",\"dateModified\":\"2020-11-15T01:48:41+00:00\",\"description\":\"HERMOSILLO, SONORA.MX. \u2014 Del 17 de noviembre al 18 de diciembre todo sonorense mayor de 15 a\u00f1os que desee capacitarse en alg\u00fan oficio o actividad nueva a En Sonora en Equipo publicamos toda la informaci\u00f3n de Sonora, M\u00e9xico y el Mundo de manera oportuna y busca que la libertad de expresi\u00f3n sea real. Visita nuestro medio informativo publicado desde Hermosillo, Sonora. %\",\"breadcrumb\":{\"@id\":\"https:\/\/www.sonoraenequipo.com.mx\/anuncia-icatson-periodo-de-inscripciones-a-cursos-en-linea\/#breadcrumb\"},\"inLanguage\":\"es\",\"potentialAction\":[{\"@type\":\"ReadAction\",\"target\":[\"https:\/\/www.sonoraenequipo.com.mx\/anuncia-icatson-periodo-de-inscripciones-a-cursos-en-linea\/\"]}]},{\"@type\":\"ImageObject\",\"inLanguage\":\"es\",\"@id\":\"https:\/\/www.sonoraenequipo.com.mx\/anuncia-icatson-periodo-de-inscripciones-a-cursos-en-linea\/#primaryimage\",\"url\":\"https:\/\/www.sonoraenequipo.com.mx\/storage\/2020\/11\/Icatson-capacitacion-estilismo-y-peluqueria_opt.jpg\",\"contentUrl\":\"https:\/\/www.sonoraenequipo.com.mx\/storage\/2020\/11\/Icatson-capacitacion-estilismo-y-peluqueria_opt.jpg\",\"width\":640,\"height\":400},{\"@type\":\"BreadcrumbList\",\"@id\":\"https:\/\/www.sonoraenequipo.com.mx\/anuncia-icatson-periodo-de-inscripciones-a-cursos-en-linea\/#breadcrumb\",\"itemListElement\":[{\"@type\":\"ListItem\",\"position\":1,\"name\":\"Portada\",\"item\":\"https:\/\/www.sonoraenequipo.com.mx\/\"},{\"@type\":\"ListItem\",\"position\":2,\"name\":\"Anuncia Icatson periodo de inscripciones a cursos en l\u00ednea\"}]},{\"@type\":\"WebSite\",\"@id\":\"https:\/\/www.sonoraenequipo.com.mx\/#website\",\"url\":\"https:\/\/www.sonoraenequipo.com.mx\/\",\"name\":\"Sonora en Equipo.\",\"description\":\"Diario en l\u00ednea con Noticias desde Hermosillo, Sonora\",\"publisher\":{\"@id\":\"https:\/\/www.sonoraenequipo.com.mx\/#organization\"},\"potentialAction\":[{\"@type\":\"SearchAction\",\"target\":{\"@type\":\"EntryPoint\",\"urlTemplate\":\"https:\/\/www.sonoraenequipo.com.mx\/?s={search_term_string}\"},\"query-input\":{\"@type\":\"PropertyValueSpecification\",\"valueRequired\":true,\"valueName\":\"search_term_string\"}}],\"inLanguage\":\"es\"},{\"@type\":\"Organization\",\"@id\":\"https:\/\/www.sonoraenequipo.com.mx\/#organization\",\"name\":\"Sonoraenequipo.com.mx\",\"url\":\"https:\/\/www.sonoraenequipo.com.mx\/\",\"logo\":{\"@type\":\"ImageObject\",\"inLanguage\":\"es\",\"@id\":\"https:\/\/www.sonoraenequipo.com.mx\/#\/schema\/logo\/image\/\",\"url\":\"https:\/\/www.sonoraenequipo.com.mx\/storage\/2019\/01\/sonoraenequipo_opt.png\",\"contentUrl\":\"https:\/\/www.sonoraenequipo.com.mx\/storage\/2019\/01\/sonoraenequipo_opt.png\",\"width\":375,\"height\":125,\"caption\":\"Sonoraenequipo.com.mx\"},\"image\":{\"@id\":\"https:\/\/www.sonoraenequipo.com.mx\/#\/schema\/logo\/image\/\"},\"sameAs\":[\"https:\/\/www.facebook.com\/SonoraEE\/\",\"https:\/\/x.com\/sonoraenequipo\",\"https:\/\/www.youtube.com\/channel\/UC338nW-lPEYmJQs4ZABQ1SQ\"]},{\"@type\":\"Person\",\"@id\":\"https:\/\/www.sonoraenequipo.com.mx\/#\/schema\/person\/50102df0fb23a8fa9e8effad8fa81386\",\"name\":\"enequipo\",\"image\":{\"@type\":\"ImageObject\",\"inLanguage\":\"es\",\"@id\":\"https:\/\/www.sonoraenequipo.com.mx\/#\/schema\/person\/image\/\",\"url\":\"https:\/\/secure.gravatar.com\/avatar\/049821681b589dabc0bc20695993ccebb09f5b5d4d790cd9251b97faac7c652b?s=96&d=blank&r=g\",\"contentUrl\":\"https:\/\/secure.gravatar.com\/avatar\/049821681b589dabc0bc20695993ccebb09f5b5d4d790cd9251b97faac7c652b?s=96&d=blank&r=g\",\"caption\":\"enequipo\"},\"sameAs\":[\"https:\/\/www.facebook.com\/SonoraEE\"]}]}<\/script>\n ","yoast_head_json":{"title":"Sonora en Equipo. Anuncia Icatson periodo de inscripciones a cursos en l\u00ednea Sonora","description":"HERMOSILLO, SONORA.MX. \u2014 Del 17 de noviembre al 18 de diciembre todo sonorense mayor de 15 a\u00f1os que desee capacitarse en alg\u00fan oficio o actividad nueva a En Sonora en Equipo publicamos toda la informaci\u00f3n de Sonora, M\u00e9xico y el Mundo de manera oportuna y busca que la libertad de expresi\u00f3n sea real. Visita nuestro medio informativo publicado desde Hermosillo, Sonora. %","robots":{"index":"index","follow":"follow","max-snippet":"max-snippet:-1","max-image-preview":"max-image-preview:large","max-video-preview":"max-video-preview:-1"},"canonical":"https:\/\/www.sonoraenequipo.com.mx\/anuncia-icatson-periodo-de-inscripciones-a-cursos-en-linea\/","og_locale":"es_ES","og_type":"article","og_title":"Sonora en Equipo. Anuncia Icatson periodo de inscripciones a cursos en l\u00ednea Sonora","og_description":"HERMOSILLO, SONORA.MX. \u2014 Del 17 de noviembre al 18 de diciembre todo sonorense mayor de 15 a\u00f1os que desee capacitarse en alg\u00fan oficio o actividad nueva a En Sonora en Equipo publicamos toda la informaci\u00f3n de Sonora, M\u00e9xico y el Mundo de manera oportuna y busca que la libertad de expresi\u00f3n sea real. Visita nuestro medio informativo publicado desde Hermosillo, Sonora. %","og_url":"https:\/\/www.sonoraenequipo.com.mx\/anuncia-icatson-periodo-de-inscripciones-a-cursos-en-linea\/","og_site_name":"Sonora en Equipo.","article_publisher":"https:\/\/www.facebook.com\/SonoraEE\/","article_author":"https:\/\/www.facebook.com\/SonoraEE","article_published_time":"2020-11-14T20:45:59+00:00","article_modified_time":"2020-11-15T01:48:41+00:00","og_image":[{"width":640,"height":400,"url":"https:\/\/www.sonoraenequipo.com.mx\/storage\/2020\/11\/Icatson-capacitacion-estilismo-y-peluqueria_opt.jpg","type":"image\/jpeg"}],"author":"enequipo","twitter_card":"summary_large_image","twitter_creator":"@sonoraenequipo","twitter_site":"@sonoraenequipo","twitter_misc":{"Escrito por":"enequipo","Tiempo de lectura":"2 minutos"},"schema":{"@context":"https:\/\/schema.org","@graph":[{"@type":"Article","@id":"https:\/\/www.sonoraenequipo.com.mx\/anuncia-icatson-periodo-de-inscripciones-a-cursos-en-linea\/#article","isPartOf":{"@id":"https:\/\/www.sonoraenequipo.com.mx\/anuncia-icatson-periodo-de-inscripciones-a-cursos-en-linea\/"},"author":{"name":"enequipo","@id":"https:\/\/www.sonoraenequipo.com.mx\/#\/schema\/person\/50102df0fb23a8fa9e8effad8fa81386"},"headline":"Anuncia Icatson periodo de inscripciones a cursos en l\u00ednea","datePublished":"2020-11-14T20:45:59+00:00","dateModified":"2020-11-15T01:48:41+00:00","mainEntityOfPage":{"@id":"https:\/\/www.sonoraenequipo.com.mx\/anuncia-icatson-periodo-de-inscripciones-a-cursos-en-linea\/"},"wordCount":392,"commentCount":0,"publisher":{"@id":"https:\/\/www.sonoraenequipo.com.mx\/#organization"},"image":{"@id":"https:\/\/www.sonoraenequipo.com.mx\/anuncia-icatson-periodo-de-inscripciones-a-cursos-en-linea\/#primaryimage"},"thumbnailUrl":"https:\/\/www.sonoraenequipo.com.mx\/storage\/2020\/11\/Icatson-capacitacion-estilismo-y-peluqueria_opt.jpg","articleSection":["Sonora"],"inLanguage":"es","potentialAction":[{"@type":"CommentAction","name":"Comment","target":["https:\/\/www.sonoraenequipo.com.mx\/anuncia-icatson-periodo-de-inscripciones-a-cursos-en-linea\/#respond"]}]},{"@type":"WebPage","@id":"https:\/\/www.sonoraenequipo.com.mx\/anuncia-icatson-periodo-de-inscripciones-a-cursos-en-linea\/","url":"https:\/\/www.sonoraenequipo.com.mx\/anuncia-icatson-periodo-de-inscripciones-a-cursos-en-linea\/","name":"Sonora en Equipo. Anuncia Icatson periodo de inscripciones a cursos en l\u00ednea Sonora","isPartOf":{"@id":"https:\/\/www.sonoraenequipo.com.mx\/#website"},"primaryImageOfPage":{"@id":"https:\/\/www.sonoraenequipo.com.mx\/anuncia-icatson-periodo-de-inscripciones-a-cursos-en-linea\/#primaryimage"},"image":{"@id":"https:\/\/www.sonoraenequipo.com.mx\/anuncia-icatson-periodo-de-inscripciones-a-cursos-en-linea\/#primaryimage"},"thumbnailUrl":"https:\/\/www.sonoraenequipo.com.mx\/storage\/2020\/11\/Icatson-capacitacion-estilismo-y-peluqueria_opt.jpg","datePublished":"2020-11-14T20:45:59+00:00","dateModified":"2020-11-15T01:48:41+00:00","description":"HERMOSILLO, SONORA.MX. \u2014 Del 17 de noviembre al 18 de diciembre todo sonorense mayor de 15 a\u00f1os que desee capacitarse en alg\u00fan oficio o actividad nueva a En Sonora en Equipo publicamos toda la informaci\u00f3n de Sonora, M\u00e9xico y el Mundo de manera oportuna y busca que la libertad de expresi\u00f3n sea real. Visita nuestro medio informativo publicado desde Hermosillo, Sonora. %","breadcrumb":{"@id":"https:\/\/www.sonoraenequipo.com.mx\/anuncia-icatson-periodo-de-inscripciones-a-cursos-en-linea\/#breadcrumb"},"inLanguage":"es","potentialAction":[{"@type":"ReadAction","target":["https:\/\/www.sonoraenequipo.com.mx\/anuncia-icatson-periodo-de-inscripciones-a-cursos-en-linea\/"]}]},{"@type":"ImageObject","inLanguage":"es","@id":"https:\/\/www.sonoraenequipo.com.mx\/anuncia-icatson-periodo-de-inscripciones-a-cursos-en-linea\/#primaryimage","url":"https:\/\/www.sonoraenequipo.com.mx\/storage\/2020\/11\/Icatson-capacitacion-estilismo-y-peluqueria_opt.jpg","contentUrl":"https:\/\/www.sonoraenequipo.com.mx\/storage\/2020\/11\/Icatson-capacitacion-estilismo-y-peluqueria_opt.jpg","width":640,"height":400},{"@type":"BreadcrumbList","@id":"https:\/\/www.sonoraenequipo.com.mx\/anuncia-icatson-periodo-de-inscripciones-a-cursos-en-linea\/#breadcrumb","itemListElement":[{"@type":"ListItem","position":1,"name":"Portada","item":"https:\/\/www.sonoraenequipo.com.mx\/"},{"@type":"ListItem","position":2,"name":"Anuncia Icatson periodo de inscripciones a cursos en l\u00ednea"}]},{"@type":"WebSite","@id":"https:\/\/www.sonoraenequipo.com.mx\/#website","url":"https:\/\/www.sonoraenequipo.com.mx\/","name":"Sonora en Equipo.","description":"Diario en l\u00ednea con Noticias desde Hermosillo, Sonora","publisher":{"@id":"https:\/\/www.sonoraenequipo.com.mx\/#organization"},"potentialAction":[{"@type":"SearchAction","target":{"@type":"EntryPoint","urlTemplate":"https:\/\/www.sonoraenequipo.com.mx\/?s={search_term_string}"},"query-input":{"@type":"PropertyValueSpecification","valueRequired":true,"valueName":"search_term_string"}}],"inLanguage":"es"},{"@type":"Organization","@id":"https:\/\/www.sonoraenequipo.com.mx\/#organization","name":"Sonoraenequipo.com.mx","url":"https:\/\/www.sonoraenequipo.com.mx\/","logo":{"@type":"ImageObject","inLanguage":"es","@id":"https:\/\/www.sonoraenequipo.com.mx\/#\/schema\/logo\/image\/","url":"https:\/\/www.sonoraenequipo.com.mx\/storage\/2019\/01\/sonoraenequipo_opt.png","contentUrl":"https:\/\/www.sonoraenequipo.com.mx\/storage\/2019\/01\/sonoraenequipo_opt.png","width":375,"height":125,"caption":"Sonoraenequipo.com.mx"},"image":{"@id":"https:\/\/www.sonoraenequipo.com.mx\/#\/schema\/logo\/image\/"},"sameAs":["https:\/\/www.facebook.com\/SonoraEE\/","https:\/\/x.com\/sonoraenequipo","https:\/\/www.youtube.com\/channel\/UC338nW-lPEYmJQs4ZABQ1SQ"]},{"@type":"Person","@id":"https:\/\/www.sonoraenequipo.com.mx\/#\/schema\/person\/50102df0fb23a8fa9e8effad8fa81386","name":"enequipo","image":{"@type":"ImageObject","inLanguage":"es","@id":"https:\/\/www.sonoraenequipo.com.mx\/#\/schema\/person\/image\/","url":"https:\/\/secure.gravatar.com\/avatar\/049821681b589dabc0bc20695993ccebb09f5b5d4d790cd9251b97faac7c652b?s=96&d=blank&r=g","contentUrl":"https:\/\/secure.gravatar.com\/avatar\/049821681b589dabc0bc20695993ccebb09f5b5d4d790cd9251b97faac7c652b?s=96&d=blank&r=g","caption":"enequipo"},"sameAs":["https:\/\/www.facebook.com\/SonoraEE"]}]}},"jetpack_featured_media_url":"https:\/\/www.sonoraenequipo.com.mx\/storage\/2020\/11\/Icatson-capacitacion-estilismo-y-peluqueria_opt.jpg","_links":{"self":[{"href":"https:\/\/www.sonoraenequipo.com.mx\/api\/wp\/v2\/posts\/100340","targetHints":{"allow":["GET"]}}],"collection":[{"href":"https:\/\/www.sonoraenequipo.com.mx\/api\/wp\/v2\/posts"}],"about":[{"href":"https:\/\/www.sonoraenequipo.com.mx\/api\/wp\/v2\/types\/post"}],"author":[{"embeddable":true,"href":"https:\/\/www.sonoraenequipo.com.mx\/api\/wp\/v2\/users\/1"}],"replies":[{"embeddable":true,"href":"https:\/\/www.sonoraenequipo.com.mx\/api\/wp\/v2\/comments?post=100340"}],"version-history":[{"count":1,"href":"https:\/\/www.sonoraenequipo.com.mx\/api\/wp\/v2\/posts\/100340\/revisions"}],"predecessor-version":[{"id":100344,"href":"https:\/\/www.sonoraenequipo.com.mx\/api\/wp\/v2\/posts\/100340\/revisions\/100344"}],"wp:featuredmedia":[{"embeddable":true,"href":"https:\/\/www.sonoraenequipo.com.mx\/api\/wp\/v2\/media\/100341"}],"wp:attachment":[{"href":"https:\/\/www.sonoraenequipo.com.mx\/api\/wp\/v2\/media?parent=100340"}],"wp:term":[{"taxonomy":"category","embeddable":true,"href":"https:\/\/www.sonoraenequipo.com.mx\/api\/wp\/v2\/categories?post=100340"},{"taxonomy":"post_tag","embeddable":true,"href":"https:\/\/www.sonoraenequipo.com.mx\/api\/wp\/v2\/tags?post=100340"}],"curies":[{"name":"wp","href":"https:\/\/api.w.org\/{rel}","templated":true}]}}