{"id":100345,"date":"2020-11-14T18:55:12","date_gmt":"2020-11-15T01:55:12","guid":{"rendered":"https:\/\/www.sonoraenequipo.com.mx\/?p=100345"},"modified":"2020-11-15T08:37:48","modified_gmt":"2020-11-15T15:37:48","slug":"invita-la-ues-a-webinar-sobre-comercio-internacional","status":"publish","type":"post","link":"https:\/\/www.sonoraenequipo.com.mx\/invita-la-ues-a-webinar-sobre-comercio-internacional\/","title":{"rendered":"Invita la UES a webinar sobre Comercio Internacional"},"content":{"rendered":"<p>HERMOSILLO, SONORA. MX. \u2014 Con un amplio programa de conferencias virtuales sobre tratados internacionales, aduanas, log\u00edstica, aspectos jur\u00eddicos de comercio, entre otros, la Universidad Estatal de Sonora (UES) invita a estudiantes, egresados y p\u00fablico en general interesado en el tema, al webinar de la XXVIII Semana Acad\u00e9mica de Comercio Internacional.<\/p>\n<p>&nbsp;<\/p>\n<p> <\/p>\n<p>&nbsp;<\/p>\n<p>Manuel Antonio Garc\u00eda R\u00edos, coordinador del evento y docente de la UES Hermosillo, explic\u00f3 que el webinar acad\u00e9mico no s\u00f3lo est\u00e1 dirigido a los estudiantes de Comercio Internacional de esta universidad, sino puede ser un espacio para que egresados, docentes y profesionales interesados en la materia puedan actualizar sus conocimientos.<\/p>\n<p>&nbsp;<\/p>\n<p><em>\u201cTenemos un programa de conferencias muy rico en contenidos y temas interesantes como cambios y retos del T-MEC, Administraci\u00f3n Aduanera, la nueva Ley de Impuesto General de Importaci\u00f3n y Exportaci\u00f3n, tendremos a profesionales expertos que no solo brindar\u00e1n informaci\u00f3n \u00fatil para los estudiantes de la UES sino para actualizar a egresados, docentes y personas interesadas\u201d,<\/em> expuso.<\/p>\n<p>&nbsp;<\/p>\n<p>&nbsp;<\/p>\n<p>Las actividades iniciar\u00e1n el martes 17 de noviembre a las 13:00 horas, con la conferencia \u00ab<em>Administraci\u00f3n Aduanera y Facilitaci\u00f3n del Comercio. Cap\u00edtulo 7. T-MEC\u00bb<\/em> del doctor Juan Rabindrana Cisneros Garc\u00eda, seguido de \u201cAduana Siglo XXI\u201d del maestro Carlos Alfaro Miranday \u00ab<em>Programas de Seguridad en la Cadena Log\u00edstica\u00bb<\/em> del maestro Salvador Eugenio Dom\u00ednguez Garc\u00eda.<\/p>\n<p>&nbsp;<\/p>\n<p>&nbsp;<\/p>\n<p>El mi\u00e9rcoles 18 se tendr\u00e1n los webinars: <strong><em>\u201cLa nueva Ley del Impuesto General de Importaci\u00f3n y Exportaci\u00f3n\u201d <\/em><\/strong>de Lorenzo Bermea Aguilar; <strong><em>\u201cVisita domiciliaria de Comercio Exterior\u201d<\/em> d<\/strong>e Daniel Cabrera Hern\u00e1ndez; <em><strong>\u201cProcedimiento Administrativo en Materia Aduanera PAMA<\/strong>\u201d<\/em> de Nashielly Escobedo y<strong> <em>\u201cPrincipales cambios y retos del T MEC\u201d,<\/em> <\/strong>de Francisco Javier Ortiz Mu\u00f1oz.<\/p>\n<p>&nbsp;<\/p>\n<p>El jueves 19 de noviembre se presentar\u00e1:<em><strong> \u201cCertificaciones Aduaneras para la Prevenci\u00f3n de Sanciones\u201d<\/strong><\/em> de Ricardo M\u00e9ndez Castro; <em><strong>\u201cAgentes aduanales: M\u00e9xico\/USA\u201d<\/strong><\/em> de los agentes aduanales Alicia Magdalena Guzm\u00e1n y Adri\u00e1n Gonz\u00e1lez; y <em><strong>\u201cAdministraci\u00f3n de un Almac\u00e9n General de Dep\u00f3sito<\/strong><\/em>\u201d de Juan Carlos Camargo.<\/p>\n<p>&nbsp;<\/p>\n<p>El evento cierra el 20 de noviembre con las conferencias:<strong> \u201cLiderazgo en comercio exterior\u201d<\/strong> de Alejandro Manuel Miranda Torres;<em><strong> \u201cLas 5 herramientas que te nominar\u00e1n para un premio nobel\u201d<\/strong><\/em> de Marco Antonio Bracho y concluye por la tarde con un festival virtual de canto.<\/p>\n<p>&nbsp;<\/p>\n<p>&nbsp;<\/p>\n<p>El acceso a las conferencias virtuales es gratuito y se transmitir\u00e1 para estudiantes a trav\u00e9s de la plataforma Zoom y para el p\u00fablico en general en la cuenta de Youtube del evento: h<a href=\"ttps:\/\/bit.ly\/UES-WebinarLCI2020.\">ttps:\/\/bit.ly\/UES-WebinarLCI2020.<\/a><\/p>\n<p>&nbsp;<\/p>\n<p>El programa del evento puede consultarse en el facebook oficial de la Universidad Estatal de Sonora: https:\/\/www.facebook.com\/ues.mx\/<\/p>\n<p>&nbsp;<\/p>\n<p>&nbsp;<\/p>\n<p>(Publicada el 14\/11\/2020)<\/p>\n","protected":false},"excerpt":{"rendered":"<p>HERMOSILLO, SONORA. MX. \u2014 Con un amplio programa de conferencias virtuales sobre tratados internacionales, aduanas,&#8230;<\/p>\n","protected":false},"author":1,"featured_media":0,"comment_status":"open","ping_status":"open","sticky":false,"template":"","format":"standard","meta":{"_monsterinsights_skip_tracking":false,"_monsterinsights_sitenote_active":false,"_monsterinsights_sitenote_note":"","_monsterinsights_sitenote_category":0,"footnotes":""},"categories":[22],"tags":[],"class_list":["post"],"yoast_head":" \n<title>Sonora en Equipo. Invita la UES a webinar sobre Comercio Internacional<\/title>\n<meta name=\"description\" content=\"HERMOSILLO, SONORA. MX. \u2014 Con un amplio programa de conferencias virtuales sobre tratados internacionales, aduanas, log\u00edstica, aspectos jur\u00eddicos de En Sonora en Equipo publicamos toda la informaci\u00f3n de Sonora, M\u00e9xico y el Mundo de manera oportuna y busca que la libertad de expresi\u00f3n sea real. Visita nuestro medio informativo publicado desde Hermosillo, Sonora. %\" \/>\n<meta name=\"robots\" content=\"index, follow, max-snippet:-1, max-image-preview:large, max-video-preview:-1\" \/>\n<link rel=\"canonical\" href=\"https:\/\/www.sonoraenequipo.com.mx\/invita-la-ues-a-webinar-sobre-comercio-internacional\/\" \/>\n<meta property=\"og:locale\" content=\"es_ES\" \/>\n<meta property=\"og:type\" content=\"article\" \/>\n<meta property=\"og:title\" content=\"Sonora en Equipo. Invita la UES a webinar sobre Comercio Internacional\" \/>\n<meta property=\"og:description\" content=\"HERMOSILLO, SONORA. MX. \u2014 Con un amplio programa de conferencias virtuales sobre tratados internacionales, aduanas, log\u00edstica, aspectos jur\u00eddicos de En Sonora en Equipo publicamos toda la informaci\u00f3n de Sonora, M\u00e9xico y el Mundo de manera oportuna y busca que la libertad de expresi\u00f3n sea real. Visita nuestro medio informativo publicado desde Hermosillo, Sonora. %\" \/>\n<meta property=\"og:url\" content=\"https:\/\/www.sonoraenequipo.com.mx\/invita-la-ues-a-webinar-sobre-comercio-internacional\/\" \/>\n<meta property=\"og:site_name\" content=\"Sonora en Equipo.\" \/>\n<meta property=\"article:publisher\" content=\"https:\/\/www.facebook.com\/SonoraEE\/\" \/>\n<meta property=\"article:author\" content=\"https:\/\/www.facebook.com\/SonoraEE\" \/>\n<meta property=\"article:published_time\" content=\"2020-11-15T01:55:12+00:00\" \/>\n<meta property=\"article:modified_time\" content=\"2020-11-15T15:37:48+00:00\" \/>\n<meta name=\"author\" content=\"enequipo\" \/>\n<meta name=\"twitter:card\" content=\"summary_large_image\" \/>\n<meta name=\"twitter:creator\" content=\"@sonoraenequipo\" \/>\n<meta name=\"twitter:site\" content=\"@sonoraenequipo\" \/>\n<meta name=\"twitter:label1\" content=\"Escrito por\" \/>\n\t<meta name=\"twitter:data1\" content=\"enequipo\" \/>\n\t<meta name=\"twitter:label2\" content=\"Tiempo de lectura\" \/>\n\t<meta name=\"twitter:data2\" content=\"2 minutos\" \/>\n<script type=\"application\/ld+json\" class=\"yoast-schema-graph\">{\"@context\":\"https:\/\/schema.org\",\"@graph\":[{\"@type\":\"Article\",\"@id\":\"https:\/\/www.sonoraenequipo.com.mx\/invita-la-ues-a-webinar-sobre-comercio-internacional\/#article\",\"isPartOf\":{\"@id\":\"https:\/\/www.sonoraenequipo.com.mx\/invita-la-ues-a-webinar-sobre-comercio-internacional\/\"},\"author\":{\"name\":\"enequipo\",\"@id\":\"https:\/\/www.sonoraenequipo.com.mx\/#\/schema\/person\/50102df0fb23a8fa9e8effad8fa81386\"},\"headline\":\"Invita la UES a webinar sobre Comercio Internacional\",\"datePublished\":\"2020-11-15T01:55:12+00:00\",\"dateModified\":\"2020-11-15T15:37:48+00:00\",\"mainEntityOfPage\":{\"@id\":\"https:\/\/www.sonoraenequipo.com.mx\/invita-la-ues-a-webinar-sobre-comercio-internacional\/\"},\"wordCount\":462,\"commentCount\":0,\"publisher\":{\"@id\":\"https:\/\/www.sonoraenequipo.com.mx\/#organization\"},\"articleSection\":[\"Sonora\"],\"inLanguage\":\"es\",\"potentialAction\":[{\"@type\":\"CommentAction\",\"name\":\"Comment\",\"target\":[\"https:\/\/www.sonoraenequipo.com.mx\/invita-la-ues-a-webinar-sobre-comercio-internacional\/#respond\"]}]},{\"@type\":\"WebPage\",\"@id\":\"https:\/\/www.sonoraenequipo.com.mx\/invita-la-ues-a-webinar-sobre-comercio-internacional\/\",\"url\":\"https:\/\/www.sonoraenequipo.com.mx\/invita-la-ues-a-webinar-sobre-comercio-internacional\/\",\"name\":\"Sonora en Equipo. Invita la UES a webinar sobre Comercio Internacional\",\"isPartOf\":{\"@id\":\"https:\/\/www.sonoraenequipo.com.mx\/#website\"},\"datePublished\":\"2020-11-15T01:55:12+00:00\",\"dateModified\":\"2020-11-15T15:37:48+00:00\",\"description\":\"HERMOSILLO, SONORA. MX. \u2014 Con un amplio programa de conferencias virtuales sobre tratados internacionales, aduanas, log\u00edstica, aspectos jur\u00eddicos de En Sonora en Equipo publicamos toda la informaci\u00f3n de Sonora, M\u00e9xico y el Mundo de manera oportuna y busca que la libertad de expresi\u00f3n sea real. Visita nuestro medio informativo publicado desde Hermosillo, Sonora. %\",\"breadcrumb\":{\"@id\":\"https:\/\/www.sonoraenequipo.com.mx\/invita-la-ues-a-webinar-sobre-comercio-internacional\/#breadcrumb\"},\"inLanguage\":\"es\",\"potentialAction\":[{\"@type\":\"ReadAction\",\"target\":[\"https:\/\/www.sonoraenequipo.com.mx\/invita-la-ues-a-webinar-sobre-comercio-internacional\/\"]}]},{\"@type\":\"BreadcrumbList\",\"@id\":\"https:\/\/www.sonoraenequipo.com.mx\/invita-la-ues-a-webinar-sobre-comercio-internacional\/#breadcrumb\",\"itemListElement\":[{\"@type\":\"ListItem\",\"position\":1,\"name\":\"Portada\",\"item\":\"https:\/\/www.sonoraenequipo.com.mx\/\"},{\"@type\":\"ListItem\",\"position\":2,\"name\":\"Invita la UES a webinar sobre Comercio Internacional\"}]},{\"@type\":\"WebSite\",\"@id\":\"https:\/\/www.sonoraenequipo.com.mx\/#website\",\"url\":\"https:\/\/www.sonoraenequipo.com.mx\/\",\"name\":\"Sonora en Equipo.\",\"description\":\"Diario en l\u00ednea con Noticias desde Hermosillo, Sonora\",\"publisher\":{\"@id\":\"https:\/\/www.sonoraenequipo.com.mx\/#organization\"},\"potentialAction\":[{\"@type\":\"SearchAction\",\"target\":{\"@type\":\"EntryPoint\",\"urlTemplate\":\"https:\/\/www.sonoraenequipo.com.mx\/?s={search_term_string}\"},\"query-input\":{\"@type\":\"PropertyValueSpecification\",\"valueRequired\":true,\"valueName\":\"search_term_string\"}}],\"inLanguage\":\"es\"},{\"@type\":\"Organization\",\"@id\":\"https:\/\/www.sonoraenequipo.com.mx\/#organization\",\"name\":\"Sonoraenequipo.com.mx\",\"url\":\"https:\/\/www.sonoraenequipo.com.mx\/\",\"logo\":{\"@type\":\"ImageObject\",\"inLanguage\":\"es\",\"@id\":\"https:\/\/www.sonoraenequipo.com.mx\/#\/schema\/logo\/image\/\",\"url\":\"https:\/\/www.sonoraenequipo.com.mx\/storage\/2019\/01\/sonoraenequipo_opt.png\",\"contentUrl\":\"https:\/\/www.sonoraenequipo.com.mx\/storage\/2019\/01\/sonoraenequipo_opt.png\",\"width\":375,\"height\":125,\"caption\":\"Sonoraenequipo.com.mx\"},\"image\":{\"@id\":\"https:\/\/www.sonoraenequipo.com.mx\/#\/schema\/logo\/image\/\"},\"sameAs\":[\"https:\/\/www.facebook.com\/SonoraEE\/\",\"https:\/\/x.com\/sonoraenequipo\",\"https:\/\/www.youtube.com\/channel\/UC338nW-lPEYmJQs4ZABQ1SQ\"]},{\"@type\":\"Person\",\"@id\":\"https:\/\/www.sonoraenequipo.com.mx\/#\/schema\/person\/50102df0fb23a8fa9e8effad8fa81386\",\"name\":\"enequipo\",\"image\":{\"@type\":\"ImageObject\",\"inLanguage\":\"es\",\"@id\":\"https:\/\/www.sonoraenequipo.com.mx\/#\/schema\/person\/image\/\",\"url\":\"https:\/\/secure.gravatar.com\/avatar\/049821681b589dabc0bc20695993ccebb09f5b5d4d790cd9251b97faac7c652b?s=96&d=blank&r=g\",\"contentUrl\":\"https:\/\/secure.gravatar.com\/avatar\/049821681b589dabc0bc20695993ccebb09f5b5d4d790cd9251b97faac7c652b?s=96&d=blank&r=g\",\"caption\":\"enequipo\"},\"sameAs\":[\"https:\/\/www.facebook.com\/SonoraEE\"]}]}<\/script>\n ","yoast_head_json":{"title":"Sonora en Equipo. Invita la UES a webinar sobre Comercio Internacional","description":"HERMOSILLO, SONORA. MX. \u2014 Con un amplio programa de conferencias virtuales sobre tratados internacionales, aduanas, log\u00edstica, aspectos jur\u00eddicos de En Sonora en Equipo publicamos toda la informaci\u00f3n de Sonora, M\u00e9xico y el Mundo de manera oportuna y busca que la libertad de expresi\u00f3n sea real. Visita nuestro medio informativo publicado desde Hermosillo, Sonora. %","robots":{"index":"index","follow":"follow","max-snippet":"max-snippet:-1","max-image-preview":"max-image-preview:large","max-video-preview":"max-video-preview:-1"},"canonical":"https:\/\/www.sonoraenequipo.com.mx\/invita-la-ues-a-webinar-sobre-comercio-internacional\/","og_locale":"es_ES","og_type":"article","og_title":"Sonora en Equipo. Invita la UES a webinar sobre Comercio Internacional","og_description":"HERMOSILLO, SONORA. MX. \u2014 Con un amplio programa de conferencias virtuales sobre tratados internacionales, aduanas, log\u00edstica, aspectos jur\u00eddicos de En Sonora en Equipo publicamos toda la informaci\u00f3n de Sonora, M\u00e9xico y el Mundo de manera oportuna y busca que la libertad de expresi\u00f3n sea real. Visita nuestro medio informativo publicado desde Hermosillo, Sonora. %","og_url":"https:\/\/www.sonoraenequipo.com.mx\/invita-la-ues-a-webinar-sobre-comercio-internacional\/","og_site_name":"Sonora en Equipo.","article_publisher":"https:\/\/www.facebook.com\/SonoraEE\/","article_author":"https:\/\/www.facebook.com\/SonoraEE","article_published_time":"2020-11-15T01:55:12+00:00","article_modified_time":"2020-11-15T15:37:48+00:00","author":"enequipo","twitter_card":"summary_large_image","twitter_creator":"@sonoraenequipo","twitter_site":"@sonoraenequipo","twitter_misc":{"Escrito por":"enequipo","Tiempo de lectura":"2 minutos"},"schema":{"@context":"https:\/\/schema.org","@graph":[{"@type":"Article","@id":"https:\/\/www.sonoraenequipo.com.mx\/invita-la-ues-a-webinar-sobre-comercio-internacional\/#article","isPartOf":{"@id":"https:\/\/www.sonoraenequipo.com.mx\/invita-la-ues-a-webinar-sobre-comercio-internacional\/"},"author":{"name":"enequipo","@id":"https:\/\/www.sonoraenequipo.com.mx\/#\/schema\/person\/50102df0fb23a8fa9e8effad8fa81386"},"headline":"Invita la UES a webinar sobre Comercio Internacional","datePublished":"2020-11-15T01:55:12+00:00","dateModified":"2020-11-15T15:37:48+00:00","mainEntityOfPage":{"@id":"https:\/\/www.sonoraenequipo.com.mx\/invita-la-ues-a-webinar-sobre-comercio-internacional\/"},"wordCount":462,"commentCount":0,"publisher":{"@id":"https:\/\/www.sonoraenequipo.com.mx\/#organization"},"articleSection":["Sonora"],"inLanguage":"es","potentialAction":[{"@type":"CommentAction","name":"Comment","target":["https:\/\/www.sonoraenequipo.com.mx\/invita-la-ues-a-webinar-sobre-comercio-internacional\/#respond"]}]},{"@type":"WebPage","@id":"https:\/\/www.sonoraenequipo.com.mx\/invita-la-ues-a-webinar-sobre-comercio-internacional\/","url":"https:\/\/www.sonoraenequipo.com.mx\/invita-la-ues-a-webinar-sobre-comercio-internacional\/","name":"Sonora en Equipo. Invita la UES a webinar sobre Comercio Internacional","isPartOf":{"@id":"https:\/\/www.sonoraenequipo.com.mx\/#website"},"datePublished":"2020-11-15T01:55:12+00:00","dateModified":"2020-11-15T15:37:48+00:00","description":"HERMOSILLO, SONORA. MX. \u2014 Con un amplio programa de conferencias virtuales sobre tratados internacionales, aduanas, log\u00edstica, aspectos jur\u00eddicos de En Sonora en Equipo publicamos toda la informaci\u00f3n de Sonora, M\u00e9xico y el Mundo de manera oportuna y busca que la libertad de expresi\u00f3n sea real. Visita nuestro medio informativo publicado desde Hermosillo, Sonora. %","breadcrumb":{"@id":"https:\/\/www.sonoraenequipo.com.mx\/invita-la-ues-a-webinar-sobre-comercio-internacional\/#breadcrumb"},"inLanguage":"es","potentialAction":[{"@type":"ReadAction","target":["https:\/\/www.sonoraenequipo.com.mx\/invita-la-ues-a-webinar-sobre-comercio-internacional\/"]}]},{"@type":"BreadcrumbList","@id":"https:\/\/www.sonoraenequipo.com.mx\/invita-la-ues-a-webinar-sobre-comercio-internacional\/#breadcrumb","itemListElement":[{"@type":"ListItem","position":1,"name":"Portada","item":"https:\/\/www.sonoraenequipo.com.mx\/"},{"@type":"ListItem","position":2,"name":"Invita la UES a webinar sobre Comercio Internacional"}]},{"@type":"WebSite","@id":"https:\/\/www.sonoraenequipo.com.mx\/#website","url":"https:\/\/www.sonoraenequipo.com.mx\/","name":"Sonora en Equipo.","description":"Diario en l\u00ednea con Noticias desde Hermosillo, Sonora","publisher":{"@id":"https:\/\/www.sonoraenequipo.com.mx\/#organization"},"potentialAction":[{"@type":"SearchAction","target":{"@type":"EntryPoint","urlTemplate":"https:\/\/www.sonoraenequipo.com.mx\/?s={search_term_string}"},"query-input":{"@type":"PropertyValueSpecification","valueRequired":true,"valueName":"search_term_string"}}],"inLanguage":"es"},{"@type":"Organization","@id":"https:\/\/www.sonoraenequipo.com.mx\/#organization","name":"Sonoraenequipo.com.mx","url":"https:\/\/www.sonoraenequipo.com.mx\/","logo":{"@type":"ImageObject","inLanguage":"es","@id":"https:\/\/www.sonoraenequipo.com.mx\/#\/schema\/logo\/image\/","url":"https:\/\/www.sonoraenequipo.com.mx\/storage\/2019\/01\/sonoraenequipo_opt.png","contentUrl":"https:\/\/www.sonoraenequipo.com.mx\/storage\/2019\/01\/sonoraenequipo_opt.png","width":375,"height":125,"caption":"Sonoraenequipo.com.mx"},"image":{"@id":"https:\/\/www.sonoraenequipo.com.mx\/#\/schema\/logo\/image\/"},"sameAs":["https:\/\/www.facebook.com\/SonoraEE\/","https:\/\/x.com\/sonoraenequipo","https:\/\/www.youtube.com\/channel\/UC338nW-lPEYmJQs4ZABQ1SQ"]},{"@type":"Person","@id":"https:\/\/www.sonoraenequipo.com.mx\/#\/schema\/person\/50102df0fb23a8fa9e8effad8fa81386","name":"enequipo","image":{"@type":"ImageObject","inLanguage":"es","@id":"https:\/\/www.sonoraenequipo.com.mx\/#\/schema\/person\/image\/","url":"https:\/\/secure.gravatar.com\/avatar\/049821681b589dabc0bc20695993ccebb09f5b5d4d790cd9251b97faac7c652b?s=96&d=blank&r=g","contentUrl":"https:\/\/secure.gravatar.com\/avatar\/049821681b589dabc0bc20695993ccebb09f5b5d4d790cd9251b97faac7c652b?s=96&d=blank&r=g","caption":"enequipo"},"sameAs":["https:\/\/www.facebook.com\/SonoraEE"]}]}},"jetpack_featured_media_url":"","_links":{"self":[{"href":"https:\/\/www.sonoraenequipo.com.mx\/api\/wp\/v2\/posts\/100345","targetHints":{"allow":["GET"]}}],"collection":[{"href":"https:\/\/www.sonoraenequipo.com.mx\/api\/wp\/v2\/posts"}],"about":[{"href":"https:\/\/www.sonoraenequipo.com.mx\/api\/wp\/v2\/types\/post"}],"author":[{"embeddable":true,"href":"https:\/\/www.sonoraenequipo.com.mx\/api\/wp\/v2\/users\/1"}],"replies":[{"embeddable":true,"href":"https:\/\/www.sonoraenequipo.com.mx\/api\/wp\/v2\/comments?post=100345"}],"version-history":[{"count":1,"href":"https:\/\/www.sonoraenequipo.com.mx\/api\/wp\/v2\/posts\/100345\/revisions"}],"predecessor-version":[{"id":100380,"href":"https:\/\/www.sonoraenequipo.com.mx\/api\/wp\/v2\/posts\/100345\/revisions\/100380"}],"wp:attachment":[{"href":"https:\/\/www.sonoraenequipo.com.mx\/api\/wp\/v2\/media?parent=100345"}],"wp:term":[{"taxonomy":"category","embeddable":true,"href":"https:\/\/www.sonoraenequipo.com.mx\/api\/wp\/v2\/categories?post=100345"},{"taxonomy":"post_tag","embeddable":true,"href":"https:\/\/www.sonoraenequipo.com.mx\/api\/wp\/v2\/tags?post=100345"}],"curies":[{"name":"wp","href":"https:\/\/api.w.org\/{rel}","templated":true}]}}