{"id":100347,"date":"2020-11-14T20:25:40","date_gmt":"2020-11-15T03:25:40","guid":{"rendered":"https:\/\/www.sonoraenequipo.com.mx\/?p=100347"},"modified":"2020-11-15T08:31:52","modified_gmt":"2020-11-15T15:31:52","slug":"la-administracion-publica-y-la-educacion-tambien-han-sido-afectadas-por-la-pandemia-omar-guerrero","status":"publish","type":"post","link":"https:\/\/www.sonoraenequipo.com.mx\/la-administracion-publica-y-la-educacion-tambien-han-sido-afectadas-por-la-pandemia-omar-guerrero\/","title":{"rendered":"La Administraci\u00f3n P\u00fablica y la educaci\u00f3n tambi\u00e9n han sido afectadas por la pandemia: Omar Guerrero"},"content":{"rendered":"<p>HERMOSILLO, SONORA. MX. \u2014 Con la pandemia por la covid-19 el ejercicio p\u00fablico obviamente se ha visto afectado, porque labora s\u00f3lo un porcentaje de los trabajadores, y si alg\u00fan municipio se ubica otra vez en sem\u00e1foro rojo disminuir\u00e1 a\u00fan m\u00e1s el n\u00famero de empleados que se presenten, y la actividad en general\u201d, declar\u00f3 Omar Guerrero Orozco.<\/p>\n<p>&nbsp;<\/p>\n<p> <\/p>\n<p>&nbsp;<\/p>\n<p>El Doctor Honoris Causa por la Universidad de Sonora se\u00f1al\u00f3 que el distanciamiento social es en parte una disposici\u00f3n del gobierno, pero que es m\u00e1s una necesidad para garantizar la salud de la poblaci\u00f3n y detener los contagios, pero que en estos protocolos deben estar involucrados todos, incluso los ciudadanos, que al parecer se est\u00e1n acostumbrando a la pandemia y han reducido el distanciamiento y otros cuidados preventivos necesarios.<\/p>\n<p>&nbsp;<\/p>\n<p>En entrevista v\u00eda telef\u00f3nica, despu\u00e9s de ofrecer la conferencia magistral Perspectivas de la Administraci\u00f3n P\u00fabica, en el marco de la c\u00e1tedra que lleva su nombre, y es organizada por el Departamento de Sociolog\u00eda y Administraci\u00f3n P\u00fablica, habl\u00f3 de la educaci\u00f3n, la cual se\u00f1ala se ha visto afectada, como todo, al grado de tener que implementarse un sistema de educaci\u00f3n b\u00e1sica a trav\u00e9s de la televisi\u00f3n, y que aunque no tiene conocimiento de cu\u00e1l es el resultado hasta ahora de esa experiencia, opina que fue una buena idea el que se haya implementado.<\/p>\n<p>&nbsp;<\/p>\n<p>En el caso de la UNAM, donde es profesor de carrera, dijo que la primera parte de la pandemia, de marzo a junio, s\u00ed le toc\u00f3 vivir un problema de comunicaci\u00f3n porque no pod\u00eda ver a los estudiantes en el aula, pero sali\u00f3 adelante a trav\u00e9s del correo electr\u00f3nico, y m\u00e1s que nada porque el seminario que imparte le permiti\u00f3 continuar su labor docente de esta forma y llevar una secuencia de sus clases.<\/p>\n<p>&nbsp;<\/p>\n<p>A partir de este semestre, como muchos acad\u00e9micos, comenz\u00f3 a dar sus clases a trav\u00e9s de la plataforma Zoom, y de esta manera imparte ahora dos seminarios y afirma que hasta ahora todo marcha bien.<\/p>\n<p>&nbsp;<\/p>\n<p><em>\u201cYo no s\u00e9 qu\u00e9 va a pasar, si vamos a continuar con la pandemia y hasta cu\u00e1ndo, pero hay que estar preparados para seguir con clases a distancia es un buen momento para reformar los sistemas de ense\u00f1anza, utilizando m\u00e1s intensivamente el Zoom o plataformas similares\u201d,<\/em> se\u00f1al\u00f3.<\/p>\n<p>&nbsp;<\/p>\n<p>En materia de pol\u00edtica exterior y de comercio regional, considerando el probable cambio de administraci\u00f3n federal en Estados Unidos, mencion\u00f3 que a\u00fan no tiene idea de qu\u00e9 vaya a ocurrir con los gobiernos de los pa\u00edses que integran el T-MEC, porque el presidente electo a\u00fan no presenta su plan de trabajo y cu\u00e1les son las expectativas que tiene con M\u00e9xico, pero cree que debe haber una convivencia intensa para poder aprovechar este acuerdo comercial.<\/p>\n<p>&nbsp;<\/p>\n<p>Y en el plano nacional, con las elecciones del pr\u00f3ximo a\u00f1o, dijo que como ciudadano piensa que habr\u00e1 una contienda pol\u00edtica muy fuerte, porque hay grupos emergentes que se est\u00e1n preparando para hacer frente al gobierno actual, por eso espera que haya una contienda sumamente competida.<\/p>\n<p>&nbsp;<\/p>\n<p>Sobre la importancia que tienen los gobiernos municipales en la administraci\u00f3n p\u00fablica, indic\u00f3 que hoy en d\u00eda la actividad que \u00e9stos desarrollan es muy importante en la vida local, porque es ah\u00ed donde se relaciona la administraci\u00f3n p\u00fablica con el ciudadano.<\/p>\n<p>&nbsp;<\/p>\n<p>A\u00f1adi\u00f3 que es aqu\u00ed donde efectivamente se puede ver y tocar a la administraci\u00f3n p\u00fablica, a diferencia del gobierno estatal, salvo si se vive en la capital de la entidad; y que en el gobierno federal en general no es posible tener una relaci\u00f3n vis a vis con las personas por la lejan\u00eda de las actividades, las cuales son tan generales que el ciudadano no las puede percibir de manera directa o inmediata.<\/p>\n<p>&nbsp;<\/p>\n<p>Mencion\u00f3 que en la Ciudad de M\u00e9xico, lo que antes eran delegaciones ahora son municipios, aunque son m\u00e1s bien llamados alcald\u00edas.<\/p>\n<p>&nbsp;<\/p>\n<p><em>\u201cFlorentino Gonz\u00e1lez es un autor que ten\u00eda un gran afecto por el estudio de la vida municipal, que \u00e9l consideraba como la esencia de una sociedad porque, en este caso, la administraci\u00f3n s\u00ed ten\u00eda un contacto directo con el ciudadano y el ciudadano con la administraci\u00f3n\u201d<\/em>, destac\u00f3 el integrante de la Academia Mexicana de Ciencias y Miembro Titular del Seminario de Cultura Mexicana.<\/p>\n<p>&nbsp;<\/p>\n<p>Como parte del programa con tres d\u00edas de actividades de la C\u00e1tedra Omar Guerrero Orozco en la Universidad de Sonora, el autor de 28 libros present\u00f3 el pasado jueves 12 de noviembre su op\u00fasculo Charles-Jean Bonnin en el Siglo XXI, donde se\u00f1al\u00f3 que su pensamiento est\u00e1 vigente en el presente siglo.<\/p>\n<p>&nbsp;<\/p>\n<p>Durante la entrevista agreg\u00f3 que Bonnin sigue siendo un personaje muy relevante, sigue teniendo una buena cantidad de consulta y es parte de la cultura educativa en la administraci\u00f3n p\u00fablica en el mundo, sobre todo en Am\u00e9rica Latina.<\/p>\n<p>&nbsp;<\/p>\n<p>Para consultar m\u00e1s acerca del pensador pol\u00edtico y social, padre de la ciencia moderna de la administraci\u00f3n p\u00fablica, puso a disposici\u00f3n su trabajo, que puede consultarse en el sitio de publicaciones.inap.gob.ar, y tambi\u00e9n la p\u00e1gina dedicada a \u00e9ste: www.cjbonnin.org.<\/p>\n<p>&nbsp;<\/p>\n<p>En su conferencia magistral, Guerrero Orozco habl\u00f3 de grandes obras de la literatura y las lig\u00f3 con la disciplina que estudia y en la que es un prol\u00edfico autor. Al preguntarle c\u00f3mo nace su pasi\u00f3n por la literatura tan diversa, confes\u00f3 que siempre le ha gustado leer mucho, desde que era estudiante de preparatoria, y en especial en la Facultad de Ciencias Pol\u00edticas.<\/p>\n<p>&nbsp;<\/p>\n<p><em>\u201cSiempre me gust\u00f3 leer y leo mucho, pero no me conformo con la lectura usual, yo decid\u00ed no s\u00f3lo ser administrador p\u00fablico, sino tambi\u00e9n prepararme en muchos otros campos del saber que tuvieran o no relaci\u00f3n con mi profesi\u00f3n. Mi gusto por la lectura lo he encaminado a tener el conocimiento y disfrutar a diferentes autores de sociolog\u00eda, de literatura, etc\u00e9tera. Esa es mi estrategia\u201d,<\/em> comparti\u00f3.<\/p>\n<p>&nbsp;<\/p>\n<p>La administraci\u00f3n p\u00fablica es una disciplina y un campo muy elevado del conocimiento cient\u00edfico, no s\u00f3lo desde su centro fuerte, que la define, sino debe ser activa y tener relaci\u00f3n con las dem\u00e1s disciplinas, porque se alimentan mutuamente desde un \u00e1mbito perif\u00e9rico, de intercambio de interrelaci\u00f3n que nutre a la propia disciplina, resalt\u00f3 por \u00faltimo el Investigador Nacional Em\u00e9rito por el Consejo Nacional de Ciencia y Tecnolog\u00eda.<\/p>\n<p>&nbsp;<\/p>\n<p>&nbsp;<\/p>\n<p>(Publicada el 14\/11\/2020)<\/p>\n","protected":false},"excerpt":{"rendered":"<p>HERMOSILLO, SONORA. MX. \u2014 Con la pandemia por la covid-19 el ejercicio p\u00fablico obviamente se&#8230;<\/p>\n","protected":false},"author":1,"featured_media":100349,"comment_status":"open","ping_status":"open","sticky":false,"template":"","format":"standard","meta":{"_monsterinsights_skip_tracking":false,"_monsterinsights_sitenote_active":false,"_monsterinsights_sitenote_note":"","_monsterinsights_sitenote_category":0,"footnotes":""},"categories":[22],"tags":[],"class_list":["post"],"yoast_head":" \n<title>Sonora en Equipo. La Administraci\u00f3n P\u00fablica y la educaci\u00f3n tambi\u00e9n han sido afectadas por la pandemia: Omar Guerrero Sonora<\/title>\n<meta name=\"description\" content=\"HERMOSILLO, SONORA. MX. \u2014 Con la pandemia por la covid-19 el ejercicio p\u00fablico obviamente se ha visto afectado, porque labora s\u00f3lo un porcentaje de los En Sonora en Equipo publicamos toda la informaci\u00f3n de Sonora, M\u00e9xico y el Mundo de manera oportuna y busca que la libertad de expresi\u00f3n sea real. Visita nuestro medio informativo publicado desde Hermosillo, Sonora. %\" \/>\n<meta name=\"robots\" content=\"index, follow, max-snippet:-1, max-image-preview:large, max-video-preview:-1\" \/>\n<link rel=\"canonical\" href=\"https:\/\/www.sonoraenequipo.com.mx\/la-administracion-publica-y-la-educacion-tambien-han-sido-afectadas-por-la-pandemia-omar-guerrero\/\" \/>\n<meta property=\"og:locale\" content=\"es_ES\" \/>\n<meta property=\"og:type\" content=\"article\" \/>\n<meta property=\"og:title\" content=\"Sonora en Equipo. La Administraci\u00f3n P\u00fablica y la educaci\u00f3n tambi\u00e9n han sido afectadas por la pandemia: Omar Guerrero Sonora\" \/>\n<meta property=\"og:description\" content=\"HERMOSILLO, SONORA. MX. \u2014 Con la pandemia por la covid-19 el ejercicio p\u00fablico obviamente se ha visto afectado, porque labora s\u00f3lo un porcentaje de los En Sonora en Equipo publicamos toda la informaci\u00f3n de Sonora, M\u00e9xico y el Mundo de manera oportuna y busca que la libertad de expresi\u00f3n sea real. Visita nuestro medio informativo publicado desde Hermosillo, Sonora. %\" \/>\n<meta property=\"og:url\" content=\"https:\/\/www.sonoraenequipo.com.mx\/la-administracion-publica-y-la-educacion-tambien-han-sido-afectadas-por-la-pandemia-omar-guerrero\/\" \/>\n<meta property=\"og:site_name\" content=\"Sonora en Equipo.\" \/>\n<meta property=\"article:publisher\" content=\"https:\/\/www.facebook.com\/SonoraEE\/\" \/>\n<meta property=\"article:author\" content=\"https:\/\/www.facebook.com\/SonoraEE\" \/>\n<meta property=\"article:published_time\" content=\"2020-11-15T03:25:40+00:00\" \/>\n<meta property=\"article:modified_time\" content=\"2020-11-15T15:31:52+00:00\" \/>\n<meta property=\"og:image\" content=\"https:\/\/www.sonoraenequipo.com.mx\/storage\/2020\/11\/Doctor-Omar-Guerrero-Orozco_opt.jpg\" \/>\n\t<meta property=\"og:image:width\" content=\"533\" \/>\n\t<meta property=\"og:image:height\" content=\"400\" \/>\n\t<meta property=\"og:image:type\" content=\"image\/jpeg\" \/>\n<meta name=\"author\" content=\"enequipo\" \/>\n<meta name=\"twitter:card\" content=\"summary_large_image\" \/>\n<meta name=\"twitter:creator\" content=\"@sonoraenequipo\" \/>\n<meta name=\"twitter:site\" content=\"@sonoraenequipo\" \/>\n<meta name=\"twitter:label1\" content=\"Escrito por\" \/>\n\t<meta name=\"twitter:data1\" content=\"enequipo\" \/>\n\t<meta name=\"twitter:label2\" content=\"Tiempo de lectura\" \/>\n\t<meta name=\"twitter:data2\" content=\"6 minutos\" \/>\n<script type=\"application\/ld+json\" class=\"yoast-schema-graph\">{\"@context\":\"https:\/\/schema.org\",\"@graph\":[{\"@type\":\"Article\",\"@id\":\"https:\/\/www.sonoraenequipo.com.mx\/la-administracion-publica-y-la-educacion-tambien-han-sido-afectadas-por-la-pandemia-omar-guerrero\/#article\",\"isPartOf\":{\"@id\":\"https:\/\/www.sonoraenequipo.com.mx\/la-administracion-publica-y-la-educacion-tambien-han-sido-afectadas-por-la-pandemia-omar-guerrero\/\"},\"author\":{\"name\":\"enequipo\",\"@id\":\"https:\/\/www.sonoraenequipo.com.mx\/#\/schema\/person\/50102df0fb23a8fa9e8effad8fa81386\"},\"headline\":\"La Administraci\u00f3n P\u00fablica y la educaci\u00f3n tambi\u00e9n han sido afectadas por la pandemia: Omar Guerrero\",\"datePublished\":\"2020-11-15T03:25:40+00:00\",\"dateModified\":\"2020-11-15T15:31:52+00:00\",\"mainEntityOfPage\":{\"@id\":\"https:\/\/www.sonoraenequipo.com.mx\/la-administracion-publica-y-la-educacion-tambien-han-sido-afectadas-por-la-pandemia-omar-guerrero\/\"},\"wordCount\":1161,\"commentCount\":0,\"publisher\":{\"@id\":\"https:\/\/www.sonoraenequipo.com.mx\/#organization\"},\"image\":{\"@id\":\"https:\/\/www.sonoraenequipo.com.mx\/la-administracion-publica-y-la-educacion-tambien-han-sido-afectadas-por-la-pandemia-omar-guerrero\/#primaryimage\"},\"thumbnailUrl\":\"https:\/\/www.sonoraenequipo.com.mx\/storage\/2020\/11\/Doctor-Omar-Guerrero-Orozco_opt.jpg\",\"articleSection\":[\"Sonora\"],\"inLanguage\":\"es\",\"potentialAction\":[{\"@type\":\"CommentAction\",\"name\":\"Comment\",\"target\":[\"https:\/\/www.sonoraenequipo.com.mx\/la-administracion-publica-y-la-educacion-tambien-han-sido-afectadas-por-la-pandemia-omar-guerrero\/#respond\"]}]},{\"@type\":\"WebPage\",\"@id\":\"https:\/\/www.sonoraenequipo.com.mx\/la-administracion-publica-y-la-educacion-tambien-han-sido-afectadas-por-la-pandemia-omar-guerrero\/\",\"url\":\"https:\/\/www.sonoraenequipo.com.mx\/la-administracion-publica-y-la-educacion-tambien-han-sido-afectadas-por-la-pandemia-omar-guerrero\/\",\"name\":\"Sonora en Equipo. La Administraci\u00f3n P\u00fablica y la educaci\u00f3n tambi\u00e9n han sido afectadas por la pandemia: Omar Guerrero Sonora\",\"isPartOf\":{\"@id\":\"https:\/\/www.sonoraenequipo.com.mx\/#website\"},\"primaryImageOfPage\":{\"@id\":\"https:\/\/www.sonoraenequipo.com.mx\/la-administracion-publica-y-la-educacion-tambien-han-sido-afectadas-por-la-pandemia-omar-guerrero\/#primaryimage\"},\"image\":{\"@id\":\"https:\/\/www.sonoraenequipo.com.mx\/la-administracion-publica-y-la-educacion-tambien-han-sido-afectadas-por-la-pandemia-omar-guerrero\/#primaryimage\"},\"thumbnailUrl\":\"https:\/\/www.sonoraenequipo.com.mx\/storage\/2020\/11\/Doctor-Omar-Guerrero-Orozco_opt.jpg\",\"datePublished\":\"2020-11-15T03:25:40+00:00\",\"dateModified\":\"2020-11-15T15:31:52+00:00\",\"description\":\"HERMOSILLO, SONORA. MX. \u2014 Con la pandemia por la covid-19 el ejercicio p\u00fablico obviamente se ha visto afectado, porque labora s\u00f3lo un porcentaje de los En Sonora en Equipo publicamos toda la informaci\u00f3n de Sonora, M\u00e9xico y el Mundo de manera oportuna y busca que la libertad de expresi\u00f3n sea real. Visita nuestro medio informativo publicado desde Hermosillo, Sonora. %\",\"breadcrumb\":{\"@id\":\"https:\/\/www.sonoraenequipo.com.mx\/la-administracion-publica-y-la-educacion-tambien-han-sido-afectadas-por-la-pandemia-omar-guerrero\/#breadcrumb\"},\"inLanguage\":\"es\",\"potentialAction\":[{\"@type\":\"ReadAction\",\"target\":[\"https:\/\/www.sonoraenequipo.com.mx\/la-administracion-publica-y-la-educacion-tambien-han-sido-afectadas-por-la-pandemia-omar-guerrero\/\"]}]},{\"@type\":\"ImageObject\",\"inLanguage\":\"es\",\"@id\":\"https:\/\/www.sonoraenequipo.com.mx\/la-administracion-publica-y-la-educacion-tambien-han-sido-afectadas-por-la-pandemia-omar-guerrero\/#primaryimage\",\"url\":\"https:\/\/www.sonoraenequipo.com.mx\/storage\/2020\/11\/Doctor-Omar-Guerrero-Orozco_opt.jpg\",\"contentUrl\":\"https:\/\/www.sonoraenequipo.com.mx\/storage\/2020\/11\/Doctor-Omar-Guerrero-Orozco_opt.jpg\",\"width\":533,\"height\":400},{\"@type\":\"BreadcrumbList\",\"@id\":\"https:\/\/www.sonoraenequipo.com.mx\/la-administracion-publica-y-la-educacion-tambien-han-sido-afectadas-por-la-pandemia-omar-guerrero\/#breadcrumb\",\"itemListElement\":[{\"@type\":\"ListItem\",\"position\":1,\"name\":\"Portada\",\"item\":\"https:\/\/www.sonoraenequipo.com.mx\/\"},{\"@type\":\"ListItem\",\"position\":2,\"name\":\"La Administraci\u00f3n P\u00fablica y la educaci\u00f3n tambi\u00e9n han sido afectadas por la pandemia: Omar Guerrero\"}]},{\"@type\":\"WebSite\",\"@id\":\"https:\/\/www.sonoraenequipo.com.mx\/#website\",\"url\":\"https:\/\/www.sonoraenequipo.com.mx\/\",\"name\":\"Sonora en Equipo.\",\"description\":\"Diario en l\u00ednea con Noticias desde Hermosillo, Sonora\",\"publisher\":{\"@id\":\"https:\/\/www.sonoraenequipo.com.mx\/#organization\"},\"potentialAction\":[{\"@type\":\"SearchAction\",\"target\":{\"@type\":\"EntryPoint\",\"urlTemplate\":\"https:\/\/www.sonoraenequipo.com.mx\/?s={search_term_string}\"},\"query-input\":{\"@type\":\"PropertyValueSpecification\",\"valueRequired\":true,\"valueName\":\"search_term_string\"}}],\"inLanguage\":\"es\"},{\"@type\":\"Organization\",\"@id\":\"https:\/\/www.sonoraenequipo.com.mx\/#organization\",\"name\":\"Sonoraenequipo.com.mx\",\"url\":\"https:\/\/www.sonoraenequipo.com.mx\/\",\"logo\":{\"@type\":\"ImageObject\",\"inLanguage\":\"es\",\"@id\":\"https:\/\/www.sonoraenequipo.com.mx\/#\/schema\/logo\/image\/\",\"url\":\"https:\/\/www.sonoraenequipo.com.mx\/storage\/2019\/01\/sonoraenequipo_opt.png\",\"contentUrl\":\"https:\/\/www.sonoraenequipo.com.mx\/storage\/2019\/01\/sonoraenequipo_opt.png\",\"width\":375,\"height\":125,\"caption\":\"Sonoraenequipo.com.mx\"},\"image\":{\"@id\":\"https:\/\/www.sonoraenequipo.com.mx\/#\/schema\/logo\/image\/\"},\"sameAs\":[\"https:\/\/www.facebook.com\/SonoraEE\/\",\"https:\/\/x.com\/sonoraenequipo\",\"https:\/\/www.youtube.com\/channel\/UC338nW-lPEYmJQs4ZABQ1SQ\"]},{\"@type\":\"Person\",\"@id\":\"https:\/\/www.sonoraenequipo.com.mx\/#\/schema\/person\/50102df0fb23a8fa9e8effad8fa81386\",\"name\":\"enequipo\",\"image\":{\"@type\":\"ImageObject\",\"inLanguage\":\"es\",\"@id\":\"https:\/\/www.sonoraenequipo.com.mx\/#\/schema\/person\/image\/\",\"url\":\"https:\/\/secure.gravatar.com\/avatar\/049821681b589dabc0bc20695993ccebb09f5b5d4d790cd9251b97faac7c652b?s=96&d=blank&r=g\",\"contentUrl\":\"https:\/\/secure.gravatar.com\/avatar\/049821681b589dabc0bc20695993ccebb09f5b5d4d790cd9251b97faac7c652b?s=96&d=blank&r=g\",\"caption\":\"enequipo\"},\"sameAs\":[\"https:\/\/www.facebook.com\/SonoraEE\"]}]}<\/script>\n ","yoast_head_json":{"title":"Sonora en Equipo. La Administraci\u00f3n P\u00fablica y la educaci\u00f3n tambi\u00e9n han sido afectadas por la pandemia: Omar Guerrero Sonora","description":"HERMOSILLO, SONORA. MX. \u2014 Con la pandemia por la covid-19 el ejercicio p\u00fablico obviamente se ha visto afectado, porque labora s\u00f3lo un porcentaje de los En Sonora en Equipo publicamos toda la informaci\u00f3n de Sonora, M\u00e9xico y el Mundo de manera oportuna y busca que la libertad de expresi\u00f3n sea real. Visita nuestro medio informativo publicado desde Hermosillo, Sonora. %","robots":{"index":"index","follow":"follow","max-snippet":"max-snippet:-1","max-image-preview":"max-image-preview:large","max-video-preview":"max-video-preview:-1"},"canonical":"https:\/\/www.sonoraenequipo.com.mx\/la-administracion-publica-y-la-educacion-tambien-han-sido-afectadas-por-la-pandemia-omar-guerrero\/","og_locale":"es_ES","og_type":"article","og_title":"Sonora en Equipo. La Administraci\u00f3n P\u00fablica y la educaci\u00f3n tambi\u00e9n han sido afectadas por la pandemia: Omar Guerrero Sonora","og_description":"HERMOSILLO, SONORA. MX. \u2014 Con la pandemia por la covid-19 el ejercicio p\u00fablico obviamente se ha visto afectado, porque labora s\u00f3lo un porcentaje de los En Sonora en Equipo publicamos toda la informaci\u00f3n de Sonora, M\u00e9xico y el Mundo de manera oportuna y busca que la libertad de expresi\u00f3n sea real. Visita nuestro medio informativo publicado desde Hermosillo, Sonora. %","og_url":"https:\/\/www.sonoraenequipo.com.mx\/la-administracion-publica-y-la-educacion-tambien-han-sido-afectadas-por-la-pandemia-omar-guerrero\/","og_site_name":"Sonora en Equipo.","article_publisher":"https:\/\/www.facebook.com\/SonoraEE\/","article_author":"https:\/\/www.facebook.com\/SonoraEE","article_published_time":"2020-11-15T03:25:40+00:00","article_modified_time":"2020-11-15T15:31:52+00:00","og_image":[{"width":533,"height":400,"url":"https:\/\/www.sonoraenequipo.com.mx\/storage\/2020\/11\/Doctor-Omar-Guerrero-Orozco_opt.jpg","type":"image\/jpeg"}],"author":"enequipo","twitter_card":"summary_large_image","twitter_creator":"@sonoraenequipo","twitter_site":"@sonoraenequipo","twitter_misc":{"Escrito por":"enequipo","Tiempo de lectura":"6 minutos"},"schema":{"@context":"https:\/\/schema.org","@graph":[{"@type":"Article","@id":"https:\/\/www.sonoraenequipo.com.mx\/la-administracion-publica-y-la-educacion-tambien-han-sido-afectadas-por-la-pandemia-omar-guerrero\/#article","isPartOf":{"@id":"https:\/\/www.sonoraenequipo.com.mx\/la-administracion-publica-y-la-educacion-tambien-han-sido-afectadas-por-la-pandemia-omar-guerrero\/"},"author":{"name":"enequipo","@id":"https:\/\/www.sonoraenequipo.com.mx\/#\/schema\/person\/50102df0fb23a8fa9e8effad8fa81386"},"headline":"La Administraci\u00f3n P\u00fablica y la educaci\u00f3n tambi\u00e9n han sido afectadas por la pandemia: Omar Guerrero","datePublished":"2020-11-15T03:25:40+00:00","dateModified":"2020-11-15T15:31:52+00:00","mainEntityOfPage":{"@id":"https:\/\/www.sonoraenequipo.com.mx\/la-administracion-publica-y-la-educacion-tambien-han-sido-afectadas-por-la-pandemia-omar-guerrero\/"},"wordCount":1161,"commentCount":0,"publisher":{"@id":"https:\/\/www.sonoraenequipo.com.mx\/#organization"},"image":{"@id":"https:\/\/www.sonoraenequipo.com.mx\/la-administracion-publica-y-la-educacion-tambien-han-sido-afectadas-por-la-pandemia-omar-guerrero\/#primaryimage"},"thumbnailUrl":"https:\/\/www.sonoraenequipo.com.mx\/storage\/2020\/11\/Doctor-Omar-Guerrero-Orozco_opt.jpg","articleSection":["Sonora"],"inLanguage":"es","potentialAction":[{"@type":"CommentAction","name":"Comment","target":["https:\/\/www.sonoraenequipo.com.mx\/la-administracion-publica-y-la-educacion-tambien-han-sido-afectadas-por-la-pandemia-omar-guerrero\/#respond"]}]},{"@type":"WebPage","@id":"https:\/\/www.sonoraenequipo.com.mx\/la-administracion-publica-y-la-educacion-tambien-han-sido-afectadas-por-la-pandemia-omar-guerrero\/","url":"https:\/\/www.sonoraenequipo.com.mx\/la-administracion-publica-y-la-educacion-tambien-han-sido-afectadas-por-la-pandemia-omar-guerrero\/","name":"Sonora en Equipo. La Administraci\u00f3n P\u00fablica y la educaci\u00f3n tambi\u00e9n han sido afectadas por la pandemia: Omar Guerrero Sonora","isPartOf":{"@id":"https:\/\/www.sonoraenequipo.com.mx\/#website"},"primaryImageOfPage":{"@id":"https:\/\/www.sonoraenequipo.com.mx\/la-administracion-publica-y-la-educacion-tambien-han-sido-afectadas-por-la-pandemia-omar-guerrero\/#primaryimage"},"image":{"@id":"https:\/\/www.sonoraenequipo.com.mx\/la-administracion-publica-y-la-educacion-tambien-han-sido-afectadas-por-la-pandemia-omar-guerrero\/#primaryimage"},"thumbnailUrl":"https:\/\/www.sonoraenequipo.com.mx\/storage\/2020\/11\/Doctor-Omar-Guerrero-Orozco_opt.jpg","datePublished":"2020-11-15T03:25:40+00:00","dateModified":"2020-11-15T15:31:52+00:00","description":"HERMOSILLO, SONORA. MX. \u2014 Con la pandemia por la covid-19 el ejercicio p\u00fablico obviamente se ha visto afectado, porque labora s\u00f3lo un porcentaje de los En Sonora en Equipo publicamos toda la informaci\u00f3n de Sonora, M\u00e9xico y el Mundo de manera oportuna y busca que la libertad de expresi\u00f3n sea real. Visita nuestro medio informativo publicado desde Hermosillo, Sonora. %","breadcrumb":{"@id":"https:\/\/www.sonoraenequipo.com.mx\/la-administracion-publica-y-la-educacion-tambien-han-sido-afectadas-por-la-pandemia-omar-guerrero\/#breadcrumb"},"inLanguage":"es","potentialAction":[{"@type":"ReadAction","target":["https:\/\/www.sonoraenequipo.com.mx\/la-administracion-publica-y-la-educacion-tambien-han-sido-afectadas-por-la-pandemia-omar-guerrero\/"]}]},{"@type":"ImageObject","inLanguage":"es","@id":"https:\/\/www.sonoraenequipo.com.mx\/la-administracion-publica-y-la-educacion-tambien-han-sido-afectadas-por-la-pandemia-omar-guerrero\/#primaryimage","url":"https:\/\/www.sonoraenequipo.com.mx\/storage\/2020\/11\/Doctor-Omar-Guerrero-Orozco_opt.jpg","contentUrl":"https:\/\/www.sonoraenequipo.com.mx\/storage\/2020\/11\/Doctor-Omar-Guerrero-Orozco_opt.jpg","width":533,"height":400},{"@type":"BreadcrumbList","@id":"https:\/\/www.sonoraenequipo.com.mx\/la-administracion-publica-y-la-educacion-tambien-han-sido-afectadas-por-la-pandemia-omar-guerrero\/#breadcrumb","itemListElement":[{"@type":"ListItem","position":1,"name":"Portada","item":"https:\/\/www.sonoraenequipo.com.mx\/"},{"@type":"ListItem","position":2,"name":"La Administraci\u00f3n P\u00fablica y la educaci\u00f3n tambi\u00e9n han sido afectadas por la pandemia: Omar Guerrero"}]},{"@type":"WebSite","@id":"https:\/\/www.sonoraenequipo.com.mx\/#website","url":"https:\/\/www.sonoraenequipo.com.mx\/","name":"Sonora en Equipo.","description":"Diario en l\u00ednea con Noticias desde Hermosillo, Sonora","publisher":{"@id":"https:\/\/www.sonoraenequipo.com.mx\/#organization"},"potentialAction":[{"@type":"SearchAction","target":{"@type":"EntryPoint","urlTemplate":"https:\/\/www.sonoraenequipo.com.mx\/?s={search_term_string}"},"query-input":{"@type":"PropertyValueSpecification","valueRequired":true,"valueName":"search_term_string"}}],"inLanguage":"es"},{"@type":"Organization","@id":"https:\/\/www.sonoraenequipo.com.mx\/#organization","name":"Sonoraenequipo.com.mx","url":"https:\/\/www.sonoraenequipo.com.mx\/","logo":{"@type":"ImageObject","inLanguage":"es","@id":"https:\/\/www.sonoraenequipo.com.mx\/#\/schema\/logo\/image\/","url":"https:\/\/www.sonoraenequipo.com.mx\/storage\/2019\/01\/sonoraenequipo_opt.png","contentUrl":"https:\/\/www.sonoraenequipo.com.mx\/storage\/2019\/01\/sonoraenequipo_opt.png","width":375,"height":125,"caption":"Sonoraenequipo.com.mx"},"image":{"@id":"https:\/\/www.sonoraenequipo.com.mx\/#\/schema\/logo\/image\/"},"sameAs":["https:\/\/www.facebook.com\/SonoraEE\/","https:\/\/x.com\/sonoraenequipo","https:\/\/www.youtube.com\/channel\/UC338nW-lPEYmJQs4ZABQ1SQ"]},{"@type":"Person","@id":"https:\/\/www.sonoraenequipo.com.mx\/#\/schema\/person\/50102df0fb23a8fa9e8effad8fa81386","name":"enequipo","image":{"@type":"ImageObject","inLanguage":"es","@id":"https:\/\/www.sonoraenequipo.com.mx\/#\/schema\/person\/image\/","url":"https:\/\/secure.gravatar.com\/avatar\/049821681b589dabc0bc20695993ccebb09f5b5d4d790cd9251b97faac7c652b?s=96&d=blank&r=g","contentUrl":"https:\/\/secure.gravatar.com\/avatar\/049821681b589dabc0bc20695993ccebb09f5b5d4d790cd9251b97faac7c652b?s=96&d=blank&r=g","caption":"enequipo"},"sameAs":["https:\/\/www.facebook.com\/SonoraEE"]}]}},"jetpack_featured_media_url":"https:\/\/www.sonoraenequipo.com.mx\/storage\/2020\/11\/Doctor-Omar-Guerrero-Orozco_opt.jpg","_links":{"self":[{"href":"https:\/\/www.sonoraenequipo.com.mx\/api\/wp\/v2\/posts\/100347","targetHints":{"allow":["GET"]}}],"collection":[{"href":"https:\/\/www.sonoraenequipo.com.mx\/api\/wp\/v2\/posts"}],"about":[{"href":"https:\/\/www.sonoraenequipo.com.mx\/api\/wp\/v2\/types\/post"}],"author":[{"embeddable":true,"href":"https:\/\/www.sonoraenequipo.com.mx\/api\/wp\/v2\/users\/1"}],"replies":[{"embeddable":true,"href":"https:\/\/www.sonoraenequipo.com.mx\/api\/wp\/v2\/comments?post=100347"}],"version-history":[{"count":3,"href":"https:\/\/www.sonoraenequipo.com.mx\/api\/wp\/v2\/posts\/100347\/revisions"}],"predecessor-version":[{"id":100355,"href":"https:\/\/www.sonoraenequipo.com.mx\/api\/wp\/v2\/posts\/100347\/revisions\/100355"}],"wp:featuredmedia":[{"embeddable":true,"href":"https:\/\/www.sonoraenequipo.com.mx\/api\/wp\/v2\/media\/100349"}],"wp:attachment":[{"href":"https:\/\/www.sonoraenequipo.com.mx\/api\/wp\/v2\/media?parent=100347"}],"wp:term":[{"taxonomy":"category","embeddable":true,"href":"https:\/\/www.sonoraenequipo.com.mx\/api\/wp\/v2\/categories?post=100347"},{"taxonomy":"post_tag","embeddable":true,"href":"https:\/\/www.sonoraenequipo.com.mx\/api\/wp\/v2\/tags?post=100347"}],"curies":[{"name":"wp","href":"https:\/\/api.w.org\/{rel}","templated":true}]}}