{"id":100356,"date":"2020-11-14T10:35:27","date_gmt":"2020-11-14T17:35:27","guid":{"rendered":"https:\/\/www.sonoraenequipo.com.mx\/?p=100356"},"modified":"2020-11-14T21:44:01","modified_gmt":"2020-11-15T04:44:01","slug":"unison-sera-sede-de-la-proxima-sesion-ordinaria-numero-lviii-de-anuies","status":"publish","type":"post","link":"https:\/\/www.sonoraenequipo.com.mx\/unison-sera-sede-de-la-proxima-sesion-ordinaria-numero-lviii-de-anuies\/","title":{"rendered":"Unison ser\u00e1 sede de la pr\u00f3xima sesi\u00f3n ordinaria n\u00famero LVIII de Anuies"},"content":{"rendered":"<p>HERMOSILLO, SONORA. MX. \u2014 De manera un\u00e1nime, la asamblea general de la Asociaci\u00f3n Nacional de Universidades e Instituciones de Educaci\u00f3n Superior (Anuies) ratific\u00f3 a la Universidad de Sonora como sede de su Quincuag\u00e9sima Octava sesi\u00f3n ordinaria, a celebrarse durante el primer semestre del 2021.<\/p>\n<p>&nbsp;<\/p>\n<p> <\/p>\n<p>&nbsp;<\/p>\n<p>Durante su sesi\u00f3n LVII, celebrada el d\u00eda de hoy, que fue presidida por Rogelio Guillermo Garza Rivera, rector de la Universidad Aut\u00f3noma de Nuevo Le\u00f3n, estuvieron presentes 152 titulares de universidades e instituciones de educaci\u00f3n superior, quienes dieron su aprobaci\u00f3n para que la m\u00e1xima casa de estudios de Sonora sea la anfitriona, el pr\u00f3ximo a\u00f1o, de los trabajos de esta importante asociaci\u00f3n.<\/p>\n<p>&nbsp;<\/p>\n<p>&nbsp;<\/p>\n<p>En la misma asamblea general, a propuesta del secretario general ejecutivo de Anuies, Jaime Valls Esponda, tambi\u00e9n se ratific\u00f3 el nombramiento del rector de la Universidad de Sonora, Enrique Fernando Vel\u00e1zquez Contreras, como vicepresidente de la LVII sesi\u00f3n ordinaria.<\/p>\n<p>&nbsp;<\/p>\n<p>&nbsp;<\/p>\n<p>Durante el desarrollo de la reuni\u00f3n, celebrada de manera virtual, el subsecretario de Educaci\u00f3n Superior en el pa\u00eds, Luciano Concheiro B\u00f3rquez, destac\u00f3 la importancia de las universidades e instituciones de educaci\u00f3n superior para el desarrollo de M\u00e9xico, manifestando adem\u00e1s el papel fundamental que juegan en estos momentos de pandemia y de \u201cnueva normalidad\u201d, como catalizadores del cambio social.<\/p>\n<p>&nbsp;<\/p>\n<p>La sesi\u00f3n ordinaria n\u00famero LVII de Anuies se llev\u00f3 a cabo dentro del programa de actividades para festejar el 70 aniversario de dicha agrupaci\u00f3n, la cual fue creada en 1950 por un grupo de rectores visionarios reunidos en la Universidad de Sonora, y se ha convertido en una instituci\u00f3n vigorosa, fuerte, con compromiso social y ligada con las mejores acusas y proyecci\u00f3n nacional e internacional.<\/p>\n<p>&nbsp;<\/p>\n<p>Tambi\u00e9n durante los d\u00edas 12 y 13 de noviembre se realizaron las conferencias magistrales Adaptaci\u00f3n a los cambios disruptivos hacia las tendencias internacionales en educaci\u00f3n, a cargo de Michael T. Nettles, vicepresidente ejecutivo de Policy Evaluation &amp; Research Center, y Anuies. 70 a\u00f1os al servicio y fortalecimiento de la educaci\u00f3n superior, impartida por Carlos Pall\u00e1n Figueroa, secretario general ejecutivo, periodo 1993-1997.<\/p>\n<p>&nbsp;<\/p>\n<p>Tambi\u00e9n se llev\u00f3 a cabo la ceremonia protocolaria para hacer entrega del Premio Anuies 2020, el panel Ante los desaf\u00edos de la educaci\u00f3n superior,<\/p>\n<p>&nbsp;<\/p>\n<p>\u00bfCu\u00e1l es el rol de los l\u00edderes de las IES?, y la conferencia de clausura Disrupci\u00f3n e innovaci\u00f3n en educaci\u00f3n superior en un mundo de cambio para favorecer la empleabilidad, ofrecida por Elena Rodr\u00edguez Falc\u00f3n, integrante del Consejo Consultivo Internacional de la Universidad Aut\u00f3noma de Nuevo Le\u00f3n, as\u00ed como un concierto homenaje a Beethoven por la Orquesta Sinfon\u00eda de la UANL.<\/p>\n<p>&nbsp;<\/p>\n<p>(Publicada el 14\/11\/2020)<\/p>\n","protected":false},"excerpt":{"rendered":"<p>HERMOSILLO, SONORA. MX. \u2014 De manera un\u00e1nime, la asamblea general de la Asociaci\u00f3n Nacional de&#8230;<\/p>\n","protected":false},"author":1,"featured_media":100352,"comment_status":"open","ping_status":"open","sticky":false,"template":"","format":"standard","meta":{"_monsterinsights_skip_tracking":false,"_monsterinsights_sitenote_active":false,"_monsterinsights_sitenote_note":"","_monsterinsights_sitenote_category":0,"footnotes":""},"categories":[22],"tags":[],"class_list":["post"],"yoast_head":" \n<title>Sonora en Equipo. Unison ser\u00e1 sede de la pr\u00f3xima sesi\u00f3n ordinaria n\u00famero LVIII de Anuies Sonora<\/title>\n<meta name=\"description\" content=\"HERMOSILLO, SONORA. MX. \u2014 De manera un\u00e1nime, la asamblea general de la Asociaci\u00f3n Nacional de Universidades e Instituciones de Educaci\u00f3n Superior (Anuies) En Sonora en Equipo publicamos toda la informaci\u00f3n de Sonora, M\u00e9xico y el Mundo de manera oportuna y busca que la libertad de expresi\u00f3n sea real. Visita nuestro medio informativo publicado desde Hermosillo, Sonora. %\" \/>\n<meta name=\"robots\" content=\"index, follow, max-snippet:-1, max-image-preview:large, max-video-preview:-1\" \/>\n<link rel=\"canonical\" href=\"https:\/\/www.sonoraenequipo.com.mx\/unison-sera-sede-de-la-proxima-sesion-ordinaria-numero-lviii-de-anuies\/\" \/>\n<meta property=\"og:locale\" content=\"es_ES\" \/>\n<meta property=\"og:type\" content=\"article\" \/>\n<meta property=\"og:title\" content=\"Sonora en Equipo. Unison ser\u00e1 sede de la pr\u00f3xima sesi\u00f3n ordinaria n\u00famero LVIII de Anuies Sonora\" \/>\n<meta property=\"og:description\" content=\"HERMOSILLO, SONORA. MX. \u2014 De manera un\u00e1nime, la asamblea general de la Asociaci\u00f3n Nacional de Universidades e Instituciones de Educaci\u00f3n Superior (Anuies) En Sonora en Equipo publicamos toda la informaci\u00f3n de Sonora, M\u00e9xico y el Mundo de manera oportuna y busca que la libertad de expresi\u00f3n sea real. Visita nuestro medio informativo publicado desde Hermosillo, Sonora. %\" \/>\n<meta property=\"og:url\" content=\"https:\/\/www.sonoraenequipo.com.mx\/unison-sera-sede-de-la-proxima-sesion-ordinaria-numero-lviii-de-anuies\/\" \/>\n<meta property=\"og:site_name\" content=\"Sonora en Equipo.\" \/>\n<meta property=\"article:publisher\" content=\"https:\/\/www.facebook.com\/SonoraEE\/\" \/>\n<meta property=\"article:author\" content=\"https:\/\/www.facebook.com\/SonoraEE\" \/>\n<meta property=\"article:published_time\" content=\"2020-11-14T17:35:27+00:00\" \/>\n<meta property=\"article:modified_time\" content=\"2020-11-15T04:44:01+00:00\" \/>\n<meta property=\"og:image\" content=\"https:\/\/www.sonoraenequipo.com.mx\/storage\/2020\/11\/anuies-en-Unison_opt.jpg\" \/>\n\t<meta property=\"og:image:width\" content=\"600\" \/>\n\t<meta property=\"og:image:height\" content=\"400\" \/>\n\t<meta property=\"og:image:type\" content=\"image\/jpeg\" \/>\n<meta name=\"author\" content=\"enequipo\" \/>\n<meta name=\"twitter:card\" content=\"summary_large_image\" \/>\n<meta name=\"twitter:creator\" content=\"@sonoraenequipo\" \/>\n<meta name=\"twitter:site\" content=\"@sonoraenequipo\" \/>\n<meta name=\"twitter:label1\" content=\"Escrito por\" \/>\n\t<meta name=\"twitter:data1\" content=\"enequipo\" \/>\n\t<meta name=\"twitter:label2\" content=\"Tiempo de lectura\" \/>\n\t<meta name=\"twitter:data2\" content=\"2 minutos\" \/>\n<script type=\"application\/ld+json\" class=\"yoast-schema-graph\">{\"@context\":\"https:\/\/schema.org\",\"@graph\":[{\"@type\":\"Article\",\"@id\":\"https:\/\/www.sonoraenequipo.com.mx\/unison-sera-sede-de-la-proxima-sesion-ordinaria-numero-lviii-de-anuies\/#article\",\"isPartOf\":{\"@id\":\"https:\/\/www.sonoraenequipo.com.mx\/unison-sera-sede-de-la-proxima-sesion-ordinaria-numero-lviii-de-anuies\/\"},\"author\":{\"name\":\"enequipo\",\"@id\":\"https:\/\/www.sonoraenequipo.com.mx\/#\/schema\/person\/50102df0fb23a8fa9e8effad8fa81386\"},\"headline\":\"Unison ser\u00e1 sede de la pr\u00f3xima sesi\u00f3n ordinaria n\u00famero LVIII de Anuies\",\"datePublished\":\"2020-11-14T17:35:27+00:00\",\"dateModified\":\"2020-11-15T04:44:01+00:00\",\"mainEntityOfPage\":{\"@id\":\"https:\/\/www.sonoraenequipo.com.mx\/unison-sera-sede-de-la-proxima-sesion-ordinaria-numero-lviii-de-anuies\/\"},\"wordCount\":483,\"commentCount\":0,\"publisher\":{\"@id\":\"https:\/\/www.sonoraenequipo.com.mx\/#organization\"},\"image\":{\"@id\":\"https:\/\/www.sonoraenequipo.com.mx\/unison-sera-sede-de-la-proxima-sesion-ordinaria-numero-lviii-de-anuies\/#primaryimage\"},\"thumbnailUrl\":\"https:\/\/www.sonoraenequipo.com.mx\/storage\/2020\/11\/anuies-en-Unison_opt.jpg\",\"articleSection\":[\"Sonora\"],\"inLanguage\":\"es\",\"potentialAction\":[{\"@type\":\"CommentAction\",\"name\":\"Comment\",\"target\":[\"https:\/\/www.sonoraenequipo.com.mx\/unison-sera-sede-de-la-proxima-sesion-ordinaria-numero-lviii-de-anuies\/#respond\"]}]},{\"@type\":\"WebPage\",\"@id\":\"https:\/\/www.sonoraenequipo.com.mx\/unison-sera-sede-de-la-proxima-sesion-ordinaria-numero-lviii-de-anuies\/\",\"url\":\"https:\/\/www.sonoraenequipo.com.mx\/unison-sera-sede-de-la-proxima-sesion-ordinaria-numero-lviii-de-anuies\/\",\"name\":\"Sonora en Equipo. Unison ser\u00e1 sede de la pr\u00f3xima sesi\u00f3n ordinaria n\u00famero LVIII de Anuies Sonora\",\"isPartOf\":{\"@id\":\"https:\/\/www.sonoraenequipo.com.mx\/#website\"},\"primaryImageOfPage\":{\"@id\":\"https:\/\/www.sonoraenequipo.com.mx\/unison-sera-sede-de-la-proxima-sesion-ordinaria-numero-lviii-de-anuies\/#primaryimage\"},\"image\":{\"@id\":\"https:\/\/www.sonoraenequipo.com.mx\/unison-sera-sede-de-la-proxima-sesion-ordinaria-numero-lviii-de-anuies\/#primaryimage\"},\"thumbnailUrl\":\"https:\/\/www.sonoraenequipo.com.mx\/storage\/2020\/11\/anuies-en-Unison_opt.jpg\",\"datePublished\":\"2020-11-14T17:35:27+00:00\",\"dateModified\":\"2020-11-15T04:44:01+00:00\",\"description\":\"HERMOSILLO, SONORA. MX. \u2014 De manera un\u00e1nime, la asamblea general de la Asociaci\u00f3n Nacional de Universidades e Instituciones de Educaci\u00f3n Superior (Anuies) En Sonora en Equipo publicamos toda la informaci\u00f3n de Sonora, M\u00e9xico y el Mundo de manera oportuna y busca que la libertad de expresi\u00f3n sea real. Visita nuestro medio informativo publicado desde Hermosillo, Sonora. %\",\"breadcrumb\":{\"@id\":\"https:\/\/www.sonoraenequipo.com.mx\/unison-sera-sede-de-la-proxima-sesion-ordinaria-numero-lviii-de-anuies\/#breadcrumb\"},\"inLanguage\":\"es\",\"potentialAction\":[{\"@type\":\"ReadAction\",\"target\":[\"https:\/\/www.sonoraenequipo.com.mx\/unison-sera-sede-de-la-proxima-sesion-ordinaria-numero-lviii-de-anuies\/\"]}]},{\"@type\":\"ImageObject\",\"inLanguage\":\"es\",\"@id\":\"https:\/\/www.sonoraenequipo.com.mx\/unison-sera-sede-de-la-proxima-sesion-ordinaria-numero-lviii-de-anuies\/#primaryimage\",\"url\":\"https:\/\/www.sonoraenequipo.com.mx\/storage\/2020\/11\/anuies-en-Unison_opt.jpg\",\"contentUrl\":\"https:\/\/www.sonoraenequipo.com.mx\/storage\/2020\/11\/anuies-en-Unison_opt.jpg\",\"width\":600,\"height\":400},{\"@type\":\"BreadcrumbList\",\"@id\":\"https:\/\/www.sonoraenequipo.com.mx\/unison-sera-sede-de-la-proxima-sesion-ordinaria-numero-lviii-de-anuies\/#breadcrumb\",\"itemListElement\":[{\"@type\":\"ListItem\",\"position\":1,\"name\":\"Portada\",\"item\":\"https:\/\/www.sonoraenequipo.com.mx\/\"},{\"@type\":\"ListItem\",\"position\":2,\"name\":\"Unison ser\u00e1 sede de la pr\u00f3xima sesi\u00f3n ordinaria n\u00famero LVIII de Anuies\"}]},{\"@type\":\"WebSite\",\"@id\":\"https:\/\/www.sonoraenequipo.com.mx\/#website\",\"url\":\"https:\/\/www.sonoraenequipo.com.mx\/\",\"name\":\"Sonora en Equipo.\",\"description\":\"Diario en l\u00ednea con Noticias desde Hermosillo, Sonora\",\"publisher\":{\"@id\":\"https:\/\/www.sonoraenequipo.com.mx\/#organization\"},\"potentialAction\":[{\"@type\":\"SearchAction\",\"target\":{\"@type\":\"EntryPoint\",\"urlTemplate\":\"https:\/\/www.sonoraenequipo.com.mx\/?s={search_term_string}\"},\"query-input\":{\"@type\":\"PropertyValueSpecification\",\"valueRequired\":true,\"valueName\":\"search_term_string\"}}],\"inLanguage\":\"es\"},{\"@type\":\"Organization\",\"@id\":\"https:\/\/www.sonoraenequipo.com.mx\/#organization\",\"name\":\"Sonoraenequipo.com.mx\",\"url\":\"https:\/\/www.sonoraenequipo.com.mx\/\",\"logo\":{\"@type\":\"ImageObject\",\"inLanguage\":\"es\",\"@id\":\"https:\/\/www.sonoraenequipo.com.mx\/#\/schema\/logo\/image\/\",\"url\":\"https:\/\/www.sonoraenequipo.com.mx\/storage\/2019\/01\/sonoraenequipo_opt.png\",\"contentUrl\":\"https:\/\/www.sonoraenequipo.com.mx\/storage\/2019\/01\/sonoraenequipo_opt.png\",\"width\":375,\"height\":125,\"caption\":\"Sonoraenequipo.com.mx\"},\"image\":{\"@id\":\"https:\/\/www.sonoraenequipo.com.mx\/#\/schema\/logo\/image\/\"},\"sameAs\":[\"https:\/\/www.facebook.com\/SonoraEE\/\",\"https:\/\/x.com\/sonoraenequipo\",\"https:\/\/www.youtube.com\/channel\/UC338nW-lPEYmJQs4ZABQ1SQ\"]},{\"@type\":\"Person\",\"@id\":\"https:\/\/www.sonoraenequipo.com.mx\/#\/schema\/person\/50102df0fb23a8fa9e8effad8fa81386\",\"name\":\"enequipo\",\"image\":{\"@type\":\"ImageObject\",\"inLanguage\":\"es\",\"@id\":\"https:\/\/www.sonoraenequipo.com.mx\/#\/schema\/person\/image\/\",\"url\":\"https:\/\/secure.gravatar.com\/avatar\/049821681b589dabc0bc20695993ccebb09f5b5d4d790cd9251b97faac7c652b?s=96&d=blank&r=g\",\"contentUrl\":\"https:\/\/secure.gravatar.com\/avatar\/049821681b589dabc0bc20695993ccebb09f5b5d4d790cd9251b97faac7c652b?s=96&d=blank&r=g\",\"caption\":\"enequipo\"},\"sameAs\":[\"https:\/\/www.facebook.com\/SonoraEE\"]}]}<\/script>\n ","yoast_head_json":{"title":"Sonora en Equipo. Unison ser\u00e1 sede de la pr\u00f3xima sesi\u00f3n ordinaria n\u00famero LVIII de Anuies Sonora","description":"HERMOSILLO, SONORA. MX. \u2014 De manera un\u00e1nime, la asamblea general de la Asociaci\u00f3n Nacional de Universidades e Instituciones de Educaci\u00f3n Superior (Anuies) En Sonora en Equipo publicamos toda la informaci\u00f3n de Sonora, M\u00e9xico y el Mundo de manera oportuna y busca que la libertad de expresi\u00f3n sea real. Visita nuestro medio informativo publicado desde Hermosillo, Sonora. %","robots":{"index":"index","follow":"follow","max-snippet":"max-snippet:-1","max-image-preview":"max-image-preview:large","max-video-preview":"max-video-preview:-1"},"canonical":"https:\/\/www.sonoraenequipo.com.mx\/unison-sera-sede-de-la-proxima-sesion-ordinaria-numero-lviii-de-anuies\/","og_locale":"es_ES","og_type":"article","og_title":"Sonora en Equipo. Unison ser\u00e1 sede de la pr\u00f3xima sesi\u00f3n ordinaria n\u00famero LVIII de Anuies Sonora","og_description":"HERMOSILLO, SONORA. MX. \u2014 De manera un\u00e1nime, la asamblea general de la Asociaci\u00f3n Nacional de Universidades e Instituciones de Educaci\u00f3n Superior (Anuies) En Sonora en Equipo publicamos toda la informaci\u00f3n de Sonora, M\u00e9xico y el Mundo de manera oportuna y busca que la libertad de expresi\u00f3n sea real. Visita nuestro medio informativo publicado desde Hermosillo, Sonora. %","og_url":"https:\/\/www.sonoraenequipo.com.mx\/unison-sera-sede-de-la-proxima-sesion-ordinaria-numero-lviii-de-anuies\/","og_site_name":"Sonora en Equipo.","article_publisher":"https:\/\/www.facebook.com\/SonoraEE\/","article_author":"https:\/\/www.facebook.com\/SonoraEE","article_published_time":"2020-11-14T17:35:27+00:00","article_modified_time":"2020-11-15T04:44:01+00:00","og_image":[{"width":600,"height":400,"url":"https:\/\/www.sonoraenequipo.com.mx\/storage\/2020\/11\/anuies-en-Unison_opt.jpg","type":"image\/jpeg"}],"author":"enequipo","twitter_card":"summary_large_image","twitter_creator":"@sonoraenequipo","twitter_site":"@sonoraenequipo","twitter_misc":{"Escrito por":"enequipo","Tiempo de lectura":"2 minutos"},"schema":{"@context":"https:\/\/schema.org","@graph":[{"@type":"Article","@id":"https:\/\/www.sonoraenequipo.com.mx\/unison-sera-sede-de-la-proxima-sesion-ordinaria-numero-lviii-de-anuies\/#article","isPartOf":{"@id":"https:\/\/www.sonoraenequipo.com.mx\/unison-sera-sede-de-la-proxima-sesion-ordinaria-numero-lviii-de-anuies\/"},"author":{"name":"enequipo","@id":"https:\/\/www.sonoraenequipo.com.mx\/#\/schema\/person\/50102df0fb23a8fa9e8effad8fa81386"},"headline":"Unison ser\u00e1 sede de la pr\u00f3xima sesi\u00f3n ordinaria n\u00famero LVIII de Anuies","datePublished":"2020-11-14T17:35:27+00:00","dateModified":"2020-11-15T04:44:01+00:00","mainEntityOfPage":{"@id":"https:\/\/www.sonoraenequipo.com.mx\/unison-sera-sede-de-la-proxima-sesion-ordinaria-numero-lviii-de-anuies\/"},"wordCount":483,"commentCount":0,"publisher":{"@id":"https:\/\/www.sonoraenequipo.com.mx\/#organization"},"image":{"@id":"https:\/\/www.sonoraenequipo.com.mx\/unison-sera-sede-de-la-proxima-sesion-ordinaria-numero-lviii-de-anuies\/#primaryimage"},"thumbnailUrl":"https:\/\/www.sonoraenequipo.com.mx\/storage\/2020\/11\/anuies-en-Unison_opt.jpg","articleSection":["Sonora"],"inLanguage":"es","potentialAction":[{"@type":"CommentAction","name":"Comment","target":["https:\/\/www.sonoraenequipo.com.mx\/unison-sera-sede-de-la-proxima-sesion-ordinaria-numero-lviii-de-anuies\/#respond"]}]},{"@type":"WebPage","@id":"https:\/\/www.sonoraenequipo.com.mx\/unison-sera-sede-de-la-proxima-sesion-ordinaria-numero-lviii-de-anuies\/","url":"https:\/\/www.sonoraenequipo.com.mx\/unison-sera-sede-de-la-proxima-sesion-ordinaria-numero-lviii-de-anuies\/","name":"Sonora en Equipo. Unison ser\u00e1 sede de la pr\u00f3xima sesi\u00f3n ordinaria n\u00famero LVIII de Anuies Sonora","isPartOf":{"@id":"https:\/\/www.sonoraenequipo.com.mx\/#website"},"primaryImageOfPage":{"@id":"https:\/\/www.sonoraenequipo.com.mx\/unison-sera-sede-de-la-proxima-sesion-ordinaria-numero-lviii-de-anuies\/#primaryimage"},"image":{"@id":"https:\/\/www.sonoraenequipo.com.mx\/unison-sera-sede-de-la-proxima-sesion-ordinaria-numero-lviii-de-anuies\/#primaryimage"},"thumbnailUrl":"https:\/\/www.sonoraenequipo.com.mx\/storage\/2020\/11\/anuies-en-Unison_opt.jpg","datePublished":"2020-11-14T17:35:27+00:00","dateModified":"2020-11-15T04:44:01+00:00","description":"HERMOSILLO, SONORA. MX. \u2014 De manera un\u00e1nime, la asamblea general de la Asociaci\u00f3n Nacional de Universidades e Instituciones de Educaci\u00f3n Superior (Anuies) En Sonora en Equipo publicamos toda la informaci\u00f3n de Sonora, M\u00e9xico y el Mundo de manera oportuna y busca que la libertad de expresi\u00f3n sea real. Visita nuestro medio informativo publicado desde Hermosillo, Sonora. %","breadcrumb":{"@id":"https:\/\/www.sonoraenequipo.com.mx\/unison-sera-sede-de-la-proxima-sesion-ordinaria-numero-lviii-de-anuies\/#breadcrumb"},"inLanguage":"es","potentialAction":[{"@type":"ReadAction","target":["https:\/\/www.sonoraenequipo.com.mx\/unison-sera-sede-de-la-proxima-sesion-ordinaria-numero-lviii-de-anuies\/"]}]},{"@type":"ImageObject","inLanguage":"es","@id":"https:\/\/www.sonoraenequipo.com.mx\/unison-sera-sede-de-la-proxima-sesion-ordinaria-numero-lviii-de-anuies\/#primaryimage","url":"https:\/\/www.sonoraenequipo.com.mx\/storage\/2020\/11\/anuies-en-Unison_opt.jpg","contentUrl":"https:\/\/www.sonoraenequipo.com.mx\/storage\/2020\/11\/anuies-en-Unison_opt.jpg","width":600,"height":400},{"@type":"BreadcrumbList","@id":"https:\/\/www.sonoraenequipo.com.mx\/unison-sera-sede-de-la-proxima-sesion-ordinaria-numero-lviii-de-anuies\/#breadcrumb","itemListElement":[{"@type":"ListItem","position":1,"name":"Portada","item":"https:\/\/www.sonoraenequipo.com.mx\/"},{"@type":"ListItem","position":2,"name":"Unison ser\u00e1 sede de la pr\u00f3xima sesi\u00f3n ordinaria n\u00famero LVIII de Anuies"}]},{"@type":"WebSite","@id":"https:\/\/www.sonoraenequipo.com.mx\/#website","url":"https:\/\/www.sonoraenequipo.com.mx\/","name":"Sonora en Equipo.","description":"Diario en l\u00ednea con Noticias desde Hermosillo, Sonora","publisher":{"@id":"https:\/\/www.sonoraenequipo.com.mx\/#organization"},"potentialAction":[{"@type":"SearchAction","target":{"@type":"EntryPoint","urlTemplate":"https:\/\/www.sonoraenequipo.com.mx\/?s={search_term_string}"},"query-input":{"@type":"PropertyValueSpecification","valueRequired":true,"valueName":"search_term_string"}}],"inLanguage":"es"},{"@type":"Organization","@id":"https:\/\/www.sonoraenequipo.com.mx\/#organization","name":"Sonoraenequipo.com.mx","url":"https:\/\/www.sonoraenequipo.com.mx\/","logo":{"@type":"ImageObject","inLanguage":"es","@id":"https:\/\/www.sonoraenequipo.com.mx\/#\/schema\/logo\/image\/","url":"https:\/\/www.sonoraenequipo.com.mx\/storage\/2019\/01\/sonoraenequipo_opt.png","contentUrl":"https:\/\/www.sonoraenequipo.com.mx\/storage\/2019\/01\/sonoraenequipo_opt.png","width":375,"height":125,"caption":"Sonoraenequipo.com.mx"},"image":{"@id":"https:\/\/www.sonoraenequipo.com.mx\/#\/schema\/logo\/image\/"},"sameAs":["https:\/\/www.facebook.com\/SonoraEE\/","https:\/\/x.com\/sonoraenequipo","https:\/\/www.youtube.com\/channel\/UC338nW-lPEYmJQs4ZABQ1SQ"]},{"@type":"Person","@id":"https:\/\/www.sonoraenequipo.com.mx\/#\/schema\/person\/50102df0fb23a8fa9e8effad8fa81386","name":"enequipo","image":{"@type":"ImageObject","inLanguage":"es","@id":"https:\/\/www.sonoraenequipo.com.mx\/#\/schema\/person\/image\/","url":"https:\/\/secure.gravatar.com\/avatar\/049821681b589dabc0bc20695993ccebb09f5b5d4d790cd9251b97faac7c652b?s=96&d=blank&r=g","contentUrl":"https:\/\/secure.gravatar.com\/avatar\/049821681b589dabc0bc20695993ccebb09f5b5d4d790cd9251b97faac7c652b?s=96&d=blank&r=g","caption":"enequipo"},"sameAs":["https:\/\/www.facebook.com\/SonoraEE"]}]}},"jetpack_featured_media_url":"https:\/\/www.sonoraenequipo.com.mx\/storage\/2020\/11\/anuies-en-Unison_opt.jpg","_links":{"self":[{"href":"https:\/\/www.sonoraenequipo.com.mx\/api\/wp\/v2\/posts\/100356","targetHints":{"allow":["GET"]}}],"collection":[{"href":"https:\/\/www.sonoraenequipo.com.mx\/api\/wp\/v2\/posts"}],"about":[{"href":"https:\/\/www.sonoraenequipo.com.mx\/api\/wp\/v2\/types\/post"}],"author":[{"embeddable":true,"href":"https:\/\/www.sonoraenequipo.com.mx\/api\/wp\/v2\/users\/1"}],"replies":[{"embeddable":true,"href":"https:\/\/www.sonoraenequipo.com.mx\/api\/wp\/v2\/comments?post=100356"}],"version-history":[{"count":3,"href":"https:\/\/www.sonoraenequipo.com.mx\/api\/wp\/v2\/posts\/100356\/revisions"}],"predecessor-version":[{"id":100359,"href":"https:\/\/www.sonoraenequipo.com.mx\/api\/wp\/v2\/posts\/100356\/revisions\/100359"}],"wp:featuredmedia":[{"embeddable":true,"href":"https:\/\/www.sonoraenequipo.com.mx\/api\/wp\/v2\/media\/100352"}],"wp:attachment":[{"href":"https:\/\/www.sonoraenequipo.com.mx\/api\/wp\/v2\/media?parent=100356"}],"wp:term":[{"taxonomy":"category","embeddable":true,"href":"https:\/\/www.sonoraenequipo.com.mx\/api\/wp\/v2\/categories?post=100356"},{"taxonomy":"post_tag","embeddable":true,"href":"https:\/\/www.sonoraenequipo.com.mx\/api\/wp\/v2\/tags?post=100356"}],"curies":[{"name":"wp","href":"https:\/\/api.w.org\/{rel}","templated":true}]}}