{"id":101446,"date":"2020-11-27T18:52:19","date_gmt":"2020-11-28T01:52:19","guid":{"rendered":"https:\/\/www.sonoraenequipo.com.mx\/?p=101446"},"modified":"2020-11-27T18:52:48","modified_gmt":"2020-11-28T01:52:48","slug":"presenta-salud-sonora-mapa-sonora-anticipa-2","status":"publish","type":"post","link":"https:\/\/www.sonoraenequipo.com.mx\/presenta-salud-sonora-mapa-sonora-anticipa-2\/","title":{"rendered":"Presenta Salud Sonora Mapa Sonora Anticipa"},"content":{"rendered":"<p>HERMOSILLO, SONORA. MX. \u2014\u00a0 El Mapa Sonora Anticipa que prev\u00e9 el acuerdo<em><strong> \u2018\u2019Por un Sonora en Sem\u00e1foro Verde\u2019\u2019<\/strong> <\/em>establecido entre el Consejo Estatal de Salud y municipios, consiste en definir el riesgo de contagio por comunidad para llevar a cabo las acciones necesarias que eviten contagios y muertes por COVID-19, inform\u00f3 Enrique Clausen Iberri.<\/p>\n<p>&nbsp;<\/p>\n<p> <\/p>\n<p>&nbsp;<\/p>\n<p>&nbsp;<\/p>\n<p>El secretario de Salud de Sonora explic\u00f3 que este mapa se presentar\u00e1 cada s\u00e1bado; priorizando a los ayuntamientos con mayor poblaci\u00f3n o riesgos seg\u00fan su situaci\u00f3n actual, sin embargo, aclar\u00f3 que los 72 municipios de Sonora estar\u00e1n permanentemente monitoreados y evaluados.<\/p>\n<p>&nbsp;<\/p>\n<p>&nbsp;<\/p>\n<p><em>\u2018\u2019Cada municipio vive la epidemia diferente y se requieren acciones diferenciadas, donde el Mapa Sonora Anticipa les dicta los l\u00edmites de horarios y aforos dependiendo de en qu\u00e9 nivel de riesgo se encuentren\u2019\u2019,<\/em> declar\u00f3.<\/p>\n<p>&nbsp;<\/p>\n<p>&nbsp;<\/p>\n<p>Puntualiz\u00f3 que la diferenciaci\u00f3n de riesgo que contempla el Mapa Sonora Anticipa es: riesgo bajo, riesgo medio, riesgo alto y riesgo m\u00e1ximo, donde cada un completa horarios y aforos para los establecimientos de diferentes giros comerciales.<\/p>\n<p>&nbsp;<\/p>\n<p>&nbsp;<\/p>\n<p>Gerardo \u00c1lvarez Hern\u00e1ndez, director de Promoci\u00f3n a la Salud y Prevenci\u00f3n de Enfermedades, agreg\u00f3 que se maneja un indicador de porcentaje de positividad semanal al virus SARS-CoV-2 con una escala de 0 a 40 puntos y con base en ella se categorizar\u00e1 el riesgo en bajo, medio, alto y m\u00e1ximo.<\/p>\n<p>&nbsp;<\/p>\n<p><em>\u201cEl Mapa Sonora Anticipa responde a la heterogeneidad de la epidemia, se vincula con acciones de prevenci\u00f3n y control que mitigan el riesgo de contagio y garantizan en un marco razonable de seguridad, las actividades econ\u00f3micas y sociales de cada comunidad\u201d<\/em>, precis\u00f3.<\/p>\n<p>&nbsp;<\/p>\n<p>Denica Cruz Loustaunau, directora de Epidemiolog\u00eda subray\u00f3 que el mapa es un instrumento para la estratificaci\u00f3n del riesgo de transmisi\u00f3n del virus, con el fin de regular la convivencia y las actividades econ\u00f3micas, con el aforo y el horario que les corresponda seg\u00fan su nivel de riesgo.<\/p>\n<p>&nbsp;<\/p>\n<p>(Publicada el 27\/11\/2020<\/p>\n","protected":false},"excerpt":{"rendered":"<p>HERMOSILLO, SONORA. MX. \u2014\u00a0 El Mapa Sonora Anticipa que prev\u00e9 el acuerdo \u2018\u2019Por un Sonora&#8230;<\/p>\n","protected":false},"author":1,"featured_media":101448,"comment_status":"open","ping_status":"open","sticky":false,"template":"","format":"standard","meta":{"_monsterinsights_skip_tracking":false,"_monsterinsights_sitenote_active":false,"_monsterinsights_sitenote_note":"","_monsterinsights_sitenote_category":0,"footnotes":""},"categories":[22],"tags":[],"class_list":["post"],"yoast_head":" \n<title>Sonora en Equipo. Presenta Salud Sonora Mapa Sonora Anticipa Sonora<\/title>\n<meta name=\"description\" content=\"HERMOSILLO, SONORA. MX. \u2014\u00a0 El Mapa Sonora Anticipa que prev\u00e9 el acuerdo \u2018\u2019Por un Sonora en Sem\u00e1foro Verde\u2019\u2019 establecido entre el Consejo Estatal de Salud En Sonora en Equipo publicamos toda la informaci\u00f3n de Sonora, M\u00e9xico y el Mundo de manera oportuna y busca que la libertad de expresi\u00f3n sea real. Visita nuestro medio informativo publicado desde Hermosillo, Sonora. %\" \/>\n<meta name=\"robots\" content=\"index, follow, max-snippet:-1, max-image-preview:large, max-video-preview:-1\" \/>\n<link rel=\"canonical\" href=\"https:\/\/www.sonoraenequipo.com.mx\/presenta-salud-sonora-mapa-sonora-anticipa-2\/\" \/>\n<meta property=\"og:locale\" content=\"es_ES\" \/>\n<meta property=\"og:type\" content=\"article\" \/>\n<meta property=\"og:title\" content=\"Sonora en Equipo. Presenta Salud Sonora Mapa Sonora Anticipa Sonora\" \/>\n<meta property=\"og:description\" content=\"HERMOSILLO, SONORA. MX. \u2014\u00a0 El Mapa Sonora Anticipa que prev\u00e9 el acuerdo \u2018\u2019Por un Sonora en Sem\u00e1foro Verde\u2019\u2019 establecido entre el Consejo Estatal de Salud En Sonora en Equipo publicamos toda la informaci\u00f3n de Sonora, M\u00e9xico y el Mundo de manera oportuna y busca que la libertad de expresi\u00f3n sea real. Visita nuestro medio informativo publicado desde Hermosillo, Sonora. %\" \/>\n<meta property=\"og:url\" content=\"https:\/\/www.sonoraenequipo.com.mx\/presenta-salud-sonora-mapa-sonora-anticipa-2\/\" \/>\n<meta property=\"og:site_name\" content=\"Sonora en Equipo.\" \/>\n<meta property=\"article:publisher\" content=\"https:\/\/www.facebook.com\/SonoraEE\/\" \/>\n<meta property=\"article:author\" content=\"https:\/\/www.facebook.com\/SonoraEE\" \/>\n<meta property=\"article:published_time\" content=\"2020-11-28T01:52:19+00:00\" \/>\n<meta property=\"article:modified_time\" content=\"2020-11-28T01:52:48+00:00\" \/>\n<meta property=\"og:image\" content=\"https:\/\/www.sonoraenequipo.com.mx\/storage\/2020\/11\/Xunsonoraverde-3_opt1.jpg\" \/>\n\t<meta property=\"og:image:width\" content=\"713\" \/>\n\t<meta property=\"og:image:height\" content=\"400\" \/>\n\t<meta property=\"og:image:type\" content=\"image\/jpeg\" \/>\n<meta name=\"author\" content=\"enequipo\" \/>\n<meta name=\"twitter:card\" content=\"summary_large_image\" \/>\n<meta name=\"twitter:creator\" content=\"@sonoraenequipo\" \/>\n<meta name=\"twitter:site\" content=\"@sonoraenequipo\" \/>\n<meta name=\"twitter:label1\" content=\"Escrito por\" \/>\n\t<meta name=\"twitter:data1\" content=\"enequipo\" \/>\n\t<meta name=\"twitter:label2\" content=\"Tiempo de lectura\" \/>\n\t<meta name=\"twitter:data2\" content=\"2 minutos\" \/>\n<script type=\"application\/ld+json\" class=\"yoast-schema-graph\">{\"@context\":\"https:\/\/schema.org\",\"@graph\":[{\"@type\":\"Article\",\"@id\":\"https:\/\/www.sonoraenequipo.com.mx\/presenta-salud-sonora-mapa-sonora-anticipa-2\/#article\",\"isPartOf\":{\"@id\":\"https:\/\/www.sonoraenequipo.com.mx\/presenta-salud-sonora-mapa-sonora-anticipa-2\/\"},\"author\":{\"name\":\"enequipo\",\"@id\":\"https:\/\/www.sonoraenequipo.com.mx\/#\/schema\/person\/50102df0fb23a8fa9e8effad8fa81386\"},\"headline\":\"Presenta Salud Sonora Mapa Sonora Anticipa\",\"datePublished\":\"2020-11-28T01:52:19+00:00\",\"dateModified\":\"2020-11-28T01:52:48+00:00\",\"mainEntityOfPage\":{\"@id\":\"https:\/\/www.sonoraenequipo.com.mx\/presenta-salud-sonora-mapa-sonora-anticipa-2\/\"},\"wordCount\":340,\"commentCount\":0,\"publisher\":{\"@id\":\"https:\/\/www.sonoraenequipo.com.mx\/#organization\"},\"image\":{\"@id\":\"https:\/\/www.sonoraenequipo.com.mx\/presenta-salud-sonora-mapa-sonora-anticipa-2\/#primaryimage\"},\"thumbnailUrl\":\"https:\/\/www.sonoraenequipo.com.mx\/storage\/2020\/11\/Xunsonoraverde-3_opt1.jpg\",\"articleSection\":[\"Sonora\"],\"inLanguage\":\"es\",\"potentialAction\":[{\"@type\":\"CommentAction\",\"name\":\"Comment\",\"target\":[\"https:\/\/www.sonoraenequipo.com.mx\/presenta-salud-sonora-mapa-sonora-anticipa-2\/#respond\"]}]},{\"@type\":\"WebPage\",\"@id\":\"https:\/\/www.sonoraenequipo.com.mx\/presenta-salud-sonora-mapa-sonora-anticipa-2\/\",\"url\":\"https:\/\/www.sonoraenequipo.com.mx\/presenta-salud-sonora-mapa-sonora-anticipa-2\/\",\"name\":\"Sonora en Equipo. Presenta Salud Sonora Mapa Sonora Anticipa Sonora\",\"isPartOf\":{\"@id\":\"https:\/\/www.sonoraenequipo.com.mx\/#website\"},\"primaryImageOfPage\":{\"@id\":\"https:\/\/www.sonoraenequipo.com.mx\/presenta-salud-sonora-mapa-sonora-anticipa-2\/#primaryimage\"},\"image\":{\"@id\":\"https:\/\/www.sonoraenequipo.com.mx\/presenta-salud-sonora-mapa-sonora-anticipa-2\/#primaryimage\"},\"thumbnailUrl\":\"https:\/\/www.sonoraenequipo.com.mx\/storage\/2020\/11\/Xunsonoraverde-3_opt1.jpg\",\"datePublished\":\"2020-11-28T01:52:19+00:00\",\"dateModified\":\"2020-11-28T01:52:48+00:00\",\"description\":\"HERMOSILLO, SONORA. MX. \u2014\u00a0 El Mapa Sonora Anticipa que prev\u00e9 el acuerdo \u2018\u2019Por un Sonora en Sem\u00e1foro Verde\u2019\u2019 establecido entre el Consejo Estatal de Salud En Sonora en Equipo publicamos toda la informaci\u00f3n de Sonora, M\u00e9xico y el Mundo de manera oportuna y busca que la libertad de expresi\u00f3n sea real. Visita nuestro medio informativo publicado desde Hermosillo, Sonora. %\",\"breadcrumb\":{\"@id\":\"https:\/\/www.sonoraenequipo.com.mx\/presenta-salud-sonora-mapa-sonora-anticipa-2\/#breadcrumb\"},\"inLanguage\":\"es\",\"potentialAction\":[{\"@type\":\"ReadAction\",\"target\":[\"https:\/\/www.sonoraenequipo.com.mx\/presenta-salud-sonora-mapa-sonora-anticipa-2\/\"]}]},{\"@type\":\"ImageObject\",\"inLanguage\":\"es\",\"@id\":\"https:\/\/www.sonoraenequipo.com.mx\/presenta-salud-sonora-mapa-sonora-anticipa-2\/#primaryimage\",\"url\":\"https:\/\/www.sonoraenequipo.com.mx\/storage\/2020\/11\/Xunsonoraverde-3_opt1.jpg\",\"contentUrl\":\"https:\/\/www.sonoraenequipo.com.mx\/storage\/2020\/11\/Xunsonoraverde-3_opt1.jpg\",\"width\":713,\"height\":400},{\"@type\":\"BreadcrumbList\",\"@id\":\"https:\/\/www.sonoraenequipo.com.mx\/presenta-salud-sonora-mapa-sonora-anticipa-2\/#breadcrumb\",\"itemListElement\":[{\"@type\":\"ListItem\",\"position\":1,\"name\":\"Portada\",\"item\":\"https:\/\/www.sonoraenequipo.com.mx\/\"},{\"@type\":\"ListItem\",\"position\":2,\"name\":\"Presenta Salud Sonora Mapa Sonora Anticipa\"}]},{\"@type\":\"WebSite\",\"@id\":\"https:\/\/www.sonoraenequipo.com.mx\/#website\",\"url\":\"https:\/\/www.sonoraenequipo.com.mx\/\",\"name\":\"Sonora en Equipo.\",\"description\":\"Diario en l\u00ednea con Noticias desde Hermosillo, Sonora\",\"publisher\":{\"@id\":\"https:\/\/www.sonoraenequipo.com.mx\/#organization\"},\"potentialAction\":[{\"@type\":\"SearchAction\",\"target\":{\"@type\":\"EntryPoint\",\"urlTemplate\":\"https:\/\/www.sonoraenequipo.com.mx\/?s={search_term_string}\"},\"query-input\":{\"@type\":\"PropertyValueSpecification\",\"valueRequired\":true,\"valueName\":\"search_term_string\"}}],\"inLanguage\":\"es\"},{\"@type\":\"Organization\",\"@id\":\"https:\/\/www.sonoraenequipo.com.mx\/#organization\",\"name\":\"Sonoraenequipo.com.mx\",\"url\":\"https:\/\/www.sonoraenequipo.com.mx\/\",\"logo\":{\"@type\":\"ImageObject\",\"inLanguage\":\"es\",\"@id\":\"https:\/\/www.sonoraenequipo.com.mx\/#\/schema\/logo\/image\/\",\"url\":\"https:\/\/www.sonoraenequipo.com.mx\/storage\/2019\/01\/sonoraenequipo_opt.png\",\"contentUrl\":\"https:\/\/www.sonoraenequipo.com.mx\/storage\/2019\/01\/sonoraenequipo_opt.png\",\"width\":375,\"height\":125,\"caption\":\"Sonoraenequipo.com.mx\"},\"image\":{\"@id\":\"https:\/\/www.sonoraenequipo.com.mx\/#\/schema\/logo\/image\/\"},\"sameAs\":[\"https:\/\/www.facebook.com\/SonoraEE\/\",\"https:\/\/x.com\/sonoraenequipo\",\"https:\/\/www.youtube.com\/channel\/UC338nW-lPEYmJQs4ZABQ1SQ\"]},{\"@type\":\"Person\",\"@id\":\"https:\/\/www.sonoraenequipo.com.mx\/#\/schema\/person\/50102df0fb23a8fa9e8effad8fa81386\",\"name\":\"enequipo\",\"image\":{\"@type\":\"ImageObject\",\"inLanguage\":\"es\",\"@id\":\"https:\/\/www.sonoraenequipo.com.mx\/#\/schema\/person\/image\/\",\"url\":\"https:\/\/secure.gravatar.com\/avatar\/049821681b589dabc0bc20695993ccebb09f5b5d4d790cd9251b97faac7c652b?s=96&d=blank&r=g\",\"contentUrl\":\"https:\/\/secure.gravatar.com\/avatar\/049821681b589dabc0bc20695993ccebb09f5b5d4d790cd9251b97faac7c652b?s=96&d=blank&r=g\",\"caption\":\"enequipo\"},\"sameAs\":[\"https:\/\/www.facebook.com\/SonoraEE\"]}]}<\/script>\n ","yoast_head_json":{"title":"Sonora en Equipo. Presenta Salud Sonora Mapa Sonora Anticipa Sonora","description":"HERMOSILLO, SONORA. MX. \u2014\u00a0 El Mapa Sonora Anticipa que prev\u00e9 el acuerdo \u2018\u2019Por un Sonora en Sem\u00e1foro Verde\u2019\u2019 establecido entre el Consejo Estatal de Salud En Sonora en Equipo publicamos toda la informaci\u00f3n de Sonora, M\u00e9xico y el Mundo de manera oportuna y busca que la libertad de expresi\u00f3n sea real. Visita nuestro medio informativo publicado desde Hermosillo, Sonora. %","robots":{"index":"index","follow":"follow","max-snippet":"max-snippet:-1","max-image-preview":"max-image-preview:large","max-video-preview":"max-video-preview:-1"},"canonical":"https:\/\/www.sonoraenequipo.com.mx\/presenta-salud-sonora-mapa-sonora-anticipa-2\/","og_locale":"es_ES","og_type":"article","og_title":"Sonora en Equipo. Presenta Salud Sonora Mapa Sonora Anticipa Sonora","og_description":"HERMOSILLO, SONORA. MX. \u2014\u00a0 El Mapa Sonora Anticipa que prev\u00e9 el acuerdo \u2018\u2019Por un Sonora en Sem\u00e1foro Verde\u2019\u2019 establecido entre el Consejo Estatal de Salud En Sonora en Equipo publicamos toda la informaci\u00f3n de Sonora, M\u00e9xico y el Mundo de manera oportuna y busca que la libertad de expresi\u00f3n sea real. Visita nuestro medio informativo publicado desde Hermosillo, Sonora. %","og_url":"https:\/\/www.sonoraenequipo.com.mx\/presenta-salud-sonora-mapa-sonora-anticipa-2\/","og_site_name":"Sonora en Equipo.","article_publisher":"https:\/\/www.facebook.com\/SonoraEE\/","article_author":"https:\/\/www.facebook.com\/SonoraEE","article_published_time":"2020-11-28T01:52:19+00:00","article_modified_time":"2020-11-28T01:52:48+00:00","og_image":[{"width":713,"height":400,"url":"https:\/\/www.sonoraenequipo.com.mx\/storage\/2020\/11\/Xunsonoraverde-3_opt1.jpg","type":"image\/jpeg"}],"author":"enequipo","twitter_card":"summary_large_image","twitter_creator":"@sonoraenequipo","twitter_site":"@sonoraenequipo","twitter_misc":{"Escrito por":"enequipo","Tiempo de lectura":"2 minutos"},"schema":{"@context":"https:\/\/schema.org","@graph":[{"@type":"Article","@id":"https:\/\/www.sonoraenequipo.com.mx\/presenta-salud-sonora-mapa-sonora-anticipa-2\/#article","isPartOf":{"@id":"https:\/\/www.sonoraenequipo.com.mx\/presenta-salud-sonora-mapa-sonora-anticipa-2\/"},"author":{"name":"enequipo","@id":"https:\/\/www.sonoraenequipo.com.mx\/#\/schema\/person\/50102df0fb23a8fa9e8effad8fa81386"},"headline":"Presenta Salud Sonora Mapa Sonora Anticipa","datePublished":"2020-11-28T01:52:19+00:00","dateModified":"2020-11-28T01:52:48+00:00","mainEntityOfPage":{"@id":"https:\/\/www.sonoraenequipo.com.mx\/presenta-salud-sonora-mapa-sonora-anticipa-2\/"},"wordCount":340,"commentCount":0,"publisher":{"@id":"https:\/\/www.sonoraenequipo.com.mx\/#organization"},"image":{"@id":"https:\/\/www.sonoraenequipo.com.mx\/presenta-salud-sonora-mapa-sonora-anticipa-2\/#primaryimage"},"thumbnailUrl":"https:\/\/www.sonoraenequipo.com.mx\/storage\/2020\/11\/Xunsonoraverde-3_opt1.jpg","articleSection":["Sonora"],"inLanguage":"es","potentialAction":[{"@type":"CommentAction","name":"Comment","target":["https:\/\/www.sonoraenequipo.com.mx\/presenta-salud-sonora-mapa-sonora-anticipa-2\/#respond"]}]},{"@type":"WebPage","@id":"https:\/\/www.sonoraenequipo.com.mx\/presenta-salud-sonora-mapa-sonora-anticipa-2\/","url":"https:\/\/www.sonoraenequipo.com.mx\/presenta-salud-sonora-mapa-sonora-anticipa-2\/","name":"Sonora en Equipo. Presenta Salud Sonora Mapa Sonora Anticipa Sonora","isPartOf":{"@id":"https:\/\/www.sonoraenequipo.com.mx\/#website"},"primaryImageOfPage":{"@id":"https:\/\/www.sonoraenequipo.com.mx\/presenta-salud-sonora-mapa-sonora-anticipa-2\/#primaryimage"},"image":{"@id":"https:\/\/www.sonoraenequipo.com.mx\/presenta-salud-sonora-mapa-sonora-anticipa-2\/#primaryimage"},"thumbnailUrl":"https:\/\/www.sonoraenequipo.com.mx\/storage\/2020\/11\/Xunsonoraverde-3_opt1.jpg","datePublished":"2020-11-28T01:52:19+00:00","dateModified":"2020-11-28T01:52:48+00:00","description":"HERMOSILLO, SONORA. MX. \u2014\u00a0 El Mapa Sonora Anticipa que prev\u00e9 el acuerdo \u2018\u2019Por un Sonora en Sem\u00e1foro Verde\u2019\u2019 establecido entre el Consejo Estatal de Salud En Sonora en Equipo publicamos toda la informaci\u00f3n de Sonora, M\u00e9xico y el Mundo de manera oportuna y busca que la libertad de expresi\u00f3n sea real. Visita nuestro medio informativo publicado desde Hermosillo, Sonora. %","breadcrumb":{"@id":"https:\/\/www.sonoraenequipo.com.mx\/presenta-salud-sonora-mapa-sonora-anticipa-2\/#breadcrumb"},"inLanguage":"es","potentialAction":[{"@type":"ReadAction","target":["https:\/\/www.sonoraenequipo.com.mx\/presenta-salud-sonora-mapa-sonora-anticipa-2\/"]}]},{"@type":"ImageObject","inLanguage":"es","@id":"https:\/\/www.sonoraenequipo.com.mx\/presenta-salud-sonora-mapa-sonora-anticipa-2\/#primaryimage","url":"https:\/\/www.sonoraenequipo.com.mx\/storage\/2020\/11\/Xunsonoraverde-3_opt1.jpg","contentUrl":"https:\/\/www.sonoraenequipo.com.mx\/storage\/2020\/11\/Xunsonoraverde-3_opt1.jpg","width":713,"height":400},{"@type":"BreadcrumbList","@id":"https:\/\/www.sonoraenequipo.com.mx\/presenta-salud-sonora-mapa-sonora-anticipa-2\/#breadcrumb","itemListElement":[{"@type":"ListItem","position":1,"name":"Portada","item":"https:\/\/www.sonoraenequipo.com.mx\/"},{"@type":"ListItem","position":2,"name":"Presenta Salud Sonora Mapa Sonora Anticipa"}]},{"@type":"WebSite","@id":"https:\/\/www.sonoraenequipo.com.mx\/#website","url":"https:\/\/www.sonoraenequipo.com.mx\/","name":"Sonora en Equipo.","description":"Diario en l\u00ednea con Noticias desde Hermosillo, Sonora","publisher":{"@id":"https:\/\/www.sonoraenequipo.com.mx\/#organization"},"potentialAction":[{"@type":"SearchAction","target":{"@type":"EntryPoint","urlTemplate":"https:\/\/www.sonoraenequipo.com.mx\/?s={search_term_string}"},"query-input":{"@type":"PropertyValueSpecification","valueRequired":true,"valueName":"search_term_string"}}],"inLanguage":"es"},{"@type":"Organization","@id":"https:\/\/www.sonoraenequipo.com.mx\/#organization","name":"Sonoraenequipo.com.mx","url":"https:\/\/www.sonoraenequipo.com.mx\/","logo":{"@type":"ImageObject","inLanguage":"es","@id":"https:\/\/www.sonoraenequipo.com.mx\/#\/schema\/logo\/image\/","url":"https:\/\/www.sonoraenequipo.com.mx\/storage\/2019\/01\/sonoraenequipo_opt.png","contentUrl":"https:\/\/www.sonoraenequipo.com.mx\/storage\/2019\/01\/sonoraenequipo_opt.png","width":375,"height":125,"caption":"Sonoraenequipo.com.mx"},"image":{"@id":"https:\/\/www.sonoraenequipo.com.mx\/#\/schema\/logo\/image\/"},"sameAs":["https:\/\/www.facebook.com\/SonoraEE\/","https:\/\/x.com\/sonoraenequipo","https:\/\/www.youtube.com\/channel\/UC338nW-lPEYmJQs4ZABQ1SQ"]},{"@type":"Person","@id":"https:\/\/www.sonoraenequipo.com.mx\/#\/schema\/person\/50102df0fb23a8fa9e8effad8fa81386","name":"enequipo","image":{"@type":"ImageObject","inLanguage":"es","@id":"https:\/\/www.sonoraenequipo.com.mx\/#\/schema\/person\/image\/","url":"https:\/\/secure.gravatar.com\/avatar\/049821681b589dabc0bc20695993ccebb09f5b5d4d790cd9251b97faac7c652b?s=96&d=blank&r=g","contentUrl":"https:\/\/secure.gravatar.com\/avatar\/049821681b589dabc0bc20695993ccebb09f5b5d4d790cd9251b97faac7c652b?s=96&d=blank&r=g","caption":"enequipo"},"sameAs":["https:\/\/www.facebook.com\/SonoraEE"]}]}},"jetpack_featured_media_url":"https:\/\/www.sonoraenequipo.com.mx\/storage\/2020\/11\/Xunsonoraverde-3_opt1.jpg","_links":{"self":[{"href":"https:\/\/www.sonoraenequipo.com.mx\/api\/wp\/v2\/posts\/101446","targetHints":{"allow":["GET"]}}],"collection":[{"href":"https:\/\/www.sonoraenequipo.com.mx\/api\/wp\/v2\/posts"}],"about":[{"href":"https:\/\/www.sonoraenequipo.com.mx\/api\/wp\/v2\/types\/post"}],"author":[{"embeddable":true,"href":"https:\/\/www.sonoraenequipo.com.mx\/api\/wp\/v2\/users\/1"}],"replies":[{"embeddable":true,"href":"https:\/\/www.sonoraenequipo.com.mx\/api\/wp\/v2\/comments?post=101446"}],"version-history":[{"count":1,"href":"https:\/\/www.sonoraenequipo.com.mx\/api\/wp\/v2\/posts\/101446\/revisions"}],"predecessor-version":[{"id":101449,"href":"https:\/\/www.sonoraenequipo.com.mx\/api\/wp\/v2\/posts\/101446\/revisions\/101449"}],"wp:featuredmedia":[{"embeddable":true,"href":"https:\/\/www.sonoraenequipo.com.mx\/api\/wp\/v2\/media\/101448"}],"wp:attachment":[{"href":"https:\/\/www.sonoraenequipo.com.mx\/api\/wp\/v2\/media?parent=101446"}],"wp:term":[{"taxonomy":"category","embeddable":true,"href":"https:\/\/www.sonoraenequipo.com.mx\/api\/wp\/v2\/categories?post=101446"},{"taxonomy":"post_tag","embeddable":true,"href":"https:\/\/www.sonoraenequipo.com.mx\/api\/wp\/v2\/tags?post=101446"}],"curies":[{"name":"wp","href":"https:\/\/api.w.org\/{rel}","templated":true}]}}