{"id":101447,"date":"2020-11-27T19:07:15","date_gmt":"2020-11-28T02:07:15","guid":{"rendered":"https:\/\/www.sonoraenequipo.com.mx\/?p=101447"},"modified":"2020-11-27T19:07:15","modified_gmt":"2020-11-28T02:07:15","slug":"unison-emite-convocatoria-del-proceso-de-nombramiento-de-rector-para-el-periodo-2021-2025","status":"publish","type":"post","link":"https:\/\/www.sonoraenequipo.com.mx\/unison-emite-convocatoria-del-proceso-de-nombramiento-de-rector-para-el-periodo-2021-2025\/","title":{"rendered":"Unison emite convocatoria del proceso de nombramiento de Rector para el periodo 2021-2025"},"content":{"rendered":"<p>HERMOSILLO, SONORA,MX.\u2500\u2500 La Junta Universitaria de la Universidad de Sonora emiti\u00f3 la convocatoria e inici\u00f3 el proceso de nombramiento de Rector de la m\u00e1xima casa de estudios para el periodo 2021-2025, motivo por el cual invit\u00f3 a la comunidad universitaria a participar y estar atenta de las diferentes etapas que se desarrollar\u00e1n como parte de la citada elecci\u00f3n.<\/p>\n<p>&nbsp;<\/p>\n<p>En conferencia de prensa virtual a trav\u00e9s de la plataforma Zoom, el presidente en turno de la Junta Universitaria, Francisco Abraham Paz Moreno, inform\u00f3 que la convocatoria puede consultarse en el sitio procesorector.unison.mx, el cual se cre\u00f3 para informar detalladamente del avance de este procedimiento.<\/p>\n<p>&nbsp;<\/p>\n<p>En virtud de que el periodo para el cual fue nombrado el actual rector, Enrique Fernando Vel\u00e1zquez Contreras, concluye el pr\u00f3ximo 15 de junio de 2021; la Junta Universitaria, con fundamento en el art\u00edculo 18, fracci\u00f3n 1 de la Ley Org\u00e1nica de la Universidad de Sonora, y los art\u00edculos del 17 al 22 del Reglamento Interno, durante la sesi\u00f3n ordinaria permanente n\u00famero 132, aprob\u00f3 la convocatoria para iniciar con el proceso de nombramiento del pr\u00f3ximo rector.<\/p>\n<p>&nbsp;<\/p>\n<p>Paz Moreno a\u00f1adi\u00f3 que la Junta Universitaria conform\u00f3, de entre sus integrantes, una comisi\u00f3n para elaborar la convocatoria, misma que respeta y contempla las recomendaciones que en materia de salud han dispuesto las autoridades de salud en el contexto de la contingencia sanitaria por covid-19, motivo por el cual los eventos previstos en la convocatoria se efectuar\u00e1n de manera virtual, preferentemente.<\/p>\n<p>&nbsp;<\/p>\n<p>En tanto, uno de los integrantes de esta comisi\u00f3n, Rodolfo Maldonado Gonz\u00e1lez, present\u00f3 el portal procesorector.unison.mx\u00a0 a trav\u00e9s del cual se difundir\u00e1 la informaci\u00f3n curricular de los aspirantes y tambi\u00e9n albergar\u00e1 diversos apartados, como una encuesta de opini\u00f3n, y otra secci\u00f3n para que los integrantes de la comunidad universitaria que as\u00ed lo deseen, soliciten fecha de audiencia y participen en el proceso de auscultaci\u00f3n.<\/p>\n<p>&nbsp;<\/p>\n<p>Por su parte, la coordinadora de la comisi\u00f3n, Rosa Elena Salazar Ruibal, resalt\u00f3 que los eventos relacionados con la convocatoria que inevitablemente deban efectuarse presencialmente ser\u00e1n limitados, y se deber\u00e1 cumplir con los protocolos de sana distancia, uso obligatorio de cubrebocas y gel antibacterial.<\/p>\n<p>&nbsp;<\/p>\n<p>Entre los requisitos principales que deber\u00e1n cumplir los aspirantes destacan: ser de nacionalidad mexicana por nacimiento, tener no menos de 35 a\u00f1os, contar con t\u00edtulo profesional o grado universitario superior, haberse distinguido en su especialidad profesional, prestar o haber prestado servicios docentes o de investigaci\u00f3n en la Unison y no haber sido dirigente de partido pol\u00edtico en los \u00faltimos tres a\u00f1os.<\/p>\n<p>&nbsp;<\/p>\n<p>Los aspirantes al cargo de Rector deber\u00e1n acudir personalmente a solicitar su registro en la oficina de la Junta Universitaria del 7 al 11 de diciembre del a\u00f1o en curso, de 9:00 a 14:00 horas, para una mejor atenci\u00f3n, solicitar cita para el registro al correo electr\u00f3nico junta.universitaria@unison.mx o al tel\u00e9fono 6622 592261, extensiones 1069 y 1070, en horario de 8:00 a 15:00 horas, y de 17:00 a 19:00 horas.<\/p>\n<p>&nbsp;<\/p>\n<p>La Junta Universitaria se reunir\u00e1 los d\u00edas 16 y 17 de diciembre para evaluar la documentaci\u00f3n recibida y emitir la lista de aspirantes que cumplieron con los requisitos previstos; el 18 de diciembre difundir\u00e1 en el sitio procesorector.unison.mx la informaci\u00f3n curricular de los aspirantes, datos con los cuales se elaborar\u00e1 una campa\u00f1a de difusi\u00f3n del 4 al 29 de enero de 2021, a trav\u00e9s de medios de comunicaci\u00f3n institucionales radio, televisi\u00f3n, portal de Internet, Twitter, YouTube y un spot de radio.<\/p>\n<p>&nbsp;<\/p>\n<p>La etapa de auscultaci\u00f3n para conocer la opini\u00f3n de la comunidad universitaria se realizar\u00e1 a partir del 1 de febrero en las modalidades encuesta de opini\u00f3n, audiencias virtuales y de forma escrita; del 3 al 4 de marzo, la Junta Universitaria se reunir\u00e1 para ponderar lo expresado por la comunidad universitaria en las modalidades de auscultaci\u00f3n, y el d\u00eda 4 de marzo dar\u00e1 a conocer el nombre de los aspirantes que participar\u00e1n como candidatos.<\/p>\n<p>&nbsp;<\/p>\n<p>Del 10 al 12 de marzo los candidatos entregar\u00e1n un escrito, de no m\u00e1s de diez cuartillas, donde expresen lo que ser\u00e1 su Plan de Desarrollo Institucional para el periodo 2021-2025; mientras que a partir del 15 marzo al Junta Universitaria entrevistar\u00e1 a los candidatos, y antes del 19 de marzo nombrar\u00e1 entre ellos quien habr\u00e1 de ocupar el cargo de Rector.<\/p>\n<p>&nbsp;<\/p>\n<p>Dependiendo del comportamiento de la contingencia sanitaria por covid-19, y con base al principio institucional de privilegiar la salud y vida de la comunidad universitaria, los eventos de la convocatoria podr\u00e1n llevarse a cabo de manera presencial o virtual.<\/p>\n<p>&nbsp;<\/p>\n<p>Aprueban presupuesto anual<\/p>\n<p>&nbsp;<\/p>\n<p>Otros asuntos abordados durante la sesi\u00f3n de la Junta Universitaria fue la presentaci\u00f3n del Informe Anual de Actividades correspondiente al periodo 2019-2020 por parte del rector Enrique Fernando Vel\u00e1zquez Contreras, y se aprob\u00f3 el Presupuesto Anual de Ingresos y Egresos de la Universidad de Sonora para el a\u00f1o 2021.<\/p>\n<p>&nbsp;<\/p>\n<p>Tambi\u00e9n se dio a conocer el Informe de Auditor\u00eda Interna y el Informe trimestral del ejercicio presupuestal, se recibi\u00f3 la terna para el procedimiento de nombramiento de Vicerrector de la Unidad Regional Norte de la Universidad de Sonora para el periodo 2021-2025, adem\u00e1s de asuntos generales.<\/p>\n<p>Fecha de\u00a0 publicaci\u00f3n 27\/nov\/2020<\/p>\n<p>&nbsp;<\/p>\n","protected":false},"excerpt":{"rendered":"<p>HERMOSILLO, SONORA,MX.\u2500\u2500 La Junta Universitaria de la Universidad de Sonora emiti\u00f3 la convocatoria e inici\u00f3&#8230;<\/p>\n","protected":false},"author":1,"featured_media":101063,"comment_status":"open","ping_status":"open","sticky":false,"template":"","format":"standard","meta":{"_monsterinsights_skip_tracking":false,"_monsterinsights_sitenote_active":false,"_monsterinsights_sitenote_note":"","_monsterinsights_sitenote_category":0,"footnotes":""},"categories":[22],"tags":[63],"class_list":["post"],"yoast_head":" \n<title>Sonora en Equipo. Unison emite convocatoria del proceso de nombramiento de Rector para el periodo 2021-2025 Sonora<\/title>\n<meta name=\"description\" content=\"HERMOSILLO, SONORA,MX.\u2500\u2500 La Junta Universitaria de la Universidad de Sonora emiti\u00f3 la convocatoria e inici\u00f3 el proceso de nombramiento de Rector de la En Sonora en Equipo publicamos toda la informaci\u00f3n de Sonora, M\u00e9xico y el Mundo de manera oportuna y busca que la libertad de expresi\u00f3n sea real. Visita nuestro medio informativo publicado desde Hermosillo, Sonora. %\" \/>\n<meta name=\"robots\" content=\"index, follow, max-snippet:-1, max-image-preview:large, max-video-preview:-1\" \/>\n<link rel=\"canonical\" href=\"https:\/\/www.sonoraenequipo.com.mx\/unison-emite-convocatoria-del-proceso-de-nombramiento-de-rector-para-el-periodo-2021-2025\/\" \/>\n<meta property=\"og:locale\" content=\"es_ES\" \/>\n<meta property=\"og:type\" content=\"article\" \/>\n<meta property=\"og:title\" content=\"Sonora en Equipo. Unison emite convocatoria del proceso de nombramiento de Rector para el periodo 2021-2025 Sonora\" \/>\n<meta property=\"og:description\" content=\"HERMOSILLO, SONORA,MX.\u2500\u2500 La Junta Universitaria de la Universidad de Sonora emiti\u00f3 la convocatoria e inici\u00f3 el proceso de nombramiento de Rector de la En Sonora en Equipo publicamos toda la informaci\u00f3n de Sonora, M\u00e9xico y el Mundo de manera oportuna y busca que la libertad de expresi\u00f3n sea real. Visita nuestro medio informativo publicado desde Hermosillo, Sonora. %\" \/>\n<meta property=\"og:url\" content=\"https:\/\/www.sonoraenequipo.com.mx\/unison-emite-convocatoria-del-proceso-de-nombramiento-de-rector-para-el-periodo-2021-2025\/\" \/>\n<meta property=\"og:site_name\" content=\"Sonora en Equipo.\" \/>\n<meta property=\"article:publisher\" content=\"https:\/\/www.facebook.com\/SonoraEE\/\" \/>\n<meta property=\"article:author\" content=\"https:\/\/www.facebook.com\/SonoraEE\" \/>\n<meta property=\"article:published_time\" content=\"2020-11-28T02:07:15+00:00\" \/>\n<meta property=\"og:image\" content=\"https:\/\/www.sonoraenequipo.com.mx\/storage\/2020\/11\/unison_cambio-de-ley_opt.jpg\" \/>\n\t<meta property=\"og:image:width\" content=\"871\" \/>\n\t<meta property=\"og:image:height\" content=\"400\" \/>\n\t<meta property=\"og:image:type\" content=\"image\/jpeg\" \/>\n<meta name=\"author\" content=\"enequipo\" \/>\n<meta name=\"twitter:card\" content=\"summary_large_image\" \/>\n<meta name=\"twitter:creator\" content=\"@sonoraenequipo\" \/>\n<meta name=\"twitter:site\" content=\"@sonoraenequipo\" \/>\n<meta name=\"twitter:label1\" content=\"Escrito por\" \/>\n\t<meta name=\"twitter:data1\" content=\"enequipo\" \/>\n\t<meta name=\"twitter:label2\" content=\"Tiempo de lectura\" \/>\n\t<meta name=\"twitter:data2\" content=\"4 minutos\" \/>\n<script type=\"application\/ld+json\" class=\"yoast-schema-graph\">{\"@context\":\"https:\/\/schema.org\",\"@graph\":[{\"@type\":\"Article\",\"@id\":\"https:\/\/www.sonoraenequipo.com.mx\/unison-emite-convocatoria-del-proceso-de-nombramiento-de-rector-para-el-periodo-2021-2025\/#article\",\"isPartOf\":{\"@id\":\"https:\/\/www.sonoraenequipo.com.mx\/unison-emite-convocatoria-del-proceso-de-nombramiento-de-rector-para-el-periodo-2021-2025\/\"},\"author\":{\"name\":\"enequipo\",\"@id\":\"https:\/\/www.sonoraenequipo.com.mx\/#\/schema\/person\/50102df0fb23a8fa9e8effad8fa81386\"},\"headline\":\"Unison emite convocatoria del proceso de nombramiento de Rector para el periodo 2021-2025\",\"datePublished\":\"2020-11-28T02:07:15+00:00\",\"mainEntityOfPage\":{\"@id\":\"https:\/\/www.sonoraenequipo.com.mx\/unison-emite-convocatoria-del-proceso-de-nombramiento-de-rector-para-el-periodo-2021-2025\/\"},\"wordCount\":902,\"commentCount\":0,\"publisher\":{\"@id\":\"https:\/\/www.sonoraenequipo.com.mx\/#organization\"},\"image\":{\"@id\":\"https:\/\/www.sonoraenequipo.com.mx\/unison-emite-convocatoria-del-proceso-de-nombramiento-de-rector-para-el-periodo-2021-2025\/#primaryimage\"},\"thumbnailUrl\":\"https:\/\/www.sonoraenequipo.com.mx\/storage\/2020\/11\/unison_cambio-de-ley_opt.jpg\",\"keywords\":[\"UniSon\"],\"articleSection\":[\"Sonora\"],\"inLanguage\":\"es\",\"potentialAction\":[{\"@type\":\"CommentAction\",\"name\":\"Comment\",\"target\":[\"https:\/\/www.sonoraenequipo.com.mx\/unison-emite-convocatoria-del-proceso-de-nombramiento-de-rector-para-el-periodo-2021-2025\/#respond\"]}]},{\"@type\":\"WebPage\",\"@id\":\"https:\/\/www.sonoraenequipo.com.mx\/unison-emite-convocatoria-del-proceso-de-nombramiento-de-rector-para-el-periodo-2021-2025\/\",\"url\":\"https:\/\/www.sonoraenequipo.com.mx\/unison-emite-convocatoria-del-proceso-de-nombramiento-de-rector-para-el-periodo-2021-2025\/\",\"name\":\"Sonora en Equipo. Unison emite convocatoria del proceso de nombramiento de Rector para el periodo 2021-2025 Sonora\",\"isPartOf\":{\"@id\":\"https:\/\/www.sonoraenequipo.com.mx\/#website\"},\"primaryImageOfPage\":{\"@id\":\"https:\/\/www.sonoraenequipo.com.mx\/unison-emite-convocatoria-del-proceso-de-nombramiento-de-rector-para-el-periodo-2021-2025\/#primaryimage\"},\"image\":{\"@id\":\"https:\/\/www.sonoraenequipo.com.mx\/unison-emite-convocatoria-del-proceso-de-nombramiento-de-rector-para-el-periodo-2021-2025\/#primaryimage\"},\"thumbnailUrl\":\"https:\/\/www.sonoraenequipo.com.mx\/storage\/2020\/11\/unison_cambio-de-ley_opt.jpg\",\"datePublished\":\"2020-11-28T02:07:15+00:00\",\"description\":\"HERMOSILLO, SONORA,MX.\u2500\u2500 La Junta Universitaria de la Universidad de Sonora emiti\u00f3 la convocatoria e inici\u00f3 el proceso de nombramiento de Rector de la En Sonora en Equipo publicamos toda la informaci\u00f3n de Sonora, M\u00e9xico y el Mundo de manera oportuna y busca que la libertad de expresi\u00f3n sea real. Visita nuestro medio informativo publicado desde Hermosillo, Sonora. %\",\"breadcrumb\":{\"@id\":\"https:\/\/www.sonoraenequipo.com.mx\/unison-emite-convocatoria-del-proceso-de-nombramiento-de-rector-para-el-periodo-2021-2025\/#breadcrumb\"},\"inLanguage\":\"es\",\"potentialAction\":[{\"@type\":\"ReadAction\",\"target\":[\"https:\/\/www.sonoraenequipo.com.mx\/unison-emite-convocatoria-del-proceso-de-nombramiento-de-rector-para-el-periodo-2021-2025\/\"]}]},{\"@type\":\"ImageObject\",\"inLanguage\":\"es\",\"@id\":\"https:\/\/www.sonoraenequipo.com.mx\/unison-emite-convocatoria-del-proceso-de-nombramiento-de-rector-para-el-periodo-2021-2025\/#primaryimage\",\"url\":\"https:\/\/www.sonoraenequipo.com.mx\/storage\/2020\/11\/unison_cambio-de-ley_opt.jpg\",\"contentUrl\":\"https:\/\/www.sonoraenequipo.com.mx\/storage\/2020\/11\/unison_cambio-de-ley_opt.jpg\",\"width\":871,\"height\":400},{\"@type\":\"BreadcrumbList\",\"@id\":\"https:\/\/www.sonoraenequipo.com.mx\/unison-emite-convocatoria-del-proceso-de-nombramiento-de-rector-para-el-periodo-2021-2025\/#breadcrumb\",\"itemListElement\":[{\"@type\":\"ListItem\",\"position\":1,\"name\":\"Portada\",\"item\":\"https:\/\/www.sonoraenequipo.com.mx\/\"},{\"@type\":\"ListItem\",\"position\":2,\"name\":\"Unison emite convocatoria del proceso de nombramiento de Rector para el periodo 2021-2025\"}]},{\"@type\":\"WebSite\",\"@id\":\"https:\/\/www.sonoraenequipo.com.mx\/#website\",\"url\":\"https:\/\/www.sonoraenequipo.com.mx\/\",\"name\":\"Sonora en Equipo.\",\"description\":\"Diario en l\u00ednea con Noticias desde Hermosillo, Sonora\",\"publisher\":{\"@id\":\"https:\/\/www.sonoraenequipo.com.mx\/#organization\"},\"potentialAction\":[{\"@type\":\"SearchAction\",\"target\":{\"@type\":\"EntryPoint\",\"urlTemplate\":\"https:\/\/www.sonoraenequipo.com.mx\/?s={search_term_string}\"},\"query-input\":{\"@type\":\"PropertyValueSpecification\",\"valueRequired\":true,\"valueName\":\"search_term_string\"}}],\"inLanguage\":\"es\"},{\"@type\":\"Organization\",\"@id\":\"https:\/\/www.sonoraenequipo.com.mx\/#organization\",\"name\":\"Sonoraenequipo.com.mx\",\"url\":\"https:\/\/www.sonoraenequipo.com.mx\/\",\"logo\":{\"@type\":\"ImageObject\",\"inLanguage\":\"es\",\"@id\":\"https:\/\/www.sonoraenequipo.com.mx\/#\/schema\/logo\/image\/\",\"url\":\"https:\/\/www.sonoraenequipo.com.mx\/storage\/2019\/01\/sonoraenequipo_opt.png\",\"contentUrl\":\"https:\/\/www.sonoraenequipo.com.mx\/storage\/2019\/01\/sonoraenequipo_opt.png\",\"width\":375,\"height\":125,\"caption\":\"Sonoraenequipo.com.mx\"},\"image\":{\"@id\":\"https:\/\/www.sonoraenequipo.com.mx\/#\/schema\/logo\/image\/\"},\"sameAs\":[\"https:\/\/www.facebook.com\/SonoraEE\/\",\"https:\/\/x.com\/sonoraenequipo\",\"https:\/\/www.youtube.com\/channel\/UC338nW-lPEYmJQs4ZABQ1SQ\"]},{\"@type\":\"Person\",\"@id\":\"https:\/\/www.sonoraenequipo.com.mx\/#\/schema\/person\/50102df0fb23a8fa9e8effad8fa81386\",\"name\":\"enequipo\",\"image\":{\"@type\":\"ImageObject\",\"inLanguage\":\"es\",\"@id\":\"https:\/\/www.sonoraenequipo.com.mx\/#\/schema\/person\/image\/\",\"url\":\"https:\/\/secure.gravatar.com\/avatar\/049821681b589dabc0bc20695993ccebb09f5b5d4d790cd9251b97faac7c652b?s=96&d=blank&r=g\",\"contentUrl\":\"https:\/\/secure.gravatar.com\/avatar\/049821681b589dabc0bc20695993ccebb09f5b5d4d790cd9251b97faac7c652b?s=96&d=blank&r=g\",\"caption\":\"enequipo\"},\"sameAs\":[\"https:\/\/www.facebook.com\/SonoraEE\"]}]}<\/script>\n ","yoast_head_json":{"title":"Sonora en Equipo. Unison emite convocatoria del proceso de nombramiento de Rector para el periodo 2021-2025 Sonora","description":"HERMOSILLO, SONORA,MX.\u2500\u2500 La Junta Universitaria de la Universidad de Sonora emiti\u00f3 la convocatoria e inici\u00f3 el proceso de nombramiento de Rector de la En Sonora en Equipo publicamos toda la informaci\u00f3n de Sonora, M\u00e9xico y el Mundo de manera oportuna y busca que la libertad de expresi\u00f3n sea real. Visita nuestro medio informativo publicado desde Hermosillo, Sonora. %","robots":{"index":"index","follow":"follow","max-snippet":"max-snippet:-1","max-image-preview":"max-image-preview:large","max-video-preview":"max-video-preview:-1"},"canonical":"https:\/\/www.sonoraenequipo.com.mx\/unison-emite-convocatoria-del-proceso-de-nombramiento-de-rector-para-el-periodo-2021-2025\/","og_locale":"es_ES","og_type":"article","og_title":"Sonora en Equipo. Unison emite convocatoria del proceso de nombramiento de Rector para el periodo 2021-2025 Sonora","og_description":"HERMOSILLO, SONORA,MX.\u2500\u2500 La Junta Universitaria de la Universidad de Sonora emiti\u00f3 la convocatoria e inici\u00f3 el proceso de nombramiento de Rector de la En Sonora en Equipo publicamos toda la informaci\u00f3n de Sonora, M\u00e9xico y el Mundo de manera oportuna y busca que la libertad de expresi\u00f3n sea real. Visita nuestro medio informativo publicado desde Hermosillo, Sonora. %","og_url":"https:\/\/www.sonoraenequipo.com.mx\/unison-emite-convocatoria-del-proceso-de-nombramiento-de-rector-para-el-periodo-2021-2025\/","og_site_name":"Sonora en Equipo.","article_publisher":"https:\/\/www.facebook.com\/SonoraEE\/","article_author":"https:\/\/www.facebook.com\/SonoraEE","article_published_time":"2020-11-28T02:07:15+00:00","og_image":[{"width":871,"height":400,"url":"https:\/\/www.sonoraenequipo.com.mx\/storage\/2020\/11\/unison_cambio-de-ley_opt.jpg","type":"image\/jpeg"}],"author":"enequipo","twitter_card":"summary_large_image","twitter_creator":"@sonoraenequipo","twitter_site":"@sonoraenequipo","twitter_misc":{"Escrito por":"enequipo","Tiempo de lectura":"4 minutos"},"schema":{"@context":"https:\/\/schema.org","@graph":[{"@type":"Article","@id":"https:\/\/www.sonoraenequipo.com.mx\/unison-emite-convocatoria-del-proceso-de-nombramiento-de-rector-para-el-periodo-2021-2025\/#article","isPartOf":{"@id":"https:\/\/www.sonoraenequipo.com.mx\/unison-emite-convocatoria-del-proceso-de-nombramiento-de-rector-para-el-periodo-2021-2025\/"},"author":{"name":"enequipo","@id":"https:\/\/www.sonoraenequipo.com.mx\/#\/schema\/person\/50102df0fb23a8fa9e8effad8fa81386"},"headline":"Unison emite convocatoria del proceso de nombramiento de Rector para el periodo 2021-2025","datePublished":"2020-11-28T02:07:15+00:00","mainEntityOfPage":{"@id":"https:\/\/www.sonoraenequipo.com.mx\/unison-emite-convocatoria-del-proceso-de-nombramiento-de-rector-para-el-periodo-2021-2025\/"},"wordCount":902,"commentCount":0,"publisher":{"@id":"https:\/\/www.sonoraenequipo.com.mx\/#organization"},"image":{"@id":"https:\/\/www.sonoraenequipo.com.mx\/unison-emite-convocatoria-del-proceso-de-nombramiento-de-rector-para-el-periodo-2021-2025\/#primaryimage"},"thumbnailUrl":"https:\/\/www.sonoraenequipo.com.mx\/storage\/2020\/11\/unison_cambio-de-ley_opt.jpg","keywords":["UniSon"],"articleSection":["Sonora"],"inLanguage":"es","potentialAction":[{"@type":"CommentAction","name":"Comment","target":["https:\/\/www.sonoraenequipo.com.mx\/unison-emite-convocatoria-del-proceso-de-nombramiento-de-rector-para-el-periodo-2021-2025\/#respond"]}]},{"@type":"WebPage","@id":"https:\/\/www.sonoraenequipo.com.mx\/unison-emite-convocatoria-del-proceso-de-nombramiento-de-rector-para-el-periodo-2021-2025\/","url":"https:\/\/www.sonoraenequipo.com.mx\/unison-emite-convocatoria-del-proceso-de-nombramiento-de-rector-para-el-periodo-2021-2025\/","name":"Sonora en Equipo. Unison emite convocatoria del proceso de nombramiento de Rector para el periodo 2021-2025 Sonora","isPartOf":{"@id":"https:\/\/www.sonoraenequipo.com.mx\/#website"},"primaryImageOfPage":{"@id":"https:\/\/www.sonoraenequipo.com.mx\/unison-emite-convocatoria-del-proceso-de-nombramiento-de-rector-para-el-periodo-2021-2025\/#primaryimage"},"image":{"@id":"https:\/\/www.sonoraenequipo.com.mx\/unison-emite-convocatoria-del-proceso-de-nombramiento-de-rector-para-el-periodo-2021-2025\/#primaryimage"},"thumbnailUrl":"https:\/\/www.sonoraenequipo.com.mx\/storage\/2020\/11\/unison_cambio-de-ley_opt.jpg","datePublished":"2020-11-28T02:07:15+00:00","description":"HERMOSILLO, SONORA,MX.\u2500\u2500 La Junta Universitaria de la Universidad de Sonora emiti\u00f3 la convocatoria e inici\u00f3 el proceso de nombramiento de Rector de la En Sonora en Equipo publicamos toda la informaci\u00f3n de Sonora, M\u00e9xico y el Mundo de manera oportuna y busca que la libertad de expresi\u00f3n sea real. Visita nuestro medio informativo publicado desde Hermosillo, Sonora. %","breadcrumb":{"@id":"https:\/\/www.sonoraenequipo.com.mx\/unison-emite-convocatoria-del-proceso-de-nombramiento-de-rector-para-el-periodo-2021-2025\/#breadcrumb"},"inLanguage":"es","potentialAction":[{"@type":"ReadAction","target":["https:\/\/www.sonoraenequipo.com.mx\/unison-emite-convocatoria-del-proceso-de-nombramiento-de-rector-para-el-periodo-2021-2025\/"]}]},{"@type":"ImageObject","inLanguage":"es","@id":"https:\/\/www.sonoraenequipo.com.mx\/unison-emite-convocatoria-del-proceso-de-nombramiento-de-rector-para-el-periodo-2021-2025\/#primaryimage","url":"https:\/\/www.sonoraenequipo.com.mx\/storage\/2020\/11\/unison_cambio-de-ley_opt.jpg","contentUrl":"https:\/\/www.sonoraenequipo.com.mx\/storage\/2020\/11\/unison_cambio-de-ley_opt.jpg","width":871,"height":400},{"@type":"BreadcrumbList","@id":"https:\/\/www.sonoraenequipo.com.mx\/unison-emite-convocatoria-del-proceso-de-nombramiento-de-rector-para-el-periodo-2021-2025\/#breadcrumb","itemListElement":[{"@type":"ListItem","position":1,"name":"Portada","item":"https:\/\/www.sonoraenequipo.com.mx\/"},{"@type":"ListItem","position":2,"name":"Unison emite convocatoria del proceso de nombramiento de Rector para el periodo 2021-2025"}]},{"@type":"WebSite","@id":"https:\/\/www.sonoraenequipo.com.mx\/#website","url":"https:\/\/www.sonoraenequipo.com.mx\/","name":"Sonora en Equipo.","description":"Diario en l\u00ednea con Noticias desde Hermosillo, Sonora","publisher":{"@id":"https:\/\/www.sonoraenequipo.com.mx\/#organization"},"potentialAction":[{"@type":"SearchAction","target":{"@type":"EntryPoint","urlTemplate":"https:\/\/www.sonoraenequipo.com.mx\/?s={search_term_string}"},"query-input":{"@type":"PropertyValueSpecification","valueRequired":true,"valueName":"search_term_string"}}],"inLanguage":"es"},{"@type":"Organization","@id":"https:\/\/www.sonoraenequipo.com.mx\/#organization","name":"Sonoraenequipo.com.mx","url":"https:\/\/www.sonoraenequipo.com.mx\/","logo":{"@type":"ImageObject","inLanguage":"es","@id":"https:\/\/www.sonoraenequipo.com.mx\/#\/schema\/logo\/image\/","url":"https:\/\/www.sonoraenequipo.com.mx\/storage\/2019\/01\/sonoraenequipo_opt.png","contentUrl":"https:\/\/www.sonoraenequipo.com.mx\/storage\/2019\/01\/sonoraenequipo_opt.png","width":375,"height":125,"caption":"Sonoraenequipo.com.mx"},"image":{"@id":"https:\/\/www.sonoraenequipo.com.mx\/#\/schema\/logo\/image\/"},"sameAs":["https:\/\/www.facebook.com\/SonoraEE\/","https:\/\/x.com\/sonoraenequipo","https:\/\/www.youtube.com\/channel\/UC338nW-lPEYmJQs4ZABQ1SQ"]},{"@type":"Person","@id":"https:\/\/www.sonoraenequipo.com.mx\/#\/schema\/person\/50102df0fb23a8fa9e8effad8fa81386","name":"enequipo","image":{"@type":"ImageObject","inLanguage":"es","@id":"https:\/\/www.sonoraenequipo.com.mx\/#\/schema\/person\/image\/","url":"https:\/\/secure.gravatar.com\/avatar\/049821681b589dabc0bc20695993ccebb09f5b5d4d790cd9251b97faac7c652b?s=96&d=blank&r=g","contentUrl":"https:\/\/secure.gravatar.com\/avatar\/049821681b589dabc0bc20695993ccebb09f5b5d4d790cd9251b97faac7c652b?s=96&d=blank&r=g","caption":"enequipo"},"sameAs":["https:\/\/www.facebook.com\/SonoraEE"]}]}},"jetpack_featured_media_url":"https:\/\/www.sonoraenequipo.com.mx\/storage\/2020\/11\/unison_cambio-de-ley_opt.jpg","_links":{"self":[{"href":"https:\/\/www.sonoraenequipo.com.mx\/api\/wp\/v2\/posts\/101447","targetHints":{"allow":["GET"]}}],"collection":[{"href":"https:\/\/www.sonoraenequipo.com.mx\/api\/wp\/v2\/posts"}],"about":[{"href":"https:\/\/www.sonoraenequipo.com.mx\/api\/wp\/v2\/types\/post"}],"author":[{"embeddable":true,"href":"https:\/\/www.sonoraenequipo.com.mx\/api\/wp\/v2\/users\/1"}],"replies":[{"embeddable":true,"href":"https:\/\/www.sonoraenequipo.com.mx\/api\/wp\/v2\/comments?post=101447"}],"version-history":[{"count":1,"href":"https:\/\/www.sonoraenequipo.com.mx\/api\/wp\/v2\/posts\/101447\/revisions"}],"predecessor-version":[{"id":101453,"href":"https:\/\/www.sonoraenequipo.com.mx\/api\/wp\/v2\/posts\/101447\/revisions\/101453"}],"wp:featuredmedia":[{"embeddable":true,"href":"https:\/\/www.sonoraenequipo.com.mx\/api\/wp\/v2\/media\/101063"}],"wp:attachment":[{"href":"https:\/\/www.sonoraenequipo.com.mx\/api\/wp\/v2\/media?parent=101447"}],"wp:term":[{"taxonomy":"category","embeddable":true,"href":"https:\/\/www.sonoraenequipo.com.mx\/api\/wp\/v2\/categories?post=101447"},{"taxonomy":"post_tag","embeddable":true,"href":"https:\/\/www.sonoraenequipo.com.mx\/api\/wp\/v2\/tags?post=101447"}],"curies":[{"name":"wp","href":"https:\/\/api.w.org\/{rel}","templated":true}]}}