{"id":101450,"date":"2020-11-27T18:57:32","date_gmt":"2020-11-28T01:57:32","guid":{"rendered":"https:\/\/www.sonoraenequipo.com.mx\/?p=101450"},"modified":"2020-11-27T18:57:32","modified_gmt":"2020-11-28T01:57:32","slug":"mantiene-poblacion-penitenciaria-permanente-comunicacion-virtual-con-sus-familias","status":"publish","type":"post","link":"https:\/\/www.sonoraenequipo.com.mx\/mantiene-poblacion-penitenciaria-permanente-comunicacion-virtual-con-sus-familias\/","title":{"rendered":"Mantiene poblaci\u00f3n penitenciaria permanente comunicaci\u00f3n virtual con sus familias"},"content":{"rendered":"<p>HERMOSILLO, SONORA. MX. \u2014 Personas Privadas de su Libertad (PPL) en los 13 Centros de Reinserci\u00f3n Social en Sonora, mantienen permanente comunicaci\u00f3n con sus familiares a trav\u00e9s de video llamadas y uso de telefon\u00eda fija, como parte de la medida temporal implementada para cuidar la salud de la poblaci\u00f3n y evitar contagios de COVID-19, inform\u00f3 el coordinador del Sistema Estatal Penitenciario.<\/p>\n<p>&nbsp;<\/p>\n<p> <\/p>\n<p>Javier de Jes\u00fas Ibarra Falomir explic\u00f3 que debido a la emergencia sanitaria desde el pasado mes de abril se inici\u00f3 con el esquema de comunicaci\u00f3n a distancia con el uso de la tecnolog\u00eda, lo que a la fecha ha permitido realizar m\u00e1s de 35 mil 644 video llamadas.<\/p>\n<p>&nbsp;<\/p>\n<p>En el Cereso de Cajeme, cit\u00f3 el titular del Sistema Estatal Penitenciario, se atienden aproximadamente 40 solicitudes de comunicaci\u00f3n diarias, cantidad similar en los centros de Hermosillo.<\/p>\n<p>&nbsp;<\/p>\n<p>Se\u00f1al\u00f3 que la implementaci\u00f3n de dicha medida fue avalada por autoridades del Sector Salud, con el respaldo de las Comisiones Nacional y Estatal de Derechos Humanos, para proteger la salud de la poblaci\u00f3n penitenciaria y del personal.<\/p>\n<p>&nbsp;<\/p>\n<p>Agreg\u00f3 que mediante esta modalidad se han beneficiado tambi\u00e9n a las PPL que anteriormente no recib\u00edan visitas presenciales y ahora la comunicaci\u00f3n virtual ha permitido estar en contacto con sus seres queridos de manera m\u00e1s frecuente.<\/p>\n<p>&nbsp;<\/p>\n<p>Ibarra Falomir destac\u00f3 que la indicaci\u00f3n del secretario de Seguridad P\u00fablica, David Anaya Cooley, es que en todo momento se respeten los derechos de la poblaci\u00f3n y se privilegie el contacto con sus familias por medio del uso de tablets que les fueron proporcionadas a cada centro.<\/p>\n<p>&nbsp;<\/p>\n<p>&nbsp;<\/p>\n<p>(Publicada el 27\/11\/2020<\/p>\n","protected":false},"excerpt":{"rendered":"<p>HERMOSILLO, SONORA. MX. \u2014 Personas Privadas de su Libertad (PPL) en los 13 Centros de&#8230;<\/p>\n","protected":false},"author":1,"featured_media":101451,"comment_status":"open","ping_status":"open","sticky":false,"template":"","format":"standard","meta":{"_monsterinsights_skip_tracking":false,"_monsterinsights_sitenote_active":false,"_monsterinsights_sitenote_note":"","_monsterinsights_sitenote_category":0,"footnotes":""},"categories":[22],"tags":[],"class_list":["post"],"yoast_head":" \n<title>Sonora en Equipo. Mantiene poblaci\u00f3n penitenciaria permanente comunicaci\u00f3n virtual con sus familias Sonora<\/title>\n<meta name=\"description\" content=\"HERMOSILLO, SONORA. MX. \u2014 Personas Privadas de su Libertad (PPL) en los 13 Centros de Reinserci\u00f3n Social en Sonora, mantienen permanente comunicaci\u00f3n con En Sonora en Equipo publicamos toda la informaci\u00f3n de Sonora, M\u00e9xico y el Mundo de manera oportuna y busca que la libertad de expresi\u00f3n sea real. Visita nuestro medio informativo publicado desde Hermosillo, Sonora. %\" \/>\n<meta name=\"robots\" content=\"index, follow, max-snippet:-1, max-image-preview:large, max-video-preview:-1\" \/>\n<link rel=\"canonical\" href=\"https:\/\/www.sonoraenequipo.com.mx\/mantiene-poblacion-penitenciaria-permanente-comunicacion-virtual-con-sus-familias\/\" \/>\n<meta property=\"og:locale\" content=\"es_ES\" \/>\n<meta property=\"og:type\" content=\"article\" \/>\n<meta property=\"og:title\" content=\"Sonora en Equipo. Mantiene poblaci\u00f3n penitenciaria permanente comunicaci\u00f3n virtual con sus familias Sonora\" \/>\n<meta property=\"og:description\" content=\"HERMOSILLO, SONORA. MX. \u2014 Personas Privadas de su Libertad (PPL) en los 13 Centros de Reinserci\u00f3n Social en Sonora, mantienen permanente comunicaci\u00f3n con En Sonora en Equipo publicamos toda la informaci\u00f3n de Sonora, M\u00e9xico y el Mundo de manera oportuna y busca que la libertad de expresi\u00f3n sea real. Visita nuestro medio informativo publicado desde Hermosillo, Sonora. %\" \/>\n<meta property=\"og:url\" content=\"https:\/\/www.sonoraenequipo.com.mx\/mantiene-poblacion-penitenciaria-permanente-comunicacion-virtual-con-sus-familias\/\" \/>\n<meta property=\"og:site_name\" content=\"Sonora en Equipo.\" \/>\n<meta property=\"article:publisher\" content=\"https:\/\/www.facebook.com\/SonoraEE\/\" \/>\n<meta property=\"article:author\" content=\"https:\/\/www.facebook.com\/SonoraEE\" \/>\n<meta property=\"article:published_time\" content=\"2020-11-28T01:57:32+00:00\" \/>\n<meta property=\"og:image\" content=\"https:\/\/www.sonoraenequipo.com.mx\/storage\/2020\/11\/1120189_opt1.jpg\" \/>\n\t<meta property=\"og:image:width\" content=\"668\" \/>\n\t<meta property=\"og:image:height\" content=\"500\" \/>\n\t<meta property=\"og:image:type\" content=\"image\/jpeg\" \/>\n<meta name=\"author\" content=\"enequipo\" \/>\n<meta name=\"twitter:card\" content=\"summary_large_image\" \/>\n<meta name=\"twitter:creator\" content=\"@sonoraenequipo\" \/>\n<meta name=\"twitter:site\" content=\"@sonoraenequipo\" \/>\n<meta name=\"twitter:label1\" content=\"Escrito por\" \/>\n\t<meta name=\"twitter:data1\" content=\"enequipo\" \/>\n\t<meta name=\"twitter:label2\" content=\"Tiempo de lectura\" \/>\n\t<meta name=\"twitter:data2\" content=\"1 minuto\" \/>\n<script type=\"application\/ld+json\" class=\"yoast-schema-graph\">{\"@context\":\"https:\/\/schema.org\",\"@graph\":[{\"@type\":\"Article\",\"@id\":\"https:\/\/www.sonoraenequipo.com.mx\/mantiene-poblacion-penitenciaria-permanente-comunicacion-virtual-con-sus-familias\/#article\",\"isPartOf\":{\"@id\":\"https:\/\/www.sonoraenequipo.com.mx\/mantiene-poblacion-penitenciaria-permanente-comunicacion-virtual-con-sus-familias\/\"},\"author\":{\"name\":\"enequipo\",\"@id\":\"https:\/\/www.sonoraenequipo.com.mx\/#\/schema\/person\/50102df0fb23a8fa9e8effad8fa81386\"},\"headline\":\"Mantiene poblaci\u00f3n penitenciaria permanente comunicaci\u00f3n virtual con sus familias\",\"datePublished\":\"2020-11-28T01:57:32+00:00\",\"mainEntityOfPage\":{\"@id\":\"https:\/\/www.sonoraenequipo.com.mx\/mantiene-poblacion-penitenciaria-permanente-comunicacion-virtual-con-sus-familias\/\"},\"wordCount\":291,\"commentCount\":0,\"publisher\":{\"@id\":\"https:\/\/www.sonoraenequipo.com.mx\/#organization\"},\"image\":{\"@id\":\"https:\/\/www.sonoraenequipo.com.mx\/mantiene-poblacion-penitenciaria-permanente-comunicacion-virtual-con-sus-familias\/#primaryimage\"},\"thumbnailUrl\":\"https:\/\/www.sonoraenequipo.com.mx\/storage\/2020\/11\/1120189_opt1.jpg\",\"articleSection\":[\"Sonora\"],\"inLanguage\":\"es\",\"potentialAction\":[{\"@type\":\"CommentAction\",\"name\":\"Comment\",\"target\":[\"https:\/\/www.sonoraenequipo.com.mx\/mantiene-poblacion-penitenciaria-permanente-comunicacion-virtual-con-sus-familias\/#respond\"]}]},{\"@type\":\"WebPage\",\"@id\":\"https:\/\/www.sonoraenequipo.com.mx\/mantiene-poblacion-penitenciaria-permanente-comunicacion-virtual-con-sus-familias\/\",\"url\":\"https:\/\/www.sonoraenequipo.com.mx\/mantiene-poblacion-penitenciaria-permanente-comunicacion-virtual-con-sus-familias\/\",\"name\":\"Sonora en Equipo. Mantiene poblaci\u00f3n penitenciaria permanente comunicaci\u00f3n virtual con sus familias Sonora\",\"isPartOf\":{\"@id\":\"https:\/\/www.sonoraenequipo.com.mx\/#website\"},\"primaryImageOfPage\":{\"@id\":\"https:\/\/www.sonoraenequipo.com.mx\/mantiene-poblacion-penitenciaria-permanente-comunicacion-virtual-con-sus-familias\/#primaryimage\"},\"image\":{\"@id\":\"https:\/\/www.sonoraenequipo.com.mx\/mantiene-poblacion-penitenciaria-permanente-comunicacion-virtual-con-sus-familias\/#primaryimage\"},\"thumbnailUrl\":\"https:\/\/www.sonoraenequipo.com.mx\/storage\/2020\/11\/1120189_opt1.jpg\",\"datePublished\":\"2020-11-28T01:57:32+00:00\",\"description\":\"HERMOSILLO, SONORA. MX. \u2014 Personas Privadas de su Libertad (PPL) en los 13 Centros de Reinserci\u00f3n Social en Sonora, mantienen permanente comunicaci\u00f3n con En Sonora en Equipo publicamos toda la informaci\u00f3n de Sonora, M\u00e9xico y el Mundo de manera oportuna y busca que la libertad de expresi\u00f3n sea real. Visita nuestro medio informativo publicado desde Hermosillo, Sonora. %\",\"breadcrumb\":{\"@id\":\"https:\/\/www.sonoraenequipo.com.mx\/mantiene-poblacion-penitenciaria-permanente-comunicacion-virtual-con-sus-familias\/#breadcrumb\"},\"inLanguage\":\"es\",\"potentialAction\":[{\"@type\":\"ReadAction\",\"target\":[\"https:\/\/www.sonoraenequipo.com.mx\/mantiene-poblacion-penitenciaria-permanente-comunicacion-virtual-con-sus-familias\/\"]}]},{\"@type\":\"ImageObject\",\"inLanguage\":\"es\",\"@id\":\"https:\/\/www.sonoraenequipo.com.mx\/mantiene-poblacion-penitenciaria-permanente-comunicacion-virtual-con-sus-familias\/#primaryimage\",\"url\":\"https:\/\/www.sonoraenequipo.com.mx\/storage\/2020\/11\/1120189_opt1.jpg\",\"contentUrl\":\"https:\/\/www.sonoraenequipo.com.mx\/storage\/2020\/11\/1120189_opt1.jpg\",\"width\":668,\"height\":500},{\"@type\":\"BreadcrumbList\",\"@id\":\"https:\/\/www.sonoraenequipo.com.mx\/mantiene-poblacion-penitenciaria-permanente-comunicacion-virtual-con-sus-familias\/#breadcrumb\",\"itemListElement\":[{\"@type\":\"ListItem\",\"position\":1,\"name\":\"Portada\",\"item\":\"https:\/\/www.sonoraenequipo.com.mx\/\"},{\"@type\":\"ListItem\",\"position\":2,\"name\":\"Mantiene poblaci\u00f3n penitenciaria permanente comunicaci\u00f3n virtual con sus familias\"}]},{\"@type\":\"WebSite\",\"@id\":\"https:\/\/www.sonoraenequipo.com.mx\/#website\",\"url\":\"https:\/\/www.sonoraenequipo.com.mx\/\",\"name\":\"Sonora en Equipo.\",\"description\":\"Diario en l\u00ednea con Noticias desde Hermosillo, Sonora\",\"publisher\":{\"@id\":\"https:\/\/www.sonoraenequipo.com.mx\/#organization\"},\"potentialAction\":[{\"@type\":\"SearchAction\",\"target\":{\"@type\":\"EntryPoint\",\"urlTemplate\":\"https:\/\/www.sonoraenequipo.com.mx\/?s={search_term_string}\"},\"query-input\":{\"@type\":\"PropertyValueSpecification\",\"valueRequired\":true,\"valueName\":\"search_term_string\"}}],\"inLanguage\":\"es\"},{\"@type\":\"Organization\",\"@id\":\"https:\/\/www.sonoraenequipo.com.mx\/#organization\",\"name\":\"Sonoraenequipo.com.mx\",\"url\":\"https:\/\/www.sonoraenequipo.com.mx\/\",\"logo\":{\"@type\":\"ImageObject\",\"inLanguage\":\"es\",\"@id\":\"https:\/\/www.sonoraenequipo.com.mx\/#\/schema\/logo\/image\/\",\"url\":\"https:\/\/www.sonoraenequipo.com.mx\/storage\/2019\/01\/sonoraenequipo_opt.png\",\"contentUrl\":\"https:\/\/www.sonoraenequipo.com.mx\/storage\/2019\/01\/sonoraenequipo_opt.png\",\"width\":375,\"height\":125,\"caption\":\"Sonoraenequipo.com.mx\"},\"image\":{\"@id\":\"https:\/\/www.sonoraenequipo.com.mx\/#\/schema\/logo\/image\/\"},\"sameAs\":[\"https:\/\/www.facebook.com\/SonoraEE\/\",\"https:\/\/x.com\/sonoraenequipo\",\"https:\/\/www.youtube.com\/channel\/UC338nW-lPEYmJQs4ZABQ1SQ\"]},{\"@type\":\"Person\",\"@id\":\"https:\/\/www.sonoraenequipo.com.mx\/#\/schema\/person\/50102df0fb23a8fa9e8effad8fa81386\",\"name\":\"enequipo\",\"image\":{\"@type\":\"ImageObject\",\"inLanguage\":\"es\",\"@id\":\"https:\/\/www.sonoraenequipo.com.mx\/#\/schema\/person\/image\/\",\"url\":\"https:\/\/secure.gravatar.com\/avatar\/049821681b589dabc0bc20695993ccebb09f5b5d4d790cd9251b97faac7c652b?s=96&d=blank&r=g\",\"contentUrl\":\"https:\/\/secure.gravatar.com\/avatar\/049821681b589dabc0bc20695993ccebb09f5b5d4d790cd9251b97faac7c652b?s=96&d=blank&r=g\",\"caption\":\"enequipo\"},\"sameAs\":[\"https:\/\/www.facebook.com\/SonoraEE\"]}]}<\/script>\n ","yoast_head_json":{"title":"Sonora en Equipo. Mantiene poblaci\u00f3n penitenciaria permanente comunicaci\u00f3n virtual con sus familias Sonora","description":"HERMOSILLO, SONORA. MX. \u2014 Personas Privadas de su Libertad (PPL) en los 13 Centros de Reinserci\u00f3n Social en Sonora, mantienen permanente comunicaci\u00f3n con En Sonora en Equipo publicamos toda la informaci\u00f3n de Sonora, M\u00e9xico y el Mundo de manera oportuna y busca que la libertad de expresi\u00f3n sea real. Visita nuestro medio informativo publicado desde Hermosillo, Sonora. %","robots":{"index":"index","follow":"follow","max-snippet":"max-snippet:-1","max-image-preview":"max-image-preview:large","max-video-preview":"max-video-preview:-1"},"canonical":"https:\/\/www.sonoraenequipo.com.mx\/mantiene-poblacion-penitenciaria-permanente-comunicacion-virtual-con-sus-familias\/","og_locale":"es_ES","og_type":"article","og_title":"Sonora en Equipo. Mantiene poblaci\u00f3n penitenciaria permanente comunicaci\u00f3n virtual con sus familias Sonora","og_description":"HERMOSILLO, SONORA. MX. \u2014 Personas Privadas de su Libertad (PPL) en los 13 Centros de Reinserci\u00f3n Social en Sonora, mantienen permanente comunicaci\u00f3n con En Sonora en Equipo publicamos toda la informaci\u00f3n de Sonora, M\u00e9xico y el Mundo de manera oportuna y busca que la libertad de expresi\u00f3n sea real. Visita nuestro medio informativo publicado desde Hermosillo, Sonora. %","og_url":"https:\/\/www.sonoraenequipo.com.mx\/mantiene-poblacion-penitenciaria-permanente-comunicacion-virtual-con-sus-familias\/","og_site_name":"Sonora en Equipo.","article_publisher":"https:\/\/www.facebook.com\/SonoraEE\/","article_author":"https:\/\/www.facebook.com\/SonoraEE","article_published_time":"2020-11-28T01:57:32+00:00","og_image":[{"width":668,"height":500,"url":"https:\/\/www.sonoraenequipo.com.mx\/storage\/2020\/11\/1120189_opt1.jpg","type":"image\/jpeg"}],"author":"enequipo","twitter_card":"summary_large_image","twitter_creator":"@sonoraenequipo","twitter_site":"@sonoraenequipo","twitter_misc":{"Escrito por":"enequipo","Tiempo de lectura":"1 minuto"},"schema":{"@context":"https:\/\/schema.org","@graph":[{"@type":"Article","@id":"https:\/\/www.sonoraenequipo.com.mx\/mantiene-poblacion-penitenciaria-permanente-comunicacion-virtual-con-sus-familias\/#article","isPartOf":{"@id":"https:\/\/www.sonoraenequipo.com.mx\/mantiene-poblacion-penitenciaria-permanente-comunicacion-virtual-con-sus-familias\/"},"author":{"name":"enequipo","@id":"https:\/\/www.sonoraenequipo.com.mx\/#\/schema\/person\/50102df0fb23a8fa9e8effad8fa81386"},"headline":"Mantiene poblaci\u00f3n penitenciaria permanente comunicaci\u00f3n virtual con sus familias","datePublished":"2020-11-28T01:57:32+00:00","mainEntityOfPage":{"@id":"https:\/\/www.sonoraenequipo.com.mx\/mantiene-poblacion-penitenciaria-permanente-comunicacion-virtual-con-sus-familias\/"},"wordCount":291,"commentCount":0,"publisher":{"@id":"https:\/\/www.sonoraenequipo.com.mx\/#organization"},"image":{"@id":"https:\/\/www.sonoraenequipo.com.mx\/mantiene-poblacion-penitenciaria-permanente-comunicacion-virtual-con-sus-familias\/#primaryimage"},"thumbnailUrl":"https:\/\/www.sonoraenequipo.com.mx\/storage\/2020\/11\/1120189_opt1.jpg","articleSection":["Sonora"],"inLanguage":"es","potentialAction":[{"@type":"CommentAction","name":"Comment","target":["https:\/\/www.sonoraenequipo.com.mx\/mantiene-poblacion-penitenciaria-permanente-comunicacion-virtual-con-sus-familias\/#respond"]}]},{"@type":"WebPage","@id":"https:\/\/www.sonoraenequipo.com.mx\/mantiene-poblacion-penitenciaria-permanente-comunicacion-virtual-con-sus-familias\/","url":"https:\/\/www.sonoraenequipo.com.mx\/mantiene-poblacion-penitenciaria-permanente-comunicacion-virtual-con-sus-familias\/","name":"Sonora en Equipo. Mantiene poblaci\u00f3n penitenciaria permanente comunicaci\u00f3n virtual con sus familias Sonora","isPartOf":{"@id":"https:\/\/www.sonoraenequipo.com.mx\/#website"},"primaryImageOfPage":{"@id":"https:\/\/www.sonoraenequipo.com.mx\/mantiene-poblacion-penitenciaria-permanente-comunicacion-virtual-con-sus-familias\/#primaryimage"},"image":{"@id":"https:\/\/www.sonoraenequipo.com.mx\/mantiene-poblacion-penitenciaria-permanente-comunicacion-virtual-con-sus-familias\/#primaryimage"},"thumbnailUrl":"https:\/\/www.sonoraenequipo.com.mx\/storage\/2020\/11\/1120189_opt1.jpg","datePublished":"2020-11-28T01:57:32+00:00","description":"HERMOSILLO, SONORA. MX. \u2014 Personas Privadas de su Libertad (PPL) en los 13 Centros de Reinserci\u00f3n Social en Sonora, mantienen permanente comunicaci\u00f3n con En Sonora en Equipo publicamos toda la informaci\u00f3n de Sonora, M\u00e9xico y el Mundo de manera oportuna y busca que la libertad de expresi\u00f3n sea real. Visita nuestro medio informativo publicado desde Hermosillo, Sonora. %","breadcrumb":{"@id":"https:\/\/www.sonoraenequipo.com.mx\/mantiene-poblacion-penitenciaria-permanente-comunicacion-virtual-con-sus-familias\/#breadcrumb"},"inLanguage":"es","potentialAction":[{"@type":"ReadAction","target":["https:\/\/www.sonoraenequipo.com.mx\/mantiene-poblacion-penitenciaria-permanente-comunicacion-virtual-con-sus-familias\/"]}]},{"@type":"ImageObject","inLanguage":"es","@id":"https:\/\/www.sonoraenequipo.com.mx\/mantiene-poblacion-penitenciaria-permanente-comunicacion-virtual-con-sus-familias\/#primaryimage","url":"https:\/\/www.sonoraenequipo.com.mx\/storage\/2020\/11\/1120189_opt1.jpg","contentUrl":"https:\/\/www.sonoraenequipo.com.mx\/storage\/2020\/11\/1120189_opt1.jpg","width":668,"height":500},{"@type":"BreadcrumbList","@id":"https:\/\/www.sonoraenequipo.com.mx\/mantiene-poblacion-penitenciaria-permanente-comunicacion-virtual-con-sus-familias\/#breadcrumb","itemListElement":[{"@type":"ListItem","position":1,"name":"Portada","item":"https:\/\/www.sonoraenequipo.com.mx\/"},{"@type":"ListItem","position":2,"name":"Mantiene poblaci\u00f3n penitenciaria permanente comunicaci\u00f3n virtual con sus familias"}]},{"@type":"WebSite","@id":"https:\/\/www.sonoraenequipo.com.mx\/#website","url":"https:\/\/www.sonoraenequipo.com.mx\/","name":"Sonora en Equipo.","description":"Diario en l\u00ednea con Noticias desde Hermosillo, Sonora","publisher":{"@id":"https:\/\/www.sonoraenequipo.com.mx\/#organization"},"potentialAction":[{"@type":"SearchAction","target":{"@type":"EntryPoint","urlTemplate":"https:\/\/www.sonoraenequipo.com.mx\/?s={search_term_string}"},"query-input":{"@type":"PropertyValueSpecification","valueRequired":true,"valueName":"search_term_string"}}],"inLanguage":"es"},{"@type":"Organization","@id":"https:\/\/www.sonoraenequipo.com.mx\/#organization","name":"Sonoraenequipo.com.mx","url":"https:\/\/www.sonoraenequipo.com.mx\/","logo":{"@type":"ImageObject","inLanguage":"es","@id":"https:\/\/www.sonoraenequipo.com.mx\/#\/schema\/logo\/image\/","url":"https:\/\/www.sonoraenequipo.com.mx\/storage\/2019\/01\/sonoraenequipo_opt.png","contentUrl":"https:\/\/www.sonoraenequipo.com.mx\/storage\/2019\/01\/sonoraenequipo_opt.png","width":375,"height":125,"caption":"Sonoraenequipo.com.mx"},"image":{"@id":"https:\/\/www.sonoraenequipo.com.mx\/#\/schema\/logo\/image\/"},"sameAs":["https:\/\/www.facebook.com\/SonoraEE\/","https:\/\/x.com\/sonoraenequipo","https:\/\/www.youtube.com\/channel\/UC338nW-lPEYmJQs4ZABQ1SQ"]},{"@type":"Person","@id":"https:\/\/www.sonoraenequipo.com.mx\/#\/schema\/person\/50102df0fb23a8fa9e8effad8fa81386","name":"enequipo","image":{"@type":"ImageObject","inLanguage":"es","@id":"https:\/\/www.sonoraenequipo.com.mx\/#\/schema\/person\/image\/","url":"https:\/\/secure.gravatar.com\/avatar\/049821681b589dabc0bc20695993ccebb09f5b5d4d790cd9251b97faac7c652b?s=96&d=blank&r=g","contentUrl":"https:\/\/secure.gravatar.com\/avatar\/049821681b589dabc0bc20695993ccebb09f5b5d4d790cd9251b97faac7c652b?s=96&d=blank&r=g","caption":"enequipo"},"sameAs":["https:\/\/www.facebook.com\/SonoraEE"]}]}},"jetpack_featured_media_url":"https:\/\/www.sonoraenequipo.com.mx\/storage\/2020\/11\/1120189_opt1.jpg","_links":{"self":[{"href":"https:\/\/www.sonoraenequipo.com.mx\/api\/wp\/v2\/posts\/101450","targetHints":{"allow":["GET"]}}],"collection":[{"href":"https:\/\/www.sonoraenequipo.com.mx\/api\/wp\/v2\/posts"}],"about":[{"href":"https:\/\/www.sonoraenequipo.com.mx\/api\/wp\/v2\/types\/post"}],"author":[{"embeddable":true,"href":"https:\/\/www.sonoraenequipo.com.mx\/api\/wp\/v2\/users\/1"}],"replies":[{"embeddable":true,"href":"https:\/\/www.sonoraenequipo.com.mx\/api\/wp\/v2\/comments?post=101450"}],"version-history":[{"count":1,"href":"https:\/\/www.sonoraenequipo.com.mx\/api\/wp\/v2\/posts\/101450\/revisions"}],"predecessor-version":[{"id":101452,"href":"https:\/\/www.sonoraenequipo.com.mx\/api\/wp\/v2\/posts\/101450\/revisions\/101452"}],"wp:featuredmedia":[{"embeddable":true,"href":"https:\/\/www.sonoraenequipo.com.mx\/api\/wp\/v2\/media\/101451"}],"wp:attachment":[{"href":"https:\/\/www.sonoraenequipo.com.mx\/api\/wp\/v2\/media?parent=101450"}],"wp:term":[{"taxonomy":"category","embeddable":true,"href":"https:\/\/www.sonoraenequipo.com.mx\/api\/wp\/v2\/categories?post=101450"},{"taxonomy":"post_tag","embeddable":true,"href":"https:\/\/www.sonoraenequipo.com.mx\/api\/wp\/v2\/tags?post=101450"}],"curies":[{"name":"wp","href":"https:\/\/api.w.org\/{rel}","templated":true}]}}