{"id":101455,"date":"2020-11-27T20:19:26","date_gmt":"2020-11-28T03:19:26","guid":{"rendered":"https:\/\/www.sonoraenequipo.com.mx\/?p=101455"},"modified":"2020-11-27T20:19:26","modified_gmt":"2020-11-28T03:19:26","slug":"vacuna-contra-covid-de-astrazeneca-tuvo-error-de-fabricacion","status":"publish","type":"post","link":"https:\/\/www.sonoraenequipo.com.mx\/vacuna-contra-covid-de-astrazeneca-tuvo-error-de-fabricacion\/","title":{"rendered":"Vacuna contra covid de AstraZeneca tuvo error de fabricaci\u00f3n"},"content":{"rendered":"<p>LONDRES,REINO UNIDO.\u2500 AztraZeneca y la Universidad de Oxford reconocieron un error de fabricaci\u00f3n que est\u00e1 generando dudas sobre los resultados preliminares de su vacuna experimental contra el COVID-19.<\/p>\n<p>&nbsp;<\/p>\n<p>El comunicado difundido el mi\u00e9rcoles, en el que se describe el error, se dio a conocer d\u00edas despu\u00e9s de que la compa\u00f1\u00eda y la universidad dijeron que las dosis eran \u201caltamente efectivas\u201d y no mencionaron el motivo por el que algunos de los participantes del ensayo cl\u00ednico no recibieron la cantidad esperada de vacuna en la primera de las dos inyecciones.<\/p>\n<p>&nbsp;<\/p>\n<p>En un resultado sorpresivo, el grupo de voluntarios que recibi\u00f3 la dosis menor aparentemente obtuvo una protecci\u00f3n mucho mejor que los que recibieron las dos dosis completas.<\/p>\n<p>En el grupo de menor dosis, dijo AstraZeneca, la vacuna aparentemente tuvo una efectividad del 90%. En el grupo de dosis completas, aparentemente fue de 62%. En combinaci\u00f3n, dijo la farmac\u00e9utica, la vacuna ten\u00eda una efectividad aparente del 70%, pero la manera en que las compa\u00f1\u00edas alcanzaron los resultados y los reportaron ha generado cuestionamientos de algunos expertos.<\/p>\n<p>Los resultados parciales dados a conocer el lunes se basan en amplios ensayos que se realizan actualmente en Gran Breta\u00f1a y Brasil con el objetivo de determinar la dosis \u00f3ptima de la vacuna, as\u00ed como para examinar su inocuidad y efectividad. Se probaron varias combinaciones y dosis en los voluntarios. Los resultados se compararon con los de grupos a los que se les proporcion\u00f3 una vacuna contra la meningitis o una soluci\u00f3n salina.<\/p>\n<p>Fecha de\u00a0 publicaci\u00f3n 27\/nov\/2020\/EXCELSIOR<\/p>\n","protected":false},"excerpt":{"rendered":"<p>LONDRES,REINO UNIDO.\u2500 AztraZeneca y la Universidad de Oxford reconocieron un error de fabricaci\u00f3n que est\u00e1&#8230;<\/p>\n","protected":false},"author":1,"featured_media":95716,"comment_status":"open","ping_status":"open","sticky":false,"template":"","format":"standard","meta":{"_monsterinsights_skip_tracking":false,"_monsterinsights_sitenote_active":false,"_monsterinsights_sitenote_note":"","_monsterinsights_sitenote_category":0,"footnotes":""},"categories":[3],"tags":[4198],"class_list":["post"],"yoast_head":" \n<title>Sonora en Equipo. Vacuna contra covid de AstraZeneca tuvo error de fabricaci\u00f3n MUNDO<\/title>\n<meta name=\"description\" content=\"LONDRES,REINO UNIDO.\u2500 AztraZeneca y la Universidad de Oxford reconocieron un error de fabricaci\u00f3n que est\u00e1 generando dudas sobre los resultados En Sonora en Equipo publicamos toda la informaci\u00f3n de Sonora, M\u00e9xico y el Mundo de manera oportuna y busca que la libertad de expresi\u00f3n sea real. Visita nuestro medio informativo publicado desde Hermosillo, Sonora. %\" \/>\n<meta name=\"robots\" content=\"index, follow, max-snippet:-1, max-image-preview:large, max-video-preview:-1\" \/>\n<link rel=\"canonical\" href=\"https:\/\/www.sonoraenequipo.com.mx\/vacuna-contra-covid-de-astrazeneca-tuvo-error-de-fabricacion\/\" \/>\n<meta property=\"og:locale\" content=\"es_ES\" \/>\n<meta property=\"og:type\" content=\"article\" \/>\n<meta property=\"og:title\" content=\"Sonora en Equipo. Vacuna contra covid de AstraZeneca tuvo error de fabricaci\u00f3n MUNDO\" \/>\n<meta property=\"og:description\" content=\"LONDRES,REINO UNIDO.\u2500 AztraZeneca y la Universidad de Oxford reconocieron un error de fabricaci\u00f3n que est\u00e1 generando dudas sobre los resultados En Sonora en Equipo publicamos toda la informaci\u00f3n de Sonora, M\u00e9xico y el Mundo de manera oportuna y busca que la libertad de expresi\u00f3n sea real. Visita nuestro medio informativo publicado desde Hermosillo, Sonora. %\" \/>\n<meta property=\"og:url\" content=\"https:\/\/www.sonoraenequipo.com.mx\/vacuna-contra-covid-de-astrazeneca-tuvo-error-de-fabricacion\/\" \/>\n<meta property=\"og:site_name\" content=\"Sonora en Equipo.\" \/>\n<meta property=\"article:publisher\" content=\"https:\/\/www.facebook.com\/SonoraEE\/\" \/>\n<meta property=\"article:author\" content=\"https:\/\/www.facebook.com\/SonoraEE\" \/>\n<meta property=\"article:published_time\" content=\"2020-11-28T03:19:26+00:00\" \/>\n<meta property=\"og:image\" content=\"https:\/\/www.sonoraenequipo.com.mx\/storage\/2020\/09\/estudio-final-vacuna-COVID-19_opt.jpg\" \/>\n\t<meta property=\"og:image:width\" content=\"684\" \/>\n\t<meta property=\"og:image:height\" content=\"450\" \/>\n\t<meta property=\"og:image:type\" content=\"image\/jpeg\" \/>\n<meta name=\"author\" content=\"enequipo\" \/>\n<meta name=\"twitter:card\" content=\"summary_large_image\" \/>\n<meta name=\"twitter:creator\" content=\"@sonoraenequipo\" \/>\n<meta name=\"twitter:site\" content=\"@sonoraenequipo\" \/>\n<meta name=\"twitter:label1\" content=\"Escrito por\" \/>\n\t<meta name=\"twitter:data1\" content=\"enequipo\" \/>\n\t<meta name=\"twitter:label2\" content=\"Tiempo de lectura\" \/>\n\t<meta name=\"twitter:data2\" content=\"1 minuto\" \/>\n<script type=\"application\/ld+json\" class=\"yoast-schema-graph\">{\"@context\":\"https:\/\/schema.org\",\"@graph\":[{\"@type\":\"Article\",\"@id\":\"https:\/\/www.sonoraenequipo.com.mx\/vacuna-contra-covid-de-astrazeneca-tuvo-error-de-fabricacion\/#article\",\"isPartOf\":{\"@id\":\"https:\/\/www.sonoraenequipo.com.mx\/vacuna-contra-covid-de-astrazeneca-tuvo-error-de-fabricacion\/\"},\"author\":{\"name\":\"enequipo\",\"@id\":\"https:\/\/www.sonoraenequipo.com.mx\/#\/schema\/person\/50102df0fb23a8fa9e8effad8fa81386\"},\"headline\":\"Vacuna contra covid de AstraZeneca tuvo error de fabricaci\u00f3n\",\"datePublished\":\"2020-11-28T03:19:26+00:00\",\"mainEntityOfPage\":{\"@id\":\"https:\/\/www.sonoraenequipo.com.mx\/vacuna-contra-covid-de-astrazeneca-tuvo-error-de-fabricacion\/\"},\"wordCount\":276,\"commentCount\":0,\"publisher\":{\"@id\":\"https:\/\/www.sonoraenequipo.com.mx\/#organization\"},\"image\":{\"@id\":\"https:\/\/www.sonoraenequipo.com.mx\/vacuna-contra-covid-de-astrazeneca-tuvo-error-de-fabricacion\/#primaryimage\"},\"thumbnailUrl\":\"https:\/\/www.sonoraenequipo.com.mx\/storage\/2020\/09\/estudio-final-vacuna-COVID-19_opt.jpg\",\"keywords\":[\"Covid-19\"],\"articleSection\":[\"MUNDO\"],\"inLanguage\":\"es\",\"potentialAction\":[{\"@type\":\"CommentAction\",\"name\":\"Comment\",\"target\":[\"https:\/\/www.sonoraenequipo.com.mx\/vacuna-contra-covid-de-astrazeneca-tuvo-error-de-fabricacion\/#respond\"]}]},{\"@type\":\"WebPage\",\"@id\":\"https:\/\/www.sonoraenequipo.com.mx\/vacuna-contra-covid-de-astrazeneca-tuvo-error-de-fabricacion\/\",\"url\":\"https:\/\/www.sonoraenequipo.com.mx\/vacuna-contra-covid-de-astrazeneca-tuvo-error-de-fabricacion\/\",\"name\":\"Sonora en Equipo. Vacuna contra covid de AstraZeneca tuvo error de fabricaci\u00f3n MUNDO\",\"isPartOf\":{\"@id\":\"https:\/\/www.sonoraenequipo.com.mx\/#website\"},\"primaryImageOfPage\":{\"@id\":\"https:\/\/www.sonoraenequipo.com.mx\/vacuna-contra-covid-de-astrazeneca-tuvo-error-de-fabricacion\/#primaryimage\"},\"image\":{\"@id\":\"https:\/\/www.sonoraenequipo.com.mx\/vacuna-contra-covid-de-astrazeneca-tuvo-error-de-fabricacion\/#primaryimage\"},\"thumbnailUrl\":\"https:\/\/www.sonoraenequipo.com.mx\/storage\/2020\/09\/estudio-final-vacuna-COVID-19_opt.jpg\",\"datePublished\":\"2020-11-28T03:19:26+00:00\",\"description\":\"LONDRES,REINO UNIDO.\u2500 AztraZeneca y la Universidad de Oxford reconocieron un error de fabricaci\u00f3n que est\u00e1 generando dudas sobre los resultados En Sonora en Equipo publicamos toda la informaci\u00f3n de Sonora, M\u00e9xico y el Mundo de manera oportuna y busca que la libertad de expresi\u00f3n sea real. Visita nuestro medio informativo publicado desde Hermosillo, Sonora. %\",\"breadcrumb\":{\"@id\":\"https:\/\/www.sonoraenequipo.com.mx\/vacuna-contra-covid-de-astrazeneca-tuvo-error-de-fabricacion\/#breadcrumb\"},\"inLanguage\":\"es\",\"potentialAction\":[{\"@type\":\"ReadAction\",\"target\":[\"https:\/\/www.sonoraenequipo.com.mx\/vacuna-contra-covid-de-astrazeneca-tuvo-error-de-fabricacion\/\"]}]},{\"@type\":\"ImageObject\",\"inLanguage\":\"es\",\"@id\":\"https:\/\/www.sonoraenequipo.com.mx\/vacuna-contra-covid-de-astrazeneca-tuvo-error-de-fabricacion\/#primaryimage\",\"url\":\"https:\/\/www.sonoraenequipo.com.mx\/storage\/2020\/09\/estudio-final-vacuna-COVID-19_opt.jpg\",\"contentUrl\":\"https:\/\/www.sonoraenequipo.com.mx\/storage\/2020\/09\/estudio-final-vacuna-COVID-19_opt.jpg\",\"width\":684,\"height\":450},{\"@type\":\"BreadcrumbList\",\"@id\":\"https:\/\/www.sonoraenequipo.com.mx\/vacuna-contra-covid-de-astrazeneca-tuvo-error-de-fabricacion\/#breadcrumb\",\"itemListElement\":[{\"@type\":\"ListItem\",\"position\":1,\"name\":\"Portada\",\"item\":\"https:\/\/www.sonoraenequipo.com.mx\/\"},{\"@type\":\"ListItem\",\"position\":2,\"name\":\"Vacuna contra covid de AstraZeneca tuvo error de fabricaci\u00f3n\"}]},{\"@type\":\"WebSite\",\"@id\":\"https:\/\/www.sonoraenequipo.com.mx\/#website\",\"url\":\"https:\/\/www.sonoraenequipo.com.mx\/\",\"name\":\"Sonora en Equipo.\",\"description\":\"Diario en l\u00ednea con Noticias desde Hermosillo, Sonora\",\"publisher\":{\"@id\":\"https:\/\/www.sonoraenequipo.com.mx\/#organization\"},\"potentialAction\":[{\"@type\":\"SearchAction\",\"target\":{\"@type\":\"EntryPoint\",\"urlTemplate\":\"https:\/\/www.sonoraenequipo.com.mx\/?s={search_term_string}\"},\"query-input\":{\"@type\":\"PropertyValueSpecification\",\"valueRequired\":true,\"valueName\":\"search_term_string\"}}],\"inLanguage\":\"es\"},{\"@type\":\"Organization\",\"@id\":\"https:\/\/www.sonoraenequipo.com.mx\/#organization\",\"name\":\"Sonoraenequipo.com.mx\",\"url\":\"https:\/\/www.sonoraenequipo.com.mx\/\",\"logo\":{\"@type\":\"ImageObject\",\"inLanguage\":\"es\",\"@id\":\"https:\/\/www.sonoraenequipo.com.mx\/#\/schema\/logo\/image\/\",\"url\":\"https:\/\/www.sonoraenequipo.com.mx\/storage\/2019\/01\/sonoraenequipo_opt.png\",\"contentUrl\":\"https:\/\/www.sonoraenequipo.com.mx\/storage\/2019\/01\/sonoraenequipo_opt.png\",\"width\":375,\"height\":125,\"caption\":\"Sonoraenequipo.com.mx\"},\"image\":{\"@id\":\"https:\/\/www.sonoraenequipo.com.mx\/#\/schema\/logo\/image\/\"},\"sameAs\":[\"https:\/\/www.facebook.com\/SonoraEE\/\",\"https:\/\/x.com\/sonoraenequipo\",\"https:\/\/www.youtube.com\/channel\/UC338nW-lPEYmJQs4ZABQ1SQ\"]},{\"@type\":\"Person\",\"@id\":\"https:\/\/www.sonoraenequipo.com.mx\/#\/schema\/person\/50102df0fb23a8fa9e8effad8fa81386\",\"name\":\"enequipo\",\"image\":{\"@type\":\"ImageObject\",\"inLanguage\":\"es\",\"@id\":\"https:\/\/www.sonoraenequipo.com.mx\/#\/schema\/person\/image\/\",\"url\":\"https:\/\/secure.gravatar.com\/avatar\/049821681b589dabc0bc20695993ccebb09f5b5d4d790cd9251b97faac7c652b?s=96&d=blank&r=g\",\"contentUrl\":\"https:\/\/secure.gravatar.com\/avatar\/049821681b589dabc0bc20695993ccebb09f5b5d4d790cd9251b97faac7c652b?s=96&d=blank&r=g\",\"caption\":\"enequipo\"},\"sameAs\":[\"https:\/\/www.facebook.com\/SonoraEE\"]}]}<\/script>\n ","yoast_head_json":{"title":"Sonora en Equipo. Vacuna contra covid de AstraZeneca tuvo error de fabricaci\u00f3n MUNDO","description":"LONDRES,REINO UNIDO.\u2500 AztraZeneca y la Universidad de Oxford reconocieron un error de fabricaci\u00f3n que est\u00e1 generando dudas sobre los resultados En Sonora en Equipo publicamos toda la informaci\u00f3n de Sonora, M\u00e9xico y el Mundo de manera oportuna y busca que la libertad de expresi\u00f3n sea real. Visita nuestro medio informativo publicado desde Hermosillo, Sonora. %","robots":{"index":"index","follow":"follow","max-snippet":"max-snippet:-1","max-image-preview":"max-image-preview:large","max-video-preview":"max-video-preview:-1"},"canonical":"https:\/\/www.sonoraenequipo.com.mx\/vacuna-contra-covid-de-astrazeneca-tuvo-error-de-fabricacion\/","og_locale":"es_ES","og_type":"article","og_title":"Sonora en Equipo. Vacuna contra covid de AstraZeneca tuvo error de fabricaci\u00f3n MUNDO","og_description":"LONDRES,REINO UNIDO.\u2500 AztraZeneca y la Universidad de Oxford reconocieron un error de fabricaci\u00f3n que est\u00e1 generando dudas sobre los resultados En Sonora en Equipo publicamos toda la informaci\u00f3n de Sonora, M\u00e9xico y el Mundo de manera oportuna y busca que la libertad de expresi\u00f3n sea real. Visita nuestro medio informativo publicado desde Hermosillo, Sonora. %","og_url":"https:\/\/www.sonoraenequipo.com.mx\/vacuna-contra-covid-de-astrazeneca-tuvo-error-de-fabricacion\/","og_site_name":"Sonora en Equipo.","article_publisher":"https:\/\/www.facebook.com\/SonoraEE\/","article_author":"https:\/\/www.facebook.com\/SonoraEE","article_published_time":"2020-11-28T03:19:26+00:00","og_image":[{"width":684,"height":450,"url":"https:\/\/www.sonoraenequipo.com.mx\/storage\/2020\/09\/estudio-final-vacuna-COVID-19_opt.jpg","type":"image\/jpeg"}],"author":"enequipo","twitter_card":"summary_large_image","twitter_creator":"@sonoraenequipo","twitter_site":"@sonoraenequipo","twitter_misc":{"Escrito por":"enequipo","Tiempo de lectura":"1 minuto"},"schema":{"@context":"https:\/\/schema.org","@graph":[{"@type":"Article","@id":"https:\/\/www.sonoraenequipo.com.mx\/vacuna-contra-covid-de-astrazeneca-tuvo-error-de-fabricacion\/#article","isPartOf":{"@id":"https:\/\/www.sonoraenequipo.com.mx\/vacuna-contra-covid-de-astrazeneca-tuvo-error-de-fabricacion\/"},"author":{"name":"enequipo","@id":"https:\/\/www.sonoraenequipo.com.mx\/#\/schema\/person\/50102df0fb23a8fa9e8effad8fa81386"},"headline":"Vacuna contra covid de AstraZeneca tuvo error de fabricaci\u00f3n","datePublished":"2020-11-28T03:19:26+00:00","mainEntityOfPage":{"@id":"https:\/\/www.sonoraenequipo.com.mx\/vacuna-contra-covid-de-astrazeneca-tuvo-error-de-fabricacion\/"},"wordCount":276,"commentCount":0,"publisher":{"@id":"https:\/\/www.sonoraenequipo.com.mx\/#organization"},"image":{"@id":"https:\/\/www.sonoraenequipo.com.mx\/vacuna-contra-covid-de-astrazeneca-tuvo-error-de-fabricacion\/#primaryimage"},"thumbnailUrl":"https:\/\/www.sonoraenequipo.com.mx\/storage\/2020\/09\/estudio-final-vacuna-COVID-19_opt.jpg","keywords":["Covid-19"],"articleSection":["MUNDO"],"inLanguage":"es","potentialAction":[{"@type":"CommentAction","name":"Comment","target":["https:\/\/www.sonoraenequipo.com.mx\/vacuna-contra-covid-de-astrazeneca-tuvo-error-de-fabricacion\/#respond"]}]},{"@type":"WebPage","@id":"https:\/\/www.sonoraenequipo.com.mx\/vacuna-contra-covid-de-astrazeneca-tuvo-error-de-fabricacion\/","url":"https:\/\/www.sonoraenequipo.com.mx\/vacuna-contra-covid-de-astrazeneca-tuvo-error-de-fabricacion\/","name":"Sonora en Equipo. Vacuna contra covid de AstraZeneca tuvo error de fabricaci\u00f3n MUNDO","isPartOf":{"@id":"https:\/\/www.sonoraenequipo.com.mx\/#website"},"primaryImageOfPage":{"@id":"https:\/\/www.sonoraenequipo.com.mx\/vacuna-contra-covid-de-astrazeneca-tuvo-error-de-fabricacion\/#primaryimage"},"image":{"@id":"https:\/\/www.sonoraenequipo.com.mx\/vacuna-contra-covid-de-astrazeneca-tuvo-error-de-fabricacion\/#primaryimage"},"thumbnailUrl":"https:\/\/www.sonoraenequipo.com.mx\/storage\/2020\/09\/estudio-final-vacuna-COVID-19_opt.jpg","datePublished":"2020-11-28T03:19:26+00:00","description":"LONDRES,REINO UNIDO.\u2500 AztraZeneca y la Universidad de Oxford reconocieron un error de fabricaci\u00f3n que est\u00e1 generando dudas sobre los resultados En Sonora en Equipo publicamos toda la informaci\u00f3n de Sonora, M\u00e9xico y el Mundo de manera oportuna y busca que la libertad de expresi\u00f3n sea real. Visita nuestro medio informativo publicado desde Hermosillo, Sonora. %","breadcrumb":{"@id":"https:\/\/www.sonoraenequipo.com.mx\/vacuna-contra-covid-de-astrazeneca-tuvo-error-de-fabricacion\/#breadcrumb"},"inLanguage":"es","potentialAction":[{"@type":"ReadAction","target":["https:\/\/www.sonoraenequipo.com.mx\/vacuna-contra-covid-de-astrazeneca-tuvo-error-de-fabricacion\/"]}]},{"@type":"ImageObject","inLanguage":"es","@id":"https:\/\/www.sonoraenequipo.com.mx\/vacuna-contra-covid-de-astrazeneca-tuvo-error-de-fabricacion\/#primaryimage","url":"https:\/\/www.sonoraenequipo.com.mx\/storage\/2020\/09\/estudio-final-vacuna-COVID-19_opt.jpg","contentUrl":"https:\/\/www.sonoraenequipo.com.mx\/storage\/2020\/09\/estudio-final-vacuna-COVID-19_opt.jpg","width":684,"height":450},{"@type":"BreadcrumbList","@id":"https:\/\/www.sonoraenequipo.com.mx\/vacuna-contra-covid-de-astrazeneca-tuvo-error-de-fabricacion\/#breadcrumb","itemListElement":[{"@type":"ListItem","position":1,"name":"Portada","item":"https:\/\/www.sonoraenequipo.com.mx\/"},{"@type":"ListItem","position":2,"name":"Vacuna contra covid de AstraZeneca tuvo error de fabricaci\u00f3n"}]},{"@type":"WebSite","@id":"https:\/\/www.sonoraenequipo.com.mx\/#website","url":"https:\/\/www.sonoraenequipo.com.mx\/","name":"Sonora en Equipo.","description":"Diario en l\u00ednea con Noticias desde Hermosillo, Sonora","publisher":{"@id":"https:\/\/www.sonoraenequipo.com.mx\/#organization"},"potentialAction":[{"@type":"SearchAction","target":{"@type":"EntryPoint","urlTemplate":"https:\/\/www.sonoraenequipo.com.mx\/?s={search_term_string}"},"query-input":{"@type":"PropertyValueSpecification","valueRequired":true,"valueName":"search_term_string"}}],"inLanguage":"es"},{"@type":"Organization","@id":"https:\/\/www.sonoraenequipo.com.mx\/#organization","name":"Sonoraenequipo.com.mx","url":"https:\/\/www.sonoraenequipo.com.mx\/","logo":{"@type":"ImageObject","inLanguage":"es","@id":"https:\/\/www.sonoraenequipo.com.mx\/#\/schema\/logo\/image\/","url":"https:\/\/www.sonoraenequipo.com.mx\/storage\/2019\/01\/sonoraenequipo_opt.png","contentUrl":"https:\/\/www.sonoraenequipo.com.mx\/storage\/2019\/01\/sonoraenequipo_opt.png","width":375,"height":125,"caption":"Sonoraenequipo.com.mx"},"image":{"@id":"https:\/\/www.sonoraenequipo.com.mx\/#\/schema\/logo\/image\/"},"sameAs":["https:\/\/www.facebook.com\/SonoraEE\/","https:\/\/x.com\/sonoraenequipo","https:\/\/www.youtube.com\/channel\/UC338nW-lPEYmJQs4ZABQ1SQ"]},{"@type":"Person","@id":"https:\/\/www.sonoraenequipo.com.mx\/#\/schema\/person\/50102df0fb23a8fa9e8effad8fa81386","name":"enequipo","image":{"@type":"ImageObject","inLanguage":"es","@id":"https:\/\/www.sonoraenequipo.com.mx\/#\/schema\/person\/image\/","url":"https:\/\/secure.gravatar.com\/avatar\/049821681b589dabc0bc20695993ccebb09f5b5d4d790cd9251b97faac7c652b?s=96&d=blank&r=g","contentUrl":"https:\/\/secure.gravatar.com\/avatar\/049821681b589dabc0bc20695993ccebb09f5b5d4d790cd9251b97faac7c652b?s=96&d=blank&r=g","caption":"enequipo"},"sameAs":["https:\/\/www.facebook.com\/SonoraEE"]}]}},"jetpack_featured_media_url":"https:\/\/www.sonoraenequipo.com.mx\/storage\/2020\/09\/estudio-final-vacuna-COVID-19_opt.jpg","_links":{"self":[{"href":"https:\/\/www.sonoraenequipo.com.mx\/api\/wp\/v2\/posts\/101455","targetHints":{"allow":["GET"]}}],"collection":[{"href":"https:\/\/www.sonoraenequipo.com.mx\/api\/wp\/v2\/posts"}],"about":[{"href":"https:\/\/www.sonoraenequipo.com.mx\/api\/wp\/v2\/types\/post"}],"author":[{"embeddable":true,"href":"https:\/\/www.sonoraenequipo.com.mx\/api\/wp\/v2\/users\/1"}],"replies":[{"embeddable":true,"href":"https:\/\/www.sonoraenequipo.com.mx\/api\/wp\/v2\/comments?post=101455"}],"version-history":[{"count":1,"href":"https:\/\/www.sonoraenequipo.com.mx\/api\/wp\/v2\/posts\/101455\/revisions"}],"predecessor-version":[{"id":101456,"href":"https:\/\/www.sonoraenequipo.com.mx\/api\/wp\/v2\/posts\/101455\/revisions\/101456"}],"wp:featuredmedia":[{"embeddable":true,"href":"https:\/\/www.sonoraenequipo.com.mx\/api\/wp\/v2\/media\/95716"}],"wp:attachment":[{"href":"https:\/\/www.sonoraenequipo.com.mx\/api\/wp\/v2\/media?parent=101455"}],"wp:term":[{"taxonomy":"category","embeddable":true,"href":"https:\/\/www.sonoraenequipo.com.mx\/api\/wp\/v2\/categories?post=101455"},{"taxonomy":"post_tag","embeddable":true,"href":"https:\/\/www.sonoraenequipo.com.mx\/api\/wp\/v2\/tags?post=101455"}],"curies":[{"name":"wp","href":"https:\/\/api.w.org\/{rel}","templated":true}]}}