{"id":101465,"date":"2020-11-27T22:02:55","date_gmt":"2020-11-28T05:02:55","guid":{"rendered":"https:\/\/www.sonoraenequipo.com.mx\/?p=101465"},"modified":"2020-11-27T22:09:00","modified_gmt":"2020-11-28T05:09:00","slug":"ine-senala-a-fernandez-norona-por-violencia-politica-en-razon-de-genero","status":"publish","type":"post","link":"https:\/\/www.sonoraenequipo.com.mx\/ine-senala-a-fernandez-norona-por-violencia-politica-en-razon-de-genero\/","title":{"rendered":"INE se\u00f1ala a Fern\u00e1ndez Noro\u00f1a por violencia pol\u00edtica en raz\u00f3n de g\u00e9nero"},"content":{"rendered":"<p>CIUDAD DE M\u00c9XICO.\u2500\u2500 El Consejo General del Instituto Nacional Electoral (INE) concluy\u00f3 por unanimidad que el Diputado Federal Gerardo Fern\u00e1ndez Noro\u00f1a incurri\u00f3 en violencia pol\u00edtica de g\u00e9nero en contra de su hom\u00f3loga Adriana D\u00e1vila Fern\u00e1ndez, por sus expresiones realizadas en un acto p\u00fablico celebrado en el Patio Vitral del Congreso de Tlaxcala.<\/p>\n<p>&nbsp;<\/p>\n<p>Durante la presentaci\u00f3n del proyecto, el Consejero Ciro Murayama, presidente de la Comisi\u00f3n de Quejas y Denuncias, aclar\u00f3 que, a pesar de la violaci\u00f3n en que incurri\u00f3, el legislador no ser\u00e1 incluido en el Registro Nacional de Personas Sancionadas en Materia de Violencia Pol\u00edtica contra las Mujeres en Raz\u00f3n de G\u00e9nero, aprobado el pasado 4 de septiembre, producto de la reforma constitucional de este a\u00f1o.<\/p>\n<p>&nbsp;<\/p>\n<p>\u201cSi las desafortunadas expresiones hubiesen ocurrido despu\u00e9s del 13 de abril de 2020, el asunto se habr\u00eda abordado a trav\u00e9s de un procedimiento especial sancionador y le corresponder\u00eda a la Sala Especializada del Tribunal Electoral pronunciarse sobre el fondo y las sanciones podr\u00edan ser otras y con consecuencias, quiz\u00e1, m\u00e1s severas\u201d, manifest\u00f3.<\/p>\n<p>&nbsp;<\/p>\n<p>Al parafrasear al diputado, la Consejera Adriana Favela rechaz\u00f3 que sus palabras sean parte de un discurso pol\u00edtico o una postura al trabajo de la legisladora ya que,\u00a0 por el contrario, reproduce estereotipos y roles de g\u00e9nero.<\/p>\n<p>&nbsp;<\/p>\n<p>\u201cEl mensaje que estamos dando es cero tolerancia a la violencia pol\u00edtica contra las mujeres y, sobre todo porque vamos, en el 2021, al proceso electoral m\u00e1s grande de toda la historia de nuestro pa\u00eds, y tenemos que garantizarles a las mujeres que participen libres de violencia\u201d, afirm\u00f3.<\/p>\n<p>&nbsp;<\/p>\n<p>En su intervenci\u00f3n, la Consejera Claudia Zavala lament\u00f3 las expresiones que verti\u00f3 el acusado en la mesa del Consejo General durante la discusi\u00f3n del tema, por considerar que \u00e9ste recurri\u00f3 a falacias ante la falta de argumentos para desestimar la violencia que ejerci\u00f3 en contra de la diputada.<\/p>\n<p>&nbsp;<\/p>\n<p>Por lo que, al acreditarse la infracci\u00f3n, se vincul\u00f3 a la Mesa Directiva de la C\u00e1mara de Diputados, instancia superior jer\u00e1rquica, a efecto de que proceda a determinar la sanci\u00f3n correspondiente, as\u00ed como a la Comisi\u00f3n Ejecutiva de Atenci\u00f3n a V\u00edctimas, para que implemente medidas de reparaci\u00f3n integral emitidas en favor de la v\u00edctima.<\/p>\n<p>&nbsp;<\/p>\n<p>No obstante, la Consejera Carla Humphrey confi\u00f3 en que la C\u00e1mara de Diputados act\u00fae y sancione al legislador, considerando que hay antecedentes de casos en que a pesar de acreditarse la violencia pol\u00edtica de g\u00e9nero no hubo consecuencia alguna para los agresores.<\/p>\n<p>&nbsp;<\/p>\n<p>El Consejero Jaime Rivera asegur\u00f3 que expresiones tan amenazantes y ofensivas hacia una legisladora atentan en contra del ejercicio del cargo pol\u00edtico, pretenden inhibir su actividad pol\u00edtica y constituyen una amenaza contra el derecho fundamental que tiene a expresarse por medio de la palabra.<\/p>\n<p>&nbsp;<\/p>\n<p>\u201cLa conducta es grave, las pruebas contundentes, la argumentaci\u00f3n del proyecto es clara y robusta, esperemos que la C\u00e1mara de Diputados haga su parte\u201d, a\u00f1adi\u00f3.<\/p>\n<p>&nbsp;<\/p>\n<p>Por su parte, la Consejera Dania Ravel rechaz\u00f3 que en un pa\u00eds en el que diariamente son asesinadas m\u00e1s de 10 mujeres, haya cabida para expresiones que incitan a la violencia contra las mujeres, que las discriminan por ser mujeres.<\/p>\n<p>&nbsp;<\/p>\n<p>Asimismo, neg\u00f3 que las expresiones vertidas por el legislador est\u00e9n amparadas por el art\u00edculo 61 de la Constituci\u00f3n que protege la libre discusi\u00f3n y decisi\u00f3n parlamentaria, ya que fueron dichas en un evento que no fue organizado por el Poder Legislativo y que exceden los l\u00edmites de la libertad de expresi\u00f3n.<\/p>\n<p>&nbsp;<\/p>\n<p>\u201cNo tenemos indicios de que las expresiones se hayan realizado en el marco de un debate parlamentario y los diversos instrumentos internacionales que ha suscrito M\u00e9xico coinciden en que un l\u00edmite expreso a la libertad de expresi\u00f3n, es toda apolog\u00eda al odio que incita a la discriminaci\u00f3n, la hostilidad o a la violencia\u201d, sentenci\u00f3.<\/p>\n<p>Fecha de\u00a0 publicaci\u00f3n 27\/nov\/2020<\/p>\n<p>&nbsp;<\/p>\n","protected":false},"excerpt":{"rendered":"<p>CIUDAD DE M\u00c9XICO.\u2500\u2500 El Consejo General del Instituto Nacional Electoral (INE) concluy\u00f3 por unanimidad que&#8230;<\/p>\n","protected":false},"author":1,"featured_media":36242,"comment_status":"open","ping_status":"open","sticky":false,"template":"","format":"standard","meta":{"_monsterinsights_skip_tracking":false,"_monsterinsights_sitenote_active":false,"_monsterinsights_sitenote_note":"","_monsterinsights_sitenote_category":0,"footnotes":""},"categories":[5],"tags":[],"class_list":["post"],"yoast_head":" \n<title>Sonora en Equipo. INE se\u00f1ala a Fern\u00e1ndez Noro\u00f1a por violencia pol\u00edtica en raz\u00f3n de g\u00e9nero Rep\u00fablica<\/title>\n<meta name=\"description\" content=\"CIUDAD DE M\u00c9XICO.\u2500\u2500 El Consejo General del Instituto Nacional Electoral (INE) concluy\u00f3 por unanimidad que el Diputado Federal Gerardo Fern\u00e1ndez Noro\u00f1a En Sonora en Equipo publicamos toda la informaci\u00f3n de Sonora, M\u00e9xico y el Mundo de manera oportuna y busca que la libertad de expresi\u00f3n sea real. Visita nuestro medio informativo publicado desde Hermosillo, Sonora. %\" \/>\n<meta name=\"robots\" content=\"index, follow, max-snippet:-1, max-image-preview:large, max-video-preview:-1\" \/>\n<link rel=\"canonical\" href=\"https:\/\/www.sonoraenequipo.com.mx\/ine-senala-a-fernandez-norona-por-violencia-politica-en-razon-de-genero\/\" \/>\n<meta property=\"og:locale\" content=\"es_ES\" \/>\n<meta property=\"og:type\" content=\"article\" \/>\n<meta property=\"og:title\" content=\"Sonora en Equipo. INE se\u00f1ala a Fern\u00e1ndez Noro\u00f1a por violencia pol\u00edtica en raz\u00f3n de g\u00e9nero Rep\u00fablica\" \/>\n<meta property=\"og:description\" content=\"CIUDAD DE M\u00c9XICO.\u2500\u2500 El Consejo General del Instituto Nacional Electoral (INE) concluy\u00f3 por unanimidad que el Diputado Federal Gerardo Fern\u00e1ndez Noro\u00f1a En Sonora en Equipo publicamos toda la informaci\u00f3n de Sonora, M\u00e9xico y el Mundo de manera oportuna y busca que la libertad de expresi\u00f3n sea real. Visita nuestro medio informativo publicado desde Hermosillo, Sonora. %\" \/>\n<meta property=\"og:url\" content=\"https:\/\/www.sonoraenequipo.com.mx\/ine-senala-a-fernandez-norona-por-violencia-politica-en-razon-de-genero\/\" \/>\n<meta property=\"og:site_name\" content=\"Sonora en Equipo.\" \/>\n<meta property=\"article:publisher\" content=\"https:\/\/www.facebook.com\/SonoraEE\/\" \/>\n<meta property=\"article:author\" content=\"https:\/\/www.facebook.com\/SonoraEE\" \/>\n<meta property=\"article:published_time\" content=\"2020-11-28T05:02:55+00:00\" \/>\n<meta property=\"article:modified_time\" content=\"2020-11-28T05:09:00+00:00\" \/>\n<meta property=\"og:image\" content=\"https:\/\/www.sonoraenequipo.com.mx\/storage\/2018\/04\/gerardo_fernandez_norona_opt.jpg\" \/>\n\t<meta property=\"og:image:width\" content=\"590\" \/>\n\t<meta property=\"og:image:height\" content=\"400\" \/>\n\t<meta property=\"og:image:type\" content=\"image\/jpeg\" \/>\n<meta name=\"author\" content=\"enequipo\" \/>\n<meta name=\"twitter:card\" content=\"summary_large_image\" \/>\n<meta name=\"twitter:creator\" content=\"@sonoraenequipo\" \/>\n<meta name=\"twitter:site\" content=\"@sonoraenequipo\" \/>\n<meta name=\"twitter:label1\" content=\"Escrito por\" \/>\n\t<meta name=\"twitter:data1\" content=\"enequipo\" \/>\n\t<meta name=\"twitter:label2\" content=\"Tiempo de lectura\" \/>\n\t<meta name=\"twitter:data2\" content=\"3 minutos\" \/>\n<script type=\"application\/ld+json\" class=\"yoast-schema-graph\">{\"@context\":\"https:\/\/schema.org\",\"@graph\":[{\"@type\":\"Article\",\"@id\":\"https:\/\/www.sonoraenequipo.com.mx\/ine-senala-a-fernandez-norona-por-violencia-politica-en-razon-de-genero\/#article\",\"isPartOf\":{\"@id\":\"https:\/\/www.sonoraenequipo.com.mx\/ine-senala-a-fernandez-norona-por-violencia-politica-en-razon-de-genero\/\"},\"author\":{\"name\":\"enequipo\",\"@id\":\"https:\/\/www.sonoraenequipo.com.mx\/#\/schema\/person\/50102df0fb23a8fa9e8effad8fa81386\"},\"headline\":\"INE se\u00f1ala a Fern\u00e1ndez Noro\u00f1a por violencia pol\u00edtica en raz\u00f3n de g\u00e9nero\",\"datePublished\":\"2020-11-28T05:02:55+00:00\",\"dateModified\":\"2020-11-28T05:09:00+00:00\",\"mainEntityOfPage\":{\"@id\":\"https:\/\/www.sonoraenequipo.com.mx\/ine-senala-a-fernandez-norona-por-violencia-politica-en-razon-de-genero\/\"},\"wordCount\":703,\"commentCount\":0,\"publisher\":{\"@id\":\"https:\/\/www.sonoraenequipo.com.mx\/#organization\"},\"image\":{\"@id\":\"https:\/\/www.sonoraenequipo.com.mx\/ine-senala-a-fernandez-norona-por-violencia-politica-en-razon-de-genero\/#primaryimage\"},\"thumbnailUrl\":\"https:\/\/www.sonoraenequipo.com.mx\/storage\/2018\/04\/gerardo_fernandez_norona_opt.jpg\",\"articleSection\":[\"Rep\u00fablica\"],\"inLanguage\":\"es\",\"potentialAction\":[{\"@type\":\"CommentAction\",\"name\":\"Comment\",\"target\":[\"https:\/\/www.sonoraenequipo.com.mx\/ine-senala-a-fernandez-norona-por-violencia-politica-en-razon-de-genero\/#respond\"]}]},{\"@type\":\"WebPage\",\"@id\":\"https:\/\/www.sonoraenequipo.com.mx\/ine-senala-a-fernandez-norona-por-violencia-politica-en-razon-de-genero\/\",\"url\":\"https:\/\/www.sonoraenequipo.com.mx\/ine-senala-a-fernandez-norona-por-violencia-politica-en-razon-de-genero\/\",\"name\":\"Sonora en Equipo. INE se\u00f1ala a Fern\u00e1ndez Noro\u00f1a por violencia pol\u00edtica en raz\u00f3n de g\u00e9nero Rep\u00fablica\",\"isPartOf\":{\"@id\":\"https:\/\/www.sonoraenequipo.com.mx\/#website\"},\"primaryImageOfPage\":{\"@id\":\"https:\/\/www.sonoraenequipo.com.mx\/ine-senala-a-fernandez-norona-por-violencia-politica-en-razon-de-genero\/#primaryimage\"},\"image\":{\"@id\":\"https:\/\/www.sonoraenequipo.com.mx\/ine-senala-a-fernandez-norona-por-violencia-politica-en-razon-de-genero\/#primaryimage\"},\"thumbnailUrl\":\"https:\/\/www.sonoraenequipo.com.mx\/storage\/2018\/04\/gerardo_fernandez_norona_opt.jpg\",\"datePublished\":\"2020-11-28T05:02:55+00:00\",\"dateModified\":\"2020-11-28T05:09:00+00:00\",\"description\":\"CIUDAD DE M\u00c9XICO.\u2500\u2500 El Consejo General del Instituto Nacional Electoral (INE) concluy\u00f3 por unanimidad que el Diputado Federal Gerardo Fern\u00e1ndez Noro\u00f1a En Sonora en Equipo publicamos toda la informaci\u00f3n de Sonora, M\u00e9xico y el Mundo de manera oportuna y busca que la libertad de expresi\u00f3n sea real. Visita nuestro medio informativo publicado desde Hermosillo, Sonora. %\",\"breadcrumb\":{\"@id\":\"https:\/\/www.sonoraenequipo.com.mx\/ine-senala-a-fernandez-norona-por-violencia-politica-en-razon-de-genero\/#breadcrumb\"},\"inLanguage\":\"es\",\"potentialAction\":[{\"@type\":\"ReadAction\",\"target\":[\"https:\/\/www.sonoraenequipo.com.mx\/ine-senala-a-fernandez-norona-por-violencia-politica-en-razon-de-genero\/\"]}]},{\"@type\":\"ImageObject\",\"inLanguage\":\"es\",\"@id\":\"https:\/\/www.sonoraenequipo.com.mx\/ine-senala-a-fernandez-norona-por-violencia-politica-en-razon-de-genero\/#primaryimage\",\"url\":\"https:\/\/www.sonoraenequipo.com.mx\/storage\/2018\/04\/gerardo_fernandez_norona_opt.jpg\",\"contentUrl\":\"https:\/\/www.sonoraenequipo.com.mx\/storage\/2018\/04\/gerardo_fernandez_norona_opt.jpg\",\"width\":590,\"height\":400},{\"@type\":\"BreadcrumbList\",\"@id\":\"https:\/\/www.sonoraenequipo.com.mx\/ine-senala-a-fernandez-norona-por-violencia-politica-en-razon-de-genero\/#breadcrumb\",\"itemListElement\":[{\"@type\":\"ListItem\",\"position\":1,\"name\":\"Portada\",\"item\":\"https:\/\/www.sonoraenequipo.com.mx\/\"},{\"@type\":\"ListItem\",\"position\":2,\"name\":\"INE se\u00f1ala a Fern\u00e1ndez Noro\u00f1a por violencia pol\u00edtica en raz\u00f3n de g\u00e9nero\"}]},{\"@type\":\"WebSite\",\"@id\":\"https:\/\/www.sonoraenequipo.com.mx\/#website\",\"url\":\"https:\/\/www.sonoraenequipo.com.mx\/\",\"name\":\"Sonora en Equipo.\",\"description\":\"Diario en l\u00ednea con Noticias desde Hermosillo, Sonora\",\"publisher\":{\"@id\":\"https:\/\/www.sonoraenequipo.com.mx\/#organization\"},\"potentialAction\":[{\"@type\":\"SearchAction\",\"target\":{\"@type\":\"EntryPoint\",\"urlTemplate\":\"https:\/\/www.sonoraenequipo.com.mx\/?s={search_term_string}\"},\"query-input\":{\"@type\":\"PropertyValueSpecification\",\"valueRequired\":true,\"valueName\":\"search_term_string\"}}],\"inLanguage\":\"es\"},{\"@type\":\"Organization\",\"@id\":\"https:\/\/www.sonoraenequipo.com.mx\/#organization\",\"name\":\"Sonoraenequipo.com.mx\",\"url\":\"https:\/\/www.sonoraenequipo.com.mx\/\",\"logo\":{\"@type\":\"ImageObject\",\"inLanguage\":\"es\",\"@id\":\"https:\/\/www.sonoraenequipo.com.mx\/#\/schema\/logo\/image\/\",\"url\":\"https:\/\/www.sonoraenequipo.com.mx\/storage\/2019\/01\/sonoraenequipo_opt.png\",\"contentUrl\":\"https:\/\/www.sonoraenequipo.com.mx\/storage\/2019\/01\/sonoraenequipo_opt.png\",\"width\":375,\"height\":125,\"caption\":\"Sonoraenequipo.com.mx\"},\"image\":{\"@id\":\"https:\/\/www.sonoraenequipo.com.mx\/#\/schema\/logo\/image\/\"},\"sameAs\":[\"https:\/\/www.facebook.com\/SonoraEE\/\",\"https:\/\/x.com\/sonoraenequipo\",\"https:\/\/www.youtube.com\/channel\/UC338nW-lPEYmJQs4ZABQ1SQ\"]},{\"@type\":\"Person\",\"@id\":\"https:\/\/www.sonoraenequipo.com.mx\/#\/schema\/person\/50102df0fb23a8fa9e8effad8fa81386\",\"name\":\"enequipo\",\"image\":{\"@type\":\"ImageObject\",\"inLanguage\":\"es\",\"@id\":\"https:\/\/www.sonoraenequipo.com.mx\/#\/schema\/person\/image\/\",\"url\":\"https:\/\/secure.gravatar.com\/avatar\/049821681b589dabc0bc20695993ccebb09f5b5d4d790cd9251b97faac7c652b?s=96&d=blank&r=g\",\"contentUrl\":\"https:\/\/secure.gravatar.com\/avatar\/049821681b589dabc0bc20695993ccebb09f5b5d4d790cd9251b97faac7c652b?s=96&d=blank&r=g\",\"caption\":\"enequipo\"},\"sameAs\":[\"https:\/\/www.facebook.com\/SonoraEE\"]}]}<\/script>\n ","yoast_head_json":{"title":"Sonora en Equipo. INE se\u00f1ala a Fern\u00e1ndez Noro\u00f1a por violencia pol\u00edtica en raz\u00f3n de g\u00e9nero Rep\u00fablica","description":"CIUDAD DE M\u00c9XICO.\u2500\u2500 El Consejo General del Instituto Nacional Electoral (INE) concluy\u00f3 por unanimidad que el Diputado Federal Gerardo Fern\u00e1ndez Noro\u00f1a En Sonora en Equipo publicamos toda la informaci\u00f3n de Sonora, M\u00e9xico y el Mundo de manera oportuna y busca que la libertad de expresi\u00f3n sea real. Visita nuestro medio informativo publicado desde Hermosillo, Sonora. %","robots":{"index":"index","follow":"follow","max-snippet":"max-snippet:-1","max-image-preview":"max-image-preview:large","max-video-preview":"max-video-preview:-1"},"canonical":"https:\/\/www.sonoraenequipo.com.mx\/ine-senala-a-fernandez-norona-por-violencia-politica-en-razon-de-genero\/","og_locale":"es_ES","og_type":"article","og_title":"Sonora en Equipo. INE se\u00f1ala a Fern\u00e1ndez Noro\u00f1a por violencia pol\u00edtica en raz\u00f3n de g\u00e9nero Rep\u00fablica","og_description":"CIUDAD DE M\u00c9XICO.\u2500\u2500 El Consejo General del Instituto Nacional Electoral (INE) concluy\u00f3 por unanimidad que el Diputado Federal Gerardo Fern\u00e1ndez Noro\u00f1a En Sonora en Equipo publicamos toda la informaci\u00f3n de Sonora, M\u00e9xico y el Mundo de manera oportuna y busca que la libertad de expresi\u00f3n sea real. Visita nuestro medio informativo publicado desde Hermosillo, Sonora. %","og_url":"https:\/\/www.sonoraenequipo.com.mx\/ine-senala-a-fernandez-norona-por-violencia-politica-en-razon-de-genero\/","og_site_name":"Sonora en Equipo.","article_publisher":"https:\/\/www.facebook.com\/SonoraEE\/","article_author":"https:\/\/www.facebook.com\/SonoraEE","article_published_time":"2020-11-28T05:02:55+00:00","article_modified_time":"2020-11-28T05:09:00+00:00","og_image":[{"width":590,"height":400,"url":"https:\/\/www.sonoraenequipo.com.mx\/storage\/2018\/04\/gerardo_fernandez_norona_opt.jpg","type":"image\/jpeg"}],"author":"enequipo","twitter_card":"summary_large_image","twitter_creator":"@sonoraenequipo","twitter_site":"@sonoraenequipo","twitter_misc":{"Escrito por":"enequipo","Tiempo de lectura":"3 minutos"},"schema":{"@context":"https:\/\/schema.org","@graph":[{"@type":"Article","@id":"https:\/\/www.sonoraenequipo.com.mx\/ine-senala-a-fernandez-norona-por-violencia-politica-en-razon-de-genero\/#article","isPartOf":{"@id":"https:\/\/www.sonoraenequipo.com.mx\/ine-senala-a-fernandez-norona-por-violencia-politica-en-razon-de-genero\/"},"author":{"name":"enequipo","@id":"https:\/\/www.sonoraenequipo.com.mx\/#\/schema\/person\/50102df0fb23a8fa9e8effad8fa81386"},"headline":"INE se\u00f1ala a Fern\u00e1ndez Noro\u00f1a por violencia pol\u00edtica en raz\u00f3n de g\u00e9nero","datePublished":"2020-11-28T05:02:55+00:00","dateModified":"2020-11-28T05:09:00+00:00","mainEntityOfPage":{"@id":"https:\/\/www.sonoraenequipo.com.mx\/ine-senala-a-fernandez-norona-por-violencia-politica-en-razon-de-genero\/"},"wordCount":703,"commentCount":0,"publisher":{"@id":"https:\/\/www.sonoraenequipo.com.mx\/#organization"},"image":{"@id":"https:\/\/www.sonoraenequipo.com.mx\/ine-senala-a-fernandez-norona-por-violencia-politica-en-razon-de-genero\/#primaryimage"},"thumbnailUrl":"https:\/\/www.sonoraenequipo.com.mx\/storage\/2018\/04\/gerardo_fernandez_norona_opt.jpg","articleSection":["Rep\u00fablica"],"inLanguage":"es","potentialAction":[{"@type":"CommentAction","name":"Comment","target":["https:\/\/www.sonoraenequipo.com.mx\/ine-senala-a-fernandez-norona-por-violencia-politica-en-razon-de-genero\/#respond"]}]},{"@type":"WebPage","@id":"https:\/\/www.sonoraenequipo.com.mx\/ine-senala-a-fernandez-norona-por-violencia-politica-en-razon-de-genero\/","url":"https:\/\/www.sonoraenequipo.com.mx\/ine-senala-a-fernandez-norona-por-violencia-politica-en-razon-de-genero\/","name":"Sonora en Equipo. INE se\u00f1ala a Fern\u00e1ndez Noro\u00f1a por violencia pol\u00edtica en raz\u00f3n de g\u00e9nero Rep\u00fablica","isPartOf":{"@id":"https:\/\/www.sonoraenequipo.com.mx\/#website"},"primaryImageOfPage":{"@id":"https:\/\/www.sonoraenequipo.com.mx\/ine-senala-a-fernandez-norona-por-violencia-politica-en-razon-de-genero\/#primaryimage"},"image":{"@id":"https:\/\/www.sonoraenequipo.com.mx\/ine-senala-a-fernandez-norona-por-violencia-politica-en-razon-de-genero\/#primaryimage"},"thumbnailUrl":"https:\/\/www.sonoraenequipo.com.mx\/storage\/2018\/04\/gerardo_fernandez_norona_opt.jpg","datePublished":"2020-11-28T05:02:55+00:00","dateModified":"2020-11-28T05:09:00+00:00","description":"CIUDAD DE M\u00c9XICO.\u2500\u2500 El Consejo General del Instituto Nacional Electoral (INE) concluy\u00f3 por unanimidad que el Diputado Federal Gerardo Fern\u00e1ndez Noro\u00f1a En Sonora en Equipo publicamos toda la informaci\u00f3n de Sonora, M\u00e9xico y el Mundo de manera oportuna y busca que la libertad de expresi\u00f3n sea real. Visita nuestro medio informativo publicado desde Hermosillo, Sonora. %","breadcrumb":{"@id":"https:\/\/www.sonoraenequipo.com.mx\/ine-senala-a-fernandez-norona-por-violencia-politica-en-razon-de-genero\/#breadcrumb"},"inLanguage":"es","potentialAction":[{"@type":"ReadAction","target":["https:\/\/www.sonoraenequipo.com.mx\/ine-senala-a-fernandez-norona-por-violencia-politica-en-razon-de-genero\/"]}]},{"@type":"ImageObject","inLanguage":"es","@id":"https:\/\/www.sonoraenequipo.com.mx\/ine-senala-a-fernandez-norona-por-violencia-politica-en-razon-de-genero\/#primaryimage","url":"https:\/\/www.sonoraenequipo.com.mx\/storage\/2018\/04\/gerardo_fernandez_norona_opt.jpg","contentUrl":"https:\/\/www.sonoraenequipo.com.mx\/storage\/2018\/04\/gerardo_fernandez_norona_opt.jpg","width":590,"height":400},{"@type":"BreadcrumbList","@id":"https:\/\/www.sonoraenequipo.com.mx\/ine-senala-a-fernandez-norona-por-violencia-politica-en-razon-de-genero\/#breadcrumb","itemListElement":[{"@type":"ListItem","position":1,"name":"Portada","item":"https:\/\/www.sonoraenequipo.com.mx\/"},{"@type":"ListItem","position":2,"name":"INE se\u00f1ala a Fern\u00e1ndez Noro\u00f1a por violencia pol\u00edtica en raz\u00f3n de g\u00e9nero"}]},{"@type":"WebSite","@id":"https:\/\/www.sonoraenequipo.com.mx\/#website","url":"https:\/\/www.sonoraenequipo.com.mx\/","name":"Sonora en Equipo.","description":"Diario en l\u00ednea con Noticias desde Hermosillo, Sonora","publisher":{"@id":"https:\/\/www.sonoraenequipo.com.mx\/#organization"},"potentialAction":[{"@type":"SearchAction","target":{"@type":"EntryPoint","urlTemplate":"https:\/\/www.sonoraenequipo.com.mx\/?s={search_term_string}"},"query-input":{"@type":"PropertyValueSpecification","valueRequired":true,"valueName":"search_term_string"}}],"inLanguage":"es"},{"@type":"Organization","@id":"https:\/\/www.sonoraenequipo.com.mx\/#organization","name":"Sonoraenequipo.com.mx","url":"https:\/\/www.sonoraenequipo.com.mx\/","logo":{"@type":"ImageObject","inLanguage":"es","@id":"https:\/\/www.sonoraenequipo.com.mx\/#\/schema\/logo\/image\/","url":"https:\/\/www.sonoraenequipo.com.mx\/storage\/2019\/01\/sonoraenequipo_opt.png","contentUrl":"https:\/\/www.sonoraenequipo.com.mx\/storage\/2019\/01\/sonoraenequipo_opt.png","width":375,"height":125,"caption":"Sonoraenequipo.com.mx"},"image":{"@id":"https:\/\/www.sonoraenequipo.com.mx\/#\/schema\/logo\/image\/"},"sameAs":["https:\/\/www.facebook.com\/SonoraEE\/","https:\/\/x.com\/sonoraenequipo","https:\/\/www.youtube.com\/channel\/UC338nW-lPEYmJQs4ZABQ1SQ"]},{"@type":"Person","@id":"https:\/\/www.sonoraenequipo.com.mx\/#\/schema\/person\/50102df0fb23a8fa9e8effad8fa81386","name":"enequipo","image":{"@type":"ImageObject","inLanguage":"es","@id":"https:\/\/www.sonoraenequipo.com.mx\/#\/schema\/person\/image\/","url":"https:\/\/secure.gravatar.com\/avatar\/049821681b589dabc0bc20695993ccebb09f5b5d4d790cd9251b97faac7c652b?s=96&d=blank&r=g","contentUrl":"https:\/\/secure.gravatar.com\/avatar\/049821681b589dabc0bc20695993ccebb09f5b5d4d790cd9251b97faac7c652b?s=96&d=blank&r=g","caption":"enequipo"},"sameAs":["https:\/\/www.facebook.com\/SonoraEE"]}]}},"jetpack_featured_media_url":"https:\/\/www.sonoraenequipo.com.mx\/storage\/2018\/04\/gerardo_fernandez_norona_opt.jpg","_links":{"self":[{"href":"https:\/\/www.sonoraenequipo.com.mx\/api\/wp\/v2\/posts\/101465","targetHints":{"allow":["GET"]}}],"collection":[{"href":"https:\/\/www.sonoraenequipo.com.mx\/api\/wp\/v2\/posts"}],"about":[{"href":"https:\/\/www.sonoraenequipo.com.mx\/api\/wp\/v2\/types\/post"}],"author":[{"embeddable":true,"href":"https:\/\/www.sonoraenequipo.com.mx\/api\/wp\/v2\/users\/1"}],"replies":[{"embeddable":true,"href":"https:\/\/www.sonoraenequipo.com.mx\/api\/wp\/v2\/comments?post=101465"}],"version-history":[{"count":2,"href":"https:\/\/www.sonoraenequipo.com.mx\/api\/wp\/v2\/posts\/101465\/revisions"}],"predecessor-version":[{"id":101467,"href":"https:\/\/www.sonoraenequipo.com.mx\/api\/wp\/v2\/posts\/101465\/revisions\/101467"}],"wp:featuredmedia":[{"embeddable":true,"href":"https:\/\/www.sonoraenequipo.com.mx\/api\/wp\/v2\/media\/36242"}],"wp:attachment":[{"href":"https:\/\/www.sonoraenequipo.com.mx\/api\/wp\/v2\/media?parent=101465"}],"wp:term":[{"taxonomy":"category","embeddable":true,"href":"https:\/\/www.sonoraenequipo.com.mx\/api\/wp\/v2\/categories?post=101465"},{"taxonomy":"post_tag","embeddable":true,"href":"https:\/\/www.sonoraenequipo.com.mx\/api\/wp\/v2\/tags?post=101465"}],"curies":[{"name":"wp","href":"https:\/\/api.w.org\/{rel}","templated":true}]}}