{"id":101468,"date":"2020-11-27T22:17:15","date_gmt":"2020-11-28T05:17:15","guid":{"rendered":"https:\/\/www.sonoraenequipo.com.mx\/?p=101468"},"modified":"2020-11-27T22:17:15","modified_gmt":"2020-11-28T05:17:15","slug":"se-suma-una-nueva-vacuna-contra-el-coronavirus-enrique-clausen","status":"publish","type":"post","link":"https:\/\/www.sonoraenequipo.com.mx\/se-suma-una-nueva-vacuna-contra-el-coronavirus-enrique-clausen\/","title":{"rendered":"Se suma una nueva vacuna contra el Coronavirus: Enrique Clausen"},"content":{"rendered":"<blockquote><p><strong>&gt;Se confirman seis defunciones y 138 casos nuevos por esta enfermedad; 35 mil 912 personas se han recuperado en Sonora<\/strong><\/p><\/blockquote>\n<p>HERMOSILLO, SONORA,MX.\u2500\u2500 Una nueva noticia se suma a la esperanza de encontrar una vacuna contra el COVID-19, ahora es la compa\u00f1\u00eda farmac\u00e9utica Moderna la que anunci\u00f3 que la vacuna que est\u00e1 desarrollando contra tiene una efectividad del 94.5 por ciento, inform\u00f3 Enrique Clausen Iberri.<\/p>\n<p>&nbsp;<\/p>\n<p>Luego de confirmarse seis defunciones m\u00e1s y 138 casos nuevos por esta enfermedad, el secretario de Salud destac\u00f3 que este anuncio se suma a la vacuna de Pfizer y BioNTech y a la vacuna rusa Sputnik V (cinco) y ofrece una nueva luz de esperanza para por fin ganarle la batalla al COVID-19.<\/p>\n<p>&nbsp;<\/p>\n<p>\u201cModerna asegura que su vacuna cumple con los criterios de eficacia exigidos para su comercializaci\u00f3n y que en los pr\u00f3ximos d\u00edas presentar\u00e1 la documentaci\u00f3n para su aprobaci\u00f3n definitiva; te recuerdo que la vacuna de Moderna forma parte de COVAX, que es el mecanismo de acceso a vacuna contra el COVID-19 al cual M\u00e9xico se suscribi\u00f3 en septiembre para tener acceso temprano a ella\u201d, coment\u00f3.<\/p>\n<p>&nbsp;<\/p>\n<p>El secretario de Salud explic\u00f3 que esto quiere decir que, una vez aprobada esta vacuna, M\u00e9xico podr\u00e1 cubrir al 20 por ciento de la poblaci\u00f3n al tener acceso a 51.6 millones de dosis.<\/p>\n<p>&nbsp;<\/p>\n<p>Moderna, explic\u00f3, reclut\u00f3 a m\u00e1s de 30 mil voluntarios en Estados Unidos y los estudios que realiz\u00f3 contaron con la supervisi\u00f3n y la observaci\u00f3n del Instituto Nacional de Alergias y Enfermedades Infecciosas, del Instituto Biom\u00e9dico y parte de los Institutos Nacionales de Salud de Estados Unidos.<\/p>\n<p>&nbsp;<\/p>\n<p>Clausen Iberri destac\u00f3 que en las pr\u00f3ximas semanas y meses seguir\u00e1n escuchando que el esfuerzo y la paciencia est\u00e1n rindiendo frutos y que la ciencia est\u00e1 cada vez m\u00e1s cerca de detener esta pandemia.<\/p>\n<p>&nbsp;<\/p>\n<p>Porque no ser\u00e1n solo estas compa\u00f1\u00edas farmac\u00e9uticas las que vayan a resolver este gran problema. A ellas tendr\u00e1 que sumarse el conocimiento y el esfuerzo de varias compa\u00f1\u00edas m\u00e1s para poder cubrir una demanda global que requerir\u00e1 miles de millones de dosis para terminar con esta pesadilla.<\/p>\n<p>&nbsp;<\/p>\n<p>\u201cComo ver\u00e1s, no ser\u00e1 un remedio milagroso, ni un color de sem\u00e1foro a modo lo que vaya a acabar con esta pandemia; ser\u00e1 el conocimiento, el estudio y la pasi\u00f3n por servir de la comunidad cient\u00edfica la que encuentre cura a esta enfermedad que ha paralizado al mundo; la vacuna vendr\u00e1, \u201cpero todav\u00eda no hay luz al final del t\u00fanel\u201d.<\/p>\n<p>&nbsp;<\/p>\n<p>Hoy m\u00e1s que nunca, prohibido bajar la guardia. El invierno se acerca y con ello, otros virus respiratorios que se sumar\u00e1n al COVID-19\u201d, asegur\u00f3.<\/p>\n<p>&nbsp;<\/p>\n<p>El secretario de Salud reiter\u00f3 el llamado a las y los sonorenses de usar cubrebocas, lavarse las manos, guardar la distancia, ventilar los espacios y evita las aglomeraciones.<\/p>\n<p>&nbsp;<\/p>\n<p>En cuanto a los datos estad\u00edsticos de hoy, 35 mil 912 personas se han recuperado en Sonora, 18 pacientes COVID fueron dados de alta; se confirmaron seis defunciones en tres mujeres y tres hombres residentes de: Navojoa dos; Hermosillo, Agua Prieta, Fronteras y Nogales uno cada uno; derechohabientes del IMSS tres, Secretar\u00eda de Salud tres; acumul\u00e1ndose 3 mil 353 defunciones.<\/p>\n<p>&nbsp;<\/p>\n<p>Se confirman 138 nuevos casos por COVID en 69 mujeres y 69 hombres; acumul\u00e1ndose 41 mil 786 casos en total residentes de: Cajeme 45; Hermosillo 22; Navojoa 19; Guaymas 16; Cananea 15; Sahuaripa siete; San Luis R\u00edo Colorado, Nogales, Huatabampo, Agua Prieta tres cada uno; B\u00e1cum y Nacozari de Garc\u00eda uno cada uno.<\/p>\n<p>Hoy se confirmaron cuatro casos pedi\u00e1tricos; en tres ni\u00f1os y una ni\u00f1a; acumul\u00e1ndose 834 en total; no se confirmaron casos en mujeres embarazadas.<\/p>\n<p>&nbsp;<\/p>\n<p>De los 138 casos confirmados de este d\u00eda, nueve fueron en trabajadores de la salud de diversas instituciones, en cuanto a la ocupaci\u00f3n hospitalaria es de 47 por ciento en instituciones p\u00fablicas y 77 por ciento en privadas.<\/p>\n<p>&nbsp;<\/p>\n<p>&nbsp;<\/p>\n<p>Casos COVID-19 en Sonora 41,786 casos confirmados y 3,353 defunciones<\/p>\n<p>&nbsp;<\/p>\n<p>Defunciones registradas el 27 de noviembre: 6<\/p>\n<p>Navojoa: 2<\/p>\n<p>Hermosillo: 1<\/p>\n<p>Agua Prieta: 1<\/p>\n<p>Fronteras: 1<\/p>\n<p>Nogales: 1<\/p>\n<p>Fecha de\u00a0 publicaci\u00f3n 27\/nov\/2020<\/p>\n<p>&nbsp;<\/p>\n","protected":false},"excerpt":{"rendered":"<p>&gt;Se confirman seis defunciones y 138 casos nuevos por esta enfermedad; 35 mil 912 personas&#8230;<\/p>\n","protected":false},"author":1,"featured_media":101469,"comment_status":"open","ping_status":"open","sticky":false,"template":"","format":"standard","meta":{"_monsterinsights_skip_tracking":false,"_monsterinsights_sitenote_active":false,"_monsterinsights_sitenote_note":"","_monsterinsights_sitenote_category":0,"footnotes":""},"categories":[22],"tags":[4249,15],"class_list":["post"],"yoast_head":" \n<title>Sonora en Equipo. Se suma una nueva vacuna contra el Coronavirus: Enrique Clausen Sonora<\/title>\n<meta name=\"description\" content=\"&gt;Se confirman seis defunciones y 138 casos nuevos por esta enfermedad; 35 mil 912 personas se han recuperado en Sonora HERMOSILLO, SONORA,MX.\u2500\u2500 Una En Sonora en Equipo publicamos toda la informaci\u00f3n de Sonora, M\u00e9xico y el Mundo de manera oportuna y busca que la libertad de expresi\u00f3n sea real. Visita nuestro medio informativo publicado desde Hermosillo, Sonora. %\" \/>\n<meta name=\"robots\" content=\"index, follow, max-snippet:-1, max-image-preview:large, max-video-preview:-1\" \/>\n<link rel=\"canonical\" href=\"https:\/\/www.sonoraenequipo.com.mx\/se-suma-una-nueva-vacuna-contra-el-coronavirus-enrique-clausen\/\" \/>\n<meta property=\"og:locale\" content=\"es_ES\" \/>\n<meta property=\"og:type\" content=\"article\" \/>\n<meta property=\"og:title\" content=\"Sonora en Equipo. Se suma una nueva vacuna contra el Coronavirus: Enrique Clausen Sonora\" \/>\n<meta property=\"og:description\" content=\"&gt;Se confirman seis defunciones y 138 casos nuevos por esta enfermedad; 35 mil 912 personas se han recuperado en Sonora HERMOSILLO, SONORA,MX.\u2500\u2500 Una En Sonora en Equipo publicamos toda la informaci\u00f3n de Sonora, M\u00e9xico y el Mundo de manera oportuna y busca que la libertad de expresi\u00f3n sea real. Visita nuestro medio informativo publicado desde Hermosillo, Sonora. %\" \/>\n<meta property=\"og:url\" content=\"https:\/\/www.sonoraenequipo.com.mx\/se-suma-una-nueva-vacuna-contra-el-coronavirus-enrique-clausen\/\" \/>\n<meta property=\"og:site_name\" content=\"Sonora en Equipo.\" \/>\n<meta property=\"article:publisher\" content=\"https:\/\/www.facebook.com\/SonoraEE\/\" \/>\n<meta property=\"article:author\" content=\"https:\/\/www.facebook.com\/SonoraEE\" \/>\n<meta property=\"article:published_time\" content=\"2020-11-28T05:17:15+00:00\" \/>\n<meta property=\"og:image\" content=\"https:\/\/www.sonoraenequipo.com.mx\/storage\/2020\/11\/e-clausen.jpg\" \/>\n\t<meta property=\"og:image:width\" content=\"600\" \/>\n\t<meta property=\"og:image:height\" content=\"400\" \/>\n\t<meta property=\"og:image:type\" content=\"image\/jpeg\" \/>\n<meta name=\"author\" content=\"enequipo\" \/>\n<meta name=\"twitter:card\" content=\"summary_large_image\" \/>\n<meta name=\"twitter:creator\" content=\"@sonoraenequipo\" \/>\n<meta name=\"twitter:site\" content=\"@sonoraenequipo\" \/>\n<meta name=\"twitter:label1\" content=\"Escrito por\" \/>\n\t<meta name=\"twitter:data1\" content=\"enequipo\" \/>\n\t<meta name=\"twitter:label2\" content=\"Tiempo de lectura\" \/>\n\t<meta name=\"twitter:data2\" content=\"3 minutos\" \/>\n<script type=\"application\/ld+json\" class=\"yoast-schema-graph\">{\"@context\":\"https:\/\/schema.org\",\"@graph\":[{\"@type\":\"Article\",\"@id\":\"https:\/\/www.sonoraenequipo.com.mx\/se-suma-una-nueva-vacuna-contra-el-coronavirus-enrique-clausen\/#article\",\"isPartOf\":{\"@id\":\"https:\/\/www.sonoraenequipo.com.mx\/se-suma-una-nueva-vacuna-contra-el-coronavirus-enrique-clausen\/\"},\"author\":{\"name\":\"enequipo\",\"@id\":\"https:\/\/www.sonoraenequipo.com.mx\/#\/schema\/person\/50102df0fb23a8fa9e8effad8fa81386\"},\"headline\":\"Se suma una nueva vacuna contra el Coronavirus: Enrique Clausen\",\"datePublished\":\"2020-11-28T05:17:15+00:00\",\"mainEntityOfPage\":{\"@id\":\"https:\/\/www.sonoraenequipo.com.mx\/se-suma-una-nueva-vacuna-contra-el-coronavirus-enrique-clausen\/\"},\"wordCount\":698,\"commentCount\":0,\"publisher\":{\"@id\":\"https:\/\/www.sonoraenequipo.com.mx\/#organization\"},\"image\":{\"@id\":\"https:\/\/www.sonoraenequipo.com.mx\/se-suma-una-nueva-vacuna-contra-el-coronavirus-enrique-clausen\/#primaryimage\"},\"thumbnailUrl\":\"https:\/\/www.sonoraenequipo.com.mx\/storage\/2020\/11\/e-clausen.jpg\",\"keywords\":[\"covid\",\"Sonora\"],\"articleSection\":[\"Sonora\"],\"inLanguage\":\"es\",\"potentialAction\":[{\"@type\":\"CommentAction\",\"name\":\"Comment\",\"target\":[\"https:\/\/www.sonoraenequipo.com.mx\/se-suma-una-nueva-vacuna-contra-el-coronavirus-enrique-clausen\/#respond\"]}]},{\"@type\":\"WebPage\",\"@id\":\"https:\/\/www.sonoraenequipo.com.mx\/se-suma-una-nueva-vacuna-contra-el-coronavirus-enrique-clausen\/\",\"url\":\"https:\/\/www.sonoraenequipo.com.mx\/se-suma-una-nueva-vacuna-contra-el-coronavirus-enrique-clausen\/\",\"name\":\"Sonora en Equipo. Se suma una nueva vacuna contra el Coronavirus: Enrique Clausen Sonora\",\"isPartOf\":{\"@id\":\"https:\/\/www.sonoraenequipo.com.mx\/#website\"},\"primaryImageOfPage\":{\"@id\":\"https:\/\/www.sonoraenequipo.com.mx\/se-suma-una-nueva-vacuna-contra-el-coronavirus-enrique-clausen\/#primaryimage\"},\"image\":{\"@id\":\"https:\/\/www.sonoraenequipo.com.mx\/se-suma-una-nueva-vacuna-contra-el-coronavirus-enrique-clausen\/#primaryimage\"},\"thumbnailUrl\":\"https:\/\/www.sonoraenequipo.com.mx\/storage\/2020\/11\/e-clausen.jpg\",\"datePublished\":\"2020-11-28T05:17:15+00:00\",\"description\":\"&gt;Se confirman seis defunciones y 138 casos nuevos por esta enfermedad; 35 mil 912 personas se han recuperado en Sonora HERMOSILLO, SONORA,MX.\u2500\u2500 Una En Sonora en Equipo publicamos toda la informaci\u00f3n de Sonora, M\u00e9xico y el Mundo de manera oportuna y busca que la libertad de expresi\u00f3n sea real. Visita nuestro medio informativo publicado desde Hermosillo, Sonora. %\",\"breadcrumb\":{\"@id\":\"https:\/\/www.sonoraenequipo.com.mx\/se-suma-una-nueva-vacuna-contra-el-coronavirus-enrique-clausen\/#breadcrumb\"},\"inLanguage\":\"es\",\"potentialAction\":[{\"@type\":\"ReadAction\",\"target\":[\"https:\/\/www.sonoraenequipo.com.mx\/se-suma-una-nueva-vacuna-contra-el-coronavirus-enrique-clausen\/\"]}]},{\"@type\":\"ImageObject\",\"inLanguage\":\"es\",\"@id\":\"https:\/\/www.sonoraenequipo.com.mx\/se-suma-una-nueva-vacuna-contra-el-coronavirus-enrique-clausen\/#primaryimage\",\"url\":\"https:\/\/www.sonoraenequipo.com.mx\/storage\/2020\/11\/e-clausen.jpg\",\"contentUrl\":\"https:\/\/www.sonoraenequipo.com.mx\/storage\/2020\/11\/e-clausen.jpg\",\"width\":600,\"height\":400},{\"@type\":\"BreadcrumbList\",\"@id\":\"https:\/\/www.sonoraenequipo.com.mx\/se-suma-una-nueva-vacuna-contra-el-coronavirus-enrique-clausen\/#breadcrumb\",\"itemListElement\":[{\"@type\":\"ListItem\",\"position\":1,\"name\":\"Portada\",\"item\":\"https:\/\/www.sonoraenequipo.com.mx\/\"},{\"@type\":\"ListItem\",\"position\":2,\"name\":\"Se suma una nueva vacuna contra el Coronavirus: Enrique Clausen\"}]},{\"@type\":\"WebSite\",\"@id\":\"https:\/\/www.sonoraenequipo.com.mx\/#website\",\"url\":\"https:\/\/www.sonoraenequipo.com.mx\/\",\"name\":\"Sonora en Equipo.\",\"description\":\"Diario en l\u00ednea con Noticias desde Hermosillo, Sonora\",\"publisher\":{\"@id\":\"https:\/\/www.sonoraenequipo.com.mx\/#organization\"},\"potentialAction\":[{\"@type\":\"SearchAction\",\"target\":{\"@type\":\"EntryPoint\",\"urlTemplate\":\"https:\/\/www.sonoraenequipo.com.mx\/?s={search_term_string}\"},\"query-input\":{\"@type\":\"PropertyValueSpecification\",\"valueRequired\":true,\"valueName\":\"search_term_string\"}}],\"inLanguage\":\"es\"},{\"@type\":\"Organization\",\"@id\":\"https:\/\/www.sonoraenequipo.com.mx\/#organization\",\"name\":\"Sonoraenequipo.com.mx\",\"url\":\"https:\/\/www.sonoraenequipo.com.mx\/\",\"logo\":{\"@type\":\"ImageObject\",\"inLanguage\":\"es\",\"@id\":\"https:\/\/www.sonoraenequipo.com.mx\/#\/schema\/logo\/image\/\",\"url\":\"https:\/\/www.sonoraenequipo.com.mx\/storage\/2019\/01\/sonoraenequipo_opt.png\",\"contentUrl\":\"https:\/\/www.sonoraenequipo.com.mx\/storage\/2019\/01\/sonoraenequipo_opt.png\",\"width\":375,\"height\":125,\"caption\":\"Sonoraenequipo.com.mx\"},\"image\":{\"@id\":\"https:\/\/www.sonoraenequipo.com.mx\/#\/schema\/logo\/image\/\"},\"sameAs\":[\"https:\/\/www.facebook.com\/SonoraEE\/\",\"https:\/\/x.com\/sonoraenequipo\",\"https:\/\/www.youtube.com\/channel\/UC338nW-lPEYmJQs4ZABQ1SQ\"]},{\"@type\":\"Person\",\"@id\":\"https:\/\/www.sonoraenequipo.com.mx\/#\/schema\/person\/50102df0fb23a8fa9e8effad8fa81386\",\"name\":\"enequipo\",\"image\":{\"@type\":\"ImageObject\",\"inLanguage\":\"es\",\"@id\":\"https:\/\/www.sonoraenequipo.com.mx\/#\/schema\/person\/image\/\",\"url\":\"https:\/\/secure.gravatar.com\/avatar\/049821681b589dabc0bc20695993ccebb09f5b5d4d790cd9251b97faac7c652b?s=96&d=blank&r=g\",\"contentUrl\":\"https:\/\/secure.gravatar.com\/avatar\/049821681b589dabc0bc20695993ccebb09f5b5d4d790cd9251b97faac7c652b?s=96&d=blank&r=g\",\"caption\":\"enequipo\"},\"sameAs\":[\"https:\/\/www.facebook.com\/SonoraEE\"]}]}<\/script>\n ","yoast_head_json":{"title":"Sonora en Equipo. Se suma una nueva vacuna contra el Coronavirus: Enrique Clausen Sonora","description":"&gt;Se confirman seis defunciones y 138 casos nuevos por esta enfermedad; 35 mil 912 personas se han recuperado en Sonora HERMOSILLO, SONORA,MX.\u2500\u2500 Una En Sonora en Equipo publicamos toda la informaci\u00f3n de Sonora, M\u00e9xico y el Mundo de manera oportuna y busca que la libertad de expresi\u00f3n sea real. Visita nuestro medio informativo publicado desde Hermosillo, Sonora. %","robots":{"index":"index","follow":"follow","max-snippet":"max-snippet:-1","max-image-preview":"max-image-preview:large","max-video-preview":"max-video-preview:-1"},"canonical":"https:\/\/www.sonoraenequipo.com.mx\/se-suma-una-nueva-vacuna-contra-el-coronavirus-enrique-clausen\/","og_locale":"es_ES","og_type":"article","og_title":"Sonora en Equipo. Se suma una nueva vacuna contra el Coronavirus: Enrique Clausen Sonora","og_description":"&gt;Se confirman seis defunciones y 138 casos nuevos por esta enfermedad; 35 mil 912 personas se han recuperado en Sonora HERMOSILLO, SONORA,MX.\u2500\u2500 Una En Sonora en Equipo publicamos toda la informaci\u00f3n de Sonora, M\u00e9xico y el Mundo de manera oportuna y busca que la libertad de expresi\u00f3n sea real. Visita nuestro medio informativo publicado desde Hermosillo, Sonora. %","og_url":"https:\/\/www.sonoraenequipo.com.mx\/se-suma-una-nueva-vacuna-contra-el-coronavirus-enrique-clausen\/","og_site_name":"Sonora en Equipo.","article_publisher":"https:\/\/www.facebook.com\/SonoraEE\/","article_author":"https:\/\/www.facebook.com\/SonoraEE","article_published_time":"2020-11-28T05:17:15+00:00","og_image":[{"width":600,"height":400,"url":"https:\/\/www.sonoraenequipo.com.mx\/storage\/2020\/11\/e-clausen.jpg","type":"image\/jpeg"}],"author":"enequipo","twitter_card":"summary_large_image","twitter_creator":"@sonoraenequipo","twitter_site":"@sonoraenequipo","twitter_misc":{"Escrito por":"enequipo","Tiempo de lectura":"3 minutos"},"schema":{"@context":"https:\/\/schema.org","@graph":[{"@type":"Article","@id":"https:\/\/www.sonoraenequipo.com.mx\/se-suma-una-nueva-vacuna-contra-el-coronavirus-enrique-clausen\/#article","isPartOf":{"@id":"https:\/\/www.sonoraenequipo.com.mx\/se-suma-una-nueva-vacuna-contra-el-coronavirus-enrique-clausen\/"},"author":{"name":"enequipo","@id":"https:\/\/www.sonoraenequipo.com.mx\/#\/schema\/person\/50102df0fb23a8fa9e8effad8fa81386"},"headline":"Se suma una nueva vacuna contra el Coronavirus: Enrique Clausen","datePublished":"2020-11-28T05:17:15+00:00","mainEntityOfPage":{"@id":"https:\/\/www.sonoraenequipo.com.mx\/se-suma-una-nueva-vacuna-contra-el-coronavirus-enrique-clausen\/"},"wordCount":698,"commentCount":0,"publisher":{"@id":"https:\/\/www.sonoraenequipo.com.mx\/#organization"},"image":{"@id":"https:\/\/www.sonoraenequipo.com.mx\/se-suma-una-nueva-vacuna-contra-el-coronavirus-enrique-clausen\/#primaryimage"},"thumbnailUrl":"https:\/\/www.sonoraenequipo.com.mx\/storage\/2020\/11\/e-clausen.jpg","keywords":["covid","Sonora"],"articleSection":["Sonora"],"inLanguage":"es","potentialAction":[{"@type":"CommentAction","name":"Comment","target":["https:\/\/www.sonoraenequipo.com.mx\/se-suma-una-nueva-vacuna-contra-el-coronavirus-enrique-clausen\/#respond"]}]},{"@type":"WebPage","@id":"https:\/\/www.sonoraenequipo.com.mx\/se-suma-una-nueva-vacuna-contra-el-coronavirus-enrique-clausen\/","url":"https:\/\/www.sonoraenequipo.com.mx\/se-suma-una-nueva-vacuna-contra-el-coronavirus-enrique-clausen\/","name":"Sonora en Equipo. Se suma una nueva vacuna contra el Coronavirus: Enrique Clausen Sonora","isPartOf":{"@id":"https:\/\/www.sonoraenequipo.com.mx\/#website"},"primaryImageOfPage":{"@id":"https:\/\/www.sonoraenequipo.com.mx\/se-suma-una-nueva-vacuna-contra-el-coronavirus-enrique-clausen\/#primaryimage"},"image":{"@id":"https:\/\/www.sonoraenequipo.com.mx\/se-suma-una-nueva-vacuna-contra-el-coronavirus-enrique-clausen\/#primaryimage"},"thumbnailUrl":"https:\/\/www.sonoraenequipo.com.mx\/storage\/2020\/11\/e-clausen.jpg","datePublished":"2020-11-28T05:17:15+00:00","description":"&gt;Se confirman seis defunciones y 138 casos nuevos por esta enfermedad; 35 mil 912 personas se han recuperado en Sonora HERMOSILLO, SONORA,MX.\u2500\u2500 Una En Sonora en Equipo publicamos toda la informaci\u00f3n de Sonora, M\u00e9xico y el Mundo de manera oportuna y busca que la libertad de expresi\u00f3n sea real. Visita nuestro medio informativo publicado desde Hermosillo, Sonora. %","breadcrumb":{"@id":"https:\/\/www.sonoraenequipo.com.mx\/se-suma-una-nueva-vacuna-contra-el-coronavirus-enrique-clausen\/#breadcrumb"},"inLanguage":"es","potentialAction":[{"@type":"ReadAction","target":["https:\/\/www.sonoraenequipo.com.mx\/se-suma-una-nueva-vacuna-contra-el-coronavirus-enrique-clausen\/"]}]},{"@type":"ImageObject","inLanguage":"es","@id":"https:\/\/www.sonoraenequipo.com.mx\/se-suma-una-nueva-vacuna-contra-el-coronavirus-enrique-clausen\/#primaryimage","url":"https:\/\/www.sonoraenequipo.com.mx\/storage\/2020\/11\/e-clausen.jpg","contentUrl":"https:\/\/www.sonoraenequipo.com.mx\/storage\/2020\/11\/e-clausen.jpg","width":600,"height":400},{"@type":"BreadcrumbList","@id":"https:\/\/www.sonoraenequipo.com.mx\/se-suma-una-nueva-vacuna-contra-el-coronavirus-enrique-clausen\/#breadcrumb","itemListElement":[{"@type":"ListItem","position":1,"name":"Portada","item":"https:\/\/www.sonoraenequipo.com.mx\/"},{"@type":"ListItem","position":2,"name":"Se suma una nueva vacuna contra el Coronavirus: Enrique Clausen"}]},{"@type":"WebSite","@id":"https:\/\/www.sonoraenequipo.com.mx\/#website","url":"https:\/\/www.sonoraenequipo.com.mx\/","name":"Sonora en Equipo.","description":"Diario en l\u00ednea con Noticias desde Hermosillo, Sonora","publisher":{"@id":"https:\/\/www.sonoraenequipo.com.mx\/#organization"},"potentialAction":[{"@type":"SearchAction","target":{"@type":"EntryPoint","urlTemplate":"https:\/\/www.sonoraenequipo.com.mx\/?s={search_term_string}"},"query-input":{"@type":"PropertyValueSpecification","valueRequired":true,"valueName":"search_term_string"}}],"inLanguage":"es"},{"@type":"Organization","@id":"https:\/\/www.sonoraenequipo.com.mx\/#organization","name":"Sonoraenequipo.com.mx","url":"https:\/\/www.sonoraenequipo.com.mx\/","logo":{"@type":"ImageObject","inLanguage":"es","@id":"https:\/\/www.sonoraenequipo.com.mx\/#\/schema\/logo\/image\/","url":"https:\/\/www.sonoraenequipo.com.mx\/storage\/2019\/01\/sonoraenequipo_opt.png","contentUrl":"https:\/\/www.sonoraenequipo.com.mx\/storage\/2019\/01\/sonoraenequipo_opt.png","width":375,"height":125,"caption":"Sonoraenequipo.com.mx"},"image":{"@id":"https:\/\/www.sonoraenequipo.com.mx\/#\/schema\/logo\/image\/"},"sameAs":["https:\/\/www.facebook.com\/SonoraEE\/","https:\/\/x.com\/sonoraenequipo","https:\/\/www.youtube.com\/channel\/UC338nW-lPEYmJQs4ZABQ1SQ"]},{"@type":"Person","@id":"https:\/\/www.sonoraenequipo.com.mx\/#\/schema\/person\/50102df0fb23a8fa9e8effad8fa81386","name":"enequipo","image":{"@type":"ImageObject","inLanguage":"es","@id":"https:\/\/www.sonoraenequipo.com.mx\/#\/schema\/person\/image\/","url":"https:\/\/secure.gravatar.com\/avatar\/049821681b589dabc0bc20695993ccebb09f5b5d4d790cd9251b97faac7c652b?s=96&d=blank&r=g","contentUrl":"https:\/\/secure.gravatar.com\/avatar\/049821681b589dabc0bc20695993ccebb09f5b5d4d790cd9251b97faac7c652b?s=96&d=blank&r=g","caption":"enequipo"},"sameAs":["https:\/\/www.facebook.com\/SonoraEE"]}]}},"jetpack_featured_media_url":"https:\/\/www.sonoraenequipo.com.mx\/storage\/2020\/11\/e-clausen.jpg","_links":{"self":[{"href":"https:\/\/www.sonoraenequipo.com.mx\/api\/wp\/v2\/posts\/101468","targetHints":{"allow":["GET"]}}],"collection":[{"href":"https:\/\/www.sonoraenequipo.com.mx\/api\/wp\/v2\/posts"}],"about":[{"href":"https:\/\/www.sonoraenequipo.com.mx\/api\/wp\/v2\/types\/post"}],"author":[{"embeddable":true,"href":"https:\/\/www.sonoraenequipo.com.mx\/api\/wp\/v2\/users\/1"}],"replies":[{"embeddable":true,"href":"https:\/\/www.sonoraenequipo.com.mx\/api\/wp\/v2\/comments?post=101468"}],"version-history":[{"count":1,"href":"https:\/\/www.sonoraenequipo.com.mx\/api\/wp\/v2\/posts\/101468\/revisions"}],"predecessor-version":[{"id":101470,"href":"https:\/\/www.sonoraenequipo.com.mx\/api\/wp\/v2\/posts\/101468\/revisions\/101470"}],"wp:featuredmedia":[{"embeddable":true,"href":"https:\/\/www.sonoraenequipo.com.mx\/api\/wp\/v2\/media\/101469"}],"wp:attachment":[{"href":"https:\/\/www.sonoraenequipo.com.mx\/api\/wp\/v2\/media?parent=101468"}],"wp:term":[{"taxonomy":"category","embeddable":true,"href":"https:\/\/www.sonoraenequipo.com.mx\/api\/wp\/v2\/categories?post=101468"},{"taxonomy":"post_tag","embeddable":true,"href":"https:\/\/www.sonoraenequipo.com.mx\/api\/wp\/v2\/tags?post=101468"}],"curies":[{"name":"wp","href":"https:\/\/api.w.org\/{rel}","templated":true}]}}