{"id":101480,"date":"2020-11-28T15:45:51","date_gmt":"2020-11-28T22:45:51","guid":{"rendered":"https:\/\/www.sonoraenequipo.com.mx\/?p=101480"},"modified":"2020-11-28T15:45:51","modified_gmt":"2020-11-28T22:45:51","slug":"alertan-por-temperaturas-bajo-cero-y-vientos-fuertes-llaman-a-no-usar-braseros-ni-anafres-en-viviendas-en-sonora","status":"publish","type":"post","link":"https:\/\/www.sonoraenequipo.com.mx\/alertan-por-temperaturas-bajo-cero-y-vientos-fuertes-llaman-a-no-usar-braseros-ni-anafres-en-viviendas-en-sonora\/","title":{"rendered":"Alertan por temperaturas bajo cero y vientos fuertes, llaman a no usar braseros ni anafres en viviendas en Sonora"},"content":{"rendered":"<p>Alertan por temperaturas bajo cero y vientos fuertes, llaman a no usar braseros ni anafres en viviendas en Sonora<\/p>\n<p>&nbsp;<\/p>\n<p>HERMOSILLO, SONORA,MX.\u2500\u2500 La Secretar\u00eda de Gobierno a trav\u00e9s de la Coordinaci\u00f3n Estatal de Protecci\u00f3n Civil emiti\u00f3 un aviso de noches y amaneceres con temperaturas bajo cero en localidades de la sierra y norte de Sonora.<\/p>\n<p>&nbsp;<\/p>\n<p>El organismo destaca registros de temperaturas de los los cuatro bajo cero a los dos cent\u00edgrados en el norte de Sonora y e dos bajo cero a los cuatro cent\u00edgrados en la parte altas de la zona serrana.<\/p>\n<p>&nbsp;<\/p>\n<p>Las madrugadas, establece Protecci\u00f3n Civil, ser\u00e1n muy fr\u00edas por lo que hace un llamado a la poblaci\u00f3n a protegerse y brindar cuidados a las personas adultas mayores y poblaci\u00f3n infantil.<\/p>\n<p>&nbsp;<\/p>\n<p>Llam\u00f3 a no usar braseros o anafres en el interior de las viviendas, evitar sobrecargar contactos el\u00e9ctricos y apagar fogatas al aire libre en su totalidad, no respirar el aire fr\u00edo y usar gorro y bufanda, usar crema corporal, tomar l\u00edquido abundantemente y consumir frutas y verduras que contengan vitaminas A y C.<\/p>\n<p>&nbsp;<\/p>\n<p>Para Hoy se esperan rachas de viento de 50 a 60 kil\u00f3metros por hora en el golfo y temperaturas m\u00e1ximas entre los 22 y los 28 cent\u00edgrados en la sierra. No se prev\u00e9n lluvias en el estado.<\/p>\n<p>&nbsp;<\/p>\n<p>Contin\u00faan este d\u00eda las condiciones estables, con cielo despejado a medio nublado y bajas temperaturas durante las noches y las madrugadas en toda la entidad con heladas en el norte por efectos de la masa de aire fr\u00edo que impulsa el Frente Fr\u00edo No. 17, que podr\u00eda ocasionar vientos moderados con rachas fuertes.<\/p>\n<p>&nbsp;<\/p>\n<p>En la zona del gran Desierto de Altar se esperan noches y amaneceres con temperaturas entre los dos bajo cero y los cuatro cent\u00edgrados, en el centro del estado de uno bajo cero a nueve cent\u00edgrados y, en el sur de la entidad, las temperaturas oscilar\u00e1n durante la noche y a tempranas horas entre los ocho y los 15 cent\u00edgrados.<\/p>\n<p>&nbsp;<\/p>\n<p>Temperaturas m\u00e1ximas de 27 grados en el Desierto de Altar y noroeste del estado el d\u00eda de hoy, en tanto que en la sierra y el norte ser\u00e1n inferiores a los 24 cent\u00edgrados durante el d\u00eda. Cielo medio nublado a despejado con vientos de 15 a 30 kil\u00f3metros por hora y rachas de 50 a 60 kil\u00f3metros por hora en las regiones costeras, principalmente en el centro y sur del Golfo de California, as\u00ed como en el noreste y regi\u00f3n serrana de la entidad.<\/p>\n<p>&nbsp;<\/p>\n<p>Hermosillo amaneci\u00f3 con temperaturas entre los 5 a 9 cent\u00edgrados con humedad relativa del 38 por ciento. Se espera para hoy una m\u00e1xima de 25 cent\u00edgrados, cielo despejado a medio nublado y sin probabilidad de lluvia, con un \u00edndice de rayos UV en un valor alto de 8 a 10. Ayer la m\u00e1xima fue de 25.5 cent\u00edgrados. Ma\u00f1ana podr\u00eda registrarse una temperatura m\u00e1xima de 27 y una m\u00ednima de 8 cent\u00edgrados y sin probabilidad de lluvias para la capital de Sonora.<\/p>\n<p>&nbsp;<\/p>\n<p>Ciudad Obreg\u00f3n amaneci\u00f3 con 10 cent\u00edgrados y humedad del 47 por ciento. Se espera para hoy una m\u00e1xima de 27 cent\u00edgrados, cielo despejado a medio nublado, sin probabilidad de lluvia y un \u00edndice de rayos UV en un valor alto de 8 a 10. Ayer la m\u00e1xima fue de 28 cent\u00edgrados y se pronostica para ma\u00f1ana una temperatura m\u00e1xima de 28 con una m\u00ednima de 11 cent\u00edgrados y sin probabilidad de lluvia para la ciudad cabecera municipal de Cajeme.<\/p>\n<p>&nbsp;<\/p>\n<p>Las temperaturas m\u00e1ximas de ayer, en cent\u00edgrados: San Luis R\u00edo Colorado 19.5, Sonoyta 18.7, Heroica Caborca 20.7, Altar 20.8, Puerto Pe\u00f1asco 20.5, Santa Cruz 15.3, Heroica Nogales 13.6, Agua Prieta 18, Cabullona 17.5, Magdalena de Kino 20, \u00cdmuris 19.5, Bacad\u00e9huachi 26, N\u00e1cori Chico 24, Bacerac 22, Hu\u00e1sabas 25.5, Tepache 25.7, Sahuaripa 29, Trincheras 19, Cananea 15.8, Querobabi 19, Carb\u00f3 20, Bacoachi 23, Cucurpe 20.6, Bavi\u00e1cora 24.7, Ures 25, Poblado Miguel Alem\u00e1n 24.7, M\u00e1tape 24, Cobachi 25, Suaqui Grande 28.6, Onavas 30.6, Ortiz 29, C\u00f3corit 29.6, Tesopaco 28.5, Heroica Guaymas 26, Y\u00e9cora 21, \u00c1lamos 28, Etchojoa 27, Navojoa 28 y Huatabampo 25.5.<\/p>\n<p>&nbsp;<\/p>\n<p>#SigamosSonora #PonteListo<\/p>\n<p>&nbsp;<\/p>\n<p>Con informaci\u00f3n de la Comisi\u00f3n Nacional del Agua (CONAGUA), Comit\u00e9 Estatal de Salud Vegetal de Sonora (CESAVESON), Comisi\u00f3n Estatal del Agua (CEA), Unidades Municipales de Protecci\u00f3n Civil (UMPC) y servicios meteorol\u00f3gicos oficiales de los Estados Unidos.<\/p>\n<p>Fecha de\u00a0 publicaci\u00f3n 28\/nov\/2020<\/p>\n","protected":false},"excerpt":{"rendered":"<p>Alertan por temperaturas bajo cero y vientos fuertes, llaman a no usar braseros ni anafres&#8230;<\/p>\n","protected":false},"author":1,"featured_media":79687,"comment_status":"open","ping_status":"open","sticky":false,"template":"","format":"standard","meta":{"_monsterinsights_skip_tracking":false,"_monsterinsights_sitenote_active":false,"_monsterinsights_sitenote_note":"","_monsterinsights_sitenote_category":0,"footnotes":""},"categories":[22],"tags":[1333,15],"class_list":["post"],"yoast_head":" \n<title>Sonora en Equipo. Alertan por temperaturas bajo cero y vientos fuertes, llaman a no usar braseros ni anafres en viviendas en Sonora Sonora<\/title>\n<meta name=\"description\" content=\"Alertan por temperaturas bajo cero y vientos fuertes, llaman a no usar braseros ni anafres en viviendas en Sonora &nbsp; HERMOSILLO, SONORA,MX.\u2500\u2500 La En Sonora en Equipo publicamos toda la informaci\u00f3n de Sonora, M\u00e9xico y el Mundo de manera oportuna y busca que la libertad de expresi\u00f3n sea real. Visita nuestro medio informativo publicado desde Hermosillo, Sonora. %\" \/>\n<meta name=\"robots\" content=\"index, follow, max-snippet:-1, max-image-preview:large, max-video-preview:-1\" \/>\n<link rel=\"canonical\" href=\"https:\/\/www.sonoraenequipo.com.mx\/alertan-por-temperaturas-bajo-cero-y-vientos-fuertes-llaman-a-no-usar-braseros-ni-anafres-en-viviendas-en-sonora\/\" \/>\n<meta property=\"og:locale\" content=\"es_ES\" \/>\n<meta property=\"og:type\" content=\"article\" \/>\n<meta property=\"og:title\" content=\"Sonora en Equipo. Alertan por temperaturas bajo cero y vientos fuertes, llaman a no usar braseros ni anafres en viviendas en Sonora Sonora\" \/>\n<meta property=\"og:description\" content=\"Alertan por temperaturas bajo cero y vientos fuertes, llaman a no usar braseros ni anafres en viviendas en Sonora &nbsp; HERMOSILLO, SONORA,MX.\u2500\u2500 La En Sonora en Equipo publicamos toda la informaci\u00f3n de Sonora, M\u00e9xico y el Mundo de manera oportuna y busca que la libertad de expresi\u00f3n sea real. Visita nuestro medio informativo publicado desde Hermosillo, Sonora. %\" \/>\n<meta property=\"og:url\" content=\"https:\/\/www.sonoraenequipo.com.mx\/alertan-por-temperaturas-bajo-cero-y-vientos-fuertes-llaman-a-no-usar-braseros-ni-anafres-en-viviendas-en-sonora\/\" \/>\n<meta property=\"og:site_name\" content=\"Sonora en Equipo.\" \/>\n<meta property=\"article:publisher\" content=\"https:\/\/www.facebook.com\/SonoraEE\/\" \/>\n<meta property=\"article:author\" content=\"https:\/\/www.facebook.com\/SonoraEE\" \/>\n<meta property=\"article:published_time\" content=\"2020-11-28T22:45:51+00:00\" \/>\n<meta property=\"og:image\" content=\"https:\/\/www.sonoraenequipo.com.mx\/storage\/2020\/03\/ni\u00f1os-frio.jpg\" \/>\n\t<meta property=\"og:image:width\" content=\"600\" \/>\n\t<meta property=\"og:image:height\" content=\"401\" \/>\n\t<meta property=\"og:image:type\" content=\"image\/jpeg\" \/>\n<meta name=\"author\" content=\"enequipo\" \/>\n<meta name=\"twitter:card\" content=\"summary_large_image\" \/>\n<meta name=\"twitter:creator\" content=\"@sonoraenequipo\" \/>\n<meta name=\"twitter:site\" content=\"@sonoraenequipo\" \/>\n<meta name=\"twitter:label1\" content=\"Escrito por\" \/>\n\t<meta name=\"twitter:data1\" content=\"enequipo\" \/>\n\t<meta name=\"twitter:label2\" content=\"Tiempo de lectura\" \/>\n\t<meta name=\"twitter:data2\" content=\"4 minutos\" \/>\n<script type=\"application\/ld+json\" class=\"yoast-schema-graph\">{\"@context\":\"https:\/\/schema.org\",\"@graph\":[{\"@type\":\"Article\",\"@id\":\"https:\/\/www.sonoraenequipo.com.mx\/alertan-por-temperaturas-bajo-cero-y-vientos-fuertes-llaman-a-no-usar-braseros-ni-anafres-en-viviendas-en-sonora\/#article\",\"isPartOf\":{\"@id\":\"https:\/\/www.sonoraenequipo.com.mx\/alertan-por-temperaturas-bajo-cero-y-vientos-fuertes-llaman-a-no-usar-braseros-ni-anafres-en-viviendas-en-sonora\/\"},\"author\":{\"name\":\"enequipo\",\"@id\":\"https:\/\/www.sonoraenequipo.com.mx\/#\/schema\/person\/50102df0fb23a8fa9e8effad8fa81386\"},\"headline\":\"Alertan por temperaturas bajo cero y vientos fuertes, llaman a no usar braseros ni anafres en viviendas en Sonora\",\"datePublished\":\"2020-11-28T22:45:51+00:00\",\"mainEntityOfPage\":{\"@id\":\"https:\/\/www.sonoraenequipo.com.mx\/alertan-por-temperaturas-bajo-cero-y-vientos-fuertes-llaman-a-no-usar-braseros-ni-anafres-en-viviendas-en-sonora\/\"},\"wordCount\":750,\"commentCount\":0,\"publisher\":{\"@id\":\"https:\/\/www.sonoraenequipo.com.mx\/#organization\"},\"image\":{\"@id\":\"https:\/\/www.sonoraenequipo.com.mx\/alertan-por-temperaturas-bajo-cero-y-vientos-fuertes-llaman-a-no-usar-braseros-ni-anafres-en-viviendas-en-sonora\/#primaryimage\"},\"thumbnailUrl\":\"https:\/\/www.sonoraenequipo.com.mx\/storage\/2020\/03\/ni\u00f1os-frio.jpg\",\"keywords\":[\"frio\",\"Sonora\"],\"articleSection\":[\"Sonora\"],\"inLanguage\":\"es\",\"potentialAction\":[{\"@type\":\"CommentAction\",\"name\":\"Comment\",\"target\":[\"https:\/\/www.sonoraenequipo.com.mx\/alertan-por-temperaturas-bajo-cero-y-vientos-fuertes-llaman-a-no-usar-braseros-ni-anafres-en-viviendas-en-sonora\/#respond\"]}]},{\"@type\":\"WebPage\",\"@id\":\"https:\/\/www.sonoraenequipo.com.mx\/alertan-por-temperaturas-bajo-cero-y-vientos-fuertes-llaman-a-no-usar-braseros-ni-anafres-en-viviendas-en-sonora\/\",\"url\":\"https:\/\/www.sonoraenequipo.com.mx\/alertan-por-temperaturas-bajo-cero-y-vientos-fuertes-llaman-a-no-usar-braseros-ni-anafres-en-viviendas-en-sonora\/\",\"name\":\"Sonora en Equipo. Alertan por temperaturas bajo cero y vientos fuertes, llaman a no usar braseros ni anafres en viviendas en Sonora Sonora\",\"isPartOf\":{\"@id\":\"https:\/\/www.sonoraenequipo.com.mx\/#website\"},\"primaryImageOfPage\":{\"@id\":\"https:\/\/www.sonoraenequipo.com.mx\/alertan-por-temperaturas-bajo-cero-y-vientos-fuertes-llaman-a-no-usar-braseros-ni-anafres-en-viviendas-en-sonora\/#primaryimage\"},\"image\":{\"@id\":\"https:\/\/www.sonoraenequipo.com.mx\/alertan-por-temperaturas-bajo-cero-y-vientos-fuertes-llaman-a-no-usar-braseros-ni-anafres-en-viviendas-en-sonora\/#primaryimage\"},\"thumbnailUrl\":\"https:\/\/www.sonoraenequipo.com.mx\/storage\/2020\/03\/ni\u00f1os-frio.jpg\",\"datePublished\":\"2020-11-28T22:45:51+00:00\",\"description\":\"Alertan por temperaturas bajo cero y vientos fuertes, llaman a no usar braseros ni anafres en viviendas en Sonora &nbsp; HERMOSILLO, SONORA,MX.\u2500\u2500 La En Sonora en Equipo publicamos toda la informaci\u00f3n de Sonora, M\u00e9xico y el Mundo de manera oportuna y busca que la libertad de expresi\u00f3n sea real. Visita nuestro medio informativo publicado desde Hermosillo, Sonora. %\",\"breadcrumb\":{\"@id\":\"https:\/\/www.sonoraenequipo.com.mx\/alertan-por-temperaturas-bajo-cero-y-vientos-fuertes-llaman-a-no-usar-braseros-ni-anafres-en-viviendas-en-sonora\/#breadcrumb\"},\"inLanguage\":\"es\",\"potentialAction\":[{\"@type\":\"ReadAction\",\"target\":[\"https:\/\/www.sonoraenequipo.com.mx\/alertan-por-temperaturas-bajo-cero-y-vientos-fuertes-llaman-a-no-usar-braseros-ni-anafres-en-viviendas-en-sonora\/\"]}]},{\"@type\":\"ImageObject\",\"inLanguage\":\"es\",\"@id\":\"https:\/\/www.sonoraenequipo.com.mx\/alertan-por-temperaturas-bajo-cero-y-vientos-fuertes-llaman-a-no-usar-braseros-ni-anafres-en-viviendas-en-sonora\/#primaryimage\",\"url\":\"https:\/\/www.sonoraenequipo.com.mx\/storage\/2020\/03\/ni\u00f1os-frio.jpg\",\"contentUrl\":\"https:\/\/www.sonoraenequipo.com.mx\/storage\/2020\/03\/ni\u00f1os-frio.jpg\",\"width\":600,\"height\":401,\"caption\":\"Imagen para ilustrar\"},{\"@type\":\"BreadcrumbList\",\"@id\":\"https:\/\/www.sonoraenequipo.com.mx\/alertan-por-temperaturas-bajo-cero-y-vientos-fuertes-llaman-a-no-usar-braseros-ni-anafres-en-viviendas-en-sonora\/#breadcrumb\",\"itemListElement\":[{\"@type\":\"ListItem\",\"position\":1,\"name\":\"Portada\",\"item\":\"https:\/\/www.sonoraenequipo.com.mx\/\"},{\"@type\":\"ListItem\",\"position\":2,\"name\":\"Alertan por temperaturas bajo cero y vientos fuertes, llaman a no usar braseros ni anafres en viviendas en Sonora\"}]},{\"@type\":\"WebSite\",\"@id\":\"https:\/\/www.sonoraenequipo.com.mx\/#website\",\"url\":\"https:\/\/www.sonoraenequipo.com.mx\/\",\"name\":\"Sonora en Equipo.\",\"description\":\"Diario en l\u00ednea con Noticias desde Hermosillo, Sonora\",\"publisher\":{\"@id\":\"https:\/\/www.sonoraenequipo.com.mx\/#organization\"},\"potentialAction\":[{\"@type\":\"SearchAction\",\"target\":{\"@type\":\"EntryPoint\",\"urlTemplate\":\"https:\/\/www.sonoraenequipo.com.mx\/?s={search_term_string}\"},\"query-input\":{\"@type\":\"PropertyValueSpecification\",\"valueRequired\":true,\"valueName\":\"search_term_string\"}}],\"inLanguage\":\"es\"},{\"@type\":\"Organization\",\"@id\":\"https:\/\/www.sonoraenequipo.com.mx\/#organization\",\"name\":\"Sonoraenequipo.com.mx\",\"url\":\"https:\/\/www.sonoraenequipo.com.mx\/\",\"logo\":{\"@type\":\"ImageObject\",\"inLanguage\":\"es\",\"@id\":\"https:\/\/www.sonoraenequipo.com.mx\/#\/schema\/logo\/image\/\",\"url\":\"https:\/\/www.sonoraenequipo.com.mx\/storage\/2019\/01\/sonoraenequipo_opt.png\",\"contentUrl\":\"https:\/\/www.sonoraenequipo.com.mx\/storage\/2019\/01\/sonoraenequipo_opt.png\",\"width\":375,\"height\":125,\"caption\":\"Sonoraenequipo.com.mx\"},\"image\":{\"@id\":\"https:\/\/www.sonoraenequipo.com.mx\/#\/schema\/logo\/image\/\"},\"sameAs\":[\"https:\/\/www.facebook.com\/SonoraEE\/\",\"https:\/\/x.com\/sonoraenequipo\",\"https:\/\/www.youtube.com\/channel\/UC338nW-lPEYmJQs4ZABQ1SQ\"]},{\"@type\":\"Person\",\"@id\":\"https:\/\/www.sonoraenequipo.com.mx\/#\/schema\/person\/50102df0fb23a8fa9e8effad8fa81386\",\"name\":\"enequipo\",\"image\":{\"@type\":\"ImageObject\",\"inLanguage\":\"es\",\"@id\":\"https:\/\/www.sonoraenequipo.com.mx\/#\/schema\/person\/image\/\",\"url\":\"https:\/\/secure.gravatar.com\/avatar\/049821681b589dabc0bc20695993ccebb09f5b5d4d790cd9251b97faac7c652b?s=96&d=blank&r=g\",\"contentUrl\":\"https:\/\/secure.gravatar.com\/avatar\/049821681b589dabc0bc20695993ccebb09f5b5d4d790cd9251b97faac7c652b?s=96&d=blank&r=g\",\"caption\":\"enequipo\"},\"sameAs\":[\"https:\/\/www.facebook.com\/SonoraEE\"]}]}<\/script>\n ","yoast_head_json":{"title":"Sonora en Equipo. Alertan por temperaturas bajo cero y vientos fuertes, llaman a no usar braseros ni anafres en viviendas en Sonora Sonora","description":"Alertan por temperaturas bajo cero y vientos fuertes, llaman a no usar braseros ni anafres en viviendas en Sonora &nbsp; HERMOSILLO, SONORA,MX.\u2500\u2500 La En Sonora en Equipo publicamos toda la informaci\u00f3n de Sonora, M\u00e9xico y el Mundo de manera oportuna y busca que la libertad de expresi\u00f3n sea real. Visita nuestro medio informativo publicado desde Hermosillo, Sonora. %","robots":{"index":"index","follow":"follow","max-snippet":"max-snippet:-1","max-image-preview":"max-image-preview:large","max-video-preview":"max-video-preview:-1"},"canonical":"https:\/\/www.sonoraenequipo.com.mx\/alertan-por-temperaturas-bajo-cero-y-vientos-fuertes-llaman-a-no-usar-braseros-ni-anafres-en-viviendas-en-sonora\/","og_locale":"es_ES","og_type":"article","og_title":"Sonora en Equipo. Alertan por temperaturas bajo cero y vientos fuertes, llaman a no usar braseros ni anafres en viviendas en Sonora Sonora","og_description":"Alertan por temperaturas bajo cero y vientos fuertes, llaman a no usar braseros ni anafres en viviendas en Sonora &nbsp; HERMOSILLO, SONORA,MX.\u2500\u2500 La En Sonora en Equipo publicamos toda la informaci\u00f3n de Sonora, M\u00e9xico y el Mundo de manera oportuna y busca que la libertad de expresi\u00f3n sea real. Visita nuestro medio informativo publicado desde Hermosillo, Sonora. %","og_url":"https:\/\/www.sonoraenequipo.com.mx\/alertan-por-temperaturas-bajo-cero-y-vientos-fuertes-llaman-a-no-usar-braseros-ni-anafres-en-viviendas-en-sonora\/","og_site_name":"Sonora en Equipo.","article_publisher":"https:\/\/www.facebook.com\/SonoraEE\/","article_author":"https:\/\/www.facebook.com\/SonoraEE","article_published_time":"2020-11-28T22:45:51+00:00","og_image":[{"width":600,"height":401,"url":"https:\/\/www.sonoraenequipo.com.mx\/storage\/2020\/03\/ni\u00f1os-frio.jpg","type":"image\/jpeg"}],"author":"enequipo","twitter_card":"summary_large_image","twitter_creator":"@sonoraenequipo","twitter_site":"@sonoraenequipo","twitter_misc":{"Escrito por":"enequipo","Tiempo de lectura":"4 minutos"},"schema":{"@context":"https:\/\/schema.org","@graph":[{"@type":"Article","@id":"https:\/\/www.sonoraenequipo.com.mx\/alertan-por-temperaturas-bajo-cero-y-vientos-fuertes-llaman-a-no-usar-braseros-ni-anafres-en-viviendas-en-sonora\/#article","isPartOf":{"@id":"https:\/\/www.sonoraenequipo.com.mx\/alertan-por-temperaturas-bajo-cero-y-vientos-fuertes-llaman-a-no-usar-braseros-ni-anafres-en-viviendas-en-sonora\/"},"author":{"name":"enequipo","@id":"https:\/\/www.sonoraenequipo.com.mx\/#\/schema\/person\/50102df0fb23a8fa9e8effad8fa81386"},"headline":"Alertan por temperaturas bajo cero y vientos fuertes, llaman a no usar braseros ni anafres en viviendas en Sonora","datePublished":"2020-11-28T22:45:51+00:00","mainEntityOfPage":{"@id":"https:\/\/www.sonoraenequipo.com.mx\/alertan-por-temperaturas-bajo-cero-y-vientos-fuertes-llaman-a-no-usar-braseros-ni-anafres-en-viviendas-en-sonora\/"},"wordCount":750,"commentCount":0,"publisher":{"@id":"https:\/\/www.sonoraenequipo.com.mx\/#organization"},"image":{"@id":"https:\/\/www.sonoraenequipo.com.mx\/alertan-por-temperaturas-bajo-cero-y-vientos-fuertes-llaman-a-no-usar-braseros-ni-anafres-en-viviendas-en-sonora\/#primaryimage"},"thumbnailUrl":"https:\/\/www.sonoraenequipo.com.mx\/storage\/2020\/03\/ni\u00f1os-frio.jpg","keywords":["frio","Sonora"],"articleSection":["Sonora"],"inLanguage":"es","potentialAction":[{"@type":"CommentAction","name":"Comment","target":["https:\/\/www.sonoraenequipo.com.mx\/alertan-por-temperaturas-bajo-cero-y-vientos-fuertes-llaman-a-no-usar-braseros-ni-anafres-en-viviendas-en-sonora\/#respond"]}]},{"@type":"WebPage","@id":"https:\/\/www.sonoraenequipo.com.mx\/alertan-por-temperaturas-bajo-cero-y-vientos-fuertes-llaman-a-no-usar-braseros-ni-anafres-en-viviendas-en-sonora\/","url":"https:\/\/www.sonoraenequipo.com.mx\/alertan-por-temperaturas-bajo-cero-y-vientos-fuertes-llaman-a-no-usar-braseros-ni-anafres-en-viviendas-en-sonora\/","name":"Sonora en Equipo. Alertan por temperaturas bajo cero y vientos fuertes, llaman a no usar braseros ni anafres en viviendas en Sonora Sonora","isPartOf":{"@id":"https:\/\/www.sonoraenequipo.com.mx\/#website"},"primaryImageOfPage":{"@id":"https:\/\/www.sonoraenequipo.com.mx\/alertan-por-temperaturas-bajo-cero-y-vientos-fuertes-llaman-a-no-usar-braseros-ni-anafres-en-viviendas-en-sonora\/#primaryimage"},"image":{"@id":"https:\/\/www.sonoraenequipo.com.mx\/alertan-por-temperaturas-bajo-cero-y-vientos-fuertes-llaman-a-no-usar-braseros-ni-anafres-en-viviendas-en-sonora\/#primaryimage"},"thumbnailUrl":"https:\/\/www.sonoraenequipo.com.mx\/storage\/2020\/03\/ni\u00f1os-frio.jpg","datePublished":"2020-11-28T22:45:51+00:00","description":"Alertan por temperaturas bajo cero y vientos fuertes, llaman a no usar braseros ni anafres en viviendas en Sonora &nbsp; HERMOSILLO, SONORA,MX.\u2500\u2500 La En Sonora en Equipo publicamos toda la informaci\u00f3n de Sonora, M\u00e9xico y el Mundo de manera oportuna y busca que la libertad de expresi\u00f3n sea real. Visita nuestro medio informativo publicado desde Hermosillo, Sonora. %","breadcrumb":{"@id":"https:\/\/www.sonoraenequipo.com.mx\/alertan-por-temperaturas-bajo-cero-y-vientos-fuertes-llaman-a-no-usar-braseros-ni-anafres-en-viviendas-en-sonora\/#breadcrumb"},"inLanguage":"es","potentialAction":[{"@type":"ReadAction","target":["https:\/\/www.sonoraenequipo.com.mx\/alertan-por-temperaturas-bajo-cero-y-vientos-fuertes-llaman-a-no-usar-braseros-ni-anafres-en-viviendas-en-sonora\/"]}]},{"@type":"ImageObject","inLanguage":"es","@id":"https:\/\/www.sonoraenequipo.com.mx\/alertan-por-temperaturas-bajo-cero-y-vientos-fuertes-llaman-a-no-usar-braseros-ni-anafres-en-viviendas-en-sonora\/#primaryimage","url":"https:\/\/www.sonoraenequipo.com.mx\/storage\/2020\/03\/ni\u00f1os-frio.jpg","contentUrl":"https:\/\/www.sonoraenequipo.com.mx\/storage\/2020\/03\/ni\u00f1os-frio.jpg","width":600,"height":401,"caption":"Imagen para ilustrar"},{"@type":"BreadcrumbList","@id":"https:\/\/www.sonoraenequipo.com.mx\/alertan-por-temperaturas-bajo-cero-y-vientos-fuertes-llaman-a-no-usar-braseros-ni-anafres-en-viviendas-en-sonora\/#breadcrumb","itemListElement":[{"@type":"ListItem","position":1,"name":"Portada","item":"https:\/\/www.sonoraenequipo.com.mx\/"},{"@type":"ListItem","position":2,"name":"Alertan por temperaturas bajo cero y vientos fuertes, llaman a no usar braseros ni anafres en viviendas en Sonora"}]},{"@type":"WebSite","@id":"https:\/\/www.sonoraenequipo.com.mx\/#website","url":"https:\/\/www.sonoraenequipo.com.mx\/","name":"Sonora en Equipo.","description":"Diario en l\u00ednea con Noticias desde Hermosillo, Sonora","publisher":{"@id":"https:\/\/www.sonoraenequipo.com.mx\/#organization"},"potentialAction":[{"@type":"SearchAction","target":{"@type":"EntryPoint","urlTemplate":"https:\/\/www.sonoraenequipo.com.mx\/?s={search_term_string}"},"query-input":{"@type":"PropertyValueSpecification","valueRequired":true,"valueName":"search_term_string"}}],"inLanguage":"es"},{"@type":"Organization","@id":"https:\/\/www.sonoraenequipo.com.mx\/#organization","name":"Sonoraenequipo.com.mx","url":"https:\/\/www.sonoraenequipo.com.mx\/","logo":{"@type":"ImageObject","inLanguage":"es","@id":"https:\/\/www.sonoraenequipo.com.mx\/#\/schema\/logo\/image\/","url":"https:\/\/www.sonoraenequipo.com.mx\/storage\/2019\/01\/sonoraenequipo_opt.png","contentUrl":"https:\/\/www.sonoraenequipo.com.mx\/storage\/2019\/01\/sonoraenequipo_opt.png","width":375,"height":125,"caption":"Sonoraenequipo.com.mx"},"image":{"@id":"https:\/\/www.sonoraenequipo.com.mx\/#\/schema\/logo\/image\/"},"sameAs":["https:\/\/www.facebook.com\/SonoraEE\/","https:\/\/x.com\/sonoraenequipo","https:\/\/www.youtube.com\/channel\/UC338nW-lPEYmJQs4ZABQ1SQ"]},{"@type":"Person","@id":"https:\/\/www.sonoraenequipo.com.mx\/#\/schema\/person\/50102df0fb23a8fa9e8effad8fa81386","name":"enequipo","image":{"@type":"ImageObject","inLanguage":"es","@id":"https:\/\/www.sonoraenequipo.com.mx\/#\/schema\/person\/image\/","url":"https:\/\/secure.gravatar.com\/avatar\/049821681b589dabc0bc20695993ccebb09f5b5d4d790cd9251b97faac7c652b?s=96&d=blank&r=g","contentUrl":"https:\/\/secure.gravatar.com\/avatar\/049821681b589dabc0bc20695993ccebb09f5b5d4d790cd9251b97faac7c652b?s=96&d=blank&r=g","caption":"enequipo"},"sameAs":["https:\/\/www.facebook.com\/SonoraEE"]}]}},"jetpack_featured_media_url":"https:\/\/www.sonoraenequipo.com.mx\/storage\/2020\/03\/ni\u00f1os-frio.jpg","_links":{"self":[{"href":"https:\/\/www.sonoraenequipo.com.mx\/api\/wp\/v2\/posts\/101480","targetHints":{"allow":["GET"]}}],"collection":[{"href":"https:\/\/www.sonoraenequipo.com.mx\/api\/wp\/v2\/posts"}],"about":[{"href":"https:\/\/www.sonoraenequipo.com.mx\/api\/wp\/v2\/types\/post"}],"author":[{"embeddable":true,"href":"https:\/\/www.sonoraenequipo.com.mx\/api\/wp\/v2\/users\/1"}],"replies":[{"embeddable":true,"href":"https:\/\/www.sonoraenequipo.com.mx\/api\/wp\/v2\/comments?post=101480"}],"version-history":[{"count":1,"href":"https:\/\/www.sonoraenequipo.com.mx\/api\/wp\/v2\/posts\/101480\/revisions"}],"predecessor-version":[{"id":101481,"href":"https:\/\/www.sonoraenequipo.com.mx\/api\/wp\/v2\/posts\/101480\/revisions\/101481"}],"wp:featuredmedia":[{"embeddable":true,"href":"https:\/\/www.sonoraenequipo.com.mx\/api\/wp\/v2\/media\/79687"}],"wp:attachment":[{"href":"https:\/\/www.sonoraenequipo.com.mx\/api\/wp\/v2\/media?parent=101480"}],"wp:term":[{"taxonomy":"category","embeddable":true,"href":"https:\/\/www.sonoraenequipo.com.mx\/api\/wp\/v2\/categories?post=101480"},{"taxonomy":"post_tag","embeddable":true,"href":"https:\/\/www.sonoraenequipo.com.mx\/api\/wp\/v2\/tags?post=101480"}],"curies":[{"name":"wp","href":"https:\/\/api.w.org\/{rel}","templated":true}]}}