{"id":101487,"date":"2020-11-28T13:45:30","date_gmt":"2020-11-28T20:45:30","guid":{"rendered":"https:\/\/www.sonoraenequipo.com.mx\/?p=101487"},"modified":"2020-11-28T16:47:36","modified_gmt":"2020-11-28T23:47:36","slug":"organiza-uth-foro-virtual-de-turismo-gastronomico","status":"publish","type":"post","link":"https:\/\/www.sonoraenequipo.com.mx\/organiza-uth-foro-virtual-de-turismo-gastronomico\/","title":{"rendered":"Organiza UTH Foro Virtual de Turismo Gastron\u00f3mico"},"content":{"rendered":"<p>HERMOSILLO, SONORA. MX. \u2014 Propuestas para la creaci\u00f3n de rutas tur\u00edsticas \u00e9tnicas gastron\u00f3micas en Sonora fueron presentadas en el Foro Virtual de Turismo Gastron\u00f3mico \u201cEtnorutas Gastron\u00f3micas en el Estado de Sonora\u201d, organizado por la Universidad Tecnol\u00f3gica de Hermosillo, UTH.<\/p>\n<p>&nbsp;<\/p>\n<p> <\/p>\n<p>En la inauguraci\u00f3n, Alonso Delgado Jara, director de la Comisi\u00f3n Estatal para la Planeaci\u00f3n de la Educaci\u00f3n Superior, (Coepes), en representaci\u00f3n del Secretario de Educaci\u00f3n y Cultura, V\u00edctor Guerrero Gonz\u00e1lez, se\u00f1al\u00f3 que entre los beneficios de este tipo de eventos est\u00e1 dar a conocer la gastronom\u00eda de los pueblos, sus usos y costumbres.<\/p>\n<p>&nbsp;<\/p>\n<p>Participaron 30 estudiantes del cuarto cuatrimestre de la Licenciatura en Gastronom\u00eda, organizados por equipos de trabajo para presentar las bondades de la ruta tur\u00edstica; adem\u00e1s, participaron alumnos de la Universidad Tecnol\u00f3gica de Bah\u00eda de Banderas y la Universidad Tecnol\u00f3gica de Xicotepec de Ju\u00e1rez en el estado de Puebla, quienes expusieron la gastronom\u00eda y las costumbres de las tribus de su estado.<\/p>\n<p>&nbsp;<\/p>\n<p>En representaci\u00f3n del rector de la UTH, Adalberto Calder\u00f3n Trujillo; el secretario acad\u00e9mico de la instituci\u00f3n, Leonel Niebla Matus, dijo que desde que inici\u00f3 la carrera de Gastronom\u00eda en la universidad se busca que los egresados sean agentes de cambio, que impulsen el desarrollo econ\u00f3mico de la industria gastron\u00f3mica y tur\u00edstica.<\/p>\n<p>&nbsp;<\/p>\n<p>En el foro virtual se presentaron propuestas para la creaci\u00f3n de rutas tur\u00edsticas \u00e9tnicas gastron\u00f3micas en el estado de Sonora, as\u00ed como videos tutoriales que muestran el proceso de elaboraci\u00f3n de platillos con ingredientes end\u00e9micos elaborados por los estudiantes de Gastronom\u00eda de la UTH.<\/p>\n<p>&nbsp;<\/p>\n<p>Los maestros Alejando Aguilar Zeleny, Sebasti\u00e1n Cadena y la maestra Alejandrina Espinoza Reyna, dictaron las conferencias \u201c<em>El esp\u00edritu de la canasta saaptim\u201d,<\/em> <em>\u201cAl calor del fog\u00f3n: reflexiones sobre la resistencia alimentaria, como patrimonio cultural\u201d<\/em> y <em>\u201cLa comuni\u00f3n de los<\/em><br \/>\n<em>alimentos de los dioses de las etnias N\u00e1ayare (Cora) y Wixarika (Huichol) como parte de dise\u00f1o de experiencias etnotur\u00edsticas\u201d,<\/em> respectivamente.<\/p>\n<p>&nbsp;<\/p>\n<p>Presentes de manera virtual, Ra\u00fal Valenzuela Beltrones, director de Turismo Ruraldel Estado de Sonora; Alma M\u00f3nica Villegas Murrieta, coordinadora general del Patrimonio Cultural del Museo de Culturales Populares e Ind\u00edgenas de Sonora y Arturo Romo Padilla, secretario de Vinculaci\u00f3n de la UTH.<\/p>\n<p>&nbsp;<\/p>\n<p>Los alumnos contaron con el apoyo de la coordinadora de la carrera, Sandra Torres Escoboza y los docentes Marisela Hern\u00e1ndez y Juan Galo Esquer.<\/p>\n<p>&nbsp;<\/p>\n<p>&nbsp;<\/p>\n<p>(Publicada el 28\/11\/2020<\/p>\n","protected":false},"excerpt":{"rendered":"<p>HERMOSILLO, SONORA. MX. \u2014 Propuestas para la creaci\u00f3n de rutas tur\u00edsticas \u00e9tnicas gastron\u00f3micas en Sonora&#8230;<\/p>\n","protected":false},"author":1,"featured_media":101488,"comment_status":"open","ping_status":"open","sticky":false,"template":"","format":"standard","meta":{"_monsterinsights_skip_tracking":false,"_monsterinsights_sitenote_active":false,"_monsterinsights_sitenote_note":"","_monsterinsights_sitenote_category":0,"footnotes":""},"categories":[22],"tags":[],"class_list":["post"],"yoast_head":" \n<title>Sonora en Equipo. Organiza UTH Foro Virtual de Turismo Gastron\u00f3mico Sonora<\/title>\n<meta name=\"description\" content=\"HERMOSILLO, SONORA. MX. \u2014 Propuestas para la creaci\u00f3n de rutas tur\u00edsticas \u00e9tnicas gastron\u00f3micas en Sonora fueron presentadas en el Foro Virtual de Turismo En Sonora en Equipo publicamos toda la informaci\u00f3n de Sonora, M\u00e9xico y el Mundo de manera oportuna y busca que la libertad de expresi\u00f3n sea real. Visita nuestro medio informativo publicado desde Hermosillo, Sonora. %\" \/>\n<meta name=\"robots\" content=\"index, follow, max-snippet:-1, max-image-preview:large, max-video-preview:-1\" \/>\n<link rel=\"canonical\" href=\"https:\/\/www.sonoraenequipo.com.mx\/organiza-uth-foro-virtual-de-turismo-gastronomico\/\" \/>\n<meta property=\"og:locale\" content=\"es_ES\" \/>\n<meta property=\"og:type\" content=\"article\" \/>\n<meta property=\"og:title\" content=\"Sonora en Equipo. Organiza UTH Foro Virtual de Turismo Gastron\u00f3mico Sonora\" \/>\n<meta property=\"og:description\" content=\"HERMOSILLO, SONORA. MX. \u2014 Propuestas para la creaci\u00f3n de rutas tur\u00edsticas \u00e9tnicas gastron\u00f3micas en Sonora fueron presentadas en el Foro Virtual de Turismo En Sonora en Equipo publicamos toda la informaci\u00f3n de Sonora, M\u00e9xico y el Mundo de manera oportuna y busca que la libertad de expresi\u00f3n sea real. Visita nuestro medio informativo publicado desde Hermosillo, Sonora. %\" \/>\n<meta property=\"og:url\" content=\"https:\/\/www.sonoraenequipo.com.mx\/organiza-uth-foro-virtual-de-turismo-gastronomico\/\" \/>\n<meta property=\"og:site_name\" content=\"Sonora en Equipo.\" \/>\n<meta property=\"article:publisher\" content=\"https:\/\/www.facebook.com\/SonoraEE\/\" \/>\n<meta property=\"article:author\" content=\"https:\/\/www.facebook.com\/SonoraEE\" \/>\n<meta property=\"article:published_time\" content=\"2020-11-28T20:45:30+00:00\" \/>\n<meta property=\"article:modified_time\" content=\"2020-11-28T23:47:36+00:00\" \/>\n<meta property=\"og:image\" content=\"https:\/\/www.sonoraenequipo.com.mx\/storage\/2020\/11\/foro-gastronomico-uth_opt.jpg\" \/>\n\t<meta property=\"og:image:width\" content=\"690\" \/>\n\t<meta property=\"og:image:height\" content=\"312\" \/>\n\t<meta property=\"og:image:type\" content=\"image\/jpeg\" \/>\n<meta name=\"author\" content=\"enequipo\" \/>\n<meta name=\"twitter:card\" content=\"summary_large_image\" \/>\n<meta name=\"twitter:creator\" content=\"@sonoraenequipo\" \/>\n<meta name=\"twitter:site\" content=\"@sonoraenequipo\" \/>\n<meta name=\"twitter:label1\" content=\"Escrito por\" \/>\n\t<meta name=\"twitter:data1\" content=\"enequipo\" \/>\n\t<meta name=\"twitter:label2\" content=\"Tiempo de lectura\" \/>\n\t<meta name=\"twitter:data2\" content=\"2 minutos\" \/>\n<script type=\"application\/ld+json\" class=\"yoast-schema-graph\">{\"@context\":\"https:\/\/schema.org\",\"@graph\":[{\"@type\":\"Article\",\"@id\":\"https:\/\/www.sonoraenequipo.com.mx\/organiza-uth-foro-virtual-de-turismo-gastronomico\/#article\",\"isPartOf\":{\"@id\":\"https:\/\/www.sonoraenequipo.com.mx\/organiza-uth-foro-virtual-de-turismo-gastronomico\/\"},\"author\":{\"name\":\"enequipo\",\"@id\":\"https:\/\/www.sonoraenequipo.com.mx\/#\/schema\/person\/50102df0fb23a8fa9e8effad8fa81386\"},\"headline\":\"Organiza UTH Foro Virtual de Turismo Gastron\u00f3mico\",\"datePublished\":\"2020-11-28T20:45:30+00:00\",\"dateModified\":\"2020-11-28T23:47:36+00:00\",\"mainEntityOfPage\":{\"@id\":\"https:\/\/www.sonoraenequipo.com.mx\/organiza-uth-foro-virtual-de-turismo-gastronomico\/\"},\"wordCount\":440,\"commentCount\":0,\"publisher\":{\"@id\":\"https:\/\/www.sonoraenequipo.com.mx\/#organization\"},\"image\":{\"@id\":\"https:\/\/www.sonoraenequipo.com.mx\/organiza-uth-foro-virtual-de-turismo-gastronomico\/#primaryimage\"},\"thumbnailUrl\":\"https:\/\/www.sonoraenequipo.com.mx\/storage\/2020\/11\/foro-gastronomico-uth_opt.jpg\",\"articleSection\":[\"Sonora\"],\"inLanguage\":\"es\",\"potentialAction\":[{\"@type\":\"CommentAction\",\"name\":\"Comment\",\"target\":[\"https:\/\/www.sonoraenequipo.com.mx\/organiza-uth-foro-virtual-de-turismo-gastronomico\/#respond\"]}]},{\"@type\":\"WebPage\",\"@id\":\"https:\/\/www.sonoraenequipo.com.mx\/organiza-uth-foro-virtual-de-turismo-gastronomico\/\",\"url\":\"https:\/\/www.sonoraenequipo.com.mx\/organiza-uth-foro-virtual-de-turismo-gastronomico\/\",\"name\":\"Sonora en Equipo. Organiza UTH Foro Virtual de Turismo Gastron\u00f3mico Sonora\",\"isPartOf\":{\"@id\":\"https:\/\/www.sonoraenequipo.com.mx\/#website\"},\"primaryImageOfPage\":{\"@id\":\"https:\/\/www.sonoraenequipo.com.mx\/organiza-uth-foro-virtual-de-turismo-gastronomico\/#primaryimage\"},\"image\":{\"@id\":\"https:\/\/www.sonoraenequipo.com.mx\/organiza-uth-foro-virtual-de-turismo-gastronomico\/#primaryimage\"},\"thumbnailUrl\":\"https:\/\/www.sonoraenequipo.com.mx\/storage\/2020\/11\/foro-gastronomico-uth_opt.jpg\",\"datePublished\":\"2020-11-28T20:45:30+00:00\",\"dateModified\":\"2020-11-28T23:47:36+00:00\",\"description\":\"HERMOSILLO, SONORA. MX. \u2014 Propuestas para la creaci\u00f3n de rutas tur\u00edsticas \u00e9tnicas gastron\u00f3micas en Sonora fueron presentadas en el Foro Virtual de Turismo En Sonora en Equipo publicamos toda la informaci\u00f3n de Sonora, M\u00e9xico y el Mundo de manera oportuna y busca que la libertad de expresi\u00f3n sea real. Visita nuestro medio informativo publicado desde Hermosillo, Sonora. %\",\"breadcrumb\":{\"@id\":\"https:\/\/www.sonoraenequipo.com.mx\/organiza-uth-foro-virtual-de-turismo-gastronomico\/#breadcrumb\"},\"inLanguage\":\"es\",\"potentialAction\":[{\"@type\":\"ReadAction\",\"target\":[\"https:\/\/www.sonoraenequipo.com.mx\/organiza-uth-foro-virtual-de-turismo-gastronomico\/\"]}]},{\"@type\":\"ImageObject\",\"inLanguage\":\"es\",\"@id\":\"https:\/\/www.sonoraenequipo.com.mx\/organiza-uth-foro-virtual-de-turismo-gastronomico\/#primaryimage\",\"url\":\"https:\/\/www.sonoraenequipo.com.mx\/storage\/2020\/11\/foro-gastronomico-uth_opt.jpg\",\"contentUrl\":\"https:\/\/www.sonoraenequipo.com.mx\/storage\/2020\/11\/foro-gastronomico-uth_opt.jpg\",\"width\":690,\"height\":312},{\"@type\":\"BreadcrumbList\",\"@id\":\"https:\/\/www.sonoraenequipo.com.mx\/organiza-uth-foro-virtual-de-turismo-gastronomico\/#breadcrumb\",\"itemListElement\":[{\"@type\":\"ListItem\",\"position\":1,\"name\":\"Portada\",\"item\":\"https:\/\/www.sonoraenequipo.com.mx\/\"},{\"@type\":\"ListItem\",\"position\":2,\"name\":\"Organiza UTH Foro Virtual de Turismo Gastron\u00f3mico\"}]},{\"@type\":\"WebSite\",\"@id\":\"https:\/\/www.sonoraenequipo.com.mx\/#website\",\"url\":\"https:\/\/www.sonoraenequipo.com.mx\/\",\"name\":\"Sonora en Equipo.\",\"description\":\"Diario en l\u00ednea con Noticias desde Hermosillo, Sonora\",\"publisher\":{\"@id\":\"https:\/\/www.sonoraenequipo.com.mx\/#organization\"},\"potentialAction\":[{\"@type\":\"SearchAction\",\"target\":{\"@type\":\"EntryPoint\",\"urlTemplate\":\"https:\/\/www.sonoraenequipo.com.mx\/?s={search_term_string}\"},\"query-input\":{\"@type\":\"PropertyValueSpecification\",\"valueRequired\":true,\"valueName\":\"search_term_string\"}}],\"inLanguage\":\"es\"},{\"@type\":\"Organization\",\"@id\":\"https:\/\/www.sonoraenequipo.com.mx\/#organization\",\"name\":\"Sonoraenequipo.com.mx\",\"url\":\"https:\/\/www.sonoraenequipo.com.mx\/\",\"logo\":{\"@type\":\"ImageObject\",\"inLanguage\":\"es\",\"@id\":\"https:\/\/www.sonoraenequipo.com.mx\/#\/schema\/logo\/image\/\",\"url\":\"https:\/\/www.sonoraenequipo.com.mx\/storage\/2019\/01\/sonoraenequipo_opt.png\",\"contentUrl\":\"https:\/\/www.sonoraenequipo.com.mx\/storage\/2019\/01\/sonoraenequipo_opt.png\",\"width\":375,\"height\":125,\"caption\":\"Sonoraenequipo.com.mx\"},\"image\":{\"@id\":\"https:\/\/www.sonoraenequipo.com.mx\/#\/schema\/logo\/image\/\"},\"sameAs\":[\"https:\/\/www.facebook.com\/SonoraEE\/\",\"https:\/\/x.com\/sonoraenequipo\",\"https:\/\/www.youtube.com\/channel\/UC338nW-lPEYmJQs4ZABQ1SQ\"]},{\"@type\":\"Person\",\"@id\":\"https:\/\/www.sonoraenequipo.com.mx\/#\/schema\/person\/50102df0fb23a8fa9e8effad8fa81386\",\"name\":\"enequipo\",\"image\":{\"@type\":\"ImageObject\",\"inLanguage\":\"es\",\"@id\":\"https:\/\/www.sonoraenequipo.com.mx\/#\/schema\/person\/image\/\",\"url\":\"https:\/\/secure.gravatar.com\/avatar\/049821681b589dabc0bc20695993ccebb09f5b5d4d790cd9251b97faac7c652b?s=96&d=blank&r=g\",\"contentUrl\":\"https:\/\/secure.gravatar.com\/avatar\/049821681b589dabc0bc20695993ccebb09f5b5d4d790cd9251b97faac7c652b?s=96&d=blank&r=g\",\"caption\":\"enequipo\"},\"sameAs\":[\"https:\/\/www.facebook.com\/SonoraEE\"]}]}<\/script>\n ","yoast_head_json":{"title":"Sonora en Equipo. Organiza UTH Foro Virtual de Turismo Gastron\u00f3mico Sonora","description":"HERMOSILLO, SONORA. MX. \u2014 Propuestas para la creaci\u00f3n de rutas tur\u00edsticas \u00e9tnicas gastron\u00f3micas en Sonora fueron presentadas en el Foro Virtual de Turismo En Sonora en Equipo publicamos toda la informaci\u00f3n de Sonora, M\u00e9xico y el Mundo de manera oportuna y busca que la libertad de expresi\u00f3n sea real. Visita nuestro medio informativo publicado desde Hermosillo, Sonora. %","robots":{"index":"index","follow":"follow","max-snippet":"max-snippet:-1","max-image-preview":"max-image-preview:large","max-video-preview":"max-video-preview:-1"},"canonical":"https:\/\/www.sonoraenequipo.com.mx\/organiza-uth-foro-virtual-de-turismo-gastronomico\/","og_locale":"es_ES","og_type":"article","og_title":"Sonora en Equipo. Organiza UTH Foro Virtual de Turismo Gastron\u00f3mico Sonora","og_description":"HERMOSILLO, SONORA. MX. \u2014 Propuestas para la creaci\u00f3n de rutas tur\u00edsticas \u00e9tnicas gastron\u00f3micas en Sonora fueron presentadas en el Foro Virtual de Turismo En Sonora en Equipo publicamos toda la informaci\u00f3n de Sonora, M\u00e9xico y el Mundo de manera oportuna y busca que la libertad de expresi\u00f3n sea real. Visita nuestro medio informativo publicado desde Hermosillo, Sonora. %","og_url":"https:\/\/www.sonoraenequipo.com.mx\/organiza-uth-foro-virtual-de-turismo-gastronomico\/","og_site_name":"Sonora en Equipo.","article_publisher":"https:\/\/www.facebook.com\/SonoraEE\/","article_author":"https:\/\/www.facebook.com\/SonoraEE","article_published_time":"2020-11-28T20:45:30+00:00","article_modified_time":"2020-11-28T23:47:36+00:00","og_image":[{"width":690,"height":312,"url":"https:\/\/www.sonoraenequipo.com.mx\/storage\/2020\/11\/foro-gastronomico-uth_opt.jpg","type":"image\/jpeg"}],"author":"enequipo","twitter_card":"summary_large_image","twitter_creator":"@sonoraenequipo","twitter_site":"@sonoraenequipo","twitter_misc":{"Escrito por":"enequipo","Tiempo de lectura":"2 minutos"},"schema":{"@context":"https:\/\/schema.org","@graph":[{"@type":"Article","@id":"https:\/\/www.sonoraenequipo.com.mx\/organiza-uth-foro-virtual-de-turismo-gastronomico\/#article","isPartOf":{"@id":"https:\/\/www.sonoraenequipo.com.mx\/organiza-uth-foro-virtual-de-turismo-gastronomico\/"},"author":{"name":"enequipo","@id":"https:\/\/www.sonoraenequipo.com.mx\/#\/schema\/person\/50102df0fb23a8fa9e8effad8fa81386"},"headline":"Organiza UTH Foro Virtual de Turismo Gastron\u00f3mico","datePublished":"2020-11-28T20:45:30+00:00","dateModified":"2020-11-28T23:47:36+00:00","mainEntityOfPage":{"@id":"https:\/\/www.sonoraenequipo.com.mx\/organiza-uth-foro-virtual-de-turismo-gastronomico\/"},"wordCount":440,"commentCount":0,"publisher":{"@id":"https:\/\/www.sonoraenequipo.com.mx\/#organization"},"image":{"@id":"https:\/\/www.sonoraenequipo.com.mx\/organiza-uth-foro-virtual-de-turismo-gastronomico\/#primaryimage"},"thumbnailUrl":"https:\/\/www.sonoraenequipo.com.mx\/storage\/2020\/11\/foro-gastronomico-uth_opt.jpg","articleSection":["Sonora"],"inLanguage":"es","potentialAction":[{"@type":"CommentAction","name":"Comment","target":["https:\/\/www.sonoraenequipo.com.mx\/organiza-uth-foro-virtual-de-turismo-gastronomico\/#respond"]}]},{"@type":"WebPage","@id":"https:\/\/www.sonoraenequipo.com.mx\/organiza-uth-foro-virtual-de-turismo-gastronomico\/","url":"https:\/\/www.sonoraenequipo.com.mx\/organiza-uth-foro-virtual-de-turismo-gastronomico\/","name":"Sonora en Equipo. Organiza UTH Foro Virtual de Turismo Gastron\u00f3mico Sonora","isPartOf":{"@id":"https:\/\/www.sonoraenequipo.com.mx\/#website"},"primaryImageOfPage":{"@id":"https:\/\/www.sonoraenequipo.com.mx\/organiza-uth-foro-virtual-de-turismo-gastronomico\/#primaryimage"},"image":{"@id":"https:\/\/www.sonoraenequipo.com.mx\/organiza-uth-foro-virtual-de-turismo-gastronomico\/#primaryimage"},"thumbnailUrl":"https:\/\/www.sonoraenequipo.com.mx\/storage\/2020\/11\/foro-gastronomico-uth_opt.jpg","datePublished":"2020-11-28T20:45:30+00:00","dateModified":"2020-11-28T23:47:36+00:00","description":"HERMOSILLO, SONORA. MX. \u2014 Propuestas para la creaci\u00f3n de rutas tur\u00edsticas \u00e9tnicas gastron\u00f3micas en Sonora fueron presentadas en el Foro Virtual de Turismo En Sonora en Equipo publicamos toda la informaci\u00f3n de Sonora, M\u00e9xico y el Mundo de manera oportuna y busca que la libertad de expresi\u00f3n sea real. Visita nuestro medio informativo publicado desde Hermosillo, Sonora. %","breadcrumb":{"@id":"https:\/\/www.sonoraenequipo.com.mx\/organiza-uth-foro-virtual-de-turismo-gastronomico\/#breadcrumb"},"inLanguage":"es","potentialAction":[{"@type":"ReadAction","target":["https:\/\/www.sonoraenequipo.com.mx\/organiza-uth-foro-virtual-de-turismo-gastronomico\/"]}]},{"@type":"ImageObject","inLanguage":"es","@id":"https:\/\/www.sonoraenequipo.com.mx\/organiza-uth-foro-virtual-de-turismo-gastronomico\/#primaryimage","url":"https:\/\/www.sonoraenequipo.com.mx\/storage\/2020\/11\/foro-gastronomico-uth_opt.jpg","contentUrl":"https:\/\/www.sonoraenequipo.com.mx\/storage\/2020\/11\/foro-gastronomico-uth_opt.jpg","width":690,"height":312},{"@type":"BreadcrumbList","@id":"https:\/\/www.sonoraenequipo.com.mx\/organiza-uth-foro-virtual-de-turismo-gastronomico\/#breadcrumb","itemListElement":[{"@type":"ListItem","position":1,"name":"Portada","item":"https:\/\/www.sonoraenequipo.com.mx\/"},{"@type":"ListItem","position":2,"name":"Organiza UTH Foro Virtual de Turismo Gastron\u00f3mico"}]},{"@type":"WebSite","@id":"https:\/\/www.sonoraenequipo.com.mx\/#website","url":"https:\/\/www.sonoraenequipo.com.mx\/","name":"Sonora en Equipo.","description":"Diario en l\u00ednea con Noticias desde Hermosillo, Sonora","publisher":{"@id":"https:\/\/www.sonoraenequipo.com.mx\/#organization"},"potentialAction":[{"@type":"SearchAction","target":{"@type":"EntryPoint","urlTemplate":"https:\/\/www.sonoraenequipo.com.mx\/?s={search_term_string}"},"query-input":{"@type":"PropertyValueSpecification","valueRequired":true,"valueName":"search_term_string"}}],"inLanguage":"es"},{"@type":"Organization","@id":"https:\/\/www.sonoraenequipo.com.mx\/#organization","name":"Sonoraenequipo.com.mx","url":"https:\/\/www.sonoraenequipo.com.mx\/","logo":{"@type":"ImageObject","inLanguage":"es","@id":"https:\/\/www.sonoraenequipo.com.mx\/#\/schema\/logo\/image\/","url":"https:\/\/www.sonoraenequipo.com.mx\/storage\/2019\/01\/sonoraenequipo_opt.png","contentUrl":"https:\/\/www.sonoraenequipo.com.mx\/storage\/2019\/01\/sonoraenequipo_opt.png","width":375,"height":125,"caption":"Sonoraenequipo.com.mx"},"image":{"@id":"https:\/\/www.sonoraenequipo.com.mx\/#\/schema\/logo\/image\/"},"sameAs":["https:\/\/www.facebook.com\/SonoraEE\/","https:\/\/x.com\/sonoraenequipo","https:\/\/www.youtube.com\/channel\/UC338nW-lPEYmJQs4ZABQ1SQ"]},{"@type":"Person","@id":"https:\/\/www.sonoraenequipo.com.mx\/#\/schema\/person\/50102df0fb23a8fa9e8effad8fa81386","name":"enequipo","image":{"@type":"ImageObject","inLanguage":"es","@id":"https:\/\/www.sonoraenequipo.com.mx\/#\/schema\/person\/image\/","url":"https:\/\/secure.gravatar.com\/avatar\/049821681b589dabc0bc20695993ccebb09f5b5d4d790cd9251b97faac7c652b?s=96&d=blank&r=g","contentUrl":"https:\/\/secure.gravatar.com\/avatar\/049821681b589dabc0bc20695993ccebb09f5b5d4d790cd9251b97faac7c652b?s=96&d=blank&r=g","caption":"enequipo"},"sameAs":["https:\/\/www.facebook.com\/SonoraEE"]}]}},"jetpack_featured_media_url":"https:\/\/www.sonoraenequipo.com.mx\/storage\/2020\/11\/foro-gastronomico-uth_opt.jpg","_links":{"self":[{"href":"https:\/\/www.sonoraenequipo.com.mx\/api\/wp\/v2\/posts\/101487","targetHints":{"allow":["GET"]}}],"collection":[{"href":"https:\/\/www.sonoraenequipo.com.mx\/api\/wp\/v2\/posts"}],"about":[{"href":"https:\/\/www.sonoraenequipo.com.mx\/api\/wp\/v2\/types\/post"}],"author":[{"embeddable":true,"href":"https:\/\/www.sonoraenequipo.com.mx\/api\/wp\/v2\/users\/1"}],"replies":[{"embeddable":true,"href":"https:\/\/www.sonoraenequipo.com.mx\/api\/wp\/v2\/comments?post=101487"}],"version-history":[{"count":3,"href":"https:\/\/www.sonoraenequipo.com.mx\/api\/wp\/v2\/posts\/101487\/revisions"}],"predecessor-version":[{"id":101491,"href":"https:\/\/www.sonoraenequipo.com.mx\/api\/wp\/v2\/posts\/101487\/revisions\/101491"}],"wp:featuredmedia":[{"embeddable":true,"href":"https:\/\/www.sonoraenequipo.com.mx\/api\/wp\/v2\/media\/101488"}],"wp:attachment":[{"href":"https:\/\/www.sonoraenequipo.com.mx\/api\/wp\/v2\/media?parent=101487"}],"wp:term":[{"taxonomy":"category","embeddable":true,"href":"https:\/\/www.sonoraenequipo.com.mx\/api\/wp\/v2\/categories?post=101487"},{"taxonomy":"post_tag","embeddable":true,"href":"https:\/\/www.sonoraenequipo.com.mx\/api\/wp\/v2\/tags?post=101487"}],"curies":[{"name":"wp","href":"https:\/\/api.w.org\/{rel}","templated":true}]}}