{"id":101492,"date":"2020-11-28T16:42:05","date_gmt":"2020-11-28T23:42:05","guid":{"rendered":"https:\/\/www.sonoraenequipo.com.mx\/?p=101492"},"modified":"2020-11-28T17:50:15","modified_gmt":"2020-11-29T00:50:15","slug":"el-rio-usumacinta-seguira-arriba-de-su-nivel-critico-al-menos-10-dias-mas","status":"publish","type":"post","link":"https:\/\/www.sonoraenequipo.com.mx\/el-rio-usumacinta-seguira-arriba-de-su-nivel-critico-al-menos-10-dias-mas\/","title":{"rendered":"El R\u00edo Usumacinta seguir\u00e1 arriba de su nivel cr\u00edtico al menos 10 d\u00edas m\u00e1s"},"content":{"rendered":"<p>TABASCO. MX. \u2014 La Comisi\u00f3n Nacional del Agua (Conagua) inform\u00f3 que el r\u00edo Usumacinta comenz\u00f3 su descenso la madrugada de este s\u00e1bado 28 de noviembre, sin embargo, alert\u00f3 que seguir\u00e1 por encima de su nivel cr\u00edtico entre 10 y 15 d\u00edas m\u00e1s debido al agua que se encuentra en la zona de regulaci\u00f3n.<\/p>\n<p>&nbsp;<\/p>\n<p> <\/p>\n<p>&nbsp;<\/p>\n<p>Blanca Jim\u00e9nez Cisneros, directora de la Conagua, tambi\u00e9n inform\u00f3 que el resto de los afluentes de Tabasco contin\u00faan su descenso, aunque se mantiene la vigilancia ante la presencia de dos frentes fr\u00edos que podr\u00edan provocar lluvias de hasta 150 mil\u00edmetros.<\/p>\n<p>&nbsp;<\/p>\n<p>En tanto, contin\u00faan las afectaciones en los municipios de Centro, Nacajuca, Jonuta, Macuspana, Jalpa de M\u00e9ndez, Tacotalpa y Emiliano Zapata.<\/p>\n<p>&nbsp;<\/p>\n<p><img loading=\"lazy\" decoding=\"async\" class=\"x-right  size-medium\" src=\"https:\/\/www.sonoraenequipo.com.mx\/storage\/2020\/11\/elusumacinta_opt-512x365.jpg\" alt=\"\" width=\"512\" height=\"365\" \/>En las comunidades ind\u00edgenas de Centla, Jalapa de M\u00e9ndez, Culhuac\u00e1n y Nacajuca, que fueron inundadas por decisi\u00f3n del Gobierno federal para evitar afectaciones mayores en Villahermosa, se prev\u00e9 que que las inundaciones contin\u00faen por semanas.<\/p>\n<p>&nbsp;<\/p>\n<p>En estas comunidades se reporta la muerte de decenas de cabezas de ganado.<\/p>\n<p>&nbsp;<\/p>\n<p>Se espera que estas comunidades reciban vales y ayudas econ\u00f3micas a trav\u00e9s de un censo que concluir\u00e1 el Gobierno federal el pr\u00f3ximo 6 de diciembre.<\/p>\n<p>&nbsp;<\/p>\n<p>(Publicada el 28\/11\/2020\/ Comisi\u00f3n Nacional del Agua (Conagua)<\/p>\n","protected":false},"excerpt":{"rendered":"<p>TABASCO. MX. \u2014 La Comisi\u00f3n Nacional del Agua (Conagua) inform\u00f3 que el r\u00edo Usumacinta comenz\u00f3&#8230;<\/p>\n","protected":false},"author":1,"featured_media":101498,"comment_status":"open","ping_status":"open","sticky":false,"template":"","format":"standard","meta":{"_monsterinsights_skip_tracking":false,"_monsterinsights_sitenote_active":false,"_monsterinsights_sitenote_note":"","_monsterinsights_sitenote_category":0,"footnotes":""},"categories":[5],"tags":[],"class_list":["post"],"yoast_head":" \n<title>Sonora en Equipo. El R\u00edo Usumacinta seguir\u00e1 arriba de su nivel cr\u00edtico al menos 10 d\u00edas m\u00e1s Rep\u00fablica<\/title>\n<meta name=\"description\" content=\"TABASCO. MX. \u2014 La Comisi\u00f3n Nacional del Agua (Conagua) inform\u00f3 que el r\u00edo Usumacinta comenz\u00f3 su descenso la madrugada de este s\u00e1bado 28 de noviembre, sin En Sonora en Equipo publicamos toda la informaci\u00f3n de Sonora, M\u00e9xico y el Mundo de manera oportuna y busca que la libertad de expresi\u00f3n sea real. Visita nuestro medio informativo publicado desde Hermosillo, Sonora. %\" \/>\n<meta name=\"robots\" content=\"index, follow, max-snippet:-1, max-image-preview:large, max-video-preview:-1\" \/>\n<link rel=\"canonical\" href=\"https:\/\/www.sonoraenequipo.com.mx\/el-rio-usumacinta-seguira-arriba-de-su-nivel-critico-al-menos-10-dias-mas\/\" \/>\n<meta property=\"og:locale\" content=\"es_ES\" \/>\n<meta property=\"og:type\" content=\"article\" \/>\n<meta property=\"og:title\" content=\"Sonora en Equipo. El R\u00edo Usumacinta seguir\u00e1 arriba de su nivel cr\u00edtico al menos 10 d\u00edas m\u00e1s Rep\u00fablica\" \/>\n<meta property=\"og:description\" content=\"TABASCO. MX. \u2014 La Comisi\u00f3n Nacional del Agua (Conagua) inform\u00f3 que el r\u00edo Usumacinta comenz\u00f3 su descenso la madrugada de este s\u00e1bado 28 de noviembre, sin En Sonora en Equipo publicamos toda la informaci\u00f3n de Sonora, M\u00e9xico y el Mundo de manera oportuna y busca que la libertad de expresi\u00f3n sea real. Visita nuestro medio informativo publicado desde Hermosillo, Sonora. %\" \/>\n<meta property=\"og:url\" content=\"https:\/\/www.sonoraenequipo.com.mx\/el-rio-usumacinta-seguira-arriba-de-su-nivel-critico-al-menos-10-dias-mas\/\" \/>\n<meta property=\"og:site_name\" content=\"Sonora en Equipo.\" \/>\n<meta property=\"article:publisher\" content=\"https:\/\/www.facebook.com\/SonoraEE\/\" \/>\n<meta property=\"article:author\" content=\"https:\/\/www.facebook.com\/SonoraEE\" \/>\n<meta property=\"article:published_time\" content=\"2020-11-28T23:42:05+00:00\" \/>\n<meta property=\"article:modified_time\" content=\"2020-11-29T00:50:15+00:00\" \/>\n<meta property=\"og:image\" content=\"https:\/\/www.sonoraenequipo.com.mx\/storage\/2020\/11\/rio-usumacinta_opt.jpg\" \/>\n\t<meta property=\"og:image:width\" content=\"711\" \/>\n\t<meta property=\"og:image:height\" content=\"400\" \/>\n\t<meta property=\"og:image:type\" content=\"image\/jpeg\" \/>\n<meta name=\"author\" content=\"enequipo\" \/>\n<meta name=\"twitter:card\" content=\"summary_large_image\" \/>\n<meta name=\"twitter:creator\" content=\"@sonoraenequipo\" \/>\n<meta name=\"twitter:site\" content=\"@sonoraenequipo\" \/>\n<meta name=\"twitter:label1\" content=\"Escrito por\" \/>\n\t<meta name=\"twitter:data1\" content=\"enequipo\" \/>\n\t<meta name=\"twitter:label2\" content=\"Tiempo de lectura\" \/>\n\t<meta name=\"twitter:data2\" content=\"1 minuto\" \/>\n<script type=\"application\/ld+json\" class=\"yoast-schema-graph\">{\"@context\":\"https:\/\/schema.org\",\"@graph\":[{\"@type\":\"Article\",\"@id\":\"https:\/\/www.sonoraenequipo.com.mx\/el-rio-usumacinta-seguira-arriba-de-su-nivel-critico-al-menos-10-dias-mas\/#article\",\"isPartOf\":{\"@id\":\"https:\/\/www.sonoraenequipo.com.mx\/el-rio-usumacinta-seguira-arriba-de-su-nivel-critico-al-menos-10-dias-mas\/\"},\"author\":{\"name\":\"enequipo\",\"@id\":\"https:\/\/www.sonoraenequipo.com.mx\/#\/schema\/person\/50102df0fb23a8fa9e8effad8fa81386\"},\"headline\":\"El R\u00edo Usumacinta seguir\u00e1 arriba de su nivel cr\u00edtico al menos 10 d\u00edas m\u00e1s\",\"datePublished\":\"2020-11-28T23:42:05+00:00\",\"dateModified\":\"2020-11-29T00:50:15+00:00\",\"mainEntityOfPage\":{\"@id\":\"https:\/\/www.sonoraenequipo.com.mx\/el-rio-usumacinta-seguira-arriba-de-su-nivel-critico-al-menos-10-dias-mas\/\"},\"wordCount\":235,\"commentCount\":0,\"publisher\":{\"@id\":\"https:\/\/www.sonoraenequipo.com.mx\/#organization\"},\"image\":{\"@id\":\"https:\/\/www.sonoraenequipo.com.mx\/el-rio-usumacinta-seguira-arriba-de-su-nivel-critico-al-menos-10-dias-mas\/#primaryimage\"},\"thumbnailUrl\":\"https:\/\/www.sonoraenequipo.com.mx\/storage\/2020\/11\/rio-usumacinta_opt.jpg\",\"articleSection\":[\"Rep\u00fablica\"],\"inLanguage\":\"es\",\"potentialAction\":[{\"@type\":\"CommentAction\",\"name\":\"Comment\",\"target\":[\"https:\/\/www.sonoraenequipo.com.mx\/el-rio-usumacinta-seguira-arriba-de-su-nivel-critico-al-menos-10-dias-mas\/#respond\"]}]},{\"@type\":\"WebPage\",\"@id\":\"https:\/\/www.sonoraenequipo.com.mx\/el-rio-usumacinta-seguira-arriba-de-su-nivel-critico-al-menos-10-dias-mas\/\",\"url\":\"https:\/\/www.sonoraenequipo.com.mx\/el-rio-usumacinta-seguira-arriba-de-su-nivel-critico-al-menos-10-dias-mas\/\",\"name\":\"Sonora en Equipo. El R\u00edo Usumacinta seguir\u00e1 arriba de su nivel cr\u00edtico al menos 10 d\u00edas m\u00e1s Rep\u00fablica\",\"isPartOf\":{\"@id\":\"https:\/\/www.sonoraenequipo.com.mx\/#website\"},\"primaryImageOfPage\":{\"@id\":\"https:\/\/www.sonoraenequipo.com.mx\/el-rio-usumacinta-seguira-arriba-de-su-nivel-critico-al-menos-10-dias-mas\/#primaryimage\"},\"image\":{\"@id\":\"https:\/\/www.sonoraenequipo.com.mx\/el-rio-usumacinta-seguira-arriba-de-su-nivel-critico-al-menos-10-dias-mas\/#primaryimage\"},\"thumbnailUrl\":\"https:\/\/www.sonoraenequipo.com.mx\/storage\/2020\/11\/rio-usumacinta_opt.jpg\",\"datePublished\":\"2020-11-28T23:42:05+00:00\",\"dateModified\":\"2020-11-29T00:50:15+00:00\",\"description\":\"TABASCO. MX. \u2014 La Comisi\u00f3n Nacional del Agua (Conagua) inform\u00f3 que el r\u00edo Usumacinta comenz\u00f3 su descenso la madrugada de este s\u00e1bado 28 de noviembre, sin En Sonora en Equipo publicamos toda la informaci\u00f3n de Sonora, M\u00e9xico y el Mundo de manera oportuna y busca que la libertad de expresi\u00f3n sea real. Visita nuestro medio informativo publicado desde Hermosillo, Sonora. %\",\"breadcrumb\":{\"@id\":\"https:\/\/www.sonoraenequipo.com.mx\/el-rio-usumacinta-seguira-arriba-de-su-nivel-critico-al-menos-10-dias-mas\/#breadcrumb\"},\"inLanguage\":\"es\",\"potentialAction\":[{\"@type\":\"ReadAction\",\"target\":[\"https:\/\/www.sonoraenequipo.com.mx\/el-rio-usumacinta-seguira-arriba-de-su-nivel-critico-al-menos-10-dias-mas\/\"]}]},{\"@type\":\"ImageObject\",\"inLanguage\":\"es\",\"@id\":\"https:\/\/www.sonoraenequipo.com.mx\/el-rio-usumacinta-seguira-arriba-de-su-nivel-critico-al-menos-10-dias-mas\/#primaryimage\",\"url\":\"https:\/\/www.sonoraenequipo.com.mx\/storage\/2020\/11\/rio-usumacinta_opt.jpg\",\"contentUrl\":\"https:\/\/www.sonoraenequipo.com.mx\/storage\/2020\/11\/rio-usumacinta_opt.jpg\",\"width\":711,\"height\":400},{\"@type\":\"BreadcrumbList\",\"@id\":\"https:\/\/www.sonoraenequipo.com.mx\/el-rio-usumacinta-seguira-arriba-de-su-nivel-critico-al-menos-10-dias-mas\/#breadcrumb\",\"itemListElement\":[{\"@type\":\"ListItem\",\"position\":1,\"name\":\"Portada\",\"item\":\"https:\/\/www.sonoraenequipo.com.mx\/\"},{\"@type\":\"ListItem\",\"position\":2,\"name\":\"El R\u00edo Usumacinta seguir\u00e1 arriba de su nivel cr\u00edtico al menos 10 d\u00edas m\u00e1s\"}]},{\"@type\":\"WebSite\",\"@id\":\"https:\/\/www.sonoraenequipo.com.mx\/#website\",\"url\":\"https:\/\/www.sonoraenequipo.com.mx\/\",\"name\":\"Sonora en Equipo.\",\"description\":\"Diario en l\u00ednea con Noticias desde Hermosillo, Sonora\",\"publisher\":{\"@id\":\"https:\/\/www.sonoraenequipo.com.mx\/#organization\"},\"potentialAction\":[{\"@type\":\"SearchAction\",\"target\":{\"@type\":\"EntryPoint\",\"urlTemplate\":\"https:\/\/www.sonoraenequipo.com.mx\/?s={search_term_string}\"},\"query-input\":{\"@type\":\"PropertyValueSpecification\",\"valueRequired\":true,\"valueName\":\"search_term_string\"}}],\"inLanguage\":\"es\"},{\"@type\":\"Organization\",\"@id\":\"https:\/\/www.sonoraenequipo.com.mx\/#organization\",\"name\":\"Sonoraenequipo.com.mx\",\"url\":\"https:\/\/www.sonoraenequipo.com.mx\/\",\"logo\":{\"@type\":\"ImageObject\",\"inLanguage\":\"es\",\"@id\":\"https:\/\/www.sonoraenequipo.com.mx\/#\/schema\/logo\/image\/\",\"url\":\"https:\/\/www.sonoraenequipo.com.mx\/storage\/2019\/01\/sonoraenequipo_opt.png\",\"contentUrl\":\"https:\/\/www.sonoraenequipo.com.mx\/storage\/2019\/01\/sonoraenequipo_opt.png\",\"width\":375,\"height\":125,\"caption\":\"Sonoraenequipo.com.mx\"},\"image\":{\"@id\":\"https:\/\/www.sonoraenequipo.com.mx\/#\/schema\/logo\/image\/\"},\"sameAs\":[\"https:\/\/www.facebook.com\/SonoraEE\/\",\"https:\/\/x.com\/sonoraenequipo\",\"https:\/\/www.youtube.com\/channel\/UC338nW-lPEYmJQs4ZABQ1SQ\"]},{\"@type\":\"Person\",\"@id\":\"https:\/\/www.sonoraenequipo.com.mx\/#\/schema\/person\/50102df0fb23a8fa9e8effad8fa81386\",\"name\":\"enequipo\",\"image\":{\"@type\":\"ImageObject\",\"inLanguage\":\"es\",\"@id\":\"https:\/\/www.sonoraenequipo.com.mx\/#\/schema\/person\/image\/\",\"url\":\"https:\/\/secure.gravatar.com\/avatar\/049821681b589dabc0bc20695993ccebb09f5b5d4d790cd9251b97faac7c652b?s=96&d=blank&r=g\",\"contentUrl\":\"https:\/\/secure.gravatar.com\/avatar\/049821681b589dabc0bc20695993ccebb09f5b5d4d790cd9251b97faac7c652b?s=96&d=blank&r=g\",\"caption\":\"enequipo\"},\"sameAs\":[\"https:\/\/www.facebook.com\/SonoraEE\"]}]}<\/script>\n ","yoast_head_json":{"title":"Sonora en Equipo. El R\u00edo Usumacinta seguir\u00e1 arriba de su nivel cr\u00edtico al menos 10 d\u00edas m\u00e1s Rep\u00fablica","description":"TABASCO. MX. \u2014 La Comisi\u00f3n Nacional del Agua (Conagua) inform\u00f3 que el r\u00edo Usumacinta comenz\u00f3 su descenso la madrugada de este s\u00e1bado 28 de noviembre, sin En Sonora en Equipo publicamos toda la informaci\u00f3n de Sonora, M\u00e9xico y el Mundo de manera oportuna y busca que la libertad de expresi\u00f3n sea real. Visita nuestro medio informativo publicado desde Hermosillo, Sonora. %","robots":{"index":"index","follow":"follow","max-snippet":"max-snippet:-1","max-image-preview":"max-image-preview:large","max-video-preview":"max-video-preview:-1"},"canonical":"https:\/\/www.sonoraenequipo.com.mx\/el-rio-usumacinta-seguira-arriba-de-su-nivel-critico-al-menos-10-dias-mas\/","og_locale":"es_ES","og_type":"article","og_title":"Sonora en Equipo. El R\u00edo Usumacinta seguir\u00e1 arriba de su nivel cr\u00edtico al menos 10 d\u00edas m\u00e1s Rep\u00fablica","og_description":"TABASCO. MX. \u2014 La Comisi\u00f3n Nacional del Agua (Conagua) inform\u00f3 que el r\u00edo Usumacinta comenz\u00f3 su descenso la madrugada de este s\u00e1bado 28 de noviembre, sin En Sonora en Equipo publicamos toda la informaci\u00f3n de Sonora, M\u00e9xico y el Mundo de manera oportuna y busca que la libertad de expresi\u00f3n sea real. Visita nuestro medio informativo publicado desde Hermosillo, Sonora. %","og_url":"https:\/\/www.sonoraenequipo.com.mx\/el-rio-usumacinta-seguira-arriba-de-su-nivel-critico-al-menos-10-dias-mas\/","og_site_name":"Sonora en Equipo.","article_publisher":"https:\/\/www.facebook.com\/SonoraEE\/","article_author":"https:\/\/www.facebook.com\/SonoraEE","article_published_time":"2020-11-28T23:42:05+00:00","article_modified_time":"2020-11-29T00:50:15+00:00","og_image":[{"width":711,"height":400,"url":"https:\/\/www.sonoraenequipo.com.mx\/storage\/2020\/11\/rio-usumacinta_opt.jpg","type":"image\/jpeg"}],"author":"enequipo","twitter_card":"summary_large_image","twitter_creator":"@sonoraenequipo","twitter_site":"@sonoraenequipo","twitter_misc":{"Escrito por":"enequipo","Tiempo de lectura":"1 minuto"},"schema":{"@context":"https:\/\/schema.org","@graph":[{"@type":"Article","@id":"https:\/\/www.sonoraenequipo.com.mx\/el-rio-usumacinta-seguira-arriba-de-su-nivel-critico-al-menos-10-dias-mas\/#article","isPartOf":{"@id":"https:\/\/www.sonoraenequipo.com.mx\/el-rio-usumacinta-seguira-arriba-de-su-nivel-critico-al-menos-10-dias-mas\/"},"author":{"name":"enequipo","@id":"https:\/\/www.sonoraenequipo.com.mx\/#\/schema\/person\/50102df0fb23a8fa9e8effad8fa81386"},"headline":"El R\u00edo Usumacinta seguir\u00e1 arriba de su nivel cr\u00edtico al menos 10 d\u00edas m\u00e1s","datePublished":"2020-11-28T23:42:05+00:00","dateModified":"2020-11-29T00:50:15+00:00","mainEntityOfPage":{"@id":"https:\/\/www.sonoraenequipo.com.mx\/el-rio-usumacinta-seguira-arriba-de-su-nivel-critico-al-menos-10-dias-mas\/"},"wordCount":235,"commentCount":0,"publisher":{"@id":"https:\/\/www.sonoraenequipo.com.mx\/#organization"},"image":{"@id":"https:\/\/www.sonoraenequipo.com.mx\/el-rio-usumacinta-seguira-arriba-de-su-nivel-critico-al-menos-10-dias-mas\/#primaryimage"},"thumbnailUrl":"https:\/\/www.sonoraenequipo.com.mx\/storage\/2020\/11\/rio-usumacinta_opt.jpg","articleSection":["Rep\u00fablica"],"inLanguage":"es","potentialAction":[{"@type":"CommentAction","name":"Comment","target":["https:\/\/www.sonoraenequipo.com.mx\/el-rio-usumacinta-seguira-arriba-de-su-nivel-critico-al-menos-10-dias-mas\/#respond"]}]},{"@type":"WebPage","@id":"https:\/\/www.sonoraenequipo.com.mx\/el-rio-usumacinta-seguira-arriba-de-su-nivel-critico-al-menos-10-dias-mas\/","url":"https:\/\/www.sonoraenequipo.com.mx\/el-rio-usumacinta-seguira-arriba-de-su-nivel-critico-al-menos-10-dias-mas\/","name":"Sonora en Equipo. El R\u00edo Usumacinta seguir\u00e1 arriba de su nivel cr\u00edtico al menos 10 d\u00edas m\u00e1s Rep\u00fablica","isPartOf":{"@id":"https:\/\/www.sonoraenequipo.com.mx\/#website"},"primaryImageOfPage":{"@id":"https:\/\/www.sonoraenequipo.com.mx\/el-rio-usumacinta-seguira-arriba-de-su-nivel-critico-al-menos-10-dias-mas\/#primaryimage"},"image":{"@id":"https:\/\/www.sonoraenequipo.com.mx\/el-rio-usumacinta-seguira-arriba-de-su-nivel-critico-al-menos-10-dias-mas\/#primaryimage"},"thumbnailUrl":"https:\/\/www.sonoraenequipo.com.mx\/storage\/2020\/11\/rio-usumacinta_opt.jpg","datePublished":"2020-11-28T23:42:05+00:00","dateModified":"2020-11-29T00:50:15+00:00","description":"TABASCO. MX. \u2014 La Comisi\u00f3n Nacional del Agua (Conagua) inform\u00f3 que el r\u00edo Usumacinta comenz\u00f3 su descenso la madrugada de este s\u00e1bado 28 de noviembre, sin En Sonora en Equipo publicamos toda la informaci\u00f3n de Sonora, M\u00e9xico y el Mundo de manera oportuna y busca que la libertad de expresi\u00f3n sea real. Visita nuestro medio informativo publicado desde Hermosillo, Sonora. %","breadcrumb":{"@id":"https:\/\/www.sonoraenequipo.com.mx\/el-rio-usumacinta-seguira-arriba-de-su-nivel-critico-al-menos-10-dias-mas\/#breadcrumb"},"inLanguage":"es","potentialAction":[{"@type":"ReadAction","target":["https:\/\/www.sonoraenequipo.com.mx\/el-rio-usumacinta-seguira-arriba-de-su-nivel-critico-al-menos-10-dias-mas\/"]}]},{"@type":"ImageObject","inLanguage":"es","@id":"https:\/\/www.sonoraenequipo.com.mx\/el-rio-usumacinta-seguira-arriba-de-su-nivel-critico-al-menos-10-dias-mas\/#primaryimage","url":"https:\/\/www.sonoraenequipo.com.mx\/storage\/2020\/11\/rio-usumacinta_opt.jpg","contentUrl":"https:\/\/www.sonoraenequipo.com.mx\/storage\/2020\/11\/rio-usumacinta_opt.jpg","width":711,"height":400},{"@type":"BreadcrumbList","@id":"https:\/\/www.sonoraenequipo.com.mx\/el-rio-usumacinta-seguira-arriba-de-su-nivel-critico-al-menos-10-dias-mas\/#breadcrumb","itemListElement":[{"@type":"ListItem","position":1,"name":"Portada","item":"https:\/\/www.sonoraenequipo.com.mx\/"},{"@type":"ListItem","position":2,"name":"El R\u00edo Usumacinta seguir\u00e1 arriba de su nivel cr\u00edtico al menos 10 d\u00edas m\u00e1s"}]},{"@type":"WebSite","@id":"https:\/\/www.sonoraenequipo.com.mx\/#website","url":"https:\/\/www.sonoraenequipo.com.mx\/","name":"Sonora en Equipo.","description":"Diario en l\u00ednea con Noticias desde Hermosillo, Sonora","publisher":{"@id":"https:\/\/www.sonoraenequipo.com.mx\/#organization"},"potentialAction":[{"@type":"SearchAction","target":{"@type":"EntryPoint","urlTemplate":"https:\/\/www.sonoraenequipo.com.mx\/?s={search_term_string}"},"query-input":{"@type":"PropertyValueSpecification","valueRequired":true,"valueName":"search_term_string"}}],"inLanguage":"es"},{"@type":"Organization","@id":"https:\/\/www.sonoraenequipo.com.mx\/#organization","name":"Sonoraenequipo.com.mx","url":"https:\/\/www.sonoraenequipo.com.mx\/","logo":{"@type":"ImageObject","inLanguage":"es","@id":"https:\/\/www.sonoraenequipo.com.mx\/#\/schema\/logo\/image\/","url":"https:\/\/www.sonoraenequipo.com.mx\/storage\/2019\/01\/sonoraenequipo_opt.png","contentUrl":"https:\/\/www.sonoraenequipo.com.mx\/storage\/2019\/01\/sonoraenequipo_opt.png","width":375,"height":125,"caption":"Sonoraenequipo.com.mx"},"image":{"@id":"https:\/\/www.sonoraenequipo.com.mx\/#\/schema\/logo\/image\/"},"sameAs":["https:\/\/www.facebook.com\/SonoraEE\/","https:\/\/x.com\/sonoraenequipo","https:\/\/www.youtube.com\/channel\/UC338nW-lPEYmJQs4ZABQ1SQ"]},{"@type":"Person","@id":"https:\/\/www.sonoraenequipo.com.mx\/#\/schema\/person\/50102df0fb23a8fa9e8effad8fa81386","name":"enequipo","image":{"@type":"ImageObject","inLanguage":"es","@id":"https:\/\/www.sonoraenequipo.com.mx\/#\/schema\/person\/image\/","url":"https:\/\/secure.gravatar.com\/avatar\/049821681b589dabc0bc20695993ccebb09f5b5d4d790cd9251b97faac7c652b?s=96&d=blank&r=g","contentUrl":"https:\/\/secure.gravatar.com\/avatar\/049821681b589dabc0bc20695993ccebb09f5b5d4d790cd9251b97faac7c652b?s=96&d=blank&r=g","caption":"enequipo"},"sameAs":["https:\/\/www.facebook.com\/SonoraEE"]}]}},"jetpack_featured_media_url":"https:\/\/www.sonoraenequipo.com.mx\/storage\/2020\/11\/rio-usumacinta_opt.jpg","_links":{"self":[{"href":"https:\/\/www.sonoraenequipo.com.mx\/api\/wp\/v2\/posts\/101492","targetHints":{"allow":["GET"]}}],"collection":[{"href":"https:\/\/www.sonoraenequipo.com.mx\/api\/wp\/v2\/posts"}],"about":[{"href":"https:\/\/www.sonoraenequipo.com.mx\/api\/wp\/v2\/types\/post"}],"author":[{"embeddable":true,"href":"https:\/\/www.sonoraenequipo.com.mx\/api\/wp\/v2\/users\/1"}],"replies":[{"embeddable":true,"href":"https:\/\/www.sonoraenequipo.com.mx\/api\/wp\/v2\/comments?post=101492"}],"version-history":[{"count":1,"href":"https:\/\/www.sonoraenequipo.com.mx\/api\/wp\/v2\/posts\/101492\/revisions"}],"predecessor-version":[{"id":101501,"href":"https:\/\/www.sonoraenequipo.com.mx\/api\/wp\/v2\/posts\/101492\/revisions\/101501"}],"wp:featuredmedia":[{"embeddable":true,"href":"https:\/\/www.sonoraenequipo.com.mx\/api\/wp\/v2\/media\/101498"}],"wp:attachment":[{"href":"https:\/\/www.sonoraenequipo.com.mx\/api\/wp\/v2\/media?parent=101492"}],"wp:term":[{"taxonomy":"category","embeddable":true,"href":"https:\/\/www.sonoraenequipo.com.mx\/api\/wp\/v2\/categories?post=101492"},{"taxonomy":"post_tag","embeddable":true,"href":"https:\/\/www.sonoraenequipo.com.mx\/api\/wp\/v2\/tags?post=101492"}],"curies":[{"name":"wp","href":"https:\/\/api.w.org\/{rel}","templated":true}]}}