{"id":101497,"date":"2020-11-28T19:17:18","date_gmt":"2020-11-29T02:17:18","guid":{"rendered":"https:\/\/www.sonoraenequipo.com.mx\/?p=101497"},"modified":"2020-11-28T22:32:40","modified_gmt":"2020-11-29T05:32:40","slug":"ciudad-de-mexico-supera-en-generacion-de-empleo-a-toda-la-region-norte-del-paisoccmundial","status":"publish","type":"post","link":"https:\/\/www.sonoraenequipo.com.mx\/ciudad-de-mexico-supera-en-generacion-de-empleo-a-toda-la-region-norte-del-paisoccmundial\/","title":{"rendered":"Ciudad de M\u00e9xico supera en generaci\u00f3n de empleo a toda la regi\u00f3n norte del pa\u00eds: OCCMundial"},"content":{"rendered":"<p><strong>\u00a0&gt;&gt; OCCMundial da a conocer el detalle del panorama del mercado laboral en los 3 estados de la regi\u00f3n en los que tiene oficinas de ventas: Baja California, Chihuahua y Nuevo Le\u00f3n.<\/strong><\/p>\n<p>MONTERREY, NUEVO LE\u00d3N,MX.\u2500 \u00a0OCCMundial, el Centro de Carrera Profesional en l\u00ednea, inform\u00f3 que la regi\u00f3n Norte, compuesta por compuesta por Baja California, Baja California Sur, Chihuahua, Coahuila, Nuevo Le\u00f3n, Sinaloa, Sonora y Tamaulipas, de acuerdo con la clasificaci\u00f3n del INEGI, gener\u00f3 95,342 vacantes de enero a septiembre de este a\u00f1o, lo que representa una baja del 36%, respecto al mismo periodo del a\u00f1o pasado.<\/p>\n<p>El empleo en la regi\u00f3n representa el 23% del total a nivel nacional, porcentaje que coloca a la regi\u00f3n por debajo de la Ciudad de M\u00e9xico (32%) y por encima de la regi\u00f3n Baj\u00edo (11%), Estado de M\u00e9xico (11%), Jalisco (10%), Puebla (2%) y Veracruz (2%).<\/p>\n<p>Fecha de\u00a0 publicaci\u00f3n 28\/nov\/2020<\/p>\n","protected":false},"excerpt":{"rendered":"<p>\u00a0&gt;&gt; OCCMundial da a conocer el detalle del panorama del mercado laboral en los 3&#8230;<\/p>\n","protected":false},"author":1,"featured_media":65964,"comment_status":"open","ping_status":"open","sticky":false,"template":"","format":"standard","meta":{"_monsterinsights_skip_tracking":false,"_monsterinsights_sitenote_active":false,"_monsterinsights_sitenote_note":"","_monsterinsights_sitenote_category":0,"footnotes":""},"categories":[5],"tags":[2379],"class_list":["post"],"yoast_head":" \n<title>Sonora en Equipo. Ciudad de M\u00e9xico supera en generaci\u00f3n de empleo a toda la regi\u00f3n norte del pa\u00eds: OCCMundial Rep\u00fablica<\/title>\n<meta name=\"description\" content=\"\u00a0&gt;&gt; OCCMundial da a conocer el detalle del panorama del mercado laboral en los 3 estados de la regi\u00f3n en los que tiene oficinas de ventas: Baja En Sonora en Equipo publicamos toda la informaci\u00f3n de Sonora, M\u00e9xico y el Mundo de manera oportuna y busca que la libertad de expresi\u00f3n sea real. Visita nuestro medio informativo publicado desde Hermosillo, Sonora. %\" \/>\n<meta name=\"robots\" content=\"index, follow, max-snippet:-1, max-image-preview:large, max-video-preview:-1\" \/>\n<link rel=\"canonical\" href=\"https:\/\/www.sonoraenequipo.com.mx\/ciudad-de-mexico-supera-en-generacion-de-empleo-a-toda-la-region-norte-del-paisoccmundial\/\" \/>\n<meta property=\"og:locale\" content=\"es_ES\" \/>\n<meta property=\"og:type\" content=\"article\" \/>\n<meta property=\"og:title\" content=\"Sonora en Equipo. Ciudad de M\u00e9xico supera en generaci\u00f3n de empleo a toda la regi\u00f3n norte del pa\u00eds: OCCMundial Rep\u00fablica\" \/>\n<meta property=\"og:description\" content=\"\u00a0&gt;&gt; OCCMundial da a conocer el detalle del panorama del mercado laboral en los 3 estados de la regi\u00f3n en los que tiene oficinas de ventas: Baja En Sonora en Equipo publicamos toda la informaci\u00f3n de Sonora, M\u00e9xico y el Mundo de manera oportuna y busca que la libertad de expresi\u00f3n sea real. Visita nuestro medio informativo publicado desde Hermosillo, Sonora. %\" \/>\n<meta property=\"og:url\" content=\"https:\/\/www.sonoraenequipo.com.mx\/ciudad-de-mexico-supera-en-generacion-de-empleo-a-toda-la-region-norte-del-paisoccmundial\/\" \/>\n<meta property=\"og:site_name\" content=\"Sonora en Equipo.\" \/>\n<meta property=\"article:publisher\" content=\"https:\/\/www.facebook.com\/SonoraEE\/\" \/>\n<meta property=\"article:author\" content=\"https:\/\/www.facebook.com\/SonoraEE\" \/>\n<meta property=\"article:published_time\" content=\"2020-11-29T02:17:18+00:00\" \/>\n<meta property=\"article:modified_time\" content=\"2020-11-29T05:32:40+00:00\" \/>\n<meta property=\"og:image\" content=\"https:\/\/www.sonoraenequipo.com.mx\/storage\/2019\/08\/empleo.jpg\" \/>\n\t<meta property=\"og:image:width\" content=\"500\" \/>\n\t<meta property=\"og:image:height\" content=\"282\" \/>\n\t<meta property=\"og:image:type\" content=\"image\/jpeg\" \/>\n<meta name=\"author\" content=\"enequipo\" \/>\n<meta name=\"twitter:card\" content=\"summary_large_image\" \/>\n<meta name=\"twitter:creator\" content=\"@sonoraenequipo\" \/>\n<meta name=\"twitter:site\" content=\"@sonoraenequipo\" \/>\n<meta name=\"twitter:label1\" content=\"Escrito por\" \/>\n\t<meta name=\"twitter:data1\" content=\"enequipo\" \/>\n\t<meta name=\"twitter:label2\" content=\"Tiempo de lectura\" \/>\n\t<meta name=\"twitter:data2\" content=\"1 minuto\" \/>\n<script type=\"application\/ld+json\" class=\"yoast-schema-graph\">{\"@context\":\"https:\/\/schema.org\",\"@graph\":[{\"@type\":\"Article\",\"@id\":\"https:\/\/www.sonoraenequipo.com.mx\/ciudad-de-mexico-supera-en-generacion-de-empleo-a-toda-la-region-norte-del-paisoccmundial\/#article\",\"isPartOf\":{\"@id\":\"https:\/\/www.sonoraenequipo.com.mx\/ciudad-de-mexico-supera-en-generacion-de-empleo-a-toda-la-region-norte-del-paisoccmundial\/\"},\"author\":{\"name\":\"enequipo\",\"@id\":\"https:\/\/www.sonoraenequipo.com.mx\/#\/schema\/person\/50102df0fb23a8fa9e8effad8fa81386\"},\"headline\":\"Ciudad de M\u00e9xico supera en generaci\u00f3n de empleo a toda la regi\u00f3n norte del pa\u00eds: OCCMundial\",\"datePublished\":\"2020-11-29T02:17:18+00:00\",\"dateModified\":\"2020-11-29T05:32:40+00:00\",\"mainEntityOfPage\":{\"@id\":\"https:\/\/www.sonoraenequipo.com.mx\/ciudad-de-mexico-supera-en-generacion-de-empleo-a-toda-la-region-norte-del-paisoccmundial\/\"},\"wordCount\":174,\"commentCount\":0,\"publisher\":{\"@id\":\"https:\/\/www.sonoraenequipo.com.mx\/#organization\"},\"image\":{\"@id\":\"https:\/\/www.sonoraenequipo.com.mx\/ciudad-de-mexico-supera-en-generacion-de-empleo-a-toda-la-region-norte-del-paisoccmundial\/#primaryimage\"},\"thumbnailUrl\":\"https:\/\/www.sonoraenequipo.com.mx\/storage\/2019\/08\/empleo.jpg\",\"keywords\":[\"econom\u00eda mexicana\"],\"articleSection\":[\"Rep\u00fablica\"],\"inLanguage\":\"es\",\"potentialAction\":[{\"@type\":\"CommentAction\",\"name\":\"Comment\",\"target\":[\"https:\/\/www.sonoraenequipo.com.mx\/ciudad-de-mexico-supera-en-generacion-de-empleo-a-toda-la-region-norte-del-paisoccmundial\/#respond\"]}]},{\"@type\":\"WebPage\",\"@id\":\"https:\/\/www.sonoraenequipo.com.mx\/ciudad-de-mexico-supera-en-generacion-de-empleo-a-toda-la-region-norte-del-paisoccmundial\/\",\"url\":\"https:\/\/www.sonoraenequipo.com.mx\/ciudad-de-mexico-supera-en-generacion-de-empleo-a-toda-la-region-norte-del-paisoccmundial\/\",\"name\":\"Sonora en Equipo. Ciudad de M\u00e9xico supera en generaci\u00f3n de empleo a toda la regi\u00f3n norte del pa\u00eds: OCCMundial Rep\u00fablica\",\"isPartOf\":{\"@id\":\"https:\/\/www.sonoraenequipo.com.mx\/#website\"},\"primaryImageOfPage\":{\"@id\":\"https:\/\/www.sonoraenequipo.com.mx\/ciudad-de-mexico-supera-en-generacion-de-empleo-a-toda-la-region-norte-del-paisoccmundial\/#primaryimage\"},\"image\":{\"@id\":\"https:\/\/www.sonoraenequipo.com.mx\/ciudad-de-mexico-supera-en-generacion-de-empleo-a-toda-la-region-norte-del-paisoccmundial\/#primaryimage\"},\"thumbnailUrl\":\"https:\/\/www.sonoraenequipo.com.mx\/storage\/2019\/08\/empleo.jpg\",\"datePublished\":\"2020-11-29T02:17:18+00:00\",\"dateModified\":\"2020-11-29T05:32:40+00:00\",\"description\":\"\u00a0&gt;&gt; OCCMundial da a conocer el detalle del panorama del mercado laboral en los 3 estados de la regi\u00f3n en los que tiene oficinas de ventas: Baja En Sonora en Equipo publicamos toda la informaci\u00f3n de Sonora, M\u00e9xico y el Mundo de manera oportuna y busca que la libertad de expresi\u00f3n sea real. Visita nuestro medio informativo publicado desde Hermosillo, Sonora. %\",\"breadcrumb\":{\"@id\":\"https:\/\/www.sonoraenequipo.com.mx\/ciudad-de-mexico-supera-en-generacion-de-empleo-a-toda-la-region-norte-del-paisoccmundial\/#breadcrumb\"},\"inLanguage\":\"es\",\"potentialAction\":[{\"@type\":\"ReadAction\",\"target\":[\"https:\/\/www.sonoraenequipo.com.mx\/ciudad-de-mexico-supera-en-generacion-de-empleo-a-toda-la-region-norte-del-paisoccmundial\/\"]}]},{\"@type\":\"ImageObject\",\"inLanguage\":\"es\",\"@id\":\"https:\/\/www.sonoraenequipo.com.mx\/ciudad-de-mexico-supera-en-generacion-de-empleo-a-toda-la-region-norte-del-paisoccmundial\/#primaryimage\",\"url\":\"https:\/\/www.sonoraenequipo.com.mx\/storage\/2019\/08\/empleo.jpg\",\"contentUrl\":\"https:\/\/www.sonoraenequipo.com.mx\/storage\/2019\/08\/empleo.jpg\",\"width\":500,\"height\":282},{\"@type\":\"BreadcrumbList\",\"@id\":\"https:\/\/www.sonoraenequipo.com.mx\/ciudad-de-mexico-supera-en-generacion-de-empleo-a-toda-la-region-norte-del-paisoccmundial\/#breadcrumb\",\"itemListElement\":[{\"@type\":\"ListItem\",\"position\":1,\"name\":\"Portada\",\"item\":\"https:\/\/www.sonoraenequipo.com.mx\/\"},{\"@type\":\"ListItem\",\"position\":2,\"name\":\"Ciudad de M\u00e9xico supera en generaci\u00f3n de empleo a toda la regi\u00f3n norte del pa\u00eds: OCCMundial\"}]},{\"@type\":\"WebSite\",\"@id\":\"https:\/\/www.sonoraenequipo.com.mx\/#website\",\"url\":\"https:\/\/www.sonoraenequipo.com.mx\/\",\"name\":\"Sonora en Equipo.\",\"description\":\"Diario en l\u00ednea con Noticias desde Hermosillo, Sonora\",\"publisher\":{\"@id\":\"https:\/\/www.sonoraenequipo.com.mx\/#organization\"},\"potentialAction\":[{\"@type\":\"SearchAction\",\"target\":{\"@type\":\"EntryPoint\",\"urlTemplate\":\"https:\/\/www.sonoraenequipo.com.mx\/?s={search_term_string}\"},\"query-input\":{\"@type\":\"PropertyValueSpecification\",\"valueRequired\":true,\"valueName\":\"search_term_string\"}}],\"inLanguage\":\"es\"},{\"@type\":\"Organization\",\"@id\":\"https:\/\/www.sonoraenequipo.com.mx\/#organization\",\"name\":\"Sonoraenequipo.com.mx\",\"url\":\"https:\/\/www.sonoraenequipo.com.mx\/\",\"logo\":{\"@type\":\"ImageObject\",\"inLanguage\":\"es\",\"@id\":\"https:\/\/www.sonoraenequipo.com.mx\/#\/schema\/logo\/image\/\",\"url\":\"https:\/\/www.sonoraenequipo.com.mx\/storage\/2019\/01\/sonoraenequipo_opt.png\",\"contentUrl\":\"https:\/\/www.sonoraenequipo.com.mx\/storage\/2019\/01\/sonoraenequipo_opt.png\",\"width\":375,\"height\":125,\"caption\":\"Sonoraenequipo.com.mx\"},\"image\":{\"@id\":\"https:\/\/www.sonoraenequipo.com.mx\/#\/schema\/logo\/image\/\"},\"sameAs\":[\"https:\/\/www.facebook.com\/SonoraEE\/\",\"https:\/\/x.com\/sonoraenequipo\",\"https:\/\/www.youtube.com\/channel\/UC338nW-lPEYmJQs4ZABQ1SQ\"]},{\"@type\":\"Person\",\"@id\":\"https:\/\/www.sonoraenequipo.com.mx\/#\/schema\/person\/50102df0fb23a8fa9e8effad8fa81386\",\"name\":\"enequipo\",\"image\":{\"@type\":\"ImageObject\",\"inLanguage\":\"es\",\"@id\":\"https:\/\/www.sonoraenequipo.com.mx\/#\/schema\/person\/image\/\",\"url\":\"https:\/\/secure.gravatar.com\/avatar\/049821681b589dabc0bc20695993ccebb09f5b5d4d790cd9251b97faac7c652b?s=96&d=blank&r=g\",\"contentUrl\":\"https:\/\/secure.gravatar.com\/avatar\/049821681b589dabc0bc20695993ccebb09f5b5d4d790cd9251b97faac7c652b?s=96&d=blank&r=g\",\"caption\":\"enequipo\"},\"sameAs\":[\"https:\/\/www.facebook.com\/SonoraEE\"]}]}<\/script>\n ","yoast_head_json":{"title":"Sonora en Equipo. Ciudad de M\u00e9xico supera en generaci\u00f3n de empleo a toda la regi\u00f3n norte del pa\u00eds: OCCMundial Rep\u00fablica","description":"\u00a0&gt;&gt; OCCMundial da a conocer el detalle del panorama del mercado laboral en los 3 estados de la regi\u00f3n en los que tiene oficinas de ventas: Baja En Sonora en Equipo publicamos toda la informaci\u00f3n de Sonora, M\u00e9xico y el Mundo de manera oportuna y busca que la libertad de expresi\u00f3n sea real. Visita nuestro medio informativo publicado desde Hermosillo, Sonora. %","robots":{"index":"index","follow":"follow","max-snippet":"max-snippet:-1","max-image-preview":"max-image-preview:large","max-video-preview":"max-video-preview:-1"},"canonical":"https:\/\/www.sonoraenequipo.com.mx\/ciudad-de-mexico-supera-en-generacion-de-empleo-a-toda-la-region-norte-del-paisoccmundial\/","og_locale":"es_ES","og_type":"article","og_title":"Sonora en Equipo. Ciudad de M\u00e9xico supera en generaci\u00f3n de empleo a toda la regi\u00f3n norte del pa\u00eds: OCCMundial Rep\u00fablica","og_description":"\u00a0&gt;&gt; OCCMundial da a conocer el detalle del panorama del mercado laboral en los 3 estados de la regi\u00f3n en los que tiene oficinas de ventas: Baja En Sonora en Equipo publicamos toda la informaci\u00f3n de Sonora, M\u00e9xico y el Mundo de manera oportuna y busca que la libertad de expresi\u00f3n sea real. Visita nuestro medio informativo publicado desde Hermosillo, Sonora. %","og_url":"https:\/\/www.sonoraenequipo.com.mx\/ciudad-de-mexico-supera-en-generacion-de-empleo-a-toda-la-region-norte-del-paisoccmundial\/","og_site_name":"Sonora en Equipo.","article_publisher":"https:\/\/www.facebook.com\/SonoraEE\/","article_author":"https:\/\/www.facebook.com\/SonoraEE","article_published_time":"2020-11-29T02:17:18+00:00","article_modified_time":"2020-11-29T05:32:40+00:00","og_image":[{"width":500,"height":282,"url":"https:\/\/www.sonoraenequipo.com.mx\/storage\/2019\/08\/empleo.jpg","type":"image\/jpeg"}],"author":"enequipo","twitter_card":"summary_large_image","twitter_creator":"@sonoraenequipo","twitter_site":"@sonoraenequipo","twitter_misc":{"Escrito por":"enequipo","Tiempo de lectura":"1 minuto"},"schema":{"@context":"https:\/\/schema.org","@graph":[{"@type":"Article","@id":"https:\/\/www.sonoraenequipo.com.mx\/ciudad-de-mexico-supera-en-generacion-de-empleo-a-toda-la-region-norte-del-paisoccmundial\/#article","isPartOf":{"@id":"https:\/\/www.sonoraenequipo.com.mx\/ciudad-de-mexico-supera-en-generacion-de-empleo-a-toda-la-region-norte-del-paisoccmundial\/"},"author":{"name":"enequipo","@id":"https:\/\/www.sonoraenequipo.com.mx\/#\/schema\/person\/50102df0fb23a8fa9e8effad8fa81386"},"headline":"Ciudad de M\u00e9xico supera en generaci\u00f3n de empleo a toda la regi\u00f3n norte del pa\u00eds: OCCMundial","datePublished":"2020-11-29T02:17:18+00:00","dateModified":"2020-11-29T05:32:40+00:00","mainEntityOfPage":{"@id":"https:\/\/www.sonoraenequipo.com.mx\/ciudad-de-mexico-supera-en-generacion-de-empleo-a-toda-la-region-norte-del-paisoccmundial\/"},"wordCount":174,"commentCount":0,"publisher":{"@id":"https:\/\/www.sonoraenequipo.com.mx\/#organization"},"image":{"@id":"https:\/\/www.sonoraenequipo.com.mx\/ciudad-de-mexico-supera-en-generacion-de-empleo-a-toda-la-region-norte-del-paisoccmundial\/#primaryimage"},"thumbnailUrl":"https:\/\/www.sonoraenequipo.com.mx\/storage\/2019\/08\/empleo.jpg","keywords":["econom\u00eda mexicana"],"articleSection":["Rep\u00fablica"],"inLanguage":"es","potentialAction":[{"@type":"CommentAction","name":"Comment","target":["https:\/\/www.sonoraenequipo.com.mx\/ciudad-de-mexico-supera-en-generacion-de-empleo-a-toda-la-region-norte-del-paisoccmundial\/#respond"]}]},{"@type":"WebPage","@id":"https:\/\/www.sonoraenequipo.com.mx\/ciudad-de-mexico-supera-en-generacion-de-empleo-a-toda-la-region-norte-del-paisoccmundial\/","url":"https:\/\/www.sonoraenequipo.com.mx\/ciudad-de-mexico-supera-en-generacion-de-empleo-a-toda-la-region-norte-del-paisoccmundial\/","name":"Sonora en Equipo. Ciudad de M\u00e9xico supera en generaci\u00f3n de empleo a toda la regi\u00f3n norte del pa\u00eds: OCCMundial Rep\u00fablica","isPartOf":{"@id":"https:\/\/www.sonoraenequipo.com.mx\/#website"},"primaryImageOfPage":{"@id":"https:\/\/www.sonoraenequipo.com.mx\/ciudad-de-mexico-supera-en-generacion-de-empleo-a-toda-la-region-norte-del-paisoccmundial\/#primaryimage"},"image":{"@id":"https:\/\/www.sonoraenequipo.com.mx\/ciudad-de-mexico-supera-en-generacion-de-empleo-a-toda-la-region-norte-del-paisoccmundial\/#primaryimage"},"thumbnailUrl":"https:\/\/www.sonoraenequipo.com.mx\/storage\/2019\/08\/empleo.jpg","datePublished":"2020-11-29T02:17:18+00:00","dateModified":"2020-11-29T05:32:40+00:00","description":"\u00a0&gt;&gt; OCCMundial da a conocer el detalle del panorama del mercado laboral en los 3 estados de la regi\u00f3n en los que tiene oficinas de ventas: Baja En Sonora en Equipo publicamos toda la informaci\u00f3n de Sonora, M\u00e9xico y el Mundo de manera oportuna y busca que la libertad de expresi\u00f3n sea real. Visita nuestro medio informativo publicado desde Hermosillo, Sonora. %","breadcrumb":{"@id":"https:\/\/www.sonoraenequipo.com.mx\/ciudad-de-mexico-supera-en-generacion-de-empleo-a-toda-la-region-norte-del-paisoccmundial\/#breadcrumb"},"inLanguage":"es","potentialAction":[{"@type":"ReadAction","target":["https:\/\/www.sonoraenequipo.com.mx\/ciudad-de-mexico-supera-en-generacion-de-empleo-a-toda-la-region-norte-del-paisoccmundial\/"]}]},{"@type":"ImageObject","inLanguage":"es","@id":"https:\/\/www.sonoraenequipo.com.mx\/ciudad-de-mexico-supera-en-generacion-de-empleo-a-toda-la-region-norte-del-paisoccmundial\/#primaryimage","url":"https:\/\/www.sonoraenequipo.com.mx\/storage\/2019\/08\/empleo.jpg","contentUrl":"https:\/\/www.sonoraenequipo.com.mx\/storage\/2019\/08\/empleo.jpg","width":500,"height":282},{"@type":"BreadcrumbList","@id":"https:\/\/www.sonoraenequipo.com.mx\/ciudad-de-mexico-supera-en-generacion-de-empleo-a-toda-la-region-norte-del-paisoccmundial\/#breadcrumb","itemListElement":[{"@type":"ListItem","position":1,"name":"Portada","item":"https:\/\/www.sonoraenequipo.com.mx\/"},{"@type":"ListItem","position":2,"name":"Ciudad de M\u00e9xico supera en generaci\u00f3n de empleo a toda la regi\u00f3n norte del pa\u00eds: OCCMundial"}]},{"@type":"WebSite","@id":"https:\/\/www.sonoraenequipo.com.mx\/#website","url":"https:\/\/www.sonoraenequipo.com.mx\/","name":"Sonora en Equipo.","description":"Diario en l\u00ednea con Noticias desde Hermosillo, Sonora","publisher":{"@id":"https:\/\/www.sonoraenequipo.com.mx\/#organization"},"potentialAction":[{"@type":"SearchAction","target":{"@type":"EntryPoint","urlTemplate":"https:\/\/www.sonoraenequipo.com.mx\/?s={search_term_string}"},"query-input":{"@type":"PropertyValueSpecification","valueRequired":true,"valueName":"search_term_string"}}],"inLanguage":"es"},{"@type":"Organization","@id":"https:\/\/www.sonoraenequipo.com.mx\/#organization","name":"Sonoraenequipo.com.mx","url":"https:\/\/www.sonoraenequipo.com.mx\/","logo":{"@type":"ImageObject","inLanguage":"es","@id":"https:\/\/www.sonoraenequipo.com.mx\/#\/schema\/logo\/image\/","url":"https:\/\/www.sonoraenequipo.com.mx\/storage\/2019\/01\/sonoraenequipo_opt.png","contentUrl":"https:\/\/www.sonoraenequipo.com.mx\/storage\/2019\/01\/sonoraenequipo_opt.png","width":375,"height":125,"caption":"Sonoraenequipo.com.mx"},"image":{"@id":"https:\/\/www.sonoraenequipo.com.mx\/#\/schema\/logo\/image\/"},"sameAs":["https:\/\/www.facebook.com\/SonoraEE\/","https:\/\/x.com\/sonoraenequipo","https:\/\/www.youtube.com\/channel\/UC338nW-lPEYmJQs4ZABQ1SQ"]},{"@type":"Person","@id":"https:\/\/www.sonoraenequipo.com.mx\/#\/schema\/person\/50102df0fb23a8fa9e8effad8fa81386","name":"enequipo","image":{"@type":"ImageObject","inLanguage":"es","@id":"https:\/\/www.sonoraenequipo.com.mx\/#\/schema\/person\/image\/","url":"https:\/\/secure.gravatar.com\/avatar\/049821681b589dabc0bc20695993ccebb09f5b5d4d790cd9251b97faac7c652b?s=96&d=blank&r=g","contentUrl":"https:\/\/secure.gravatar.com\/avatar\/049821681b589dabc0bc20695993ccebb09f5b5d4d790cd9251b97faac7c652b?s=96&d=blank&r=g","caption":"enequipo"},"sameAs":["https:\/\/www.facebook.com\/SonoraEE"]}]}},"jetpack_featured_media_url":"https:\/\/www.sonoraenequipo.com.mx\/storage\/2019\/08\/empleo.jpg","_links":{"self":[{"href":"https:\/\/www.sonoraenequipo.com.mx\/api\/wp\/v2\/posts\/101497","targetHints":{"allow":["GET"]}}],"collection":[{"href":"https:\/\/www.sonoraenequipo.com.mx\/api\/wp\/v2\/posts"}],"about":[{"href":"https:\/\/www.sonoraenequipo.com.mx\/api\/wp\/v2\/types\/post"}],"author":[{"embeddable":true,"href":"https:\/\/www.sonoraenequipo.com.mx\/api\/wp\/v2\/users\/1"}],"replies":[{"embeddable":true,"href":"https:\/\/www.sonoraenequipo.com.mx\/api\/wp\/v2\/comments?post=101497"}],"version-history":[{"count":2,"href":"https:\/\/www.sonoraenequipo.com.mx\/api\/wp\/v2\/posts\/101497\/revisions"}],"predecessor-version":[{"id":101509,"href":"https:\/\/www.sonoraenequipo.com.mx\/api\/wp\/v2\/posts\/101497\/revisions\/101509"}],"wp:featuredmedia":[{"embeddable":true,"href":"https:\/\/www.sonoraenequipo.com.mx\/api\/wp\/v2\/media\/65964"}],"wp:attachment":[{"href":"https:\/\/www.sonoraenequipo.com.mx\/api\/wp\/v2\/media?parent=101497"}],"wp:term":[{"taxonomy":"category","embeddable":true,"href":"https:\/\/www.sonoraenequipo.com.mx\/api\/wp\/v2\/categories?post=101497"},{"taxonomy":"post_tag","embeddable":true,"href":"https:\/\/www.sonoraenequipo.com.mx\/api\/wp\/v2\/tags?post=101497"}],"curies":[{"name":"wp","href":"https:\/\/api.w.org\/{rel}","templated":true}]}}