{"id":101502,"date":"2020-11-28T06:52:00","date_gmt":"2020-11-28T13:52:00","guid":{"rendered":"https:\/\/www.sonoraenequipo.com.mx\/?p=101502"},"modified":"2020-11-28T18:02:06","modified_gmt":"2020-11-29T01:02:06","slug":"niegan-amparo-de-extradicion-a-rafael-caro-quintero","status":"publish","type":"post","link":"https:\/\/www.sonoraenequipo.com.mx\/niegan-amparo-de-extradicion-a-rafael-caro-quintero\/","title":{"rendered":"Niegan amparo de extradici\u00f3n a Rafael Caro Quintero"},"content":{"rendered":"<p>CIUDAD DE M\u00c9XICO. MX. \u2014 El Primer Tribunal Colegiado en Materia Penal de la Ciudad de M\u00e9xico le neg\u00f3 la posibilidad a Rafael Caro Quintero, uno de los principales l\u00edderes del denominado <em>\u201cC\u00e1rtel de Guadalajara\u201d<\/em> para que la Suprema Corte de Justicia de la Naci\u00f3n atrajera el juicio de amparo que interpuso para evitar su extradici\u00f3n a los Estados Unidos.<\/p>\n<p>&nbsp;<\/p>\n<p> <\/p>\n<p>&nbsp;<\/p>\n<p>El pasado 17 de noviembre, el tribunal colegiado en materia penal determin\u00f3 que los \u00fanicos legitimados para solicitar la atracci\u00f3n de un juicio de amparo, con el fin de determinar si procede o no una solicitud de extradici\u00f3n, son la Suprema Corte de Justicia de la Naci\u00f3n, el Fiscal General de la Rep\u00fablica, el Ejecutivo Federal por conducto del consejero jur\u00eddico o un Tribunal Colegiado de Circuito.<\/p>\n<p>&nbsp;<\/p>\n<p>Sin embargo, como en este caso, la petici\u00f3n fue realizada por el mismo Rafael Caro Quintero, a trav\u00e9s de sus abogados, el Tribunal Colegiado determin\u00f3 que su petici\u00f3n era improcedente.<\/p>\n<p>&nbsp;<\/p>\n<p>&nbsp;<\/p>\n<p>En agosto de 2013, Rafael Caro Quintero sali\u00f3 de prisi\u00f3n.<\/p>\n<p>&nbsp;<\/p>\n<p>&nbsp;<\/p>\n<p>&nbsp;<\/p>\n<p>A los pocos d\u00edas, la entonces Procuradur\u00eda General de la Rep\u00fablica (ahora Fiscal\u00eda FGR) solicit\u00f3 una nueva orden de aprehensi\u00f3n en contra de Caro Quintero, desde entonces, est\u00e1 pr\u00f3fugo de la justicia.<\/p>\n<p>&nbsp;<\/p>\n<p>&nbsp;<\/p>\n<p>(Publicada el 28\/11\/2020<\/p>\n","protected":false},"excerpt":{"rendered":"<p>CIUDAD DE M\u00c9XICO. MX. \u2014 El Primer Tribunal Colegiado en Materia Penal de la Ciudad&#8230;<\/p>\n","protected":false},"author":1,"featured_media":101503,"comment_status":"open","ping_status":"open","sticky":false,"template":"","format":"standard","meta":{"_monsterinsights_skip_tracking":false,"_monsterinsights_sitenote_active":false,"_monsterinsights_sitenote_note":"","_monsterinsights_sitenote_category":0,"footnotes":""},"categories":[5],"tags":[],"class_list":["post"],"yoast_head":" \n<title>Sonora en Equipo. Niegan amparo de extradici\u00f3n a Rafael Caro Quintero Rep\u00fablica<\/title>\n<meta name=\"description\" content=\"CIUDAD DE M\u00c9XICO. MX. \u2014 El Primer Tribunal Colegiado en Materia Penal de la Ciudad de M\u00e9xico le neg\u00f3 la posibilidad a Rafael Caro Quintero, uno de los En Sonora en Equipo publicamos toda la informaci\u00f3n de Sonora, M\u00e9xico y el Mundo de manera oportuna y busca que la libertad de expresi\u00f3n sea real. Visita nuestro medio informativo publicado desde Hermosillo, Sonora. %\" \/>\n<meta name=\"robots\" content=\"index, follow, max-snippet:-1, max-image-preview:large, max-video-preview:-1\" \/>\n<link rel=\"canonical\" href=\"https:\/\/www.sonoraenequipo.com.mx\/niegan-amparo-de-extradicion-a-rafael-caro-quintero\/\" \/>\n<meta property=\"og:locale\" content=\"es_ES\" \/>\n<meta property=\"og:type\" content=\"article\" \/>\n<meta property=\"og:title\" content=\"Sonora en Equipo. Niegan amparo de extradici\u00f3n a Rafael Caro Quintero Rep\u00fablica\" \/>\n<meta property=\"og:description\" content=\"CIUDAD DE M\u00c9XICO. MX. \u2014 El Primer Tribunal Colegiado en Materia Penal de la Ciudad de M\u00e9xico le neg\u00f3 la posibilidad a Rafael Caro Quintero, uno de los En Sonora en Equipo publicamos toda la informaci\u00f3n de Sonora, M\u00e9xico y el Mundo de manera oportuna y busca que la libertad de expresi\u00f3n sea real. Visita nuestro medio informativo publicado desde Hermosillo, Sonora. %\" \/>\n<meta property=\"og:url\" content=\"https:\/\/www.sonoraenequipo.com.mx\/niegan-amparo-de-extradicion-a-rafael-caro-quintero\/\" \/>\n<meta property=\"og:site_name\" content=\"Sonora en Equipo.\" \/>\n<meta property=\"article:publisher\" content=\"https:\/\/www.facebook.com\/SonoraEE\/\" \/>\n<meta property=\"article:author\" content=\"https:\/\/www.facebook.com\/SonoraEE\" \/>\n<meta property=\"article:published_time\" content=\"2020-11-28T13:52:00+00:00\" \/>\n<meta property=\"article:modified_time\" content=\"2020-11-29T01:02:06+00:00\" \/>\n<meta property=\"og:image\" content=\"https:\/\/www.sonoraenequipo.com.mx\/storage\/2020\/11\/caro-quintero_lobuscanladea_opt.jpg\" \/>\n\t<meta property=\"og:image:width\" content=\"482\" \/>\n\t<meta property=\"og:image:height\" content=\"400\" \/>\n\t<meta property=\"og:image:type\" content=\"image\/jpeg\" \/>\n<meta name=\"author\" content=\"enequipo\" \/>\n<meta name=\"twitter:card\" content=\"summary_large_image\" \/>\n<meta name=\"twitter:creator\" content=\"@sonoraenequipo\" \/>\n<meta name=\"twitter:site\" content=\"@sonoraenequipo\" \/>\n<meta name=\"twitter:label1\" content=\"Escrito por\" \/>\n\t<meta name=\"twitter:data1\" content=\"enequipo\" \/>\n\t<meta name=\"twitter:label2\" content=\"Tiempo de lectura\" \/>\n\t<meta name=\"twitter:data2\" content=\"1 minuto\" \/>\n<script type=\"application\/ld+json\" class=\"yoast-schema-graph\">{\"@context\":\"https:\/\/schema.org\",\"@graph\":[{\"@type\":\"Article\",\"@id\":\"https:\/\/www.sonoraenequipo.com.mx\/niegan-amparo-de-extradicion-a-rafael-caro-quintero\/#article\",\"isPartOf\":{\"@id\":\"https:\/\/www.sonoraenequipo.com.mx\/niegan-amparo-de-extradicion-a-rafael-caro-quintero\/\"},\"author\":{\"name\":\"enequipo\",\"@id\":\"https:\/\/www.sonoraenequipo.com.mx\/#\/schema\/person\/50102df0fb23a8fa9e8effad8fa81386\"},\"headline\":\"Niegan amparo de extradici\u00f3n a Rafael Caro Quintero\",\"datePublished\":\"2020-11-28T13:52:00+00:00\",\"dateModified\":\"2020-11-29T01:02:06+00:00\",\"mainEntityOfPage\":{\"@id\":\"https:\/\/www.sonoraenequipo.com.mx\/niegan-amparo-de-extradicion-a-rafael-caro-quintero\/\"},\"wordCount\":238,\"commentCount\":0,\"publisher\":{\"@id\":\"https:\/\/www.sonoraenequipo.com.mx\/#organization\"},\"image\":{\"@id\":\"https:\/\/www.sonoraenequipo.com.mx\/niegan-amparo-de-extradicion-a-rafael-caro-quintero\/#primaryimage\"},\"thumbnailUrl\":\"https:\/\/www.sonoraenequipo.com.mx\/storage\/2020\/11\/caro-quintero_lobuscanladea_opt.jpg\",\"articleSection\":[\"Rep\u00fablica\"],\"inLanguage\":\"es\",\"potentialAction\":[{\"@type\":\"CommentAction\",\"name\":\"Comment\",\"target\":[\"https:\/\/www.sonoraenequipo.com.mx\/niegan-amparo-de-extradicion-a-rafael-caro-quintero\/#respond\"]}]},{\"@type\":\"WebPage\",\"@id\":\"https:\/\/www.sonoraenequipo.com.mx\/niegan-amparo-de-extradicion-a-rafael-caro-quintero\/\",\"url\":\"https:\/\/www.sonoraenequipo.com.mx\/niegan-amparo-de-extradicion-a-rafael-caro-quintero\/\",\"name\":\"Sonora en Equipo. Niegan amparo de extradici\u00f3n a Rafael Caro Quintero Rep\u00fablica\",\"isPartOf\":{\"@id\":\"https:\/\/www.sonoraenequipo.com.mx\/#website\"},\"primaryImageOfPage\":{\"@id\":\"https:\/\/www.sonoraenequipo.com.mx\/niegan-amparo-de-extradicion-a-rafael-caro-quintero\/#primaryimage\"},\"image\":{\"@id\":\"https:\/\/www.sonoraenequipo.com.mx\/niegan-amparo-de-extradicion-a-rafael-caro-quintero\/#primaryimage\"},\"thumbnailUrl\":\"https:\/\/www.sonoraenequipo.com.mx\/storage\/2020\/11\/caro-quintero_lobuscanladea_opt.jpg\",\"datePublished\":\"2020-11-28T13:52:00+00:00\",\"dateModified\":\"2020-11-29T01:02:06+00:00\",\"description\":\"CIUDAD DE M\u00c9XICO. MX. \u2014 El Primer Tribunal Colegiado en Materia Penal de la Ciudad de M\u00e9xico le neg\u00f3 la posibilidad a Rafael Caro Quintero, uno de los En Sonora en Equipo publicamos toda la informaci\u00f3n de Sonora, M\u00e9xico y el Mundo de manera oportuna y busca que la libertad de expresi\u00f3n sea real. Visita nuestro medio informativo publicado desde Hermosillo, Sonora. %\",\"breadcrumb\":{\"@id\":\"https:\/\/www.sonoraenequipo.com.mx\/niegan-amparo-de-extradicion-a-rafael-caro-quintero\/#breadcrumb\"},\"inLanguage\":\"es\",\"potentialAction\":[{\"@type\":\"ReadAction\",\"target\":[\"https:\/\/www.sonoraenequipo.com.mx\/niegan-amparo-de-extradicion-a-rafael-caro-quintero\/\"]}]},{\"@type\":\"ImageObject\",\"inLanguage\":\"es\",\"@id\":\"https:\/\/www.sonoraenequipo.com.mx\/niegan-amparo-de-extradicion-a-rafael-caro-quintero\/#primaryimage\",\"url\":\"https:\/\/www.sonoraenequipo.com.mx\/storage\/2020\/11\/caro-quintero_lobuscanladea_opt.jpg\",\"contentUrl\":\"https:\/\/www.sonoraenequipo.com.mx\/storage\/2020\/11\/caro-quintero_lobuscanladea_opt.jpg\",\"width\":482,\"height\":400},{\"@type\":\"BreadcrumbList\",\"@id\":\"https:\/\/www.sonoraenequipo.com.mx\/niegan-amparo-de-extradicion-a-rafael-caro-quintero\/#breadcrumb\",\"itemListElement\":[{\"@type\":\"ListItem\",\"position\":1,\"name\":\"Portada\",\"item\":\"https:\/\/www.sonoraenequipo.com.mx\/\"},{\"@type\":\"ListItem\",\"position\":2,\"name\":\"Niegan amparo de extradici\u00f3n a Rafael Caro Quintero\"}]},{\"@type\":\"WebSite\",\"@id\":\"https:\/\/www.sonoraenequipo.com.mx\/#website\",\"url\":\"https:\/\/www.sonoraenequipo.com.mx\/\",\"name\":\"Sonora en Equipo.\",\"description\":\"Diario en l\u00ednea con Noticias desde Hermosillo, Sonora\",\"publisher\":{\"@id\":\"https:\/\/www.sonoraenequipo.com.mx\/#organization\"},\"potentialAction\":[{\"@type\":\"SearchAction\",\"target\":{\"@type\":\"EntryPoint\",\"urlTemplate\":\"https:\/\/www.sonoraenequipo.com.mx\/?s={search_term_string}\"},\"query-input\":{\"@type\":\"PropertyValueSpecification\",\"valueRequired\":true,\"valueName\":\"search_term_string\"}}],\"inLanguage\":\"es\"},{\"@type\":\"Organization\",\"@id\":\"https:\/\/www.sonoraenequipo.com.mx\/#organization\",\"name\":\"Sonoraenequipo.com.mx\",\"url\":\"https:\/\/www.sonoraenequipo.com.mx\/\",\"logo\":{\"@type\":\"ImageObject\",\"inLanguage\":\"es\",\"@id\":\"https:\/\/www.sonoraenequipo.com.mx\/#\/schema\/logo\/image\/\",\"url\":\"https:\/\/www.sonoraenequipo.com.mx\/storage\/2019\/01\/sonoraenequipo_opt.png\",\"contentUrl\":\"https:\/\/www.sonoraenequipo.com.mx\/storage\/2019\/01\/sonoraenequipo_opt.png\",\"width\":375,\"height\":125,\"caption\":\"Sonoraenequipo.com.mx\"},\"image\":{\"@id\":\"https:\/\/www.sonoraenequipo.com.mx\/#\/schema\/logo\/image\/\"},\"sameAs\":[\"https:\/\/www.facebook.com\/SonoraEE\/\",\"https:\/\/x.com\/sonoraenequipo\",\"https:\/\/www.youtube.com\/channel\/UC338nW-lPEYmJQs4ZABQ1SQ\"]},{\"@type\":\"Person\",\"@id\":\"https:\/\/www.sonoraenequipo.com.mx\/#\/schema\/person\/50102df0fb23a8fa9e8effad8fa81386\",\"name\":\"enequipo\",\"image\":{\"@type\":\"ImageObject\",\"inLanguage\":\"es\",\"@id\":\"https:\/\/www.sonoraenequipo.com.mx\/#\/schema\/person\/image\/\",\"url\":\"https:\/\/secure.gravatar.com\/avatar\/049821681b589dabc0bc20695993ccebb09f5b5d4d790cd9251b97faac7c652b?s=96&d=blank&r=g\",\"contentUrl\":\"https:\/\/secure.gravatar.com\/avatar\/049821681b589dabc0bc20695993ccebb09f5b5d4d790cd9251b97faac7c652b?s=96&d=blank&r=g\",\"caption\":\"enequipo\"},\"sameAs\":[\"https:\/\/www.facebook.com\/SonoraEE\"]}]}<\/script>\n ","yoast_head_json":{"title":"Sonora en Equipo. Niegan amparo de extradici\u00f3n a Rafael Caro Quintero Rep\u00fablica","description":"CIUDAD DE M\u00c9XICO. MX. \u2014 El Primer Tribunal Colegiado en Materia Penal de la Ciudad de M\u00e9xico le neg\u00f3 la posibilidad a Rafael Caro Quintero, uno de los En Sonora en Equipo publicamos toda la informaci\u00f3n de Sonora, M\u00e9xico y el Mundo de manera oportuna y busca que la libertad de expresi\u00f3n sea real. Visita nuestro medio informativo publicado desde Hermosillo, Sonora. %","robots":{"index":"index","follow":"follow","max-snippet":"max-snippet:-1","max-image-preview":"max-image-preview:large","max-video-preview":"max-video-preview:-1"},"canonical":"https:\/\/www.sonoraenequipo.com.mx\/niegan-amparo-de-extradicion-a-rafael-caro-quintero\/","og_locale":"es_ES","og_type":"article","og_title":"Sonora en Equipo. Niegan amparo de extradici\u00f3n a Rafael Caro Quintero Rep\u00fablica","og_description":"CIUDAD DE M\u00c9XICO. MX. \u2014 El Primer Tribunal Colegiado en Materia Penal de la Ciudad de M\u00e9xico le neg\u00f3 la posibilidad a Rafael Caro Quintero, uno de los En Sonora en Equipo publicamos toda la informaci\u00f3n de Sonora, M\u00e9xico y el Mundo de manera oportuna y busca que la libertad de expresi\u00f3n sea real. Visita nuestro medio informativo publicado desde Hermosillo, Sonora. %","og_url":"https:\/\/www.sonoraenequipo.com.mx\/niegan-amparo-de-extradicion-a-rafael-caro-quintero\/","og_site_name":"Sonora en Equipo.","article_publisher":"https:\/\/www.facebook.com\/SonoraEE\/","article_author":"https:\/\/www.facebook.com\/SonoraEE","article_published_time":"2020-11-28T13:52:00+00:00","article_modified_time":"2020-11-29T01:02:06+00:00","og_image":[{"width":482,"height":400,"url":"https:\/\/www.sonoraenequipo.com.mx\/storage\/2020\/11\/caro-quintero_lobuscanladea_opt.jpg","type":"image\/jpeg"}],"author":"enequipo","twitter_card":"summary_large_image","twitter_creator":"@sonoraenequipo","twitter_site":"@sonoraenequipo","twitter_misc":{"Escrito por":"enequipo","Tiempo de lectura":"1 minuto"},"schema":{"@context":"https:\/\/schema.org","@graph":[{"@type":"Article","@id":"https:\/\/www.sonoraenequipo.com.mx\/niegan-amparo-de-extradicion-a-rafael-caro-quintero\/#article","isPartOf":{"@id":"https:\/\/www.sonoraenequipo.com.mx\/niegan-amparo-de-extradicion-a-rafael-caro-quintero\/"},"author":{"name":"enequipo","@id":"https:\/\/www.sonoraenequipo.com.mx\/#\/schema\/person\/50102df0fb23a8fa9e8effad8fa81386"},"headline":"Niegan amparo de extradici\u00f3n a Rafael Caro Quintero","datePublished":"2020-11-28T13:52:00+00:00","dateModified":"2020-11-29T01:02:06+00:00","mainEntityOfPage":{"@id":"https:\/\/www.sonoraenequipo.com.mx\/niegan-amparo-de-extradicion-a-rafael-caro-quintero\/"},"wordCount":238,"commentCount":0,"publisher":{"@id":"https:\/\/www.sonoraenequipo.com.mx\/#organization"},"image":{"@id":"https:\/\/www.sonoraenequipo.com.mx\/niegan-amparo-de-extradicion-a-rafael-caro-quintero\/#primaryimage"},"thumbnailUrl":"https:\/\/www.sonoraenequipo.com.mx\/storage\/2020\/11\/caro-quintero_lobuscanladea_opt.jpg","articleSection":["Rep\u00fablica"],"inLanguage":"es","potentialAction":[{"@type":"CommentAction","name":"Comment","target":["https:\/\/www.sonoraenequipo.com.mx\/niegan-amparo-de-extradicion-a-rafael-caro-quintero\/#respond"]}]},{"@type":"WebPage","@id":"https:\/\/www.sonoraenequipo.com.mx\/niegan-amparo-de-extradicion-a-rafael-caro-quintero\/","url":"https:\/\/www.sonoraenequipo.com.mx\/niegan-amparo-de-extradicion-a-rafael-caro-quintero\/","name":"Sonora en Equipo. Niegan amparo de extradici\u00f3n a Rafael Caro Quintero Rep\u00fablica","isPartOf":{"@id":"https:\/\/www.sonoraenequipo.com.mx\/#website"},"primaryImageOfPage":{"@id":"https:\/\/www.sonoraenequipo.com.mx\/niegan-amparo-de-extradicion-a-rafael-caro-quintero\/#primaryimage"},"image":{"@id":"https:\/\/www.sonoraenequipo.com.mx\/niegan-amparo-de-extradicion-a-rafael-caro-quintero\/#primaryimage"},"thumbnailUrl":"https:\/\/www.sonoraenequipo.com.mx\/storage\/2020\/11\/caro-quintero_lobuscanladea_opt.jpg","datePublished":"2020-11-28T13:52:00+00:00","dateModified":"2020-11-29T01:02:06+00:00","description":"CIUDAD DE M\u00c9XICO. MX. \u2014 El Primer Tribunal Colegiado en Materia Penal de la Ciudad de M\u00e9xico le neg\u00f3 la posibilidad a Rafael Caro Quintero, uno de los En Sonora en Equipo publicamos toda la informaci\u00f3n de Sonora, M\u00e9xico y el Mundo de manera oportuna y busca que la libertad de expresi\u00f3n sea real. Visita nuestro medio informativo publicado desde Hermosillo, Sonora. %","breadcrumb":{"@id":"https:\/\/www.sonoraenequipo.com.mx\/niegan-amparo-de-extradicion-a-rafael-caro-quintero\/#breadcrumb"},"inLanguage":"es","potentialAction":[{"@type":"ReadAction","target":["https:\/\/www.sonoraenequipo.com.mx\/niegan-amparo-de-extradicion-a-rafael-caro-quintero\/"]}]},{"@type":"ImageObject","inLanguage":"es","@id":"https:\/\/www.sonoraenequipo.com.mx\/niegan-amparo-de-extradicion-a-rafael-caro-quintero\/#primaryimage","url":"https:\/\/www.sonoraenequipo.com.mx\/storage\/2020\/11\/caro-quintero_lobuscanladea_opt.jpg","contentUrl":"https:\/\/www.sonoraenequipo.com.mx\/storage\/2020\/11\/caro-quintero_lobuscanladea_opt.jpg","width":482,"height":400},{"@type":"BreadcrumbList","@id":"https:\/\/www.sonoraenequipo.com.mx\/niegan-amparo-de-extradicion-a-rafael-caro-quintero\/#breadcrumb","itemListElement":[{"@type":"ListItem","position":1,"name":"Portada","item":"https:\/\/www.sonoraenequipo.com.mx\/"},{"@type":"ListItem","position":2,"name":"Niegan amparo de extradici\u00f3n a Rafael Caro Quintero"}]},{"@type":"WebSite","@id":"https:\/\/www.sonoraenequipo.com.mx\/#website","url":"https:\/\/www.sonoraenequipo.com.mx\/","name":"Sonora en Equipo.","description":"Diario en l\u00ednea con Noticias desde Hermosillo, Sonora","publisher":{"@id":"https:\/\/www.sonoraenequipo.com.mx\/#organization"},"potentialAction":[{"@type":"SearchAction","target":{"@type":"EntryPoint","urlTemplate":"https:\/\/www.sonoraenequipo.com.mx\/?s={search_term_string}"},"query-input":{"@type":"PropertyValueSpecification","valueRequired":true,"valueName":"search_term_string"}}],"inLanguage":"es"},{"@type":"Organization","@id":"https:\/\/www.sonoraenequipo.com.mx\/#organization","name":"Sonoraenequipo.com.mx","url":"https:\/\/www.sonoraenequipo.com.mx\/","logo":{"@type":"ImageObject","inLanguage":"es","@id":"https:\/\/www.sonoraenequipo.com.mx\/#\/schema\/logo\/image\/","url":"https:\/\/www.sonoraenequipo.com.mx\/storage\/2019\/01\/sonoraenequipo_opt.png","contentUrl":"https:\/\/www.sonoraenequipo.com.mx\/storage\/2019\/01\/sonoraenequipo_opt.png","width":375,"height":125,"caption":"Sonoraenequipo.com.mx"},"image":{"@id":"https:\/\/www.sonoraenequipo.com.mx\/#\/schema\/logo\/image\/"},"sameAs":["https:\/\/www.facebook.com\/SonoraEE\/","https:\/\/x.com\/sonoraenequipo","https:\/\/www.youtube.com\/channel\/UC338nW-lPEYmJQs4ZABQ1SQ"]},{"@type":"Person","@id":"https:\/\/www.sonoraenequipo.com.mx\/#\/schema\/person\/50102df0fb23a8fa9e8effad8fa81386","name":"enequipo","image":{"@type":"ImageObject","inLanguage":"es","@id":"https:\/\/www.sonoraenequipo.com.mx\/#\/schema\/person\/image\/","url":"https:\/\/secure.gravatar.com\/avatar\/049821681b589dabc0bc20695993ccebb09f5b5d4d790cd9251b97faac7c652b?s=96&d=blank&r=g","contentUrl":"https:\/\/secure.gravatar.com\/avatar\/049821681b589dabc0bc20695993ccebb09f5b5d4d790cd9251b97faac7c652b?s=96&d=blank&r=g","caption":"enequipo"},"sameAs":["https:\/\/www.facebook.com\/SonoraEE"]}]}},"jetpack_featured_media_url":"https:\/\/www.sonoraenequipo.com.mx\/storage\/2020\/11\/caro-quintero_lobuscanladea_opt.jpg","_links":{"self":[{"href":"https:\/\/www.sonoraenequipo.com.mx\/api\/wp\/v2\/posts\/101502","targetHints":{"allow":["GET"]}}],"collection":[{"href":"https:\/\/www.sonoraenequipo.com.mx\/api\/wp\/v2\/posts"}],"about":[{"href":"https:\/\/www.sonoraenequipo.com.mx\/api\/wp\/v2\/types\/post"}],"author":[{"embeddable":true,"href":"https:\/\/www.sonoraenequipo.com.mx\/api\/wp\/v2\/users\/1"}],"replies":[{"embeddable":true,"href":"https:\/\/www.sonoraenequipo.com.mx\/api\/wp\/v2\/comments?post=101502"}],"version-history":[{"count":1,"href":"https:\/\/www.sonoraenequipo.com.mx\/api\/wp\/v2\/posts\/101502\/revisions"}],"predecessor-version":[{"id":101504,"href":"https:\/\/www.sonoraenequipo.com.mx\/api\/wp\/v2\/posts\/101502\/revisions\/101504"}],"wp:featuredmedia":[{"embeddable":true,"href":"https:\/\/www.sonoraenequipo.com.mx\/api\/wp\/v2\/media\/101503"}],"wp:attachment":[{"href":"https:\/\/www.sonoraenequipo.com.mx\/api\/wp\/v2\/media?parent=101502"}],"wp:term":[{"taxonomy":"category","embeddable":true,"href":"https:\/\/www.sonoraenequipo.com.mx\/api\/wp\/v2\/categories?post=101502"},{"taxonomy":"post_tag","embeddable":true,"href":"https:\/\/www.sonoraenequipo.com.mx\/api\/wp\/v2\/tags?post=101502"}],"curies":[{"name":"wp","href":"https:\/\/api.w.org\/{rel}","templated":true}]}}