{"id":101510,"date":"2020-11-28T20:46:11","date_gmt":"2020-11-29T03:46:11","guid":{"rendered":"https:\/\/www.sonoraenequipo.com.mx\/?p=101510"},"modified":"2020-11-28T22:33:41","modified_gmt":"2020-11-29T05:33:41","slug":"invitan-al-fit-campvirtual-2020-en-estero-el-soldado","status":"publish","type":"post","link":"https:\/\/www.sonoraenequipo.com.mx\/invitan-al-fit-campvirtual-2020-en-estero-el-soldado\/","title":{"rendered":"Invitan al FIT CAMPvirtual 2020 en Estero El Soldado."},"content":{"rendered":"<p>GUAYMAS, SONORA,MX.\u2500\u2500Buscando fomentar las acciones que permitan la adaptaci\u00f3n y mitigaci\u00f3n del cambio clim\u00e1tico, as\u00ed como la reducci\u00f3n de la huella de carbono en la entidad, la Comisi\u00f3n de Ecolog\u00eda y Desarrollo Sustentable del Estado de Sonora (Cedes), en coordinaci\u00f3n con la empresa Arca-Continental\/Coca Cola, ARCA y The Arizona Game and Fish Department, convocan a participar en la segunda edici\u00f3n del evento deportivo y cultural denominado FIT CAMP 2020.<\/p>\n<p>&nbsp;<\/p>\n<p>Bajo el lema \u201cCreando h\u00e1bitos saludables, conservando la naturaleza\u201d el FIT CAMP 2020, tiene como meta la adopci\u00f3n, por parte de la sociedad, de 3 mil 500 plantas de mangle, tres especies nativas que se distribuyen en el litoral de Sonora y que llegan hasta el Estero El Soldado.<\/p>\n<p>&nbsp;<\/p>\n<p>Autoridades de CEDES y patrocinadores del evento, realizado con todos los protocolos sanitarios, anunciaron el FIT CAMP 2020, que se llevar\u00e1 a cabo de manera virtual del 30 de noviembre al 13 de diciembre de 2020, a trav\u00e9s de la plataforma www.trizon.mx, sitio donde se pueden registrar y conocer los detalles del programa oficial, que contar\u00e1 con la participaci\u00f3n de figuras destacadas, como la blogger Eugenia Rodr\u00edguez, el coach \u00abZack Fit\u00bb, as\u00ed como con instructores reconocidos y ponentes profesionales.<\/p>\n<p>&nbsp;<\/p>\n<p>El director de Conservaci\u00f3n de Cedes, Leonardo Corrales Vargas, destac\u00f3 que esta actividad busca involucrar a la sociedad en la conservaci\u00f3n de estas especies como ruta segura para garantizar la preservaci\u00f3n del ecosistema en esta regi\u00f3n.<\/p>\n<p>&nbsp;<\/p>\n<p>\u00abLo que queremos es que se adopte (a los ejemplares de estas especies que habitan en el lugar), ad\u00f3ptalo, cu\u00eddalo, que sea tuyo ese mangle, puedes venir a checar c\u00f3mo est\u00e1, porque es un \u00e1rbol que t\u00fa est\u00e1s plantando con tu aportaci\u00f3n\u00bb, mencion\u00f3.<\/p>\n<p>&nbsp;<\/p>\n<p>Adem\u00e1s de la oportunidad de ser parte de la reforestaci\u00f3n del Estero, Corrales Vargas resalt\u00f3 que cada persona que plante un mangle tendr\u00e1 derecho a una entrada al lugar para disfrutar de las diversas actividades de ecoturismo que ah\u00ed se ofrecen.<\/p>\n<p>&nbsp;<\/p>\n<p>Como representante de Arca Continental Coca Cola, C\u00e9sar Goicochea, subray\u00f3 que por segundo a\u00f1o consecutivo se est\u00e1n sumando a actividades en pro del medio ambiente y asegur\u00f3 que este tipo de acciones y din\u00e1micas seguir\u00e1n contando con apoyo de la firma, ya que permiten crear conciencia social y dejar un impacto positivo en el entorno.<\/p>\n<p>&nbsp;<\/p>\n<p>Expuso que quienes se inscriban y colaboren con esta acci\u00f3n en el cuidado del medio ambiente, tendr\u00e1n 14 d\u00edas de entrenamiento con \u201ccoaches\u201d especializados en diversos temas relacionados con el cuidado del medioambiente y con esta regi\u00f3n protegida.<\/p>\n<p>&nbsp;<\/p>\n<p>Como parte del evento se hizo una plantaci\u00f3n simb\u00f3lica de mangle en el Estero el Soldado.<\/p>\n<p>&nbsp;<\/p>\n<p>En el anuncio de este programa participaron, adem\u00e1s, por parte del equipo de entrenadores, Katy Mu\u00f1oz, entrenadora de box y por parte de Cedes, MC Ra\u00fal Molina, Director de Planeaci\u00f3n y Claudia Miranda, directora del \u00c1rea Natural Protegida Estero El Soldado.<\/p>\n<p>Fecha de\u00a0 publicaci\u00f3n 28\/nov\/2020<\/p>\n<p>&nbsp;<\/p>\n","protected":false},"excerpt":{"rendered":"<p>GUAYMAS, SONORA,MX.\u2500\u2500Buscando fomentar las acciones que permitan la adaptaci\u00f3n y mitigaci\u00f3n del cambio clim\u00e1tico, as\u00ed&#8230;<\/p>\n","protected":false},"author":1,"featured_media":101511,"comment_status":"open","ping_status":"open","sticky":false,"template":"","format":"standard","meta":{"_monsterinsights_skip_tracking":false,"_monsterinsights_sitenote_active":false,"_monsterinsights_sitenote_note":"","_monsterinsights_sitenote_category":0,"footnotes":""},"categories":[22],"tags":[1625],"class_list":["post"],"yoast_head":" \n<title>Sonora en Equipo. Invitan al FIT CAMPvirtual 2020 en Estero El Soldado. Sonora<\/title>\n<meta name=\"description\" content=\"GUAYMAS, SONORA,MX.\u2500\u2500Buscando fomentar las acciones que permitan la adaptaci\u00f3n y mitigaci\u00f3n del cambio clim\u00e1tico, as\u00ed como la reducci\u00f3n de la huella de En Sonora en Equipo publicamos toda la informaci\u00f3n de Sonora, M\u00e9xico y el Mundo de manera oportuna y busca que la libertad de expresi\u00f3n sea real. Visita nuestro medio informativo publicado desde Hermosillo, Sonora. %\" \/>\n<meta name=\"robots\" content=\"index, follow, max-snippet:-1, max-image-preview:large, max-video-preview:-1\" \/>\n<link rel=\"canonical\" href=\"https:\/\/www.sonoraenequipo.com.mx\/invitan-al-fit-campvirtual-2020-en-estero-el-soldado\/\" \/>\n<meta property=\"og:locale\" content=\"es_ES\" \/>\n<meta property=\"og:type\" content=\"article\" \/>\n<meta property=\"og:title\" content=\"Sonora en Equipo. Invitan al FIT CAMPvirtual 2020 en Estero El Soldado. Sonora\" \/>\n<meta property=\"og:description\" content=\"GUAYMAS, SONORA,MX.\u2500\u2500Buscando fomentar las acciones que permitan la adaptaci\u00f3n y mitigaci\u00f3n del cambio clim\u00e1tico, as\u00ed como la reducci\u00f3n de la huella de En Sonora en Equipo publicamos toda la informaci\u00f3n de Sonora, M\u00e9xico y el Mundo de manera oportuna y busca que la libertad de expresi\u00f3n sea real. Visita nuestro medio informativo publicado desde Hermosillo, Sonora. %\" \/>\n<meta property=\"og:url\" content=\"https:\/\/www.sonoraenequipo.com.mx\/invitan-al-fit-campvirtual-2020-en-estero-el-soldado\/\" \/>\n<meta property=\"og:site_name\" content=\"Sonora en Equipo.\" \/>\n<meta property=\"article:publisher\" content=\"https:\/\/www.facebook.com\/SonoraEE\/\" \/>\n<meta property=\"article:author\" content=\"https:\/\/www.facebook.com\/SonoraEE\" \/>\n<meta property=\"article:published_time\" content=\"2020-11-29T03:46:11+00:00\" \/>\n<meta property=\"article:modified_time\" content=\"2020-11-29T05:33:41+00:00\" \/>\n<meta property=\"og:image\" content=\"https:\/\/www.sonoraenequipo.com.mx\/storage\/2020\/11\/fit-camp.jpg\" \/>\n\t<meta property=\"og:image:width\" content=\"600\" \/>\n\t<meta property=\"og:image:height\" content=\"400\" \/>\n\t<meta property=\"og:image:type\" content=\"image\/jpeg\" \/>\n<meta name=\"author\" content=\"enequipo\" \/>\n<meta name=\"twitter:card\" content=\"summary_large_image\" \/>\n<meta name=\"twitter:creator\" content=\"@sonoraenequipo\" \/>\n<meta name=\"twitter:site\" content=\"@sonoraenequipo\" \/>\n<meta name=\"twitter:label1\" content=\"Escrito por\" \/>\n\t<meta name=\"twitter:data1\" content=\"enequipo\" \/>\n\t<meta name=\"twitter:label2\" content=\"Tiempo de lectura\" \/>\n\t<meta name=\"twitter:data2\" content=\"3 minutos\" \/>\n<script type=\"application\/ld+json\" class=\"yoast-schema-graph\">{\"@context\":\"https:\/\/schema.org\",\"@graph\":[{\"@type\":\"Article\",\"@id\":\"https:\/\/www.sonoraenequipo.com.mx\/invitan-al-fit-campvirtual-2020-en-estero-el-soldado\/#article\",\"isPartOf\":{\"@id\":\"https:\/\/www.sonoraenequipo.com.mx\/invitan-al-fit-campvirtual-2020-en-estero-el-soldado\/\"},\"author\":{\"name\":\"enequipo\",\"@id\":\"https:\/\/www.sonoraenequipo.com.mx\/#\/schema\/person\/50102df0fb23a8fa9e8effad8fa81386\"},\"headline\":\"Invitan al FIT CAMPvirtual 2020 en Estero El Soldado.\",\"datePublished\":\"2020-11-29T03:46:11+00:00\",\"dateModified\":\"2020-11-29T05:33:41+00:00\",\"mainEntityOfPage\":{\"@id\":\"https:\/\/www.sonoraenequipo.com.mx\/invitan-al-fit-campvirtual-2020-en-estero-el-soldado\/\"},\"wordCount\":525,\"commentCount\":0,\"publisher\":{\"@id\":\"https:\/\/www.sonoraenequipo.com.mx\/#organization\"},\"image\":{\"@id\":\"https:\/\/www.sonoraenequipo.com.mx\/invitan-al-fit-campvirtual-2020-en-estero-el-soldado\/#primaryimage\"},\"thumbnailUrl\":\"https:\/\/www.sonoraenequipo.com.mx\/storage\/2020\/11\/fit-camp.jpg\",\"keywords\":[\"Ecolog\u00eda M\u00e9xico\"],\"articleSection\":[\"Sonora\"],\"inLanguage\":\"es\",\"potentialAction\":[{\"@type\":\"CommentAction\",\"name\":\"Comment\",\"target\":[\"https:\/\/www.sonoraenequipo.com.mx\/invitan-al-fit-campvirtual-2020-en-estero-el-soldado\/#respond\"]}]},{\"@type\":\"WebPage\",\"@id\":\"https:\/\/www.sonoraenequipo.com.mx\/invitan-al-fit-campvirtual-2020-en-estero-el-soldado\/\",\"url\":\"https:\/\/www.sonoraenequipo.com.mx\/invitan-al-fit-campvirtual-2020-en-estero-el-soldado\/\",\"name\":\"Sonora en Equipo. Invitan al FIT CAMPvirtual 2020 en Estero El Soldado. Sonora\",\"isPartOf\":{\"@id\":\"https:\/\/www.sonoraenequipo.com.mx\/#website\"},\"primaryImageOfPage\":{\"@id\":\"https:\/\/www.sonoraenequipo.com.mx\/invitan-al-fit-campvirtual-2020-en-estero-el-soldado\/#primaryimage\"},\"image\":{\"@id\":\"https:\/\/www.sonoraenequipo.com.mx\/invitan-al-fit-campvirtual-2020-en-estero-el-soldado\/#primaryimage\"},\"thumbnailUrl\":\"https:\/\/www.sonoraenequipo.com.mx\/storage\/2020\/11\/fit-camp.jpg\",\"datePublished\":\"2020-11-29T03:46:11+00:00\",\"dateModified\":\"2020-11-29T05:33:41+00:00\",\"description\":\"GUAYMAS, SONORA,MX.\u2500\u2500Buscando fomentar las acciones que permitan la adaptaci\u00f3n y mitigaci\u00f3n del cambio clim\u00e1tico, as\u00ed como la reducci\u00f3n de la huella de En Sonora en Equipo publicamos toda la informaci\u00f3n de Sonora, M\u00e9xico y el Mundo de manera oportuna y busca que la libertad de expresi\u00f3n sea real. Visita nuestro medio informativo publicado desde Hermosillo, Sonora. %\",\"breadcrumb\":{\"@id\":\"https:\/\/www.sonoraenequipo.com.mx\/invitan-al-fit-campvirtual-2020-en-estero-el-soldado\/#breadcrumb\"},\"inLanguage\":\"es\",\"potentialAction\":[{\"@type\":\"ReadAction\",\"target\":[\"https:\/\/www.sonoraenequipo.com.mx\/invitan-al-fit-campvirtual-2020-en-estero-el-soldado\/\"]}]},{\"@type\":\"ImageObject\",\"inLanguage\":\"es\",\"@id\":\"https:\/\/www.sonoraenequipo.com.mx\/invitan-al-fit-campvirtual-2020-en-estero-el-soldado\/#primaryimage\",\"url\":\"https:\/\/www.sonoraenequipo.com.mx\/storage\/2020\/11\/fit-camp.jpg\",\"contentUrl\":\"https:\/\/www.sonoraenequipo.com.mx\/storage\/2020\/11\/fit-camp.jpg\",\"width\":600,\"height\":400},{\"@type\":\"BreadcrumbList\",\"@id\":\"https:\/\/www.sonoraenequipo.com.mx\/invitan-al-fit-campvirtual-2020-en-estero-el-soldado\/#breadcrumb\",\"itemListElement\":[{\"@type\":\"ListItem\",\"position\":1,\"name\":\"Portada\",\"item\":\"https:\/\/www.sonoraenequipo.com.mx\/\"},{\"@type\":\"ListItem\",\"position\":2,\"name\":\"Invitan al FIT CAMPvirtual 2020 en Estero El Soldado.\"}]},{\"@type\":\"WebSite\",\"@id\":\"https:\/\/www.sonoraenequipo.com.mx\/#website\",\"url\":\"https:\/\/www.sonoraenequipo.com.mx\/\",\"name\":\"Sonora en Equipo.\",\"description\":\"Diario en l\u00ednea con Noticias desde Hermosillo, Sonora\",\"publisher\":{\"@id\":\"https:\/\/www.sonoraenequipo.com.mx\/#organization\"},\"potentialAction\":[{\"@type\":\"SearchAction\",\"target\":{\"@type\":\"EntryPoint\",\"urlTemplate\":\"https:\/\/www.sonoraenequipo.com.mx\/?s={search_term_string}\"},\"query-input\":{\"@type\":\"PropertyValueSpecification\",\"valueRequired\":true,\"valueName\":\"search_term_string\"}}],\"inLanguage\":\"es\"},{\"@type\":\"Organization\",\"@id\":\"https:\/\/www.sonoraenequipo.com.mx\/#organization\",\"name\":\"Sonoraenequipo.com.mx\",\"url\":\"https:\/\/www.sonoraenequipo.com.mx\/\",\"logo\":{\"@type\":\"ImageObject\",\"inLanguage\":\"es\",\"@id\":\"https:\/\/www.sonoraenequipo.com.mx\/#\/schema\/logo\/image\/\",\"url\":\"https:\/\/www.sonoraenequipo.com.mx\/storage\/2019\/01\/sonoraenequipo_opt.png\",\"contentUrl\":\"https:\/\/www.sonoraenequipo.com.mx\/storage\/2019\/01\/sonoraenequipo_opt.png\",\"width\":375,\"height\":125,\"caption\":\"Sonoraenequipo.com.mx\"},\"image\":{\"@id\":\"https:\/\/www.sonoraenequipo.com.mx\/#\/schema\/logo\/image\/\"},\"sameAs\":[\"https:\/\/www.facebook.com\/SonoraEE\/\",\"https:\/\/x.com\/sonoraenequipo\",\"https:\/\/www.youtube.com\/channel\/UC338nW-lPEYmJQs4ZABQ1SQ\"]},{\"@type\":\"Person\",\"@id\":\"https:\/\/www.sonoraenequipo.com.mx\/#\/schema\/person\/50102df0fb23a8fa9e8effad8fa81386\",\"name\":\"enequipo\",\"image\":{\"@type\":\"ImageObject\",\"inLanguage\":\"es\",\"@id\":\"https:\/\/www.sonoraenequipo.com.mx\/#\/schema\/person\/image\/\",\"url\":\"https:\/\/secure.gravatar.com\/avatar\/049821681b589dabc0bc20695993ccebb09f5b5d4d790cd9251b97faac7c652b?s=96&d=blank&r=g\",\"contentUrl\":\"https:\/\/secure.gravatar.com\/avatar\/049821681b589dabc0bc20695993ccebb09f5b5d4d790cd9251b97faac7c652b?s=96&d=blank&r=g\",\"caption\":\"enequipo\"},\"sameAs\":[\"https:\/\/www.facebook.com\/SonoraEE\"]}]}<\/script>\n ","yoast_head_json":{"title":"Sonora en Equipo. Invitan al FIT CAMPvirtual 2020 en Estero El Soldado. Sonora","description":"GUAYMAS, SONORA,MX.\u2500\u2500Buscando fomentar las acciones que permitan la adaptaci\u00f3n y mitigaci\u00f3n del cambio clim\u00e1tico, as\u00ed como la reducci\u00f3n de la huella de En Sonora en Equipo publicamos toda la informaci\u00f3n de Sonora, M\u00e9xico y el Mundo de manera oportuna y busca que la libertad de expresi\u00f3n sea real. Visita nuestro medio informativo publicado desde Hermosillo, Sonora. %","robots":{"index":"index","follow":"follow","max-snippet":"max-snippet:-1","max-image-preview":"max-image-preview:large","max-video-preview":"max-video-preview:-1"},"canonical":"https:\/\/www.sonoraenequipo.com.mx\/invitan-al-fit-campvirtual-2020-en-estero-el-soldado\/","og_locale":"es_ES","og_type":"article","og_title":"Sonora en Equipo. Invitan al FIT CAMPvirtual 2020 en Estero El Soldado. Sonora","og_description":"GUAYMAS, SONORA,MX.\u2500\u2500Buscando fomentar las acciones que permitan la adaptaci\u00f3n y mitigaci\u00f3n del cambio clim\u00e1tico, as\u00ed como la reducci\u00f3n de la huella de En Sonora en Equipo publicamos toda la informaci\u00f3n de Sonora, M\u00e9xico y el Mundo de manera oportuna y busca que la libertad de expresi\u00f3n sea real. Visita nuestro medio informativo publicado desde Hermosillo, Sonora. %","og_url":"https:\/\/www.sonoraenequipo.com.mx\/invitan-al-fit-campvirtual-2020-en-estero-el-soldado\/","og_site_name":"Sonora en Equipo.","article_publisher":"https:\/\/www.facebook.com\/SonoraEE\/","article_author":"https:\/\/www.facebook.com\/SonoraEE","article_published_time":"2020-11-29T03:46:11+00:00","article_modified_time":"2020-11-29T05:33:41+00:00","og_image":[{"width":600,"height":400,"url":"https:\/\/www.sonoraenequipo.com.mx\/storage\/2020\/11\/fit-camp.jpg","type":"image\/jpeg"}],"author":"enequipo","twitter_card":"summary_large_image","twitter_creator":"@sonoraenequipo","twitter_site":"@sonoraenequipo","twitter_misc":{"Escrito por":"enequipo","Tiempo de lectura":"3 minutos"},"schema":{"@context":"https:\/\/schema.org","@graph":[{"@type":"Article","@id":"https:\/\/www.sonoraenequipo.com.mx\/invitan-al-fit-campvirtual-2020-en-estero-el-soldado\/#article","isPartOf":{"@id":"https:\/\/www.sonoraenequipo.com.mx\/invitan-al-fit-campvirtual-2020-en-estero-el-soldado\/"},"author":{"name":"enequipo","@id":"https:\/\/www.sonoraenequipo.com.mx\/#\/schema\/person\/50102df0fb23a8fa9e8effad8fa81386"},"headline":"Invitan al FIT CAMPvirtual 2020 en Estero El Soldado.","datePublished":"2020-11-29T03:46:11+00:00","dateModified":"2020-11-29T05:33:41+00:00","mainEntityOfPage":{"@id":"https:\/\/www.sonoraenequipo.com.mx\/invitan-al-fit-campvirtual-2020-en-estero-el-soldado\/"},"wordCount":525,"commentCount":0,"publisher":{"@id":"https:\/\/www.sonoraenequipo.com.mx\/#organization"},"image":{"@id":"https:\/\/www.sonoraenequipo.com.mx\/invitan-al-fit-campvirtual-2020-en-estero-el-soldado\/#primaryimage"},"thumbnailUrl":"https:\/\/www.sonoraenequipo.com.mx\/storage\/2020\/11\/fit-camp.jpg","keywords":["Ecolog\u00eda M\u00e9xico"],"articleSection":["Sonora"],"inLanguage":"es","potentialAction":[{"@type":"CommentAction","name":"Comment","target":["https:\/\/www.sonoraenequipo.com.mx\/invitan-al-fit-campvirtual-2020-en-estero-el-soldado\/#respond"]}]},{"@type":"WebPage","@id":"https:\/\/www.sonoraenequipo.com.mx\/invitan-al-fit-campvirtual-2020-en-estero-el-soldado\/","url":"https:\/\/www.sonoraenequipo.com.mx\/invitan-al-fit-campvirtual-2020-en-estero-el-soldado\/","name":"Sonora en Equipo. Invitan al FIT CAMPvirtual 2020 en Estero El Soldado. Sonora","isPartOf":{"@id":"https:\/\/www.sonoraenequipo.com.mx\/#website"},"primaryImageOfPage":{"@id":"https:\/\/www.sonoraenequipo.com.mx\/invitan-al-fit-campvirtual-2020-en-estero-el-soldado\/#primaryimage"},"image":{"@id":"https:\/\/www.sonoraenequipo.com.mx\/invitan-al-fit-campvirtual-2020-en-estero-el-soldado\/#primaryimage"},"thumbnailUrl":"https:\/\/www.sonoraenequipo.com.mx\/storage\/2020\/11\/fit-camp.jpg","datePublished":"2020-11-29T03:46:11+00:00","dateModified":"2020-11-29T05:33:41+00:00","description":"GUAYMAS, SONORA,MX.\u2500\u2500Buscando fomentar las acciones que permitan la adaptaci\u00f3n y mitigaci\u00f3n del cambio clim\u00e1tico, as\u00ed como la reducci\u00f3n de la huella de En Sonora en Equipo publicamos toda la informaci\u00f3n de Sonora, M\u00e9xico y el Mundo de manera oportuna y busca que la libertad de expresi\u00f3n sea real. Visita nuestro medio informativo publicado desde Hermosillo, Sonora. %","breadcrumb":{"@id":"https:\/\/www.sonoraenequipo.com.mx\/invitan-al-fit-campvirtual-2020-en-estero-el-soldado\/#breadcrumb"},"inLanguage":"es","potentialAction":[{"@type":"ReadAction","target":["https:\/\/www.sonoraenequipo.com.mx\/invitan-al-fit-campvirtual-2020-en-estero-el-soldado\/"]}]},{"@type":"ImageObject","inLanguage":"es","@id":"https:\/\/www.sonoraenequipo.com.mx\/invitan-al-fit-campvirtual-2020-en-estero-el-soldado\/#primaryimage","url":"https:\/\/www.sonoraenequipo.com.mx\/storage\/2020\/11\/fit-camp.jpg","contentUrl":"https:\/\/www.sonoraenequipo.com.mx\/storage\/2020\/11\/fit-camp.jpg","width":600,"height":400},{"@type":"BreadcrumbList","@id":"https:\/\/www.sonoraenequipo.com.mx\/invitan-al-fit-campvirtual-2020-en-estero-el-soldado\/#breadcrumb","itemListElement":[{"@type":"ListItem","position":1,"name":"Portada","item":"https:\/\/www.sonoraenequipo.com.mx\/"},{"@type":"ListItem","position":2,"name":"Invitan al FIT CAMPvirtual 2020 en Estero El Soldado."}]},{"@type":"WebSite","@id":"https:\/\/www.sonoraenequipo.com.mx\/#website","url":"https:\/\/www.sonoraenequipo.com.mx\/","name":"Sonora en Equipo.","description":"Diario en l\u00ednea con Noticias desde Hermosillo, Sonora","publisher":{"@id":"https:\/\/www.sonoraenequipo.com.mx\/#organization"},"potentialAction":[{"@type":"SearchAction","target":{"@type":"EntryPoint","urlTemplate":"https:\/\/www.sonoraenequipo.com.mx\/?s={search_term_string}"},"query-input":{"@type":"PropertyValueSpecification","valueRequired":true,"valueName":"search_term_string"}}],"inLanguage":"es"},{"@type":"Organization","@id":"https:\/\/www.sonoraenequipo.com.mx\/#organization","name":"Sonoraenequipo.com.mx","url":"https:\/\/www.sonoraenequipo.com.mx\/","logo":{"@type":"ImageObject","inLanguage":"es","@id":"https:\/\/www.sonoraenequipo.com.mx\/#\/schema\/logo\/image\/","url":"https:\/\/www.sonoraenequipo.com.mx\/storage\/2019\/01\/sonoraenequipo_opt.png","contentUrl":"https:\/\/www.sonoraenequipo.com.mx\/storage\/2019\/01\/sonoraenequipo_opt.png","width":375,"height":125,"caption":"Sonoraenequipo.com.mx"},"image":{"@id":"https:\/\/www.sonoraenequipo.com.mx\/#\/schema\/logo\/image\/"},"sameAs":["https:\/\/www.facebook.com\/SonoraEE\/","https:\/\/x.com\/sonoraenequipo","https:\/\/www.youtube.com\/channel\/UC338nW-lPEYmJQs4ZABQ1SQ"]},{"@type":"Person","@id":"https:\/\/www.sonoraenequipo.com.mx\/#\/schema\/person\/50102df0fb23a8fa9e8effad8fa81386","name":"enequipo","image":{"@type":"ImageObject","inLanguage":"es","@id":"https:\/\/www.sonoraenequipo.com.mx\/#\/schema\/person\/image\/","url":"https:\/\/secure.gravatar.com\/avatar\/049821681b589dabc0bc20695993ccebb09f5b5d4d790cd9251b97faac7c652b?s=96&d=blank&r=g","contentUrl":"https:\/\/secure.gravatar.com\/avatar\/049821681b589dabc0bc20695993ccebb09f5b5d4d790cd9251b97faac7c652b?s=96&d=blank&r=g","caption":"enequipo"},"sameAs":["https:\/\/www.facebook.com\/SonoraEE"]}]}},"jetpack_featured_media_url":"https:\/\/www.sonoraenequipo.com.mx\/storage\/2020\/11\/fit-camp.jpg","_links":{"self":[{"href":"https:\/\/www.sonoraenequipo.com.mx\/api\/wp\/v2\/posts\/101510","targetHints":{"allow":["GET"]}}],"collection":[{"href":"https:\/\/www.sonoraenequipo.com.mx\/api\/wp\/v2\/posts"}],"about":[{"href":"https:\/\/www.sonoraenequipo.com.mx\/api\/wp\/v2\/types\/post"}],"author":[{"embeddable":true,"href":"https:\/\/www.sonoraenequipo.com.mx\/api\/wp\/v2\/users\/1"}],"replies":[{"embeddable":true,"href":"https:\/\/www.sonoraenequipo.com.mx\/api\/wp\/v2\/comments?post=101510"}],"version-history":[{"count":1,"href":"https:\/\/www.sonoraenequipo.com.mx\/api\/wp\/v2\/posts\/101510\/revisions"}],"predecessor-version":[{"id":101512,"href":"https:\/\/www.sonoraenequipo.com.mx\/api\/wp\/v2\/posts\/101510\/revisions\/101512"}],"wp:featuredmedia":[{"embeddable":true,"href":"https:\/\/www.sonoraenequipo.com.mx\/api\/wp\/v2\/media\/101511"}],"wp:attachment":[{"href":"https:\/\/www.sonoraenequipo.com.mx\/api\/wp\/v2\/media?parent=101510"}],"wp:term":[{"taxonomy":"category","embeddable":true,"href":"https:\/\/www.sonoraenequipo.com.mx\/api\/wp\/v2\/categories?post=101510"},{"taxonomy":"post_tag","embeddable":true,"href":"https:\/\/www.sonoraenequipo.com.mx\/api\/wp\/v2\/tags?post=101510"}],"curies":[{"name":"wp","href":"https:\/\/api.w.org\/{rel}","templated":true}]}}