{"id":101566,"date":"2020-11-29T16:29:58","date_gmt":"2020-11-29T23:29:58","guid":{"rendered":"https:\/\/www.sonoraenequipo.com.mx\/?p=101566"},"modified":"2020-11-29T17:23:54","modified_gmt":"2020-11-30T00:23:54","slug":"seis-sujetos-capturados-en-caborca-quedaron-vinculados-a-proceso-por-diversos-delitos","status":"publish","type":"post","link":"https:\/\/www.sonoraenequipo.com.mx\/seis-sujetos-capturados-en-caborca-quedaron-vinculados-a-proceso-por-diversos-delitos\/","title":{"rendered":"Seis sujetos capturados en Caborca quedaron vinculados a proceso por diversos delitos."},"content":{"rendered":"<p>HERMOSILLO, SONORA. MX. \u2014 Los imputados son Adri\u00e1n \u201cN.\u201d, de 38 a\u00f1os de edad, originario de Ixtl\u00e1n, Nayarit; L\u00e1zaro \u201cN.\u201d, de 58, de Pueblo Yaqui; Jos\u00e9 \u00c1ngel \u201cN.\u201d, de 21 a\u00f1os, de Caborca; Osorio Eduardo Enrique \u201cN.\u201d, de 24, de Mazatl\u00e1n, Sinaloa; Luis Gerardo \u201cN.\u201d, de 27, de Navolato, Sinaloa; y Juli\u00e1n \u201cN.\u201d, de 19 a\u00f1os, nativo de Guadalajara, Jalisco.<\/p>\n<p>&nbsp;<\/p>\n<p> <\/p>\n<p>&nbsp;<\/p>\n<p>\u2022Estos sujetos, al toparse a la autoridad intentaron agredieron a las fuerzas del orden y en la persecuci\u00f3n policiaca, se impactaron contra varios veh\u00edculos y embistieron a una persona que tripulaba una bicicleta, y derivado de ello perdi\u00f3 la vida Lorena, de 53 a\u00f1os de edad.<\/p>\n<p>&nbsp;<\/p>\n<p>\u2022Las 7 armas incautadas est\u00e1n bajo an\u00e1lisis en el Laboratorio Cient\u00edfico Forense (CIF) de la FGJE Sonora para determinar su participaci\u00f3n en otros hechos violentos en la regi\u00f3n.<\/p>\n<p>&nbsp;<\/p>\n<p>\u2022 Fueron capturados en flagrancia delictiva por elementos de la Polic\u00eda Estatal de Seguridad P\u00fablica (PESP), Polic\u00eda Municipal y apoyados por elementos AMIC y fuerzas federales, de la Mesa de Construcci\u00f3n por la Paz, en la colonia Centro de la ciudad el pasado 21 de noviembre.<\/p>\n<p>&nbsp;<\/p>\n<p>Caborca, Sonora, noviembre 29 de 2020.- Un Juez valid\u00f3 los datos de pruebas, presentados por personal de la Fiscal\u00eda General de Justicia del Estado de Sonora (FGJE), para vincular a proceso y dejar en prisi\u00f3n preventiva a seis sujetos por los delitos de tentativa de homicidio en n\u00famero de cinco, homicidio culposo con motivo de tr\u00e1nsito, asociaci\u00f3n delictuosa y atentado contra la seguridad de la comunidad, \u201chalconeo\u201d.<\/p>\n<p>&nbsp;<\/p>\n<p>Los imputados son Adri\u00e1n \u201cN.\u201d, de 38 a\u00f1os de edad, originario de Ixtl\u00e1n, Nayarit; L\u00e1zaro \u201cN.\u201d, de 58, de Pueblo Yaqui; Jos\u00e9 \u00c1ngel \u201cN.\u201d, de 21 a\u00f1os, de Caborca; Osorio Eduardo Enrique \u201cN.\u201d, de 24, de Mazatl\u00e1n, Sinaloa; Luis Gerardo \u201cN.\u201d, de 27, de Navolato, Sinaloa; y Juli\u00e1n \u201cN.\u201d, de 19 a\u00f1os, nativo de Guadalajara, Jalisco.<\/p>\n<p>&nbsp;<\/p>\n<p>Mediante un operativo t\u00e1ctico realizado por personal de los tres \u00f3rdenes de Gobierno, que integran la Mesa de Coordinaci\u00f3n Estatal para la Construcci\u00f3n de la Paz y Seguridad, fueron detenidos, en flagrancia delictiva, el pasado 21 de noviembre en la colonia Centro, en Caborca, cuando iban huyendo de elementos policiacos, a quienes les dispararon en repetidas ocasiones con armas de grueso calibre.<\/p>\n<p>&nbsp;<\/p>\n<p>Personal de la Polic\u00eda Estatal de Seguridad P\u00fablica (PESP), de la Agencia Ministerial de Investigaci\u00f3n Criminal (AMIC), de la Guardia Nacional, de la Secretar\u00eda de Marina (SEMAR), de la Secretar\u00eda de la Defensa Nacional (SEDENA) y de la Polic\u00eda Municipal participaron en el operativo, donde adem\u00e1s de detener a los ahora imputados, se lograron asegurar siete armas de grueso calibre, diversos cartuchos \u00fatiles, cargadores, tel\u00e9fonos celulares, radios de comunicaci\u00f3n, art\u00edculos y ropas t\u00e1cticas.<\/p>\n<p>&nbsp;<\/p>\n<p>Los seis sujetos figuran en la causa penal 3665\/2020 por tentativa de homicidio calificado con ventaja en n\u00famero de cinco, asociaci\u00f3n delictuosa, atentado contra la seguridad de la comunidad en concurso real de delitos y homicidio culposo con motivo del tr\u00e1nsito de veh\u00edculos.<\/p>\n<p>&nbsp;<\/p>\n<p>Tras una persecuci\u00f3n por calles de Caborca, luego de que este grupo armado intent\u00f3 privar de la vida a dos personas, se impactaron contra varios veh\u00edculos en la calle Baja California y Avenida N, en el Centro, adem\u00e1s se estrellaron con una bicicleta que era tripulada por una persona del sexo femenino, Lorena, de 53 a\u00f1os de edad, quien perdi\u00f3 la vida posteriormente, mientras recib\u00eda atenci\u00f3n m\u00e9dica por las lesiones sufridas.<\/p>\n<p>&nbsp;<\/p>\n<p>Los detenidos viajaban en un Chevrolet Silverado, modelo 2004, de donde descendieron portando armas de fuego con las que realizaron disparos contra el personal de seguridad.<\/p>\n<p>&nbsp;<\/p>\n<p>Las armas, tipo escopeta y fusiles calibres .223 y 7.62&#215;39, est\u00e1n bajo an\u00e1lisis en el Laboratorio Cient\u00edfico Forense (CIF) de la FGJE Sonora para determinar su participaci\u00f3n en otros hechos violentos en la regi\u00f3n, adem\u00e1s de darse conocimiento a la Fiscal\u00eda General de la Rep\u00fablica (FGR) por los probables delitos del orden federal.<\/p>\n<p>&nbsp;<\/p>\n<p>(Publicada el 29\/11\/2020<\/p>\n","protected":false},"excerpt":{"rendered":"<p>HERMOSILLO, SONORA. MX. \u2014 Los imputados son Adri\u00e1n \u201cN.\u201d, de 38 a\u00f1os de edad, originario&#8230;<\/p>\n","protected":false},"author":1,"featured_media":101568,"comment_status":"open","ping_status":"open","sticky":false,"template":"","format":"standard","meta":{"_monsterinsights_skip_tracking":false,"_monsterinsights_sitenote_active":false,"_monsterinsights_sitenote_note":"","_monsterinsights_sitenote_category":0,"footnotes":""},"categories":[22],"tags":[],"class_list":["post"],"yoast_head":" \n<title>Sonora en Equipo. Seis sujetos capturados en Caborca quedaron vinculados a proceso por diversos delitos. Sonora<\/title>\n<meta name=\"description\" content=\"HERMOSILLO, SONORA. MX. \u2014 Los imputados son Adri\u00e1n \u201cN.\u201d, de 38 a\u00f1os de edad, originario de Ixtl\u00e1n, Nayarit; L\u00e1zaro \u201cN.\u201d, de 58, de Pueblo Yaqui; Jos\u00e9 En Sonora en Equipo publicamos toda la informaci\u00f3n de Sonora, M\u00e9xico y el Mundo de manera oportuna y busca que la libertad de expresi\u00f3n sea real. Visita nuestro medio informativo publicado desde Hermosillo, Sonora. %\" \/>\n<meta name=\"robots\" content=\"index, follow, max-snippet:-1, max-image-preview:large, max-video-preview:-1\" \/>\n<link rel=\"canonical\" href=\"https:\/\/www.sonoraenequipo.com.mx\/seis-sujetos-capturados-en-caborca-quedaron-vinculados-a-proceso-por-diversos-delitos\/\" \/>\n<meta property=\"og:locale\" content=\"es_ES\" \/>\n<meta property=\"og:type\" content=\"article\" \/>\n<meta property=\"og:title\" content=\"Sonora en Equipo. Seis sujetos capturados en Caborca quedaron vinculados a proceso por diversos delitos. Sonora\" \/>\n<meta property=\"og:description\" content=\"HERMOSILLO, SONORA. MX. \u2014 Los imputados son Adri\u00e1n \u201cN.\u201d, de 38 a\u00f1os de edad, originario de Ixtl\u00e1n, Nayarit; L\u00e1zaro \u201cN.\u201d, de 58, de Pueblo Yaqui; Jos\u00e9 En Sonora en Equipo publicamos toda la informaci\u00f3n de Sonora, M\u00e9xico y el Mundo de manera oportuna y busca que la libertad de expresi\u00f3n sea real. Visita nuestro medio informativo publicado desde Hermosillo, Sonora. %\" \/>\n<meta property=\"og:url\" content=\"https:\/\/www.sonoraenequipo.com.mx\/seis-sujetos-capturados-en-caborca-quedaron-vinculados-a-proceso-por-diversos-delitos\/\" \/>\n<meta property=\"og:site_name\" content=\"Sonora en Equipo.\" \/>\n<meta property=\"article:publisher\" content=\"https:\/\/www.facebook.com\/SonoraEE\/\" \/>\n<meta property=\"article:author\" content=\"https:\/\/www.facebook.com\/SonoraEE\" \/>\n<meta property=\"article:published_time\" content=\"2020-11-29T23:29:58+00:00\" \/>\n<meta property=\"article:modified_time\" content=\"2020-11-30T00:23:54+00:00\" \/>\n<meta property=\"og:image\" content=\"https:\/\/www.sonoraenequipo.com.mx\/storage\/2020\/11\/FGJEh_opt.jpg\" \/>\n\t<meta property=\"og:image:width\" content=\"601\" \/>\n\t<meta property=\"og:image:height\" content=\"400\" \/>\n\t<meta property=\"og:image:type\" content=\"image\/jpeg\" \/>\n<meta name=\"author\" content=\"enequipo\" \/>\n<meta name=\"twitter:card\" content=\"summary_large_image\" \/>\n<meta name=\"twitter:creator\" content=\"@sonoraenequipo\" \/>\n<meta name=\"twitter:site\" content=\"@sonoraenequipo\" \/>\n<meta name=\"twitter:label1\" content=\"Escrito por\" \/>\n\t<meta name=\"twitter:data1\" content=\"enequipo\" \/>\n\t<meta name=\"twitter:label2\" content=\"Tiempo de lectura\" \/>\n\t<meta name=\"twitter:data2\" content=\"3 minutos\" \/>\n<script type=\"application\/ld+json\" class=\"yoast-schema-graph\">{\"@context\":\"https:\/\/schema.org\",\"@graph\":[{\"@type\":\"Article\",\"@id\":\"https:\/\/www.sonoraenequipo.com.mx\/seis-sujetos-capturados-en-caborca-quedaron-vinculados-a-proceso-por-diversos-delitos\/#article\",\"isPartOf\":{\"@id\":\"https:\/\/www.sonoraenequipo.com.mx\/seis-sujetos-capturados-en-caborca-quedaron-vinculados-a-proceso-por-diversos-delitos\/\"},\"author\":{\"name\":\"enequipo\",\"@id\":\"https:\/\/www.sonoraenequipo.com.mx\/#\/schema\/person\/50102df0fb23a8fa9e8effad8fa81386\"},\"headline\":\"Seis sujetos capturados en Caborca quedaron vinculados a proceso por diversos delitos.\",\"datePublished\":\"2020-11-29T23:29:58+00:00\",\"dateModified\":\"2020-11-30T00:23:54+00:00\",\"mainEntityOfPage\":{\"@id\":\"https:\/\/www.sonoraenequipo.com.mx\/seis-sujetos-capturados-en-caborca-quedaron-vinculados-a-proceso-por-diversos-delitos\/\"},\"wordCount\":701,\"commentCount\":0,\"publisher\":{\"@id\":\"https:\/\/www.sonoraenequipo.com.mx\/#organization\"},\"image\":{\"@id\":\"https:\/\/www.sonoraenequipo.com.mx\/seis-sujetos-capturados-en-caborca-quedaron-vinculados-a-proceso-por-diversos-delitos\/#primaryimage\"},\"thumbnailUrl\":\"https:\/\/www.sonoraenequipo.com.mx\/storage\/2020\/11\/FGJEh_opt.jpg\",\"articleSection\":[\"Sonora\"],\"inLanguage\":\"es\",\"potentialAction\":[{\"@type\":\"CommentAction\",\"name\":\"Comment\",\"target\":[\"https:\/\/www.sonoraenequipo.com.mx\/seis-sujetos-capturados-en-caborca-quedaron-vinculados-a-proceso-por-diversos-delitos\/#respond\"]}]},{\"@type\":\"WebPage\",\"@id\":\"https:\/\/www.sonoraenequipo.com.mx\/seis-sujetos-capturados-en-caborca-quedaron-vinculados-a-proceso-por-diversos-delitos\/\",\"url\":\"https:\/\/www.sonoraenequipo.com.mx\/seis-sujetos-capturados-en-caborca-quedaron-vinculados-a-proceso-por-diversos-delitos\/\",\"name\":\"Sonora en Equipo. Seis sujetos capturados en Caborca quedaron vinculados a proceso por diversos delitos. Sonora\",\"isPartOf\":{\"@id\":\"https:\/\/www.sonoraenequipo.com.mx\/#website\"},\"primaryImageOfPage\":{\"@id\":\"https:\/\/www.sonoraenequipo.com.mx\/seis-sujetos-capturados-en-caborca-quedaron-vinculados-a-proceso-por-diversos-delitos\/#primaryimage\"},\"image\":{\"@id\":\"https:\/\/www.sonoraenequipo.com.mx\/seis-sujetos-capturados-en-caborca-quedaron-vinculados-a-proceso-por-diversos-delitos\/#primaryimage\"},\"thumbnailUrl\":\"https:\/\/www.sonoraenequipo.com.mx\/storage\/2020\/11\/FGJEh_opt.jpg\",\"datePublished\":\"2020-11-29T23:29:58+00:00\",\"dateModified\":\"2020-11-30T00:23:54+00:00\",\"description\":\"HERMOSILLO, SONORA. MX. \u2014 Los imputados son Adri\u00e1n \u201cN.\u201d, de 38 a\u00f1os de edad, originario de Ixtl\u00e1n, Nayarit; L\u00e1zaro \u201cN.\u201d, de 58, de Pueblo Yaqui; Jos\u00e9 En Sonora en Equipo publicamos toda la informaci\u00f3n de Sonora, M\u00e9xico y el Mundo de manera oportuna y busca que la libertad de expresi\u00f3n sea real. Visita nuestro medio informativo publicado desde Hermosillo, Sonora. %\",\"breadcrumb\":{\"@id\":\"https:\/\/www.sonoraenequipo.com.mx\/seis-sujetos-capturados-en-caborca-quedaron-vinculados-a-proceso-por-diversos-delitos\/#breadcrumb\"},\"inLanguage\":\"es\",\"potentialAction\":[{\"@type\":\"ReadAction\",\"target\":[\"https:\/\/www.sonoraenequipo.com.mx\/seis-sujetos-capturados-en-caborca-quedaron-vinculados-a-proceso-por-diversos-delitos\/\"]}]},{\"@type\":\"ImageObject\",\"inLanguage\":\"es\",\"@id\":\"https:\/\/www.sonoraenequipo.com.mx\/seis-sujetos-capturados-en-caborca-quedaron-vinculados-a-proceso-por-diversos-delitos\/#primaryimage\",\"url\":\"https:\/\/www.sonoraenequipo.com.mx\/storage\/2020\/11\/FGJEh_opt.jpg\",\"contentUrl\":\"https:\/\/www.sonoraenequipo.com.mx\/storage\/2020\/11\/FGJEh_opt.jpg\",\"width\":601,\"height\":400},{\"@type\":\"BreadcrumbList\",\"@id\":\"https:\/\/www.sonoraenequipo.com.mx\/seis-sujetos-capturados-en-caborca-quedaron-vinculados-a-proceso-por-diversos-delitos\/#breadcrumb\",\"itemListElement\":[{\"@type\":\"ListItem\",\"position\":1,\"name\":\"Portada\",\"item\":\"https:\/\/www.sonoraenequipo.com.mx\/\"},{\"@type\":\"ListItem\",\"position\":2,\"name\":\"Seis sujetos capturados en Caborca quedaron vinculados a proceso por diversos delitos.\"}]},{\"@type\":\"WebSite\",\"@id\":\"https:\/\/www.sonoraenequipo.com.mx\/#website\",\"url\":\"https:\/\/www.sonoraenequipo.com.mx\/\",\"name\":\"Sonora en Equipo.\",\"description\":\"Diario en l\u00ednea con Noticias desde Hermosillo, Sonora\",\"publisher\":{\"@id\":\"https:\/\/www.sonoraenequipo.com.mx\/#organization\"},\"potentialAction\":[{\"@type\":\"SearchAction\",\"target\":{\"@type\":\"EntryPoint\",\"urlTemplate\":\"https:\/\/www.sonoraenequipo.com.mx\/?s={search_term_string}\"},\"query-input\":{\"@type\":\"PropertyValueSpecification\",\"valueRequired\":true,\"valueName\":\"search_term_string\"}}],\"inLanguage\":\"es\"},{\"@type\":\"Organization\",\"@id\":\"https:\/\/www.sonoraenequipo.com.mx\/#organization\",\"name\":\"Sonoraenequipo.com.mx\",\"url\":\"https:\/\/www.sonoraenequipo.com.mx\/\",\"logo\":{\"@type\":\"ImageObject\",\"inLanguage\":\"es\",\"@id\":\"https:\/\/www.sonoraenequipo.com.mx\/#\/schema\/logo\/image\/\",\"url\":\"https:\/\/www.sonoraenequipo.com.mx\/storage\/2019\/01\/sonoraenequipo_opt.png\",\"contentUrl\":\"https:\/\/www.sonoraenequipo.com.mx\/storage\/2019\/01\/sonoraenequipo_opt.png\",\"width\":375,\"height\":125,\"caption\":\"Sonoraenequipo.com.mx\"},\"image\":{\"@id\":\"https:\/\/www.sonoraenequipo.com.mx\/#\/schema\/logo\/image\/\"},\"sameAs\":[\"https:\/\/www.facebook.com\/SonoraEE\/\",\"https:\/\/x.com\/sonoraenequipo\",\"https:\/\/www.youtube.com\/channel\/UC338nW-lPEYmJQs4ZABQ1SQ\"]},{\"@type\":\"Person\",\"@id\":\"https:\/\/www.sonoraenequipo.com.mx\/#\/schema\/person\/50102df0fb23a8fa9e8effad8fa81386\",\"name\":\"enequipo\",\"image\":{\"@type\":\"ImageObject\",\"inLanguage\":\"es\",\"@id\":\"https:\/\/www.sonoraenequipo.com.mx\/#\/schema\/person\/image\/\",\"url\":\"https:\/\/secure.gravatar.com\/avatar\/049821681b589dabc0bc20695993ccebb09f5b5d4d790cd9251b97faac7c652b?s=96&d=blank&r=g\",\"contentUrl\":\"https:\/\/secure.gravatar.com\/avatar\/049821681b589dabc0bc20695993ccebb09f5b5d4d790cd9251b97faac7c652b?s=96&d=blank&r=g\",\"caption\":\"enequipo\"},\"sameAs\":[\"https:\/\/www.facebook.com\/SonoraEE\"]}]}<\/script>\n ","yoast_head_json":{"title":"Sonora en Equipo. Seis sujetos capturados en Caborca quedaron vinculados a proceso por diversos delitos. Sonora","description":"HERMOSILLO, SONORA. MX. \u2014 Los imputados son Adri\u00e1n \u201cN.\u201d, de 38 a\u00f1os de edad, originario de Ixtl\u00e1n, Nayarit; L\u00e1zaro \u201cN.\u201d, de 58, de Pueblo Yaqui; Jos\u00e9 En Sonora en Equipo publicamos toda la informaci\u00f3n de Sonora, M\u00e9xico y el Mundo de manera oportuna y busca que la libertad de expresi\u00f3n sea real. Visita nuestro medio informativo publicado desde Hermosillo, Sonora. %","robots":{"index":"index","follow":"follow","max-snippet":"max-snippet:-1","max-image-preview":"max-image-preview:large","max-video-preview":"max-video-preview:-1"},"canonical":"https:\/\/www.sonoraenequipo.com.mx\/seis-sujetos-capturados-en-caborca-quedaron-vinculados-a-proceso-por-diversos-delitos\/","og_locale":"es_ES","og_type":"article","og_title":"Sonora en Equipo. Seis sujetos capturados en Caborca quedaron vinculados a proceso por diversos delitos. Sonora","og_description":"HERMOSILLO, SONORA. MX. \u2014 Los imputados son Adri\u00e1n \u201cN.\u201d, de 38 a\u00f1os de edad, originario de Ixtl\u00e1n, Nayarit; L\u00e1zaro \u201cN.\u201d, de 58, de Pueblo Yaqui; Jos\u00e9 En Sonora en Equipo publicamos toda la informaci\u00f3n de Sonora, M\u00e9xico y el Mundo de manera oportuna y busca que la libertad de expresi\u00f3n sea real. Visita nuestro medio informativo publicado desde Hermosillo, Sonora. %","og_url":"https:\/\/www.sonoraenequipo.com.mx\/seis-sujetos-capturados-en-caborca-quedaron-vinculados-a-proceso-por-diversos-delitos\/","og_site_name":"Sonora en Equipo.","article_publisher":"https:\/\/www.facebook.com\/SonoraEE\/","article_author":"https:\/\/www.facebook.com\/SonoraEE","article_published_time":"2020-11-29T23:29:58+00:00","article_modified_time":"2020-11-30T00:23:54+00:00","og_image":[{"width":601,"height":400,"url":"https:\/\/www.sonoraenequipo.com.mx\/storage\/2020\/11\/FGJEh_opt.jpg","type":"image\/jpeg"}],"author":"enequipo","twitter_card":"summary_large_image","twitter_creator":"@sonoraenequipo","twitter_site":"@sonoraenequipo","twitter_misc":{"Escrito por":"enequipo","Tiempo de lectura":"3 minutos"},"schema":{"@context":"https:\/\/schema.org","@graph":[{"@type":"Article","@id":"https:\/\/www.sonoraenequipo.com.mx\/seis-sujetos-capturados-en-caborca-quedaron-vinculados-a-proceso-por-diversos-delitos\/#article","isPartOf":{"@id":"https:\/\/www.sonoraenequipo.com.mx\/seis-sujetos-capturados-en-caborca-quedaron-vinculados-a-proceso-por-diversos-delitos\/"},"author":{"name":"enequipo","@id":"https:\/\/www.sonoraenequipo.com.mx\/#\/schema\/person\/50102df0fb23a8fa9e8effad8fa81386"},"headline":"Seis sujetos capturados en Caborca quedaron vinculados a proceso por diversos delitos.","datePublished":"2020-11-29T23:29:58+00:00","dateModified":"2020-11-30T00:23:54+00:00","mainEntityOfPage":{"@id":"https:\/\/www.sonoraenequipo.com.mx\/seis-sujetos-capturados-en-caborca-quedaron-vinculados-a-proceso-por-diversos-delitos\/"},"wordCount":701,"commentCount":0,"publisher":{"@id":"https:\/\/www.sonoraenequipo.com.mx\/#organization"},"image":{"@id":"https:\/\/www.sonoraenequipo.com.mx\/seis-sujetos-capturados-en-caborca-quedaron-vinculados-a-proceso-por-diversos-delitos\/#primaryimage"},"thumbnailUrl":"https:\/\/www.sonoraenequipo.com.mx\/storage\/2020\/11\/FGJEh_opt.jpg","articleSection":["Sonora"],"inLanguage":"es","potentialAction":[{"@type":"CommentAction","name":"Comment","target":["https:\/\/www.sonoraenequipo.com.mx\/seis-sujetos-capturados-en-caborca-quedaron-vinculados-a-proceso-por-diversos-delitos\/#respond"]}]},{"@type":"WebPage","@id":"https:\/\/www.sonoraenequipo.com.mx\/seis-sujetos-capturados-en-caborca-quedaron-vinculados-a-proceso-por-diversos-delitos\/","url":"https:\/\/www.sonoraenequipo.com.mx\/seis-sujetos-capturados-en-caborca-quedaron-vinculados-a-proceso-por-diversos-delitos\/","name":"Sonora en Equipo. Seis sujetos capturados en Caborca quedaron vinculados a proceso por diversos delitos. Sonora","isPartOf":{"@id":"https:\/\/www.sonoraenequipo.com.mx\/#website"},"primaryImageOfPage":{"@id":"https:\/\/www.sonoraenequipo.com.mx\/seis-sujetos-capturados-en-caborca-quedaron-vinculados-a-proceso-por-diversos-delitos\/#primaryimage"},"image":{"@id":"https:\/\/www.sonoraenequipo.com.mx\/seis-sujetos-capturados-en-caborca-quedaron-vinculados-a-proceso-por-diversos-delitos\/#primaryimage"},"thumbnailUrl":"https:\/\/www.sonoraenequipo.com.mx\/storage\/2020\/11\/FGJEh_opt.jpg","datePublished":"2020-11-29T23:29:58+00:00","dateModified":"2020-11-30T00:23:54+00:00","description":"HERMOSILLO, SONORA. MX. \u2014 Los imputados son Adri\u00e1n \u201cN.\u201d, de 38 a\u00f1os de edad, originario de Ixtl\u00e1n, Nayarit; L\u00e1zaro \u201cN.\u201d, de 58, de Pueblo Yaqui; Jos\u00e9 En Sonora en Equipo publicamos toda la informaci\u00f3n de Sonora, M\u00e9xico y el Mundo de manera oportuna y busca que la libertad de expresi\u00f3n sea real. Visita nuestro medio informativo publicado desde Hermosillo, Sonora. %","breadcrumb":{"@id":"https:\/\/www.sonoraenequipo.com.mx\/seis-sujetos-capturados-en-caborca-quedaron-vinculados-a-proceso-por-diversos-delitos\/#breadcrumb"},"inLanguage":"es","potentialAction":[{"@type":"ReadAction","target":["https:\/\/www.sonoraenequipo.com.mx\/seis-sujetos-capturados-en-caborca-quedaron-vinculados-a-proceso-por-diversos-delitos\/"]}]},{"@type":"ImageObject","inLanguage":"es","@id":"https:\/\/www.sonoraenequipo.com.mx\/seis-sujetos-capturados-en-caborca-quedaron-vinculados-a-proceso-por-diversos-delitos\/#primaryimage","url":"https:\/\/www.sonoraenequipo.com.mx\/storage\/2020\/11\/FGJEh_opt.jpg","contentUrl":"https:\/\/www.sonoraenequipo.com.mx\/storage\/2020\/11\/FGJEh_opt.jpg","width":601,"height":400},{"@type":"BreadcrumbList","@id":"https:\/\/www.sonoraenequipo.com.mx\/seis-sujetos-capturados-en-caborca-quedaron-vinculados-a-proceso-por-diversos-delitos\/#breadcrumb","itemListElement":[{"@type":"ListItem","position":1,"name":"Portada","item":"https:\/\/www.sonoraenequipo.com.mx\/"},{"@type":"ListItem","position":2,"name":"Seis sujetos capturados en Caborca quedaron vinculados a proceso por diversos delitos."}]},{"@type":"WebSite","@id":"https:\/\/www.sonoraenequipo.com.mx\/#website","url":"https:\/\/www.sonoraenequipo.com.mx\/","name":"Sonora en Equipo.","description":"Diario en l\u00ednea con Noticias desde Hermosillo, Sonora","publisher":{"@id":"https:\/\/www.sonoraenequipo.com.mx\/#organization"},"potentialAction":[{"@type":"SearchAction","target":{"@type":"EntryPoint","urlTemplate":"https:\/\/www.sonoraenequipo.com.mx\/?s={search_term_string}"},"query-input":{"@type":"PropertyValueSpecification","valueRequired":true,"valueName":"search_term_string"}}],"inLanguage":"es"},{"@type":"Organization","@id":"https:\/\/www.sonoraenequipo.com.mx\/#organization","name":"Sonoraenequipo.com.mx","url":"https:\/\/www.sonoraenequipo.com.mx\/","logo":{"@type":"ImageObject","inLanguage":"es","@id":"https:\/\/www.sonoraenequipo.com.mx\/#\/schema\/logo\/image\/","url":"https:\/\/www.sonoraenequipo.com.mx\/storage\/2019\/01\/sonoraenequipo_opt.png","contentUrl":"https:\/\/www.sonoraenequipo.com.mx\/storage\/2019\/01\/sonoraenequipo_opt.png","width":375,"height":125,"caption":"Sonoraenequipo.com.mx"},"image":{"@id":"https:\/\/www.sonoraenequipo.com.mx\/#\/schema\/logo\/image\/"},"sameAs":["https:\/\/www.facebook.com\/SonoraEE\/","https:\/\/x.com\/sonoraenequipo","https:\/\/www.youtube.com\/channel\/UC338nW-lPEYmJQs4ZABQ1SQ"]},{"@type":"Person","@id":"https:\/\/www.sonoraenequipo.com.mx\/#\/schema\/person\/50102df0fb23a8fa9e8effad8fa81386","name":"enequipo","image":{"@type":"ImageObject","inLanguage":"es","@id":"https:\/\/www.sonoraenequipo.com.mx\/#\/schema\/person\/image\/","url":"https:\/\/secure.gravatar.com\/avatar\/049821681b589dabc0bc20695993ccebb09f5b5d4d790cd9251b97faac7c652b?s=96&d=blank&r=g","contentUrl":"https:\/\/secure.gravatar.com\/avatar\/049821681b589dabc0bc20695993ccebb09f5b5d4d790cd9251b97faac7c652b?s=96&d=blank&r=g","caption":"enequipo"},"sameAs":["https:\/\/www.facebook.com\/SonoraEE"]}]}},"jetpack_featured_media_url":"https:\/\/www.sonoraenequipo.com.mx\/storage\/2020\/11\/FGJEh_opt.jpg","_links":{"self":[{"href":"https:\/\/www.sonoraenequipo.com.mx\/api\/wp\/v2\/posts\/101566","targetHints":{"allow":["GET"]}}],"collection":[{"href":"https:\/\/www.sonoraenequipo.com.mx\/api\/wp\/v2\/posts"}],"about":[{"href":"https:\/\/www.sonoraenequipo.com.mx\/api\/wp\/v2\/types\/post"}],"author":[{"embeddable":true,"href":"https:\/\/www.sonoraenequipo.com.mx\/api\/wp\/v2\/users\/1"}],"replies":[{"embeddable":true,"href":"https:\/\/www.sonoraenequipo.com.mx\/api\/wp\/v2\/comments?post=101566"}],"version-history":[{"count":1,"href":"https:\/\/www.sonoraenequipo.com.mx\/api\/wp\/v2\/posts\/101566\/revisions"}],"predecessor-version":[{"id":101571,"href":"https:\/\/www.sonoraenequipo.com.mx\/api\/wp\/v2\/posts\/101566\/revisions\/101571"}],"wp:featuredmedia":[{"embeddable":true,"href":"https:\/\/www.sonoraenequipo.com.mx\/api\/wp\/v2\/media\/101568"}],"wp:attachment":[{"href":"https:\/\/www.sonoraenequipo.com.mx\/api\/wp\/v2\/media?parent=101566"}],"wp:term":[{"taxonomy":"category","embeddable":true,"href":"https:\/\/www.sonoraenequipo.com.mx\/api\/wp\/v2\/categories?post=101566"},{"taxonomy":"post_tag","embeddable":true,"href":"https:\/\/www.sonoraenequipo.com.mx\/api\/wp\/v2\/tags?post=101566"}],"curies":[{"name":"wp","href":"https:\/\/api.w.org\/{rel}","templated":true}]}}