{"id":102169,"date":"2020-12-07T23:55:53","date_gmt":"2020-12-08T06:55:53","guid":{"rendered":"https:\/\/www.sonoraenequipo.com.mx\/?p=102169"},"modified":"2020-12-07T21:29:35","modified_gmt":"2020-12-08T04:29:35","slug":"habra-eclipse-solar-total-el-14-de-diciembre-y-podra-ser-observado-en-varias-partes-de-sudamerica","status":"publish","type":"post","link":"https:\/\/www.sonoraenequipo.com.mx\/habra-eclipse-solar-total-el-14-de-diciembre-y-podra-ser-observado-en-varias-partes-de-sudamerica\/","title":{"rendered":"Habr\u00e1 eclipse solar total el 14 de diciembre y podr\u00e1 ser observado en varias partes de Sudam\u00e9rica"},"content":{"rendered":"<p>BUENOS AIRES, ARGENTINA. \u2014 El fen\u00f3meno astron\u00f3mico se podr\u00e1 apreciar el 14 de diciembre en varios pa\u00edses de la parte sur del continente, especialmente en Chile y Argentina, donde el eclipse ser\u00e1 total. Un event\u00f3 as\u00ed no se repetir\u00e1 hasta el 2048.<\/p>\n<p>&nbsp;<\/p>\n<p> <\/p>\n<p>&nbsp;<\/p>\n<p>El lunes 14 de diciembre de 2020 se registrar\u00e1 un nuevo eclipse solar en varios pa\u00edses de Sudam\u00e9rica. El fen\u00f3meno astron\u00f3mico, que podr\u00e1 ser observado de manera parcial y total dependiendo de la ubicaci\u00f3n geogr\u00e1fica, atrae la atenci\u00f3n de los expertos, aficionados y turistas.<\/p>\n<p>&nbsp;<\/p>\n<p>Un eclipse -del griego \u00e9kleipsis, que significa desaparici\u00f3n o abandono- ocurre cuando la luz procedente de un cuerpo celeste es bloqueada por otro. En este caso, Sudam\u00e9rica ser\u00e1 testigo de un eclipse solar, evento que ocurre unas dos o tres veces al a\u00f1o en diferentes puntos del planeta. Un eclipse solar ocurre cuando la Luna se interpone entre la Tierra y el sol y prohibe el paso de la luz solar.<\/p>\n<p>&nbsp;<\/p>\n<p>El fen\u00f3meno astron\u00f3mico podr\u00e1 ser visible de forma parcial en Per\u00fa, Bolivia, Uruguay, Paraguay, Ecuador y Brasil. En tanto, en Argentina y Chile el eclipse se podr\u00e1 observar en su totalidad. El evento tambi\u00e9n se registrar\u00e1 en algunas partes de \u00e1frica y en zonas de los oc\u00e9anos Pac\u00edfico y Atl\u00e1ntico. Un eclipse como este no se volver\u00e1 a repetir hasta el 2048.<\/p>\n<p>&nbsp;<\/p>\n<p>https:\/\/twitter.com\/Peckergj<\/p>\n<h3>\n\u00bfC\u00f3mo se ver\u00e1 en Chile y Argentina?<\/h3>\n<p>&nbsp;<\/p>\n<p>En los casos particulares de Chile y Argentina, donde el eclipse solar se podr\u00e1 apreciar en su totalidad, el eclipse se desarrollar\u00e1 en un horario relativamente espec\u00edfico, el cual ir\u00e1 variando en algunos minutos de acuerdo a la zona geogr\u00e1fica donde se realiza la observaci\u00f3n.<\/p>\n<p>&nbsp;<\/p>\n<p>En Chile, la \u00abdesaparici\u00f3n\u00bb del sol suceder\u00e1 principalmente en las regiones sure\u00f1as de La Araucan\u00eda, Los R\u00edos y en la Isla Moche, en la regi\u00f3n de B\u00edo B\u00edo. En ese pa\u00eds, el evento tendr\u00e1 una duraci\u00f3n de tres horas aproximadamente, comenzando a las 11:37 y concluyendo a las 13:03 (hora local).<\/p>\n<p>&nbsp;<\/p>\n<p>Por su parte, en Argentina el eclipse solar total se podr\u00e1 presenciar a lo largo de 400 km, pero principalmente en el norte de la Patagonia, en las provincias de Neuqu\u00e9n y R\u00edo Negro. All\u00ed tendr\u00e1 una duraci\u00f3n de poco m\u00e1s de dos horas, entre las 11:40 y las 14:50, alcanzando su punto m\u00e1ximo entre las 13:05 y las 13:25 en zona horaria local.<\/p>\n<p>&nbsp;<\/p>\n<h3>\nRecomendaciones en medio de la pandemia<\/h3>\n<p>&nbsp;<\/p>\n<p>El <em>\u00aboscurecimiento\u00bb<\/em> del cielo atrae la atenci\u00f3n de muchos aficionados y turistas. Por este motivo, las autoridades sanitarias chilenas han impuesto restricciones especiales en esa zona del pa\u00eds para evitar que los contagios por coronavirus aumenten.<\/p>\n<p>&nbsp;<\/p>\n<p><em>\u00abEvita aglomeraciones, usa mascarilla y no olvides el lavado de manos. Por un eclipse responsable, toma las precauciones necesarias y disfrutemos de manera segura este gran fen\u00f3meno de la naturaleza\u00bb,<\/em> aconsej\u00f3 el ministerio de Salud chileno a trav\u00e9s de su cuenta de Twitter.<\/p>\n<p>&nbsp;<\/p>\n<p>Adem\u00e1s, los expertos advierten que no se debe mirar directamente al sol cuando se registre el eclipse, ya que puede causar da\u00f1os irreversibles a la vista. Para evitar problemas, se recomienda utilizar filtros especiales para telescopios o binoculares, que cumplan con todas las normas de calidad y seguridad, que tengan menos de tres a\u00f1os de antig\u00fcedad y que hayan sido comprados en los lugares establecidos oficialmente.<\/p>\n<p>&nbsp;<\/p>\n<p>&nbsp;<\/p>\n<p>El 27 de julio de 2018, una luna llena coincidi\u00f3 con una<em> \u00abluna de sangre\u00bb:<\/em> el punto en el que Marte tuvo su mayor aproximaci\u00f3n a la Luna en 15 a\u00f1os. El fen\u00f3meno, durante el cual la Luna se ti\u00f1e de rojo, fue captado as\u00ed desde la isla de C\u00f3rcega. Ha sido la<em> \u00abluna de sangre\u00bb<\/em> m\u00e1s larga en lo que va del siglo.<\/p>\n<p>&nbsp;<\/p>\n<p>&nbsp;<\/p>\n<p>(Publicada el 07\/12\/2020)<\/p>\n","protected":false},"excerpt":{"rendered":"<p>BUENOS AIRES, ARGENTINA. \u2014 El fen\u00f3meno astron\u00f3mico se podr\u00e1 apreciar el 14 de diciembre en&#8230;<\/p>\n","protected":false},"author":1,"featured_media":102172,"comment_status":"open","ping_status":"open","sticky":false,"template":"","format":"standard","meta":{"_monsterinsights_skip_tracking":false,"_monsterinsights_sitenote_active":false,"_monsterinsights_sitenote_note":"","_monsterinsights_sitenote_category":0,"footnotes":""},"categories":[2216],"tags":[807,1645,2020,4029,5256,2323,5257,1641,5259,4382,2500,5258,706],"class_list":["post"],"yoast_head":" \n<title>Sonora en Equipo. Habr\u00e1 eclipse solar total el 14 de diciembre y podr\u00e1 ser observado en varias partes de Sudam\u00e9rica Ciencia y Tecnolog\u00eda<\/title>\n<meta name=\"description\" content=\"BUENOS AIRES, ARGENTINA. \u2014 El fen\u00f3meno astron\u00f3mico se podr\u00e1 apreciar el 14 de diciembre en varios pa\u00edses de la parte sur del continente, especialmente en En Sonora en Equipo publicamos toda la informaci\u00f3n de Sonora, M\u00e9xico y el Mundo de manera oportuna y busca que la libertad de expresi\u00f3n sea real. Visita nuestro medio informativo publicado desde Hermosillo, Sonora. %\" \/>\n<meta name=\"robots\" content=\"index, follow, max-snippet:-1, max-image-preview:large, max-video-preview:-1\" \/>\n<link rel=\"canonical\" href=\"https:\/\/www.sonoraenequipo.com.mx\/habra-eclipse-solar-total-el-14-de-diciembre-y-podra-ser-observado-en-varias-partes-de-sudamerica\/\" \/>\n<meta property=\"og:locale\" content=\"es_ES\" \/>\n<meta property=\"og:type\" content=\"article\" \/>\n<meta property=\"og:title\" content=\"Sonora en Equipo. Habr\u00e1 eclipse solar total el 14 de diciembre y podr\u00e1 ser observado en varias partes de Sudam\u00e9rica Ciencia y Tecnolog\u00eda\" \/>\n<meta property=\"og:description\" content=\"BUENOS AIRES, ARGENTINA. \u2014 El fen\u00f3meno astron\u00f3mico se podr\u00e1 apreciar el 14 de diciembre en varios pa\u00edses de la parte sur del continente, especialmente en En Sonora en Equipo publicamos toda la informaci\u00f3n de Sonora, M\u00e9xico y el Mundo de manera oportuna y busca que la libertad de expresi\u00f3n sea real. Visita nuestro medio informativo publicado desde Hermosillo, Sonora. %\" \/>\n<meta property=\"og:url\" content=\"https:\/\/www.sonoraenequipo.com.mx\/habra-eclipse-solar-total-el-14-de-diciembre-y-podra-ser-observado-en-varias-partes-de-sudamerica\/\" \/>\n<meta property=\"og:site_name\" content=\"Sonora en Equipo.\" \/>\n<meta property=\"article:publisher\" content=\"https:\/\/www.facebook.com\/SonoraEE\/\" \/>\n<meta property=\"article:author\" content=\"https:\/\/www.facebook.com\/SonoraEE\" \/>\n<meta property=\"article:published_time\" content=\"2020-12-08T06:55:53+00:00\" \/>\n<meta property=\"og:image\" content=\"https:\/\/www.sonoraenequipo.com.mx\/storage\/2020\/12\/eclilunar_opt.jpg\" \/>\n\t<meta property=\"og:image:width\" content=\"874\" \/>\n\t<meta property=\"og:image:height\" content=\"492\" \/>\n\t<meta property=\"og:image:type\" content=\"image\/jpeg\" \/>\n<meta name=\"author\" content=\"enequipo\" \/>\n<meta name=\"twitter:card\" content=\"summary_large_image\" \/>\n<meta name=\"twitter:creator\" content=\"@sonoraenequipo\" \/>\n<meta name=\"twitter:site\" content=\"@sonoraenequipo\" \/>\n<meta name=\"twitter:label1\" content=\"Escrito por\" \/>\n\t<meta name=\"twitter:data1\" content=\"enequipo\" \/>\n\t<meta name=\"twitter:label2\" content=\"Tiempo de lectura\" \/>\n\t<meta name=\"twitter:data2\" content=\"3 minutos\" \/>\n<script type=\"application\/ld+json\" class=\"yoast-schema-graph\">{\"@context\":\"https:\/\/schema.org\",\"@graph\":[{\"@type\":\"Article\",\"@id\":\"https:\/\/www.sonoraenequipo.com.mx\/habra-eclipse-solar-total-el-14-de-diciembre-y-podra-ser-observado-en-varias-partes-de-sudamerica\/#article\",\"isPartOf\":{\"@id\":\"https:\/\/www.sonoraenequipo.com.mx\/habra-eclipse-solar-total-el-14-de-diciembre-y-podra-ser-observado-en-varias-partes-de-sudamerica\/\"},\"author\":{\"name\":\"enequipo\",\"@id\":\"https:\/\/www.sonoraenequipo.com.mx\/#\/schema\/person\/50102df0fb23a8fa9e8effad8fa81386\"},\"headline\":\"Habr\u00e1 eclipse solar total el 14 de diciembre y podr\u00e1 ser observado en varias partes de Sudam\u00e9rica\",\"datePublished\":\"2020-12-08T06:55:53+00:00\",\"mainEntityOfPage\":{\"@id\":\"https:\/\/www.sonoraenequipo.com.mx\/habra-eclipse-solar-total-el-14-de-diciembre-y-podra-ser-observado-en-varias-partes-de-sudamerica\/\"},\"wordCount\":675,\"commentCount\":0,\"publisher\":{\"@id\":\"https:\/\/www.sonoraenequipo.com.mx\/#organization\"},\"image\":{\"@id\":\"https:\/\/www.sonoraenequipo.com.mx\/habra-eclipse-solar-total-el-14-de-diciembre-y-podra-ser-observado-en-varias-partes-de-sudamerica\/#primaryimage\"},\"thumbnailUrl\":\"https:\/\/www.sonoraenequipo.com.mx\/storage\/2020\/12\/eclilunar_opt.jpg\",\"keywords\":[\"Argentina\",\"Astronom\u00eda\",\"Chile\",\"Coronavirus\",\"eclipse\",\"eclipse solar\",\"eclipse solar 2020\",\"Latinoam\u00e9rica\",\"luna\",\"pandemia\",\"sol\",\"Sudam\u00e9rica\",\"turismo\"],\"articleSection\":[\"Ciencia y Tecnolog\u00eda\"],\"inLanguage\":\"es\",\"potentialAction\":[{\"@type\":\"CommentAction\",\"name\":\"Comment\",\"target\":[\"https:\/\/www.sonoraenequipo.com.mx\/habra-eclipse-solar-total-el-14-de-diciembre-y-podra-ser-observado-en-varias-partes-de-sudamerica\/#respond\"]}]},{\"@type\":\"WebPage\",\"@id\":\"https:\/\/www.sonoraenequipo.com.mx\/habra-eclipse-solar-total-el-14-de-diciembre-y-podra-ser-observado-en-varias-partes-de-sudamerica\/\",\"url\":\"https:\/\/www.sonoraenequipo.com.mx\/habra-eclipse-solar-total-el-14-de-diciembre-y-podra-ser-observado-en-varias-partes-de-sudamerica\/\",\"name\":\"Sonora en Equipo. Habr\u00e1 eclipse solar total el 14 de diciembre y podr\u00e1 ser observado en varias partes de Sudam\u00e9rica Ciencia y Tecnolog\u00eda\",\"isPartOf\":{\"@id\":\"https:\/\/www.sonoraenequipo.com.mx\/#website\"},\"primaryImageOfPage\":{\"@id\":\"https:\/\/www.sonoraenequipo.com.mx\/habra-eclipse-solar-total-el-14-de-diciembre-y-podra-ser-observado-en-varias-partes-de-sudamerica\/#primaryimage\"},\"image\":{\"@id\":\"https:\/\/www.sonoraenequipo.com.mx\/habra-eclipse-solar-total-el-14-de-diciembre-y-podra-ser-observado-en-varias-partes-de-sudamerica\/#primaryimage\"},\"thumbnailUrl\":\"https:\/\/www.sonoraenequipo.com.mx\/storage\/2020\/12\/eclilunar_opt.jpg\",\"datePublished\":\"2020-12-08T06:55:53+00:00\",\"description\":\"BUENOS AIRES, ARGENTINA. \u2014 El fen\u00f3meno astron\u00f3mico se podr\u00e1 apreciar el 14 de diciembre en varios pa\u00edses de la parte sur del continente, especialmente en En Sonora en Equipo publicamos toda la informaci\u00f3n de Sonora, M\u00e9xico y el Mundo de manera oportuna y busca que la libertad de expresi\u00f3n sea real. Visita nuestro medio informativo publicado desde Hermosillo, Sonora. %\",\"breadcrumb\":{\"@id\":\"https:\/\/www.sonoraenequipo.com.mx\/habra-eclipse-solar-total-el-14-de-diciembre-y-podra-ser-observado-en-varias-partes-de-sudamerica\/#breadcrumb\"},\"inLanguage\":\"es\",\"potentialAction\":[{\"@type\":\"ReadAction\",\"target\":[\"https:\/\/www.sonoraenequipo.com.mx\/habra-eclipse-solar-total-el-14-de-diciembre-y-podra-ser-observado-en-varias-partes-de-sudamerica\/\"]}]},{\"@type\":\"ImageObject\",\"inLanguage\":\"es\",\"@id\":\"https:\/\/www.sonoraenequipo.com.mx\/habra-eclipse-solar-total-el-14-de-diciembre-y-podra-ser-observado-en-varias-partes-de-sudamerica\/#primaryimage\",\"url\":\"https:\/\/www.sonoraenequipo.com.mx\/storage\/2020\/12\/eclilunar_opt.jpg\",\"contentUrl\":\"https:\/\/www.sonoraenequipo.com.mx\/storage\/2020\/12\/eclilunar_opt.jpg\",\"width\":874,\"height\":492},{\"@type\":\"BreadcrumbList\",\"@id\":\"https:\/\/www.sonoraenequipo.com.mx\/habra-eclipse-solar-total-el-14-de-diciembre-y-podra-ser-observado-en-varias-partes-de-sudamerica\/#breadcrumb\",\"itemListElement\":[{\"@type\":\"ListItem\",\"position\":1,\"name\":\"Portada\",\"item\":\"https:\/\/www.sonoraenequipo.com.mx\/\"},{\"@type\":\"ListItem\",\"position\":2,\"name\":\"Habr\u00e1 eclipse solar total el 14 de diciembre y podr\u00e1 ser observado en varias partes de Sudam\u00e9rica\"}]},{\"@type\":\"WebSite\",\"@id\":\"https:\/\/www.sonoraenequipo.com.mx\/#website\",\"url\":\"https:\/\/www.sonoraenequipo.com.mx\/\",\"name\":\"Sonora en Equipo.\",\"description\":\"Diario en l\u00ednea con Noticias desde Hermosillo, Sonora\",\"publisher\":{\"@id\":\"https:\/\/www.sonoraenequipo.com.mx\/#organization\"},\"potentialAction\":[{\"@type\":\"SearchAction\",\"target\":{\"@type\":\"EntryPoint\",\"urlTemplate\":\"https:\/\/www.sonoraenequipo.com.mx\/?s={search_term_string}\"},\"query-input\":{\"@type\":\"PropertyValueSpecification\",\"valueRequired\":true,\"valueName\":\"search_term_string\"}}],\"inLanguage\":\"es\"},{\"@type\":\"Organization\",\"@id\":\"https:\/\/www.sonoraenequipo.com.mx\/#organization\",\"name\":\"Sonoraenequipo.com.mx\",\"url\":\"https:\/\/www.sonoraenequipo.com.mx\/\",\"logo\":{\"@type\":\"ImageObject\",\"inLanguage\":\"es\",\"@id\":\"https:\/\/www.sonoraenequipo.com.mx\/#\/schema\/logo\/image\/\",\"url\":\"https:\/\/www.sonoraenequipo.com.mx\/storage\/2019\/01\/sonoraenequipo_opt.png\",\"contentUrl\":\"https:\/\/www.sonoraenequipo.com.mx\/storage\/2019\/01\/sonoraenequipo_opt.png\",\"width\":375,\"height\":125,\"caption\":\"Sonoraenequipo.com.mx\"},\"image\":{\"@id\":\"https:\/\/www.sonoraenequipo.com.mx\/#\/schema\/logo\/image\/\"},\"sameAs\":[\"https:\/\/www.facebook.com\/SonoraEE\/\",\"https:\/\/x.com\/sonoraenequipo\",\"https:\/\/www.youtube.com\/channel\/UC338nW-lPEYmJQs4ZABQ1SQ\"]},{\"@type\":\"Person\",\"@id\":\"https:\/\/www.sonoraenequipo.com.mx\/#\/schema\/person\/50102df0fb23a8fa9e8effad8fa81386\",\"name\":\"enequipo\",\"image\":{\"@type\":\"ImageObject\",\"inLanguage\":\"es\",\"@id\":\"https:\/\/www.sonoraenequipo.com.mx\/#\/schema\/person\/image\/\",\"url\":\"https:\/\/secure.gravatar.com\/avatar\/049821681b589dabc0bc20695993ccebb09f5b5d4d790cd9251b97faac7c652b?s=96&d=blank&r=g\",\"contentUrl\":\"https:\/\/secure.gravatar.com\/avatar\/049821681b589dabc0bc20695993ccebb09f5b5d4d790cd9251b97faac7c652b?s=96&d=blank&r=g\",\"caption\":\"enequipo\"},\"sameAs\":[\"https:\/\/www.facebook.com\/SonoraEE\"]}]}<\/script>\n ","yoast_head_json":{"title":"Sonora en Equipo. Habr\u00e1 eclipse solar total el 14 de diciembre y podr\u00e1 ser observado en varias partes de Sudam\u00e9rica Ciencia y Tecnolog\u00eda","description":"BUENOS AIRES, ARGENTINA. \u2014 El fen\u00f3meno astron\u00f3mico se podr\u00e1 apreciar el 14 de diciembre en varios pa\u00edses de la parte sur del continente, especialmente en En Sonora en Equipo publicamos toda la informaci\u00f3n de Sonora, M\u00e9xico y el Mundo de manera oportuna y busca que la libertad de expresi\u00f3n sea real. Visita nuestro medio informativo publicado desde Hermosillo, Sonora. %","robots":{"index":"index","follow":"follow","max-snippet":"max-snippet:-1","max-image-preview":"max-image-preview:large","max-video-preview":"max-video-preview:-1"},"canonical":"https:\/\/www.sonoraenequipo.com.mx\/habra-eclipse-solar-total-el-14-de-diciembre-y-podra-ser-observado-en-varias-partes-de-sudamerica\/","og_locale":"es_ES","og_type":"article","og_title":"Sonora en Equipo. Habr\u00e1 eclipse solar total el 14 de diciembre y podr\u00e1 ser observado en varias partes de Sudam\u00e9rica Ciencia y Tecnolog\u00eda","og_description":"BUENOS AIRES, ARGENTINA. \u2014 El fen\u00f3meno astron\u00f3mico se podr\u00e1 apreciar el 14 de diciembre en varios pa\u00edses de la parte sur del continente, especialmente en En Sonora en Equipo publicamos toda la informaci\u00f3n de Sonora, M\u00e9xico y el Mundo de manera oportuna y busca que la libertad de expresi\u00f3n sea real. Visita nuestro medio informativo publicado desde Hermosillo, Sonora. %","og_url":"https:\/\/www.sonoraenequipo.com.mx\/habra-eclipse-solar-total-el-14-de-diciembre-y-podra-ser-observado-en-varias-partes-de-sudamerica\/","og_site_name":"Sonora en Equipo.","article_publisher":"https:\/\/www.facebook.com\/SonoraEE\/","article_author":"https:\/\/www.facebook.com\/SonoraEE","article_published_time":"2020-12-08T06:55:53+00:00","og_image":[{"width":874,"height":492,"url":"https:\/\/www.sonoraenequipo.com.mx\/storage\/2020\/12\/eclilunar_opt.jpg","type":"image\/jpeg"}],"author":"enequipo","twitter_card":"summary_large_image","twitter_creator":"@sonoraenequipo","twitter_site":"@sonoraenequipo","twitter_misc":{"Escrito por":"enequipo","Tiempo de lectura":"3 minutos"},"schema":{"@context":"https:\/\/schema.org","@graph":[{"@type":"Article","@id":"https:\/\/www.sonoraenequipo.com.mx\/habra-eclipse-solar-total-el-14-de-diciembre-y-podra-ser-observado-en-varias-partes-de-sudamerica\/#article","isPartOf":{"@id":"https:\/\/www.sonoraenequipo.com.mx\/habra-eclipse-solar-total-el-14-de-diciembre-y-podra-ser-observado-en-varias-partes-de-sudamerica\/"},"author":{"name":"enequipo","@id":"https:\/\/www.sonoraenequipo.com.mx\/#\/schema\/person\/50102df0fb23a8fa9e8effad8fa81386"},"headline":"Habr\u00e1 eclipse solar total el 14 de diciembre y podr\u00e1 ser observado en varias partes de Sudam\u00e9rica","datePublished":"2020-12-08T06:55:53+00:00","mainEntityOfPage":{"@id":"https:\/\/www.sonoraenequipo.com.mx\/habra-eclipse-solar-total-el-14-de-diciembre-y-podra-ser-observado-en-varias-partes-de-sudamerica\/"},"wordCount":675,"commentCount":0,"publisher":{"@id":"https:\/\/www.sonoraenequipo.com.mx\/#organization"},"image":{"@id":"https:\/\/www.sonoraenequipo.com.mx\/habra-eclipse-solar-total-el-14-de-diciembre-y-podra-ser-observado-en-varias-partes-de-sudamerica\/#primaryimage"},"thumbnailUrl":"https:\/\/www.sonoraenequipo.com.mx\/storage\/2020\/12\/eclilunar_opt.jpg","keywords":["Argentina","Astronom\u00eda","Chile","Coronavirus","eclipse","eclipse solar","eclipse solar 2020","Latinoam\u00e9rica","luna","pandemia","sol","Sudam\u00e9rica","turismo"],"articleSection":["Ciencia y Tecnolog\u00eda"],"inLanguage":"es","potentialAction":[{"@type":"CommentAction","name":"Comment","target":["https:\/\/www.sonoraenequipo.com.mx\/habra-eclipse-solar-total-el-14-de-diciembre-y-podra-ser-observado-en-varias-partes-de-sudamerica\/#respond"]}]},{"@type":"WebPage","@id":"https:\/\/www.sonoraenequipo.com.mx\/habra-eclipse-solar-total-el-14-de-diciembre-y-podra-ser-observado-en-varias-partes-de-sudamerica\/","url":"https:\/\/www.sonoraenequipo.com.mx\/habra-eclipse-solar-total-el-14-de-diciembre-y-podra-ser-observado-en-varias-partes-de-sudamerica\/","name":"Sonora en Equipo. Habr\u00e1 eclipse solar total el 14 de diciembre y podr\u00e1 ser observado en varias partes de Sudam\u00e9rica Ciencia y Tecnolog\u00eda","isPartOf":{"@id":"https:\/\/www.sonoraenequipo.com.mx\/#website"},"primaryImageOfPage":{"@id":"https:\/\/www.sonoraenequipo.com.mx\/habra-eclipse-solar-total-el-14-de-diciembre-y-podra-ser-observado-en-varias-partes-de-sudamerica\/#primaryimage"},"image":{"@id":"https:\/\/www.sonoraenequipo.com.mx\/habra-eclipse-solar-total-el-14-de-diciembre-y-podra-ser-observado-en-varias-partes-de-sudamerica\/#primaryimage"},"thumbnailUrl":"https:\/\/www.sonoraenequipo.com.mx\/storage\/2020\/12\/eclilunar_opt.jpg","datePublished":"2020-12-08T06:55:53+00:00","description":"BUENOS AIRES, ARGENTINA. \u2014 El fen\u00f3meno astron\u00f3mico se podr\u00e1 apreciar el 14 de diciembre en varios pa\u00edses de la parte sur del continente, especialmente en En Sonora en Equipo publicamos toda la informaci\u00f3n de Sonora, M\u00e9xico y el Mundo de manera oportuna y busca que la libertad de expresi\u00f3n sea real. Visita nuestro medio informativo publicado desde Hermosillo, Sonora. %","breadcrumb":{"@id":"https:\/\/www.sonoraenequipo.com.mx\/habra-eclipse-solar-total-el-14-de-diciembre-y-podra-ser-observado-en-varias-partes-de-sudamerica\/#breadcrumb"},"inLanguage":"es","potentialAction":[{"@type":"ReadAction","target":["https:\/\/www.sonoraenequipo.com.mx\/habra-eclipse-solar-total-el-14-de-diciembre-y-podra-ser-observado-en-varias-partes-de-sudamerica\/"]}]},{"@type":"ImageObject","inLanguage":"es","@id":"https:\/\/www.sonoraenequipo.com.mx\/habra-eclipse-solar-total-el-14-de-diciembre-y-podra-ser-observado-en-varias-partes-de-sudamerica\/#primaryimage","url":"https:\/\/www.sonoraenequipo.com.mx\/storage\/2020\/12\/eclilunar_opt.jpg","contentUrl":"https:\/\/www.sonoraenequipo.com.mx\/storage\/2020\/12\/eclilunar_opt.jpg","width":874,"height":492},{"@type":"BreadcrumbList","@id":"https:\/\/www.sonoraenequipo.com.mx\/habra-eclipse-solar-total-el-14-de-diciembre-y-podra-ser-observado-en-varias-partes-de-sudamerica\/#breadcrumb","itemListElement":[{"@type":"ListItem","position":1,"name":"Portada","item":"https:\/\/www.sonoraenequipo.com.mx\/"},{"@type":"ListItem","position":2,"name":"Habr\u00e1 eclipse solar total el 14 de diciembre y podr\u00e1 ser observado en varias partes de Sudam\u00e9rica"}]},{"@type":"WebSite","@id":"https:\/\/www.sonoraenequipo.com.mx\/#website","url":"https:\/\/www.sonoraenequipo.com.mx\/","name":"Sonora en Equipo.","description":"Diario en l\u00ednea con Noticias desde Hermosillo, Sonora","publisher":{"@id":"https:\/\/www.sonoraenequipo.com.mx\/#organization"},"potentialAction":[{"@type":"SearchAction","target":{"@type":"EntryPoint","urlTemplate":"https:\/\/www.sonoraenequipo.com.mx\/?s={search_term_string}"},"query-input":{"@type":"PropertyValueSpecification","valueRequired":true,"valueName":"search_term_string"}}],"inLanguage":"es"},{"@type":"Organization","@id":"https:\/\/www.sonoraenequipo.com.mx\/#organization","name":"Sonoraenequipo.com.mx","url":"https:\/\/www.sonoraenequipo.com.mx\/","logo":{"@type":"ImageObject","inLanguage":"es","@id":"https:\/\/www.sonoraenequipo.com.mx\/#\/schema\/logo\/image\/","url":"https:\/\/www.sonoraenequipo.com.mx\/storage\/2019\/01\/sonoraenequipo_opt.png","contentUrl":"https:\/\/www.sonoraenequipo.com.mx\/storage\/2019\/01\/sonoraenequipo_opt.png","width":375,"height":125,"caption":"Sonoraenequipo.com.mx"},"image":{"@id":"https:\/\/www.sonoraenequipo.com.mx\/#\/schema\/logo\/image\/"},"sameAs":["https:\/\/www.facebook.com\/SonoraEE\/","https:\/\/x.com\/sonoraenequipo","https:\/\/www.youtube.com\/channel\/UC338nW-lPEYmJQs4ZABQ1SQ"]},{"@type":"Person","@id":"https:\/\/www.sonoraenequipo.com.mx\/#\/schema\/person\/50102df0fb23a8fa9e8effad8fa81386","name":"enequipo","image":{"@type":"ImageObject","inLanguage":"es","@id":"https:\/\/www.sonoraenequipo.com.mx\/#\/schema\/person\/image\/","url":"https:\/\/secure.gravatar.com\/avatar\/049821681b589dabc0bc20695993ccebb09f5b5d4d790cd9251b97faac7c652b?s=96&d=blank&r=g","contentUrl":"https:\/\/secure.gravatar.com\/avatar\/049821681b589dabc0bc20695993ccebb09f5b5d4d790cd9251b97faac7c652b?s=96&d=blank&r=g","caption":"enequipo"},"sameAs":["https:\/\/www.facebook.com\/SonoraEE"]}]}},"jetpack_featured_media_url":"https:\/\/www.sonoraenequipo.com.mx\/storage\/2020\/12\/eclilunar_opt.jpg","_links":{"self":[{"href":"https:\/\/www.sonoraenequipo.com.mx\/api\/wp\/v2\/posts\/102169","targetHints":{"allow":["GET"]}}],"collection":[{"href":"https:\/\/www.sonoraenequipo.com.mx\/api\/wp\/v2\/posts"}],"about":[{"href":"https:\/\/www.sonoraenequipo.com.mx\/api\/wp\/v2\/types\/post"}],"author":[{"embeddable":true,"href":"https:\/\/www.sonoraenequipo.com.mx\/api\/wp\/v2\/users\/1"}],"replies":[{"embeddable":true,"href":"https:\/\/www.sonoraenequipo.com.mx\/api\/wp\/v2\/comments?post=102169"}],"version-history":[{"count":1,"href":"https:\/\/www.sonoraenequipo.com.mx\/api\/wp\/v2\/posts\/102169\/revisions"}],"predecessor-version":[{"id":102173,"href":"https:\/\/www.sonoraenequipo.com.mx\/api\/wp\/v2\/posts\/102169\/revisions\/102173"}],"wp:featuredmedia":[{"embeddable":true,"href":"https:\/\/www.sonoraenequipo.com.mx\/api\/wp\/v2\/media\/102172"}],"wp:attachment":[{"href":"https:\/\/www.sonoraenequipo.com.mx\/api\/wp\/v2\/media?parent=102169"}],"wp:term":[{"taxonomy":"category","embeddable":true,"href":"https:\/\/www.sonoraenequipo.com.mx\/api\/wp\/v2\/categories?post=102169"},{"taxonomy":"post_tag","embeddable":true,"href":"https:\/\/www.sonoraenequipo.com.mx\/api\/wp\/v2\/tags?post=102169"}],"curies":[{"name":"wp","href":"https:\/\/api.w.org\/{rel}","templated":true}]}}