{"id":102174,"date":"2020-12-07T22:42:35","date_gmt":"2020-12-08T05:42:35","guid":{"rendered":"https:\/\/www.sonoraenequipo.com.mx\/?p=102174"},"modified":"2020-12-07T22:42:35","modified_gmt":"2020-12-08T05:42:35","slug":"pide-secretario-de-salud-a-sonorenses-hacer-lo-correcto-para-no-pasar-navidad-en-un-hospital","status":"publish","type":"post","link":"https:\/\/www.sonoraenequipo.com.mx\/pide-secretario-de-salud-a-sonorenses-hacer-lo-correcto-para-no-pasar-navidad-en-un-hospital\/","title":{"rendered":"Pide secretario de Salud a sonorenses hacer lo correcto para no pasar Navidad en un hospital"},"content":{"rendered":"<p><strong>&gt;&gt; \u201cDi No a las posadas\u201d, dice<\/strong><\/p>\n<p><strong>&gt;&gt;Hoy se confirmaron 249 casos nuevos y 8 decesos m\u00e1s por COVID-19 en Sonora<\/strong><\/p>\n<p>HERMOSILLO, SONORA,MX.\u2500\u2500 Ante el incremento de casos y hospitalizaciones por COVID-19 en la entidad y luego de confirmarse 249 nuevos contagios y 8 fallecimientos m\u00e1s en Sonora, Enrique Clausen Iberri, secretario de Salud en el estado pidi\u00f3 a las y los sonorenses evitar festejos con motivo de las fechas decembrinas, para reducir la propagaci\u00f3n del virus y no pasar Navidad en un hospital.<\/p>\n<p>&nbsp;<\/p>\n<p>\u201cEs preocupante c\u00f3mo sigue creciendo la ocupaci\u00f3n hospitalaria en Sonora y sin embargo, veo el entusiasmo de mucha gente para realizar sus posadas navide\u00f1as. \u00bfQu\u00e9 caso tiene que nos toque pasar Navidad en los hospitales?\u201d<\/p>\n<p>La solicitud de esta Secretar\u00eda de Salud es: Di no a las posadas y evita m\u00e1s tristeza, ya habr\u00e1 tiempo para festejos\u201d, dijo.<\/p>\n<p>&nbsp;<\/p>\n<p>Agreg\u00f3 que el distanciamiento social es m\u00e1s que mantenerse alejado de las personas que est\u00e1n enfermas, que tosen o que no se encuentran bien, significa mantener una distancia segura con respecto a las personas que no viven en la misma casa, incluso con las que parecen sentirse perfectamente bien.<\/p>\n<p>&nbsp;<\/p>\n<p>\u201cPuedes sentirte agobiado porque te pedimos no hacer salidas innecesarias, pero cr\u00e9eme, que el agobio ser\u00eda mayor si estuvieras en un hospital o despidiendo a un ser querido; yo s\u00e9 que lo que te pido no es f\u00e1cil, y menos en estas fechas, a nadie le gusta dejar de ver a la gente con quien le gusta estar, pero ya hemos hecho muchos sacrificios como para rendirnos en el \u00faltimo momento, ahora que la vacuna est\u00e1 tan cerca\u201d, indic\u00f3.<\/p>\n<p>&nbsp;<\/p>\n<p>Clausen Iberri resalt\u00f3 la importancia de continuar con la regla de tres: uso de cubrebocas, lavado frecuente de manos y el distanciamiento social como principales herramientas para hacer frente al virus.<\/p>\n<p>&nbsp;<\/p>\n<p>\u201cSeguir cuid\u00e1ndonos es algo que cada uno podemos hacer para proteger a mucha gente, incluyendo la gente que no conocemos. Es dif\u00edcil, pero vale mucho la pena. Y no durar\u00e1 para siempre. Volveremos a la normalidad\u201d, se\u00f1al\u00f3.<\/p>\n<p>&nbsp;<\/p>\n<p>Hoy se confirmaron 8 decesos m\u00e1s por COVID-19, en 6 hombres y 2 mujeres, residentes de: Nogales 4; Agua Prieta 2; Magdalena y Cajeme 1 cada uno; con los que se acumulan 3 mil 484 defunciones.<\/p>\n<p>&nbsp;<\/p>\n<p>Este d\u00eda, se sumaron 249 nuevos contagios nuevos, en 140 mujeres y 109 hombres, acumul\u00e1ndose 44 mil 860 en total; son pacientes residentes de: Hermosillo 118; Nogales 53; San Luis R\u00edo Colorado 22; Magdalena 21; General Plutarco El\u00edas Calles 9; Puerto Pe\u00f1asco 8; Santa Ana 6; San Ignacio R\u00edo Muerto 4; Cajeme 3; \u00cdmuris 2; Benjam\u00edn Hill, Navojoa y Cananea 1 cada uno.<\/p>\n<p>&nbsp;<\/p>\n<p>Hoy no se confirmaron casos pedi\u00e1tricos y se sumaron 3 casos en mujeres embarazadas, para sumar 329 en total.<\/p>\n<p>&nbsp;<\/p>\n<p>A la fecha, se consideran recuperados de la enfermedad, 38 mil 605 personas en el estado.<\/p>\n<p>Fecha de\u00a0 publicaci\u00f3n 07 \/dic\/2020<\/p>\n","protected":false},"excerpt":{"rendered":"<p>&gt;&gt; \u201cDi No a las posadas\u201d, dice &gt;&gt;Hoy se confirmaron 249 casos nuevos y 8&#8230;<\/p>\n","protected":false},"author":1,"featured_media":102175,"comment_status":"open","ping_status":"open","sticky":false,"template":"","format":"standard","meta":{"_monsterinsights_skip_tracking":false,"_monsterinsights_sitenote_active":false,"_monsterinsights_sitenote_note":"","_monsterinsights_sitenote_category":0,"footnotes":""},"categories":[22],"tags":[4249,15],"class_list":["post"],"yoast_head":" \n<title>Sonora en Equipo. Pide secretario de Salud a sonorenses hacer lo correcto para no pasar Navidad en un hospital Sonora<\/title>\n<meta name=\"description\" content=\"&gt;&gt; \u201cDi No a las posadas\u201d, dice &gt;&gt;Hoy se confirmaron 249 casos nuevos y 8 decesos m\u00e1s por COVID-19 en Sonora HERMOSILLO, SONORA,MX.\u2500\u2500 Ante el En Sonora en Equipo publicamos toda la informaci\u00f3n de Sonora, M\u00e9xico y el Mundo de manera oportuna y busca que la libertad de expresi\u00f3n sea real. Visita nuestro medio informativo publicado desde Hermosillo, Sonora. %\" \/>\n<meta name=\"robots\" content=\"index, follow, max-snippet:-1, max-image-preview:large, max-video-preview:-1\" \/>\n<link rel=\"canonical\" href=\"https:\/\/www.sonoraenequipo.com.mx\/pide-secretario-de-salud-a-sonorenses-hacer-lo-correcto-para-no-pasar-navidad-en-un-hospital\/\" \/>\n<meta property=\"og:locale\" content=\"es_ES\" \/>\n<meta property=\"og:type\" content=\"article\" \/>\n<meta property=\"og:title\" content=\"Sonora en Equipo. Pide secretario de Salud a sonorenses hacer lo correcto para no pasar Navidad en un hospital Sonora\" \/>\n<meta property=\"og:description\" content=\"&gt;&gt; \u201cDi No a las posadas\u201d, dice &gt;&gt;Hoy se confirmaron 249 casos nuevos y 8 decesos m\u00e1s por COVID-19 en Sonora HERMOSILLO, SONORA,MX.\u2500\u2500 Ante el En Sonora en Equipo publicamos toda la informaci\u00f3n de Sonora, M\u00e9xico y el Mundo de manera oportuna y busca que la libertad de expresi\u00f3n sea real. Visita nuestro medio informativo publicado desde Hermosillo, Sonora. %\" \/>\n<meta property=\"og:url\" content=\"https:\/\/www.sonoraenequipo.com.mx\/pide-secretario-de-salud-a-sonorenses-hacer-lo-correcto-para-no-pasar-navidad-en-un-hospital\/\" \/>\n<meta property=\"og:site_name\" content=\"Sonora en Equipo.\" \/>\n<meta property=\"article:publisher\" content=\"https:\/\/www.facebook.com\/SonoraEE\/\" \/>\n<meta property=\"article:author\" content=\"https:\/\/www.facebook.com\/SonoraEE\" \/>\n<meta property=\"article:published_time\" content=\"2020-12-08T05:42:35+00:00\" \/>\n<meta property=\"og:image\" content=\"https:\/\/www.sonoraenequipo.com.mx\/storage\/2020\/12\/posada.jpg\" \/>\n\t<meta property=\"og:image:width\" content=\"600\" \/>\n\t<meta property=\"og:image:height\" content=\"400\" \/>\n\t<meta property=\"og:image:type\" content=\"image\/jpeg\" \/>\n<meta name=\"author\" content=\"enequipo\" \/>\n<meta name=\"twitter:card\" content=\"summary_large_image\" \/>\n<meta name=\"twitter:creator\" content=\"@sonoraenequipo\" \/>\n<meta name=\"twitter:site\" content=\"@sonoraenequipo\" \/>\n<meta name=\"twitter:label1\" content=\"Escrito por\" \/>\n\t<meta name=\"twitter:data1\" content=\"enequipo\" \/>\n\t<meta name=\"twitter:label2\" content=\"Tiempo de lectura\" \/>\n\t<meta name=\"twitter:data2\" content=\"2 minutos\" \/>\n<script type=\"application\/ld+json\" class=\"yoast-schema-graph\">{\"@context\":\"https:\/\/schema.org\",\"@graph\":[{\"@type\":\"Article\",\"@id\":\"https:\/\/www.sonoraenequipo.com.mx\/pide-secretario-de-salud-a-sonorenses-hacer-lo-correcto-para-no-pasar-navidad-en-un-hospital\/#article\",\"isPartOf\":{\"@id\":\"https:\/\/www.sonoraenequipo.com.mx\/pide-secretario-de-salud-a-sonorenses-hacer-lo-correcto-para-no-pasar-navidad-en-un-hospital\/\"},\"author\":{\"name\":\"enequipo\",\"@id\":\"https:\/\/www.sonoraenequipo.com.mx\/#\/schema\/person\/50102df0fb23a8fa9e8effad8fa81386\"},\"headline\":\"Pide secretario de Salud a sonorenses hacer lo correcto para no pasar Navidad en un hospital\",\"datePublished\":\"2020-12-08T05:42:35+00:00\",\"mainEntityOfPage\":{\"@id\":\"https:\/\/www.sonoraenequipo.com.mx\/pide-secretario-de-salud-a-sonorenses-hacer-lo-correcto-para-no-pasar-navidad-en-un-hospital\/\"},\"wordCount\":499,\"commentCount\":0,\"publisher\":{\"@id\":\"https:\/\/www.sonoraenequipo.com.mx\/#organization\"},\"image\":{\"@id\":\"https:\/\/www.sonoraenequipo.com.mx\/pide-secretario-de-salud-a-sonorenses-hacer-lo-correcto-para-no-pasar-navidad-en-un-hospital\/#primaryimage\"},\"thumbnailUrl\":\"https:\/\/www.sonoraenequipo.com.mx\/storage\/2020\/12\/posada.jpg\",\"keywords\":[\"covid\",\"Sonora\"],\"articleSection\":[\"Sonora\"],\"inLanguage\":\"es\",\"potentialAction\":[{\"@type\":\"CommentAction\",\"name\":\"Comment\",\"target\":[\"https:\/\/www.sonoraenequipo.com.mx\/pide-secretario-de-salud-a-sonorenses-hacer-lo-correcto-para-no-pasar-navidad-en-un-hospital\/#respond\"]}]},{\"@type\":\"WebPage\",\"@id\":\"https:\/\/www.sonoraenequipo.com.mx\/pide-secretario-de-salud-a-sonorenses-hacer-lo-correcto-para-no-pasar-navidad-en-un-hospital\/\",\"url\":\"https:\/\/www.sonoraenequipo.com.mx\/pide-secretario-de-salud-a-sonorenses-hacer-lo-correcto-para-no-pasar-navidad-en-un-hospital\/\",\"name\":\"Sonora en Equipo. Pide secretario de Salud a sonorenses hacer lo correcto para no pasar Navidad en un hospital Sonora\",\"isPartOf\":{\"@id\":\"https:\/\/www.sonoraenequipo.com.mx\/#website\"},\"primaryImageOfPage\":{\"@id\":\"https:\/\/www.sonoraenequipo.com.mx\/pide-secretario-de-salud-a-sonorenses-hacer-lo-correcto-para-no-pasar-navidad-en-un-hospital\/#primaryimage\"},\"image\":{\"@id\":\"https:\/\/www.sonoraenequipo.com.mx\/pide-secretario-de-salud-a-sonorenses-hacer-lo-correcto-para-no-pasar-navidad-en-un-hospital\/#primaryimage\"},\"thumbnailUrl\":\"https:\/\/www.sonoraenequipo.com.mx\/storage\/2020\/12\/posada.jpg\",\"datePublished\":\"2020-12-08T05:42:35+00:00\",\"description\":\"&gt;&gt; \u201cDi No a las posadas\u201d, dice &gt;&gt;Hoy se confirmaron 249 casos nuevos y 8 decesos m\u00e1s por COVID-19 en Sonora HERMOSILLO, SONORA,MX.\u2500\u2500 Ante el En Sonora en Equipo publicamos toda la informaci\u00f3n de Sonora, M\u00e9xico y el Mundo de manera oportuna y busca que la libertad de expresi\u00f3n sea real. Visita nuestro medio informativo publicado desde Hermosillo, Sonora. %\",\"breadcrumb\":{\"@id\":\"https:\/\/www.sonoraenequipo.com.mx\/pide-secretario-de-salud-a-sonorenses-hacer-lo-correcto-para-no-pasar-navidad-en-un-hospital\/#breadcrumb\"},\"inLanguage\":\"es\",\"potentialAction\":[{\"@type\":\"ReadAction\",\"target\":[\"https:\/\/www.sonoraenequipo.com.mx\/pide-secretario-de-salud-a-sonorenses-hacer-lo-correcto-para-no-pasar-navidad-en-un-hospital\/\"]}]},{\"@type\":\"ImageObject\",\"inLanguage\":\"es\",\"@id\":\"https:\/\/www.sonoraenequipo.com.mx\/pide-secretario-de-salud-a-sonorenses-hacer-lo-correcto-para-no-pasar-navidad-en-un-hospital\/#primaryimage\",\"url\":\"https:\/\/www.sonoraenequipo.com.mx\/storage\/2020\/12\/posada.jpg\",\"contentUrl\":\"https:\/\/www.sonoraenequipo.com.mx\/storage\/2020\/12\/posada.jpg\",\"width\":600,\"height\":400},{\"@type\":\"BreadcrumbList\",\"@id\":\"https:\/\/www.sonoraenequipo.com.mx\/pide-secretario-de-salud-a-sonorenses-hacer-lo-correcto-para-no-pasar-navidad-en-un-hospital\/#breadcrumb\",\"itemListElement\":[{\"@type\":\"ListItem\",\"position\":1,\"name\":\"Portada\",\"item\":\"https:\/\/www.sonoraenequipo.com.mx\/\"},{\"@type\":\"ListItem\",\"position\":2,\"name\":\"Pide secretario de Salud a sonorenses hacer lo correcto para no pasar Navidad en un hospital\"}]},{\"@type\":\"WebSite\",\"@id\":\"https:\/\/www.sonoraenequipo.com.mx\/#website\",\"url\":\"https:\/\/www.sonoraenequipo.com.mx\/\",\"name\":\"Sonora en Equipo.\",\"description\":\"Diario en l\u00ednea con Noticias desde Hermosillo, Sonora\",\"publisher\":{\"@id\":\"https:\/\/www.sonoraenequipo.com.mx\/#organization\"},\"potentialAction\":[{\"@type\":\"SearchAction\",\"target\":{\"@type\":\"EntryPoint\",\"urlTemplate\":\"https:\/\/www.sonoraenequipo.com.mx\/?s={search_term_string}\"},\"query-input\":{\"@type\":\"PropertyValueSpecification\",\"valueRequired\":true,\"valueName\":\"search_term_string\"}}],\"inLanguage\":\"es\"},{\"@type\":\"Organization\",\"@id\":\"https:\/\/www.sonoraenequipo.com.mx\/#organization\",\"name\":\"Sonoraenequipo.com.mx\",\"url\":\"https:\/\/www.sonoraenequipo.com.mx\/\",\"logo\":{\"@type\":\"ImageObject\",\"inLanguage\":\"es\",\"@id\":\"https:\/\/www.sonoraenequipo.com.mx\/#\/schema\/logo\/image\/\",\"url\":\"https:\/\/www.sonoraenequipo.com.mx\/storage\/2019\/01\/sonoraenequipo_opt.png\",\"contentUrl\":\"https:\/\/www.sonoraenequipo.com.mx\/storage\/2019\/01\/sonoraenequipo_opt.png\",\"width\":375,\"height\":125,\"caption\":\"Sonoraenequipo.com.mx\"},\"image\":{\"@id\":\"https:\/\/www.sonoraenequipo.com.mx\/#\/schema\/logo\/image\/\"},\"sameAs\":[\"https:\/\/www.facebook.com\/SonoraEE\/\",\"https:\/\/x.com\/sonoraenequipo\",\"https:\/\/www.youtube.com\/channel\/UC338nW-lPEYmJQs4ZABQ1SQ\"]},{\"@type\":\"Person\",\"@id\":\"https:\/\/www.sonoraenequipo.com.mx\/#\/schema\/person\/50102df0fb23a8fa9e8effad8fa81386\",\"name\":\"enequipo\",\"image\":{\"@type\":\"ImageObject\",\"inLanguage\":\"es\",\"@id\":\"https:\/\/www.sonoraenequipo.com.mx\/#\/schema\/person\/image\/\",\"url\":\"https:\/\/secure.gravatar.com\/avatar\/049821681b589dabc0bc20695993ccebb09f5b5d4d790cd9251b97faac7c652b?s=96&d=blank&r=g\",\"contentUrl\":\"https:\/\/secure.gravatar.com\/avatar\/049821681b589dabc0bc20695993ccebb09f5b5d4d790cd9251b97faac7c652b?s=96&d=blank&r=g\",\"caption\":\"enequipo\"},\"sameAs\":[\"https:\/\/www.facebook.com\/SonoraEE\"]}]}<\/script>\n ","yoast_head_json":{"title":"Sonora en Equipo. Pide secretario de Salud a sonorenses hacer lo correcto para no pasar Navidad en un hospital Sonora","description":"&gt;&gt; \u201cDi No a las posadas\u201d, dice &gt;&gt;Hoy se confirmaron 249 casos nuevos y 8 decesos m\u00e1s por COVID-19 en Sonora HERMOSILLO, SONORA,MX.\u2500\u2500 Ante el En Sonora en Equipo publicamos toda la informaci\u00f3n de Sonora, M\u00e9xico y el Mundo de manera oportuna y busca que la libertad de expresi\u00f3n sea real. Visita nuestro medio informativo publicado desde Hermosillo, Sonora. %","robots":{"index":"index","follow":"follow","max-snippet":"max-snippet:-1","max-image-preview":"max-image-preview:large","max-video-preview":"max-video-preview:-1"},"canonical":"https:\/\/www.sonoraenequipo.com.mx\/pide-secretario-de-salud-a-sonorenses-hacer-lo-correcto-para-no-pasar-navidad-en-un-hospital\/","og_locale":"es_ES","og_type":"article","og_title":"Sonora en Equipo. Pide secretario de Salud a sonorenses hacer lo correcto para no pasar Navidad en un hospital Sonora","og_description":"&gt;&gt; \u201cDi No a las posadas\u201d, dice &gt;&gt;Hoy se confirmaron 249 casos nuevos y 8 decesos m\u00e1s por COVID-19 en Sonora HERMOSILLO, SONORA,MX.\u2500\u2500 Ante el En Sonora en Equipo publicamos toda la informaci\u00f3n de Sonora, M\u00e9xico y el Mundo de manera oportuna y busca que la libertad de expresi\u00f3n sea real. Visita nuestro medio informativo publicado desde Hermosillo, Sonora. %","og_url":"https:\/\/www.sonoraenequipo.com.mx\/pide-secretario-de-salud-a-sonorenses-hacer-lo-correcto-para-no-pasar-navidad-en-un-hospital\/","og_site_name":"Sonora en Equipo.","article_publisher":"https:\/\/www.facebook.com\/SonoraEE\/","article_author":"https:\/\/www.facebook.com\/SonoraEE","article_published_time":"2020-12-08T05:42:35+00:00","og_image":[{"width":600,"height":400,"url":"https:\/\/www.sonoraenequipo.com.mx\/storage\/2020\/12\/posada.jpg","type":"image\/jpeg"}],"author":"enequipo","twitter_card":"summary_large_image","twitter_creator":"@sonoraenequipo","twitter_site":"@sonoraenequipo","twitter_misc":{"Escrito por":"enequipo","Tiempo de lectura":"2 minutos"},"schema":{"@context":"https:\/\/schema.org","@graph":[{"@type":"Article","@id":"https:\/\/www.sonoraenequipo.com.mx\/pide-secretario-de-salud-a-sonorenses-hacer-lo-correcto-para-no-pasar-navidad-en-un-hospital\/#article","isPartOf":{"@id":"https:\/\/www.sonoraenequipo.com.mx\/pide-secretario-de-salud-a-sonorenses-hacer-lo-correcto-para-no-pasar-navidad-en-un-hospital\/"},"author":{"name":"enequipo","@id":"https:\/\/www.sonoraenequipo.com.mx\/#\/schema\/person\/50102df0fb23a8fa9e8effad8fa81386"},"headline":"Pide secretario de Salud a sonorenses hacer lo correcto para no pasar Navidad en un hospital","datePublished":"2020-12-08T05:42:35+00:00","mainEntityOfPage":{"@id":"https:\/\/www.sonoraenequipo.com.mx\/pide-secretario-de-salud-a-sonorenses-hacer-lo-correcto-para-no-pasar-navidad-en-un-hospital\/"},"wordCount":499,"commentCount":0,"publisher":{"@id":"https:\/\/www.sonoraenequipo.com.mx\/#organization"},"image":{"@id":"https:\/\/www.sonoraenequipo.com.mx\/pide-secretario-de-salud-a-sonorenses-hacer-lo-correcto-para-no-pasar-navidad-en-un-hospital\/#primaryimage"},"thumbnailUrl":"https:\/\/www.sonoraenequipo.com.mx\/storage\/2020\/12\/posada.jpg","keywords":["covid","Sonora"],"articleSection":["Sonora"],"inLanguage":"es","potentialAction":[{"@type":"CommentAction","name":"Comment","target":["https:\/\/www.sonoraenequipo.com.mx\/pide-secretario-de-salud-a-sonorenses-hacer-lo-correcto-para-no-pasar-navidad-en-un-hospital\/#respond"]}]},{"@type":"WebPage","@id":"https:\/\/www.sonoraenequipo.com.mx\/pide-secretario-de-salud-a-sonorenses-hacer-lo-correcto-para-no-pasar-navidad-en-un-hospital\/","url":"https:\/\/www.sonoraenequipo.com.mx\/pide-secretario-de-salud-a-sonorenses-hacer-lo-correcto-para-no-pasar-navidad-en-un-hospital\/","name":"Sonora en Equipo. Pide secretario de Salud a sonorenses hacer lo correcto para no pasar Navidad en un hospital Sonora","isPartOf":{"@id":"https:\/\/www.sonoraenequipo.com.mx\/#website"},"primaryImageOfPage":{"@id":"https:\/\/www.sonoraenequipo.com.mx\/pide-secretario-de-salud-a-sonorenses-hacer-lo-correcto-para-no-pasar-navidad-en-un-hospital\/#primaryimage"},"image":{"@id":"https:\/\/www.sonoraenequipo.com.mx\/pide-secretario-de-salud-a-sonorenses-hacer-lo-correcto-para-no-pasar-navidad-en-un-hospital\/#primaryimage"},"thumbnailUrl":"https:\/\/www.sonoraenequipo.com.mx\/storage\/2020\/12\/posada.jpg","datePublished":"2020-12-08T05:42:35+00:00","description":"&gt;&gt; \u201cDi No a las posadas\u201d, dice &gt;&gt;Hoy se confirmaron 249 casos nuevos y 8 decesos m\u00e1s por COVID-19 en Sonora HERMOSILLO, SONORA,MX.\u2500\u2500 Ante el En Sonora en Equipo publicamos toda la informaci\u00f3n de Sonora, M\u00e9xico y el Mundo de manera oportuna y busca que la libertad de expresi\u00f3n sea real. Visita nuestro medio informativo publicado desde Hermosillo, Sonora. %","breadcrumb":{"@id":"https:\/\/www.sonoraenequipo.com.mx\/pide-secretario-de-salud-a-sonorenses-hacer-lo-correcto-para-no-pasar-navidad-en-un-hospital\/#breadcrumb"},"inLanguage":"es","potentialAction":[{"@type":"ReadAction","target":["https:\/\/www.sonoraenequipo.com.mx\/pide-secretario-de-salud-a-sonorenses-hacer-lo-correcto-para-no-pasar-navidad-en-un-hospital\/"]}]},{"@type":"ImageObject","inLanguage":"es","@id":"https:\/\/www.sonoraenequipo.com.mx\/pide-secretario-de-salud-a-sonorenses-hacer-lo-correcto-para-no-pasar-navidad-en-un-hospital\/#primaryimage","url":"https:\/\/www.sonoraenequipo.com.mx\/storage\/2020\/12\/posada.jpg","contentUrl":"https:\/\/www.sonoraenequipo.com.mx\/storage\/2020\/12\/posada.jpg","width":600,"height":400},{"@type":"BreadcrumbList","@id":"https:\/\/www.sonoraenequipo.com.mx\/pide-secretario-de-salud-a-sonorenses-hacer-lo-correcto-para-no-pasar-navidad-en-un-hospital\/#breadcrumb","itemListElement":[{"@type":"ListItem","position":1,"name":"Portada","item":"https:\/\/www.sonoraenequipo.com.mx\/"},{"@type":"ListItem","position":2,"name":"Pide secretario de Salud a sonorenses hacer lo correcto para no pasar Navidad en un hospital"}]},{"@type":"WebSite","@id":"https:\/\/www.sonoraenequipo.com.mx\/#website","url":"https:\/\/www.sonoraenequipo.com.mx\/","name":"Sonora en Equipo.","description":"Diario en l\u00ednea con Noticias desde Hermosillo, Sonora","publisher":{"@id":"https:\/\/www.sonoraenequipo.com.mx\/#organization"},"potentialAction":[{"@type":"SearchAction","target":{"@type":"EntryPoint","urlTemplate":"https:\/\/www.sonoraenequipo.com.mx\/?s={search_term_string}"},"query-input":{"@type":"PropertyValueSpecification","valueRequired":true,"valueName":"search_term_string"}}],"inLanguage":"es"},{"@type":"Organization","@id":"https:\/\/www.sonoraenequipo.com.mx\/#organization","name":"Sonoraenequipo.com.mx","url":"https:\/\/www.sonoraenequipo.com.mx\/","logo":{"@type":"ImageObject","inLanguage":"es","@id":"https:\/\/www.sonoraenequipo.com.mx\/#\/schema\/logo\/image\/","url":"https:\/\/www.sonoraenequipo.com.mx\/storage\/2019\/01\/sonoraenequipo_opt.png","contentUrl":"https:\/\/www.sonoraenequipo.com.mx\/storage\/2019\/01\/sonoraenequipo_opt.png","width":375,"height":125,"caption":"Sonoraenequipo.com.mx"},"image":{"@id":"https:\/\/www.sonoraenequipo.com.mx\/#\/schema\/logo\/image\/"},"sameAs":["https:\/\/www.facebook.com\/SonoraEE\/","https:\/\/x.com\/sonoraenequipo","https:\/\/www.youtube.com\/channel\/UC338nW-lPEYmJQs4ZABQ1SQ"]},{"@type":"Person","@id":"https:\/\/www.sonoraenequipo.com.mx\/#\/schema\/person\/50102df0fb23a8fa9e8effad8fa81386","name":"enequipo","image":{"@type":"ImageObject","inLanguage":"es","@id":"https:\/\/www.sonoraenequipo.com.mx\/#\/schema\/person\/image\/","url":"https:\/\/secure.gravatar.com\/avatar\/049821681b589dabc0bc20695993ccebb09f5b5d4d790cd9251b97faac7c652b?s=96&d=blank&r=g","contentUrl":"https:\/\/secure.gravatar.com\/avatar\/049821681b589dabc0bc20695993ccebb09f5b5d4d790cd9251b97faac7c652b?s=96&d=blank&r=g","caption":"enequipo"},"sameAs":["https:\/\/www.facebook.com\/SonoraEE"]}]}},"jetpack_featured_media_url":"https:\/\/www.sonoraenequipo.com.mx\/storage\/2020\/12\/posada.jpg","_links":{"self":[{"href":"https:\/\/www.sonoraenequipo.com.mx\/api\/wp\/v2\/posts\/102174","targetHints":{"allow":["GET"]}}],"collection":[{"href":"https:\/\/www.sonoraenequipo.com.mx\/api\/wp\/v2\/posts"}],"about":[{"href":"https:\/\/www.sonoraenequipo.com.mx\/api\/wp\/v2\/types\/post"}],"author":[{"embeddable":true,"href":"https:\/\/www.sonoraenequipo.com.mx\/api\/wp\/v2\/users\/1"}],"replies":[{"embeddable":true,"href":"https:\/\/www.sonoraenequipo.com.mx\/api\/wp\/v2\/comments?post=102174"}],"version-history":[{"count":1,"href":"https:\/\/www.sonoraenequipo.com.mx\/api\/wp\/v2\/posts\/102174\/revisions"}],"predecessor-version":[{"id":102177,"href":"https:\/\/www.sonoraenequipo.com.mx\/api\/wp\/v2\/posts\/102174\/revisions\/102177"}],"wp:featuredmedia":[{"embeddable":true,"href":"https:\/\/www.sonoraenequipo.com.mx\/api\/wp\/v2\/media\/102175"}],"wp:attachment":[{"href":"https:\/\/www.sonoraenequipo.com.mx\/api\/wp\/v2\/media?parent=102174"}],"wp:term":[{"taxonomy":"category","embeddable":true,"href":"https:\/\/www.sonoraenequipo.com.mx\/api\/wp\/v2\/categories?post=102174"},{"taxonomy":"post_tag","embeddable":true,"href":"https:\/\/www.sonoraenequipo.com.mx\/api\/wp\/v2\/tags?post=102174"}],"curies":[{"name":"wp","href":"https:\/\/api.w.org\/{rel}","templated":true}]}}