{"id":102176,"date":"2020-12-07T23:15:46","date_gmt":"2020-12-08T06:15:46","guid":{"rendered":"https:\/\/www.sonoraenequipo.com.mx\/?p=102176"},"modified":"2020-12-07T22:54:08","modified_gmt":"2020-12-08T05:54:08","slug":"fitch-mejora-perspectiva-para-economia-global","status":"publish","type":"post","link":"https:\/\/www.sonoraenequipo.com.mx\/fitch-mejora-perspectiva-para-economia-global\/","title":{"rendered":"Fitch mejora perspectiva para econom\u00eda global"},"content":{"rendered":"<p>CIUDAD DE M\u00c9XICO. MX. \u2014 La agencia Fitch Ratings mejor\u00f3 la perspectiva econ\u00f3mica mundial para este 2020 a una ca\u00edda de 3.7 por ciento, ya que aseguran que con la implementaci\u00f3n de las vacunas contra el COVID-19 y las nuevas medidas de distanciamiento social se espera que la recuperaci\u00f3n econ\u00f3mica mundial se fortalecer\u00e1 y se tendr\u00e1 un panorama m\u00e1s seguro a partir de mediados del pr\u00f3ximo a\u00f1o.<\/p>\n<p>&nbsp;<\/p>\n<p> <\/p>\n<p>&nbsp;<\/p>\n<p>En el estimado previo publicado en septiembre, la calificadora estimaba que el Producto Interno Bruto (PIB) mundial tendr\u00eda una baja de 4.4 por ciento.<\/p>\n<p>&nbsp;<\/p>\n<p><em>\u201cEsperamos que el PIB mundial caiga un 3.7 por ciento en 2020 en comparaci\u00f3n con el 4.4 por ciento en el Global Economic Outlook de septiembre. Esto a pesar de la expectativa de nuevas ca\u00eddas del PIB en el 4T20 en la eurozona y el Reino Unido, tras el reciente endurecimiento de las restricciones, y refleja el hecho de que la actividad mundial se recuper\u00f3 mucho m\u00e1s r\u00e1pido de lo esperado en el 3T20\u201d,<\/em> asever\u00f3.<\/p>\n<p>&nbsp;<\/p>\n<p>Para 2021 tambi\u00e9n aument\u00f3 las expectativas, ya que estima que la econom\u00eda tendr\u00eda un rebote de 5.3 por ciento desde el 5.2 por ciento previo.<\/p>\n<p>&nbsp;<\/p>\n<p>En Estados Unidos, augur\u00f3 un rebote de 4.5 por ciento para el a\u00f1o entrante, desde el 4 por ciento proyectado anteriormente, mientras que en China pronostic\u00f3 un aumento del 8 por ciento, frente al 7.7 por ciento previo.<\/p>\n<p>&nbsp;<\/p>\n<p>Al respecto, Brian Coulton, economista en jefe de Fitch Ratings coment\u00f3 que, pese al endurecimiento de las medidas de distanciamiento social por una nueva ola de contagios en Europa, las expectativas sobre la vacuna impulsaron las perspectivas econ\u00f3micas.<\/p>\n<p>&nbsp;<\/p>\n<p><em>\u00abEl camino de la recuperaci\u00f3n global est\u00e1 resultando m\u00e1s accidentado de lo esperado ya que la segunda ola del virus genera nuevas restricciones, pero las noticias sobre vacunas son muy positivas para las perspectivas econ\u00f3micas durante los pr\u00f3ximos dos a\u00f1os\u00bb,<\/em> dijo.<\/p>\n<p>&nbsp;<\/p>\n<p>Para M\u00e9xico, Fitch estim\u00f3 una recuperaci\u00f3n del 4.2 por ciento en 2021 y de 2.5 puntos porcentuales hacia 2022.<em> \u201cEsperamos que el PIB a\u00fan est\u00e9 1.5 por ciento por debajo de su nivel anterior a la crisis para fines de 2022\u201d,<\/em> detall\u00f3.<\/p>\n<p>&nbsp;<\/p>\n<p>Sin embargo, enfatiz\u00f3 que las medidas del Gobierno mexicano sobre la inversi\u00f3n, particularmente en el sector energ\u00e9tico, da\u00f1aron la confianza empresarial desde antes que la pandemia azotara la econom\u00eda. \u201c<em>El gasto de capital p\u00fablico sigue siendo bajo\u201d,<\/em> aunque el anuncio de los proyectos de infraestructura con el sector privado<em> \u201cpodr\u00edan ayudar a revertir esta tendencia\u201d.<\/em><\/p>\n<p>&nbsp;<\/p>\n<p>&nbsp;<\/p>\n<p>(Publicada el 07\/12\/2020)<\/p>\n","protected":false},"excerpt":{"rendered":"<p>CIUDAD DE M\u00c9XICO. MX. \u2014 La agencia Fitch Ratings mejor\u00f3 la perspectiva econ\u00f3mica mundial para&#8230;<\/p>\n","protected":false},"author":1,"featured_media":102178,"comment_status":"open","ping_status":"open","sticky":false,"template":"","format":"standard","meta":{"_monsterinsights_skip_tracking":false,"_monsterinsights_sitenote_active":false,"_monsterinsights_sitenote_note":"","_monsterinsights_sitenote_category":0,"footnotes":""},"categories":[3],"tags":[],"class_list":["post"],"yoast_head":" \n<title>Sonora en Equipo. Fitch mejora perspectiva para econom\u00eda global MUNDO<\/title>\n<meta name=\"description\" content=\"CIUDAD DE M\u00c9XICO. MX. \u2014 La agencia Fitch Ratings mejor\u00f3 la perspectiva econ\u00f3mica mundial para este 2020 a una ca\u00edda de 3.7 por ciento, ya que aseguran que En Sonora en Equipo publicamos toda la informaci\u00f3n de Sonora, M\u00e9xico y el Mundo de manera oportuna y busca que la libertad de expresi\u00f3n sea real. Visita nuestro medio informativo publicado desde Hermosillo, Sonora. %\" \/>\n<meta name=\"robots\" content=\"index, follow, max-snippet:-1, max-image-preview:large, max-video-preview:-1\" \/>\n<link rel=\"canonical\" href=\"https:\/\/www.sonoraenequipo.com.mx\/fitch-mejora-perspectiva-para-economia-global\/\" \/>\n<meta property=\"og:locale\" content=\"es_ES\" \/>\n<meta property=\"og:type\" content=\"article\" \/>\n<meta property=\"og:title\" content=\"Sonora en Equipo. Fitch mejora perspectiva para econom\u00eda global MUNDO\" \/>\n<meta property=\"og:description\" content=\"CIUDAD DE M\u00c9XICO. MX. \u2014 La agencia Fitch Ratings mejor\u00f3 la perspectiva econ\u00f3mica mundial para este 2020 a una ca\u00edda de 3.7 por ciento, ya que aseguran que En Sonora en Equipo publicamos toda la informaci\u00f3n de Sonora, M\u00e9xico y el Mundo de manera oportuna y busca que la libertad de expresi\u00f3n sea real. Visita nuestro medio informativo publicado desde Hermosillo, Sonora. %\" \/>\n<meta property=\"og:url\" content=\"https:\/\/www.sonoraenequipo.com.mx\/fitch-mejora-perspectiva-para-economia-global\/\" \/>\n<meta property=\"og:site_name\" content=\"Sonora en Equipo.\" \/>\n<meta property=\"article:publisher\" content=\"https:\/\/www.facebook.com\/SonoraEE\/\" \/>\n<meta property=\"article:author\" content=\"https:\/\/www.facebook.com\/SonoraEE\" \/>\n<meta property=\"article:published_time\" content=\"2020-12-08T06:15:46+00:00\" \/>\n<meta property=\"og:image\" content=\"https:\/\/www.sonoraenequipo.com.mx\/storage\/2020\/12\/londres_opt.jpg\" \/>\n\t<meta property=\"og:image:width\" content=\"708\" \/>\n\t<meta property=\"og:image:height\" content=\"400\" \/>\n\t<meta property=\"og:image:type\" content=\"image\/jpeg\" \/>\n<meta name=\"author\" content=\"enequipo\" \/>\n<meta name=\"twitter:card\" content=\"summary_large_image\" \/>\n<meta name=\"twitter:creator\" content=\"@sonoraenequipo\" \/>\n<meta name=\"twitter:site\" content=\"@sonoraenequipo\" \/>\n<meta name=\"twitter:label1\" content=\"Escrito por\" \/>\n\t<meta name=\"twitter:data1\" content=\"enequipo\" \/>\n\t<meta name=\"twitter:label2\" content=\"Tiempo de lectura\" \/>\n\t<meta name=\"twitter:data2\" content=\"2 minutos\" \/>\n<script type=\"application\/ld+json\" class=\"yoast-schema-graph\">{\"@context\":\"https:\/\/schema.org\",\"@graph\":[{\"@type\":\"Article\",\"@id\":\"https:\/\/www.sonoraenequipo.com.mx\/fitch-mejora-perspectiva-para-economia-global\/#article\",\"isPartOf\":{\"@id\":\"https:\/\/www.sonoraenequipo.com.mx\/fitch-mejora-perspectiva-para-economia-global\/\"},\"author\":{\"name\":\"enequipo\",\"@id\":\"https:\/\/www.sonoraenequipo.com.mx\/#\/schema\/person\/50102df0fb23a8fa9e8effad8fa81386\"},\"headline\":\"Fitch mejora perspectiva para econom\u00eda global\",\"datePublished\":\"2020-12-08T06:15:46+00:00\",\"mainEntityOfPage\":{\"@id\":\"https:\/\/www.sonoraenequipo.com.mx\/fitch-mejora-perspectiva-para-economia-global\/\"},\"wordCount\":438,\"commentCount\":0,\"publisher\":{\"@id\":\"https:\/\/www.sonoraenequipo.com.mx\/#organization\"},\"image\":{\"@id\":\"https:\/\/www.sonoraenequipo.com.mx\/fitch-mejora-perspectiva-para-economia-global\/#primaryimage\"},\"thumbnailUrl\":\"https:\/\/www.sonoraenequipo.com.mx\/storage\/2020\/12\/londres_opt.jpg\",\"articleSection\":[\"MUNDO\"],\"inLanguage\":\"es\",\"potentialAction\":[{\"@type\":\"CommentAction\",\"name\":\"Comment\",\"target\":[\"https:\/\/www.sonoraenequipo.com.mx\/fitch-mejora-perspectiva-para-economia-global\/#respond\"]}]},{\"@type\":\"WebPage\",\"@id\":\"https:\/\/www.sonoraenequipo.com.mx\/fitch-mejora-perspectiva-para-economia-global\/\",\"url\":\"https:\/\/www.sonoraenequipo.com.mx\/fitch-mejora-perspectiva-para-economia-global\/\",\"name\":\"Sonora en Equipo. Fitch mejora perspectiva para econom\u00eda global MUNDO\",\"isPartOf\":{\"@id\":\"https:\/\/www.sonoraenequipo.com.mx\/#website\"},\"primaryImageOfPage\":{\"@id\":\"https:\/\/www.sonoraenequipo.com.mx\/fitch-mejora-perspectiva-para-economia-global\/#primaryimage\"},\"image\":{\"@id\":\"https:\/\/www.sonoraenequipo.com.mx\/fitch-mejora-perspectiva-para-economia-global\/#primaryimage\"},\"thumbnailUrl\":\"https:\/\/www.sonoraenequipo.com.mx\/storage\/2020\/12\/londres_opt.jpg\",\"datePublished\":\"2020-12-08T06:15:46+00:00\",\"description\":\"CIUDAD DE M\u00c9XICO. MX. \u2014 La agencia Fitch Ratings mejor\u00f3 la perspectiva econ\u00f3mica mundial para este 2020 a una ca\u00edda de 3.7 por ciento, ya que aseguran que En Sonora en Equipo publicamos toda la informaci\u00f3n de Sonora, M\u00e9xico y el Mundo de manera oportuna y busca que la libertad de expresi\u00f3n sea real. Visita nuestro medio informativo publicado desde Hermosillo, Sonora. %\",\"breadcrumb\":{\"@id\":\"https:\/\/www.sonoraenequipo.com.mx\/fitch-mejora-perspectiva-para-economia-global\/#breadcrumb\"},\"inLanguage\":\"es\",\"potentialAction\":[{\"@type\":\"ReadAction\",\"target\":[\"https:\/\/www.sonoraenequipo.com.mx\/fitch-mejora-perspectiva-para-economia-global\/\"]}]},{\"@type\":\"ImageObject\",\"inLanguage\":\"es\",\"@id\":\"https:\/\/www.sonoraenequipo.com.mx\/fitch-mejora-perspectiva-para-economia-global\/#primaryimage\",\"url\":\"https:\/\/www.sonoraenequipo.com.mx\/storage\/2020\/12\/londres_opt.jpg\",\"contentUrl\":\"https:\/\/www.sonoraenequipo.com.mx\/storage\/2020\/12\/londres_opt.jpg\",\"width\":708,\"height\":400},{\"@type\":\"BreadcrumbList\",\"@id\":\"https:\/\/www.sonoraenequipo.com.mx\/fitch-mejora-perspectiva-para-economia-global\/#breadcrumb\",\"itemListElement\":[{\"@type\":\"ListItem\",\"position\":1,\"name\":\"Portada\",\"item\":\"https:\/\/www.sonoraenequipo.com.mx\/\"},{\"@type\":\"ListItem\",\"position\":2,\"name\":\"Fitch mejora perspectiva para econom\u00eda global\"}]},{\"@type\":\"WebSite\",\"@id\":\"https:\/\/www.sonoraenequipo.com.mx\/#website\",\"url\":\"https:\/\/www.sonoraenequipo.com.mx\/\",\"name\":\"Sonora en Equipo.\",\"description\":\"Diario en l\u00ednea con Noticias desde Hermosillo, Sonora\",\"publisher\":{\"@id\":\"https:\/\/www.sonoraenequipo.com.mx\/#organization\"},\"potentialAction\":[{\"@type\":\"SearchAction\",\"target\":{\"@type\":\"EntryPoint\",\"urlTemplate\":\"https:\/\/www.sonoraenequipo.com.mx\/?s={search_term_string}\"},\"query-input\":{\"@type\":\"PropertyValueSpecification\",\"valueRequired\":true,\"valueName\":\"search_term_string\"}}],\"inLanguage\":\"es\"},{\"@type\":\"Organization\",\"@id\":\"https:\/\/www.sonoraenequipo.com.mx\/#organization\",\"name\":\"Sonoraenequipo.com.mx\",\"url\":\"https:\/\/www.sonoraenequipo.com.mx\/\",\"logo\":{\"@type\":\"ImageObject\",\"inLanguage\":\"es\",\"@id\":\"https:\/\/www.sonoraenequipo.com.mx\/#\/schema\/logo\/image\/\",\"url\":\"https:\/\/www.sonoraenequipo.com.mx\/storage\/2019\/01\/sonoraenequipo_opt.png\",\"contentUrl\":\"https:\/\/www.sonoraenequipo.com.mx\/storage\/2019\/01\/sonoraenequipo_opt.png\",\"width\":375,\"height\":125,\"caption\":\"Sonoraenequipo.com.mx\"},\"image\":{\"@id\":\"https:\/\/www.sonoraenequipo.com.mx\/#\/schema\/logo\/image\/\"},\"sameAs\":[\"https:\/\/www.facebook.com\/SonoraEE\/\",\"https:\/\/x.com\/sonoraenequipo\",\"https:\/\/www.youtube.com\/channel\/UC338nW-lPEYmJQs4ZABQ1SQ\"]},{\"@type\":\"Person\",\"@id\":\"https:\/\/www.sonoraenequipo.com.mx\/#\/schema\/person\/50102df0fb23a8fa9e8effad8fa81386\",\"name\":\"enequipo\",\"image\":{\"@type\":\"ImageObject\",\"inLanguage\":\"es\",\"@id\":\"https:\/\/www.sonoraenequipo.com.mx\/#\/schema\/person\/image\/\",\"url\":\"https:\/\/secure.gravatar.com\/avatar\/049821681b589dabc0bc20695993ccebb09f5b5d4d790cd9251b97faac7c652b?s=96&d=blank&r=g\",\"contentUrl\":\"https:\/\/secure.gravatar.com\/avatar\/049821681b589dabc0bc20695993ccebb09f5b5d4d790cd9251b97faac7c652b?s=96&d=blank&r=g\",\"caption\":\"enequipo\"},\"sameAs\":[\"https:\/\/www.facebook.com\/SonoraEE\"]}]}<\/script>\n ","yoast_head_json":{"title":"Sonora en Equipo. Fitch mejora perspectiva para econom\u00eda global MUNDO","description":"CIUDAD DE M\u00c9XICO. MX. \u2014 La agencia Fitch Ratings mejor\u00f3 la perspectiva econ\u00f3mica mundial para este 2020 a una ca\u00edda de 3.7 por ciento, ya que aseguran que En Sonora en Equipo publicamos toda la informaci\u00f3n de Sonora, M\u00e9xico y el Mundo de manera oportuna y busca que la libertad de expresi\u00f3n sea real. Visita nuestro medio informativo publicado desde Hermosillo, Sonora. %","robots":{"index":"index","follow":"follow","max-snippet":"max-snippet:-1","max-image-preview":"max-image-preview:large","max-video-preview":"max-video-preview:-1"},"canonical":"https:\/\/www.sonoraenequipo.com.mx\/fitch-mejora-perspectiva-para-economia-global\/","og_locale":"es_ES","og_type":"article","og_title":"Sonora en Equipo. Fitch mejora perspectiva para econom\u00eda global MUNDO","og_description":"CIUDAD DE M\u00c9XICO. MX. \u2014 La agencia Fitch Ratings mejor\u00f3 la perspectiva econ\u00f3mica mundial para este 2020 a una ca\u00edda de 3.7 por ciento, ya que aseguran que En Sonora en Equipo publicamos toda la informaci\u00f3n de Sonora, M\u00e9xico y el Mundo de manera oportuna y busca que la libertad de expresi\u00f3n sea real. Visita nuestro medio informativo publicado desde Hermosillo, Sonora. %","og_url":"https:\/\/www.sonoraenequipo.com.mx\/fitch-mejora-perspectiva-para-economia-global\/","og_site_name":"Sonora en Equipo.","article_publisher":"https:\/\/www.facebook.com\/SonoraEE\/","article_author":"https:\/\/www.facebook.com\/SonoraEE","article_published_time":"2020-12-08T06:15:46+00:00","og_image":[{"width":708,"height":400,"url":"https:\/\/www.sonoraenequipo.com.mx\/storage\/2020\/12\/londres_opt.jpg","type":"image\/jpeg"}],"author":"enequipo","twitter_card":"summary_large_image","twitter_creator":"@sonoraenequipo","twitter_site":"@sonoraenequipo","twitter_misc":{"Escrito por":"enequipo","Tiempo de lectura":"2 minutos"},"schema":{"@context":"https:\/\/schema.org","@graph":[{"@type":"Article","@id":"https:\/\/www.sonoraenequipo.com.mx\/fitch-mejora-perspectiva-para-economia-global\/#article","isPartOf":{"@id":"https:\/\/www.sonoraenequipo.com.mx\/fitch-mejora-perspectiva-para-economia-global\/"},"author":{"name":"enequipo","@id":"https:\/\/www.sonoraenequipo.com.mx\/#\/schema\/person\/50102df0fb23a8fa9e8effad8fa81386"},"headline":"Fitch mejora perspectiva para econom\u00eda global","datePublished":"2020-12-08T06:15:46+00:00","mainEntityOfPage":{"@id":"https:\/\/www.sonoraenequipo.com.mx\/fitch-mejora-perspectiva-para-economia-global\/"},"wordCount":438,"commentCount":0,"publisher":{"@id":"https:\/\/www.sonoraenequipo.com.mx\/#organization"},"image":{"@id":"https:\/\/www.sonoraenequipo.com.mx\/fitch-mejora-perspectiva-para-economia-global\/#primaryimage"},"thumbnailUrl":"https:\/\/www.sonoraenequipo.com.mx\/storage\/2020\/12\/londres_opt.jpg","articleSection":["MUNDO"],"inLanguage":"es","potentialAction":[{"@type":"CommentAction","name":"Comment","target":["https:\/\/www.sonoraenequipo.com.mx\/fitch-mejora-perspectiva-para-economia-global\/#respond"]}]},{"@type":"WebPage","@id":"https:\/\/www.sonoraenequipo.com.mx\/fitch-mejora-perspectiva-para-economia-global\/","url":"https:\/\/www.sonoraenequipo.com.mx\/fitch-mejora-perspectiva-para-economia-global\/","name":"Sonora en Equipo. Fitch mejora perspectiva para econom\u00eda global MUNDO","isPartOf":{"@id":"https:\/\/www.sonoraenequipo.com.mx\/#website"},"primaryImageOfPage":{"@id":"https:\/\/www.sonoraenequipo.com.mx\/fitch-mejora-perspectiva-para-economia-global\/#primaryimage"},"image":{"@id":"https:\/\/www.sonoraenequipo.com.mx\/fitch-mejora-perspectiva-para-economia-global\/#primaryimage"},"thumbnailUrl":"https:\/\/www.sonoraenequipo.com.mx\/storage\/2020\/12\/londres_opt.jpg","datePublished":"2020-12-08T06:15:46+00:00","description":"CIUDAD DE M\u00c9XICO. MX. \u2014 La agencia Fitch Ratings mejor\u00f3 la perspectiva econ\u00f3mica mundial para este 2020 a una ca\u00edda de 3.7 por ciento, ya que aseguran que En Sonora en Equipo publicamos toda la informaci\u00f3n de Sonora, M\u00e9xico y el Mundo de manera oportuna y busca que la libertad de expresi\u00f3n sea real. Visita nuestro medio informativo publicado desde Hermosillo, Sonora. %","breadcrumb":{"@id":"https:\/\/www.sonoraenequipo.com.mx\/fitch-mejora-perspectiva-para-economia-global\/#breadcrumb"},"inLanguage":"es","potentialAction":[{"@type":"ReadAction","target":["https:\/\/www.sonoraenequipo.com.mx\/fitch-mejora-perspectiva-para-economia-global\/"]}]},{"@type":"ImageObject","inLanguage":"es","@id":"https:\/\/www.sonoraenequipo.com.mx\/fitch-mejora-perspectiva-para-economia-global\/#primaryimage","url":"https:\/\/www.sonoraenequipo.com.mx\/storage\/2020\/12\/londres_opt.jpg","contentUrl":"https:\/\/www.sonoraenequipo.com.mx\/storage\/2020\/12\/londres_opt.jpg","width":708,"height":400},{"@type":"BreadcrumbList","@id":"https:\/\/www.sonoraenequipo.com.mx\/fitch-mejora-perspectiva-para-economia-global\/#breadcrumb","itemListElement":[{"@type":"ListItem","position":1,"name":"Portada","item":"https:\/\/www.sonoraenequipo.com.mx\/"},{"@type":"ListItem","position":2,"name":"Fitch mejora perspectiva para econom\u00eda global"}]},{"@type":"WebSite","@id":"https:\/\/www.sonoraenequipo.com.mx\/#website","url":"https:\/\/www.sonoraenequipo.com.mx\/","name":"Sonora en Equipo.","description":"Diario en l\u00ednea con Noticias desde Hermosillo, Sonora","publisher":{"@id":"https:\/\/www.sonoraenequipo.com.mx\/#organization"},"potentialAction":[{"@type":"SearchAction","target":{"@type":"EntryPoint","urlTemplate":"https:\/\/www.sonoraenequipo.com.mx\/?s={search_term_string}"},"query-input":{"@type":"PropertyValueSpecification","valueRequired":true,"valueName":"search_term_string"}}],"inLanguage":"es"},{"@type":"Organization","@id":"https:\/\/www.sonoraenequipo.com.mx\/#organization","name":"Sonoraenequipo.com.mx","url":"https:\/\/www.sonoraenequipo.com.mx\/","logo":{"@type":"ImageObject","inLanguage":"es","@id":"https:\/\/www.sonoraenequipo.com.mx\/#\/schema\/logo\/image\/","url":"https:\/\/www.sonoraenequipo.com.mx\/storage\/2019\/01\/sonoraenequipo_opt.png","contentUrl":"https:\/\/www.sonoraenequipo.com.mx\/storage\/2019\/01\/sonoraenequipo_opt.png","width":375,"height":125,"caption":"Sonoraenequipo.com.mx"},"image":{"@id":"https:\/\/www.sonoraenequipo.com.mx\/#\/schema\/logo\/image\/"},"sameAs":["https:\/\/www.facebook.com\/SonoraEE\/","https:\/\/x.com\/sonoraenequipo","https:\/\/www.youtube.com\/channel\/UC338nW-lPEYmJQs4ZABQ1SQ"]},{"@type":"Person","@id":"https:\/\/www.sonoraenequipo.com.mx\/#\/schema\/person\/50102df0fb23a8fa9e8effad8fa81386","name":"enequipo","image":{"@type":"ImageObject","inLanguage":"es","@id":"https:\/\/www.sonoraenequipo.com.mx\/#\/schema\/person\/image\/","url":"https:\/\/secure.gravatar.com\/avatar\/049821681b589dabc0bc20695993ccebb09f5b5d4d790cd9251b97faac7c652b?s=96&d=blank&r=g","contentUrl":"https:\/\/secure.gravatar.com\/avatar\/049821681b589dabc0bc20695993ccebb09f5b5d4d790cd9251b97faac7c652b?s=96&d=blank&r=g","caption":"enequipo"},"sameAs":["https:\/\/www.facebook.com\/SonoraEE"]}]}},"jetpack_featured_media_url":"https:\/\/www.sonoraenequipo.com.mx\/storage\/2020\/12\/londres_opt.jpg","_links":{"self":[{"href":"https:\/\/www.sonoraenequipo.com.mx\/api\/wp\/v2\/posts\/102176","targetHints":{"allow":["GET"]}}],"collection":[{"href":"https:\/\/www.sonoraenequipo.com.mx\/api\/wp\/v2\/posts"}],"about":[{"href":"https:\/\/www.sonoraenequipo.com.mx\/api\/wp\/v2\/types\/post"}],"author":[{"embeddable":true,"href":"https:\/\/www.sonoraenequipo.com.mx\/api\/wp\/v2\/users\/1"}],"replies":[{"embeddable":true,"href":"https:\/\/www.sonoraenequipo.com.mx\/api\/wp\/v2\/comments?post=102176"}],"version-history":[{"count":1,"href":"https:\/\/www.sonoraenequipo.com.mx\/api\/wp\/v2\/posts\/102176\/revisions"}],"predecessor-version":[{"id":102179,"href":"https:\/\/www.sonoraenequipo.com.mx\/api\/wp\/v2\/posts\/102176\/revisions\/102179"}],"wp:featuredmedia":[{"embeddable":true,"href":"https:\/\/www.sonoraenequipo.com.mx\/api\/wp\/v2\/media\/102178"}],"wp:attachment":[{"href":"https:\/\/www.sonoraenequipo.com.mx\/api\/wp\/v2\/media?parent=102176"}],"wp:term":[{"taxonomy":"category","embeddable":true,"href":"https:\/\/www.sonoraenequipo.com.mx\/api\/wp\/v2\/categories?post=102176"},{"taxonomy":"post_tag","embeddable":true,"href":"https:\/\/www.sonoraenequipo.com.mx\/api\/wp\/v2\/tags?post=102176"}],"curies":[{"name":"wp","href":"https:\/\/api.w.org\/{rel}","templated":true}]}}