{"id":102182,"date":"2020-12-07T21:36:40","date_gmt":"2020-12-08T04:36:40","guid":{"rendered":"https:\/\/www.sonoraenequipo.com.mx\/?p=102182"},"modified":"2020-12-08T09:17:55","modified_gmt":"2020-12-08T16:17:55","slug":"biden-nomina-a-exgeneral-lyoyd-austin-iii-para-dirigir-el-pentagono","status":"publish","type":"post","link":"https:\/\/www.sonoraenequipo.com.mx\/biden-nomina-a-exgeneral-lyoyd-austin-iii-para-dirigir-el-pentagono\/","title":{"rendered":"Biden nomina a exgeneral Lyoyd Austin III para dirigir el Pent\u00e1gono"},"content":{"rendered":"<p>ESTADOS UNIDOS. \u2014 Lloyd Austin, quien gui\u00f3 a las tropas estadounidenses en su incursi\u00f3n en Bagdad en la invasi\u00f3n de 2003, fue elegido por el presidente electo de EE.UU., Joe Biden, para convertirse en el primer secretario de Defensa afroestadounidense, reportaron este lunes (07.12.2020) varios medios locales.<\/p>\n<p>&nbsp;<\/p>\n<p> <\/p>\n<p>&nbsp;<\/p>\n<p>Veterano de conflictos en Irak y Afganist\u00e1n, el general retirado de 67 a\u00f1os super\u00f3 al hasta ahora favorito para el puesto, el exsubsecretario de Defensa Michele Flournoy, en medio de la creciente presi\u00f3n sobre Biden para que nombre a m\u00e1s miembros de minor\u00edas en puestos clave de su gabinete.<\/p>\n<p>&nbsp;<\/p>\n<p>&nbsp;<\/p>\n<p>CNN Politico y el The New York Times citaron fuentes an\u00f3nimas familiarizadas con la decisi\u00f3n, luego de que Biden dijera el lunes temprano que hab\u00eda tomado su decisi\u00f3n y la anunciar\u00eda el viernes. Austin requerir\u00eda la confirmaci\u00f3n del Senado para asumir el cargo.<\/p>\n<p>&nbsp;<\/p>\n<p>&nbsp;<\/p>\n<p>Pas\u00f3 cuatro d\u00e9cadas en el ej\u00e9rcito, se gradu\u00f3 de la Academia Militar de West Point y sigui\u00f3 una carrera con una amplia gama de asignaciones, desde liderar pelotones hasta dirigir grupos de log\u00edstica y supervisar el reclutamiento, hasta puestos de alto nivel en el Pent\u00e1gono.<\/p>\n<p>&nbsp;<\/p>\n<p>&nbsp;<\/p>\n<p>En marzo de 2003 era el asistente del comandante de divisi\u00f3n de la Tercera Divisi\u00f3n de Infanter\u00eda cuando march\u00f3 de Kuwait a Bagdad en la invasi\u00f3n estadounidense de Irak.<\/p>\n<p>&nbsp;<\/p>\n<p>Desde finales de 2003 hasta 2005, estuvo en Afganist\u00e1n al mando de la Fuerza de Tarea Conjunta Combinada 180, la principal operaci\u00f3n dirigida por Estados Unidos que busca estabilizar la situaci\u00f3n de seguridad en el pa\u00eds.<\/p>\n<p>&nbsp;<\/p>\n<p>&nbsp;<\/p>\n<p>En 2010 fue nombrado comandante general de las fuerzas estadounidenses en Irak y dos a\u00f1os m\u00e1s tarde se convirti\u00f3 en comandante del Comando Central, a cargo de todas las operaciones del Pent\u00e1gono en Oriente Medio y Afganist\u00e1n.<\/p>\n<p>&nbsp;<\/p>\n<h3>\nNominaci\u00f3n de Lloyd Austin requiere aprobaci\u00f3n del Senado<\/h3>\n<p>&nbsp;<\/p>\n<p>Austin se retir\u00f3 del ej\u00e9rcito en 2016 y se uni\u00f3 a la junta directiva de Raytheon Technologies, uno de los contratistas m\u00e1s grandes del Pent\u00e1gono.<\/p>\n<p>&nbsp;<\/p>\n<p>&nbsp;<\/p>\n<p>Requerir\u00eda una aprobaci\u00f3n especial del Senado debido a la ley federal que requiere que los oficiales militares esperen siete a\u00f1os despu\u00e9s de su retiro antes de servir como jefe del Pent\u00e1gono.<\/p>\n<p>&nbsp;<\/p>\n<p>&nbsp;<\/p>\n<p>La exenci\u00f3n ha ocurrido dos veces, la m\u00e1s reciente para el general Jim Mattis, el primer secretario de defensa de la administraci\u00f3n del presidente Donald Trump.<\/p>\n<p>&nbsp;<\/p>\n<p>Pero los miembros del Senado estuvieron de acuerdo a rega\u00f1adientes, en medio de preocupaciones sobre las opiniones de Trump en torno al ej\u00e9rcito, y varios dijeron en ese momento que no querr\u00edan volver a hacerlo.<\/p>\n<p>&nbsp;<\/p>\n<p><em>\u00abNo deber\u00eda ser considerado por la misma raz\u00f3n que el Sec. Mattis no deber\u00eda haberlo sido\u00bb<\/em>, dijo el congresista Justin Amash en un tuit.<\/p>\n<p>&nbsp;<\/p>\n<p><em>\u00abLa ley proh\u00edbe a los miembros recientemente retirados de las Fuerzas Armadas servir en esta capacidad civil. Biden ser\u00eda el segundo presidente consecutivo en violar esta norma\u00bb.<\/em><\/p>\n<p>&nbsp;<\/p>\n<p>Austin asumir\u00eda la responsabilidad de los 1,2 millones de miembros en servicio activo, de los cuales alrededor del 16 por ciento son negros.<\/p>\n<p>&nbsp;<\/p>\n<p>Pero los negros sirven de manera desproporcionada en los rangos inferiores y pocos han alcanzado posiciones de alto mando.<\/p>\n<p>&nbsp;<\/p>\n<p>El problema se hizo m\u00e1s claro durante el a\u00f1o pasado cuando hombres y mujeres afroamericanos expresaron su apoyo al movimiento nacional Black Lives Matter contra el racismo y el abuso policial.<\/p>\n<p>&nbsp;<\/p>\n<p>El exsecretario de Defensa Mark Esper dijo que mantuvo numerosas sesiones de escucha para que los soldados blancos entendieran lo que sent\u00edan los colegas negros.<\/p>\n<p>&nbsp;<\/p>\n<p>(Publicada el 07\/12\/2020 \/AP)<\/p>\n","protected":false},"excerpt":{"rendered":"<p>ESTADOS UNIDOS. \u2014 Lloyd Austin, quien gui\u00f3 a las tropas estadounidenses en su incursi\u00f3n en&#8230;<\/p>\n","protected":false},"author":1,"featured_media":102183,"comment_status":"open","ping_status":"open","sticky":false,"template":"","format":"standard","meta":{"_monsterinsights_skip_tracking":false,"_monsterinsights_sitenote_active":false,"_monsterinsights_sitenote_note":"","_monsterinsights_sitenote_category":0,"footnotes":""},"categories":[3],"tags":[],"class_list":["post"],"yoast_head":" \n<title>Sonora en Equipo. Biden nomina a exgeneral Lyoyd Austin III para dirigir el Pent\u00e1gono MUNDO<\/title>\n<meta name=\"description\" content=\"ESTADOS UNIDOS. \u2014 Lloyd Austin, quien gui\u00f3 a las tropas estadounidenses en su incursi\u00f3n en Bagdad en la invasi\u00f3n de 2003, fue elegido por el presidente En Sonora en Equipo publicamos toda la informaci\u00f3n de Sonora, M\u00e9xico y el Mundo de manera oportuna y busca que la libertad de expresi\u00f3n sea real. Visita nuestro medio informativo publicado desde Hermosillo, Sonora. %\" \/>\n<meta name=\"robots\" content=\"index, follow, max-snippet:-1, max-image-preview:large, max-video-preview:-1\" \/>\n<link rel=\"canonical\" href=\"https:\/\/www.sonoraenequipo.com.mx\/biden-nomina-a-exgeneral-lyoyd-austin-iii-para-dirigir-el-pentagono\/\" \/>\n<meta property=\"og:locale\" content=\"es_ES\" \/>\n<meta property=\"og:type\" content=\"article\" \/>\n<meta property=\"og:title\" content=\"Sonora en Equipo. Biden nomina a exgeneral Lyoyd Austin III para dirigir el Pent\u00e1gono MUNDO\" \/>\n<meta property=\"og:description\" content=\"ESTADOS UNIDOS. \u2014 Lloyd Austin, quien gui\u00f3 a las tropas estadounidenses en su incursi\u00f3n en Bagdad en la invasi\u00f3n de 2003, fue elegido por el presidente En Sonora en Equipo publicamos toda la informaci\u00f3n de Sonora, M\u00e9xico y el Mundo de manera oportuna y busca que la libertad de expresi\u00f3n sea real. Visita nuestro medio informativo publicado desde Hermosillo, Sonora. %\" \/>\n<meta property=\"og:url\" content=\"https:\/\/www.sonoraenequipo.com.mx\/biden-nomina-a-exgeneral-lyoyd-austin-iii-para-dirigir-el-pentagono\/\" \/>\n<meta property=\"og:site_name\" content=\"Sonora en Equipo.\" \/>\n<meta property=\"article:publisher\" content=\"https:\/\/www.facebook.com\/SonoraEE\/\" \/>\n<meta property=\"article:author\" content=\"https:\/\/www.facebook.com\/SonoraEE\" \/>\n<meta property=\"article:published_time\" content=\"2020-12-08T04:36:40+00:00\" \/>\n<meta property=\"article:modified_time\" content=\"2020-12-08T16:17:55+00:00\" \/>\n<meta property=\"og:image\" content=\"https:\/\/www.sonoraenequipo.com.mx\/storage\/2020\/12\/generalAustin_pentagono_opt.jpg\" \/>\n\t<meta property=\"og:image:width\" content=\"711\" \/>\n\t<meta property=\"og:image:height\" content=\"400\" \/>\n\t<meta property=\"og:image:type\" content=\"image\/jpeg\" \/>\n<meta name=\"author\" content=\"enequipo\" \/>\n<meta name=\"twitter:card\" content=\"summary_large_image\" \/>\n<meta name=\"twitter:creator\" content=\"@sonoraenequipo\" \/>\n<meta name=\"twitter:site\" content=\"@sonoraenequipo\" \/>\n<meta name=\"twitter:label1\" content=\"Escrito por\" \/>\n\t<meta name=\"twitter:data1\" content=\"enequipo\" \/>\n\t<meta name=\"twitter:label2\" content=\"Tiempo de lectura\" \/>\n\t<meta name=\"twitter:data2\" content=\"3 minutos\" \/>\n<script type=\"application\/ld+json\" class=\"yoast-schema-graph\">{\"@context\":\"https:\/\/schema.org\",\"@graph\":[{\"@type\":\"Article\",\"@id\":\"https:\/\/www.sonoraenequipo.com.mx\/biden-nomina-a-exgeneral-lyoyd-austin-iii-para-dirigir-el-pentagono\/#article\",\"isPartOf\":{\"@id\":\"https:\/\/www.sonoraenequipo.com.mx\/biden-nomina-a-exgeneral-lyoyd-austin-iii-para-dirigir-el-pentagono\/\"},\"author\":{\"name\":\"enequipo\",\"@id\":\"https:\/\/www.sonoraenequipo.com.mx\/#\/schema\/person\/50102df0fb23a8fa9e8effad8fa81386\"},\"headline\":\"Biden nomina a exgeneral Lyoyd Austin III para dirigir el Pent\u00e1gono\",\"datePublished\":\"2020-12-08T04:36:40+00:00\",\"dateModified\":\"2020-12-08T16:17:55+00:00\",\"mainEntityOfPage\":{\"@id\":\"https:\/\/www.sonoraenequipo.com.mx\/biden-nomina-a-exgeneral-lyoyd-austin-iii-para-dirigir-el-pentagono\/\"},\"wordCount\":644,\"commentCount\":0,\"publisher\":{\"@id\":\"https:\/\/www.sonoraenequipo.com.mx\/#organization\"},\"image\":{\"@id\":\"https:\/\/www.sonoraenequipo.com.mx\/biden-nomina-a-exgeneral-lyoyd-austin-iii-para-dirigir-el-pentagono\/#primaryimage\"},\"thumbnailUrl\":\"https:\/\/www.sonoraenequipo.com.mx\/storage\/2020\/12\/generalAustin_pentagono_opt.jpg\",\"articleSection\":[\"MUNDO\"],\"inLanguage\":\"es\",\"potentialAction\":[{\"@type\":\"CommentAction\",\"name\":\"Comment\",\"target\":[\"https:\/\/www.sonoraenequipo.com.mx\/biden-nomina-a-exgeneral-lyoyd-austin-iii-para-dirigir-el-pentagono\/#respond\"]}]},{\"@type\":\"WebPage\",\"@id\":\"https:\/\/www.sonoraenequipo.com.mx\/biden-nomina-a-exgeneral-lyoyd-austin-iii-para-dirigir-el-pentagono\/\",\"url\":\"https:\/\/www.sonoraenequipo.com.mx\/biden-nomina-a-exgeneral-lyoyd-austin-iii-para-dirigir-el-pentagono\/\",\"name\":\"Sonora en Equipo. Biden nomina a exgeneral Lyoyd Austin III para dirigir el Pent\u00e1gono MUNDO\",\"isPartOf\":{\"@id\":\"https:\/\/www.sonoraenequipo.com.mx\/#website\"},\"primaryImageOfPage\":{\"@id\":\"https:\/\/www.sonoraenequipo.com.mx\/biden-nomina-a-exgeneral-lyoyd-austin-iii-para-dirigir-el-pentagono\/#primaryimage\"},\"image\":{\"@id\":\"https:\/\/www.sonoraenequipo.com.mx\/biden-nomina-a-exgeneral-lyoyd-austin-iii-para-dirigir-el-pentagono\/#primaryimage\"},\"thumbnailUrl\":\"https:\/\/www.sonoraenequipo.com.mx\/storage\/2020\/12\/generalAustin_pentagono_opt.jpg\",\"datePublished\":\"2020-12-08T04:36:40+00:00\",\"dateModified\":\"2020-12-08T16:17:55+00:00\",\"description\":\"ESTADOS UNIDOS. \u2014 Lloyd Austin, quien gui\u00f3 a las tropas estadounidenses en su incursi\u00f3n en Bagdad en la invasi\u00f3n de 2003, fue elegido por el presidente En Sonora en Equipo publicamos toda la informaci\u00f3n de Sonora, M\u00e9xico y el Mundo de manera oportuna y busca que la libertad de expresi\u00f3n sea real. Visita nuestro medio informativo publicado desde Hermosillo, Sonora. %\",\"breadcrumb\":{\"@id\":\"https:\/\/www.sonoraenequipo.com.mx\/biden-nomina-a-exgeneral-lyoyd-austin-iii-para-dirigir-el-pentagono\/#breadcrumb\"},\"inLanguage\":\"es\",\"potentialAction\":[{\"@type\":\"ReadAction\",\"target\":[\"https:\/\/www.sonoraenequipo.com.mx\/biden-nomina-a-exgeneral-lyoyd-austin-iii-para-dirigir-el-pentagono\/\"]}]},{\"@type\":\"ImageObject\",\"inLanguage\":\"es\",\"@id\":\"https:\/\/www.sonoraenequipo.com.mx\/biden-nomina-a-exgeneral-lyoyd-austin-iii-para-dirigir-el-pentagono\/#primaryimage\",\"url\":\"https:\/\/www.sonoraenequipo.com.mx\/storage\/2020\/12\/generalAustin_pentagono_opt.jpg\",\"contentUrl\":\"https:\/\/www.sonoraenequipo.com.mx\/storage\/2020\/12\/generalAustin_pentagono_opt.jpg\",\"width\":711,\"height\":400},{\"@type\":\"BreadcrumbList\",\"@id\":\"https:\/\/www.sonoraenequipo.com.mx\/biden-nomina-a-exgeneral-lyoyd-austin-iii-para-dirigir-el-pentagono\/#breadcrumb\",\"itemListElement\":[{\"@type\":\"ListItem\",\"position\":1,\"name\":\"Portada\",\"item\":\"https:\/\/www.sonoraenequipo.com.mx\/\"},{\"@type\":\"ListItem\",\"position\":2,\"name\":\"Biden nomina a exgeneral Lyoyd Austin III para dirigir el Pent\u00e1gono\"}]},{\"@type\":\"WebSite\",\"@id\":\"https:\/\/www.sonoraenequipo.com.mx\/#website\",\"url\":\"https:\/\/www.sonoraenequipo.com.mx\/\",\"name\":\"Sonora en Equipo.\",\"description\":\"Diario en l\u00ednea con Noticias desde Hermosillo, Sonora\",\"publisher\":{\"@id\":\"https:\/\/www.sonoraenequipo.com.mx\/#organization\"},\"potentialAction\":[{\"@type\":\"SearchAction\",\"target\":{\"@type\":\"EntryPoint\",\"urlTemplate\":\"https:\/\/www.sonoraenequipo.com.mx\/?s={search_term_string}\"},\"query-input\":{\"@type\":\"PropertyValueSpecification\",\"valueRequired\":true,\"valueName\":\"search_term_string\"}}],\"inLanguage\":\"es\"},{\"@type\":\"Organization\",\"@id\":\"https:\/\/www.sonoraenequipo.com.mx\/#organization\",\"name\":\"Sonoraenequipo.com.mx\",\"url\":\"https:\/\/www.sonoraenequipo.com.mx\/\",\"logo\":{\"@type\":\"ImageObject\",\"inLanguage\":\"es\",\"@id\":\"https:\/\/www.sonoraenequipo.com.mx\/#\/schema\/logo\/image\/\",\"url\":\"https:\/\/www.sonoraenequipo.com.mx\/storage\/2019\/01\/sonoraenequipo_opt.png\",\"contentUrl\":\"https:\/\/www.sonoraenequipo.com.mx\/storage\/2019\/01\/sonoraenequipo_opt.png\",\"width\":375,\"height\":125,\"caption\":\"Sonoraenequipo.com.mx\"},\"image\":{\"@id\":\"https:\/\/www.sonoraenequipo.com.mx\/#\/schema\/logo\/image\/\"},\"sameAs\":[\"https:\/\/www.facebook.com\/SonoraEE\/\",\"https:\/\/x.com\/sonoraenequipo\",\"https:\/\/www.youtube.com\/channel\/UC338nW-lPEYmJQs4ZABQ1SQ\"]},{\"@type\":\"Person\",\"@id\":\"https:\/\/www.sonoraenequipo.com.mx\/#\/schema\/person\/50102df0fb23a8fa9e8effad8fa81386\",\"name\":\"enequipo\",\"image\":{\"@type\":\"ImageObject\",\"inLanguage\":\"es\",\"@id\":\"https:\/\/www.sonoraenequipo.com.mx\/#\/schema\/person\/image\/\",\"url\":\"https:\/\/secure.gravatar.com\/avatar\/049821681b589dabc0bc20695993ccebb09f5b5d4d790cd9251b97faac7c652b?s=96&d=blank&r=g\",\"contentUrl\":\"https:\/\/secure.gravatar.com\/avatar\/049821681b589dabc0bc20695993ccebb09f5b5d4d790cd9251b97faac7c652b?s=96&d=blank&r=g\",\"caption\":\"enequipo\"},\"sameAs\":[\"https:\/\/www.facebook.com\/SonoraEE\"]}]}<\/script>\n ","yoast_head_json":{"title":"Sonora en Equipo. Biden nomina a exgeneral Lyoyd Austin III para dirigir el Pent\u00e1gono MUNDO","description":"ESTADOS UNIDOS. \u2014 Lloyd Austin, quien gui\u00f3 a las tropas estadounidenses en su incursi\u00f3n en Bagdad en la invasi\u00f3n de 2003, fue elegido por el presidente En Sonora en Equipo publicamos toda la informaci\u00f3n de Sonora, M\u00e9xico y el Mundo de manera oportuna y busca que la libertad de expresi\u00f3n sea real. Visita nuestro medio informativo publicado desde Hermosillo, Sonora. %","robots":{"index":"index","follow":"follow","max-snippet":"max-snippet:-1","max-image-preview":"max-image-preview:large","max-video-preview":"max-video-preview:-1"},"canonical":"https:\/\/www.sonoraenequipo.com.mx\/biden-nomina-a-exgeneral-lyoyd-austin-iii-para-dirigir-el-pentagono\/","og_locale":"es_ES","og_type":"article","og_title":"Sonora en Equipo. Biden nomina a exgeneral Lyoyd Austin III para dirigir el Pent\u00e1gono MUNDO","og_description":"ESTADOS UNIDOS. \u2014 Lloyd Austin, quien gui\u00f3 a las tropas estadounidenses en su incursi\u00f3n en Bagdad en la invasi\u00f3n de 2003, fue elegido por el presidente En Sonora en Equipo publicamos toda la informaci\u00f3n de Sonora, M\u00e9xico y el Mundo de manera oportuna y busca que la libertad de expresi\u00f3n sea real. Visita nuestro medio informativo publicado desde Hermosillo, Sonora. %","og_url":"https:\/\/www.sonoraenequipo.com.mx\/biden-nomina-a-exgeneral-lyoyd-austin-iii-para-dirigir-el-pentagono\/","og_site_name":"Sonora en Equipo.","article_publisher":"https:\/\/www.facebook.com\/SonoraEE\/","article_author":"https:\/\/www.facebook.com\/SonoraEE","article_published_time":"2020-12-08T04:36:40+00:00","article_modified_time":"2020-12-08T16:17:55+00:00","og_image":[{"width":711,"height":400,"url":"https:\/\/www.sonoraenequipo.com.mx\/storage\/2020\/12\/generalAustin_pentagono_opt.jpg","type":"image\/jpeg"}],"author":"enequipo","twitter_card":"summary_large_image","twitter_creator":"@sonoraenequipo","twitter_site":"@sonoraenequipo","twitter_misc":{"Escrito por":"enequipo","Tiempo de lectura":"3 minutos"},"schema":{"@context":"https:\/\/schema.org","@graph":[{"@type":"Article","@id":"https:\/\/www.sonoraenequipo.com.mx\/biden-nomina-a-exgeneral-lyoyd-austin-iii-para-dirigir-el-pentagono\/#article","isPartOf":{"@id":"https:\/\/www.sonoraenequipo.com.mx\/biden-nomina-a-exgeneral-lyoyd-austin-iii-para-dirigir-el-pentagono\/"},"author":{"name":"enequipo","@id":"https:\/\/www.sonoraenequipo.com.mx\/#\/schema\/person\/50102df0fb23a8fa9e8effad8fa81386"},"headline":"Biden nomina a exgeneral Lyoyd Austin III para dirigir el Pent\u00e1gono","datePublished":"2020-12-08T04:36:40+00:00","dateModified":"2020-12-08T16:17:55+00:00","mainEntityOfPage":{"@id":"https:\/\/www.sonoraenequipo.com.mx\/biden-nomina-a-exgeneral-lyoyd-austin-iii-para-dirigir-el-pentagono\/"},"wordCount":644,"commentCount":0,"publisher":{"@id":"https:\/\/www.sonoraenequipo.com.mx\/#organization"},"image":{"@id":"https:\/\/www.sonoraenequipo.com.mx\/biden-nomina-a-exgeneral-lyoyd-austin-iii-para-dirigir-el-pentagono\/#primaryimage"},"thumbnailUrl":"https:\/\/www.sonoraenequipo.com.mx\/storage\/2020\/12\/generalAustin_pentagono_opt.jpg","articleSection":["MUNDO"],"inLanguage":"es","potentialAction":[{"@type":"CommentAction","name":"Comment","target":["https:\/\/www.sonoraenequipo.com.mx\/biden-nomina-a-exgeneral-lyoyd-austin-iii-para-dirigir-el-pentagono\/#respond"]}]},{"@type":"WebPage","@id":"https:\/\/www.sonoraenequipo.com.mx\/biden-nomina-a-exgeneral-lyoyd-austin-iii-para-dirigir-el-pentagono\/","url":"https:\/\/www.sonoraenequipo.com.mx\/biden-nomina-a-exgeneral-lyoyd-austin-iii-para-dirigir-el-pentagono\/","name":"Sonora en Equipo. Biden nomina a exgeneral Lyoyd Austin III para dirigir el Pent\u00e1gono MUNDO","isPartOf":{"@id":"https:\/\/www.sonoraenequipo.com.mx\/#website"},"primaryImageOfPage":{"@id":"https:\/\/www.sonoraenequipo.com.mx\/biden-nomina-a-exgeneral-lyoyd-austin-iii-para-dirigir-el-pentagono\/#primaryimage"},"image":{"@id":"https:\/\/www.sonoraenequipo.com.mx\/biden-nomina-a-exgeneral-lyoyd-austin-iii-para-dirigir-el-pentagono\/#primaryimage"},"thumbnailUrl":"https:\/\/www.sonoraenequipo.com.mx\/storage\/2020\/12\/generalAustin_pentagono_opt.jpg","datePublished":"2020-12-08T04:36:40+00:00","dateModified":"2020-12-08T16:17:55+00:00","description":"ESTADOS UNIDOS. \u2014 Lloyd Austin, quien gui\u00f3 a las tropas estadounidenses en su incursi\u00f3n en Bagdad en la invasi\u00f3n de 2003, fue elegido por el presidente En Sonora en Equipo publicamos toda la informaci\u00f3n de Sonora, M\u00e9xico y el Mundo de manera oportuna y busca que la libertad de expresi\u00f3n sea real. Visita nuestro medio informativo publicado desde Hermosillo, Sonora. %","breadcrumb":{"@id":"https:\/\/www.sonoraenequipo.com.mx\/biden-nomina-a-exgeneral-lyoyd-austin-iii-para-dirigir-el-pentagono\/#breadcrumb"},"inLanguage":"es","potentialAction":[{"@type":"ReadAction","target":["https:\/\/www.sonoraenequipo.com.mx\/biden-nomina-a-exgeneral-lyoyd-austin-iii-para-dirigir-el-pentagono\/"]}]},{"@type":"ImageObject","inLanguage":"es","@id":"https:\/\/www.sonoraenequipo.com.mx\/biden-nomina-a-exgeneral-lyoyd-austin-iii-para-dirigir-el-pentagono\/#primaryimage","url":"https:\/\/www.sonoraenequipo.com.mx\/storage\/2020\/12\/generalAustin_pentagono_opt.jpg","contentUrl":"https:\/\/www.sonoraenequipo.com.mx\/storage\/2020\/12\/generalAustin_pentagono_opt.jpg","width":711,"height":400},{"@type":"BreadcrumbList","@id":"https:\/\/www.sonoraenequipo.com.mx\/biden-nomina-a-exgeneral-lyoyd-austin-iii-para-dirigir-el-pentagono\/#breadcrumb","itemListElement":[{"@type":"ListItem","position":1,"name":"Portada","item":"https:\/\/www.sonoraenequipo.com.mx\/"},{"@type":"ListItem","position":2,"name":"Biden nomina a exgeneral Lyoyd Austin III para dirigir el Pent\u00e1gono"}]},{"@type":"WebSite","@id":"https:\/\/www.sonoraenequipo.com.mx\/#website","url":"https:\/\/www.sonoraenequipo.com.mx\/","name":"Sonora en Equipo.","description":"Diario en l\u00ednea con Noticias desde Hermosillo, Sonora","publisher":{"@id":"https:\/\/www.sonoraenequipo.com.mx\/#organization"},"potentialAction":[{"@type":"SearchAction","target":{"@type":"EntryPoint","urlTemplate":"https:\/\/www.sonoraenequipo.com.mx\/?s={search_term_string}"},"query-input":{"@type":"PropertyValueSpecification","valueRequired":true,"valueName":"search_term_string"}}],"inLanguage":"es"},{"@type":"Organization","@id":"https:\/\/www.sonoraenequipo.com.mx\/#organization","name":"Sonoraenequipo.com.mx","url":"https:\/\/www.sonoraenequipo.com.mx\/","logo":{"@type":"ImageObject","inLanguage":"es","@id":"https:\/\/www.sonoraenequipo.com.mx\/#\/schema\/logo\/image\/","url":"https:\/\/www.sonoraenequipo.com.mx\/storage\/2019\/01\/sonoraenequipo_opt.png","contentUrl":"https:\/\/www.sonoraenequipo.com.mx\/storage\/2019\/01\/sonoraenequipo_opt.png","width":375,"height":125,"caption":"Sonoraenequipo.com.mx"},"image":{"@id":"https:\/\/www.sonoraenequipo.com.mx\/#\/schema\/logo\/image\/"},"sameAs":["https:\/\/www.facebook.com\/SonoraEE\/","https:\/\/x.com\/sonoraenequipo","https:\/\/www.youtube.com\/channel\/UC338nW-lPEYmJQs4ZABQ1SQ"]},{"@type":"Person","@id":"https:\/\/www.sonoraenequipo.com.mx\/#\/schema\/person\/50102df0fb23a8fa9e8effad8fa81386","name":"enequipo","image":{"@type":"ImageObject","inLanguage":"es","@id":"https:\/\/www.sonoraenequipo.com.mx\/#\/schema\/person\/image\/","url":"https:\/\/secure.gravatar.com\/avatar\/049821681b589dabc0bc20695993ccebb09f5b5d4d790cd9251b97faac7c652b?s=96&d=blank&r=g","contentUrl":"https:\/\/secure.gravatar.com\/avatar\/049821681b589dabc0bc20695993ccebb09f5b5d4d790cd9251b97faac7c652b?s=96&d=blank&r=g","caption":"enequipo"},"sameAs":["https:\/\/www.facebook.com\/SonoraEE"]}]}},"jetpack_featured_media_url":"https:\/\/www.sonoraenequipo.com.mx\/storage\/2020\/12\/generalAustin_pentagono_opt.jpg","_links":{"self":[{"href":"https:\/\/www.sonoraenequipo.com.mx\/api\/wp\/v2\/posts\/102182","targetHints":{"allow":["GET"]}}],"collection":[{"href":"https:\/\/www.sonoraenequipo.com.mx\/api\/wp\/v2\/posts"}],"about":[{"href":"https:\/\/www.sonoraenequipo.com.mx\/api\/wp\/v2\/types\/post"}],"author":[{"embeddable":true,"href":"https:\/\/www.sonoraenequipo.com.mx\/api\/wp\/v2\/users\/1"}],"replies":[{"embeddable":true,"href":"https:\/\/www.sonoraenequipo.com.mx\/api\/wp\/v2\/comments?post=102182"}],"version-history":[{"count":1,"href":"https:\/\/www.sonoraenequipo.com.mx\/api\/wp\/v2\/posts\/102182\/revisions"}],"predecessor-version":[{"id":102184,"href":"https:\/\/www.sonoraenequipo.com.mx\/api\/wp\/v2\/posts\/102182\/revisions\/102184"}],"wp:featuredmedia":[{"embeddable":true,"href":"https:\/\/www.sonoraenequipo.com.mx\/api\/wp\/v2\/media\/102183"}],"wp:attachment":[{"href":"https:\/\/www.sonoraenequipo.com.mx\/api\/wp\/v2\/media?parent=102182"}],"wp:term":[{"taxonomy":"category","embeddable":true,"href":"https:\/\/www.sonoraenequipo.com.mx\/api\/wp\/v2\/categories?post=102182"},{"taxonomy":"post_tag","embeddable":true,"href":"https:\/\/www.sonoraenequipo.com.mx\/api\/wp\/v2\/tags?post=102182"}],"curies":[{"name":"wp","href":"https:\/\/api.w.org\/{rel}","templated":true}]}}