{"id":102199,"date":"2020-12-07T22:45:06","date_gmt":"2020-12-08T05:45:06","guid":{"rendered":"https:\/\/www.sonoraenequipo.com.mx\/?p=102199"},"modified":"2020-12-08T10:47:50","modified_gmt":"2020-12-08T17:47:50","slug":"biden-elige-a-ex-fiscal-de-california-como-secretario-de-salud","status":"publish","type":"post","link":"https:\/\/www.sonoraenequipo.com.mx\/biden-elige-a-ex-fiscal-de-california-como-secretario-de-salud\/","title":{"rendered":"Biden elige a ex fiscal de California como secretario de Salud"},"content":{"rendered":"<p>WASHINGTON,\u00a0 ESTADOS UNIDOS. \u2014\u00a0 El presidente electo de Estados Unidos, Joe Biden, propuso\u00a0 al fiscal general de California, Xavier Becerra, como secretario de Salud y Servicios Humanos, con lo que se convertir\u00e1 en uno de los principales funcionarios de su equipo para luchar contra la pandemia de la COVID-19.<\/p>\n<p>&nbsp;<\/p>\n<p> <\/p>\n<p>&nbsp;<\/p>\n<p>Biden eligi\u00f3 a Becerra, un excongresista latino de 62 a\u00f1os, en medio de presiones para a\u00f1adir diversidad a los nombramientos en su gabinete, incluidas quejas del Caucus Congresional Hisp\u00e1nico por la ausencia de latinos.<\/p>\n<p>&nbsp;<\/p>\n<p>Hijo de inmigrantes mexicanos, Becerra (Sacramento, 1958) fue miembro de la C\u00e1mara de Representantes entre 1993 y 2017, a\u00f1o en que sustituy\u00f3 a la senadora y futura vicepresidenta Kamala Harris al frente de la fiscal\u00eda general de California. Su carrera ha pivotado m\u00e1s sobre temas como la justicia criminal, la inmigraci\u00f3n y la pol\u00edtica fiscal, por lo que su nombre figuraba en las quinielas, m\u00e1s que para el puesto para el que lo ha elegido Biden, para dirigir el Departamento de Justicia.<\/p>\n<p>&nbsp;<\/p>\n<p>Pero desde la fiscal\u00eda de California, ha librado diversas batallas en cuestiones de sanidad, entre otras la defensa de la reforma sanitaria del presidente Barack Obama. Al frente del Departamento de Salud, de ser confirmado, Becerra se enfrentar\u00e1 a una crisis sanitaria que estos d\u00edas atraviesa su peor momento en Estados Unidos, con m\u00e1s de 280.000 fallecidos y r\u00e9cords de contagios y hospitalizaciones por todo el pa\u00eds.<\/p>\n<p>&nbsp;<\/p>\n<p><em>\u201cEste equipo de expertos m\u00e9dicos y servidores p\u00fablicos de clase mundial estar\u00e1 listo desde el primer d\u00eda para movilizar todos los recursos del gobierno federal para expandir las pruebas y el uso de mascarillas\u201d<\/em>, dijo Biden en un comunicado, agregando que <em>\u201csupervisar\u00e1n la distribuci\u00f3n segura, equitativa y gratuita de tratamientos y vacunas\u201d.<\/em><\/p>\n<p>&nbsp;<\/p>\n<p>Biden, quien asumir\u00e1 el cargo el 20 de enero, ha anunciado ya los principales nominados para sus equipos econ\u00f3micos y de seguridad nacional. Ha seguido adelante con la transici\u00f3n a la Casa Blanca incluso pese a que el presidente Donald Trump se niega a conceder su derrota en las elecciones del 3 de noviembre y ha puesto en marcha un esfuerzo fallido para anular los resultados.<\/p>\n<p>&nbsp;<\/p>\n<p>Trump sufri\u00f3 otro rev\u00e9s el domingo, cuando el l\u00edder de su equipo legal, su abogado personal Rudy Giuliani, dio positivo por COVID-19. Una fuente conocedora de la situaci\u00f3n dijo que Giuliani fue ingresado en un hospital de Washington, D.C.<\/p>\n<p>&nbsp;<\/p>\n<p>Biden eligi\u00f3 tambi\u00e9n a Rochelle Walensky, jefa de enfermedades infecciosas del Hospital General de Massachusetts, para dirigir los Centros para el Control y la Prevenci\u00f3n de Enfermedades, y a Anthony Fauci, director del Instituto Nacional de Alergias y Enfermedades Infecciosas y miembro del grupo de trabajo de Trump sobre el coronavirus, como su principal asesor m\u00e9dico.<\/p>\n<p>&nbsp;<\/p>\n<p>El exvicepresidente tambi\u00e9n nombr\u00f3 a Jeff Zients, un asesor econ\u00f3mico alabado por sus habilidades gerenciales, como un \u201czar\u201d del coronavirus para supervisar una respuesta al COVID-19 que pronto incluir\u00e1 una operaci\u00f3n sin precedentes para distribuir cientos de millones de dosis de una nueva vacuna, coordinando esfuerzos entre m\u00faltiples agencias federales.<\/p>\n<p>&nbsp;<\/p>\n<p>Otro de los elegidos es Vivek Murthy, un m\u00e9dico que ha ganado prominencia en los \u00faltimos meses como copresidente de la junta asesora de Biden que se ocupa de la pandemia, para regresar por un segundo mandato como cirujano general. Tambi\u00e9n eligi\u00f3 a Marcella Nunez-Smith, profesora de la Facultad de Medicina de Yale, para dirigir un grupo que se ocupar\u00e1 de abordar la desproporcionada afecci\u00f3n del COVID-19 entre negros y latinos.<\/p>\n<p>&nbsp;<\/p>\n<p>&nbsp;<\/p>\n<p>(Publicada el 07\/12\/2020)<\/p>\n","protected":false},"excerpt":{"rendered":"<p>WASHINGTON,\u00a0 ESTADOS UNIDOS. \u2014\u00a0 El presidente electo de Estados Unidos, Joe Biden, propuso\u00a0 al fiscal&#8230;<\/p>\n","protected":false},"author":1,"featured_media":102200,"comment_status":"open","ping_status":"open","sticky":false,"template":"","format":"standard","meta":{"_monsterinsights_skip_tracking":false,"_monsterinsights_sitenote_active":false,"_monsterinsights_sitenote_note":"","_monsterinsights_sitenote_category":0,"footnotes":""},"categories":[3],"tags":[],"class_list":["post"],"yoast_head":" \n<title>Sonora en Equipo. Biden elige a ex fiscal de California como secretario de Salud MUNDO<\/title>\n<meta name=\"description\" content=\"WASHINGTON,\u00a0 ESTADOS UNIDOS. \u2014\u00a0 El presidente electo de Estados Unidos, Joe Biden, propuso\u00a0 al fiscal general de California, Xavier Becerra, como En Sonora en Equipo publicamos toda la informaci\u00f3n de Sonora, M\u00e9xico y el Mundo de manera oportuna y busca que la libertad de expresi\u00f3n sea real. Visita nuestro medio informativo publicado desde Hermosillo, Sonora. %\" \/>\n<meta name=\"robots\" content=\"index, follow, max-snippet:-1, max-image-preview:large, max-video-preview:-1\" \/>\n<link rel=\"canonical\" href=\"https:\/\/www.sonoraenequipo.com.mx\/biden-elige-a-ex-fiscal-de-california-como-secretario-de-salud\/\" \/>\n<meta property=\"og:locale\" content=\"es_ES\" \/>\n<meta property=\"og:type\" content=\"article\" \/>\n<meta property=\"og:title\" content=\"Sonora en Equipo. Biden elige a ex fiscal de California como secretario de Salud MUNDO\" \/>\n<meta property=\"og:description\" content=\"WASHINGTON,\u00a0 ESTADOS UNIDOS. \u2014\u00a0 El presidente electo de Estados Unidos, Joe Biden, propuso\u00a0 al fiscal general de California, Xavier Becerra, como En Sonora en Equipo publicamos toda la informaci\u00f3n de Sonora, M\u00e9xico y el Mundo de manera oportuna y busca que la libertad de expresi\u00f3n sea real. Visita nuestro medio informativo publicado desde Hermosillo, Sonora. %\" \/>\n<meta property=\"og:url\" content=\"https:\/\/www.sonoraenequipo.com.mx\/biden-elige-a-ex-fiscal-de-california-como-secretario-de-salud\/\" \/>\n<meta property=\"og:site_name\" content=\"Sonora en Equipo.\" \/>\n<meta property=\"article:publisher\" content=\"https:\/\/www.facebook.com\/SonoraEE\/\" \/>\n<meta property=\"article:author\" content=\"https:\/\/www.facebook.com\/SonoraEE\" \/>\n<meta property=\"article:published_time\" content=\"2020-12-08T05:45:06+00:00\" \/>\n<meta property=\"article:modified_time\" content=\"2020-12-08T17:47:50+00:00\" \/>\n<meta property=\"og:image\" content=\"https:\/\/www.sonoraenequipo.com.mx\/storage\/2020\/12\/xavier-becerrra-sec-de-salud_opt.jpg\" \/>\n\t<meta property=\"og:image:width\" content=\"600\" \/>\n\t<meta property=\"og:image:height\" content=\"400\" \/>\n\t<meta property=\"og:image:type\" content=\"image\/jpeg\" \/>\n<meta name=\"author\" content=\"enequipo\" \/>\n<meta name=\"twitter:card\" content=\"summary_large_image\" \/>\n<meta name=\"twitter:creator\" content=\"@sonoraenequipo\" \/>\n<meta name=\"twitter:site\" content=\"@sonoraenequipo\" \/>\n<meta name=\"twitter:label1\" content=\"Escrito por\" \/>\n\t<meta name=\"twitter:data1\" content=\"enequipo\" \/>\n\t<meta name=\"twitter:label2\" content=\"Tiempo de lectura\" \/>\n\t<meta name=\"twitter:data2\" content=\"3 minutos\" \/>\n<script type=\"application\/ld+json\" class=\"yoast-schema-graph\">{\"@context\":\"https:\/\/schema.org\",\"@graph\":[{\"@type\":\"Article\",\"@id\":\"https:\/\/www.sonoraenequipo.com.mx\/biden-elige-a-ex-fiscal-de-california-como-secretario-de-salud\/#article\",\"isPartOf\":{\"@id\":\"https:\/\/www.sonoraenequipo.com.mx\/biden-elige-a-ex-fiscal-de-california-como-secretario-de-salud\/\"},\"author\":{\"name\":\"enequipo\",\"@id\":\"https:\/\/www.sonoraenequipo.com.mx\/#\/schema\/person\/50102df0fb23a8fa9e8effad8fa81386\"},\"headline\":\"Biden elige a ex fiscal de California como secretario de Salud\",\"datePublished\":\"2020-12-08T05:45:06+00:00\",\"dateModified\":\"2020-12-08T17:47:50+00:00\",\"mainEntityOfPage\":{\"@id\":\"https:\/\/www.sonoraenequipo.com.mx\/biden-elige-a-ex-fiscal-de-california-como-secretario-de-salud\/\"},\"wordCount\":619,\"commentCount\":0,\"publisher\":{\"@id\":\"https:\/\/www.sonoraenequipo.com.mx\/#organization\"},\"image\":{\"@id\":\"https:\/\/www.sonoraenequipo.com.mx\/biden-elige-a-ex-fiscal-de-california-como-secretario-de-salud\/#primaryimage\"},\"thumbnailUrl\":\"https:\/\/www.sonoraenequipo.com.mx\/storage\/2020\/12\/xavier-becerrra-sec-de-salud_opt.jpg\",\"articleSection\":[\"MUNDO\"],\"inLanguage\":\"es\",\"potentialAction\":[{\"@type\":\"CommentAction\",\"name\":\"Comment\",\"target\":[\"https:\/\/www.sonoraenequipo.com.mx\/biden-elige-a-ex-fiscal-de-california-como-secretario-de-salud\/#respond\"]}]},{\"@type\":\"WebPage\",\"@id\":\"https:\/\/www.sonoraenequipo.com.mx\/biden-elige-a-ex-fiscal-de-california-como-secretario-de-salud\/\",\"url\":\"https:\/\/www.sonoraenequipo.com.mx\/biden-elige-a-ex-fiscal-de-california-como-secretario-de-salud\/\",\"name\":\"Sonora en Equipo. Biden elige a ex fiscal de California como secretario de Salud MUNDO\",\"isPartOf\":{\"@id\":\"https:\/\/www.sonoraenequipo.com.mx\/#website\"},\"primaryImageOfPage\":{\"@id\":\"https:\/\/www.sonoraenequipo.com.mx\/biden-elige-a-ex-fiscal-de-california-como-secretario-de-salud\/#primaryimage\"},\"image\":{\"@id\":\"https:\/\/www.sonoraenequipo.com.mx\/biden-elige-a-ex-fiscal-de-california-como-secretario-de-salud\/#primaryimage\"},\"thumbnailUrl\":\"https:\/\/www.sonoraenequipo.com.mx\/storage\/2020\/12\/xavier-becerrra-sec-de-salud_opt.jpg\",\"datePublished\":\"2020-12-08T05:45:06+00:00\",\"dateModified\":\"2020-12-08T17:47:50+00:00\",\"description\":\"WASHINGTON,\u00a0 ESTADOS UNIDOS. \u2014\u00a0 El presidente electo de Estados Unidos, Joe Biden, propuso\u00a0 al fiscal general de California, Xavier Becerra, como En Sonora en Equipo publicamos toda la informaci\u00f3n de Sonora, M\u00e9xico y el Mundo de manera oportuna y busca que la libertad de expresi\u00f3n sea real. Visita nuestro medio informativo publicado desde Hermosillo, Sonora. %\",\"breadcrumb\":{\"@id\":\"https:\/\/www.sonoraenequipo.com.mx\/biden-elige-a-ex-fiscal-de-california-como-secretario-de-salud\/#breadcrumb\"},\"inLanguage\":\"es\",\"potentialAction\":[{\"@type\":\"ReadAction\",\"target\":[\"https:\/\/www.sonoraenequipo.com.mx\/biden-elige-a-ex-fiscal-de-california-como-secretario-de-salud\/\"]}]},{\"@type\":\"ImageObject\",\"inLanguage\":\"es\",\"@id\":\"https:\/\/www.sonoraenequipo.com.mx\/biden-elige-a-ex-fiscal-de-california-como-secretario-de-salud\/#primaryimage\",\"url\":\"https:\/\/www.sonoraenequipo.com.mx\/storage\/2020\/12\/xavier-becerrra-sec-de-salud_opt.jpg\",\"contentUrl\":\"https:\/\/www.sonoraenequipo.com.mx\/storage\/2020\/12\/xavier-becerrra-sec-de-salud_opt.jpg\",\"width\":600,\"height\":400,\"caption\":\"FILE - In this March 5, 2019, file photo, California Attorney General Xavier Becerra speaks during a news conference in Sacramento, Calif. Becerra on Monday, June 22, 2020, added Idaho to a list of 11 other states where state-funded travel isn't allowed because he determined that they violate a California law. That 2017 law is intended to guard against discrimination based on sexual orientation, gender identity or gender expression. (AP Photo\/Rich Pedroncelli, File)\"},{\"@type\":\"BreadcrumbList\",\"@id\":\"https:\/\/www.sonoraenequipo.com.mx\/biden-elige-a-ex-fiscal-de-california-como-secretario-de-salud\/#breadcrumb\",\"itemListElement\":[{\"@type\":\"ListItem\",\"position\":1,\"name\":\"Portada\",\"item\":\"https:\/\/www.sonoraenequipo.com.mx\/\"},{\"@type\":\"ListItem\",\"position\":2,\"name\":\"Biden elige a ex fiscal de California como secretario de Salud\"}]},{\"@type\":\"WebSite\",\"@id\":\"https:\/\/www.sonoraenequipo.com.mx\/#website\",\"url\":\"https:\/\/www.sonoraenequipo.com.mx\/\",\"name\":\"Sonora en Equipo.\",\"description\":\"Diario en l\u00ednea con Noticias desde Hermosillo, Sonora\",\"publisher\":{\"@id\":\"https:\/\/www.sonoraenequipo.com.mx\/#organization\"},\"potentialAction\":[{\"@type\":\"SearchAction\",\"target\":{\"@type\":\"EntryPoint\",\"urlTemplate\":\"https:\/\/www.sonoraenequipo.com.mx\/?s={search_term_string}\"},\"query-input\":{\"@type\":\"PropertyValueSpecification\",\"valueRequired\":true,\"valueName\":\"search_term_string\"}}],\"inLanguage\":\"es\"},{\"@type\":\"Organization\",\"@id\":\"https:\/\/www.sonoraenequipo.com.mx\/#organization\",\"name\":\"Sonoraenequipo.com.mx\",\"url\":\"https:\/\/www.sonoraenequipo.com.mx\/\",\"logo\":{\"@type\":\"ImageObject\",\"inLanguage\":\"es\",\"@id\":\"https:\/\/www.sonoraenequipo.com.mx\/#\/schema\/logo\/image\/\",\"url\":\"https:\/\/www.sonoraenequipo.com.mx\/storage\/2019\/01\/sonoraenequipo_opt.png\",\"contentUrl\":\"https:\/\/www.sonoraenequipo.com.mx\/storage\/2019\/01\/sonoraenequipo_opt.png\",\"width\":375,\"height\":125,\"caption\":\"Sonoraenequipo.com.mx\"},\"image\":{\"@id\":\"https:\/\/www.sonoraenequipo.com.mx\/#\/schema\/logo\/image\/\"},\"sameAs\":[\"https:\/\/www.facebook.com\/SonoraEE\/\",\"https:\/\/x.com\/sonoraenequipo\",\"https:\/\/www.youtube.com\/channel\/UC338nW-lPEYmJQs4ZABQ1SQ\"]},{\"@type\":\"Person\",\"@id\":\"https:\/\/www.sonoraenequipo.com.mx\/#\/schema\/person\/50102df0fb23a8fa9e8effad8fa81386\",\"name\":\"enequipo\",\"image\":{\"@type\":\"ImageObject\",\"inLanguage\":\"es\",\"@id\":\"https:\/\/www.sonoraenequipo.com.mx\/#\/schema\/person\/image\/\",\"url\":\"https:\/\/secure.gravatar.com\/avatar\/049821681b589dabc0bc20695993ccebb09f5b5d4d790cd9251b97faac7c652b?s=96&d=blank&r=g\",\"contentUrl\":\"https:\/\/secure.gravatar.com\/avatar\/049821681b589dabc0bc20695993ccebb09f5b5d4d790cd9251b97faac7c652b?s=96&d=blank&r=g\",\"caption\":\"enequipo\"},\"sameAs\":[\"https:\/\/www.facebook.com\/SonoraEE\"]}]}<\/script>\n ","yoast_head_json":{"title":"Sonora en Equipo. Biden elige a ex fiscal de California como secretario de Salud MUNDO","description":"WASHINGTON,\u00a0 ESTADOS UNIDOS. \u2014\u00a0 El presidente electo de Estados Unidos, Joe Biden, propuso\u00a0 al fiscal general de California, Xavier Becerra, como En Sonora en Equipo publicamos toda la informaci\u00f3n de Sonora, M\u00e9xico y el Mundo de manera oportuna y busca que la libertad de expresi\u00f3n sea real. Visita nuestro medio informativo publicado desde Hermosillo, Sonora. %","robots":{"index":"index","follow":"follow","max-snippet":"max-snippet:-1","max-image-preview":"max-image-preview:large","max-video-preview":"max-video-preview:-1"},"canonical":"https:\/\/www.sonoraenequipo.com.mx\/biden-elige-a-ex-fiscal-de-california-como-secretario-de-salud\/","og_locale":"es_ES","og_type":"article","og_title":"Sonora en Equipo. Biden elige a ex fiscal de California como secretario de Salud MUNDO","og_description":"WASHINGTON,\u00a0 ESTADOS UNIDOS. \u2014\u00a0 El presidente electo de Estados Unidos, Joe Biden, propuso\u00a0 al fiscal general de California, Xavier Becerra, como En Sonora en Equipo publicamos toda la informaci\u00f3n de Sonora, M\u00e9xico y el Mundo de manera oportuna y busca que la libertad de expresi\u00f3n sea real. Visita nuestro medio informativo publicado desde Hermosillo, Sonora. %","og_url":"https:\/\/www.sonoraenequipo.com.mx\/biden-elige-a-ex-fiscal-de-california-como-secretario-de-salud\/","og_site_name":"Sonora en Equipo.","article_publisher":"https:\/\/www.facebook.com\/SonoraEE\/","article_author":"https:\/\/www.facebook.com\/SonoraEE","article_published_time":"2020-12-08T05:45:06+00:00","article_modified_time":"2020-12-08T17:47:50+00:00","og_image":[{"width":600,"height":400,"url":"https:\/\/www.sonoraenequipo.com.mx\/storage\/2020\/12\/xavier-becerrra-sec-de-salud_opt.jpg","type":"image\/jpeg"}],"author":"enequipo","twitter_card":"summary_large_image","twitter_creator":"@sonoraenequipo","twitter_site":"@sonoraenequipo","twitter_misc":{"Escrito por":"enequipo","Tiempo de lectura":"3 minutos"},"schema":{"@context":"https:\/\/schema.org","@graph":[{"@type":"Article","@id":"https:\/\/www.sonoraenequipo.com.mx\/biden-elige-a-ex-fiscal-de-california-como-secretario-de-salud\/#article","isPartOf":{"@id":"https:\/\/www.sonoraenequipo.com.mx\/biden-elige-a-ex-fiscal-de-california-como-secretario-de-salud\/"},"author":{"name":"enequipo","@id":"https:\/\/www.sonoraenequipo.com.mx\/#\/schema\/person\/50102df0fb23a8fa9e8effad8fa81386"},"headline":"Biden elige a ex fiscal de California como secretario de Salud","datePublished":"2020-12-08T05:45:06+00:00","dateModified":"2020-12-08T17:47:50+00:00","mainEntityOfPage":{"@id":"https:\/\/www.sonoraenequipo.com.mx\/biden-elige-a-ex-fiscal-de-california-como-secretario-de-salud\/"},"wordCount":619,"commentCount":0,"publisher":{"@id":"https:\/\/www.sonoraenequipo.com.mx\/#organization"},"image":{"@id":"https:\/\/www.sonoraenequipo.com.mx\/biden-elige-a-ex-fiscal-de-california-como-secretario-de-salud\/#primaryimage"},"thumbnailUrl":"https:\/\/www.sonoraenequipo.com.mx\/storage\/2020\/12\/xavier-becerrra-sec-de-salud_opt.jpg","articleSection":["MUNDO"],"inLanguage":"es","potentialAction":[{"@type":"CommentAction","name":"Comment","target":["https:\/\/www.sonoraenequipo.com.mx\/biden-elige-a-ex-fiscal-de-california-como-secretario-de-salud\/#respond"]}]},{"@type":"WebPage","@id":"https:\/\/www.sonoraenequipo.com.mx\/biden-elige-a-ex-fiscal-de-california-como-secretario-de-salud\/","url":"https:\/\/www.sonoraenequipo.com.mx\/biden-elige-a-ex-fiscal-de-california-como-secretario-de-salud\/","name":"Sonora en Equipo. Biden elige a ex fiscal de California como secretario de Salud MUNDO","isPartOf":{"@id":"https:\/\/www.sonoraenequipo.com.mx\/#website"},"primaryImageOfPage":{"@id":"https:\/\/www.sonoraenequipo.com.mx\/biden-elige-a-ex-fiscal-de-california-como-secretario-de-salud\/#primaryimage"},"image":{"@id":"https:\/\/www.sonoraenequipo.com.mx\/biden-elige-a-ex-fiscal-de-california-como-secretario-de-salud\/#primaryimage"},"thumbnailUrl":"https:\/\/www.sonoraenequipo.com.mx\/storage\/2020\/12\/xavier-becerrra-sec-de-salud_opt.jpg","datePublished":"2020-12-08T05:45:06+00:00","dateModified":"2020-12-08T17:47:50+00:00","description":"WASHINGTON,\u00a0 ESTADOS UNIDOS. \u2014\u00a0 El presidente electo de Estados Unidos, Joe Biden, propuso\u00a0 al fiscal general de California, Xavier Becerra, como En Sonora en Equipo publicamos toda la informaci\u00f3n de Sonora, M\u00e9xico y el Mundo de manera oportuna y busca que la libertad de expresi\u00f3n sea real. Visita nuestro medio informativo publicado desde Hermosillo, Sonora. %","breadcrumb":{"@id":"https:\/\/www.sonoraenequipo.com.mx\/biden-elige-a-ex-fiscal-de-california-como-secretario-de-salud\/#breadcrumb"},"inLanguage":"es","potentialAction":[{"@type":"ReadAction","target":["https:\/\/www.sonoraenequipo.com.mx\/biden-elige-a-ex-fiscal-de-california-como-secretario-de-salud\/"]}]},{"@type":"ImageObject","inLanguage":"es","@id":"https:\/\/www.sonoraenequipo.com.mx\/biden-elige-a-ex-fiscal-de-california-como-secretario-de-salud\/#primaryimage","url":"https:\/\/www.sonoraenequipo.com.mx\/storage\/2020\/12\/xavier-becerrra-sec-de-salud_opt.jpg","contentUrl":"https:\/\/www.sonoraenequipo.com.mx\/storage\/2020\/12\/xavier-becerrra-sec-de-salud_opt.jpg","width":600,"height":400,"caption":"FILE - In this March 5, 2019, file photo, California Attorney General Xavier Becerra speaks during a news conference in Sacramento, Calif. Becerra on Monday, June 22, 2020, added Idaho to a list of 11 other states where state-funded travel isn't allowed because he determined that they violate a California law. That 2017 law is intended to guard against discrimination based on sexual orientation, gender identity or gender expression. (AP Photo\/Rich Pedroncelli, File)"},{"@type":"BreadcrumbList","@id":"https:\/\/www.sonoraenequipo.com.mx\/biden-elige-a-ex-fiscal-de-california-como-secretario-de-salud\/#breadcrumb","itemListElement":[{"@type":"ListItem","position":1,"name":"Portada","item":"https:\/\/www.sonoraenequipo.com.mx\/"},{"@type":"ListItem","position":2,"name":"Biden elige a ex fiscal de California como secretario de Salud"}]},{"@type":"WebSite","@id":"https:\/\/www.sonoraenequipo.com.mx\/#website","url":"https:\/\/www.sonoraenequipo.com.mx\/","name":"Sonora en Equipo.","description":"Diario en l\u00ednea con Noticias desde Hermosillo, Sonora","publisher":{"@id":"https:\/\/www.sonoraenequipo.com.mx\/#organization"},"potentialAction":[{"@type":"SearchAction","target":{"@type":"EntryPoint","urlTemplate":"https:\/\/www.sonoraenequipo.com.mx\/?s={search_term_string}"},"query-input":{"@type":"PropertyValueSpecification","valueRequired":true,"valueName":"search_term_string"}}],"inLanguage":"es"},{"@type":"Organization","@id":"https:\/\/www.sonoraenequipo.com.mx\/#organization","name":"Sonoraenequipo.com.mx","url":"https:\/\/www.sonoraenequipo.com.mx\/","logo":{"@type":"ImageObject","inLanguage":"es","@id":"https:\/\/www.sonoraenequipo.com.mx\/#\/schema\/logo\/image\/","url":"https:\/\/www.sonoraenequipo.com.mx\/storage\/2019\/01\/sonoraenequipo_opt.png","contentUrl":"https:\/\/www.sonoraenequipo.com.mx\/storage\/2019\/01\/sonoraenequipo_opt.png","width":375,"height":125,"caption":"Sonoraenequipo.com.mx"},"image":{"@id":"https:\/\/www.sonoraenequipo.com.mx\/#\/schema\/logo\/image\/"},"sameAs":["https:\/\/www.facebook.com\/SonoraEE\/","https:\/\/x.com\/sonoraenequipo","https:\/\/www.youtube.com\/channel\/UC338nW-lPEYmJQs4ZABQ1SQ"]},{"@type":"Person","@id":"https:\/\/www.sonoraenequipo.com.mx\/#\/schema\/person\/50102df0fb23a8fa9e8effad8fa81386","name":"enequipo","image":{"@type":"ImageObject","inLanguage":"es","@id":"https:\/\/www.sonoraenequipo.com.mx\/#\/schema\/person\/image\/","url":"https:\/\/secure.gravatar.com\/avatar\/049821681b589dabc0bc20695993ccebb09f5b5d4d790cd9251b97faac7c652b?s=96&d=blank&r=g","contentUrl":"https:\/\/secure.gravatar.com\/avatar\/049821681b589dabc0bc20695993ccebb09f5b5d4d790cd9251b97faac7c652b?s=96&d=blank&r=g","caption":"enequipo"},"sameAs":["https:\/\/www.facebook.com\/SonoraEE"]}]}},"jetpack_featured_media_url":"https:\/\/www.sonoraenequipo.com.mx\/storage\/2020\/12\/xavier-becerrra-sec-de-salud_opt.jpg","_links":{"self":[{"href":"https:\/\/www.sonoraenequipo.com.mx\/api\/wp\/v2\/posts\/102199","targetHints":{"allow":["GET"]}}],"collection":[{"href":"https:\/\/www.sonoraenequipo.com.mx\/api\/wp\/v2\/posts"}],"about":[{"href":"https:\/\/www.sonoraenequipo.com.mx\/api\/wp\/v2\/types\/post"}],"author":[{"embeddable":true,"href":"https:\/\/www.sonoraenequipo.com.mx\/api\/wp\/v2\/users\/1"}],"replies":[{"embeddable":true,"href":"https:\/\/www.sonoraenequipo.com.mx\/api\/wp\/v2\/comments?post=102199"}],"version-history":[{"count":1,"href":"https:\/\/www.sonoraenequipo.com.mx\/api\/wp\/v2\/posts\/102199\/revisions"}],"predecessor-version":[{"id":102201,"href":"https:\/\/www.sonoraenequipo.com.mx\/api\/wp\/v2\/posts\/102199\/revisions\/102201"}],"wp:featuredmedia":[{"embeddable":true,"href":"https:\/\/www.sonoraenequipo.com.mx\/api\/wp\/v2\/media\/102200"}],"wp:attachment":[{"href":"https:\/\/www.sonoraenequipo.com.mx\/api\/wp\/v2\/media?parent=102199"}],"wp:term":[{"taxonomy":"category","embeddable":true,"href":"https:\/\/www.sonoraenequipo.com.mx\/api\/wp\/v2\/categories?post=102199"},{"taxonomy":"post_tag","embeddable":true,"href":"https:\/\/www.sonoraenequipo.com.mx\/api\/wp\/v2\/tags?post=102199"}],"curies":[{"name":"wp","href":"https:\/\/api.w.org\/{rel}","templated":true}]}}