{"id":102202,"date":"2020-12-08T08:28:13","date_gmt":"2020-12-08T15:28:13","guid":{"rendered":"https:\/\/www.sonoraenequipo.com.mx\/?p=102202"},"modified":"2020-12-08T13:55:09","modified_gmt":"2020-12-08T20:55:09","slug":"presentan-politica-nacional-de-vacunacion-contra-covid-19-profesionales-de-la-salud-sector-prioritario-de-aplicacion","status":"publish","type":"post","link":"https:\/\/www.sonoraenequipo.com.mx\/presentan-politica-nacional-de-vacunacion-contra-covid-19-profesionales-de-la-salud-sector-prioritario-de-aplicacion\/","title":{"rendered":"Presentan Pol\u00edtica Nacional de Vacunaci\u00f3n contra COVID-19"},"content":{"rendered":"<p>CIUDAD DE M\u00c9XICO. MX. \u2014 El presidente Andr\u00e9s Manuel L\u00f3pez Obrador encabez\u00f3 la presentaci\u00f3n de la Pol\u00edtica Nacional de Vacunaci\u00f3n contra el Virus SARS-CoV-2.<\/p>\n<p>&nbsp;<\/p>\n<p> <\/p>\n<p>&nbsp;<\/p>\n<p><em>\u201cLa vacuna se va a aplicar de manera universal. Es un derecho de todos los mexicanos, va a ser gratuita. Se va a priorizar a m\u00e9dicos y enfermeras, los que est\u00e1n atendiendo enfermos COVID y a las personas mayores. (\u2026) Es para todo el pa\u00eds, hasta las comunidades m\u00e1s apartadas\u201d,<\/em> puntualiz\u00f3.<\/p>\n<p>&nbsp;<\/p>\n<p>Toda la poblaci\u00f3n tendr\u00e1 acceso a la vacuna. El personal de la salud que est\u00e1 en el frente de respuesta de la epidemia ser\u00e1 el primer grupo al que se le aplicar\u00e1 para que puedan seguir realizando su trabajo con la mayor confianza posible.<\/p>\n<p>&nbsp;<\/p>\n<p>La meta de cobertura es vacunar al menos al 75 por ciento de la poblaci\u00f3n de 16 y m\u00e1s a\u00f1os con el objetivo de reducir las muertes por COVID-19.<\/p>\n<p>&nbsp;<\/p>\n<h3>La estrategia de vacunaci\u00f3n consta de cinco etapas:<\/h3>\n<p>&nbsp;<\/p>\n<p><strong>Etapa 1.<\/strong> De diciembre de 2020 a febrero de 2021 se vacunar\u00e1 al personal de salud de primera l\u00ednea de control de COVID-19.<\/p>\n<p>&nbsp;<\/p>\n<p><strong>Etapa 2.<\/strong> De febrero a abril de 2021, al personal de la salud restante y personas de 60 y m\u00e1s a\u00f1os.<\/p>\n<p>&nbsp;<\/p>\n<p><strong>Etapa 3.<\/strong> De abril a mayo de 2021, a personas de 50 a 59 a\u00f1os.<\/p>\n<p>&nbsp;<\/p>\n<p><strong>Etapa 4.<\/strong> De mayo a junio de 2021, a personas de 40 a 49 a\u00f1os.<\/p>\n<p>&nbsp;<\/p>\n<p><strong>Etapa 5.<\/strong> De junio de 2021 a marzo de 2022; en este periodo se vacunar\u00e1 al resto de la poblaci\u00f3n.<\/p>\n<p>&nbsp;<\/p>\n<p>De acuerdo con autoridades de la Secretar\u00eda de Salud, la vacuna de Pfizer\/BioNTech llegar\u00e1 a M\u00e9xico en la tercera semana de diciembre. El primer embarque ser\u00e1 de 250 mil dosis y los primeros sitios de aplicaci\u00f3n ser\u00e1n Ciudad de M\u00e9xico y Coahuila. Ya se analizan dos adicionales para cubrir otras regiones del pa\u00eds y movilizar de mejor forma el producto y las personas a vacunar.<\/p>\n<p>&nbsp;<\/p>\n<p>Las secretar\u00eda de la Defensa Nacional y de Marina participar\u00e1n en el operativo de resguardo y distribuci\u00f3n de las vacunas.<\/p>\n<p>&nbsp;<\/p>\n<p>El secretario de Salud, Jorge Alcocer Varela, afirm\u00f3 que el Gobierno de M\u00e9xico garantiza que la vacuna que se distribuya y aplique cumpla con todas las pruebas y caracter\u00edsticas necesarias para proteger la vida y la seguridad de todas las personas.<\/p>\n<p>&nbsp;<\/p>\n<p>Dej\u00f3 claro que es una de las medidas de prevenci\u00f3n, por lo que <em>\u201cno vacun\u00e1ndonos se acaba la pandemia. No vacun\u00e1ndonos se termina la posibilidad de una infecci\u00f3n si no cuidamos lo que ya se nos ha dicho todos los d\u00edas en las conferencias\u201d.<\/em><\/p>\n<p>&nbsp;<\/p>\n<p>El subsecretario de Prevenci\u00f3n y Promoci\u00f3n de la Salud, Hugo L\u00f3pez-Gatell Ram\u00edrez, indic\u00f3 que la Pol\u00edtica Nacional de Vacunaci\u00f3n contra el Virus SARS-CoV-2 es un asunto de Estado que requiere del involucramiento de todos los sectores de la sociedad en la medida de sus capacidades y de acuerdo con las disposiciones legales.<\/p>\n<p>&nbsp;<\/p>\n<p>Las prioridades nacionales, dijo, dependen de la configuraci\u00f3n de cada pa\u00eds y cada sociedad, por lo que no es exportable, es decir,<em> \u201cno basta con imitar lo que hace otro pa\u00eds y suponer que eso es aplicable al nuestro. Cada pa\u00eds tiene su propia realidad\u201d,<\/em> remarc\u00f3.<\/p>\n<p>&nbsp;<\/p>\n<p>Las capacidades del uso de la vacuna est\u00e1n ligadas a la infraestructura nacional f\u00edsica y operativa, agreg\u00f3.<\/p>\n<p>&nbsp;<\/p>\n<p>Explic\u00f3 que al inicio la producci\u00f3n de vacunas puede ser limitada, sin embargo, a trav\u00e9s de los diferentes mecanismos de cooperaci\u00f3n entre los pa\u00edses, se podr\u00e1n aprovechar de forma estrat\u00e9gica para alcanzar los objetivos de control y prevenci\u00f3n.<\/p>\n<p>&nbsp;<\/p>\n<p><em>\u201cLa vacuna abre un horizonte de esperanza para el manejo de la epidemia en M\u00e9xico, en la regi\u00f3n de Am\u00e9rica y en todo el mundo porque la vacuna nos permite tener un giro de cu\u00e1les son los instrumentos que se pueden utilizar en combinaci\u00f3n para un control m\u00e1s efectivo y m\u00e1s pronto de esta epidemia\u201d,<\/em> expres\u00f3.<\/p>\n<p>&nbsp;<\/p>\n<p>Sostuvo que es necesario tener conciencia de que la vacunaci\u00f3n no es una acci\u00f3n de un d\u00eda y que sus capacidades se complementan con otras que seguir\u00e1n siendo relevantes, como las medidas generales de la higiene p\u00fablica, as\u00ed como la atenci\u00f3n a las personas enfermas durante el periodo en el que la epidemia seguir\u00e1 activa en el mundo hasta que tenga una rendici\u00f3n completa por acci\u00f3n de las medidas de control.<\/p>\n<p>&nbsp;<\/p>\n<p>El secretario de Relaciones Exteriores, Marcelo Ebrard Casaubon, record\u00f3 que M\u00e9xico tiene acceso a nueve proyectos internacionales de vacunas a trav\u00e9s del portafolio de COVAX.<\/p>\n<p>&nbsp;<\/p>\n<p>El jefe del Ejecutivo asegur\u00f3 que hay recursos suficientes para comprar todas las vacunas que se necesiten. Inicialmente la inversi\u00f3n ser\u00e1 de 20 mil millones de pesos.<\/p>\n<p><iframe loading=\"lazy\" title=\"Pol\u00edtica Nacional de Vacunaci\u00f3n contra COVID-19. Conferencia presidente AMLO\" width=\"640\" height=\"360\" src=\"https:\/\/www.youtube.com\/embed\/VJ16J_ZhNLM?feature=oembed\" frameborder=\"0\" allow=\"accelerometer; autoplay; clipboard-write; encrypted-media; gyroscope; picture-in-picture; web-share\" referrerpolicy=\"strict-origin-when-cross-origin\" allowfullscreen><\/iframe><\/p>\n<p>&nbsp;<\/p>\n<p>(Publicada el 08\/12\/2020)<\/p>\n","protected":false},"excerpt":{"rendered":"<p>CIUDAD DE M\u00c9XICO. MX. \u2014 El presidente Andr\u00e9s Manuel L\u00f3pez Obrador encabez\u00f3 la presentaci\u00f3n de&#8230;<\/p>\n","protected":false},"author":1,"featured_media":102204,"comment_status":"open","ping_status":"open","sticky":false,"template":"","format":"standard","meta":{"_monsterinsights_skip_tracking":false,"_monsterinsights_sitenote_active":false,"_monsterinsights_sitenote_note":"","_monsterinsights_sitenote_category":0,"footnotes":""},"categories":[5],"tags":[],"class_list":["post"],"yoast_head":" \n<title>Sonora en Equipo. Presentan Pol\u00edtica Nacional de Vacunaci\u00f3n contra COVID-19 Rep\u00fablica<\/title>\n<meta name=\"description\" content=\"CIUDAD DE M\u00c9XICO. MX. \u2014 El presidente Andr\u00e9s Manuel L\u00f3pez Obrador encabez\u00f3 la presentaci\u00f3n de la Pol\u00edtica Nacional de Vacunaci\u00f3n contra el Virus En Sonora en Equipo publicamos toda la informaci\u00f3n de Sonora, M\u00e9xico y el Mundo de manera oportuna y busca que la libertad de expresi\u00f3n sea real. Visita nuestro medio informativo publicado desde Hermosillo, Sonora. %\" \/>\n<meta name=\"robots\" content=\"index, follow, max-snippet:-1, max-image-preview:large, max-video-preview:-1\" \/>\n<link rel=\"canonical\" href=\"https:\/\/www.sonoraenequipo.com.mx\/presentan-politica-nacional-de-vacunacion-contra-covid-19-profesionales-de-la-salud-sector-prioritario-de-aplicacion\/\" \/>\n<meta property=\"og:locale\" content=\"es_ES\" \/>\n<meta property=\"og:type\" content=\"article\" \/>\n<meta property=\"og:title\" content=\"Sonora en Equipo. Presentan Pol\u00edtica Nacional de Vacunaci\u00f3n contra COVID-19 Rep\u00fablica\" \/>\n<meta property=\"og:description\" content=\"CIUDAD DE M\u00c9XICO. MX. \u2014 El presidente Andr\u00e9s Manuel L\u00f3pez Obrador encabez\u00f3 la presentaci\u00f3n de la Pol\u00edtica Nacional de Vacunaci\u00f3n contra el Virus En Sonora en Equipo publicamos toda la informaci\u00f3n de Sonora, M\u00e9xico y el Mundo de manera oportuna y busca que la libertad de expresi\u00f3n sea real. Visita nuestro medio informativo publicado desde Hermosillo, Sonora. %\" \/>\n<meta property=\"og:url\" content=\"https:\/\/www.sonoraenequipo.com.mx\/presentan-politica-nacional-de-vacunacion-contra-covid-19-profesionales-de-la-salud-sector-prioritario-de-aplicacion\/\" \/>\n<meta property=\"og:site_name\" content=\"Sonora en Equipo.\" \/>\n<meta property=\"article:publisher\" content=\"https:\/\/www.facebook.com\/SonoraEE\/\" \/>\n<meta property=\"article:author\" content=\"https:\/\/www.facebook.com\/SonoraEE\" \/>\n<meta property=\"article:published_time\" content=\"2020-12-08T15:28:13+00:00\" \/>\n<meta property=\"article:modified_time\" content=\"2020-12-08T20:55:09+00:00\" \/>\n<meta property=\"og:image\" content=\"https:\/\/www.sonoraenequipo.com.mx\/storage\/2020\/12\/conferencia-matutina_opt2.jpg\" \/>\n\t<meta property=\"og:image:width\" content=\"601\" \/>\n\t<meta property=\"og:image:height\" content=\"400\" \/>\n\t<meta property=\"og:image:type\" content=\"image\/jpeg\" \/>\n<meta name=\"author\" content=\"enequipo\" \/>\n<meta name=\"twitter:card\" content=\"summary_large_image\" \/>\n<meta name=\"twitter:creator\" content=\"@sonoraenequipo\" \/>\n<meta name=\"twitter:site\" content=\"@sonoraenequipo\" \/>\n<meta name=\"twitter:label1\" content=\"Escrito por\" \/>\n\t<meta name=\"twitter:data1\" content=\"enequipo\" \/>\n\t<meta name=\"twitter:label2\" content=\"Tiempo de lectura\" \/>\n\t<meta name=\"twitter:data2\" content=\"4 minutos\" \/>\n<script type=\"application\/ld+json\" class=\"yoast-schema-graph\">{\"@context\":\"https:\/\/schema.org\",\"@graph\":[{\"@type\":\"Article\",\"@id\":\"https:\/\/www.sonoraenequipo.com.mx\/presentan-politica-nacional-de-vacunacion-contra-covid-19-profesionales-de-la-salud-sector-prioritario-de-aplicacion\/#article\",\"isPartOf\":{\"@id\":\"https:\/\/www.sonoraenequipo.com.mx\/presentan-politica-nacional-de-vacunacion-contra-covid-19-profesionales-de-la-salud-sector-prioritario-de-aplicacion\/\"},\"author\":{\"name\":\"enequipo\",\"@id\":\"https:\/\/www.sonoraenequipo.com.mx\/#\/schema\/person\/50102df0fb23a8fa9e8effad8fa81386\"},\"headline\":\"Presentan Pol\u00edtica Nacional de Vacunaci\u00f3n contra COVID-19\",\"datePublished\":\"2020-12-08T15:28:13+00:00\",\"dateModified\":\"2020-12-08T20:55:09+00:00\",\"mainEntityOfPage\":{\"@id\":\"https:\/\/www.sonoraenequipo.com.mx\/presentan-politica-nacional-de-vacunacion-contra-covid-19-profesionales-de-la-salud-sector-prioritario-de-aplicacion\/\"},\"wordCount\":851,\"commentCount\":0,\"publisher\":{\"@id\":\"https:\/\/www.sonoraenequipo.com.mx\/#organization\"},\"image\":{\"@id\":\"https:\/\/www.sonoraenequipo.com.mx\/presentan-politica-nacional-de-vacunacion-contra-covid-19-profesionales-de-la-salud-sector-prioritario-de-aplicacion\/#primaryimage\"},\"thumbnailUrl\":\"https:\/\/www.sonoraenequipo.com.mx\/storage\/2020\/12\/conferencia-matutina_opt2.jpg\",\"articleSection\":[\"Rep\u00fablica\"],\"inLanguage\":\"es\",\"potentialAction\":[{\"@type\":\"CommentAction\",\"name\":\"Comment\",\"target\":[\"https:\/\/www.sonoraenequipo.com.mx\/presentan-politica-nacional-de-vacunacion-contra-covid-19-profesionales-de-la-salud-sector-prioritario-de-aplicacion\/#respond\"]}]},{\"@type\":\"WebPage\",\"@id\":\"https:\/\/www.sonoraenequipo.com.mx\/presentan-politica-nacional-de-vacunacion-contra-covid-19-profesionales-de-la-salud-sector-prioritario-de-aplicacion\/\",\"url\":\"https:\/\/www.sonoraenequipo.com.mx\/presentan-politica-nacional-de-vacunacion-contra-covid-19-profesionales-de-la-salud-sector-prioritario-de-aplicacion\/\",\"name\":\"Sonora en Equipo. Presentan Pol\u00edtica Nacional de Vacunaci\u00f3n contra COVID-19 Rep\u00fablica\",\"isPartOf\":{\"@id\":\"https:\/\/www.sonoraenequipo.com.mx\/#website\"},\"primaryImageOfPage\":{\"@id\":\"https:\/\/www.sonoraenequipo.com.mx\/presentan-politica-nacional-de-vacunacion-contra-covid-19-profesionales-de-la-salud-sector-prioritario-de-aplicacion\/#primaryimage\"},\"image\":{\"@id\":\"https:\/\/www.sonoraenequipo.com.mx\/presentan-politica-nacional-de-vacunacion-contra-covid-19-profesionales-de-la-salud-sector-prioritario-de-aplicacion\/#primaryimage\"},\"thumbnailUrl\":\"https:\/\/www.sonoraenequipo.com.mx\/storage\/2020\/12\/conferencia-matutina_opt2.jpg\",\"datePublished\":\"2020-12-08T15:28:13+00:00\",\"dateModified\":\"2020-12-08T20:55:09+00:00\",\"description\":\"CIUDAD DE M\u00c9XICO. MX. \u2014 El presidente Andr\u00e9s Manuel L\u00f3pez Obrador encabez\u00f3 la presentaci\u00f3n de la Pol\u00edtica Nacional de Vacunaci\u00f3n contra el Virus En Sonora en Equipo publicamos toda la informaci\u00f3n de Sonora, M\u00e9xico y el Mundo de manera oportuna y busca que la libertad de expresi\u00f3n sea real. Visita nuestro medio informativo publicado desde Hermosillo, Sonora. %\",\"breadcrumb\":{\"@id\":\"https:\/\/www.sonoraenequipo.com.mx\/presentan-politica-nacional-de-vacunacion-contra-covid-19-profesionales-de-la-salud-sector-prioritario-de-aplicacion\/#breadcrumb\"},\"inLanguage\":\"es\",\"potentialAction\":[{\"@type\":\"ReadAction\",\"target\":[\"https:\/\/www.sonoraenequipo.com.mx\/presentan-politica-nacional-de-vacunacion-contra-covid-19-profesionales-de-la-salud-sector-prioritario-de-aplicacion\/\"]}]},{\"@type\":\"ImageObject\",\"inLanguage\":\"es\",\"@id\":\"https:\/\/www.sonoraenequipo.com.mx\/presentan-politica-nacional-de-vacunacion-contra-covid-19-profesionales-de-la-salud-sector-prioritario-de-aplicacion\/#primaryimage\",\"url\":\"https:\/\/www.sonoraenequipo.com.mx\/storage\/2020\/12\/conferencia-matutina_opt2.jpg\",\"contentUrl\":\"https:\/\/www.sonoraenequipo.com.mx\/storage\/2020\/12\/conferencia-matutina_opt2.jpg\",\"width\":601,\"height\":400},{\"@type\":\"BreadcrumbList\",\"@id\":\"https:\/\/www.sonoraenequipo.com.mx\/presentan-politica-nacional-de-vacunacion-contra-covid-19-profesionales-de-la-salud-sector-prioritario-de-aplicacion\/#breadcrumb\",\"itemListElement\":[{\"@type\":\"ListItem\",\"position\":1,\"name\":\"Portada\",\"item\":\"https:\/\/www.sonoraenequipo.com.mx\/\"},{\"@type\":\"ListItem\",\"position\":2,\"name\":\"Presentan Pol\u00edtica Nacional de Vacunaci\u00f3n contra COVID-19\"}]},{\"@type\":\"WebSite\",\"@id\":\"https:\/\/www.sonoraenequipo.com.mx\/#website\",\"url\":\"https:\/\/www.sonoraenequipo.com.mx\/\",\"name\":\"Sonora en Equipo.\",\"description\":\"Diario en l\u00ednea con Noticias desde Hermosillo, Sonora\",\"publisher\":{\"@id\":\"https:\/\/www.sonoraenequipo.com.mx\/#organization\"},\"potentialAction\":[{\"@type\":\"SearchAction\",\"target\":{\"@type\":\"EntryPoint\",\"urlTemplate\":\"https:\/\/www.sonoraenequipo.com.mx\/?s={search_term_string}\"},\"query-input\":{\"@type\":\"PropertyValueSpecification\",\"valueRequired\":true,\"valueName\":\"search_term_string\"}}],\"inLanguage\":\"es\"},{\"@type\":\"Organization\",\"@id\":\"https:\/\/www.sonoraenequipo.com.mx\/#organization\",\"name\":\"Sonoraenequipo.com.mx\",\"url\":\"https:\/\/www.sonoraenequipo.com.mx\/\",\"logo\":{\"@type\":\"ImageObject\",\"inLanguage\":\"es\",\"@id\":\"https:\/\/www.sonoraenequipo.com.mx\/#\/schema\/logo\/image\/\",\"url\":\"https:\/\/www.sonoraenequipo.com.mx\/storage\/2019\/01\/sonoraenequipo_opt.png\",\"contentUrl\":\"https:\/\/www.sonoraenequipo.com.mx\/storage\/2019\/01\/sonoraenequipo_opt.png\",\"width\":375,\"height\":125,\"caption\":\"Sonoraenequipo.com.mx\"},\"image\":{\"@id\":\"https:\/\/www.sonoraenequipo.com.mx\/#\/schema\/logo\/image\/\"},\"sameAs\":[\"https:\/\/www.facebook.com\/SonoraEE\/\",\"https:\/\/x.com\/sonoraenequipo\",\"https:\/\/www.youtube.com\/channel\/UC338nW-lPEYmJQs4ZABQ1SQ\"]},{\"@type\":\"Person\",\"@id\":\"https:\/\/www.sonoraenequipo.com.mx\/#\/schema\/person\/50102df0fb23a8fa9e8effad8fa81386\",\"name\":\"enequipo\",\"image\":{\"@type\":\"ImageObject\",\"inLanguage\":\"es\",\"@id\":\"https:\/\/www.sonoraenequipo.com.mx\/#\/schema\/person\/image\/\",\"url\":\"https:\/\/secure.gravatar.com\/avatar\/049821681b589dabc0bc20695993ccebb09f5b5d4d790cd9251b97faac7c652b?s=96&d=blank&r=g\",\"contentUrl\":\"https:\/\/secure.gravatar.com\/avatar\/049821681b589dabc0bc20695993ccebb09f5b5d4d790cd9251b97faac7c652b?s=96&d=blank&r=g\",\"caption\":\"enequipo\"},\"sameAs\":[\"https:\/\/www.facebook.com\/SonoraEE\"]}]}<\/script>\n ","yoast_head_json":{"title":"Sonora en Equipo. Presentan Pol\u00edtica Nacional de Vacunaci\u00f3n contra COVID-19 Rep\u00fablica","description":"CIUDAD DE M\u00c9XICO. MX. \u2014 El presidente Andr\u00e9s Manuel L\u00f3pez Obrador encabez\u00f3 la presentaci\u00f3n de la Pol\u00edtica Nacional de Vacunaci\u00f3n contra el Virus En Sonora en Equipo publicamos toda la informaci\u00f3n de Sonora, M\u00e9xico y el Mundo de manera oportuna y busca que la libertad de expresi\u00f3n sea real. Visita nuestro medio informativo publicado desde Hermosillo, Sonora. %","robots":{"index":"index","follow":"follow","max-snippet":"max-snippet:-1","max-image-preview":"max-image-preview:large","max-video-preview":"max-video-preview:-1"},"canonical":"https:\/\/www.sonoraenequipo.com.mx\/presentan-politica-nacional-de-vacunacion-contra-covid-19-profesionales-de-la-salud-sector-prioritario-de-aplicacion\/","og_locale":"es_ES","og_type":"article","og_title":"Sonora en Equipo. Presentan Pol\u00edtica Nacional de Vacunaci\u00f3n contra COVID-19 Rep\u00fablica","og_description":"CIUDAD DE M\u00c9XICO. MX. \u2014 El presidente Andr\u00e9s Manuel L\u00f3pez Obrador encabez\u00f3 la presentaci\u00f3n de la Pol\u00edtica Nacional de Vacunaci\u00f3n contra el Virus En Sonora en Equipo publicamos toda la informaci\u00f3n de Sonora, M\u00e9xico y el Mundo de manera oportuna y busca que la libertad de expresi\u00f3n sea real. Visita nuestro medio informativo publicado desde Hermosillo, Sonora. %","og_url":"https:\/\/www.sonoraenequipo.com.mx\/presentan-politica-nacional-de-vacunacion-contra-covid-19-profesionales-de-la-salud-sector-prioritario-de-aplicacion\/","og_site_name":"Sonora en Equipo.","article_publisher":"https:\/\/www.facebook.com\/SonoraEE\/","article_author":"https:\/\/www.facebook.com\/SonoraEE","article_published_time":"2020-12-08T15:28:13+00:00","article_modified_time":"2020-12-08T20:55:09+00:00","og_image":[{"width":601,"height":400,"url":"https:\/\/www.sonoraenequipo.com.mx\/storage\/2020\/12\/conferencia-matutina_opt2.jpg","type":"image\/jpeg"}],"author":"enequipo","twitter_card":"summary_large_image","twitter_creator":"@sonoraenequipo","twitter_site":"@sonoraenequipo","twitter_misc":{"Escrito por":"enequipo","Tiempo de lectura":"4 minutos"},"schema":{"@context":"https:\/\/schema.org","@graph":[{"@type":"Article","@id":"https:\/\/www.sonoraenequipo.com.mx\/presentan-politica-nacional-de-vacunacion-contra-covid-19-profesionales-de-la-salud-sector-prioritario-de-aplicacion\/#article","isPartOf":{"@id":"https:\/\/www.sonoraenequipo.com.mx\/presentan-politica-nacional-de-vacunacion-contra-covid-19-profesionales-de-la-salud-sector-prioritario-de-aplicacion\/"},"author":{"name":"enequipo","@id":"https:\/\/www.sonoraenequipo.com.mx\/#\/schema\/person\/50102df0fb23a8fa9e8effad8fa81386"},"headline":"Presentan Pol\u00edtica Nacional de Vacunaci\u00f3n contra COVID-19","datePublished":"2020-12-08T15:28:13+00:00","dateModified":"2020-12-08T20:55:09+00:00","mainEntityOfPage":{"@id":"https:\/\/www.sonoraenequipo.com.mx\/presentan-politica-nacional-de-vacunacion-contra-covid-19-profesionales-de-la-salud-sector-prioritario-de-aplicacion\/"},"wordCount":851,"commentCount":0,"publisher":{"@id":"https:\/\/www.sonoraenequipo.com.mx\/#organization"},"image":{"@id":"https:\/\/www.sonoraenequipo.com.mx\/presentan-politica-nacional-de-vacunacion-contra-covid-19-profesionales-de-la-salud-sector-prioritario-de-aplicacion\/#primaryimage"},"thumbnailUrl":"https:\/\/www.sonoraenequipo.com.mx\/storage\/2020\/12\/conferencia-matutina_opt2.jpg","articleSection":["Rep\u00fablica"],"inLanguage":"es","potentialAction":[{"@type":"CommentAction","name":"Comment","target":["https:\/\/www.sonoraenequipo.com.mx\/presentan-politica-nacional-de-vacunacion-contra-covid-19-profesionales-de-la-salud-sector-prioritario-de-aplicacion\/#respond"]}]},{"@type":"WebPage","@id":"https:\/\/www.sonoraenequipo.com.mx\/presentan-politica-nacional-de-vacunacion-contra-covid-19-profesionales-de-la-salud-sector-prioritario-de-aplicacion\/","url":"https:\/\/www.sonoraenequipo.com.mx\/presentan-politica-nacional-de-vacunacion-contra-covid-19-profesionales-de-la-salud-sector-prioritario-de-aplicacion\/","name":"Sonora en Equipo. Presentan Pol\u00edtica Nacional de Vacunaci\u00f3n contra COVID-19 Rep\u00fablica","isPartOf":{"@id":"https:\/\/www.sonoraenequipo.com.mx\/#website"},"primaryImageOfPage":{"@id":"https:\/\/www.sonoraenequipo.com.mx\/presentan-politica-nacional-de-vacunacion-contra-covid-19-profesionales-de-la-salud-sector-prioritario-de-aplicacion\/#primaryimage"},"image":{"@id":"https:\/\/www.sonoraenequipo.com.mx\/presentan-politica-nacional-de-vacunacion-contra-covid-19-profesionales-de-la-salud-sector-prioritario-de-aplicacion\/#primaryimage"},"thumbnailUrl":"https:\/\/www.sonoraenequipo.com.mx\/storage\/2020\/12\/conferencia-matutina_opt2.jpg","datePublished":"2020-12-08T15:28:13+00:00","dateModified":"2020-12-08T20:55:09+00:00","description":"CIUDAD DE M\u00c9XICO. MX. \u2014 El presidente Andr\u00e9s Manuel L\u00f3pez Obrador encabez\u00f3 la presentaci\u00f3n de la Pol\u00edtica Nacional de Vacunaci\u00f3n contra el Virus En Sonora en Equipo publicamos toda la informaci\u00f3n de Sonora, M\u00e9xico y el Mundo de manera oportuna y busca que la libertad de expresi\u00f3n sea real. Visita nuestro medio informativo publicado desde Hermosillo, Sonora. %","breadcrumb":{"@id":"https:\/\/www.sonoraenequipo.com.mx\/presentan-politica-nacional-de-vacunacion-contra-covid-19-profesionales-de-la-salud-sector-prioritario-de-aplicacion\/#breadcrumb"},"inLanguage":"es","potentialAction":[{"@type":"ReadAction","target":["https:\/\/www.sonoraenequipo.com.mx\/presentan-politica-nacional-de-vacunacion-contra-covid-19-profesionales-de-la-salud-sector-prioritario-de-aplicacion\/"]}]},{"@type":"ImageObject","inLanguage":"es","@id":"https:\/\/www.sonoraenequipo.com.mx\/presentan-politica-nacional-de-vacunacion-contra-covid-19-profesionales-de-la-salud-sector-prioritario-de-aplicacion\/#primaryimage","url":"https:\/\/www.sonoraenequipo.com.mx\/storage\/2020\/12\/conferencia-matutina_opt2.jpg","contentUrl":"https:\/\/www.sonoraenequipo.com.mx\/storage\/2020\/12\/conferencia-matutina_opt2.jpg","width":601,"height":400},{"@type":"BreadcrumbList","@id":"https:\/\/www.sonoraenequipo.com.mx\/presentan-politica-nacional-de-vacunacion-contra-covid-19-profesionales-de-la-salud-sector-prioritario-de-aplicacion\/#breadcrumb","itemListElement":[{"@type":"ListItem","position":1,"name":"Portada","item":"https:\/\/www.sonoraenequipo.com.mx\/"},{"@type":"ListItem","position":2,"name":"Presentan Pol\u00edtica Nacional de Vacunaci\u00f3n contra COVID-19"}]},{"@type":"WebSite","@id":"https:\/\/www.sonoraenequipo.com.mx\/#website","url":"https:\/\/www.sonoraenequipo.com.mx\/","name":"Sonora en Equipo.","description":"Diario en l\u00ednea con Noticias desde Hermosillo, Sonora","publisher":{"@id":"https:\/\/www.sonoraenequipo.com.mx\/#organization"},"potentialAction":[{"@type":"SearchAction","target":{"@type":"EntryPoint","urlTemplate":"https:\/\/www.sonoraenequipo.com.mx\/?s={search_term_string}"},"query-input":{"@type":"PropertyValueSpecification","valueRequired":true,"valueName":"search_term_string"}}],"inLanguage":"es"},{"@type":"Organization","@id":"https:\/\/www.sonoraenequipo.com.mx\/#organization","name":"Sonoraenequipo.com.mx","url":"https:\/\/www.sonoraenequipo.com.mx\/","logo":{"@type":"ImageObject","inLanguage":"es","@id":"https:\/\/www.sonoraenequipo.com.mx\/#\/schema\/logo\/image\/","url":"https:\/\/www.sonoraenequipo.com.mx\/storage\/2019\/01\/sonoraenequipo_opt.png","contentUrl":"https:\/\/www.sonoraenequipo.com.mx\/storage\/2019\/01\/sonoraenequipo_opt.png","width":375,"height":125,"caption":"Sonoraenequipo.com.mx"},"image":{"@id":"https:\/\/www.sonoraenequipo.com.mx\/#\/schema\/logo\/image\/"},"sameAs":["https:\/\/www.facebook.com\/SonoraEE\/","https:\/\/x.com\/sonoraenequipo","https:\/\/www.youtube.com\/channel\/UC338nW-lPEYmJQs4ZABQ1SQ"]},{"@type":"Person","@id":"https:\/\/www.sonoraenequipo.com.mx\/#\/schema\/person\/50102df0fb23a8fa9e8effad8fa81386","name":"enequipo","image":{"@type":"ImageObject","inLanguage":"es","@id":"https:\/\/www.sonoraenequipo.com.mx\/#\/schema\/person\/image\/","url":"https:\/\/secure.gravatar.com\/avatar\/049821681b589dabc0bc20695993ccebb09f5b5d4d790cd9251b97faac7c652b?s=96&d=blank&r=g","contentUrl":"https:\/\/secure.gravatar.com\/avatar\/049821681b589dabc0bc20695993ccebb09f5b5d4d790cd9251b97faac7c652b?s=96&d=blank&r=g","caption":"enequipo"},"sameAs":["https:\/\/www.facebook.com\/SonoraEE"]}]}},"jetpack_featured_media_url":"https:\/\/www.sonoraenequipo.com.mx\/storage\/2020\/12\/conferencia-matutina_opt2.jpg","_links":{"self":[{"href":"https:\/\/www.sonoraenequipo.com.mx\/api\/wp\/v2\/posts\/102202","targetHints":{"allow":["GET"]}}],"collection":[{"href":"https:\/\/www.sonoraenequipo.com.mx\/api\/wp\/v2\/posts"}],"about":[{"href":"https:\/\/www.sonoraenequipo.com.mx\/api\/wp\/v2\/types\/post"}],"author":[{"embeddable":true,"href":"https:\/\/www.sonoraenequipo.com.mx\/api\/wp\/v2\/users\/1"}],"replies":[{"embeddable":true,"href":"https:\/\/www.sonoraenequipo.com.mx\/api\/wp\/v2\/comments?post=102202"}],"version-history":[{"count":2,"href":"https:\/\/www.sonoraenequipo.com.mx\/api\/wp\/v2\/posts\/102202\/revisions"}],"predecessor-version":[{"id":102228,"href":"https:\/\/www.sonoraenequipo.com.mx\/api\/wp\/v2\/posts\/102202\/revisions\/102228"}],"wp:featuredmedia":[{"embeddable":true,"href":"https:\/\/www.sonoraenequipo.com.mx\/api\/wp\/v2\/media\/102204"}],"wp:attachment":[{"href":"https:\/\/www.sonoraenequipo.com.mx\/api\/wp\/v2\/media?parent=102202"}],"wp:term":[{"taxonomy":"category","embeddable":true,"href":"https:\/\/www.sonoraenequipo.com.mx\/api\/wp\/v2\/categories?post=102202"},{"taxonomy":"post_tag","embeddable":true,"href":"https:\/\/www.sonoraenequipo.com.mx\/api\/wp\/v2\/tags?post=102202"}],"curies":[{"name":"wp","href":"https:\/\/api.w.org\/{rel}","templated":true}]}}