{"id":102210,"date":"2020-12-08T13:08:04","date_gmt":"2020-12-08T20:08:04","guid":{"rendered":"https:\/\/www.sonoraenequipo.com.mx\/?p=102210"},"modified":"2020-12-08T13:13:25","modified_gmt":"2020-12-08T20:13:25","slug":"rehabilitan-el-pozo-profundo-de-la-comunidad-de-mocorua","status":"publish","type":"post","link":"https:\/\/www.sonoraenequipo.com.mx\/rehabilitan-el-pozo-profundo-de-la-comunidad-de-mocorua\/","title":{"rendered":"ETCHOJOA. Rehabilitan el pozo profundo de la comunidad de Mocor\u00faa"},"content":{"rendered":"<p>ETCHOJOA, SONORA. MX. \u2014 Por instrucciones del presidente Municipal Lic. Jes\u00fas Tadeo Mend\u00edvil Valenzuela y a trav\u00e9s del comit\u00e9 de participaci\u00f3n ciudadana, se rehabilit\u00f3 el pozo profundo de la comunidad de Mocor\u00faa, con una inversi\u00f3n de $478,441.49, recursos provenientes del Fondo de Aportaciones para la Infraestructura Social (FAIS), entre los trabajos que se hicieron est\u00e1 el cambi\u00f3 del sistema el\u00e9ctrico que incluye el transformador de corriente, bomba, motor y columnas nuevas, as\u00ed como el arreglo de la caseta.<\/p>\n<p>&nbsp;<\/p>\n<p> <\/p>\n<p>&nbsp;<\/p>\n<p><img loading=\"lazy\" decoding=\"async\" class=\"size-medium  x-left\" src=\"https:\/\/www.sonoraenequipo.com.mx\/storage\/2020\/12\/pozo-rehabilitado_opt-486x365.jpg\" alt=\"\" width=\"486\" height=\"365\" \/>Con esta obra, los habitantes de la comunidad de Mocor\u00faa podr\u00e1n tener agua en cantidad, pero sobre todo en calidad y es gracias a la cristalizaci\u00f3n de la propuesta de la misma ciudadan\u00eda que decidi\u00f3 invertir el recurso que se destina a su comunidad en un bien com\u00fan.<\/p>\n<p>&nbsp;<\/p>\n<p><em>\u201c\u2026Somos consientes que el principal destino del recurso consiste en dignificar los servicios b\u00e1sicos para la ciudadan\u00eda etchojoense, por ello, gracias a la toma de decisiones de la comunidad a trav\u00e9s del comit\u00e9 de participaci\u00f3n ciudadana, aqu\u00ed est\u00e1n los resultados obras concretas supervisadas por la misma comunidad, hoy los recursos se asignan de manera directa y de forma transparente, luchen con los nuevos gobiernos para que el recurso se siga distribuyendo de la misma forma y sean ustedes quienes den garant\u00eda que se aplicar\u00e1 el recurso y no se quede encajonado en los bolsillos de personas como siempre se ha hecho..\u201d<\/em> manifest\u00f3 el edil.<\/p>\n<p>&nbsp;<\/p>\n<p>Obras como esta, vienen a dignificar a los servicios en Etchojoa, pero con toma de decisiones responsables de una ciudadan\u00eda organizada son encausadas para un bien com\u00fan; familias de la comunidad, agradecieron a la primera autoridad por tomar en cuenta al pueblo, pues solo da muestra de una administraci\u00f3n responsable que ve muy de cerca las necesidades del ciudadano.<\/p>\n<p>&nbsp;<\/p>\n<p>&nbsp;<\/p>\n<p>(Publicada el 08\/12\/2020)<\/p>\n","protected":false},"excerpt":{"rendered":"<p>ETCHOJOA, SONORA. MX. \u2014 Por instrucciones del presidente Municipal Lic. Jes\u00fas Tadeo Mend\u00edvil Valenzuela y&#8230;<\/p>\n","protected":false},"author":1,"featured_media":102217,"comment_status":"open","ping_status":"open","sticky":false,"template":"","format":"standard","meta":{"_monsterinsights_skip_tracking":false,"_monsterinsights_sitenote_active":false,"_monsterinsights_sitenote_note":"","_monsterinsights_sitenote_category":0,"footnotes":""},"categories":[4],"tags":[],"class_list":["post"],"yoast_head":" \n<title>Sonora en Equipo. ETCHOJOA. Rehabilitan el pozo profundo de la comunidad de Mocor\u00faa Municipios<\/title>\n<meta name=\"description\" content=\"ETCHOJOA, SONORA. MX. \u2014 Por instrucciones del presidente Municipal Lic. Jes\u00fas Tadeo Mend\u00edvil Valenzuela y a trav\u00e9s del comit\u00e9 de participaci\u00f3n ciudadana, En Sonora en Equipo publicamos toda la informaci\u00f3n de Sonora, M\u00e9xico y el Mundo de manera oportuna y busca que la libertad de expresi\u00f3n sea real. Visita nuestro medio informativo publicado desde Hermosillo, Sonora. %\" \/>\n<meta name=\"robots\" content=\"index, follow, max-snippet:-1, max-image-preview:large, max-video-preview:-1\" \/>\n<link rel=\"canonical\" href=\"https:\/\/www.sonoraenequipo.com.mx\/rehabilitan-el-pozo-profundo-de-la-comunidad-de-mocorua\/\" \/>\n<meta property=\"og:locale\" content=\"es_ES\" \/>\n<meta property=\"og:type\" content=\"article\" \/>\n<meta property=\"og:title\" content=\"Sonora en Equipo. ETCHOJOA. Rehabilitan el pozo profundo de la comunidad de Mocor\u00faa Municipios\" \/>\n<meta property=\"og:description\" content=\"ETCHOJOA, SONORA. MX. \u2014 Por instrucciones del presidente Municipal Lic. Jes\u00fas Tadeo Mend\u00edvil Valenzuela y a trav\u00e9s del comit\u00e9 de participaci\u00f3n ciudadana, En Sonora en Equipo publicamos toda la informaci\u00f3n de Sonora, M\u00e9xico y el Mundo de manera oportuna y busca que la libertad de expresi\u00f3n sea real. Visita nuestro medio informativo publicado desde Hermosillo, Sonora. %\" \/>\n<meta property=\"og:url\" content=\"https:\/\/www.sonoraenequipo.com.mx\/rehabilitan-el-pozo-profundo-de-la-comunidad-de-mocorua\/\" \/>\n<meta property=\"og:site_name\" content=\"Sonora en Equipo.\" \/>\n<meta property=\"article:publisher\" content=\"https:\/\/www.facebook.com\/SonoraEE\/\" \/>\n<meta property=\"article:author\" content=\"https:\/\/www.facebook.com\/SonoraEE\" \/>\n<meta property=\"article:published_time\" content=\"2020-12-08T20:08:04+00:00\" \/>\n<meta property=\"article:modified_time\" content=\"2020-12-08T20:13:25+00:00\" \/>\n<meta property=\"og:image\" content=\"https:\/\/www.sonoraenequipo.com.mx\/storage\/2020\/12\/etchojoa-reparacion-de-pozos-de-agua_opt.jpg\" \/>\n\t<meta property=\"og:image:width\" content=\"533\" \/>\n\t<meta property=\"og:image:height\" content=\"400\" \/>\n\t<meta property=\"og:image:type\" content=\"image\/jpeg\" \/>\n<meta name=\"author\" content=\"enequipo\" \/>\n<meta name=\"twitter:card\" content=\"summary_large_image\" \/>\n<meta name=\"twitter:creator\" content=\"@sonoraenequipo\" \/>\n<meta name=\"twitter:site\" content=\"@sonoraenequipo\" \/>\n<meta name=\"twitter:label1\" content=\"Escrito por\" \/>\n\t<meta name=\"twitter:data1\" content=\"enequipo\" \/>\n\t<meta name=\"twitter:label2\" content=\"Tiempo de lectura\" \/>\n\t<meta name=\"twitter:data2\" content=\"2 minutos\" \/>\n<script type=\"application\/ld+json\" class=\"yoast-schema-graph\">{\"@context\":\"https:\/\/schema.org\",\"@graph\":[{\"@type\":\"Article\",\"@id\":\"https:\/\/www.sonoraenequipo.com.mx\/rehabilitan-el-pozo-profundo-de-la-comunidad-de-mocorua\/#article\",\"isPartOf\":{\"@id\":\"https:\/\/www.sonoraenequipo.com.mx\/rehabilitan-el-pozo-profundo-de-la-comunidad-de-mocorua\/\"},\"author\":{\"name\":\"enequipo\",\"@id\":\"https:\/\/www.sonoraenequipo.com.mx\/#\/schema\/person\/50102df0fb23a8fa9e8effad8fa81386\"},\"headline\":\"ETCHOJOA. Rehabilitan el pozo profundo de la comunidad de Mocor\u00faa\",\"datePublished\":\"2020-12-08T20:08:04+00:00\",\"dateModified\":\"2020-12-08T20:13:25+00:00\",\"mainEntityOfPage\":{\"@id\":\"https:\/\/www.sonoraenequipo.com.mx\/rehabilitan-el-pozo-profundo-de-la-comunidad-de-mocorua\/\"},\"wordCount\":327,\"commentCount\":0,\"publisher\":{\"@id\":\"https:\/\/www.sonoraenequipo.com.mx\/#organization\"},\"image\":{\"@id\":\"https:\/\/www.sonoraenequipo.com.mx\/rehabilitan-el-pozo-profundo-de-la-comunidad-de-mocorua\/#primaryimage\"},\"thumbnailUrl\":\"https:\/\/www.sonoraenequipo.com.mx\/storage\/2020\/12\/etchojoa-reparacion-de-pozos-de-agua_opt.jpg\",\"articleSection\":[\"Municipios\"],\"inLanguage\":\"es\",\"potentialAction\":[{\"@type\":\"CommentAction\",\"name\":\"Comment\",\"target\":[\"https:\/\/www.sonoraenequipo.com.mx\/rehabilitan-el-pozo-profundo-de-la-comunidad-de-mocorua\/#respond\"]}]},{\"@type\":\"WebPage\",\"@id\":\"https:\/\/www.sonoraenequipo.com.mx\/rehabilitan-el-pozo-profundo-de-la-comunidad-de-mocorua\/\",\"url\":\"https:\/\/www.sonoraenequipo.com.mx\/rehabilitan-el-pozo-profundo-de-la-comunidad-de-mocorua\/\",\"name\":\"Sonora en Equipo. ETCHOJOA. Rehabilitan el pozo profundo de la comunidad de Mocor\u00faa Municipios\",\"isPartOf\":{\"@id\":\"https:\/\/www.sonoraenequipo.com.mx\/#website\"},\"primaryImageOfPage\":{\"@id\":\"https:\/\/www.sonoraenequipo.com.mx\/rehabilitan-el-pozo-profundo-de-la-comunidad-de-mocorua\/#primaryimage\"},\"image\":{\"@id\":\"https:\/\/www.sonoraenequipo.com.mx\/rehabilitan-el-pozo-profundo-de-la-comunidad-de-mocorua\/#primaryimage\"},\"thumbnailUrl\":\"https:\/\/www.sonoraenequipo.com.mx\/storage\/2020\/12\/etchojoa-reparacion-de-pozos-de-agua_opt.jpg\",\"datePublished\":\"2020-12-08T20:08:04+00:00\",\"dateModified\":\"2020-12-08T20:13:25+00:00\",\"description\":\"ETCHOJOA, SONORA. MX. \u2014 Por instrucciones del presidente Municipal Lic. Jes\u00fas Tadeo Mend\u00edvil Valenzuela y a trav\u00e9s del comit\u00e9 de participaci\u00f3n ciudadana, En Sonora en Equipo publicamos toda la informaci\u00f3n de Sonora, M\u00e9xico y el Mundo de manera oportuna y busca que la libertad de expresi\u00f3n sea real. Visita nuestro medio informativo publicado desde Hermosillo, Sonora. %\",\"breadcrumb\":{\"@id\":\"https:\/\/www.sonoraenequipo.com.mx\/rehabilitan-el-pozo-profundo-de-la-comunidad-de-mocorua\/#breadcrumb\"},\"inLanguage\":\"es\",\"potentialAction\":[{\"@type\":\"ReadAction\",\"target\":[\"https:\/\/www.sonoraenequipo.com.mx\/rehabilitan-el-pozo-profundo-de-la-comunidad-de-mocorua\/\"]}]},{\"@type\":\"ImageObject\",\"inLanguage\":\"es\",\"@id\":\"https:\/\/www.sonoraenequipo.com.mx\/rehabilitan-el-pozo-profundo-de-la-comunidad-de-mocorua\/#primaryimage\",\"url\":\"https:\/\/www.sonoraenequipo.com.mx\/storage\/2020\/12\/etchojoa-reparacion-de-pozos-de-agua_opt.jpg\",\"contentUrl\":\"https:\/\/www.sonoraenequipo.com.mx\/storage\/2020\/12\/etchojoa-reparacion-de-pozos-de-agua_opt.jpg\",\"width\":533,\"height\":400},{\"@type\":\"BreadcrumbList\",\"@id\":\"https:\/\/www.sonoraenequipo.com.mx\/rehabilitan-el-pozo-profundo-de-la-comunidad-de-mocorua\/#breadcrumb\",\"itemListElement\":[{\"@type\":\"ListItem\",\"position\":1,\"name\":\"Portada\",\"item\":\"https:\/\/www.sonoraenequipo.com.mx\/\"},{\"@type\":\"ListItem\",\"position\":2,\"name\":\"ETCHOJOA. Rehabilitan el pozo profundo de la comunidad de Mocor\u00faa\"}]},{\"@type\":\"WebSite\",\"@id\":\"https:\/\/www.sonoraenequipo.com.mx\/#website\",\"url\":\"https:\/\/www.sonoraenequipo.com.mx\/\",\"name\":\"Sonora en Equipo.\",\"description\":\"Diario en l\u00ednea con Noticias desde Hermosillo, Sonora\",\"publisher\":{\"@id\":\"https:\/\/www.sonoraenequipo.com.mx\/#organization\"},\"potentialAction\":[{\"@type\":\"SearchAction\",\"target\":{\"@type\":\"EntryPoint\",\"urlTemplate\":\"https:\/\/www.sonoraenequipo.com.mx\/?s={search_term_string}\"},\"query-input\":{\"@type\":\"PropertyValueSpecification\",\"valueRequired\":true,\"valueName\":\"search_term_string\"}}],\"inLanguage\":\"es\"},{\"@type\":\"Organization\",\"@id\":\"https:\/\/www.sonoraenequipo.com.mx\/#organization\",\"name\":\"Sonoraenequipo.com.mx\",\"url\":\"https:\/\/www.sonoraenequipo.com.mx\/\",\"logo\":{\"@type\":\"ImageObject\",\"inLanguage\":\"es\",\"@id\":\"https:\/\/www.sonoraenequipo.com.mx\/#\/schema\/logo\/image\/\",\"url\":\"https:\/\/www.sonoraenequipo.com.mx\/storage\/2019\/01\/sonoraenequipo_opt.png\",\"contentUrl\":\"https:\/\/www.sonoraenequipo.com.mx\/storage\/2019\/01\/sonoraenequipo_opt.png\",\"width\":375,\"height\":125,\"caption\":\"Sonoraenequipo.com.mx\"},\"image\":{\"@id\":\"https:\/\/www.sonoraenequipo.com.mx\/#\/schema\/logo\/image\/\"},\"sameAs\":[\"https:\/\/www.facebook.com\/SonoraEE\/\",\"https:\/\/x.com\/sonoraenequipo\",\"https:\/\/www.youtube.com\/channel\/UC338nW-lPEYmJQs4ZABQ1SQ\"]},{\"@type\":\"Person\",\"@id\":\"https:\/\/www.sonoraenequipo.com.mx\/#\/schema\/person\/50102df0fb23a8fa9e8effad8fa81386\",\"name\":\"enequipo\",\"image\":{\"@type\":\"ImageObject\",\"inLanguage\":\"es\",\"@id\":\"https:\/\/www.sonoraenequipo.com.mx\/#\/schema\/person\/image\/\",\"url\":\"https:\/\/secure.gravatar.com\/avatar\/049821681b589dabc0bc20695993ccebb09f5b5d4d790cd9251b97faac7c652b?s=96&d=blank&r=g\",\"contentUrl\":\"https:\/\/secure.gravatar.com\/avatar\/049821681b589dabc0bc20695993ccebb09f5b5d4d790cd9251b97faac7c652b?s=96&d=blank&r=g\",\"caption\":\"enequipo\"},\"sameAs\":[\"https:\/\/www.facebook.com\/SonoraEE\"]}]}<\/script>\n ","yoast_head_json":{"title":"Sonora en Equipo. ETCHOJOA. Rehabilitan el pozo profundo de la comunidad de Mocor\u00faa Municipios","description":"ETCHOJOA, SONORA. MX. \u2014 Por instrucciones del presidente Municipal Lic. Jes\u00fas Tadeo Mend\u00edvil Valenzuela y a trav\u00e9s del comit\u00e9 de participaci\u00f3n ciudadana, En Sonora en Equipo publicamos toda la informaci\u00f3n de Sonora, M\u00e9xico y el Mundo de manera oportuna y busca que la libertad de expresi\u00f3n sea real. Visita nuestro medio informativo publicado desde Hermosillo, Sonora. %","robots":{"index":"index","follow":"follow","max-snippet":"max-snippet:-1","max-image-preview":"max-image-preview:large","max-video-preview":"max-video-preview:-1"},"canonical":"https:\/\/www.sonoraenequipo.com.mx\/rehabilitan-el-pozo-profundo-de-la-comunidad-de-mocorua\/","og_locale":"es_ES","og_type":"article","og_title":"Sonora en Equipo. ETCHOJOA. Rehabilitan el pozo profundo de la comunidad de Mocor\u00faa Municipios","og_description":"ETCHOJOA, SONORA. MX. \u2014 Por instrucciones del presidente Municipal Lic. Jes\u00fas Tadeo Mend\u00edvil Valenzuela y a trav\u00e9s del comit\u00e9 de participaci\u00f3n ciudadana, En Sonora en Equipo publicamos toda la informaci\u00f3n de Sonora, M\u00e9xico y el Mundo de manera oportuna y busca que la libertad de expresi\u00f3n sea real. Visita nuestro medio informativo publicado desde Hermosillo, Sonora. %","og_url":"https:\/\/www.sonoraenequipo.com.mx\/rehabilitan-el-pozo-profundo-de-la-comunidad-de-mocorua\/","og_site_name":"Sonora en Equipo.","article_publisher":"https:\/\/www.facebook.com\/SonoraEE\/","article_author":"https:\/\/www.facebook.com\/SonoraEE","article_published_time":"2020-12-08T20:08:04+00:00","article_modified_time":"2020-12-08T20:13:25+00:00","og_image":[{"width":533,"height":400,"url":"https:\/\/www.sonoraenequipo.com.mx\/storage\/2020\/12\/etchojoa-reparacion-de-pozos-de-agua_opt.jpg","type":"image\/jpeg"}],"author":"enequipo","twitter_card":"summary_large_image","twitter_creator":"@sonoraenequipo","twitter_site":"@sonoraenequipo","twitter_misc":{"Escrito por":"enequipo","Tiempo de lectura":"2 minutos"},"schema":{"@context":"https:\/\/schema.org","@graph":[{"@type":"Article","@id":"https:\/\/www.sonoraenequipo.com.mx\/rehabilitan-el-pozo-profundo-de-la-comunidad-de-mocorua\/#article","isPartOf":{"@id":"https:\/\/www.sonoraenequipo.com.mx\/rehabilitan-el-pozo-profundo-de-la-comunidad-de-mocorua\/"},"author":{"name":"enequipo","@id":"https:\/\/www.sonoraenequipo.com.mx\/#\/schema\/person\/50102df0fb23a8fa9e8effad8fa81386"},"headline":"ETCHOJOA. Rehabilitan el pozo profundo de la comunidad de Mocor\u00faa","datePublished":"2020-12-08T20:08:04+00:00","dateModified":"2020-12-08T20:13:25+00:00","mainEntityOfPage":{"@id":"https:\/\/www.sonoraenequipo.com.mx\/rehabilitan-el-pozo-profundo-de-la-comunidad-de-mocorua\/"},"wordCount":327,"commentCount":0,"publisher":{"@id":"https:\/\/www.sonoraenequipo.com.mx\/#organization"},"image":{"@id":"https:\/\/www.sonoraenequipo.com.mx\/rehabilitan-el-pozo-profundo-de-la-comunidad-de-mocorua\/#primaryimage"},"thumbnailUrl":"https:\/\/www.sonoraenequipo.com.mx\/storage\/2020\/12\/etchojoa-reparacion-de-pozos-de-agua_opt.jpg","articleSection":["Municipios"],"inLanguage":"es","potentialAction":[{"@type":"CommentAction","name":"Comment","target":["https:\/\/www.sonoraenequipo.com.mx\/rehabilitan-el-pozo-profundo-de-la-comunidad-de-mocorua\/#respond"]}]},{"@type":"WebPage","@id":"https:\/\/www.sonoraenequipo.com.mx\/rehabilitan-el-pozo-profundo-de-la-comunidad-de-mocorua\/","url":"https:\/\/www.sonoraenequipo.com.mx\/rehabilitan-el-pozo-profundo-de-la-comunidad-de-mocorua\/","name":"Sonora en Equipo. ETCHOJOA. Rehabilitan el pozo profundo de la comunidad de Mocor\u00faa Municipios","isPartOf":{"@id":"https:\/\/www.sonoraenequipo.com.mx\/#website"},"primaryImageOfPage":{"@id":"https:\/\/www.sonoraenequipo.com.mx\/rehabilitan-el-pozo-profundo-de-la-comunidad-de-mocorua\/#primaryimage"},"image":{"@id":"https:\/\/www.sonoraenequipo.com.mx\/rehabilitan-el-pozo-profundo-de-la-comunidad-de-mocorua\/#primaryimage"},"thumbnailUrl":"https:\/\/www.sonoraenequipo.com.mx\/storage\/2020\/12\/etchojoa-reparacion-de-pozos-de-agua_opt.jpg","datePublished":"2020-12-08T20:08:04+00:00","dateModified":"2020-12-08T20:13:25+00:00","description":"ETCHOJOA, SONORA. MX. \u2014 Por instrucciones del presidente Municipal Lic. Jes\u00fas Tadeo Mend\u00edvil Valenzuela y a trav\u00e9s del comit\u00e9 de participaci\u00f3n ciudadana, En Sonora en Equipo publicamos toda la informaci\u00f3n de Sonora, M\u00e9xico y el Mundo de manera oportuna y busca que la libertad de expresi\u00f3n sea real. Visita nuestro medio informativo publicado desde Hermosillo, Sonora. %","breadcrumb":{"@id":"https:\/\/www.sonoraenequipo.com.mx\/rehabilitan-el-pozo-profundo-de-la-comunidad-de-mocorua\/#breadcrumb"},"inLanguage":"es","potentialAction":[{"@type":"ReadAction","target":["https:\/\/www.sonoraenequipo.com.mx\/rehabilitan-el-pozo-profundo-de-la-comunidad-de-mocorua\/"]}]},{"@type":"ImageObject","inLanguage":"es","@id":"https:\/\/www.sonoraenequipo.com.mx\/rehabilitan-el-pozo-profundo-de-la-comunidad-de-mocorua\/#primaryimage","url":"https:\/\/www.sonoraenequipo.com.mx\/storage\/2020\/12\/etchojoa-reparacion-de-pozos-de-agua_opt.jpg","contentUrl":"https:\/\/www.sonoraenequipo.com.mx\/storage\/2020\/12\/etchojoa-reparacion-de-pozos-de-agua_opt.jpg","width":533,"height":400},{"@type":"BreadcrumbList","@id":"https:\/\/www.sonoraenequipo.com.mx\/rehabilitan-el-pozo-profundo-de-la-comunidad-de-mocorua\/#breadcrumb","itemListElement":[{"@type":"ListItem","position":1,"name":"Portada","item":"https:\/\/www.sonoraenequipo.com.mx\/"},{"@type":"ListItem","position":2,"name":"ETCHOJOA. Rehabilitan el pozo profundo de la comunidad de Mocor\u00faa"}]},{"@type":"WebSite","@id":"https:\/\/www.sonoraenequipo.com.mx\/#website","url":"https:\/\/www.sonoraenequipo.com.mx\/","name":"Sonora en Equipo.","description":"Diario en l\u00ednea con Noticias desde Hermosillo, Sonora","publisher":{"@id":"https:\/\/www.sonoraenequipo.com.mx\/#organization"},"potentialAction":[{"@type":"SearchAction","target":{"@type":"EntryPoint","urlTemplate":"https:\/\/www.sonoraenequipo.com.mx\/?s={search_term_string}"},"query-input":{"@type":"PropertyValueSpecification","valueRequired":true,"valueName":"search_term_string"}}],"inLanguage":"es"},{"@type":"Organization","@id":"https:\/\/www.sonoraenequipo.com.mx\/#organization","name":"Sonoraenequipo.com.mx","url":"https:\/\/www.sonoraenequipo.com.mx\/","logo":{"@type":"ImageObject","inLanguage":"es","@id":"https:\/\/www.sonoraenequipo.com.mx\/#\/schema\/logo\/image\/","url":"https:\/\/www.sonoraenequipo.com.mx\/storage\/2019\/01\/sonoraenequipo_opt.png","contentUrl":"https:\/\/www.sonoraenequipo.com.mx\/storage\/2019\/01\/sonoraenequipo_opt.png","width":375,"height":125,"caption":"Sonoraenequipo.com.mx"},"image":{"@id":"https:\/\/www.sonoraenequipo.com.mx\/#\/schema\/logo\/image\/"},"sameAs":["https:\/\/www.facebook.com\/SonoraEE\/","https:\/\/x.com\/sonoraenequipo","https:\/\/www.youtube.com\/channel\/UC338nW-lPEYmJQs4ZABQ1SQ"]},{"@type":"Person","@id":"https:\/\/www.sonoraenequipo.com.mx\/#\/schema\/person\/50102df0fb23a8fa9e8effad8fa81386","name":"enequipo","image":{"@type":"ImageObject","inLanguage":"es","@id":"https:\/\/www.sonoraenequipo.com.mx\/#\/schema\/person\/image\/","url":"https:\/\/secure.gravatar.com\/avatar\/049821681b589dabc0bc20695993ccebb09f5b5d4d790cd9251b97faac7c652b?s=96&d=blank&r=g","contentUrl":"https:\/\/secure.gravatar.com\/avatar\/049821681b589dabc0bc20695993ccebb09f5b5d4d790cd9251b97faac7c652b?s=96&d=blank&r=g","caption":"enequipo"},"sameAs":["https:\/\/www.facebook.com\/SonoraEE"]}]}},"jetpack_featured_media_url":"https:\/\/www.sonoraenequipo.com.mx\/storage\/2020\/12\/etchojoa-reparacion-de-pozos-de-agua_opt.jpg","_links":{"self":[{"href":"https:\/\/www.sonoraenequipo.com.mx\/api\/wp\/v2\/posts\/102210","targetHints":{"allow":["GET"]}}],"collection":[{"href":"https:\/\/www.sonoraenequipo.com.mx\/api\/wp\/v2\/posts"}],"about":[{"href":"https:\/\/www.sonoraenequipo.com.mx\/api\/wp\/v2\/types\/post"}],"author":[{"embeddable":true,"href":"https:\/\/www.sonoraenequipo.com.mx\/api\/wp\/v2\/users\/1"}],"replies":[{"embeddable":true,"href":"https:\/\/www.sonoraenequipo.com.mx\/api\/wp\/v2\/comments?post=102210"}],"version-history":[{"count":2,"href":"https:\/\/www.sonoraenequipo.com.mx\/api\/wp\/v2\/posts\/102210\/revisions"}],"predecessor-version":[{"id":102219,"href":"https:\/\/www.sonoraenequipo.com.mx\/api\/wp\/v2\/posts\/102210\/revisions\/102219"}],"wp:featuredmedia":[{"embeddable":true,"href":"https:\/\/www.sonoraenequipo.com.mx\/api\/wp\/v2\/media\/102217"}],"wp:attachment":[{"href":"https:\/\/www.sonoraenequipo.com.mx\/api\/wp\/v2\/media?parent=102210"}],"wp:term":[{"taxonomy":"category","embeddable":true,"href":"https:\/\/www.sonoraenequipo.com.mx\/api\/wp\/v2\/categories?post=102210"},{"taxonomy":"post_tag","embeddable":true,"href":"https:\/\/www.sonoraenequipo.com.mx\/api\/wp\/v2\/tags?post=102210"}],"curies":[{"name":"wp","href":"https:\/\/api.w.org\/{rel}","templated":true}]}}