{"id":102236,"date":"2020-12-08T15:00:19","date_gmt":"2020-12-08T22:00:19","guid":{"rendered":"https:\/\/www.sonoraenequipo.com.mx\/?p=102236"},"modified":"2020-12-08T15:00:19","modified_gmt":"2020-12-08T22:00:19","slug":"inaugura-gobernadora-pavlovich-expociencias-nacional-sonora-virtual-2020","status":"publish","type":"post","link":"https:\/\/www.sonoraenequipo.com.mx\/inaugura-gobernadora-pavlovich-expociencias-nacional-sonora-virtual-2020\/","title":{"rendered":"Inaugura Gobernadora Pavlovich ExpoCiencias Nacional Sonora Virtual 2020"},"content":{"rendered":"<p>HERMOSILLO, SONORA,MX.\u2500\u2500 Para promover la cultura cient\u00edfica e impulsar el talento sonorense a nivel nacional e internacional, la gobernadora Claudia Pavlovich Arellano, inaugur\u00f3 la ExpoCiencias Nacional Sonora Virtual 2020, a desarrollarse del 8 al 11 de diciembre.<\/p>\n<p>&nbsp;<\/p>\n<p>En este evento, el cual es realizado por el Gobierno del Estado, a trav\u00e9s del Consejo Estatal de Ciencia y Tecnolog\u00eda de Sonora (Coecyt), en coordinaci\u00f3n con la Oficina de Convenciones y Visitantes Hermosillo (OCV) y la Red Nacional de Actividades Juveniles en Ciencia y Tecnolog\u00eda (RED), se tendr\u00e1 la participaci\u00f3n de m\u00e1s de mil 500 j\u00f3venes, de los 32 estados de la Rep\u00fablica Mexicana y de 17 pa\u00edses, con 500 proyectos y 33 jueces, lo que pondr\u00e1 a Sonora en el inter\u00e9s internacional.<\/p>\n<p>&nbsp;<\/p>\n<p>\u201cHoy por primera vez en la historia de ExpoCiencas, nos toc\u00f3 ser sede de manera virtual, en esta nueva normalidad que nos ha tocado vivir en todo el mundo, les doy la bienvenida a nuestro querido estado de Sonora, espero que en un futuro pr\u00f3ximo puedan venir a visitarnos\u201d, afirm\u00f3.<\/p>\n<p>&nbsp;<\/p>\n<p>La ExpoCiencias Nacional Sonora Virtual 2020, detall\u00f3 la gobernadora Pavlovich, cuenta con la participaci\u00f3n de estudiantes de M\u00e9xico, Argentina, Brasil, Chile, Colombia, Costa Rica, Ecuador, Guatemala, India, Paraguay, Rusia, Turqu\u00eda y Ucrania.<\/p>\n<p>&nbsp;<\/p>\n<p>Francisco Antonio Rodr\u00edguez Valdez, director general del Coecyt, quien dio la bienvenida en representaci\u00f3n de Jorge Vidal Ahumada, secretario de Econom\u00eda, indic\u00f3 que la ExpoCiencias es una plataforma para que ni\u00f1as, ni\u00f1os y adolescentes fortalezcan su gusto por la ciencia y que adem\u00e1s sirva para que trabajen para alcanzar sus metas y sue\u00f1os.<\/p>\n<p>&nbsp;<\/p>\n<p>\u201cAl final, lo que queremos a trav\u00e9s del fomento de la ciencia, del fomento del conocimiento es que los ni\u00f1os y los j\u00f3venes se atrevan a so\u00f1ar, esos sue\u00f1os son los que cambian al mundo, ese muchachito que so\u00f1aba con llegar a Marte y que hoy lo est\u00e1 logrando, ese muchachito que a la mejor hoy est\u00e1 so\u00f1ando en inventar vacunas para que estas pandemias sean m\u00ednimas en el futuro se dan a trav\u00e9s de la difusi\u00f3n cient\u00edfica\u201d, dijo.<\/p>\n<p>&nbsp;<\/p>\n<p>Por su parte, Roberto Hidalgo Rivas, coordinador general de la RED y presidente del Movimiento Internacional para el Recreo Cient\u00edfico y T\u00e9cnico MILSET, agradeci\u00f3 el apoyo de la gobernadora Pavlovich para llevar a cabo este importante evento, en el cual participan m\u00e1s de 2 mil estudiantes de 143 municipios de M\u00e9xico, dando diversidad a ni\u00f1as, ni\u00f1os y j\u00f3venes de los niveles de educaci\u00f3n b\u00e1sica, media superior y superior, del \u00e1rea rural y urbana.<\/p>\n<p>&nbsp;<\/p>\n<p>\u201cCon mucho orgullo decimos que los j\u00f3venes y los ni\u00f1os que participan provienen de comunidades rurales, de grandes ciudades, de comunidades ind\u00edgenas y de los rincones m\u00e1s incre\u00edbles del pa\u00eds\u201d, enfatiz\u00f3.<\/p>\n<p>&nbsp;<\/p>\n<p>Presentes: Daniel Garc\u00eda Escalante, director general del Instituto Sonorense de la Juventud; Emilio Ba\u00f1os Ardavin, rector de la Universidad Popular Aut\u00f3noma del Estado de Puebla y Ram\u00f3n Robles Zepeda, titular de la Secretar\u00eda General Acad\u00e9mica de la Universidad de Sonora.<\/p>\n<p>Fecha de\u00a0 publicaci\u00f3n 08 \/dic\/2020<\/p>\n<p>&nbsp;<\/p>\n","protected":false},"excerpt":{"rendered":"<p>HERMOSILLO, SONORA,MX.\u2500\u2500 Para promover la cultura cient\u00edfica e impulsar el talento sonorense a nivel nacional&#8230;<\/p>\n","protected":false},"author":1,"featured_media":102237,"comment_status":"open","ping_status":"open","sticky":false,"template":"","format":"standard","meta":{"_monsterinsights_skip_tracking":false,"_monsterinsights_sitenote_active":false,"_monsterinsights_sitenote_note":"","_monsterinsights_sitenote_category":0,"footnotes":""},"categories":[22],"tags":[3683,15],"class_list":["post"],"yoast_head":" \n<title>Sonora en Equipo. Inaugura Gobernadora Pavlovich ExpoCiencias Nacional Sonora Virtual 2020 Sonora<\/title>\n<meta name=\"description\" content=\"HERMOSILLO, SONORA,MX.\u2500\u2500 Para promover la cultura cient\u00edfica e impulsar el talento sonorense a nivel nacional e internacional, la gobernadora Claudia En Sonora en Equipo publicamos toda la informaci\u00f3n de Sonora, M\u00e9xico y el Mundo de manera oportuna y busca que la libertad de expresi\u00f3n sea real. Visita nuestro medio informativo publicado desde Hermosillo, Sonora. %\" \/>\n<meta name=\"robots\" content=\"index, follow, max-snippet:-1, max-image-preview:large, max-video-preview:-1\" \/>\n<link rel=\"canonical\" href=\"https:\/\/www.sonoraenequipo.com.mx\/inaugura-gobernadora-pavlovich-expociencias-nacional-sonora-virtual-2020\/\" \/>\n<meta property=\"og:locale\" content=\"es_ES\" \/>\n<meta property=\"og:type\" content=\"article\" \/>\n<meta property=\"og:title\" content=\"Sonora en Equipo. Inaugura Gobernadora Pavlovich ExpoCiencias Nacional Sonora Virtual 2020 Sonora\" \/>\n<meta property=\"og:description\" content=\"HERMOSILLO, SONORA,MX.\u2500\u2500 Para promover la cultura cient\u00edfica e impulsar el talento sonorense a nivel nacional e internacional, la gobernadora Claudia En Sonora en Equipo publicamos toda la informaci\u00f3n de Sonora, M\u00e9xico y el Mundo de manera oportuna y busca que la libertad de expresi\u00f3n sea real. Visita nuestro medio informativo publicado desde Hermosillo, Sonora. %\" \/>\n<meta property=\"og:url\" content=\"https:\/\/www.sonoraenequipo.com.mx\/inaugura-gobernadora-pavlovich-expociencias-nacional-sonora-virtual-2020\/\" \/>\n<meta property=\"og:site_name\" content=\"Sonora en Equipo.\" \/>\n<meta property=\"article:publisher\" content=\"https:\/\/www.facebook.com\/SonoraEE\/\" \/>\n<meta property=\"article:author\" content=\"https:\/\/www.facebook.com\/SonoraEE\" \/>\n<meta property=\"article:published_time\" content=\"2020-12-08T22:00:19+00:00\" \/>\n<meta property=\"og:image\" content=\"https:\/\/www.sonoraenequipo.com.mx\/storage\/2020\/12\/claudia-pavlovich2.jpg\" \/>\n\t<meta property=\"og:image:width\" content=\"600\" \/>\n\t<meta property=\"og:image:height\" content=\"403\" \/>\n\t<meta property=\"og:image:type\" content=\"image\/jpeg\" \/>\n<meta name=\"author\" content=\"enequipo\" \/>\n<meta name=\"twitter:card\" content=\"summary_large_image\" \/>\n<meta name=\"twitter:creator\" content=\"@sonoraenequipo\" \/>\n<meta name=\"twitter:site\" content=\"@sonoraenequipo\" \/>\n<meta name=\"twitter:label1\" content=\"Escrito por\" \/>\n\t<meta name=\"twitter:data1\" content=\"enequipo\" \/>\n\t<meta name=\"twitter:label2\" content=\"Tiempo de lectura\" \/>\n\t<meta name=\"twitter:data2\" content=\"3 minutos\" \/>\n<script type=\"application\/ld+json\" class=\"yoast-schema-graph\">{\"@context\":\"https:\/\/schema.org\",\"@graph\":[{\"@type\":\"Article\",\"@id\":\"https:\/\/www.sonoraenequipo.com.mx\/inaugura-gobernadora-pavlovich-expociencias-nacional-sonora-virtual-2020\/#article\",\"isPartOf\":{\"@id\":\"https:\/\/www.sonoraenequipo.com.mx\/inaugura-gobernadora-pavlovich-expociencias-nacional-sonora-virtual-2020\/\"},\"author\":{\"name\":\"enequipo\",\"@id\":\"https:\/\/www.sonoraenequipo.com.mx\/#\/schema\/person\/50102df0fb23a8fa9e8effad8fa81386\"},\"headline\":\"Inaugura Gobernadora Pavlovich ExpoCiencias Nacional Sonora Virtual 2020\",\"datePublished\":\"2020-12-08T22:00:19+00:00\",\"mainEntityOfPage\":{\"@id\":\"https:\/\/www.sonoraenequipo.com.mx\/inaugura-gobernadora-pavlovich-expociencias-nacional-sonora-virtual-2020\/\"},\"wordCount\":544,\"commentCount\":0,\"publisher\":{\"@id\":\"https:\/\/www.sonoraenequipo.com.mx\/#organization\"},\"image\":{\"@id\":\"https:\/\/www.sonoraenequipo.com.mx\/inaugura-gobernadora-pavlovich-expociencias-nacional-sonora-virtual-2020\/#primaryimage\"},\"thumbnailUrl\":\"https:\/\/www.sonoraenequipo.com.mx\/storage\/2020\/12\/claudia-pavlovich2.jpg\",\"keywords\":[\"expociencias\",\"Sonora\"],\"articleSection\":[\"Sonora\"],\"inLanguage\":\"es\",\"potentialAction\":[{\"@type\":\"CommentAction\",\"name\":\"Comment\",\"target\":[\"https:\/\/www.sonoraenequipo.com.mx\/inaugura-gobernadora-pavlovich-expociencias-nacional-sonora-virtual-2020\/#respond\"]}]},{\"@type\":\"WebPage\",\"@id\":\"https:\/\/www.sonoraenequipo.com.mx\/inaugura-gobernadora-pavlovich-expociencias-nacional-sonora-virtual-2020\/\",\"url\":\"https:\/\/www.sonoraenequipo.com.mx\/inaugura-gobernadora-pavlovich-expociencias-nacional-sonora-virtual-2020\/\",\"name\":\"Sonora en Equipo. Inaugura Gobernadora Pavlovich ExpoCiencias Nacional Sonora Virtual 2020 Sonora\",\"isPartOf\":{\"@id\":\"https:\/\/www.sonoraenequipo.com.mx\/#website\"},\"primaryImageOfPage\":{\"@id\":\"https:\/\/www.sonoraenequipo.com.mx\/inaugura-gobernadora-pavlovich-expociencias-nacional-sonora-virtual-2020\/#primaryimage\"},\"image\":{\"@id\":\"https:\/\/www.sonoraenequipo.com.mx\/inaugura-gobernadora-pavlovich-expociencias-nacional-sonora-virtual-2020\/#primaryimage\"},\"thumbnailUrl\":\"https:\/\/www.sonoraenequipo.com.mx\/storage\/2020\/12\/claudia-pavlovich2.jpg\",\"datePublished\":\"2020-12-08T22:00:19+00:00\",\"description\":\"HERMOSILLO, SONORA,MX.\u2500\u2500 Para promover la cultura cient\u00edfica e impulsar el talento sonorense a nivel nacional e internacional, la gobernadora Claudia En Sonora en Equipo publicamos toda la informaci\u00f3n de Sonora, M\u00e9xico y el Mundo de manera oportuna y busca que la libertad de expresi\u00f3n sea real. Visita nuestro medio informativo publicado desde Hermosillo, Sonora. %\",\"breadcrumb\":{\"@id\":\"https:\/\/www.sonoraenequipo.com.mx\/inaugura-gobernadora-pavlovich-expociencias-nacional-sonora-virtual-2020\/#breadcrumb\"},\"inLanguage\":\"es\",\"potentialAction\":[{\"@type\":\"ReadAction\",\"target\":[\"https:\/\/www.sonoraenequipo.com.mx\/inaugura-gobernadora-pavlovich-expociencias-nacional-sonora-virtual-2020\/\"]}]},{\"@type\":\"ImageObject\",\"inLanguage\":\"es\",\"@id\":\"https:\/\/www.sonoraenequipo.com.mx\/inaugura-gobernadora-pavlovich-expociencias-nacional-sonora-virtual-2020\/#primaryimage\",\"url\":\"https:\/\/www.sonoraenequipo.com.mx\/storage\/2020\/12\/claudia-pavlovich2.jpg\",\"contentUrl\":\"https:\/\/www.sonoraenequipo.com.mx\/storage\/2020\/12\/claudia-pavlovich2.jpg\",\"width\":600,\"height\":403},{\"@type\":\"BreadcrumbList\",\"@id\":\"https:\/\/www.sonoraenequipo.com.mx\/inaugura-gobernadora-pavlovich-expociencias-nacional-sonora-virtual-2020\/#breadcrumb\",\"itemListElement\":[{\"@type\":\"ListItem\",\"position\":1,\"name\":\"Portada\",\"item\":\"https:\/\/www.sonoraenequipo.com.mx\/\"},{\"@type\":\"ListItem\",\"position\":2,\"name\":\"Inaugura Gobernadora Pavlovich ExpoCiencias Nacional Sonora Virtual 2020\"}]},{\"@type\":\"WebSite\",\"@id\":\"https:\/\/www.sonoraenequipo.com.mx\/#website\",\"url\":\"https:\/\/www.sonoraenequipo.com.mx\/\",\"name\":\"Sonora en Equipo.\",\"description\":\"Diario en l\u00ednea con Noticias desde Hermosillo, Sonora\",\"publisher\":{\"@id\":\"https:\/\/www.sonoraenequipo.com.mx\/#organization\"},\"potentialAction\":[{\"@type\":\"SearchAction\",\"target\":{\"@type\":\"EntryPoint\",\"urlTemplate\":\"https:\/\/www.sonoraenequipo.com.mx\/?s={search_term_string}\"},\"query-input\":{\"@type\":\"PropertyValueSpecification\",\"valueRequired\":true,\"valueName\":\"search_term_string\"}}],\"inLanguage\":\"es\"},{\"@type\":\"Organization\",\"@id\":\"https:\/\/www.sonoraenequipo.com.mx\/#organization\",\"name\":\"Sonoraenequipo.com.mx\",\"url\":\"https:\/\/www.sonoraenequipo.com.mx\/\",\"logo\":{\"@type\":\"ImageObject\",\"inLanguage\":\"es\",\"@id\":\"https:\/\/www.sonoraenequipo.com.mx\/#\/schema\/logo\/image\/\",\"url\":\"https:\/\/www.sonoraenequipo.com.mx\/storage\/2019\/01\/sonoraenequipo_opt.png\",\"contentUrl\":\"https:\/\/www.sonoraenequipo.com.mx\/storage\/2019\/01\/sonoraenequipo_opt.png\",\"width\":375,\"height\":125,\"caption\":\"Sonoraenequipo.com.mx\"},\"image\":{\"@id\":\"https:\/\/www.sonoraenequipo.com.mx\/#\/schema\/logo\/image\/\"},\"sameAs\":[\"https:\/\/www.facebook.com\/SonoraEE\/\",\"https:\/\/x.com\/sonoraenequipo\",\"https:\/\/www.youtube.com\/channel\/UC338nW-lPEYmJQs4ZABQ1SQ\"]},{\"@type\":\"Person\",\"@id\":\"https:\/\/www.sonoraenequipo.com.mx\/#\/schema\/person\/50102df0fb23a8fa9e8effad8fa81386\",\"name\":\"enequipo\",\"image\":{\"@type\":\"ImageObject\",\"inLanguage\":\"es\",\"@id\":\"https:\/\/www.sonoraenequipo.com.mx\/#\/schema\/person\/image\/\",\"url\":\"https:\/\/secure.gravatar.com\/avatar\/049821681b589dabc0bc20695993ccebb09f5b5d4d790cd9251b97faac7c652b?s=96&d=blank&r=g\",\"contentUrl\":\"https:\/\/secure.gravatar.com\/avatar\/049821681b589dabc0bc20695993ccebb09f5b5d4d790cd9251b97faac7c652b?s=96&d=blank&r=g\",\"caption\":\"enequipo\"},\"sameAs\":[\"https:\/\/www.facebook.com\/SonoraEE\"]}]}<\/script>\n ","yoast_head_json":{"title":"Sonora en Equipo. Inaugura Gobernadora Pavlovich ExpoCiencias Nacional Sonora Virtual 2020 Sonora","description":"HERMOSILLO, SONORA,MX.\u2500\u2500 Para promover la cultura cient\u00edfica e impulsar el talento sonorense a nivel nacional e internacional, la gobernadora Claudia En Sonora en Equipo publicamos toda la informaci\u00f3n de Sonora, M\u00e9xico y el Mundo de manera oportuna y busca que la libertad de expresi\u00f3n sea real. Visita nuestro medio informativo publicado desde Hermosillo, Sonora. %","robots":{"index":"index","follow":"follow","max-snippet":"max-snippet:-1","max-image-preview":"max-image-preview:large","max-video-preview":"max-video-preview:-1"},"canonical":"https:\/\/www.sonoraenequipo.com.mx\/inaugura-gobernadora-pavlovich-expociencias-nacional-sonora-virtual-2020\/","og_locale":"es_ES","og_type":"article","og_title":"Sonora en Equipo. Inaugura Gobernadora Pavlovich ExpoCiencias Nacional Sonora Virtual 2020 Sonora","og_description":"HERMOSILLO, SONORA,MX.\u2500\u2500 Para promover la cultura cient\u00edfica e impulsar el talento sonorense a nivel nacional e internacional, la gobernadora Claudia En Sonora en Equipo publicamos toda la informaci\u00f3n de Sonora, M\u00e9xico y el Mundo de manera oportuna y busca que la libertad de expresi\u00f3n sea real. Visita nuestro medio informativo publicado desde Hermosillo, Sonora. %","og_url":"https:\/\/www.sonoraenequipo.com.mx\/inaugura-gobernadora-pavlovich-expociencias-nacional-sonora-virtual-2020\/","og_site_name":"Sonora en Equipo.","article_publisher":"https:\/\/www.facebook.com\/SonoraEE\/","article_author":"https:\/\/www.facebook.com\/SonoraEE","article_published_time":"2020-12-08T22:00:19+00:00","og_image":[{"width":600,"height":403,"url":"https:\/\/www.sonoraenequipo.com.mx\/storage\/2020\/12\/claudia-pavlovich2.jpg","type":"image\/jpeg"}],"author":"enequipo","twitter_card":"summary_large_image","twitter_creator":"@sonoraenequipo","twitter_site":"@sonoraenequipo","twitter_misc":{"Escrito por":"enequipo","Tiempo de lectura":"3 minutos"},"schema":{"@context":"https:\/\/schema.org","@graph":[{"@type":"Article","@id":"https:\/\/www.sonoraenequipo.com.mx\/inaugura-gobernadora-pavlovich-expociencias-nacional-sonora-virtual-2020\/#article","isPartOf":{"@id":"https:\/\/www.sonoraenequipo.com.mx\/inaugura-gobernadora-pavlovich-expociencias-nacional-sonora-virtual-2020\/"},"author":{"name":"enequipo","@id":"https:\/\/www.sonoraenequipo.com.mx\/#\/schema\/person\/50102df0fb23a8fa9e8effad8fa81386"},"headline":"Inaugura Gobernadora Pavlovich ExpoCiencias Nacional Sonora Virtual 2020","datePublished":"2020-12-08T22:00:19+00:00","mainEntityOfPage":{"@id":"https:\/\/www.sonoraenequipo.com.mx\/inaugura-gobernadora-pavlovich-expociencias-nacional-sonora-virtual-2020\/"},"wordCount":544,"commentCount":0,"publisher":{"@id":"https:\/\/www.sonoraenequipo.com.mx\/#organization"},"image":{"@id":"https:\/\/www.sonoraenequipo.com.mx\/inaugura-gobernadora-pavlovich-expociencias-nacional-sonora-virtual-2020\/#primaryimage"},"thumbnailUrl":"https:\/\/www.sonoraenequipo.com.mx\/storage\/2020\/12\/claudia-pavlovich2.jpg","keywords":["expociencias","Sonora"],"articleSection":["Sonora"],"inLanguage":"es","potentialAction":[{"@type":"CommentAction","name":"Comment","target":["https:\/\/www.sonoraenequipo.com.mx\/inaugura-gobernadora-pavlovich-expociencias-nacional-sonora-virtual-2020\/#respond"]}]},{"@type":"WebPage","@id":"https:\/\/www.sonoraenequipo.com.mx\/inaugura-gobernadora-pavlovich-expociencias-nacional-sonora-virtual-2020\/","url":"https:\/\/www.sonoraenequipo.com.mx\/inaugura-gobernadora-pavlovich-expociencias-nacional-sonora-virtual-2020\/","name":"Sonora en Equipo. Inaugura Gobernadora Pavlovich ExpoCiencias Nacional Sonora Virtual 2020 Sonora","isPartOf":{"@id":"https:\/\/www.sonoraenequipo.com.mx\/#website"},"primaryImageOfPage":{"@id":"https:\/\/www.sonoraenequipo.com.mx\/inaugura-gobernadora-pavlovich-expociencias-nacional-sonora-virtual-2020\/#primaryimage"},"image":{"@id":"https:\/\/www.sonoraenequipo.com.mx\/inaugura-gobernadora-pavlovich-expociencias-nacional-sonora-virtual-2020\/#primaryimage"},"thumbnailUrl":"https:\/\/www.sonoraenequipo.com.mx\/storage\/2020\/12\/claudia-pavlovich2.jpg","datePublished":"2020-12-08T22:00:19+00:00","description":"HERMOSILLO, SONORA,MX.\u2500\u2500 Para promover la cultura cient\u00edfica e impulsar el talento sonorense a nivel nacional e internacional, la gobernadora Claudia En Sonora en Equipo publicamos toda la informaci\u00f3n de Sonora, M\u00e9xico y el Mundo de manera oportuna y busca que la libertad de expresi\u00f3n sea real. Visita nuestro medio informativo publicado desde Hermosillo, Sonora. %","breadcrumb":{"@id":"https:\/\/www.sonoraenequipo.com.mx\/inaugura-gobernadora-pavlovich-expociencias-nacional-sonora-virtual-2020\/#breadcrumb"},"inLanguage":"es","potentialAction":[{"@type":"ReadAction","target":["https:\/\/www.sonoraenequipo.com.mx\/inaugura-gobernadora-pavlovich-expociencias-nacional-sonora-virtual-2020\/"]}]},{"@type":"ImageObject","inLanguage":"es","@id":"https:\/\/www.sonoraenequipo.com.mx\/inaugura-gobernadora-pavlovich-expociencias-nacional-sonora-virtual-2020\/#primaryimage","url":"https:\/\/www.sonoraenequipo.com.mx\/storage\/2020\/12\/claudia-pavlovich2.jpg","contentUrl":"https:\/\/www.sonoraenequipo.com.mx\/storage\/2020\/12\/claudia-pavlovich2.jpg","width":600,"height":403},{"@type":"BreadcrumbList","@id":"https:\/\/www.sonoraenequipo.com.mx\/inaugura-gobernadora-pavlovich-expociencias-nacional-sonora-virtual-2020\/#breadcrumb","itemListElement":[{"@type":"ListItem","position":1,"name":"Portada","item":"https:\/\/www.sonoraenequipo.com.mx\/"},{"@type":"ListItem","position":2,"name":"Inaugura Gobernadora Pavlovich ExpoCiencias Nacional Sonora Virtual 2020"}]},{"@type":"WebSite","@id":"https:\/\/www.sonoraenequipo.com.mx\/#website","url":"https:\/\/www.sonoraenequipo.com.mx\/","name":"Sonora en Equipo.","description":"Diario en l\u00ednea con Noticias desde Hermosillo, Sonora","publisher":{"@id":"https:\/\/www.sonoraenequipo.com.mx\/#organization"},"potentialAction":[{"@type":"SearchAction","target":{"@type":"EntryPoint","urlTemplate":"https:\/\/www.sonoraenequipo.com.mx\/?s={search_term_string}"},"query-input":{"@type":"PropertyValueSpecification","valueRequired":true,"valueName":"search_term_string"}}],"inLanguage":"es"},{"@type":"Organization","@id":"https:\/\/www.sonoraenequipo.com.mx\/#organization","name":"Sonoraenequipo.com.mx","url":"https:\/\/www.sonoraenequipo.com.mx\/","logo":{"@type":"ImageObject","inLanguage":"es","@id":"https:\/\/www.sonoraenequipo.com.mx\/#\/schema\/logo\/image\/","url":"https:\/\/www.sonoraenequipo.com.mx\/storage\/2019\/01\/sonoraenequipo_opt.png","contentUrl":"https:\/\/www.sonoraenequipo.com.mx\/storage\/2019\/01\/sonoraenequipo_opt.png","width":375,"height":125,"caption":"Sonoraenequipo.com.mx"},"image":{"@id":"https:\/\/www.sonoraenequipo.com.mx\/#\/schema\/logo\/image\/"},"sameAs":["https:\/\/www.facebook.com\/SonoraEE\/","https:\/\/x.com\/sonoraenequipo","https:\/\/www.youtube.com\/channel\/UC338nW-lPEYmJQs4ZABQ1SQ"]},{"@type":"Person","@id":"https:\/\/www.sonoraenequipo.com.mx\/#\/schema\/person\/50102df0fb23a8fa9e8effad8fa81386","name":"enequipo","image":{"@type":"ImageObject","inLanguage":"es","@id":"https:\/\/www.sonoraenequipo.com.mx\/#\/schema\/person\/image\/","url":"https:\/\/secure.gravatar.com\/avatar\/049821681b589dabc0bc20695993ccebb09f5b5d4d790cd9251b97faac7c652b?s=96&d=blank&r=g","contentUrl":"https:\/\/secure.gravatar.com\/avatar\/049821681b589dabc0bc20695993ccebb09f5b5d4d790cd9251b97faac7c652b?s=96&d=blank&r=g","caption":"enequipo"},"sameAs":["https:\/\/www.facebook.com\/SonoraEE"]}]}},"jetpack_featured_media_url":"https:\/\/www.sonoraenequipo.com.mx\/storage\/2020\/12\/claudia-pavlovich2.jpg","_links":{"self":[{"href":"https:\/\/www.sonoraenequipo.com.mx\/api\/wp\/v2\/posts\/102236","targetHints":{"allow":["GET"]}}],"collection":[{"href":"https:\/\/www.sonoraenequipo.com.mx\/api\/wp\/v2\/posts"}],"about":[{"href":"https:\/\/www.sonoraenequipo.com.mx\/api\/wp\/v2\/types\/post"}],"author":[{"embeddable":true,"href":"https:\/\/www.sonoraenequipo.com.mx\/api\/wp\/v2\/users\/1"}],"replies":[{"embeddable":true,"href":"https:\/\/www.sonoraenequipo.com.mx\/api\/wp\/v2\/comments?post=102236"}],"version-history":[{"count":1,"href":"https:\/\/www.sonoraenequipo.com.mx\/api\/wp\/v2\/posts\/102236\/revisions"}],"predecessor-version":[{"id":102238,"href":"https:\/\/www.sonoraenequipo.com.mx\/api\/wp\/v2\/posts\/102236\/revisions\/102238"}],"wp:featuredmedia":[{"embeddable":true,"href":"https:\/\/www.sonoraenequipo.com.mx\/api\/wp\/v2\/media\/102237"}],"wp:attachment":[{"href":"https:\/\/www.sonoraenequipo.com.mx\/api\/wp\/v2\/media?parent=102236"}],"wp:term":[{"taxonomy":"category","embeddable":true,"href":"https:\/\/www.sonoraenequipo.com.mx\/api\/wp\/v2\/categories?post=102236"},{"taxonomy":"post_tag","embeddable":true,"href":"https:\/\/www.sonoraenequipo.com.mx\/api\/wp\/v2\/tags?post=102236"}],"curies":[{"name":"wp","href":"https:\/\/api.w.org\/{rel}","templated":true}]}}