{"id":102239,"date":"2020-12-08T15:07:22","date_gmt":"2020-12-08T22:07:22","guid":{"rendered":"https:\/\/www.sonoraenequipo.com.mx\/?p=102239"},"modified":"2020-12-08T15:07:22","modified_gmt":"2020-12-08T22:07:22","slug":"la-emergencia-sanitaria-coloca-a-las-democracias-en-una-zona-de-riesgo-cordova-vianello","status":"publish","type":"post","link":"https:\/\/www.sonoraenequipo.com.mx\/la-emergencia-sanitaria-coloca-a-las-democracias-en-una-zona-de-riesgo-cordova-vianello\/","title":{"rendered":"La emergencia sanitaria coloca a las democracias en una zona de riesgo: C\u00f3rdova Vianello"},"content":{"rendered":"<p>La emergencia sanitaria coloca a las democracias en una zona de riesgo: C\u00f3rdova Vianello<\/p>\n<p>CIUDAD DE M\u00c9XICO.\u2500La situaci\u00f3n de emergencia sanitaria que se enfrenta a nivel global ha colocado a las democracias constitucionales en una zona de riesgo, ante la percepci\u00f3n que prevalece de tener que centralizar y concentrar el poder, alert\u00f3 el Consejero Presidente del Instituto Nacional Electoral (INE), Lorenzo C\u00f3rdova Vianello.<\/p>\n<p>&nbsp;<\/p>\n<p>Durante la inauguraci\u00f3n del VIII Congreso Internacional de Ciencia Pol\u00edtica, organizado por la Asociaci\u00f3n Mexicana de Ciencias Pol\u00edticas (AMECIP), el Consejero Presidente asegur\u00f3 que en un contexto de emergencia, el ejercicio del poder tiene la tentaci\u00f3n de ampliar sus espacios de influencia, por lo que resulta fundamental reforzar sus controles.<\/p>\n<p>&nbsp;<\/p>\n<p>\u201cEse es el momento en el que los controles del poder y la protecci\u00f3n de los derechos se vuelven cruciales, una percepci\u00f3n com\u00fan es que las situaciones de emergencia ameritan la centralizaci\u00f3n, la concentraci\u00f3n del poder\u201d, afirm\u00f3.<\/p>\n<p>&nbsp;<\/p>\n<p>Agreg\u00f3 que otro de los elementos que se deben controlar de forma efectiva en estos momentos de crisis son los discursos de odio y la polarizaci\u00f3n que, casi de forma natural tienden a exacerbarse de la mano de la intolerancia y la desinformaci\u00f3n con un potencial altamente disruptivo.<\/p>\n<p>&nbsp;<\/p>\n<p>Lorenzo C\u00f3rdova estim\u00f3 que la democracia y los procesos electorales enfrentan al menos cuatro desaf\u00edos y dilemas fundamentales, entre los que destaca lograr su renovaci\u00f3n sin tirar por la borda lo que se ha alcanzado, dado que se trata de nuevos problemas que plantean decisiones colectivas que no deben dejar de lado la democracia.<\/p>\n<p>&nbsp;<\/p>\n<p>En este sentido destac\u00f3 que cada comportamiento y definici\u00f3n puede favorecer o dificultar la consolidaci\u00f3n de estos avances, m\u00e1s a\u00fan cuando la historia reciente ha demostrado que existen regresiones y que esta p\u00e9rdida se puede dar de forma acelerada.<\/p>\n<p>&nbsp;<\/p>\n<p>Frente a ello estim\u00f3 que el primer reto a vencer es la dimensi\u00f3n sanitaria para las elecciones, ya que en M\u00e9xico el modelo descansa en el involucramiento activo de la ciudadan\u00eda, no s\u00f3lo para la emisi\u00f3n del voto, sino para la organizaci\u00f3n en su conjunto e incluye un contacto de interacci\u00f3n con quienes aspiran a representarlos.<\/p>\n<p>&nbsp;<\/p>\n<p>\u201cLas vacunas se avizoran ya en el horizonte, pero me temo que incluso su llegada y el proceso de inoculaci\u00f3n generalizado de la poblaci\u00f3n no har\u00e1n necesariamente que desaparezcan la necesidad de cuidados y medidas de protecci\u00f3n indispensables en el mediano y largo plazo\u201d, indic\u00f3.<\/p>\n<p>&nbsp;<\/p>\n<p>Ante este panorama resalt\u00f3 la importancia de establecer reglas claras de interacci\u00f3n social de la mano de requerimientos sanitarios, a la par de exigir una profunda responsabilidad de la ciudadan\u00eda y un compromiso irrestricto de todos los actores pol\u00edticos para a pegarse a protocolos y procedimientos para la protecci\u00f3n de la salud.<\/p>\n<p>&nbsp;<\/p>\n<p>La dimensi\u00f3n econ\u00f3mica es otro de los retos que avizora como un tema que habr\u00e1 de requerir atenci\u00f3n especial, considerando que una crisis global seguramente habr\u00e1 de acentuar el descontento y la insatisfacci\u00f3n que ya se presentaba antes de la pandemia por la falta de resultados de los gobernantes para atender las necesidades b\u00e1sicas de la poblaci\u00f3n.<\/p>\n<p>&nbsp;<\/p>\n<p>La suma de estos problemas, a\u00f1adi\u00f3, puede generar eventualmente expresiones de inconformidad social que lleguen a desbordar los cauces institucionales, por lo que resulta pertinente cuestionarnos cu\u00e1nta desigualdad ocasionada por la pobreza puede aguantar nuestra democracia.<\/p>\n<p>&nbsp;<\/p>\n<p>Pese al escenario desalentador, C\u00f3rdova Vianello afirm\u00f3 que hay se\u00f1ales de esperanza, ya que, a pesar de la pandemia, decenas de pa\u00edses siguen celebrando elecciones, millones de personas siguen acudiendo a votar para dotar de legitimidad a las autoridades electas.<\/p>\n<p>&nbsp;<\/p>\n<p>\u201cLa ciudadan\u00eda en M\u00e9xico y en el mundo luce m\u00e1s exigente con sus gobiernos y sus representantes y eso siempre ser\u00e1 positivo para la democracia por lo que el dilema que enfrentamos, quiz\u00e1 el m\u00e1s importante de todos, es construir una de democracia renovada sin tirar por la borda los trascendentes avances que hasta ahora hemos alcanzado\u201d, concluy\u00f3.<\/p>\n<p>Fecha de\u00a0 publicaci\u00f3n 08 \/dic\/2020<\/p>\n","protected":false},"excerpt":{"rendered":"<p>La emergencia sanitaria coloca a las democracias en una zona de riesgo: C\u00f3rdova Vianello CIUDAD&#8230;<\/p>\n","protected":false},"author":1,"featured_media":60707,"comment_status":"open","ping_status":"open","sticky":false,"template":"","format":"standard","meta":{"_monsterinsights_skip_tracking":false,"_monsterinsights_sitenote_active":false,"_monsterinsights_sitenote_note":"","_monsterinsights_sitenote_category":0,"footnotes":""},"categories":[5],"tags":[2032,1247],"class_list":["post"],"yoast_head":" \n<title>Sonora en Equipo. La emergencia sanitaria coloca a las democracias en una zona de riesgo: C\u00f3rdova Vianello Rep\u00fablica<\/title>\n<meta name=\"description\" content=\"La emergencia sanitaria coloca a las democracias en una zona de riesgo: C\u00f3rdova Vianello CIUDAD DE M\u00c9XICO.\u2500La situaci\u00f3n de emergencia sanitaria que se En Sonora en Equipo publicamos toda la informaci\u00f3n de Sonora, M\u00e9xico y el Mundo de manera oportuna y busca que la libertad de expresi\u00f3n sea real. Visita nuestro medio informativo publicado desde Hermosillo, Sonora. %\" \/>\n<meta name=\"robots\" content=\"index, follow, max-snippet:-1, max-image-preview:large, max-video-preview:-1\" \/>\n<link rel=\"canonical\" href=\"https:\/\/www.sonoraenequipo.com.mx\/la-emergencia-sanitaria-coloca-a-las-democracias-en-una-zona-de-riesgo-cordova-vianello\/\" \/>\n<meta property=\"og:locale\" content=\"es_ES\" \/>\n<meta property=\"og:type\" content=\"article\" \/>\n<meta property=\"og:title\" content=\"Sonora en Equipo. La emergencia sanitaria coloca a las democracias en una zona de riesgo: C\u00f3rdova Vianello Rep\u00fablica\" \/>\n<meta property=\"og:description\" content=\"La emergencia sanitaria coloca a las democracias en una zona de riesgo: C\u00f3rdova Vianello CIUDAD DE M\u00c9XICO.\u2500La situaci\u00f3n de emergencia sanitaria que se En Sonora en Equipo publicamos toda la informaci\u00f3n de Sonora, M\u00e9xico y el Mundo de manera oportuna y busca que la libertad de expresi\u00f3n sea real. Visita nuestro medio informativo publicado desde Hermosillo, Sonora. %\" \/>\n<meta property=\"og:url\" content=\"https:\/\/www.sonoraenequipo.com.mx\/la-emergencia-sanitaria-coloca-a-las-democracias-en-una-zona-de-riesgo-cordova-vianello\/\" \/>\n<meta property=\"og:site_name\" content=\"Sonora en Equipo.\" \/>\n<meta property=\"article:publisher\" content=\"https:\/\/www.facebook.com\/SonoraEE\/\" \/>\n<meta property=\"article:author\" content=\"https:\/\/www.facebook.com\/SonoraEE\" \/>\n<meta property=\"article:published_time\" content=\"2020-12-08T22:07:22+00:00\" \/>\n<meta property=\"og:image\" content=\"https:\/\/www.sonoraenequipo.com.mx\/storage\/2019\/05\/CORDOVA-e1558485720508.jpg\" \/>\n\t<meta property=\"og:image:width\" content=\"500\" \/>\n\t<meta property=\"og:image:height\" content=\"333\" \/>\n\t<meta property=\"og:image:type\" content=\"image\/jpeg\" \/>\n<meta name=\"author\" content=\"enequipo\" \/>\n<meta name=\"twitter:card\" content=\"summary_large_image\" \/>\n<meta name=\"twitter:creator\" content=\"@sonoraenequipo\" \/>\n<meta name=\"twitter:site\" content=\"@sonoraenequipo\" \/>\n<meta name=\"twitter:label1\" content=\"Escrito por\" \/>\n\t<meta name=\"twitter:data1\" content=\"enequipo\" \/>\n\t<meta name=\"twitter:label2\" content=\"Tiempo de lectura\" \/>\n\t<meta name=\"twitter:data2\" content=\"4 minutos\" \/>\n<script type=\"application\/ld+json\" class=\"yoast-schema-graph\">{\"@context\":\"https:\/\/schema.org\",\"@graph\":[{\"@type\":\"Article\",\"@id\":\"https:\/\/www.sonoraenequipo.com.mx\/la-emergencia-sanitaria-coloca-a-las-democracias-en-una-zona-de-riesgo-cordova-vianello\/#article\",\"isPartOf\":{\"@id\":\"https:\/\/www.sonoraenequipo.com.mx\/la-emergencia-sanitaria-coloca-a-las-democracias-en-una-zona-de-riesgo-cordova-vianello\/\"},\"author\":{\"name\":\"enequipo\",\"@id\":\"https:\/\/www.sonoraenequipo.com.mx\/#\/schema\/person\/50102df0fb23a8fa9e8effad8fa81386\"},\"headline\":\"La emergencia sanitaria coloca a las democracias en una zona de riesgo: C\u00f3rdova Vianello\",\"datePublished\":\"2020-12-08T22:07:22+00:00\",\"mainEntityOfPage\":{\"@id\":\"https:\/\/www.sonoraenequipo.com.mx\/la-emergencia-sanitaria-coloca-a-las-democracias-en-una-zona-de-riesgo-cordova-vianello\/\"},\"wordCount\":723,\"commentCount\":0,\"publisher\":{\"@id\":\"https:\/\/www.sonoraenequipo.com.mx\/#organization\"},\"image\":{\"@id\":\"https:\/\/www.sonoraenequipo.com.mx\/la-emergencia-sanitaria-coloca-a-las-democracias-en-una-zona-de-riesgo-cordova-vianello\/#primaryimage\"},\"thumbnailUrl\":\"https:\/\/www.sonoraenequipo.com.mx\/storage\/2019\/05\/CORDOVA-e1558485720508.jpg\",\"keywords\":[\"Democracia\",\"INE\"],\"articleSection\":[\"Rep\u00fablica\"],\"inLanguage\":\"es\",\"potentialAction\":[{\"@type\":\"CommentAction\",\"name\":\"Comment\",\"target\":[\"https:\/\/www.sonoraenequipo.com.mx\/la-emergencia-sanitaria-coloca-a-las-democracias-en-una-zona-de-riesgo-cordova-vianello\/#respond\"]}]},{\"@type\":\"WebPage\",\"@id\":\"https:\/\/www.sonoraenequipo.com.mx\/la-emergencia-sanitaria-coloca-a-las-democracias-en-una-zona-de-riesgo-cordova-vianello\/\",\"url\":\"https:\/\/www.sonoraenequipo.com.mx\/la-emergencia-sanitaria-coloca-a-las-democracias-en-una-zona-de-riesgo-cordova-vianello\/\",\"name\":\"Sonora en Equipo. La emergencia sanitaria coloca a las democracias en una zona de riesgo: C\u00f3rdova Vianello Rep\u00fablica\",\"isPartOf\":{\"@id\":\"https:\/\/www.sonoraenequipo.com.mx\/#website\"},\"primaryImageOfPage\":{\"@id\":\"https:\/\/www.sonoraenequipo.com.mx\/la-emergencia-sanitaria-coloca-a-las-democracias-en-una-zona-de-riesgo-cordova-vianello\/#primaryimage\"},\"image\":{\"@id\":\"https:\/\/www.sonoraenequipo.com.mx\/la-emergencia-sanitaria-coloca-a-las-democracias-en-una-zona-de-riesgo-cordova-vianello\/#primaryimage\"},\"thumbnailUrl\":\"https:\/\/www.sonoraenequipo.com.mx\/storage\/2019\/05\/CORDOVA-e1558485720508.jpg\",\"datePublished\":\"2020-12-08T22:07:22+00:00\",\"description\":\"La emergencia sanitaria coloca a las democracias en una zona de riesgo: C\u00f3rdova Vianello CIUDAD DE M\u00c9XICO.\u2500La situaci\u00f3n de emergencia sanitaria que se En Sonora en Equipo publicamos toda la informaci\u00f3n de Sonora, M\u00e9xico y el Mundo de manera oportuna y busca que la libertad de expresi\u00f3n sea real. Visita nuestro medio informativo publicado desde Hermosillo, Sonora. %\",\"breadcrumb\":{\"@id\":\"https:\/\/www.sonoraenequipo.com.mx\/la-emergencia-sanitaria-coloca-a-las-democracias-en-una-zona-de-riesgo-cordova-vianello\/#breadcrumb\"},\"inLanguage\":\"es\",\"potentialAction\":[{\"@type\":\"ReadAction\",\"target\":[\"https:\/\/www.sonoraenequipo.com.mx\/la-emergencia-sanitaria-coloca-a-las-democracias-en-una-zona-de-riesgo-cordova-vianello\/\"]}]},{\"@type\":\"ImageObject\",\"inLanguage\":\"es\",\"@id\":\"https:\/\/www.sonoraenequipo.com.mx\/la-emergencia-sanitaria-coloca-a-las-democracias-en-una-zona-de-riesgo-cordova-vianello\/#primaryimage\",\"url\":\"https:\/\/www.sonoraenequipo.com.mx\/storage\/2019\/05\/CORDOVA-e1558485720508.jpg\",\"contentUrl\":\"https:\/\/www.sonoraenequipo.com.mx\/storage\/2019\/05\/CORDOVA-e1558485720508.jpg\",\"width\":500,\"height\":333},{\"@type\":\"BreadcrumbList\",\"@id\":\"https:\/\/www.sonoraenequipo.com.mx\/la-emergencia-sanitaria-coloca-a-las-democracias-en-una-zona-de-riesgo-cordova-vianello\/#breadcrumb\",\"itemListElement\":[{\"@type\":\"ListItem\",\"position\":1,\"name\":\"Portada\",\"item\":\"https:\/\/www.sonoraenequipo.com.mx\/\"},{\"@type\":\"ListItem\",\"position\":2,\"name\":\"La emergencia sanitaria coloca a las democracias en una zona de riesgo: C\u00f3rdova Vianello\"}]},{\"@type\":\"WebSite\",\"@id\":\"https:\/\/www.sonoraenequipo.com.mx\/#website\",\"url\":\"https:\/\/www.sonoraenequipo.com.mx\/\",\"name\":\"Sonora en Equipo.\",\"description\":\"Diario en l\u00ednea con Noticias desde Hermosillo, Sonora\",\"publisher\":{\"@id\":\"https:\/\/www.sonoraenequipo.com.mx\/#organization\"},\"potentialAction\":[{\"@type\":\"SearchAction\",\"target\":{\"@type\":\"EntryPoint\",\"urlTemplate\":\"https:\/\/www.sonoraenequipo.com.mx\/?s={search_term_string}\"},\"query-input\":{\"@type\":\"PropertyValueSpecification\",\"valueRequired\":true,\"valueName\":\"search_term_string\"}}],\"inLanguage\":\"es\"},{\"@type\":\"Organization\",\"@id\":\"https:\/\/www.sonoraenequipo.com.mx\/#organization\",\"name\":\"Sonoraenequipo.com.mx\",\"url\":\"https:\/\/www.sonoraenequipo.com.mx\/\",\"logo\":{\"@type\":\"ImageObject\",\"inLanguage\":\"es\",\"@id\":\"https:\/\/www.sonoraenequipo.com.mx\/#\/schema\/logo\/image\/\",\"url\":\"https:\/\/www.sonoraenequipo.com.mx\/storage\/2019\/01\/sonoraenequipo_opt.png\",\"contentUrl\":\"https:\/\/www.sonoraenequipo.com.mx\/storage\/2019\/01\/sonoraenequipo_opt.png\",\"width\":375,\"height\":125,\"caption\":\"Sonoraenequipo.com.mx\"},\"image\":{\"@id\":\"https:\/\/www.sonoraenequipo.com.mx\/#\/schema\/logo\/image\/\"},\"sameAs\":[\"https:\/\/www.facebook.com\/SonoraEE\/\",\"https:\/\/x.com\/sonoraenequipo\",\"https:\/\/www.youtube.com\/channel\/UC338nW-lPEYmJQs4ZABQ1SQ\"]},{\"@type\":\"Person\",\"@id\":\"https:\/\/www.sonoraenequipo.com.mx\/#\/schema\/person\/50102df0fb23a8fa9e8effad8fa81386\",\"name\":\"enequipo\",\"image\":{\"@type\":\"ImageObject\",\"inLanguage\":\"es\",\"@id\":\"https:\/\/www.sonoraenequipo.com.mx\/#\/schema\/person\/image\/\",\"url\":\"https:\/\/secure.gravatar.com\/avatar\/049821681b589dabc0bc20695993ccebb09f5b5d4d790cd9251b97faac7c652b?s=96&d=blank&r=g\",\"contentUrl\":\"https:\/\/secure.gravatar.com\/avatar\/049821681b589dabc0bc20695993ccebb09f5b5d4d790cd9251b97faac7c652b?s=96&d=blank&r=g\",\"caption\":\"enequipo\"},\"sameAs\":[\"https:\/\/www.facebook.com\/SonoraEE\"]}]}<\/script>\n ","yoast_head_json":{"title":"Sonora en Equipo. La emergencia sanitaria coloca a las democracias en una zona de riesgo: C\u00f3rdova Vianello Rep\u00fablica","description":"La emergencia sanitaria coloca a las democracias en una zona de riesgo: C\u00f3rdova Vianello CIUDAD DE M\u00c9XICO.\u2500La situaci\u00f3n de emergencia sanitaria que se En Sonora en Equipo publicamos toda la informaci\u00f3n de Sonora, M\u00e9xico y el Mundo de manera oportuna y busca que la libertad de expresi\u00f3n sea real. Visita nuestro medio informativo publicado desde Hermosillo, Sonora. %","robots":{"index":"index","follow":"follow","max-snippet":"max-snippet:-1","max-image-preview":"max-image-preview:large","max-video-preview":"max-video-preview:-1"},"canonical":"https:\/\/www.sonoraenequipo.com.mx\/la-emergencia-sanitaria-coloca-a-las-democracias-en-una-zona-de-riesgo-cordova-vianello\/","og_locale":"es_ES","og_type":"article","og_title":"Sonora en Equipo. La emergencia sanitaria coloca a las democracias en una zona de riesgo: C\u00f3rdova Vianello Rep\u00fablica","og_description":"La emergencia sanitaria coloca a las democracias en una zona de riesgo: C\u00f3rdova Vianello CIUDAD DE M\u00c9XICO.\u2500La situaci\u00f3n de emergencia sanitaria que se En Sonora en Equipo publicamos toda la informaci\u00f3n de Sonora, M\u00e9xico y el Mundo de manera oportuna y busca que la libertad de expresi\u00f3n sea real. Visita nuestro medio informativo publicado desde Hermosillo, Sonora. %","og_url":"https:\/\/www.sonoraenequipo.com.mx\/la-emergencia-sanitaria-coloca-a-las-democracias-en-una-zona-de-riesgo-cordova-vianello\/","og_site_name":"Sonora en Equipo.","article_publisher":"https:\/\/www.facebook.com\/SonoraEE\/","article_author":"https:\/\/www.facebook.com\/SonoraEE","article_published_time":"2020-12-08T22:07:22+00:00","og_image":[{"width":500,"height":333,"url":"https:\/\/www.sonoraenequipo.com.mx\/storage\/2019\/05\/CORDOVA-e1558485720508.jpg","type":"image\/jpeg"}],"author":"enequipo","twitter_card":"summary_large_image","twitter_creator":"@sonoraenequipo","twitter_site":"@sonoraenequipo","twitter_misc":{"Escrito por":"enequipo","Tiempo de lectura":"4 minutos"},"schema":{"@context":"https:\/\/schema.org","@graph":[{"@type":"Article","@id":"https:\/\/www.sonoraenequipo.com.mx\/la-emergencia-sanitaria-coloca-a-las-democracias-en-una-zona-de-riesgo-cordova-vianello\/#article","isPartOf":{"@id":"https:\/\/www.sonoraenequipo.com.mx\/la-emergencia-sanitaria-coloca-a-las-democracias-en-una-zona-de-riesgo-cordova-vianello\/"},"author":{"name":"enequipo","@id":"https:\/\/www.sonoraenequipo.com.mx\/#\/schema\/person\/50102df0fb23a8fa9e8effad8fa81386"},"headline":"La emergencia sanitaria coloca a las democracias en una zona de riesgo: C\u00f3rdova Vianello","datePublished":"2020-12-08T22:07:22+00:00","mainEntityOfPage":{"@id":"https:\/\/www.sonoraenequipo.com.mx\/la-emergencia-sanitaria-coloca-a-las-democracias-en-una-zona-de-riesgo-cordova-vianello\/"},"wordCount":723,"commentCount":0,"publisher":{"@id":"https:\/\/www.sonoraenequipo.com.mx\/#organization"},"image":{"@id":"https:\/\/www.sonoraenequipo.com.mx\/la-emergencia-sanitaria-coloca-a-las-democracias-en-una-zona-de-riesgo-cordova-vianello\/#primaryimage"},"thumbnailUrl":"https:\/\/www.sonoraenequipo.com.mx\/storage\/2019\/05\/CORDOVA-e1558485720508.jpg","keywords":["Democracia","INE"],"articleSection":["Rep\u00fablica"],"inLanguage":"es","potentialAction":[{"@type":"CommentAction","name":"Comment","target":["https:\/\/www.sonoraenequipo.com.mx\/la-emergencia-sanitaria-coloca-a-las-democracias-en-una-zona-de-riesgo-cordova-vianello\/#respond"]}]},{"@type":"WebPage","@id":"https:\/\/www.sonoraenequipo.com.mx\/la-emergencia-sanitaria-coloca-a-las-democracias-en-una-zona-de-riesgo-cordova-vianello\/","url":"https:\/\/www.sonoraenequipo.com.mx\/la-emergencia-sanitaria-coloca-a-las-democracias-en-una-zona-de-riesgo-cordova-vianello\/","name":"Sonora en Equipo. La emergencia sanitaria coloca a las democracias en una zona de riesgo: C\u00f3rdova Vianello Rep\u00fablica","isPartOf":{"@id":"https:\/\/www.sonoraenequipo.com.mx\/#website"},"primaryImageOfPage":{"@id":"https:\/\/www.sonoraenequipo.com.mx\/la-emergencia-sanitaria-coloca-a-las-democracias-en-una-zona-de-riesgo-cordova-vianello\/#primaryimage"},"image":{"@id":"https:\/\/www.sonoraenequipo.com.mx\/la-emergencia-sanitaria-coloca-a-las-democracias-en-una-zona-de-riesgo-cordova-vianello\/#primaryimage"},"thumbnailUrl":"https:\/\/www.sonoraenequipo.com.mx\/storage\/2019\/05\/CORDOVA-e1558485720508.jpg","datePublished":"2020-12-08T22:07:22+00:00","description":"La emergencia sanitaria coloca a las democracias en una zona de riesgo: C\u00f3rdova Vianello CIUDAD DE M\u00c9XICO.\u2500La situaci\u00f3n de emergencia sanitaria que se En Sonora en Equipo publicamos toda la informaci\u00f3n de Sonora, M\u00e9xico y el Mundo de manera oportuna y busca que la libertad de expresi\u00f3n sea real. Visita nuestro medio informativo publicado desde Hermosillo, Sonora. %","breadcrumb":{"@id":"https:\/\/www.sonoraenequipo.com.mx\/la-emergencia-sanitaria-coloca-a-las-democracias-en-una-zona-de-riesgo-cordova-vianello\/#breadcrumb"},"inLanguage":"es","potentialAction":[{"@type":"ReadAction","target":["https:\/\/www.sonoraenequipo.com.mx\/la-emergencia-sanitaria-coloca-a-las-democracias-en-una-zona-de-riesgo-cordova-vianello\/"]}]},{"@type":"ImageObject","inLanguage":"es","@id":"https:\/\/www.sonoraenequipo.com.mx\/la-emergencia-sanitaria-coloca-a-las-democracias-en-una-zona-de-riesgo-cordova-vianello\/#primaryimage","url":"https:\/\/www.sonoraenequipo.com.mx\/storage\/2019\/05\/CORDOVA-e1558485720508.jpg","contentUrl":"https:\/\/www.sonoraenequipo.com.mx\/storage\/2019\/05\/CORDOVA-e1558485720508.jpg","width":500,"height":333},{"@type":"BreadcrumbList","@id":"https:\/\/www.sonoraenequipo.com.mx\/la-emergencia-sanitaria-coloca-a-las-democracias-en-una-zona-de-riesgo-cordova-vianello\/#breadcrumb","itemListElement":[{"@type":"ListItem","position":1,"name":"Portada","item":"https:\/\/www.sonoraenequipo.com.mx\/"},{"@type":"ListItem","position":2,"name":"La emergencia sanitaria coloca a las democracias en una zona de riesgo: C\u00f3rdova Vianello"}]},{"@type":"WebSite","@id":"https:\/\/www.sonoraenequipo.com.mx\/#website","url":"https:\/\/www.sonoraenequipo.com.mx\/","name":"Sonora en Equipo.","description":"Diario en l\u00ednea con Noticias desde Hermosillo, Sonora","publisher":{"@id":"https:\/\/www.sonoraenequipo.com.mx\/#organization"},"potentialAction":[{"@type":"SearchAction","target":{"@type":"EntryPoint","urlTemplate":"https:\/\/www.sonoraenequipo.com.mx\/?s={search_term_string}"},"query-input":{"@type":"PropertyValueSpecification","valueRequired":true,"valueName":"search_term_string"}}],"inLanguage":"es"},{"@type":"Organization","@id":"https:\/\/www.sonoraenequipo.com.mx\/#organization","name":"Sonoraenequipo.com.mx","url":"https:\/\/www.sonoraenequipo.com.mx\/","logo":{"@type":"ImageObject","inLanguage":"es","@id":"https:\/\/www.sonoraenequipo.com.mx\/#\/schema\/logo\/image\/","url":"https:\/\/www.sonoraenequipo.com.mx\/storage\/2019\/01\/sonoraenequipo_opt.png","contentUrl":"https:\/\/www.sonoraenequipo.com.mx\/storage\/2019\/01\/sonoraenequipo_opt.png","width":375,"height":125,"caption":"Sonoraenequipo.com.mx"},"image":{"@id":"https:\/\/www.sonoraenequipo.com.mx\/#\/schema\/logo\/image\/"},"sameAs":["https:\/\/www.facebook.com\/SonoraEE\/","https:\/\/x.com\/sonoraenequipo","https:\/\/www.youtube.com\/channel\/UC338nW-lPEYmJQs4ZABQ1SQ"]},{"@type":"Person","@id":"https:\/\/www.sonoraenequipo.com.mx\/#\/schema\/person\/50102df0fb23a8fa9e8effad8fa81386","name":"enequipo","image":{"@type":"ImageObject","inLanguage":"es","@id":"https:\/\/www.sonoraenequipo.com.mx\/#\/schema\/person\/image\/","url":"https:\/\/secure.gravatar.com\/avatar\/049821681b589dabc0bc20695993ccebb09f5b5d4d790cd9251b97faac7c652b?s=96&d=blank&r=g","contentUrl":"https:\/\/secure.gravatar.com\/avatar\/049821681b589dabc0bc20695993ccebb09f5b5d4d790cd9251b97faac7c652b?s=96&d=blank&r=g","caption":"enequipo"},"sameAs":["https:\/\/www.facebook.com\/SonoraEE"]}]}},"jetpack_featured_media_url":"https:\/\/www.sonoraenequipo.com.mx\/storage\/2019\/05\/CORDOVA-e1558485720508.jpg","_links":{"self":[{"href":"https:\/\/www.sonoraenequipo.com.mx\/api\/wp\/v2\/posts\/102239","targetHints":{"allow":["GET"]}}],"collection":[{"href":"https:\/\/www.sonoraenequipo.com.mx\/api\/wp\/v2\/posts"}],"about":[{"href":"https:\/\/www.sonoraenequipo.com.mx\/api\/wp\/v2\/types\/post"}],"author":[{"embeddable":true,"href":"https:\/\/www.sonoraenequipo.com.mx\/api\/wp\/v2\/users\/1"}],"replies":[{"embeddable":true,"href":"https:\/\/www.sonoraenequipo.com.mx\/api\/wp\/v2\/comments?post=102239"}],"version-history":[{"count":1,"href":"https:\/\/www.sonoraenequipo.com.mx\/api\/wp\/v2\/posts\/102239\/revisions"}],"predecessor-version":[{"id":102240,"href":"https:\/\/www.sonoraenequipo.com.mx\/api\/wp\/v2\/posts\/102239\/revisions\/102240"}],"wp:featuredmedia":[{"embeddable":true,"href":"https:\/\/www.sonoraenequipo.com.mx\/api\/wp\/v2\/media\/60707"}],"wp:attachment":[{"href":"https:\/\/www.sonoraenequipo.com.mx\/api\/wp\/v2\/media?parent=102239"}],"wp:term":[{"taxonomy":"category","embeddable":true,"href":"https:\/\/www.sonoraenequipo.com.mx\/api\/wp\/v2\/categories?post=102239"},{"taxonomy":"post_tag","embeddable":true,"href":"https:\/\/www.sonoraenequipo.com.mx\/api\/wp\/v2\/tags?post=102239"}],"curies":[{"name":"wp","href":"https:\/\/api.w.org\/{rel}","templated":true}]}}