{"id":102241,"date":"2020-12-08T15:51:23","date_gmt":"2020-12-08T22:51:23","guid":{"rendered":"https:\/\/www.sonoraenequipo.com.mx\/?p=102241"},"modified":"2020-12-08T15:51:23","modified_gmt":"2020-12-08T22:51:23","slug":"promueven-celida-lopez-y-brigadas-de-vida-medidas-preventivas-en-transporte-publico-y-foraneo","status":"publish","type":"post","link":"https:\/\/www.sonoraenequipo.com.mx\/promueven-celida-lopez-y-brigadas-de-vida-medidas-preventivas-en-transporte-publico-y-foraneo\/","title":{"rendered":"Promueven Celida L\u00f3pez y Brigadas de Vida medidas preventivas en transporte p\u00fablico y for\u00e1neo"},"content":{"rendered":"<p>La Alcaldesa de Hermosillo apunt\u00f3 que los viajes largos en transporte de pasajeros puede ser una actividad de riesgo ante el Covid-19, por lo que llam\u00f3 a no bajar la guardia y protegerse<\/p>\n<p>HERMOSILLO, SONORA,MX.\u2500\u2500 Atendiendo el incremento en el riesgo de transmisi\u00f3n del Covid 19 por la movilidad urbana y for\u00e1nea propia de las festividades navide\u00f1as, la Presidenta Municipal de Hermosillo Celida L\u00f3pez C\u00e1rdenas reiter\u00f3 el llamado a reforzar la prevenci\u00f3n a quienes requieren utilizar el transporte p\u00fablico y for\u00e1neo.<\/p>\n<p>&nbsp;<\/p>\n<p>Desde la central de autobuses de la ciudad, la Alcaldesa recomend\u00f3 no utilizar en la medida de lo posible el transporte de pasajeros para salir de la ciudad, principalmente a partir del 17 de diciembre que inicia el periodo vacacional en gran parte de los centros de trabajo, por implicar concentraci\u00f3n de personas en un espacio cerrado sin ventilaci\u00f3n durante varias horas, lo que intensifica el riesgo.<\/p>\n<p>&nbsp;<\/p>\n<p>\u201c\u00bfPor qu\u00e9 es importante evitarlo?, porque est\u00e1 demostrado cient\u00edficamente, a trav\u00e9s de Monitor Covid que este es uno de los espacios de mayor contagio y mayor propagaci\u00f3n, una persona que se suba al cami\u00f3n con el virus activo puede contagiar a muchas otras\u201d, alert\u00f3.<\/p>\n<p>&nbsp;<\/p>\n<p>A quienes necesariamente tienen que viajar a Hermosillo por alguna emergencia de trabajo o salud les insisti\u00f3 en que porten el cubrebocas en todo momento y al llegar evitar el contacto cercano con otras personas. \u201cSi te es posible llegar a la ciudad y estar 14 d\u00edas en resguardo en tu casa ser\u00eda de gran apoyo\u201d, expres\u00f3.<\/p>\n<p>&nbsp;<\/p>\n<p>Agradeci\u00f3 a las empresas de transporte que est\u00e1n desinfectando las unidades con las que prestan el servicio y convoc\u00f3 a ciudadanos a asumir una actitud solidaria para con los dem\u00e1s al extremar las precauciones y con ello detener cadenas de propagaci\u00f3n del Covid 19.<\/p>\n<p>Fecha de\u00a0 publicaci\u00f3n 08 \/dic\/2020<\/p>\n<p>&nbsp;<\/p>\n","protected":false},"excerpt":{"rendered":"<p>La Alcaldesa de Hermosillo apunt\u00f3 que los viajes largos en transporte de pasajeros puede ser&#8230;<\/p>\n","protected":false},"author":1,"featured_media":102242,"comment_status":"open","ping_status":"open","sticky":false,"template":"","format":"standard","meta":{"_monsterinsights_skip_tracking":false,"_monsterinsights_sitenote_active":false,"_monsterinsights_sitenote_note":"","_monsterinsights_sitenote_category":0,"footnotes":""},"categories":[4],"tags":[4249,35],"class_list":["post"],"yoast_head":" \n<title>Sonora en Equipo. Promueven Celida L\u00f3pez y Brigadas de Vida medidas preventivas en transporte p\u00fablico y for\u00e1neo Municipios<\/title>\n<meta name=\"description\" content=\"La Alcaldesa de Hermosillo apunt\u00f3 que los viajes largos en transporte de pasajeros puede ser una actividad de riesgo ante el Covid-19, por lo que llam\u00f3 a En Sonora en Equipo publicamos toda la informaci\u00f3n de Sonora, M\u00e9xico y el Mundo de manera oportuna y busca que la libertad de expresi\u00f3n sea real. Visita nuestro medio informativo publicado desde Hermosillo, Sonora. %\" \/>\n<meta name=\"robots\" content=\"index, follow, max-snippet:-1, max-image-preview:large, max-video-preview:-1\" \/>\n<link rel=\"canonical\" href=\"https:\/\/www.sonoraenequipo.com.mx\/promueven-celida-lopez-y-brigadas-de-vida-medidas-preventivas-en-transporte-publico-y-foraneo\/\" \/>\n<meta property=\"og:locale\" content=\"es_ES\" \/>\n<meta property=\"og:type\" content=\"article\" \/>\n<meta property=\"og:title\" content=\"Sonora en Equipo. Promueven Celida L\u00f3pez y Brigadas de Vida medidas preventivas en transporte p\u00fablico y for\u00e1neo Municipios\" \/>\n<meta property=\"og:description\" content=\"La Alcaldesa de Hermosillo apunt\u00f3 que los viajes largos en transporte de pasajeros puede ser una actividad de riesgo ante el Covid-19, por lo que llam\u00f3 a En Sonora en Equipo publicamos toda la informaci\u00f3n de Sonora, M\u00e9xico y el Mundo de manera oportuna y busca que la libertad de expresi\u00f3n sea real. Visita nuestro medio informativo publicado desde Hermosillo, Sonora. %\" \/>\n<meta property=\"og:url\" content=\"https:\/\/www.sonoraenequipo.com.mx\/promueven-celida-lopez-y-brigadas-de-vida-medidas-preventivas-en-transporte-publico-y-foraneo\/\" \/>\n<meta property=\"og:site_name\" content=\"Sonora en Equipo.\" \/>\n<meta property=\"article:publisher\" content=\"https:\/\/www.facebook.com\/SonoraEE\/\" \/>\n<meta property=\"article:author\" content=\"https:\/\/www.facebook.com\/SonoraEE\" \/>\n<meta property=\"article:published_time\" content=\"2020-12-08T22:51:23+00:00\" \/>\n<meta property=\"og:image\" content=\"https:\/\/www.sonoraenequipo.com.mx\/storage\/2020\/12\/CLC081220.jpg\" \/>\n\t<meta property=\"og:image:width\" content=\"600\" \/>\n\t<meta property=\"og:image:height\" content=\"400\" \/>\n\t<meta property=\"og:image:type\" content=\"image\/jpeg\" \/>\n<meta name=\"author\" content=\"enequipo\" \/>\n<meta name=\"twitter:card\" content=\"summary_large_image\" \/>\n<meta name=\"twitter:creator\" content=\"@sonoraenequipo\" \/>\n<meta name=\"twitter:site\" content=\"@sonoraenequipo\" \/>\n<meta name=\"twitter:label1\" content=\"Escrito por\" \/>\n\t<meta name=\"twitter:data1\" content=\"enequipo\" \/>\n\t<meta name=\"twitter:label2\" content=\"Tiempo de lectura\" \/>\n\t<meta name=\"twitter:data2\" content=\"2 minutos\" \/>\n<script type=\"application\/ld+json\" class=\"yoast-schema-graph\">{\"@context\":\"https:\/\/schema.org\",\"@graph\":[{\"@type\":\"Article\",\"@id\":\"https:\/\/www.sonoraenequipo.com.mx\/promueven-celida-lopez-y-brigadas-de-vida-medidas-preventivas-en-transporte-publico-y-foraneo\/#article\",\"isPartOf\":{\"@id\":\"https:\/\/www.sonoraenequipo.com.mx\/promueven-celida-lopez-y-brigadas-de-vida-medidas-preventivas-en-transporte-publico-y-foraneo\/\"},\"author\":{\"name\":\"enequipo\",\"@id\":\"https:\/\/www.sonoraenequipo.com.mx\/#\/schema\/person\/50102df0fb23a8fa9e8effad8fa81386\"},\"headline\":\"Promueven Celida L\u00f3pez y Brigadas de Vida medidas preventivas en transporte p\u00fablico y for\u00e1neo\",\"datePublished\":\"2020-12-08T22:51:23+00:00\",\"mainEntityOfPage\":{\"@id\":\"https:\/\/www.sonoraenequipo.com.mx\/promueven-celida-lopez-y-brigadas-de-vida-medidas-preventivas-en-transporte-publico-y-foraneo\/\"},\"wordCount\":336,\"commentCount\":0,\"publisher\":{\"@id\":\"https:\/\/www.sonoraenequipo.com.mx\/#organization\"},\"image\":{\"@id\":\"https:\/\/www.sonoraenequipo.com.mx\/promueven-celida-lopez-y-brigadas-de-vida-medidas-preventivas-en-transporte-publico-y-foraneo\/#primaryimage\"},\"thumbnailUrl\":\"https:\/\/www.sonoraenequipo.com.mx\/storage\/2020\/12\/CLC081220.jpg\",\"keywords\":[\"covid\",\"hermosillo\"],\"articleSection\":[\"Municipios\"],\"inLanguage\":\"es\",\"potentialAction\":[{\"@type\":\"CommentAction\",\"name\":\"Comment\",\"target\":[\"https:\/\/www.sonoraenequipo.com.mx\/promueven-celida-lopez-y-brigadas-de-vida-medidas-preventivas-en-transporte-publico-y-foraneo\/#respond\"]}]},{\"@type\":\"WebPage\",\"@id\":\"https:\/\/www.sonoraenequipo.com.mx\/promueven-celida-lopez-y-brigadas-de-vida-medidas-preventivas-en-transporte-publico-y-foraneo\/\",\"url\":\"https:\/\/www.sonoraenequipo.com.mx\/promueven-celida-lopez-y-brigadas-de-vida-medidas-preventivas-en-transporte-publico-y-foraneo\/\",\"name\":\"Sonora en Equipo. Promueven Celida L\u00f3pez y Brigadas de Vida medidas preventivas en transporte p\u00fablico y for\u00e1neo Municipios\",\"isPartOf\":{\"@id\":\"https:\/\/www.sonoraenequipo.com.mx\/#website\"},\"primaryImageOfPage\":{\"@id\":\"https:\/\/www.sonoraenequipo.com.mx\/promueven-celida-lopez-y-brigadas-de-vida-medidas-preventivas-en-transporte-publico-y-foraneo\/#primaryimage\"},\"image\":{\"@id\":\"https:\/\/www.sonoraenequipo.com.mx\/promueven-celida-lopez-y-brigadas-de-vida-medidas-preventivas-en-transporte-publico-y-foraneo\/#primaryimage\"},\"thumbnailUrl\":\"https:\/\/www.sonoraenequipo.com.mx\/storage\/2020\/12\/CLC081220.jpg\",\"datePublished\":\"2020-12-08T22:51:23+00:00\",\"description\":\"La Alcaldesa de Hermosillo apunt\u00f3 que los viajes largos en transporte de pasajeros puede ser una actividad de riesgo ante el Covid-19, por lo que llam\u00f3 a En Sonora en Equipo publicamos toda la informaci\u00f3n de Sonora, M\u00e9xico y el Mundo de manera oportuna y busca que la libertad de expresi\u00f3n sea real. Visita nuestro medio informativo publicado desde Hermosillo, Sonora. %\",\"breadcrumb\":{\"@id\":\"https:\/\/www.sonoraenequipo.com.mx\/promueven-celida-lopez-y-brigadas-de-vida-medidas-preventivas-en-transporte-publico-y-foraneo\/#breadcrumb\"},\"inLanguage\":\"es\",\"potentialAction\":[{\"@type\":\"ReadAction\",\"target\":[\"https:\/\/www.sonoraenequipo.com.mx\/promueven-celida-lopez-y-brigadas-de-vida-medidas-preventivas-en-transporte-publico-y-foraneo\/\"]}]},{\"@type\":\"ImageObject\",\"inLanguage\":\"es\",\"@id\":\"https:\/\/www.sonoraenequipo.com.mx\/promueven-celida-lopez-y-brigadas-de-vida-medidas-preventivas-en-transporte-publico-y-foraneo\/#primaryimage\",\"url\":\"https:\/\/www.sonoraenequipo.com.mx\/storage\/2020\/12\/CLC081220.jpg\",\"contentUrl\":\"https:\/\/www.sonoraenequipo.com.mx\/storage\/2020\/12\/CLC081220.jpg\",\"width\":600,\"height\":400},{\"@type\":\"BreadcrumbList\",\"@id\":\"https:\/\/www.sonoraenequipo.com.mx\/promueven-celida-lopez-y-brigadas-de-vida-medidas-preventivas-en-transporte-publico-y-foraneo\/#breadcrumb\",\"itemListElement\":[{\"@type\":\"ListItem\",\"position\":1,\"name\":\"Portada\",\"item\":\"https:\/\/www.sonoraenequipo.com.mx\/\"},{\"@type\":\"ListItem\",\"position\":2,\"name\":\"Promueven Celida L\u00f3pez y Brigadas de Vida medidas preventivas en transporte p\u00fablico y for\u00e1neo\"}]},{\"@type\":\"WebSite\",\"@id\":\"https:\/\/www.sonoraenequipo.com.mx\/#website\",\"url\":\"https:\/\/www.sonoraenequipo.com.mx\/\",\"name\":\"Sonora en Equipo.\",\"description\":\"Diario en l\u00ednea con Noticias desde Hermosillo, Sonora\",\"publisher\":{\"@id\":\"https:\/\/www.sonoraenequipo.com.mx\/#organization\"},\"potentialAction\":[{\"@type\":\"SearchAction\",\"target\":{\"@type\":\"EntryPoint\",\"urlTemplate\":\"https:\/\/www.sonoraenequipo.com.mx\/?s={search_term_string}\"},\"query-input\":{\"@type\":\"PropertyValueSpecification\",\"valueRequired\":true,\"valueName\":\"search_term_string\"}}],\"inLanguage\":\"es\"},{\"@type\":\"Organization\",\"@id\":\"https:\/\/www.sonoraenequipo.com.mx\/#organization\",\"name\":\"Sonoraenequipo.com.mx\",\"url\":\"https:\/\/www.sonoraenequipo.com.mx\/\",\"logo\":{\"@type\":\"ImageObject\",\"inLanguage\":\"es\",\"@id\":\"https:\/\/www.sonoraenequipo.com.mx\/#\/schema\/logo\/image\/\",\"url\":\"https:\/\/www.sonoraenequipo.com.mx\/storage\/2019\/01\/sonoraenequipo_opt.png\",\"contentUrl\":\"https:\/\/www.sonoraenequipo.com.mx\/storage\/2019\/01\/sonoraenequipo_opt.png\",\"width\":375,\"height\":125,\"caption\":\"Sonoraenequipo.com.mx\"},\"image\":{\"@id\":\"https:\/\/www.sonoraenequipo.com.mx\/#\/schema\/logo\/image\/\"},\"sameAs\":[\"https:\/\/www.facebook.com\/SonoraEE\/\",\"https:\/\/x.com\/sonoraenequipo\",\"https:\/\/www.youtube.com\/channel\/UC338nW-lPEYmJQs4ZABQ1SQ\"]},{\"@type\":\"Person\",\"@id\":\"https:\/\/www.sonoraenequipo.com.mx\/#\/schema\/person\/50102df0fb23a8fa9e8effad8fa81386\",\"name\":\"enequipo\",\"image\":{\"@type\":\"ImageObject\",\"inLanguage\":\"es\",\"@id\":\"https:\/\/www.sonoraenequipo.com.mx\/#\/schema\/person\/image\/\",\"url\":\"https:\/\/secure.gravatar.com\/avatar\/049821681b589dabc0bc20695993ccebb09f5b5d4d790cd9251b97faac7c652b?s=96&d=blank&r=g\",\"contentUrl\":\"https:\/\/secure.gravatar.com\/avatar\/049821681b589dabc0bc20695993ccebb09f5b5d4d790cd9251b97faac7c652b?s=96&d=blank&r=g\",\"caption\":\"enequipo\"},\"sameAs\":[\"https:\/\/www.facebook.com\/SonoraEE\"]}]}<\/script>\n ","yoast_head_json":{"title":"Sonora en Equipo. Promueven Celida L\u00f3pez y Brigadas de Vida medidas preventivas en transporte p\u00fablico y for\u00e1neo Municipios","description":"La Alcaldesa de Hermosillo apunt\u00f3 que los viajes largos en transporte de pasajeros puede ser una actividad de riesgo ante el Covid-19, por lo que llam\u00f3 a En Sonora en Equipo publicamos toda la informaci\u00f3n de Sonora, M\u00e9xico y el Mundo de manera oportuna y busca que la libertad de expresi\u00f3n sea real. Visita nuestro medio informativo publicado desde Hermosillo, Sonora. %","robots":{"index":"index","follow":"follow","max-snippet":"max-snippet:-1","max-image-preview":"max-image-preview:large","max-video-preview":"max-video-preview:-1"},"canonical":"https:\/\/www.sonoraenequipo.com.mx\/promueven-celida-lopez-y-brigadas-de-vida-medidas-preventivas-en-transporte-publico-y-foraneo\/","og_locale":"es_ES","og_type":"article","og_title":"Sonora en Equipo. Promueven Celida L\u00f3pez y Brigadas de Vida medidas preventivas en transporte p\u00fablico y for\u00e1neo Municipios","og_description":"La Alcaldesa de Hermosillo apunt\u00f3 que los viajes largos en transporte de pasajeros puede ser una actividad de riesgo ante el Covid-19, por lo que llam\u00f3 a En Sonora en Equipo publicamos toda la informaci\u00f3n de Sonora, M\u00e9xico y el Mundo de manera oportuna y busca que la libertad de expresi\u00f3n sea real. Visita nuestro medio informativo publicado desde Hermosillo, Sonora. %","og_url":"https:\/\/www.sonoraenequipo.com.mx\/promueven-celida-lopez-y-brigadas-de-vida-medidas-preventivas-en-transporte-publico-y-foraneo\/","og_site_name":"Sonora en Equipo.","article_publisher":"https:\/\/www.facebook.com\/SonoraEE\/","article_author":"https:\/\/www.facebook.com\/SonoraEE","article_published_time":"2020-12-08T22:51:23+00:00","og_image":[{"width":600,"height":400,"url":"https:\/\/www.sonoraenequipo.com.mx\/storage\/2020\/12\/CLC081220.jpg","type":"image\/jpeg"}],"author":"enequipo","twitter_card":"summary_large_image","twitter_creator":"@sonoraenequipo","twitter_site":"@sonoraenequipo","twitter_misc":{"Escrito por":"enequipo","Tiempo de lectura":"2 minutos"},"schema":{"@context":"https:\/\/schema.org","@graph":[{"@type":"Article","@id":"https:\/\/www.sonoraenequipo.com.mx\/promueven-celida-lopez-y-brigadas-de-vida-medidas-preventivas-en-transporte-publico-y-foraneo\/#article","isPartOf":{"@id":"https:\/\/www.sonoraenequipo.com.mx\/promueven-celida-lopez-y-brigadas-de-vida-medidas-preventivas-en-transporte-publico-y-foraneo\/"},"author":{"name":"enequipo","@id":"https:\/\/www.sonoraenequipo.com.mx\/#\/schema\/person\/50102df0fb23a8fa9e8effad8fa81386"},"headline":"Promueven Celida L\u00f3pez y Brigadas de Vida medidas preventivas en transporte p\u00fablico y for\u00e1neo","datePublished":"2020-12-08T22:51:23+00:00","mainEntityOfPage":{"@id":"https:\/\/www.sonoraenequipo.com.mx\/promueven-celida-lopez-y-brigadas-de-vida-medidas-preventivas-en-transporte-publico-y-foraneo\/"},"wordCount":336,"commentCount":0,"publisher":{"@id":"https:\/\/www.sonoraenequipo.com.mx\/#organization"},"image":{"@id":"https:\/\/www.sonoraenequipo.com.mx\/promueven-celida-lopez-y-brigadas-de-vida-medidas-preventivas-en-transporte-publico-y-foraneo\/#primaryimage"},"thumbnailUrl":"https:\/\/www.sonoraenequipo.com.mx\/storage\/2020\/12\/CLC081220.jpg","keywords":["covid","hermosillo"],"articleSection":["Municipios"],"inLanguage":"es","potentialAction":[{"@type":"CommentAction","name":"Comment","target":["https:\/\/www.sonoraenequipo.com.mx\/promueven-celida-lopez-y-brigadas-de-vida-medidas-preventivas-en-transporte-publico-y-foraneo\/#respond"]}]},{"@type":"WebPage","@id":"https:\/\/www.sonoraenequipo.com.mx\/promueven-celida-lopez-y-brigadas-de-vida-medidas-preventivas-en-transporte-publico-y-foraneo\/","url":"https:\/\/www.sonoraenequipo.com.mx\/promueven-celida-lopez-y-brigadas-de-vida-medidas-preventivas-en-transporte-publico-y-foraneo\/","name":"Sonora en Equipo. Promueven Celida L\u00f3pez y Brigadas de Vida medidas preventivas en transporte p\u00fablico y for\u00e1neo Municipios","isPartOf":{"@id":"https:\/\/www.sonoraenequipo.com.mx\/#website"},"primaryImageOfPage":{"@id":"https:\/\/www.sonoraenequipo.com.mx\/promueven-celida-lopez-y-brigadas-de-vida-medidas-preventivas-en-transporte-publico-y-foraneo\/#primaryimage"},"image":{"@id":"https:\/\/www.sonoraenequipo.com.mx\/promueven-celida-lopez-y-brigadas-de-vida-medidas-preventivas-en-transporte-publico-y-foraneo\/#primaryimage"},"thumbnailUrl":"https:\/\/www.sonoraenequipo.com.mx\/storage\/2020\/12\/CLC081220.jpg","datePublished":"2020-12-08T22:51:23+00:00","description":"La Alcaldesa de Hermosillo apunt\u00f3 que los viajes largos en transporte de pasajeros puede ser una actividad de riesgo ante el Covid-19, por lo que llam\u00f3 a En Sonora en Equipo publicamos toda la informaci\u00f3n de Sonora, M\u00e9xico y el Mundo de manera oportuna y busca que la libertad de expresi\u00f3n sea real. Visita nuestro medio informativo publicado desde Hermosillo, Sonora. %","breadcrumb":{"@id":"https:\/\/www.sonoraenequipo.com.mx\/promueven-celida-lopez-y-brigadas-de-vida-medidas-preventivas-en-transporte-publico-y-foraneo\/#breadcrumb"},"inLanguage":"es","potentialAction":[{"@type":"ReadAction","target":["https:\/\/www.sonoraenequipo.com.mx\/promueven-celida-lopez-y-brigadas-de-vida-medidas-preventivas-en-transporte-publico-y-foraneo\/"]}]},{"@type":"ImageObject","inLanguage":"es","@id":"https:\/\/www.sonoraenequipo.com.mx\/promueven-celida-lopez-y-brigadas-de-vida-medidas-preventivas-en-transporte-publico-y-foraneo\/#primaryimage","url":"https:\/\/www.sonoraenequipo.com.mx\/storage\/2020\/12\/CLC081220.jpg","contentUrl":"https:\/\/www.sonoraenequipo.com.mx\/storage\/2020\/12\/CLC081220.jpg","width":600,"height":400},{"@type":"BreadcrumbList","@id":"https:\/\/www.sonoraenequipo.com.mx\/promueven-celida-lopez-y-brigadas-de-vida-medidas-preventivas-en-transporte-publico-y-foraneo\/#breadcrumb","itemListElement":[{"@type":"ListItem","position":1,"name":"Portada","item":"https:\/\/www.sonoraenequipo.com.mx\/"},{"@type":"ListItem","position":2,"name":"Promueven Celida L\u00f3pez y Brigadas de Vida medidas preventivas en transporte p\u00fablico y for\u00e1neo"}]},{"@type":"WebSite","@id":"https:\/\/www.sonoraenequipo.com.mx\/#website","url":"https:\/\/www.sonoraenequipo.com.mx\/","name":"Sonora en Equipo.","description":"Diario en l\u00ednea con Noticias desde Hermosillo, Sonora","publisher":{"@id":"https:\/\/www.sonoraenequipo.com.mx\/#organization"},"potentialAction":[{"@type":"SearchAction","target":{"@type":"EntryPoint","urlTemplate":"https:\/\/www.sonoraenequipo.com.mx\/?s={search_term_string}"},"query-input":{"@type":"PropertyValueSpecification","valueRequired":true,"valueName":"search_term_string"}}],"inLanguage":"es"},{"@type":"Organization","@id":"https:\/\/www.sonoraenequipo.com.mx\/#organization","name":"Sonoraenequipo.com.mx","url":"https:\/\/www.sonoraenequipo.com.mx\/","logo":{"@type":"ImageObject","inLanguage":"es","@id":"https:\/\/www.sonoraenequipo.com.mx\/#\/schema\/logo\/image\/","url":"https:\/\/www.sonoraenequipo.com.mx\/storage\/2019\/01\/sonoraenequipo_opt.png","contentUrl":"https:\/\/www.sonoraenequipo.com.mx\/storage\/2019\/01\/sonoraenequipo_opt.png","width":375,"height":125,"caption":"Sonoraenequipo.com.mx"},"image":{"@id":"https:\/\/www.sonoraenequipo.com.mx\/#\/schema\/logo\/image\/"},"sameAs":["https:\/\/www.facebook.com\/SonoraEE\/","https:\/\/x.com\/sonoraenequipo","https:\/\/www.youtube.com\/channel\/UC338nW-lPEYmJQs4ZABQ1SQ"]},{"@type":"Person","@id":"https:\/\/www.sonoraenequipo.com.mx\/#\/schema\/person\/50102df0fb23a8fa9e8effad8fa81386","name":"enequipo","image":{"@type":"ImageObject","inLanguage":"es","@id":"https:\/\/www.sonoraenequipo.com.mx\/#\/schema\/person\/image\/","url":"https:\/\/secure.gravatar.com\/avatar\/049821681b589dabc0bc20695993ccebb09f5b5d4d790cd9251b97faac7c652b?s=96&d=blank&r=g","contentUrl":"https:\/\/secure.gravatar.com\/avatar\/049821681b589dabc0bc20695993ccebb09f5b5d4d790cd9251b97faac7c652b?s=96&d=blank&r=g","caption":"enequipo"},"sameAs":["https:\/\/www.facebook.com\/SonoraEE"]}]}},"jetpack_featured_media_url":"https:\/\/www.sonoraenequipo.com.mx\/storage\/2020\/12\/CLC081220.jpg","_links":{"self":[{"href":"https:\/\/www.sonoraenequipo.com.mx\/api\/wp\/v2\/posts\/102241","targetHints":{"allow":["GET"]}}],"collection":[{"href":"https:\/\/www.sonoraenequipo.com.mx\/api\/wp\/v2\/posts"}],"about":[{"href":"https:\/\/www.sonoraenequipo.com.mx\/api\/wp\/v2\/types\/post"}],"author":[{"embeddable":true,"href":"https:\/\/www.sonoraenequipo.com.mx\/api\/wp\/v2\/users\/1"}],"replies":[{"embeddable":true,"href":"https:\/\/www.sonoraenequipo.com.mx\/api\/wp\/v2\/comments?post=102241"}],"version-history":[{"count":1,"href":"https:\/\/www.sonoraenequipo.com.mx\/api\/wp\/v2\/posts\/102241\/revisions"}],"predecessor-version":[{"id":102243,"href":"https:\/\/www.sonoraenequipo.com.mx\/api\/wp\/v2\/posts\/102241\/revisions\/102243"}],"wp:featuredmedia":[{"embeddable":true,"href":"https:\/\/www.sonoraenequipo.com.mx\/api\/wp\/v2\/media\/102242"}],"wp:attachment":[{"href":"https:\/\/www.sonoraenequipo.com.mx\/api\/wp\/v2\/media?parent=102241"}],"wp:term":[{"taxonomy":"category","embeddable":true,"href":"https:\/\/www.sonoraenequipo.com.mx\/api\/wp\/v2\/categories?post=102241"},{"taxonomy":"post_tag","embeddable":true,"href":"https:\/\/www.sonoraenequipo.com.mx\/api\/wp\/v2\/tags?post=102241"}],"curies":[{"name":"wp","href":"https:\/\/api.w.org\/{rel}","templated":true}]}}