{"id":102244,"date":"2020-12-08T16:05:13","date_gmt":"2020-12-08T23:05:13","guid":{"rendered":"https:\/\/www.sonoraenequipo.com.mx\/?p=102244"},"modified":"2020-12-08T16:05:13","modified_gmt":"2020-12-08T23:05:13","slug":"ine-hace-reajuste-presupuestal-tras-recorte-de-870-mdp-ordenado-por-la-camara-de-diputados","status":"publish","type":"post","link":"https:\/\/www.sonoraenequipo.com.mx\/ine-hace-reajuste-presupuestal-tras-recorte-de-870-mdp-ordenado-por-la-camara-de-diputados\/","title":{"rendered":"INE hace reajuste presupuestal tras recorte de 870 mdp\u00a0 ordenado por la C\u00e1mara de Diputados"},"content":{"rendered":"<p>&nbsp;<\/p>\n<p>&nbsp;<\/p>\n<p>&nbsp;<\/p>\n<p>CIUDAD DE M\u00c9XICO.\u2500 El Consejo General del Instituto Nacional Electoral (INE) aprob\u00f3 ajustes a su presupuesto para el ejercicio 2021, luego del recorte de 870 millones de pesos ordenado por la C\u00e1mara de Diputados, con lo que el presupuesto de la autoridad electoral pas\u00f3 de 20 mil 463 millones de pesos solicitados en el Anteproyecto a 19 mil 593 millones de pesos conforme a lo siguiente:<\/p>\n<table width=\"100%\">\n<tbody>\n<tr>\n<td width=\"79%\"><strong>Descripci\u00f3n<\/strong><\/td>\n<td width=\"20%\"><strong>Total<\/strong><\/td>\n<\/tr>\n<tr>\n<td width=\"79%\"><strong>Presupuesto base<\/strong><\/td>\n<td width=\"20%\"><strong>10,726,703,896<\/strong><\/td>\n<\/tr>\n<tr>\n<td width=\"79%\"><strong>Cartera Institucional de Proyectos<\/strong><\/td>\n<td width=\"20%\"><strong>8,867,094,062<\/strong><\/td>\n<\/tr>\n<tr>\n<td width=\"79%\"><em>Organizar Procesos Electorales Locales<\/em><\/td>\n<td width=\"20%\"><em>33,863,626<\/em><\/td>\n<\/tr>\n<tr>\n<td width=\"79%\"><em>Organizar Proceso Electoral Federal<\/em><\/td>\n<td width=\"20%\"><em>7,861,864,517<\/em><\/td>\n<\/tr>\n<tr>\n<td width=\"79%\"><em>Fortalecer la Cultura Democr\u00e1tica, la Igualdad de G\u00e9nero y la Inclusi\u00f3n<\/em><\/td>\n<td width=\"20%\"><em>134,052,633<\/em><\/td>\n<\/tr>\n<tr>\n<td width=\"79%\"><em>Fortalecer la Gesti\u00f3n y Evaluaci\u00f3n Administrativa y Cultura de Servicio P\u00fablico<\/em><\/td>\n<td width=\"20%\"><em>135,497,524<\/em><\/td>\n<\/tr>\n<tr>\n<td width=\"79%\"><em>Fortalecer los Mecanismos de Actualizaci\u00f3n de los Procesos Registrales<\/em><\/td>\n<td width=\"20%\"><em>259,086,893<\/em><\/td>\n<\/tr>\n<tr>\n<td width=\"79%\"><em>Fortalecer el Acceso a la Informaci\u00f3n y Protecci\u00f3n de Datos Personales<\/em><\/td>\n<td width=\"20%\"><em>33,449,330<\/em><\/td>\n<\/tr>\n<tr>\n<td width=\"79%\"><em>Fortalecer la Equidad y Legalidad en el Sistema de Partidos Pol\u00edticos<\/em><\/td>\n<td width=\"20%\"><em>387,435,776<\/em><\/td>\n<\/tr>\n<tr>\n<td width=\"79%\"><em>Coordinar el Sistema Nacional Electoral<\/em><\/td>\n<td width=\"20%\"><em>21,843,763<\/em><\/td>\n<\/tr>\n<tr>\n<td width=\"79%\"><strong>Total<\/strong><\/td>\n<td width=\"20%\"><strong>19,593,797,958 <\/strong><\/td>\n<\/tr>\n<\/tbody>\n<\/table>\n<p>&nbsp;<\/p>\n<p>El Consejero Presidente, Lorenzo C\u00f3rdova Vianello, afirm\u00f3 que este ajuste presupuestal atiende al recorte m\u00e1s grande que se haya aplicado en la historia del INE, en un a\u00f1o en que habr\u00e1 de organizarse una elecci\u00f3n federal.<\/p>\n<p>&nbsp;<\/p>\n<p>\u201cNunca, de cara a la organizaci\u00f3n de una elecci\u00f3n federal, el Instituto Nacional Electoral hab\u00eda enfrentado un recorte de esta naturaleza. Entendemos perfectamente el contexto econ\u00f3mico, el dif\u00edcil contexto econ\u00f3mico derivado de la crisis sanitaria; sin embargo, un recorte a una agencia aut\u00f3noma deber\u00eda pasar por un proceso normado y regulado que ojal\u00e1 en el futuro pueda dar mayor certeza a todos los actores involucrados en la discusi\u00f3n presupuestal y pueda seguir procedimientos previamente definidos\u201d, se\u00f1al\u00f3.<\/p>\n<p>&nbsp;<\/p>\n<p>INE sin recursos para la Consulta Popular<\/p>\n<p>&nbsp;<\/p>\n<p>Adem\u00e1s de este ajuste a la baja, agreg\u00f3 C\u00f3rdova, el INE deber\u00e1 hacer frente a la falta de partidas presupuestales que permitan una base legal para transferir recursos al desarrollo de la Consulta Popular aprobada por el Congreso de la Uni\u00f3n.<\/p>\n<p>&nbsp;<\/p>\n<p>\u201cLa C\u00e1mara de Diputados no hizo una sola menci\u00f3n en el presupuesto sobre este proceso de participaci\u00f3n ciudadana ni atendi\u00f3 la ampliaci\u00f3n que se requiri\u00f3 en noviembre de este a\u00f1o\u201d, dijo.<\/p>\n<p>&nbsp;<\/p>\n<p>En este sentido, anticip\u00f3 que tendr\u00e1 que iniciarse un di\u00e1logo con las distintas instituciones del Estado para encontrar las condiciones jur\u00eddicas que permitan \u201ccontar con los recursos para que este ejercicio ciudadano, in\u00e9dito en la historia democr\u00e1tica de la participaci\u00f3n pol\u00edtica en el pa\u00eds, pueda contar con los recursos para poderse llevar a cabo tal como lo mandata la Constituci\u00f3n\u201d.<\/p>\n<p>&nbsp;<\/p>\n<p>Reducci\u00f3n en estimaci\u00f3n de mexicanos inscritos en el Padr\u00f3n Electoral permitir\u00e1 hacer frente al recorte<\/p>\n<p>&nbsp;<\/p>\n<p>El Consejero Ciro Murayama, presidente de la Comisi\u00f3n Temporal de Presupuesto, record\u00f3 que la disminuci\u00f3n ordenada por la C\u00e1mara impacta directamente sobre la operaci\u00f3n del INE sin afectar la partida que constitucionalmente est\u00e1 prevista para los partidos pol\u00edticos.<\/p>\n<p>&nbsp;<\/p>\n<p>Explic\u00f3 que, debido a la pandemia y conforme a proyecciones preliminares, el Padr\u00f3n Electoral para la elecci\u00f3n de 2021 no ser\u00e1 de 95 millones de personas, como se hab\u00eda previsto previamente, sino de 93.9 millones de ciudadanas y ciudadanos, lo que conlleva una disminuci\u00f3n significativa en diversos aspectos de la capacitaci\u00f3n y la organizaci\u00f3n de los comicios que traer\u00e1n ahorros por un monto global de 310 millones de pesos.<\/p>\n<p>&nbsp;<\/p>\n<p>\u201cUn mill\u00f3n 94 mil personas menos, lo que se traducir\u00e1 en reducir el n\u00famero de casillas, de 164 mil 550 a 163 mil 224\u201d, dijo.<\/p>\n<p>&nbsp;<\/p>\n<p>Esta nueva proyecci\u00f3n, a\u00f1adi\u00f3 el Consejero Murayama, disminuye tambi\u00e9n la cantidad de boletas, documentaci\u00f3n electoral, as\u00ed como de materiales sanitarios para el d\u00eda de la votaci\u00f3n.<\/p>\n<p>&nbsp;<\/p>\n<p>\u201cAhorraremos 87 millones y medio de pesos en materiales de sanitizaci\u00f3n, sin que eso implique flexibilizar o relajar las medidas de sanidad y protecci\u00f3n de funcionarios y electores en las casillas\u201d, mencion\u00f3.<\/p>\n<p>&nbsp;<\/p>\n<p>Murayama agreg\u00f3 que con el nuevo c\u00e1lculo del Padr\u00f3n Electoral y la Lista Nominal, se estima una disminuci\u00f3n de 7 mil 836 funcionarios de mesa directiva de casilla y, en consecuencia, se contratar\u00e1 una cantidad menos menor de supervisores y capacitadores electorales, lo que permitir\u00e1 un ahorro de 120 millones de pesos.<\/p>\n<p>&nbsp;<\/p>\n<p>Esta disminuci\u00f3n, enfatiz\u00f3, se realiza \u201csin afectar el programa de capacitaci\u00f3n electoral, sin afectar las remuneraciones de los capacitadores electorales sin afectar las remuneraciones de los capacitadores electorales y los supervisores electorales\u201d.<\/p>\n<p>&nbsp;<\/p>\n<p>Adem\u00e1s, indic\u00f3, el INE no podr\u00e1 iniciar las obras de infraestructura por 294 millones 702 mil pesos que se ten\u00edan programadas, y 227 millones de pesos, se estiman podr\u00e1n ahorrarse como consecuencia de la pandemia al estar utilizando menos material de trabajo, pagando menos espacios de estacionamiento, menos papeler\u00eda, menos luz, ello, debido a que no todo el personal del INE est\u00e1 trabajando de forma presencial.<\/p>\n<p>&nbsp;<\/p>\n<p>El presupuesto solicitado fue mesurado, consciente y razonado<\/p>\n<p>&nbsp;<\/p>\n<p>La Consejera Dania Ravel record\u00f3 que este es el tercer a\u00f1o consecutivo en que la autoridad electoral sufre un recorte presupuestal que, en esta ocasi\u00f3n, pr\u00e1cticamente llega a los 2 mil 369 millones de pesos considerando lo solicitado para la Consulta Popular.<\/p>\n<p>&nbsp;<\/p>\n<p>\u201cEl presupuesto que solicit\u00f3 el INE fue mesurado, consciente y razonado, que adem\u00e1s consideraba gastos extraordinarios a consecuencia de la emergencia sanitaria generada por la enfermedad de COVID-19, erogaciones que se siguen considerando\u201d, dijo.<\/p>\n<p>&nbsp;<\/p>\n<p>No obstante, se\u00f1al\u00f3 que el recorte ha dejado al INE sin mayor opci\u00f3n que aplazar una vez m\u00e1s algunos proyectos que permitir\u00e1n generar ahorros para hacer frente a las actividades prioritarias del proceso electoral.<\/p>\n<p>&nbsp;<\/p>\n<p>La reducci\u00f3n del presupuesto del INE impacta los trabajos previstos por las diversas \u00e1reas del Instituto conforme a lo siguiente:<\/p>\n<p>&nbsp;<\/p>\n<p><img loading=\"lazy\" decoding=\"async\" class=\" size-full x-center\" src=\"https:\/\/www.sonoraenequipo.com.mx\/storage\/2020\/12\/AFECTACIONES-INE.jpg\" alt=\"\" width=\"590\" height=\"479\" \/>Fecha de\u00a0 publicaci\u00f3n 08 \/dic\/2020<\/p>\n","protected":false},"excerpt":{"rendered":"<p>&nbsp; &nbsp; &nbsp; CIUDAD DE M\u00c9XICO.\u2500 El Consejo General del Instituto Nacional Electoral (INE) aprob\u00f3&#8230;<\/p>\n","protected":false},"author":1,"featured_media":102246,"comment_status":"open","ping_status":"open","sticky":false,"template":"","format":"standard","meta":{"_monsterinsights_skip_tracking":false,"_monsterinsights_sitenote_active":false,"_monsterinsights_sitenote_note":"","_monsterinsights_sitenote_category":0,"footnotes":""},"categories":[5],"tags":[],"class_list":["post"],"yoast_head":" \n<title>Sonora en Equipo. INE hace reajuste presupuestal tras recorte de 870 mdp\u00a0 ordenado por la C\u00e1mara de Diputados Rep\u00fablica<\/title>\n<meta name=\"description\" content=\"&nbsp; &nbsp; &nbsp; CIUDAD DE M\u00c9XICO.\u2500 El Consejo General del Instituto Nacional Electoral (INE) aprob\u00f3 ajustes a su presupuesto para el ejercicio 2021, En Sonora en Equipo publicamos toda la informaci\u00f3n de Sonora, M\u00e9xico y el Mundo de manera oportuna y busca que la libertad de expresi\u00f3n sea real. Visita nuestro medio informativo publicado desde Hermosillo, Sonora. %\" \/>\n<meta name=\"robots\" content=\"index, follow, max-snippet:-1, max-image-preview:large, max-video-preview:-1\" \/>\n<link rel=\"canonical\" href=\"https:\/\/www.sonoraenequipo.com.mx\/ine-hace-reajuste-presupuestal-tras-recorte-de-870-mdp-ordenado-por-la-camara-de-diputados\/\" \/>\n<meta property=\"og:locale\" content=\"es_ES\" \/>\n<meta property=\"og:type\" content=\"article\" \/>\n<meta property=\"og:title\" content=\"Sonora en Equipo. INE hace reajuste presupuestal tras recorte de 870 mdp\u00a0 ordenado por la C\u00e1mara de Diputados Rep\u00fablica\" \/>\n<meta property=\"og:description\" content=\"&nbsp; &nbsp; &nbsp; CIUDAD DE M\u00c9XICO.\u2500 El Consejo General del Instituto Nacional Electoral (INE) aprob\u00f3 ajustes a su presupuesto para el ejercicio 2021, En Sonora en Equipo publicamos toda la informaci\u00f3n de Sonora, M\u00e9xico y el Mundo de manera oportuna y busca que la libertad de expresi\u00f3n sea real. Visita nuestro medio informativo publicado desde Hermosillo, Sonora. %\" \/>\n<meta property=\"og:url\" content=\"https:\/\/www.sonoraenequipo.com.mx\/ine-hace-reajuste-presupuestal-tras-recorte-de-870-mdp-ordenado-por-la-camara-de-diputados\/\" \/>\n<meta property=\"og:site_name\" content=\"Sonora en Equipo.\" \/>\n<meta property=\"article:publisher\" content=\"https:\/\/www.facebook.com\/SonoraEE\/\" \/>\n<meta property=\"article:author\" content=\"https:\/\/www.facebook.com\/SonoraEE\" \/>\n<meta property=\"article:published_time\" content=\"2020-12-08T23:05:13+00:00\" \/>\n<meta property=\"og:image\" content=\"https:\/\/www.sonoraenequipo.com.mx\/storage\/2020\/12\/recorte-ine.jpg\" \/>\n\t<meta property=\"og:image:width\" content=\"600\" \/>\n\t<meta property=\"og:image:height\" content=\"400\" \/>\n\t<meta property=\"og:image:type\" content=\"image\/jpeg\" \/>\n<meta name=\"author\" content=\"enequipo\" \/>\n<meta name=\"twitter:card\" content=\"summary_large_image\" \/>\n<meta name=\"twitter:creator\" content=\"@sonoraenequipo\" \/>\n<meta name=\"twitter:site\" content=\"@sonoraenequipo\" \/>\n<meta name=\"twitter:label1\" content=\"Escrito por\" \/>\n\t<meta name=\"twitter:data1\" content=\"enequipo\" \/>\n\t<meta name=\"twitter:label2\" content=\"Tiempo de lectura\" \/>\n\t<meta name=\"twitter:data2\" content=\"5 minutos\" \/>\n<script type=\"application\/ld+json\" class=\"yoast-schema-graph\">{\"@context\":\"https:\/\/schema.org\",\"@graph\":[{\"@type\":\"Article\",\"@id\":\"https:\/\/www.sonoraenequipo.com.mx\/ine-hace-reajuste-presupuestal-tras-recorte-de-870-mdp-ordenado-por-la-camara-de-diputados\/#article\",\"isPartOf\":{\"@id\":\"https:\/\/www.sonoraenequipo.com.mx\/ine-hace-reajuste-presupuestal-tras-recorte-de-870-mdp-ordenado-por-la-camara-de-diputados\/\"},\"author\":{\"name\":\"enequipo\",\"@id\":\"https:\/\/www.sonoraenequipo.com.mx\/#\/schema\/person\/50102df0fb23a8fa9e8effad8fa81386\"},\"headline\":\"INE hace reajuste presupuestal tras recorte de 870 mdp\u00a0 ordenado por la C\u00e1mara de Diputados\",\"datePublished\":\"2020-12-08T23:05:13+00:00\",\"mainEntityOfPage\":{\"@id\":\"https:\/\/www.sonoraenequipo.com.mx\/ine-hace-reajuste-presupuestal-tras-recorte-de-870-mdp-ordenado-por-la-camara-de-diputados\/\"},\"wordCount\":991,\"commentCount\":0,\"publisher\":{\"@id\":\"https:\/\/www.sonoraenequipo.com.mx\/#organization\"},\"image\":{\"@id\":\"https:\/\/www.sonoraenequipo.com.mx\/ine-hace-reajuste-presupuestal-tras-recorte-de-870-mdp-ordenado-por-la-camara-de-diputados\/#primaryimage\"},\"thumbnailUrl\":\"https:\/\/www.sonoraenequipo.com.mx\/storage\/2020\/12\/recorte-ine.jpg\",\"articleSection\":[\"Rep\u00fablica\"],\"inLanguage\":\"es\",\"potentialAction\":[{\"@type\":\"CommentAction\",\"name\":\"Comment\",\"target\":[\"https:\/\/www.sonoraenequipo.com.mx\/ine-hace-reajuste-presupuestal-tras-recorte-de-870-mdp-ordenado-por-la-camara-de-diputados\/#respond\"]}]},{\"@type\":\"WebPage\",\"@id\":\"https:\/\/www.sonoraenequipo.com.mx\/ine-hace-reajuste-presupuestal-tras-recorte-de-870-mdp-ordenado-por-la-camara-de-diputados\/\",\"url\":\"https:\/\/www.sonoraenequipo.com.mx\/ine-hace-reajuste-presupuestal-tras-recorte-de-870-mdp-ordenado-por-la-camara-de-diputados\/\",\"name\":\"Sonora en Equipo. INE hace reajuste presupuestal tras recorte de 870 mdp\u00a0 ordenado por la C\u00e1mara de Diputados Rep\u00fablica\",\"isPartOf\":{\"@id\":\"https:\/\/www.sonoraenequipo.com.mx\/#website\"},\"primaryImageOfPage\":{\"@id\":\"https:\/\/www.sonoraenequipo.com.mx\/ine-hace-reajuste-presupuestal-tras-recorte-de-870-mdp-ordenado-por-la-camara-de-diputados\/#primaryimage\"},\"image\":{\"@id\":\"https:\/\/www.sonoraenequipo.com.mx\/ine-hace-reajuste-presupuestal-tras-recorte-de-870-mdp-ordenado-por-la-camara-de-diputados\/#primaryimage\"},\"thumbnailUrl\":\"https:\/\/www.sonoraenequipo.com.mx\/storage\/2020\/12\/recorte-ine.jpg\",\"datePublished\":\"2020-12-08T23:05:13+00:00\",\"description\":\"&nbsp; &nbsp; &nbsp; CIUDAD DE M\u00c9XICO.\u2500 El Consejo General del Instituto Nacional Electoral (INE) aprob\u00f3 ajustes a su presupuesto para el ejercicio 2021, En Sonora en Equipo publicamos toda la informaci\u00f3n de Sonora, M\u00e9xico y el Mundo de manera oportuna y busca que la libertad de expresi\u00f3n sea real. Visita nuestro medio informativo publicado desde Hermosillo, Sonora. %\",\"breadcrumb\":{\"@id\":\"https:\/\/www.sonoraenequipo.com.mx\/ine-hace-reajuste-presupuestal-tras-recorte-de-870-mdp-ordenado-por-la-camara-de-diputados\/#breadcrumb\"},\"inLanguage\":\"es\",\"potentialAction\":[{\"@type\":\"ReadAction\",\"target\":[\"https:\/\/www.sonoraenequipo.com.mx\/ine-hace-reajuste-presupuestal-tras-recorte-de-870-mdp-ordenado-por-la-camara-de-diputados\/\"]}]},{\"@type\":\"ImageObject\",\"inLanguage\":\"es\",\"@id\":\"https:\/\/www.sonoraenequipo.com.mx\/ine-hace-reajuste-presupuestal-tras-recorte-de-870-mdp-ordenado-por-la-camara-de-diputados\/#primaryimage\",\"url\":\"https:\/\/www.sonoraenequipo.com.mx\/storage\/2020\/12\/recorte-ine.jpg\",\"contentUrl\":\"https:\/\/www.sonoraenequipo.com.mx\/storage\/2020\/12\/recorte-ine.jpg\",\"width\":600,\"height\":400},{\"@type\":\"BreadcrumbList\",\"@id\":\"https:\/\/www.sonoraenequipo.com.mx\/ine-hace-reajuste-presupuestal-tras-recorte-de-870-mdp-ordenado-por-la-camara-de-diputados\/#breadcrumb\",\"itemListElement\":[{\"@type\":\"ListItem\",\"position\":1,\"name\":\"Portada\",\"item\":\"https:\/\/www.sonoraenequipo.com.mx\/\"},{\"@type\":\"ListItem\",\"position\":2,\"name\":\"INE hace reajuste presupuestal tras recorte de 870 mdp\u00a0 ordenado por la C\u00e1mara de Diputados\"}]},{\"@type\":\"WebSite\",\"@id\":\"https:\/\/www.sonoraenequipo.com.mx\/#website\",\"url\":\"https:\/\/www.sonoraenequipo.com.mx\/\",\"name\":\"Sonora en Equipo.\",\"description\":\"Diario en l\u00ednea con Noticias desde Hermosillo, Sonora\",\"publisher\":{\"@id\":\"https:\/\/www.sonoraenequipo.com.mx\/#organization\"},\"potentialAction\":[{\"@type\":\"SearchAction\",\"target\":{\"@type\":\"EntryPoint\",\"urlTemplate\":\"https:\/\/www.sonoraenequipo.com.mx\/?s={search_term_string}\"},\"query-input\":{\"@type\":\"PropertyValueSpecification\",\"valueRequired\":true,\"valueName\":\"search_term_string\"}}],\"inLanguage\":\"es\"},{\"@type\":\"Organization\",\"@id\":\"https:\/\/www.sonoraenequipo.com.mx\/#organization\",\"name\":\"Sonoraenequipo.com.mx\",\"url\":\"https:\/\/www.sonoraenequipo.com.mx\/\",\"logo\":{\"@type\":\"ImageObject\",\"inLanguage\":\"es\",\"@id\":\"https:\/\/www.sonoraenequipo.com.mx\/#\/schema\/logo\/image\/\",\"url\":\"https:\/\/www.sonoraenequipo.com.mx\/storage\/2019\/01\/sonoraenequipo_opt.png\",\"contentUrl\":\"https:\/\/www.sonoraenequipo.com.mx\/storage\/2019\/01\/sonoraenequipo_opt.png\",\"width\":375,\"height\":125,\"caption\":\"Sonoraenequipo.com.mx\"},\"image\":{\"@id\":\"https:\/\/www.sonoraenequipo.com.mx\/#\/schema\/logo\/image\/\"},\"sameAs\":[\"https:\/\/www.facebook.com\/SonoraEE\/\",\"https:\/\/x.com\/sonoraenequipo\",\"https:\/\/www.youtube.com\/channel\/UC338nW-lPEYmJQs4ZABQ1SQ\"]},{\"@type\":\"Person\",\"@id\":\"https:\/\/www.sonoraenequipo.com.mx\/#\/schema\/person\/50102df0fb23a8fa9e8effad8fa81386\",\"name\":\"enequipo\",\"image\":{\"@type\":\"ImageObject\",\"inLanguage\":\"es\",\"@id\":\"https:\/\/www.sonoraenequipo.com.mx\/#\/schema\/person\/image\/\",\"url\":\"https:\/\/secure.gravatar.com\/avatar\/049821681b589dabc0bc20695993ccebb09f5b5d4d790cd9251b97faac7c652b?s=96&d=blank&r=g\",\"contentUrl\":\"https:\/\/secure.gravatar.com\/avatar\/049821681b589dabc0bc20695993ccebb09f5b5d4d790cd9251b97faac7c652b?s=96&d=blank&r=g\",\"caption\":\"enequipo\"},\"sameAs\":[\"https:\/\/www.facebook.com\/SonoraEE\"]}]}<\/script>\n ","yoast_head_json":{"title":"Sonora en Equipo. INE hace reajuste presupuestal tras recorte de 870 mdp\u00a0 ordenado por la C\u00e1mara de Diputados Rep\u00fablica","description":"&nbsp; &nbsp; &nbsp; CIUDAD DE M\u00c9XICO.\u2500 El Consejo General del Instituto Nacional Electoral (INE) aprob\u00f3 ajustes a su presupuesto para el ejercicio 2021, En Sonora en Equipo publicamos toda la informaci\u00f3n de Sonora, M\u00e9xico y el Mundo de manera oportuna y busca que la libertad de expresi\u00f3n sea real. Visita nuestro medio informativo publicado desde Hermosillo, Sonora. %","robots":{"index":"index","follow":"follow","max-snippet":"max-snippet:-1","max-image-preview":"max-image-preview:large","max-video-preview":"max-video-preview:-1"},"canonical":"https:\/\/www.sonoraenequipo.com.mx\/ine-hace-reajuste-presupuestal-tras-recorte-de-870-mdp-ordenado-por-la-camara-de-diputados\/","og_locale":"es_ES","og_type":"article","og_title":"Sonora en Equipo. INE hace reajuste presupuestal tras recorte de 870 mdp\u00a0 ordenado por la C\u00e1mara de Diputados Rep\u00fablica","og_description":"&nbsp; &nbsp; &nbsp; CIUDAD DE M\u00c9XICO.\u2500 El Consejo General del Instituto Nacional Electoral (INE) aprob\u00f3 ajustes a su presupuesto para el ejercicio 2021, En Sonora en Equipo publicamos toda la informaci\u00f3n de Sonora, M\u00e9xico y el Mundo de manera oportuna y busca que la libertad de expresi\u00f3n sea real. Visita nuestro medio informativo publicado desde Hermosillo, Sonora. %","og_url":"https:\/\/www.sonoraenequipo.com.mx\/ine-hace-reajuste-presupuestal-tras-recorte-de-870-mdp-ordenado-por-la-camara-de-diputados\/","og_site_name":"Sonora en Equipo.","article_publisher":"https:\/\/www.facebook.com\/SonoraEE\/","article_author":"https:\/\/www.facebook.com\/SonoraEE","article_published_time":"2020-12-08T23:05:13+00:00","og_image":[{"width":600,"height":400,"url":"https:\/\/www.sonoraenequipo.com.mx\/storage\/2020\/12\/recorte-ine.jpg","type":"image\/jpeg"}],"author":"enequipo","twitter_card":"summary_large_image","twitter_creator":"@sonoraenequipo","twitter_site":"@sonoraenequipo","twitter_misc":{"Escrito por":"enequipo","Tiempo de lectura":"5 minutos"},"schema":{"@context":"https:\/\/schema.org","@graph":[{"@type":"Article","@id":"https:\/\/www.sonoraenequipo.com.mx\/ine-hace-reajuste-presupuestal-tras-recorte-de-870-mdp-ordenado-por-la-camara-de-diputados\/#article","isPartOf":{"@id":"https:\/\/www.sonoraenequipo.com.mx\/ine-hace-reajuste-presupuestal-tras-recorte-de-870-mdp-ordenado-por-la-camara-de-diputados\/"},"author":{"name":"enequipo","@id":"https:\/\/www.sonoraenequipo.com.mx\/#\/schema\/person\/50102df0fb23a8fa9e8effad8fa81386"},"headline":"INE hace reajuste presupuestal tras recorte de 870 mdp\u00a0 ordenado por la C\u00e1mara de Diputados","datePublished":"2020-12-08T23:05:13+00:00","mainEntityOfPage":{"@id":"https:\/\/www.sonoraenequipo.com.mx\/ine-hace-reajuste-presupuestal-tras-recorte-de-870-mdp-ordenado-por-la-camara-de-diputados\/"},"wordCount":991,"commentCount":0,"publisher":{"@id":"https:\/\/www.sonoraenequipo.com.mx\/#organization"},"image":{"@id":"https:\/\/www.sonoraenequipo.com.mx\/ine-hace-reajuste-presupuestal-tras-recorte-de-870-mdp-ordenado-por-la-camara-de-diputados\/#primaryimage"},"thumbnailUrl":"https:\/\/www.sonoraenequipo.com.mx\/storage\/2020\/12\/recorte-ine.jpg","articleSection":["Rep\u00fablica"],"inLanguage":"es","potentialAction":[{"@type":"CommentAction","name":"Comment","target":["https:\/\/www.sonoraenequipo.com.mx\/ine-hace-reajuste-presupuestal-tras-recorte-de-870-mdp-ordenado-por-la-camara-de-diputados\/#respond"]}]},{"@type":"WebPage","@id":"https:\/\/www.sonoraenequipo.com.mx\/ine-hace-reajuste-presupuestal-tras-recorte-de-870-mdp-ordenado-por-la-camara-de-diputados\/","url":"https:\/\/www.sonoraenequipo.com.mx\/ine-hace-reajuste-presupuestal-tras-recorte-de-870-mdp-ordenado-por-la-camara-de-diputados\/","name":"Sonora en Equipo. INE hace reajuste presupuestal tras recorte de 870 mdp\u00a0 ordenado por la C\u00e1mara de Diputados Rep\u00fablica","isPartOf":{"@id":"https:\/\/www.sonoraenequipo.com.mx\/#website"},"primaryImageOfPage":{"@id":"https:\/\/www.sonoraenequipo.com.mx\/ine-hace-reajuste-presupuestal-tras-recorte-de-870-mdp-ordenado-por-la-camara-de-diputados\/#primaryimage"},"image":{"@id":"https:\/\/www.sonoraenequipo.com.mx\/ine-hace-reajuste-presupuestal-tras-recorte-de-870-mdp-ordenado-por-la-camara-de-diputados\/#primaryimage"},"thumbnailUrl":"https:\/\/www.sonoraenequipo.com.mx\/storage\/2020\/12\/recorte-ine.jpg","datePublished":"2020-12-08T23:05:13+00:00","description":"&nbsp; &nbsp; &nbsp; CIUDAD DE M\u00c9XICO.\u2500 El Consejo General del Instituto Nacional Electoral (INE) aprob\u00f3 ajustes a su presupuesto para el ejercicio 2021, En Sonora en Equipo publicamos toda la informaci\u00f3n de Sonora, M\u00e9xico y el Mundo de manera oportuna y busca que la libertad de expresi\u00f3n sea real. Visita nuestro medio informativo publicado desde Hermosillo, Sonora. %","breadcrumb":{"@id":"https:\/\/www.sonoraenequipo.com.mx\/ine-hace-reajuste-presupuestal-tras-recorte-de-870-mdp-ordenado-por-la-camara-de-diputados\/#breadcrumb"},"inLanguage":"es","potentialAction":[{"@type":"ReadAction","target":["https:\/\/www.sonoraenequipo.com.mx\/ine-hace-reajuste-presupuestal-tras-recorte-de-870-mdp-ordenado-por-la-camara-de-diputados\/"]}]},{"@type":"ImageObject","inLanguage":"es","@id":"https:\/\/www.sonoraenequipo.com.mx\/ine-hace-reajuste-presupuestal-tras-recorte-de-870-mdp-ordenado-por-la-camara-de-diputados\/#primaryimage","url":"https:\/\/www.sonoraenequipo.com.mx\/storage\/2020\/12\/recorte-ine.jpg","contentUrl":"https:\/\/www.sonoraenequipo.com.mx\/storage\/2020\/12\/recorte-ine.jpg","width":600,"height":400},{"@type":"BreadcrumbList","@id":"https:\/\/www.sonoraenequipo.com.mx\/ine-hace-reajuste-presupuestal-tras-recorte-de-870-mdp-ordenado-por-la-camara-de-diputados\/#breadcrumb","itemListElement":[{"@type":"ListItem","position":1,"name":"Portada","item":"https:\/\/www.sonoraenequipo.com.mx\/"},{"@type":"ListItem","position":2,"name":"INE hace reajuste presupuestal tras recorte de 870 mdp\u00a0 ordenado por la C\u00e1mara de Diputados"}]},{"@type":"WebSite","@id":"https:\/\/www.sonoraenequipo.com.mx\/#website","url":"https:\/\/www.sonoraenequipo.com.mx\/","name":"Sonora en Equipo.","description":"Diario en l\u00ednea con Noticias desde Hermosillo, Sonora","publisher":{"@id":"https:\/\/www.sonoraenequipo.com.mx\/#organization"},"potentialAction":[{"@type":"SearchAction","target":{"@type":"EntryPoint","urlTemplate":"https:\/\/www.sonoraenequipo.com.mx\/?s={search_term_string}"},"query-input":{"@type":"PropertyValueSpecification","valueRequired":true,"valueName":"search_term_string"}}],"inLanguage":"es"},{"@type":"Organization","@id":"https:\/\/www.sonoraenequipo.com.mx\/#organization","name":"Sonoraenequipo.com.mx","url":"https:\/\/www.sonoraenequipo.com.mx\/","logo":{"@type":"ImageObject","inLanguage":"es","@id":"https:\/\/www.sonoraenequipo.com.mx\/#\/schema\/logo\/image\/","url":"https:\/\/www.sonoraenequipo.com.mx\/storage\/2019\/01\/sonoraenequipo_opt.png","contentUrl":"https:\/\/www.sonoraenequipo.com.mx\/storage\/2019\/01\/sonoraenequipo_opt.png","width":375,"height":125,"caption":"Sonoraenequipo.com.mx"},"image":{"@id":"https:\/\/www.sonoraenequipo.com.mx\/#\/schema\/logo\/image\/"},"sameAs":["https:\/\/www.facebook.com\/SonoraEE\/","https:\/\/x.com\/sonoraenequipo","https:\/\/www.youtube.com\/channel\/UC338nW-lPEYmJQs4ZABQ1SQ"]},{"@type":"Person","@id":"https:\/\/www.sonoraenequipo.com.mx\/#\/schema\/person\/50102df0fb23a8fa9e8effad8fa81386","name":"enequipo","image":{"@type":"ImageObject","inLanguage":"es","@id":"https:\/\/www.sonoraenequipo.com.mx\/#\/schema\/person\/image\/","url":"https:\/\/secure.gravatar.com\/avatar\/049821681b589dabc0bc20695993ccebb09f5b5d4d790cd9251b97faac7c652b?s=96&d=blank&r=g","contentUrl":"https:\/\/secure.gravatar.com\/avatar\/049821681b589dabc0bc20695993ccebb09f5b5d4d790cd9251b97faac7c652b?s=96&d=blank&r=g","caption":"enequipo"},"sameAs":["https:\/\/www.facebook.com\/SonoraEE"]}]}},"jetpack_featured_media_url":"https:\/\/www.sonoraenequipo.com.mx\/storage\/2020\/12\/recorte-ine.jpg","_links":{"self":[{"href":"https:\/\/www.sonoraenequipo.com.mx\/api\/wp\/v2\/posts\/102244","targetHints":{"allow":["GET"]}}],"collection":[{"href":"https:\/\/www.sonoraenequipo.com.mx\/api\/wp\/v2\/posts"}],"about":[{"href":"https:\/\/www.sonoraenequipo.com.mx\/api\/wp\/v2\/types\/post"}],"author":[{"embeddable":true,"href":"https:\/\/www.sonoraenequipo.com.mx\/api\/wp\/v2\/users\/1"}],"replies":[{"embeddable":true,"href":"https:\/\/www.sonoraenequipo.com.mx\/api\/wp\/v2\/comments?post=102244"}],"version-history":[{"count":1,"href":"https:\/\/www.sonoraenequipo.com.mx\/api\/wp\/v2\/posts\/102244\/revisions"}],"predecessor-version":[{"id":102247,"href":"https:\/\/www.sonoraenequipo.com.mx\/api\/wp\/v2\/posts\/102244\/revisions\/102247"}],"wp:featuredmedia":[{"embeddable":true,"href":"https:\/\/www.sonoraenequipo.com.mx\/api\/wp\/v2\/media\/102246"}],"wp:attachment":[{"href":"https:\/\/www.sonoraenequipo.com.mx\/api\/wp\/v2\/media?parent=102244"}],"wp:term":[{"taxonomy":"category","embeddable":true,"href":"https:\/\/www.sonoraenequipo.com.mx\/api\/wp\/v2\/categories?post=102244"},{"taxonomy":"post_tag","embeddable":true,"href":"https:\/\/www.sonoraenequipo.com.mx\/api\/wp\/v2\/tags?post=102244"}],"curies":[{"name":"wp","href":"https:\/\/api.w.org\/{rel}","templated":true}]}}