{"id":102254,"date":"2020-12-08T19:14:10","date_gmt":"2020-12-09T02:14:10","guid":{"rendered":"https:\/\/www.sonoraenequipo.com.mx\/?p=102254"},"modified":"2020-12-08T19:14:10","modified_gmt":"2020-12-09T02:14:10","slug":"se-registra-juan-bautista-lagarda-como-aspirante-a-rector-de-la-universidad-de-sonora","status":"publish","type":"post","link":"https:\/\/www.sonoraenequipo.com.mx\/se-registra-juan-bautista-lagarda-como-aspirante-a-rector-de-la-universidad-de-sonora\/","title":{"rendered":"Se registra Juan Bautista Lagarda como aspirante a rector de la Universidad de Sonora"},"content":{"rendered":"<p>HERMOSILLO,SONORA,MX.&#8211;De acuerdo con lo establecido por la convocatoria emitida por la Junta Universitaria para el Proceso de Nombramiento de Rector para el periodo 2021-2025, el lunes 7 de diciembre se registr\u00f3 Juan Bautista Lagarda Mu\u00f1oz, como aspirante a ocupar el mencionado cargo.<\/p>\n<p>Lagarda Mu\u00f1oz es el primer aspirante en registrarse y atender la citada convocatoria. Es m\u00e9dico traumat\u00f3logo y ortopedista por el Centro M\u00e9dico Nacional Siglo XXI y la Universidad Nacional Aut\u00f3noma de M\u00e9xico (UNAM), cuenta con una maestr\u00eda en Administraci\u00f3n por la Universidad de Sonora, y una especialidad en Medicina Aeroespacial por la UNAM y el Consejo Mexicano de Medicina Aeroespacial.<\/p>\n<p>Fue docente por contrato determinado del Departamento de Medicina y Ciencias de la Salud hasta el 14 de agosto de 2010 acumulando una antig\u00fcedad de nueve a\u00f1os y cuatro meses, tiempo en el cual imparti\u00f3 la materia de Anatom\u00eda humana, tambi\u00e9n se ha desempe\u00f1ado en el sector p\u00fablico y privado como m\u00e9dico, es presidente y director general de la Fundaci\u00f3n Universitaria de Gerontolog\u00eda.<\/p>\n<p>Con el registro de Lagarda Mu\u00f1oz inici\u00f3 la primera parte del proceso de Nombramiento de Rector de la Universidad de Sonora y con base en lo estipulado en las bases del numeral 1 de la convocatoria para el Proceso de Nombramiento de Rector de la Universidad de Sonora, la fase de registro estar\u00e1 abierta hasta el 11 de diciembre pr\u00f3ximo, en horario de 9:00 a 14:00 horas.<\/p>\n<p>En atenci\u00f3n a las recomendaciones de la autoridad sanitaria y el principio de privilegiar el bienestar de los integrantes de la comunidad universitaria, la Junta Universitaria acord\u00f3 realizar la etapa de registro de aspirantes en formato virtual a trav\u00e9s de la plataforma Zoom.<\/p>\n<p>A fin de brindar mayor atenci\u00f3n, se recomienda a los aspirantes interesados solicitar cita para registro al correo electr\u00f3nico junta.universitaria@unison.mx momento en el cual se les proporcionar\u00e1n los detalles necesarios para efectuar la sesi\u00f3n virtual de registro, la entrega del expediente en f\u00edsico y memoria USB.<\/p>\n<p>La convocatoria del proceso puede consultarse en el sitio <a href=\"https:\/\/procesorector.unison.mx\">https:\/\/procesorector.unison.mx<\/a><\/p>\n<p>Fecha de\u00a0 publicaci\u00f3n 08 \/dic\/2020<\/p>\n","protected":false},"excerpt":{"rendered":"<p>HERMOSILLO,SONORA,MX.&#8211;De acuerdo con lo establecido por la convocatoria emitida por la Junta Universitaria para el&#8230;<\/p>\n","protected":false},"author":1,"featured_media":102255,"comment_status":"open","ping_status":"open","sticky":false,"template":"","format":"standard","meta":{"_monsterinsights_skip_tracking":false,"_monsterinsights_sitenote_active":false,"_monsterinsights_sitenote_note":"","_monsterinsights_sitenote_category":0,"footnotes":""},"categories":[22],"tags":[2778,63],"class_list":["post"],"yoast_head":" \n<title>Sonora en Equipo. Se registra Juan Bautista Lagarda como aspirante a rector de la Universidad de Sonora Sonora<\/title>\n<meta name=\"description\" content=\"HERMOSILLO,SONORA,MX.--De acuerdo con lo establecido por la convocatoria emitida por la Junta Universitaria para el Proceso de Nombramiento de Rector para En Sonora en Equipo publicamos toda la informaci\u00f3n de Sonora, M\u00e9xico y el Mundo de manera oportuna y busca que la libertad de expresi\u00f3n sea real. Visita nuestro medio informativo publicado desde Hermosillo, Sonora. %\" \/>\n<meta name=\"robots\" content=\"index, follow, max-snippet:-1, max-image-preview:large, max-video-preview:-1\" \/>\n<link rel=\"canonical\" href=\"https:\/\/www.sonoraenequipo.com.mx\/se-registra-juan-bautista-lagarda-como-aspirante-a-rector-de-la-universidad-de-sonora\/\" \/>\n<meta property=\"og:locale\" content=\"es_ES\" \/>\n<meta property=\"og:type\" content=\"article\" \/>\n<meta property=\"og:title\" content=\"Sonora en Equipo. Se registra Juan Bautista Lagarda como aspirante a rector de la Universidad de Sonora Sonora\" \/>\n<meta property=\"og:description\" content=\"HERMOSILLO,SONORA,MX.--De acuerdo con lo establecido por la convocatoria emitida por la Junta Universitaria para el Proceso de Nombramiento de Rector para En Sonora en Equipo publicamos toda la informaci\u00f3n de Sonora, M\u00e9xico y el Mundo de manera oportuna y busca que la libertad de expresi\u00f3n sea real. Visita nuestro medio informativo publicado desde Hermosillo, Sonora. %\" \/>\n<meta property=\"og:url\" content=\"https:\/\/www.sonoraenequipo.com.mx\/se-registra-juan-bautista-lagarda-como-aspirante-a-rector-de-la-universidad-de-sonora\/\" \/>\n<meta property=\"og:site_name\" content=\"Sonora en Equipo.\" \/>\n<meta property=\"article:publisher\" content=\"https:\/\/www.facebook.com\/SonoraEE\/\" \/>\n<meta property=\"article:author\" content=\"https:\/\/www.facebook.com\/SonoraEE\" \/>\n<meta property=\"article:published_time\" content=\"2020-12-09T02:14:10+00:00\" \/>\n<meta property=\"og:image\" content=\"https:\/\/www.sonoraenequipo.com.mx\/storage\/2020\/12\/procesorector.jpg\" \/>\n\t<meta property=\"og:image:width\" content=\"600\" \/>\n\t<meta property=\"og:image:height\" content=\"375\" \/>\n\t<meta property=\"og:image:type\" content=\"image\/jpeg\" \/>\n<meta name=\"author\" content=\"enequipo\" \/>\n<meta name=\"twitter:card\" content=\"summary_large_image\" \/>\n<meta name=\"twitter:creator\" content=\"@sonoraenequipo\" \/>\n<meta name=\"twitter:site\" content=\"@sonoraenequipo\" \/>\n<meta name=\"twitter:label1\" content=\"Escrito por\" \/>\n\t<meta name=\"twitter:data1\" content=\"enequipo\" \/>\n\t<meta name=\"twitter:label2\" content=\"Tiempo de lectura\" \/>\n\t<meta name=\"twitter:data2\" content=\"2 minutos\" \/>\n<script type=\"application\/ld+json\" class=\"yoast-schema-graph\">{\"@context\":\"https:\/\/schema.org\",\"@graph\":[{\"@type\":\"Article\",\"@id\":\"https:\/\/www.sonoraenequipo.com.mx\/se-registra-juan-bautista-lagarda-como-aspirante-a-rector-de-la-universidad-de-sonora\/#article\",\"isPartOf\":{\"@id\":\"https:\/\/www.sonoraenequipo.com.mx\/se-registra-juan-bautista-lagarda-como-aspirante-a-rector-de-la-universidad-de-sonora\/\"},\"author\":{\"name\":\"enequipo\",\"@id\":\"https:\/\/www.sonoraenequipo.com.mx\/#\/schema\/person\/50102df0fb23a8fa9e8effad8fa81386\"},\"headline\":\"Se registra Juan Bautista Lagarda como aspirante a rector de la Universidad de Sonora\",\"datePublished\":\"2020-12-09T02:14:10+00:00\",\"mainEntityOfPage\":{\"@id\":\"https:\/\/www.sonoraenequipo.com.mx\/se-registra-juan-bautista-lagarda-como-aspirante-a-rector-de-la-universidad-de-sonora\/\"},\"wordCount\":379,\"commentCount\":0,\"publisher\":{\"@id\":\"https:\/\/www.sonoraenequipo.com.mx\/#organization\"},\"image\":{\"@id\":\"https:\/\/www.sonoraenequipo.com.mx\/se-registra-juan-bautista-lagarda-como-aspirante-a-rector-de-la-universidad-de-sonora\/#primaryimage\"},\"thumbnailUrl\":\"https:\/\/www.sonoraenequipo.com.mx\/storage\/2020\/12\/procesorector.jpg\",\"keywords\":[\"Rector\",\"UniSon\"],\"articleSection\":[\"Sonora\"],\"inLanguage\":\"es\",\"potentialAction\":[{\"@type\":\"CommentAction\",\"name\":\"Comment\",\"target\":[\"https:\/\/www.sonoraenequipo.com.mx\/se-registra-juan-bautista-lagarda-como-aspirante-a-rector-de-la-universidad-de-sonora\/#respond\"]}]},{\"@type\":\"WebPage\",\"@id\":\"https:\/\/www.sonoraenequipo.com.mx\/se-registra-juan-bautista-lagarda-como-aspirante-a-rector-de-la-universidad-de-sonora\/\",\"url\":\"https:\/\/www.sonoraenequipo.com.mx\/se-registra-juan-bautista-lagarda-como-aspirante-a-rector-de-la-universidad-de-sonora\/\",\"name\":\"Sonora en Equipo. Se registra Juan Bautista Lagarda como aspirante a rector de la Universidad de Sonora Sonora\",\"isPartOf\":{\"@id\":\"https:\/\/www.sonoraenequipo.com.mx\/#website\"},\"primaryImageOfPage\":{\"@id\":\"https:\/\/www.sonoraenequipo.com.mx\/se-registra-juan-bautista-lagarda-como-aspirante-a-rector-de-la-universidad-de-sonora\/#primaryimage\"},\"image\":{\"@id\":\"https:\/\/www.sonoraenequipo.com.mx\/se-registra-juan-bautista-lagarda-como-aspirante-a-rector-de-la-universidad-de-sonora\/#primaryimage\"},\"thumbnailUrl\":\"https:\/\/www.sonoraenequipo.com.mx\/storage\/2020\/12\/procesorector.jpg\",\"datePublished\":\"2020-12-09T02:14:10+00:00\",\"description\":\"HERMOSILLO,SONORA,MX.--De acuerdo con lo establecido por la convocatoria emitida por la Junta Universitaria para el Proceso de Nombramiento de Rector para En Sonora en Equipo publicamos toda la informaci\u00f3n de Sonora, M\u00e9xico y el Mundo de manera oportuna y busca que la libertad de expresi\u00f3n sea real. Visita nuestro medio informativo publicado desde Hermosillo, Sonora. %\",\"breadcrumb\":{\"@id\":\"https:\/\/www.sonoraenequipo.com.mx\/se-registra-juan-bautista-lagarda-como-aspirante-a-rector-de-la-universidad-de-sonora\/#breadcrumb\"},\"inLanguage\":\"es\",\"potentialAction\":[{\"@type\":\"ReadAction\",\"target\":[\"https:\/\/www.sonoraenequipo.com.mx\/se-registra-juan-bautista-lagarda-como-aspirante-a-rector-de-la-universidad-de-sonora\/\"]}]},{\"@type\":\"ImageObject\",\"inLanguage\":\"es\",\"@id\":\"https:\/\/www.sonoraenequipo.com.mx\/se-registra-juan-bautista-lagarda-como-aspirante-a-rector-de-la-universidad-de-sonora\/#primaryimage\",\"url\":\"https:\/\/www.sonoraenequipo.com.mx\/storage\/2020\/12\/procesorector.jpg\",\"contentUrl\":\"https:\/\/www.sonoraenequipo.com.mx\/storage\/2020\/12\/procesorector.jpg\",\"width\":600,\"height\":375},{\"@type\":\"BreadcrumbList\",\"@id\":\"https:\/\/www.sonoraenequipo.com.mx\/se-registra-juan-bautista-lagarda-como-aspirante-a-rector-de-la-universidad-de-sonora\/#breadcrumb\",\"itemListElement\":[{\"@type\":\"ListItem\",\"position\":1,\"name\":\"Portada\",\"item\":\"https:\/\/www.sonoraenequipo.com.mx\/\"},{\"@type\":\"ListItem\",\"position\":2,\"name\":\"Se registra Juan Bautista Lagarda como aspirante a rector de la Universidad de Sonora\"}]},{\"@type\":\"WebSite\",\"@id\":\"https:\/\/www.sonoraenequipo.com.mx\/#website\",\"url\":\"https:\/\/www.sonoraenequipo.com.mx\/\",\"name\":\"Sonora en Equipo.\",\"description\":\"Diario en l\u00ednea con Noticias desde Hermosillo, Sonora\",\"publisher\":{\"@id\":\"https:\/\/www.sonoraenequipo.com.mx\/#organization\"},\"potentialAction\":[{\"@type\":\"SearchAction\",\"target\":{\"@type\":\"EntryPoint\",\"urlTemplate\":\"https:\/\/www.sonoraenequipo.com.mx\/?s={search_term_string}\"},\"query-input\":{\"@type\":\"PropertyValueSpecification\",\"valueRequired\":true,\"valueName\":\"search_term_string\"}}],\"inLanguage\":\"es\"},{\"@type\":\"Organization\",\"@id\":\"https:\/\/www.sonoraenequipo.com.mx\/#organization\",\"name\":\"Sonoraenequipo.com.mx\",\"url\":\"https:\/\/www.sonoraenequipo.com.mx\/\",\"logo\":{\"@type\":\"ImageObject\",\"inLanguage\":\"es\",\"@id\":\"https:\/\/www.sonoraenequipo.com.mx\/#\/schema\/logo\/image\/\",\"url\":\"https:\/\/www.sonoraenequipo.com.mx\/storage\/2019\/01\/sonoraenequipo_opt.png\",\"contentUrl\":\"https:\/\/www.sonoraenequipo.com.mx\/storage\/2019\/01\/sonoraenequipo_opt.png\",\"width\":375,\"height\":125,\"caption\":\"Sonoraenequipo.com.mx\"},\"image\":{\"@id\":\"https:\/\/www.sonoraenequipo.com.mx\/#\/schema\/logo\/image\/\"},\"sameAs\":[\"https:\/\/www.facebook.com\/SonoraEE\/\",\"https:\/\/x.com\/sonoraenequipo\",\"https:\/\/www.youtube.com\/channel\/UC338nW-lPEYmJQs4ZABQ1SQ\"]},{\"@type\":\"Person\",\"@id\":\"https:\/\/www.sonoraenequipo.com.mx\/#\/schema\/person\/50102df0fb23a8fa9e8effad8fa81386\",\"name\":\"enequipo\",\"image\":{\"@type\":\"ImageObject\",\"inLanguage\":\"es\",\"@id\":\"https:\/\/www.sonoraenequipo.com.mx\/#\/schema\/person\/image\/\",\"url\":\"https:\/\/secure.gravatar.com\/avatar\/049821681b589dabc0bc20695993ccebb09f5b5d4d790cd9251b97faac7c652b?s=96&d=blank&r=g\",\"contentUrl\":\"https:\/\/secure.gravatar.com\/avatar\/049821681b589dabc0bc20695993ccebb09f5b5d4d790cd9251b97faac7c652b?s=96&d=blank&r=g\",\"caption\":\"enequipo\"},\"sameAs\":[\"https:\/\/www.facebook.com\/SonoraEE\"]}]}<\/script>\n ","yoast_head_json":{"title":"Sonora en Equipo. Se registra Juan Bautista Lagarda como aspirante a rector de la Universidad de Sonora Sonora","description":"HERMOSILLO,SONORA,MX.--De acuerdo con lo establecido por la convocatoria emitida por la Junta Universitaria para el Proceso de Nombramiento de Rector para En Sonora en Equipo publicamos toda la informaci\u00f3n de Sonora, M\u00e9xico y el Mundo de manera oportuna y busca que la libertad de expresi\u00f3n sea real. Visita nuestro medio informativo publicado desde Hermosillo, Sonora. %","robots":{"index":"index","follow":"follow","max-snippet":"max-snippet:-1","max-image-preview":"max-image-preview:large","max-video-preview":"max-video-preview:-1"},"canonical":"https:\/\/www.sonoraenequipo.com.mx\/se-registra-juan-bautista-lagarda-como-aspirante-a-rector-de-la-universidad-de-sonora\/","og_locale":"es_ES","og_type":"article","og_title":"Sonora en Equipo. Se registra Juan Bautista Lagarda como aspirante a rector de la Universidad de Sonora Sonora","og_description":"HERMOSILLO,SONORA,MX.--De acuerdo con lo establecido por la convocatoria emitida por la Junta Universitaria para el Proceso de Nombramiento de Rector para En Sonora en Equipo publicamos toda la informaci\u00f3n de Sonora, M\u00e9xico y el Mundo de manera oportuna y busca que la libertad de expresi\u00f3n sea real. Visita nuestro medio informativo publicado desde Hermosillo, Sonora. %","og_url":"https:\/\/www.sonoraenequipo.com.mx\/se-registra-juan-bautista-lagarda-como-aspirante-a-rector-de-la-universidad-de-sonora\/","og_site_name":"Sonora en Equipo.","article_publisher":"https:\/\/www.facebook.com\/SonoraEE\/","article_author":"https:\/\/www.facebook.com\/SonoraEE","article_published_time":"2020-12-09T02:14:10+00:00","og_image":[{"width":600,"height":375,"url":"https:\/\/www.sonoraenequipo.com.mx\/storage\/2020\/12\/procesorector.jpg","type":"image\/jpeg"}],"author":"enequipo","twitter_card":"summary_large_image","twitter_creator":"@sonoraenequipo","twitter_site":"@sonoraenequipo","twitter_misc":{"Escrito por":"enequipo","Tiempo de lectura":"2 minutos"},"schema":{"@context":"https:\/\/schema.org","@graph":[{"@type":"Article","@id":"https:\/\/www.sonoraenequipo.com.mx\/se-registra-juan-bautista-lagarda-como-aspirante-a-rector-de-la-universidad-de-sonora\/#article","isPartOf":{"@id":"https:\/\/www.sonoraenequipo.com.mx\/se-registra-juan-bautista-lagarda-como-aspirante-a-rector-de-la-universidad-de-sonora\/"},"author":{"name":"enequipo","@id":"https:\/\/www.sonoraenequipo.com.mx\/#\/schema\/person\/50102df0fb23a8fa9e8effad8fa81386"},"headline":"Se registra Juan Bautista Lagarda como aspirante a rector de la Universidad de Sonora","datePublished":"2020-12-09T02:14:10+00:00","mainEntityOfPage":{"@id":"https:\/\/www.sonoraenequipo.com.mx\/se-registra-juan-bautista-lagarda-como-aspirante-a-rector-de-la-universidad-de-sonora\/"},"wordCount":379,"commentCount":0,"publisher":{"@id":"https:\/\/www.sonoraenequipo.com.mx\/#organization"},"image":{"@id":"https:\/\/www.sonoraenequipo.com.mx\/se-registra-juan-bautista-lagarda-como-aspirante-a-rector-de-la-universidad-de-sonora\/#primaryimage"},"thumbnailUrl":"https:\/\/www.sonoraenequipo.com.mx\/storage\/2020\/12\/procesorector.jpg","keywords":["Rector","UniSon"],"articleSection":["Sonora"],"inLanguage":"es","potentialAction":[{"@type":"CommentAction","name":"Comment","target":["https:\/\/www.sonoraenequipo.com.mx\/se-registra-juan-bautista-lagarda-como-aspirante-a-rector-de-la-universidad-de-sonora\/#respond"]}]},{"@type":"WebPage","@id":"https:\/\/www.sonoraenequipo.com.mx\/se-registra-juan-bautista-lagarda-como-aspirante-a-rector-de-la-universidad-de-sonora\/","url":"https:\/\/www.sonoraenequipo.com.mx\/se-registra-juan-bautista-lagarda-como-aspirante-a-rector-de-la-universidad-de-sonora\/","name":"Sonora en Equipo. Se registra Juan Bautista Lagarda como aspirante a rector de la Universidad de Sonora Sonora","isPartOf":{"@id":"https:\/\/www.sonoraenequipo.com.mx\/#website"},"primaryImageOfPage":{"@id":"https:\/\/www.sonoraenequipo.com.mx\/se-registra-juan-bautista-lagarda-como-aspirante-a-rector-de-la-universidad-de-sonora\/#primaryimage"},"image":{"@id":"https:\/\/www.sonoraenequipo.com.mx\/se-registra-juan-bautista-lagarda-como-aspirante-a-rector-de-la-universidad-de-sonora\/#primaryimage"},"thumbnailUrl":"https:\/\/www.sonoraenequipo.com.mx\/storage\/2020\/12\/procesorector.jpg","datePublished":"2020-12-09T02:14:10+00:00","description":"HERMOSILLO,SONORA,MX.--De acuerdo con lo establecido por la convocatoria emitida por la Junta Universitaria para el Proceso de Nombramiento de Rector para En Sonora en Equipo publicamos toda la informaci\u00f3n de Sonora, M\u00e9xico y el Mundo de manera oportuna y busca que la libertad de expresi\u00f3n sea real. Visita nuestro medio informativo publicado desde Hermosillo, Sonora. %","breadcrumb":{"@id":"https:\/\/www.sonoraenequipo.com.mx\/se-registra-juan-bautista-lagarda-como-aspirante-a-rector-de-la-universidad-de-sonora\/#breadcrumb"},"inLanguage":"es","potentialAction":[{"@type":"ReadAction","target":["https:\/\/www.sonoraenequipo.com.mx\/se-registra-juan-bautista-lagarda-como-aspirante-a-rector-de-la-universidad-de-sonora\/"]}]},{"@type":"ImageObject","inLanguage":"es","@id":"https:\/\/www.sonoraenequipo.com.mx\/se-registra-juan-bautista-lagarda-como-aspirante-a-rector-de-la-universidad-de-sonora\/#primaryimage","url":"https:\/\/www.sonoraenequipo.com.mx\/storage\/2020\/12\/procesorector.jpg","contentUrl":"https:\/\/www.sonoraenequipo.com.mx\/storage\/2020\/12\/procesorector.jpg","width":600,"height":375},{"@type":"BreadcrumbList","@id":"https:\/\/www.sonoraenequipo.com.mx\/se-registra-juan-bautista-lagarda-como-aspirante-a-rector-de-la-universidad-de-sonora\/#breadcrumb","itemListElement":[{"@type":"ListItem","position":1,"name":"Portada","item":"https:\/\/www.sonoraenequipo.com.mx\/"},{"@type":"ListItem","position":2,"name":"Se registra Juan Bautista Lagarda como aspirante a rector de la Universidad de Sonora"}]},{"@type":"WebSite","@id":"https:\/\/www.sonoraenequipo.com.mx\/#website","url":"https:\/\/www.sonoraenequipo.com.mx\/","name":"Sonora en Equipo.","description":"Diario en l\u00ednea con Noticias desde Hermosillo, Sonora","publisher":{"@id":"https:\/\/www.sonoraenequipo.com.mx\/#organization"},"potentialAction":[{"@type":"SearchAction","target":{"@type":"EntryPoint","urlTemplate":"https:\/\/www.sonoraenequipo.com.mx\/?s={search_term_string}"},"query-input":{"@type":"PropertyValueSpecification","valueRequired":true,"valueName":"search_term_string"}}],"inLanguage":"es"},{"@type":"Organization","@id":"https:\/\/www.sonoraenequipo.com.mx\/#organization","name":"Sonoraenequipo.com.mx","url":"https:\/\/www.sonoraenequipo.com.mx\/","logo":{"@type":"ImageObject","inLanguage":"es","@id":"https:\/\/www.sonoraenequipo.com.mx\/#\/schema\/logo\/image\/","url":"https:\/\/www.sonoraenequipo.com.mx\/storage\/2019\/01\/sonoraenequipo_opt.png","contentUrl":"https:\/\/www.sonoraenequipo.com.mx\/storage\/2019\/01\/sonoraenequipo_opt.png","width":375,"height":125,"caption":"Sonoraenequipo.com.mx"},"image":{"@id":"https:\/\/www.sonoraenequipo.com.mx\/#\/schema\/logo\/image\/"},"sameAs":["https:\/\/www.facebook.com\/SonoraEE\/","https:\/\/x.com\/sonoraenequipo","https:\/\/www.youtube.com\/channel\/UC338nW-lPEYmJQs4ZABQ1SQ"]},{"@type":"Person","@id":"https:\/\/www.sonoraenequipo.com.mx\/#\/schema\/person\/50102df0fb23a8fa9e8effad8fa81386","name":"enequipo","image":{"@type":"ImageObject","inLanguage":"es","@id":"https:\/\/www.sonoraenequipo.com.mx\/#\/schema\/person\/image\/","url":"https:\/\/secure.gravatar.com\/avatar\/049821681b589dabc0bc20695993ccebb09f5b5d4d790cd9251b97faac7c652b?s=96&d=blank&r=g","contentUrl":"https:\/\/secure.gravatar.com\/avatar\/049821681b589dabc0bc20695993ccebb09f5b5d4d790cd9251b97faac7c652b?s=96&d=blank&r=g","caption":"enequipo"},"sameAs":["https:\/\/www.facebook.com\/SonoraEE"]}]}},"jetpack_featured_media_url":"https:\/\/www.sonoraenequipo.com.mx\/storage\/2020\/12\/procesorector.jpg","_links":{"self":[{"href":"https:\/\/www.sonoraenequipo.com.mx\/api\/wp\/v2\/posts\/102254","targetHints":{"allow":["GET"]}}],"collection":[{"href":"https:\/\/www.sonoraenequipo.com.mx\/api\/wp\/v2\/posts"}],"about":[{"href":"https:\/\/www.sonoraenequipo.com.mx\/api\/wp\/v2\/types\/post"}],"author":[{"embeddable":true,"href":"https:\/\/www.sonoraenequipo.com.mx\/api\/wp\/v2\/users\/1"}],"replies":[{"embeddable":true,"href":"https:\/\/www.sonoraenequipo.com.mx\/api\/wp\/v2\/comments?post=102254"}],"version-history":[{"count":1,"href":"https:\/\/www.sonoraenequipo.com.mx\/api\/wp\/v2\/posts\/102254\/revisions"}],"predecessor-version":[{"id":102256,"href":"https:\/\/www.sonoraenequipo.com.mx\/api\/wp\/v2\/posts\/102254\/revisions\/102256"}],"wp:featuredmedia":[{"embeddable":true,"href":"https:\/\/www.sonoraenequipo.com.mx\/api\/wp\/v2\/media\/102255"}],"wp:attachment":[{"href":"https:\/\/www.sonoraenequipo.com.mx\/api\/wp\/v2\/media?parent=102254"}],"wp:term":[{"taxonomy":"category","embeddable":true,"href":"https:\/\/www.sonoraenequipo.com.mx\/api\/wp\/v2\/categories?post=102254"},{"taxonomy":"post_tag","embeddable":true,"href":"https:\/\/www.sonoraenequipo.com.mx\/api\/wp\/v2\/tags?post=102254"}],"curies":[{"name":"wp","href":"https:\/\/api.w.org\/{rel}","templated":true}]}}