{"id":102342,"date":"2020-12-10T16:30:08","date_gmt":"2020-12-10T23:30:08","guid":{"rendered":"https:\/\/www.sonoraenequipo.com.mx\/?p=102342"},"modified":"2020-12-10T16:30:08","modified_gmt":"2020-12-10T23:30:08","slug":"proteccion-civil-exhorta-extremar-precauciones-por-bajas-temperaturas","status":"publish","type":"post","link":"https:\/\/www.sonoraenequipo.com.mx\/proteccion-civil-exhorta-extremar-precauciones-por-bajas-temperaturas\/","title":{"rendered":"Protecci\u00f3n Civil exhorta\u00a0 extremar precauciones por bajas temperaturas"},"content":{"rendered":"<p>HERMOSILLO, SONORA,MX.\u2500\u2500 Ante las bajas temperaturas que se esperan para los pr\u00f3ximos d\u00edas en la mayor parte de la entidad por la temporada invernal, la Secretar\u00eda de Gobierno, a trav\u00e9s de la Coordinaci\u00f3n Estatal de Protecci\u00f3n Civil (CEPC), exhorta a la poblaci\u00f3n en general para evitar situaciones de riesgo.<\/p>\n<p>&nbsp;<\/p>\n<p>Debido al uso de gel antiviral como parte de las medidas sanitarias contra el COVID-19, se debe de verificar que tenga un 70% de alcohol, no dejarlo al alcance de los ni\u00f1os y supervisar siempre su uso.<\/p>\n<p>&nbsp;<\/p>\n<p>Se debe evitar dejarlo en el veh\u00edculo, ya que las altas temperaturas pueden inflamarlo.<\/p>\n<p>&nbsp;<\/p>\n<p>Cuando se use gel, no deben de acercar las manos a una fuente de calor.<\/p>\n<p>&nbsp;<\/p>\n<p>Se recomienda tambi\u00e9n que al momento de cocinar es preferible lavarse las manos con agua y jab\u00f3n en lugar de usar el gel alcohol, para evitar una posible quemadura.<\/p>\n<p>&nbsp;<\/p>\n<p>As\u00ed tambi\u00e9n, no utilizar gel para limpiar las patas de la mascota tras un paseo, ya que las pueden lastimar, lo recomendable es hacerlo con agua y jab\u00f3n.<\/p>\n<p>&nbsp;<\/p>\n<p>Debido a las bajas temperaturas la poblaci\u00f3n utiliza sistemas de calefacci\u00f3n y se deber\u00e1n extremas medidas como evitar el uso de equipos de calefacci\u00f3n de gas LP, carb\u00f3n o madera en lugares cerrados y, en caso de cualquier incidente, solicitar apoyo inmediato al 911.<\/p>\n<p>&nbsp;<\/p>\n<p>Mantener una ventilaci\u00f3n adecuada en caso de usar alg\u00fan calefactor, horno, anafre, brasero, chimenea o calent\u00f3n, para evitar intoxicaciones por mon\u00f3xido de carbono; no encender anafres o braseros dentro de lugares cerrados o con mala ventilaci\u00f3n, procurar que los ni\u00f1os no se acerquen para evitar accidentes.<\/p>\n<p>&nbsp;<\/p>\n<p>Es de suma importancia permanecer informados a trav\u00e9s de los medios de comunicaci\u00f3n, sobre las condiciones meteorol\u00f3gicas dominantes en sus lugares de residencia o de los sitios que pretenda visitar. Establecer medidas de protecci\u00f3n para la ganader\u00eda y la agricultura en zonas rurales.<\/p>\n<p>&nbsp;<\/p>\n<p>Asimismo, conocer la ubicaci\u00f3n de refugios temporales y acudir a ellos en caso necesario o de acuerdo a las indicaciones de Protecci\u00f3n Civil.<\/p>\n<p>&nbsp;<\/p>\n<p>Ante condiciones de lluvia, nieve o niebla mantenerse seco, pues la humedad enfr\u00eda el cuerpo r\u00e1pidamente.<\/p>\n<p>&nbsp;<\/p>\n<p>Atender se\u00f1alamientos de tr\u00e1nsito al conducir en zonas de niebla y nieve, asegur\u00e1ndose de tener en buenas condiciones su veh\u00edculo.<\/p>\n<p>&nbsp;<\/p>\n<p>Se debe evitar la exposici\u00f3n a bajas temperaturas durante per\u00edodos prolongados. En los d\u00edas extremadamente fr\u00edos y\/o con vientos fuertes, limitar la cantidad de tiempo al aire libre, ya que las exposiciones prolongadas al aire fr\u00edo pueden producir hipotermia y en casos extremos congelaci\u00f3n.<\/p>\n<p>&nbsp;<\/p>\n<p>Protegerse de la radiaci\u00f3n solar con bloqueadores solares, asimismo, usar protectores labiales y cremas hidratantes para la piel, para evitar resequedad por la presencia de ambiente fr\u00edo y seco.<\/p>\n<p>&nbsp;<\/p>\n<p>Es muy importante abrigarse lo suficiente, preferentemente usando la t\u00e9cnica de cebolla (vestirse por capas) que permite que el aire circule libremente alrededor de su cuerpo, manteni\u00e9ndolo seco y atrapando el calor. Proteger rostro, cabeza, manos y orejas; al salir de un lugar caliente debes cubrirte boca y nariz para evitar aspirar el aire frio, ya que los cambios bruscos de temperatura pueden afectar el sistema respiratorio. No utilice doble media o calcet\u00edn ya que esto bloquea la circulaci\u00f3n, en su caso utilizar calcetines de lana.<\/p>\n<p>&nbsp;<\/p>\n<p>Se exhorta a la poblaci\u00f3n a colaborar con las autoridades, reportando la ubicaci\u00f3n de personas en alto riesgo. Adem\u00e1s es importante procurar especial cuidado con personas de la tercera edad, ni\u00f1os y enfermos, sectores altamente vulnerables a los efectos de esta temporada.<\/p>\n<p>&nbsp;<\/p>\n<p>En caso de alguna afectaci\u00f3n por fr\u00edo o padecimiento de alguna enfermedad, acudir a su unidad de salud o consultar a su m\u00e9dico.<\/p>\n<p>&nbsp;<\/p>\n<p>Alim\u00e9ntese sanamente en invierno procurando ingerir una mayor cantidad de calor\u00edas, vitaminas, l\u00edquidos (de preferencia tibios), frutas y nueces, manteniendo sus horarios de alimentaci\u00f3n. Consumir frutas y verduras ricas en vitaminas \u00abA\u00bb y \u00abC\u00bb.<\/p>\n<p>&nbsp;<\/p>\n<p>Para cualquier eventualidad, estar\u00e1n a disposici\u00f3n de la poblaci\u00f3n las 24 horas los tel\u00e9fonos de emergencia de su comunidad (9-1-1).<\/p>\n<p>Fecha de\u00a0 publicaci\u00f3n 10 \/dic\/2020<\/p>\n","protected":false},"excerpt":{"rendered":"<p>HERMOSILLO, SONORA,MX.\u2500\u2500 Ante las bajas temperaturas que se esperan para los pr\u00f3ximos d\u00edas en la&#8230;<\/p>\n","protected":false},"author":1,"featured_media":102343,"comment_status":"open","ping_status":"open","sticky":false,"template":"","format":"standard","meta":{"_monsterinsights_skip_tracking":false,"_monsterinsights_sitenote_active":false,"_monsterinsights_sitenote_note":"","_monsterinsights_sitenote_category":0,"footnotes":""},"categories":[22],"tags":[2978,15],"class_list":["post"],"yoast_head":" \n<title>Sonora en Equipo. Protecci\u00f3n Civil exhorta\u00a0 extremar precauciones por bajas temperaturas Sonora<\/title>\n<meta name=\"description\" content=\"HERMOSILLO, SONORA,MX.\u2500\u2500 Ante las bajas temperaturas que se esperan para los pr\u00f3ximos d\u00edas en la mayor parte de la entidad por la temporada invernal, la En Sonora en Equipo publicamos toda la informaci\u00f3n de Sonora, M\u00e9xico y el Mundo de manera oportuna y busca que la libertad de expresi\u00f3n sea real. Visita nuestro medio informativo publicado desde Hermosillo, Sonora. %\" \/>\n<meta name=\"robots\" content=\"index, follow, max-snippet:-1, max-image-preview:large, max-video-preview:-1\" \/>\n<link rel=\"canonical\" href=\"https:\/\/www.sonoraenequipo.com.mx\/proteccion-civil-exhorta-extremar-precauciones-por-bajas-temperaturas\/\" \/>\n<meta property=\"og:locale\" content=\"es_ES\" \/>\n<meta property=\"og:type\" content=\"article\" \/>\n<meta property=\"og:title\" content=\"Sonora en Equipo. Protecci\u00f3n Civil exhorta\u00a0 extremar precauciones por bajas temperaturas Sonora\" \/>\n<meta property=\"og:description\" content=\"HERMOSILLO, SONORA,MX.\u2500\u2500 Ante las bajas temperaturas que se esperan para los pr\u00f3ximos d\u00edas en la mayor parte de la entidad por la temporada invernal, la En Sonora en Equipo publicamos toda la informaci\u00f3n de Sonora, M\u00e9xico y el Mundo de manera oportuna y busca que la libertad de expresi\u00f3n sea real. Visita nuestro medio informativo publicado desde Hermosillo, Sonora. %\" \/>\n<meta property=\"og:url\" content=\"https:\/\/www.sonoraenequipo.com.mx\/proteccion-civil-exhorta-extremar-precauciones-por-bajas-temperaturas\/\" \/>\n<meta property=\"og:site_name\" content=\"Sonora en Equipo.\" \/>\n<meta property=\"article:publisher\" content=\"https:\/\/www.facebook.com\/SonoraEE\/\" \/>\n<meta property=\"article:author\" content=\"https:\/\/www.facebook.com\/SonoraEE\" \/>\n<meta property=\"article:published_time\" content=\"2020-12-10T23:30:08+00:00\" \/>\n<meta property=\"og:image\" content=\"https:\/\/www.sonoraenequipo.com.mx\/storage\/2020\/12\/frio.jpg\" \/>\n\t<meta property=\"og:image:width\" content=\"600\" \/>\n\t<meta property=\"og:image:height\" content=\"400\" \/>\n\t<meta property=\"og:image:type\" content=\"image\/jpeg\" \/>\n<meta name=\"author\" content=\"enequipo\" \/>\n<meta name=\"twitter:card\" content=\"summary_large_image\" \/>\n<meta name=\"twitter:creator\" content=\"@sonoraenequipo\" \/>\n<meta name=\"twitter:site\" content=\"@sonoraenequipo\" \/>\n<meta name=\"twitter:label1\" content=\"Escrito por\" \/>\n\t<meta name=\"twitter:data1\" content=\"enequipo\" \/>\n\t<meta name=\"twitter:label2\" content=\"Tiempo de lectura\" \/>\n\t<meta name=\"twitter:data2\" content=\"4 minutos\" \/>\n<script type=\"application\/ld+json\" class=\"yoast-schema-graph\">{\"@context\":\"https:\/\/schema.org\",\"@graph\":[{\"@type\":\"Article\",\"@id\":\"https:\/\/www.sonoraenequipo.com.mx\/proteccion-civil-exhorta-extremar-precauciones-por-bajas-temperaturas\/#article\",\"isPartOf\":{\"@id\":\"https:\/\/www.sonoraenequipo.com.mx\/proteccion-civil-exhorta-extremar-precauciones-por-bajas-temperaturas\/\"},\"author\":{\"name\":\"enequipo\",\"@id\":\"https:\/\/www.sonoraenequipo.com.mx\/#\/schema\/person\/50102df0fb23a8fa9e8effad8fa81386\"},\"headline\":\"Protecci\u00f3n Civil exhorta\u00a0 extremar precauciones por bajas temperaturas\",\"datePublished\":\"2020-12-10T23:30:08+00:00\",\"mainEntityOfPage\":{\"@id\":\"https:\/\/www.sonoraenequipo.com.mx\/proteccion-civil-exhorta-extremar-precauciones-por-bajas-temperaturas\/\"},\"wordCount\":738,\"commentCount\":0,\"publisher\":{\"@id\":\"https:\/\/www.sonoraenequipo.com.mx\/#organization\"},\"image\":{\"@id\":\"https:\/\/www.sonoraenequipo.com.mx\/proteccion-civil-exhorta-extremar-precauciones-por-bajas-temperaturas\/#primaryimage\"},\"thumbnailUrl\":\"https:\/\/www.sonoraenequipo.com.mx\/storage\/2020\/12\/frio.jpg\",\"keywords\":[\"clima\",\"Sonora\"],\"articleSection\":[\"Sonora\"],\"inLanguage\":\"es\",\"potentialAction\":[{\"@type\":\"CommentAction\",\"name\":\"Comment\",\"target\":[\"https:\/\/www.sonoraenequipo.com.mx\/proteccion-civil-exhorta-extremar-precauciones-por-bajas-temperaturas\/#respond\"]}]},{\"@type\":\"WebPage\",\"@id\":\"https:\/\/www.sonoraenequipo.com.mx\/proteccion-civil-exhorta-extremar-precauciones-por-bajas-temperaturas\/\",\"url\":\"https:\/\/www.sonoraenequipo.com.mx\/proteccion-civil-exhorta-extremar-precauciones-por-bajas-temperaturas\/\",\"name\":\"Sonora en Equipo. Protecci\u00f3n Civil exhorta\u00a0 extremar precauciones por bajas temperaturas Sonora\",\"isPartOf\":{\"@id\":\"https:\/\/www.sonoraenequipo.com.mx\/#website\"},\"primaryImageOfPage\":{\"@id\":\"https:\/\/www.sonoraenequipo.com.mx\/proteccion-civil-exhorta-extremar-precauciones-por-bajas-temperaturas\/#primaryimage\"},\"image\":{\"@id\":\"https:\/\/www.sonoraenequipo.com.mx\/proteccion-civil-exhorta-extremar-precauciones-por-bajas-temperaturas\/#primaryimage\"},\"thumbnailUrl\":\"https:\/\/www.sonoraenequipo.com.mx\/storage\/2020\/12\/frio.jpg\",\"datePublished\":\"2020-12-10T23:30:08+00:00\",\"description\":\"HERMOSILLO, SONORA,MX.\u2500\u2500 Ante las bajas temperaturas que se esperan para los pr\u00f3ximos d\u00edas en la mayor parte de la entidad por la temporada invernal, la En Sonora en Equipo publicamos toda la informaci\u00f3n de Sonora, M\u00e9xico y el Mundo de manera oportuna y busca que la libertad de expresi\u00f3n sea real. Visita nuestro medio informativo publicado desde Hermosillo, Sonora. %\",\"breadcrumb\":{\"@id\":\"https:\/\/www.sonoraenequipo.com.mx\/proteccion-civil-exhorta-extremar-precauciones-por-bajas-temperaturas\/#breadcrumb\"},\"inLanguage\":\"es\",\"potentialAction\":[{\"@type\":\"ReadAction\",\"target\":[\"https:\/\/www.sonoraenequipo.com.mx\/proteccion-civil-exhorta-extremar-precauciones-por-bajas-temperaturas\/\"]}]},{\"@type\":\"ImageObject\",\"inLanguage\":\"es\",\"@id\":\"https:\/\/www.sonoraenequipo.com.mx\/proteccion-civil-exhorta-extremar-precauciones-por-bajas-temperaturas\/#primaryimage\",\"url\":\"https:\/\/www.sonoraenequipo.com.mx\/storage\/2020\/12\/frio.jpg\",\"contentUrl\":\"https:\/\/www.sonoraenequipo.com.mx\/storage\/2020\/12\/frio.jpg\",\"width\":600,\"height\":400},{\"@type\":\"BreadcrumbList\",\"@id\":\"https:\/\/www.sonoraenequipo.com.mx\/proteccion-civil-exhorta-extremar-precauciones-por-bajas-temperaturas\/#breadcrumb\",\"itemListElement\":[{\"@type\":\"ListItem\",\"position\":1,\"name\":\"Portada\",\"item\":\"https:\/\/www.sonoraenequipo.com.mx\/\"},{\"@type\":\"ListItem\",\"position\":2,\"name\":\"Protecci\u00f3n Civil exhorta\u00a0 extremar precauciones por bajas temperaturas\"}]},{\"@type\":\"WebSite\",\"@id\":\"https:\/\/www.sonoraenequipo.com.mx\/#website\",\"url\":\"https:\/\/www.sonoraenequipo.com.mx\/\",\"name\":\"Sonora en Equipo.\",\"description\":\"Diario en l\u00ednea con Noticias desde Hermosillo, Sonora\",\"publisher\":{\"@id\":\"https:\/\/www.sonoraenequipo.com.mx\/#organization\"},\"potentialAction\":[{\"@type\":\"SearchAction\",\"target\":{\"@type\":\"EntryPoint\",\"urlTemplate\":\"https:\/\/www.sonoraenequipo.com.mx\/?s={search_term_string}\"},\"query-input\":{\"@type\":\"PropertyValueSpecification\",\"valueRequired\":true,\"valueName\":\"search_term_string\"}}],\"inLanguage\":\"es\"},{\"@type\":\"Organization\",\"@id\":\"https:\/\/www.sonoraenequipo.com.mx\/#organization\",\"name\":\"Sonoraenequipo.com.mx\",\"url\":\"https:\/\/www.sonoraenequipo.com.mx\/\",\"logo\":{\"@type\":\"ImageObject\",\"inLanguage\":\"es\",\"@id\":\"https:\/\/www.sonoraenequipo.com.mx\/#\/schema\/logo\/image\/\",\"url\":\"https:\/\/www.sonoraenequipo.com.mx\/storage\/2019\/01\/sonoraenequipo_opt.png\",\"contentUrl\":\"https:\/\/www.sonoraenequipo.com.mx\/storage\/2019\/01\/sonoraenequipo_opt.png\",\"width\":375,\"height\":125,\"caption\":\"Sonoraenequipo.com.mx\"},\"image\":{\"@id\":\"https:\/\/www.sonoraenequipo.com.mx\/#\/schema\/logo\/image\/\"},\"sameAs\":[\"https:\/\/www.facebook.com\/SonoraEE\/\",\"https:\/\/x.com\/sonoraenequipo\",\"https:\/\/www.youtube.com\/channel\/UC338nW-lPEYmJQs4ZABQ1SQ\"]},{\"@type\":\"Person\",\"@id\":\"https:\/\/www.sonoraenequipo.com.mx\/#\/schema\/person\/50102df0fb23a8fa9e8effad8fa81386\",\"name\":\"enequipo\",\"image\":{\"@type\":\"ImageObject\",\"inLanguage\":\"es\",\"@id\":\"https:\/\/www.sonoraenequipo.com.mx\/#\/schema\/person\/image\/\",\"url\":\"https:\/\/secure.gravatar.com\/avatar\/049821681b589dabc0bc20695993ccebb09f5b5d4d790cd9251b97faac7c652b?s=96&d=blank&r=g\",\"contentUrl\":\"https:\/\/secure.gravatar.com\/avatar\/049821681b589dabc0bc20695993ccebb09f5b5d4d790cd9251b97faac7c652b?s=96&d=blank&r=g\",\"caption\":\"enequipo\"},\"sameAs\":[\"https:\/\/www.facebook.com\/SonoraEE\"]}]}<\/script>\n ","yoast_head_json":{"title":"Sonora en Equipo. Protecci\u00f3n Civil exhorta\u00a0 extremar precauciones por bajas temperaturas Sonora","description":"HERMOSILLO, SONORA,MX.\u2500\u2500 Ante las bajas temperaturas que se esperan para los pr\u00f3ximos d\u00edas en la mayor parte de la entidad por la temporada invernal, la En Sonora en Equipo publicamos toda la informaci\u00f3n de Sonora, M\u00e9xico y el Mundo de manera oportuna y busca que la libertad de expresi\u00f3n sea real. Visita nuestro medio informativo publicado desde Hermosillo, Sonora. %","robots":{"index":"index","follow":"follow","max-snippet":"max-snippet:-1","max-image-preview":"max-image-preview:large","max-video-preview":"max-video-preview:-1"},"canonical":"https:\/\/www.sonoraenequipo.com.mx\/proteccion-civil-exhorta-extremar-precauciones-por-bajas-temperaturas\/","og_locale":"es_ES","og_type":"article","og_title":"Sonora en Equipo. Protecci\u00f3n Civil exhorta\u00a0 extremar precauciones por bajas temperaturas Sonora","og_description":"HERMOSILLO, SONORA,MX.\u2500\u2500 Ante las bajas temperaturas que se esperan para los pr\u00f3ximos d\u00edas en la mayor parte de la entidad por la temporada invernal, la En Sonora en Equipo publicamos toda la informaci\u00f3n de Sonora, M\u00e9xico y el Mundo de manera oportuna y busca que la libertad de expresi\u00f3n sea real. Visita nuestro medio informativo publicado desde Hermosillo, Sonora. %","og_url":"https:\/\/www.sonoraenequipo.com.mx\/proteccion-civil-exhorta-extremar-precauciones-por-bajas-temperaturas\/","og_site_name":"Sonora en Equipo.","article_publisher":"https:\/\/www.facebook.com\/SonoraEE\/","article_author":"https:\/\/www.facebook.com\/SonoraEE","article_published_time":"2020-12-10T23:30:08+00:00","og_image":[{"width":600,"height":400,"url":"https:\/\/www.sonoraenequipo.com.mx\/storage\/2020\/12\/frio.jpg","type":"image\/jpeg"}],"author":"enequipo","twitter_card":"summary_large_image","twitter_creator":"@sonoraenequipo","twitter_site":"@sonoraenequipo","twitter_misc":{"Escrito por":"enequipo","Tiempo de lectura":"4 minutos"},"schema":{"@context":"https:\/\/schema.org","@graph":[{"@type":"Article","@id":"https:\/\/www.sonoraenequipo.com.mx\/proteccion-civil-exhorta-extremar-precauciones-por-bajas-temperaturas\/#article","isPartOf":{"@id":"https:\/\/www.sonoraenequipo.com.mx\/proteccion-civil-exhorta-extremar-precauciones-por-bajas-temperaturas\/"},"author":{"name":"enequipo","@id":"https:\/\/www.sonoraenequipo.com.mx\/#\/schema\/person\/50102df0fb23a8fa9e8effad8fa81386"},"headline":"Protecci\u00f3n Civil exhorta\u00a0 extremar precauciones por bajas temperaturas","datePublished":"2020-12-10T23:30:08+00:00","mainEntityOfPage":{"@id":"https:\/\/www.sonoraenequipo.com.mx\/proteccion-civil-exhorta-extremar-precauciones-por-bajas-temperaturas\/"},"wordCount":738,"commentCount":0,"publisher":{"@id":"https:\/\/www.sonoraenequipo.com.mx\/#organization"},"image":{"@id":"https:\/\/www.sonoraenequipo.com.mx\/proteccion-civil-exhorta-extremar-precauciones-por-bajas-temperaturas\/#primaryimage"},"thumbnailUrl":"https:\/\/www.sonoraenequipo.com.mx\/storage\/2020\/12\/frio.jpg","keywords":["clima","Sonora"],"articleSection":["Sonora"],"inLanguage":"es","potentialAction":[{"@type":"CommentAction","name":"Comment","target":["https:\/\/www.sonoraenequipo.com.mx\/proteccion-civil-exhorta-extremar-precauciones-por-bajas-temperaturas\/#respond"]}]},{"@type":"WebPage","@id":"https:\/\/www.sonoraenequipo.com.mx\/proteccion-civil-exhorta-extremar-precauciones-por-bajas-temperaturas\/","url":"https:\/\/www.sonoraenequipo.com.mx\/proteccion-civil-exhorta-extremar-precauciones-por-bajas-temperaturas\/","name":"Sonora en Equipo. Protecci\u00f3n Civil exhorta\u00a0 extremar precauciones por bajas temperaturas Sonora","isPartOf":{"@id":"https:\/\/www.sonoraenequipo.com.mx\/#website"},"primaryImageOfPage":{"@id":"https:\/\/www.sonoraenequipo.com.mx\/proteccion-civil-exhorta-extremar-precauciones-por-bajas-temperaturas\/#primaryimage"},"image":{"@id":"https:\/\/www.sonoraenequipo.com.mx\/proteccion-civil-exhorta-extremar-precauciones-por-bajas-temperaturas\/#primaryimage"},"thumbnailUrl":"https:\/\/www.sonoraenequipo.com.mx\/storage\/2020\/12\/frio.jpg","datePublished":"2020-12-10T23:30:08+00:00","description":"HERMOSILLO, SONORA,MX.\u2500\u2500 Ante las bajas temperaturas que se esperan para los pr\u00f3ximos d\u00edas en la mayor parte de la entidad por la temporada invernal, la En Sonora en Equipo publicamos toda la informaci\u00f3n de Sonora, M\u00e9xico y el Mundo de manera oportuna y busca que la libertad de expresi\u00f3n sea real. Visita nuestro medio informativo publicado desde Hermosillo, Sonora. %","breadcrumb":{"@id":"https:\/\/www.sonoraenequipo.com.mx\/proteccion-civil-exhorta-extremar-precauciones-por-bajas-temperaturas\/#breadcrumb"},"inLanguage":"es","potentialAction":[{"@type":"ReadAction","target":["https:\/\/www.sonoraenequipo.com.mx\/proteccion-civil-exhorta-extremar-precauciones-por-bajas-temperaturas\/"]}]},{"@type":"ImageObject","inLanguage":"es","@id":"https:\/\/www.sonoraenequipo.com.mx\/proteccion-civil-exhorta-extremar-precauciones-por-bajas-temperaturas\/#primaryimage","url":"https:\/\/www.sonoraenequipo.com.mx\/storage\/2020\/12\/frio.jpg","contentUrl":"https:\/\/www.sonoraenequipo.com.mx\/storage\/2020\/12\/frio.jpg","width":600,"height":400},{"@type":"BreadcrumbList","@id":"https:\/\/www.sonoraenequipo.com.mx\/proteccion-civil-exhorta-extremar-precauciones-por-bajas-temperaturas\/#breadcrumb","itemListElement":[{"@type":"ListItem","position":1,"name":"Portada","item":"https:\/\/www.sonoraenequipo.com.mx\/"},{"@type":"ListItem","position":2,"name":"Protecci\u00f3n Civil exhorta\u00a0 extremar precauciones por bajas temperaturas"}]},{"@type":"WebSite","@id":"https:\/\/www.sonoraenequipo.com.mx\/#website","url":"https:\/\/www.sonoraenequipo.com.mx\/","name":"Sonora en Equipo.","description":"Diario en l\u00ednea con Noticias desde Hermosillo, Sonora","publisher":{"@id":"https:\/\/www.sonoraenequipo.com.mx\/#organization"},"potentialAction":[{"@type":"SearchAction","target":{"@type":"EntryPoint","urlTemplate":"https:\/\/www.sonoraenequipo.com.mx\/?s={search_term_string}"},"query-input":{"@type":"PropertyValueSpecification","valueRequired":true,"valueName":"search_term_string"}}],"inLanguage":"es"},{"@type":"Organization","@id":"https:\/\/www.sonoraenequipo.com.mx\/#organization","name":"Sonoraenequipo.com.mx","url":"https:\/\/www.sonoraenequipo.com.mx\/","logo":{"@type":"ImageObject","inLanguage":"es","@id":"https:\/\/www.sonoraenequipo.com.mx\/#\/schema\/logo\/image\/","url":"https:\/\/www.sonoraenequipo.com.mx\/storage\/2019\/01\/sonoraenequipo_opt.png","contentUrl":"https:\/\/www.sonoraenequipo.com.mx\/storage\/2019\/01\/sonoraenequipo_opt.png","width":375,"height":125,"caption":"Sonoraenequipo.com.mx"},"image":{"@id":"https:\/\/www.sonoraenequipo.com.mx\/#\/schema\/logo\/image\/"},"sameAs":["https:\/\/www.facebook.com\/SonoraEE\/","https:\/\/x.com\/sonoraenequipo","https:\/\/www.youtube.com\/channel\/UC338nW-lPEYmJQs4ZABQ1SQ"]},{"@type":"Person","@id":"https:\/\/www.sonoraenequipo.com.mx\/#\/schema\/person\/50102df0fb23a8fa9e8effad8fa81386","name":"enequipo","image":{"@type":"ImageObject","inLanguage":"es","@id":"https:\/\/www.sonoraenequipo.com.mx\/#\/schema\/person\/image\/","url":"https:\/\/secure.gravatar.com\/avatar\/049821681b589dabc0bc20695993ccebb09f5b5d4d790cd9251b97faac7c652b?s=96&d=blank&r=g","contentUrl":"https:\/\/secure.gravatar.com\/avatar\/049821681b589dabc0bc20695993ccebb09f5b5d4d790cd9251b97faac7c652b?s=96&d=blank&r=g","caption":"enequipo"},"sameAs":["https:\/\/www.facebook.com\/SonoraEE"]}]}},"jetpack_featured_media_url":"https:\/\/www.sonoraenequipo.com.mx\/storage\/2020\/12\/frio.jpg","_links":{"self":[{"href":"https:\/\/www.sonoraenequipo.com.mx\/api\/wp\/v2\/posts\/102342","targetHints":{"allow":["GET"]}}],"collection":[{"href":"https:\/\/www.sonoraenequipo.com.mx\/api\/wp\/v2\/posts"}],"about":[{"href":"https:\/\/www.sonoraenequipo.com.mx\/api\/wp\/v2\/types\/post"}],"author":[{"embeddable":true,"href":"https:\/\/www.sonoraenequipo.com.mx\/api\/wp\/v2\/users\/1"}],"replies":[{"embeddable":true,"href":"https:\/\/www.sonoraenequipo.com.mx\/api\/wp\/v2\/comments?post=102342"}],"version-history":[{"count":1,"href":"https:\/\/www.sonoraenequipo.com.mx\/api\/wp\/v2\/posts\/102342\/revisions"}],"predecessor-version":[{"id":102344,"href":"https:\/\/www.sonoraenequipo.com.mx\/api\/wp\/v2\/posts\/102342\/revisions\/102344"}],"wp:featuredmedia":[{"embeddable":true,"href":"https:\/\/www.sonoraenequipo.com.mx\/api\/wp\/v2\/media\/102343"}],"wp:attachment":[{"href":"https:\/\/www.sonoraenequipo.com.mx\/api\/wp\/v2\/media?parent=102342"}],"wp:term":[{"taxonomy":"category","embeddable":true,"href":"https:\/\/www.sonoraenequipo.com.mx\/api\/wp\/v2\/categories?post=102342"},{"taxonomy":"post_tag","embeddable":true,"href":"https:\/\/www.sonoraenequipo.com.mx\/api\/wp\/v2\/tags?post=102342"}],"curies":[{"name":"wp","href":"https:\/\/api.w.org\/{rel}","templated":true}]}}