{"id":102346,"date":"2020-12-10T17:18:39","date_gmt":"2020-12-11T00:18:39","guid":{"rendered":"https:\/\/www.sonoraenequipo.com.mx\/?p=102346"},"modified":"2020-12-10T17:18:39","modified_gmt":"2020-12-11T00:18:39","slug":"movimiento-ciudadano-respeta-decision-de-dolores-del-rio-de-irse-a-morena","status":"publish","type":"post","link":"https:\/\/www.sonoraenequipo.com.mx\/movimiento-ciudadano-respeta-decision-de-dolores-del-rio-de-irse-a-morena\/","title":{"rendered":"Movimiento Ciudadano respeta decisi\u00f3n de Dolores\u00a0 del R\u00edo de irse a Morena"},"content":{"rendered":"<p>HERMOSILLO, SONORA,MX.\u2500\u2500 En un comunicado emitido por el CEN de Movimiento Ciudadano(MC) estableci\u00f3 que en el partido decidimos hacer un nuevo trato con las y los mexicanos para construir juntos la Evoluci\u00f3n Mexicana. En esta apuesta no caben ni el PRI ni<\/p>\n<p>el PAN porque ya le fallaron a M\u00e9xico y porque est\u00e1n demostrando que su \u00fanico<\/p>\n<p>inter\u00e9s es recuperar sus privilegios. Tampoco cabe Morena, porque hoy estando<\/p>\n<p>en el poder han decidido continuar con las ideas, pr\u00e1cticas y personajes del<\/p>\n<p>pasado. Con los partidos tradicionales no hay futuro, y futuro es lo que anhelamos<\/p>\n<p>en Movimiento Ciudadano.<\/p>\n<p>Respetamos la decisi\u00f3n de Mar\u00eda Dolores del R\u00edo de sumarse a Morena, pero no<\/p>\n<p>compartimos su visi\u00f3n. Agradecemos el tiempo y la dedicaci\u00f3n que tuvo hacia<\/p>\n<p>Movimiento Ciudadano. Nosotras y nosotros seguiremos concentrados en<\/p>\n<p>construir un proyecto ciudadano para las y los Sonorenses, que encabezado por<\/p>\n<p>Ricardo Bours y el mejor equipo, ganar\u00e1 en el 2021,concluye el documento firmado por<\/p>\n<p>Sergio Cendejas Salas ,secretario nacional de comunicaci\u00f3n social de MC.<\/p>\n<p>Fecha de\u00a0 publicaci\u00f3n 10 \/dic\/2020<\/p>\n","protected":false},"excerpt":{"rendered":"<p>HERMOSILLO, SONORA,MX.\u2500\u2500 En un comunicado emitido por el CEN de Movimiento Ciudadano(MC) estableci\u00f3 que en&#8230;<\/p>\n","protected":false},"author":1,"featured_media":82280,"comment_status":"open","ping_status":"open","sticky":false,"template":"","format":"standard","meta":{"_monsterinsights_skip_tracking":false,"_monsterinsights_sitenote_active":false,"_monsterinsights_sitenote_note":"","_monsterinsights_sitenote_category":0,"footnotes":""},"categories":[22],"tags":[4636,15],"class_list":["post"],"yoast_head":" \n<title>Sonora en Equipo. Movimiento Ciudadano respeta decisi\u00f3n de Dolores\u00a0 del R\u00edo de irse a Morena Sonora<\/title>\n<meta name=\"description\" content=\"HERMOSILLO, SONORA,MX.\u2500\u2500 En un comunicado emitido por el CEN de Movimiento Ciudadano(MC) estableci\u00f3 que en el partido decidimos hacer un nuevo trato con En Sonora en Equipo publicamos toda la informaci\u00f3n de Sonora, M\u00e9xico y el Mundo de manera oportuna y busca que la libertad de expresi\u00f3n sea real. Visita nuestro medio informativo publicado desde Hermosillo, Sonora. %\" \/>\n<meta name=\"robots\" content=\"index, follow, max-snippet:-1, max-image-preview:large, max-video-preview:-1\" \/>\n<link rel=\"canonical\" href=\"https:\/\/www.sonoraenequipo.com.mx\/movimiento-ciudadano-respeta-decision-de-dolores-del-rio-de-irse-a-morena\/\" \/>\n<meta property=\"og:locale\" content=\"es_ES\" \/>\n<meta property=\"og:type\" content=\"article\" \/>\n<meta property=\"og:title\" content=\"Sonora en Equipo. Movimiento Ciudadano respeta decisi\u00f3n de Dolores\u00a0 del R\u00edo de irse a Morena Sonora\" \/>\n<meta property=\"og:description\" content=\"HERMOSILLO, SONORA,MX.\u2500\u2500 En un comunicado emitido por el CEN de Movimiento Ciudadano(MC) estableci\u00f3 que en el partido decidimos hacer un nuevo trato con En Sonora en Equipo publicamos toda la informaci\u00f3n de Sonora, M\u00e9xico y el Mundo de manera oportuna y busca que la libertad de expresi\u00f3n sea real. Visita nuestro medio informativo publicado desde Hermosillo, Sonora. %\" \/>\n<meta property=\"og:url\" content=\"https:\/\/www.sonoraenequipo.com.mx\/movimiento-ciudadano-respeta-decision-de-dolores-del-rio-de-irse-a-morena\/\" \/>\n<meta property=\"og:site_name\" content=\"Sonora en Equipo.\" \/>\n<meta property=\"article:publisher\" content=\"https:\/\/www.facebook.com\/SonoraEE\/\" \/>\n<meta property=\"article:author\" content=\"https:\/\/www.facebook.com\/SonoraEE\" \/>\n<meta property=\"article:published_time\" content=\"2020-12-11T00:18:39+00:00\" \/>\n<meta property=\"og:image\" content=\"https:\/\/www.sonoraenequipo.com.mx\/storage\/2020\/04\/dolores3.jpg\" \/>\n\t<meta property=\"og:image:width\" content=\"600\" \/>\n\t<meta property=\"og:image:height\" content=\"400\" \/>\n\t<meta property=\"og:image:type\" content=\"image\/jpeg\" \/>\n<meta name=\"author\" content=\"enequipo\" \/>\n<meta name=\"twitter:card\" content=\"summary_large_image\" \/>\n<meta name=\"twitter:creator\" content=\"@sonoraenequipo\" \/>\n<meta name=\"twitter:site\" content=\"@sonoraenequipo\" \/>\n<meta name=\"twitter:label1\" content=\"Escrito por\" \/>\n\t<meta name=\"twitter:data1\" content=\"enequipo\" \/>\n\t<meta name=\"twitter:label2\" content=\"Tiempo de lectura\" \/>\n\t<meta name=\"twitter:data2\" content=\"1 minuto\" \/>\n<script type=\"application\/ld+json\" class=\"yoast-schema-graph\">{\"@context\":\"https:\/\/schema.org\",\"@graph\":[{\"@type\":\"Article\",\"@id\":\"https:\/\/www.sonoraenequipo.com.mx\/movimiento-ciudadano-respeta-decision-de-dolores-del-rio-de-irse-a-morena\/#article\",\"isPartOf\":{\"@id\":\"https:\/\/www.sonoraenequipo.com.mx\/movimiento-ciudadano-respeta-decision-de-dolores-del-rio-de-irse-a-morena\/\"},\"author\":{\"name\":\"enequipo\",\"@id\":\"https:\/\/www.sonoraenequipo.com.mx\/#\/schema\/person\/50102df0fb23a8fa9e8effad8fa81386\"},\"headline\":\"Movimiento Ciudadano respeta decisi\u00f3n de Dolores\u00a0 del R\u00edo de irse a Morena\",\"datePublished\":\"2020-12-11T00:18:39+00:00\",\"mainEntityOfPage\":{\"@id\":\"https:\/\/www.sonoraenequipo.com.mx\/movimiento-ciudadano-respeta-decision-de-dolores-del-rio-de-irse-a-morena\/\"},\"wordCount\":200,\"commentCount\":0,\"publisher\":{\"@id\":\"https:\/\/www.sonoraenequipo.com.mx\/#organization\"},\"image\":{\"@id\":\"https:\/\/www.sonoraenequipo.com.mx\/movimiento-ciudadano-respeta-decision-de-dolores-del-rio-de-irse-a-morena\/#primaryimage\"},\"thumbnailUrl\":\"https:\/\/www.sonoraenequipo.com.mx\/storage\/2020\/04\/dolores3.jpg\",\"keywords\":[\"ELECCIONES 2021\",\"Sonora\"],\"articleSection\":[\"Sonora\"],\"inLanguage\":\"es\",\"potentialAction\":[{\"@type\":\"CommentAction\",\"name\":\"Comment\",\"target\":[\"https:\/\/www.sonoraenequipo.com.mx\/movimiento-ciudadano-respeta-decision-de-dolores-del-rio-de-irse-a-morena\/#respond\"]}]},{\"@type\":\"WebPage\",\"@id\":\"https:\/\/www.sonoraenequipo.com.mx\/movimiento-ciudadano-respeta-decision-de-dolores-del-rio-de-irse-a-morena\/\",\"url\":\"https:\/\/www.sonoraenequipo.com.mx\/movimiento-ciudadano-respeta-decision-de-dolores-del-rio-de-irse-a-morena\/\",\"name\":\"Sonora en Equipo. Movimiento Ciudadano respeta decisi\u00f3n de Dolores\u00a0 del R\u00edo de irse a Morena Sonora\",\"isPartOf\":{\"@id\":\"https:\/\/www.sonoraenequipo.com.mx\/#website\"},\"primaryImageOfPage\":{\"@id\":\"https:\/\/www.sonoraenequipo.com.mx\/movimiento-ciudadano-respeta-decision-de-dolores-del-rio-de-irse-a-morena\/#primaryimage\"},\"image\":{\"@id\":\"https:\/\/www.sonoraenequipo.com.mx\/movimiento-ciudadano-respeta-decision-de-dolores-del-rio-de-irse-a-morena\/#primaryimage\"},\"thumbnailUrl\":\"https:\/\/www.sonoraenequipo.com.mx\/storage\/2020\/04\/dolores3.jpg\",\"datePublished\":\"2020-12-11T00:18:39+00:00\",\"description\":\"HERMOSILLO, SONORA,MX.\u2500\u2500 En un comunicado emitido por el CEN de Movimiento Ciudadano(MC) estableci\u00f3 que en el partido decidimos hacer un nuevo trato con En Sonora en Equipo publicamos toda la informaci\u00f3n de Sonora, M\u00e9xico y el Mundo de manera oportuna y busca que la libertad de expresi\u00f3n sea real. Visita nuestro medio informativo publicado desde Hermosillo, Sonora. %\",\"breadcrumb\":{\"@id\":\"https:\/\/www.sonoraenequipo.com.mx\/movimiento-ciudadano-respeta-decision-de-dolores-del-rio-de-irse-a-morena\/#breadcrumb\"},\"inLanguage\":\"es\",\"potentialAction\":[{\"@type\":\"ReadAction\",\"target\":[\"https:\/\/www.sonoraenequipo.com.mx\/movimiento-ciudadano-respeta-decision-de-dolores-del-rio-de-irse-a-morena\/\"]}]},{\"@type\":\"ImageObject\",\"inLanguage\":\"es\",\"@id\":\"https:\/\/www.sonoraenequipo.com.mx\/movimiento-ciudadano-respeta-decision-de-dolores-del-rio-de-irse-a-morena\/#primaryimage\",\"url\":\"https:\/\/www.sonoraenequipo.com.mx\/storage\/2020\/04\/dolores3.jpg\",\"contentUrl\":\"https:\/\/www.sonoraenequipo.com.mx\/storage\/2020\/04\/dolores3.jpg\",\"width\":600,\"height\":400},{\"@type\":\"BreadcrumbList\",\"@id\":\"https:\/\/www.sonoraenequipo.com.mx\/movimiento-ciudadano-respeta-decision-de-dolores-del-rio-de-irse-a-morena\/#breadcrumb\",\"itemListElement\":[{\"@type\":\"ListItem\",\"position\":1,\"name\":\"Portada\",\"item\":\"https:\/\/www.sonoraenequipo.com.mx\/\"},{\"@type\":\"ListItem\",\"position\":2,\"name\":\"Movimiento Ciudadano respeta decisi\u00f3n de Dolores\u00a0 del R\u00edo de irse a Morena\"}]},{\"@type\":\"WebSite\",\"@id\":\"https:\/\/www.sonoraenequipo.com.mx\/#website\",\"url\":\"https:\/\/www.sonoraenequipo.com.mx\/\",\"name\":\"Sonora en Equipo.\",\"description\":\"Diario en l\u00ednea con Noticias desde Hermosillo, Sonora\",\"publisher\":{\"@id\":\"https:\/\/www.sonoraenequipo.com.mx\/#organization\"},\"potentialAction\":[{\"@type\":\"SearchAction\",\"target\":{\"@type\":\"EntryPoint\",\"urlTemplate\":\"https:\/\/www.sonoraenequipo.com.mx\/?s={search_term_string}\"},\"query-input\":{\"@type\":\"PropertyValueSpecification\",\"valueRequired\":true,\"valueName\":\"search_term_string\"}}],\"inLanguage\":\"es\"},{\"@type\":\"Organization\",\"@id\":\"https:\/\/www.sonoraenequipo.com.mx\/#organization\",\"name\":\"Sonoraenequipo.com.mx\",\"url\":\"https:\/\/www.sonoraenequipo.com.mx\/\",\"logo\":{\"@type\":\"ImageObject\",\"inLanguage\":\"es\",\"@id\":\"https:\/\/www.sonoraenequipo.com.mx\/#\/schema\/logo\/image\/\",\"url\":\"https:\/\/www.sonoraenequipo.com.mx\/storage\/2019\/01\/sonoraenequipo_opt.png\",\"contentUrl\":\"https:\/\/www.sonoraenequipo.com.mx\/storage\/2019\/01\/sonoraenequipo_opt.png\",\"width\":375,\"height\":125,\"caption\":\"Sonoraenequipo.com.mx\"},\"image\":{\"@id\":\"https:\/\/www.sonoraenequipo.com.mx\/#\/schema\/logo\/image\/\"},\"sameAs\":[\"https:\/\/www.facebook.com\/SonoraEE\/\",\"https:\/\/x.com\/sonoraenequipo\",\"https:\/\/www.youtube.com\/channel\/UC338nW-lPEYmJQs4ZABQ1SQ\"]},{\"@type\":\"Person\",\"@id\":\"https:\/\/www.sonoraenequipo.com.mx\/#\/schema\/person\/50102df0fb23a8fa9e8effad8fa81386\",\"name\":\"enequipo\",\"image\":{\"@type\":\"ImageObject\",\"inLanguage\":\"es\",\"@id\":\"https:\/\/www.sonoraenequipo.com.mx\/#\/schema\/person\/image\/\",\"url\":\"https:\/\/secure.gravatar.com\/avatar\/049821681b589dabc0bc20695993ccebb09f5b5d4d790cd9251b97faac7c652b?s=96&d=blank&r=g\",\"contentUrl\":\"https:\/\/secure.gravatar.com\/avatar\/049821681b589dabc0bc20695993ccebb09f5b5d4d790cd9251b97faac7c652b?s=96&d=blank&r=g\",\"caption\":\"enequipo\"},\"sameAs\":[\"https:\/\/www.facebook.com\/SonoraEE\"]}]}<\/script>\n ","yoast_head_json":{"title":"Sonora en Equipo. Movimiento Ciudadano respeta decisi\u00f3n de Dolores\u00a0 del R\u00edo de irse a Morena Sonora","description":"HERMOSILLO, SONORA,MX.\u2500\u2500 En un comunicado emitido por el CEN de Movimiento Ciudadano(MC) estableci\u00f3 que en el partido decidimos hacer un nuevo trato con En Sonora en Equipo publicamos toda la informaci\u00f3n de Sonora, M\u00e9xico y el Mundo de manera oportuna y busca que la libertad de expresi\u00f3n sea real. Visita nuestro medio informativo publicado desde Hermosillo, Sonora. %","robots":{"index":"index","follow":"follow","max-snippet":"max-snippet:-1","max-image-preview":"max-image-preview:large","max-video-preview":"max-video-preview:-1"},"canonical":"https:\/\/www.sonoraenequipo.com.mx\/movimiento-ciudadano-respeta-decision-de-dolores-del-rio-de-irse-a-morena\/","og_locale":"es_ES","og_type":"article","og_title":"Sonora en Equipo. Movimiento Ciudadano respeta decisi\u00f3n de Dolores\u00a0 del R\u00edo de irse a Morena Sonora","og_description":"HERMOSILLO, SONORA,MX.\u2500\u2500 En un comunicado emitido por el CEN de Movimiento Ciudadano(MC) estableci\u00f3 que en el partido decidimos hacer un nuevo trato con En Sonora en Equipo publicamos toda la informaci\u00f3n de Sonora, M\u00e9xico y el Mundo de manera oportuna y busca que la libertad de expresi\u00f3n sea real. Visita nuestro medio informativo publicado desde Hermosillo, Sonora. %","og_url":"https:\/\/www.sonoraenequipo.com.mx\/movimiento-ciudadano-respeta-decision-de-dolores-del-rio-de-irse-a-morena\/","og_site_name":"Sonora en Equipo.","article_publisher":"https:\/\/www.facebook.com\/SonoraEE\/","article_author":"https:\/\/www.facebook.com\/SonoraEE","article_published_time":"2020-12-11T00:18:39+00:00","og_image":[{"width":600,"height":400,"url":"https:\/\/www.sonoraenequipo.com.mx\/storage\/2020\/04\/dolores3.jpg","type":"image\/jpeg"}],"author":"enequipo","twitter_card":"summary_large_image","twitter_creator":"@sonoraenequipo","twitter_site":"@sonoraenequipo","twitter_misc":{"Escrito por":"enequipo","Tiempo de lectura":"1 minuto"},"schema":{"@context":"https:\/\/schema.org","@graph":[{"@type":"Article","@id":"https:\/\/www.sonoraenequipo.com.mx\/movimiento-ciudadano-respeta-decision-de-dolores-del-rio-de-irse-a-morena\/#article","isPartOf":{"@id":"https:\/\/www.sonoraenequipo.com.mx\/movimiento-ciudadano-respeta-decision-de-dolores-del-rio-de-irse-a-morena\/"},"author":{"name":"enequipo","@id":"https:\/\/www.sonoraenequipo.com.mx\/#\/schema\/person\/50102df0fb23a8fa9e8effad8fa81386"},"headline":"Movimiento Ciudadano respeta decisi\u00f3n de Dolores\u00a0 del R\u00edo de irse a Morena","datePublished":"2020-12-11T00:18:39+00:00","mainEntityOfPage":{"@id":"https:\/\/www.sonoraenequipo.com.mx\/movimiento-ciudadano-respeta-decision-de-dolores-del-rio-de-irse-a-morena\/"},"wordCount":200,"commentCount":0,"publisher":{"@id":"https:\/\/www.sonoraenequipo.com.mx\/#organization"},"image":{"@id":"https:\/\/www.sonoraenequipo.com.mx\/movimiento-ciudadano-respeta-decision-de-dolores-del-rio-de-irse-a-morena\/#primaryimage"},"thumbnailUrl":"https:\/\/www.sonoraenequipo.com.mx\/storage\/2020\/04\/dolores3.jpg","keywords":["ELECCIONES 2021","Sonora"],"articleSection":["Sonora"],"inLanguage":"es","potentialAction":[{"@type":"CommentAction","name":"Comment","target":["https:\/\/www.sonoraenequipo.com.mx\/movimiento-ciudadano-respeta-decision-de-dolores-del-rio-de-irse-a-morena\/#respond"]}]},{"@type":"WebPage","@id":"https:\/\/www.sonoraenequipo.com.mx\/movimiento-ciudadano-respeta-decision-de-dolores-del-rio-de-irse-a-morena\/","url":"https:\/\/www.sonoraenequipo.com.mx\/movimiento-ciudadano-respeta-decision-de-dolores-del-rio-de-irse-a-morena\/","name":"Sonora en Equipo. Movimiento Ciudadano respeta decisi\u00f3n de Dolores\u00a0 del R\u00edo de irse a Morena Sonora","isPartOf":{"@id":"https:\/\/www.sonoraenequipo.com.mx\/#website"},"primaryImageOfPage":{"@id":"https:\/\/www.sonoraenequipo.com.mx\/movimiento-ciudadano-respeta-decision-de-dolores-del-rio-de-irse-a-morena\/#primaryimage"},"image":{"@id":"https:\/\/www.sonoraenequipo.com.mx\/movimiento-ciudadano-respeta-decision-de-dolores-del-rio-de-irse-a-morena\/#primaryimage"},"thumbnailUrl":"https:\/\/www.sonoraenequipo.com.mx\/storage\/2020\/04\/dolores3.jpg","datePublished":"2020-12-11T00:18:39+00:00","description":"HERMOSILLO, SONORA,MX.\u2500\u2500 En un comunicado emitido por el CEN de Movimiento Ciudadano(MC) estableci\u00f3 que en el partido decidimos hacer un nuevo trato con En Sonora en Equipo publicamos toda la informaci\u00f3n de Sonora, M\u00e9xico y el Mundo de manera oportuna y busca que la libertad de expresi\u00f3n sea real. Visita nuestro medio informativo publicado desde Hermosillo, Sonora. %","breadcrumb":{"@id":"https:\/\/www.sonoraenequipo.com.mx\/movimiento-ciudadano-respeta-decision-de-dolores-del-rio-de-irse-a-morena\/#breadcrumb"},"inLanguage":"es","potentialAction":[{"@type":"ReadAction","target":["https:\/\/www.sonoraenequipo.com.mx\/movimiento-ciudadano-respeta-decision-de-dolores-del-rio-de-irse-a-morena\/"]}]},{"@type":"ImageObject","inLanguage":"es","@id":"https:\/\/www.sonoraenequipo.com.mx\/movimiento-ciudadano-respeta-decision-de-dolores-del-rio-de-irse-a-morena\/#primaryimage","url":"https:\/\/www.sonoraenequipo.com.mx\/storage\/2020\/04\/dolores3.jpg","contentUrl":"https:\/\/www.sonoraenequipo.com.mx\/storage\/2020\/04\/dolores3.jpg","width":600,"height":400},{"@type":"BreadcrumbList","@id":"https:\/\/www.sonoraenequipo.com.mx\/movimiento-ciudadano-respeta-decision-de-dolores-del-rio-de-irse-a-morena\/#breadcrumb","itemListElement":[{"@type":"ListItem","position":1,"name":"Portada","item":"https:\/\/www.sonoraenequipo.com.mx\/"},{"@type":"ListItem","position":2,"name":"Movimiento Ciudadano respeta decisi\u00f3n de Dolores\u00a0 del R\u00edo de irse a Morena"}]},{"@type":"WebSite","@id":"https:\/\/www.sonoraenequipo.com.mx\/#website","url":"https:\/\/www.sonoraenequipo.com.mx\/","name":"Sonora en Equipo.","description":"Diario en l\u00ednea con Noticias desde Hermosillo, Sonora","publisher":{"@id":"https:\/\/www.sonoraenequipo.com.mx\/#organization"},"potentialAction":[{"@type":"SearchAction","target":{"@type":"EntryPoint","urlTemplate":"https:\/\/www.sonoraenequipo.com.mx\/?s={search_term_string}"},"query-input":{"@type":"PropertyValueSpecification","valueRequired":true,"valueName":"search_term_string"}}],"inLanguage":"es"},{"@type":"Organization","@id":"https:\/\/www.sonoraenequipo.com.mx\/#organization","name":"Sonoraenequipo.com.mx","url":"https:\/\/www.sonoraenequipo.com.mx\/","logo":{"@type":"ImageObject","inLanguage":"es","@id":"https:\/\/www.sonoraenequipo.com.mx\/#\/schema\/logo\/image\/","url":"https:\/\/www.sonoraenequipo.com.mx\/storage\/2019\/01\/sonoraenequipo_opt.png","contentUrl":"https:\/\/www.sonoraenequipo.com.mx\/storage\/2019\/01\/sonoraenequipo_opt.png","width":375,"height":125,"caption":"Sonoraenequipo.com.mx"},"image":{"@id":"https:\/\/www.sonoraenequipo.com.mx\/#\/schema\/logo\/image\/"},"sameAs":["https:\/\/www.facebook.com\/SonoraEE\/","https:\/\/x.com\/sonoraenequipo","https:\/\/www.youtube.com\/channel\/UC338nW-lPEYmJQs4ZABQ1SQ"]},{"@type":"Person","@id":"https:\/\/www.sonoraenequipo.com.mx\/#\/schema\/person\/50102df0fb23a8fa9e8effad8fa81386","name":"enequipo","image":{"@type":"ImageObject","inLanguage":"es","@id":"https:\/\/www.sonoraenequipo.com.mx\/#\/schema\/person\/image\/","url":"https:\/\/secure.gravatar.com\/avatar\/049821681b589dabc0bc20695993ccebb09f5b5d4d790cd9251b97faac7c652b?s=96&d=blank&r=g","contentUrl":"https:\/\/secure.gravatar.com\/avatar\/049821681b589dabc0bc20695993ccebb09f5b5d4d790cd9251b97faac7c652b?s=96&d=blank&r=g","caption":"enequipo"},"sameAs":["https:\/\/www.facebook.com\/SonoraEE"]}]}},"jetpack_featured_media_url":"https:\/\/www.sonoraenequipo.com.mx\/storage\/2020\/04\/dolores3.jpg","_links":{"self":[{"href":"https:\/\/www.sonoraenequipo.com.mx\/api\/wp\/v2\/posts\/102346","targetHints":{"allow":["GET"]}}],"collection":[{"href":"https:\/\/www.sonoraenequipo.com.mx\/api\/wp\/v2\/posts"}],"about":[{"href":"https:\/\/www.sonoraenequipo.com.mx\/api\/wp\/v2\/types\/post"}],"author":[{"embeddable":true,"href":"https:\/\/www.sonoraenequipo.com.mx\/api\/wp\/v2\/users\/1"}],"replies":[{"embeddable":true,"href":"https:\/\/www.sonoraenequipo.com.mx\/api\/wp\/v2\/comments?post=102346"}],"version-history":[{"count":1,"href":"https:\/\/www.sonoraenequipo.com.mx\/api\/wp\/v2\/posts\/102346\/revisions"}],"predecessor-version":[{"id":102347,"href":"https:\/\/www.sonoraenequipo.com.mx\/api\/wp\/v2\/posts\/102346\/revisions\/102347"}],"wp:featuredmedia":[{"embeddable":true,"href":"https:\/\/www.sonoraenequipo.com.mx\/api\/wp\/v2\/media\/82280"}],"wp:attachment":[{"href":"https:\/\/www.sonoraenequipo.com.mx\/api\/wp\/v2\/media?parent=102346"}],"wp:term":[{"taxonomy":"category","embeddable":true,"href":"https:\/\/www.sonoraenequipo.com.mx\/api\/wp\/v2\/categories?post=102346"},{"taxonomy":"post_tag","embeddable":true,"href":"https:\/\/www.sonoraenequipo.com.mx\/api\/wp\/v2\/tags?post=102346"}],"curies":[{"name":"wp","href":"https:\/\/api.w.org\/{rel}","templated":true}]}}