{"id":102363,"date":"2020-12-10T08:28:54","date_gmt":"2020-12-10T15:28:54","guid":{"rendered":"https:\/\/www.sonoraenequipo.com.mx\/?p=102363"},"modified":"2020-12-10T22:25:02","modified_gmt":"2020-12-11T05:25:02","slug":"amlo-revela-que-propondra-aumento-de-15-al-salario-minimo-para-2021","status":"publish","type":"post","link":"https:\/\/www.sonoraenequipo.com.mx\/amlo-revela-que-propondra-aumento-de-15-al-salario-minimo-para-2021\/","title":{"rendered":"AMLO revela que propondr\u00e1 aumento de 15% al salario m\u00ednimo para 2021"},"content":{"rendered":"<p>CIUDAD DE M\u00c9XICO. MX. \u2014 El presidente Andr\u00e9s Manuel L\u00f3pez Obrador anunci\u00f3 durante su conferencia ma\u00f1anera que propondr\u00e1 un aumento de 15 por ciento al salario m\u00ednimo para el pr\u00f3ximo a\u00f1o.<\/p>\n<p>&nbsp;<\/p>\n<p> <\/p>\n<p>&nbsp;<\/p>\n<p><em>\u00abNuestra propuesta del incremento al salario para el a\u00f1o pr\u00f3ximo, aunque es tripartito y lo va a resolver la Comisi\u00f3n Nacional de los Salarios M\u00ednimos (Conasami), es de 15 por ciento de aumento. Es lo que estamos proponiendo como m\u00ednimo\u00bb<\/em>, revel\u00f3 el mandatario.<\/p>\n<p>&nbsp;<\/p>\n<p>L\u00f3pez Obrador dijo que la recuperaci\u00f3n del salario m\u00ednimo en M\u00e9xico ser\u00e1 gradual, y que el aumento que tienen previsto para 2021 se lograr\u00e1 con el consenso de los empresarios y trabajadores.<\/p>\n<p>&nbsp;<\/p>\n<p><em>\u00abLlevamos dos a\u00f1os consiguiendo los aumentos por consenso, el primer a\u00f1o 16 por ciento, el segundo el 20, y ahora estamos proponiendo m\u00ednimo el 15\u00bb<\/em>, apunt\u00f3.<\/p>\n<p>&nbsp;<\/p>\n<p>El salario m\u00ednimo para 2020 se fij\u00f3 en 123.22 pesos, por lo que un incremento de 15 por ciento, equivalente a 18.48 pesos, lo ubicar\u00eda en 141.70 pesos el pr\u00f3ximo a\u00f1o.<\/p>\n<p>&nbsp;<\/p>\n<p>&nbsp;<\/p>\n<h3>Aumento del salario m\u00ednimo es justo y necesario: AMLO; ya hay di\u00e1logo con IP<\/h3>\n<p>&nbsp;<\/p>\n<p>Ayer, el Presidente adelant\u00f3 que buscar\u00e1n aumentar el salario m\u00ednimo, pues considera que se deterior\u00f3 mucho y ahora \u201ces justo y necesario\u201d que se modifique.<\/p>\n<p>&nbsp;<\/p>\n<p><em>\u201cEstamos dialogando sobre el incremento del salario m\u00ednimo, la Consasami est\u00e1 trabajando, no se puede adelantar nada, pero es justo y necesario el que se aumente lo m\u00e1s posible el salario m\u00ednimo\u201d,<\/em> explic\u00f3.<\/p>\n<p>&nbsp;<\/p>\n<p>(Publicada el 10\/12\/2020)<\/p>\n","protected":false},"excerpt":{"rendered":"<p>CIUDAD DE M\u00c9XICO. MX. \u2014 El presidente Andr\u00e9s Manuel L\u00f3pez Obrador anunci\u00f3 durante su conferencia&#8230;<\/p>\n","protected":false},"author":1,"featured_media":102364,"comment_status":"open","ping_status":"open","sticky":false,"template":"","format":"standard","meta":{"_monsterinsights_skip_tracking":false,"_monsterinsights_sitenote_active":false,"_monsterinsights_sitenote_note":"","_monsterinsights_sitenote_category":0,"footnotes":""},"categories":[5],"tags":[],"class_list":["post"],"yoast_head":" \n<title>Sonora en Equipo. AMLO revela que propondr\u00e1 aumento de 15% al salario m\u00ednimo para 2021 Rep\u00fablica<\/title>\n<meta name=\"description\" content=\"CIUDAD DE M\u00c9XICO. MX. \u2014 El presidente Andr\u00e9s Manuel L\u00f3pez Obrador anunci\u00f3 durante su conferencia ma\u00f1anera que propondr\u00e1 un aumento de 15 por ciento al En Sonora en Equipo publicamos toda la informaci\u00f3n de Sonora, M\u00e9xico y el Mundo de manera oportuna y busca que la libertad de expresi\u00f3n sea real. Visita nuestro medio informativo publicado desde Hermosillo, Sonora. %\" \/>\n<meta name=\"robots\" content=\"index, follow, max-snippet:-1, max-image-preview:large, max-video-preview:-1\" \/>\n<link rel=\"canonical\" href=\"https:\/\/www.sonoraenequipo.com.mx\/amlo-revela-que-propondra-aumento-de-15-al-salario-minimo-para-2021\/\" \/>\n<meta property=\"og:locale\" content=\"es_ES\" \/>\n<meta property=\"og:type\" content=\"article\" \/>\n<meta property=\"og:title\" content=\"Sonora en Equipo. AMLO revela que propondr\u00e1 aumento de 15% al salario m\u00ednimo para 2021 Rep\u00fablica\" \/>\n<meta property=\"og:description\" content=\"CIUDAD DE M\u00c9XICO. MX. \u2014 El presidente Andr\u00e9s Manuel L\u00f3pez Obrador anunci\u00f3 durante su conferencia ma\u00f1anera que propondr\u00e1 un aumento de 15 por ciento al En Sonora en Equipo publicamos toda la informaci\u00f3n de Sonora, M\u00e9xico y el Mundo de manera oportuna y busca que la libertad de expresi\u00f3n sea real. Visita nuestro medio informativo publicado desde Hermosillo, Sonora. %\" \/>\n<meta property=\"og:url\" content=\"https:\/\/www.sonoraenequipo.com.mx\/amlo-revela-que-propondra-aumento-de-15-al-salario-minimo-para-2021\/\" \/>\n<meta property=\"og:site_name\" content=\"Sonora en Equipo.\" \/>\n<meta property=\"article:publisher\" content=\"https:\/\/www.facebook.com\/SonoraEE\/\" \/>\n<meta property=\"article:author\" content=\"https:\/\/www.facebook.com\/SonoraEE\" \/>\n<meta property=\"article:published_time\" content=\"2020-12-10T15:28:54+00:00\" \/>\n<meta property=\"article:modified_time\" content=\"2020-12-11T05:25:02+00:00\" \/>\n<meta property=\"og:image\" content=\"https:\/\/www.sonoraenequipo.com.mx\/storage\/2020\/12\/presidente-andres-manuel-lopez-obrador_opt2.jpg\" \/>\n\t<meta property=\"og:image:width\" content=\"723\" \/>\n\t<meta property=\"og:image:height\" content=\"450\" \/>\n\t<meta property=\"og:image:type\" content=\"image\/jpeg\" \/>\n<meta name=\"author\" content=\"enequipo\" \/>\n<meta name=\"twitter:card\" content=\"summary_large_image\" \/>\n<meta name=\"twitter:creator\" content=\"@sonoraenequipo\" \/>\n<meta name=\"twitter:site\" content=\"@sonoraenequipo\" \/>\n<meta name=\"twitter:label1\" content=\"Escrito por\" \/>\n\t<meta name=\"twitter:data1\" content=\"enequipo\" \/>\n\t<meta name=\"twitter:label2\" content=\"Tiempo de lectura\" \/>\n\t<meta name=\"twitter:data2\" content=\"1 minuto\" \/>\n<script type=\"application\/ld+json\" class=\"yoast-schema-graph\">{\"@context\":\"https:\/\/schema.org\",\"@graph\":[{\"@type\":\"Article\",\"@id\":\"https:\/\/www.sonoraenequipo.com.mx\/amlo-revela-que-propondra-aumento-de-15-al-salario-minimo-para-2021\/#article\",\"isPartOf\":{\"@id\":\"https:\/\/www.sonoraenequipo.com.mx\/amlo-revela-que-propondra-aumento-de-15-al-salario-minimo-para-2021\/\"},\"author\":{\"name\":\"enequipo\",\"@id\":\"https:\/\/www.sonoraenequipo.com.mx\/#\/schema\/person\/50102df0fb23a8fa9e8effad8fa81386\"},\"headline\":\"AMLO revela que propondr\u00e1 aumento de 15% al salario m\u00ednimo para 2021\",\"datePublished\":\"2020-12-10T15:28:54+00:00\",\"dateModified\":\"2020-12-11T05:25:02+00:00\",\"mainEntityOfPage\":{\"@id\":\"https:\/\/www.sonoraenequipo.com.mx\/amlo-revela-que-propondra-aumento-de-15-al-salario-minimo-para-2021\/\"},\"wordCount\":276,\"commentCount\":0,\"publisher\":{\"@id\":\"https:\/\/www.sonoraenequipo.com.mx\/#organization\"},\"image\":{\"@id\":\"https:\/\/www.sonoraenequipo.com.mx\/amlo-revela-que-propondra-aumento-de-15-al-salario-minimo-para-2021\/#primaryimage\"},\"thumbnailUrl\":\"https:\/\/www.sonoraenequipo.com.mx\/storage\/2020\/12\/presidente-andres-manuel-lopez-obrador_opt2.jpg\",\"articleSection\":[\"Rep\u00fablica\"],\"inLanguage\":\"es\",\"potentialAction\":[{\"@type\":\"CommentAction\",\"name\":\"Comment\",\"target\":[\"https:\/\/www.sonoraenequipo.com.mx\/amlo-revela-que-propondra-aumento-de-15-al-salario-minimo-para-2021\/#respond\"]}]},{\"@type\":\"WebPage\",\"@id\":\"https:\/\/www.sonoraenequipo.com.mx\/amlo-revela-que-propondra-aumento-de-15-al-salario-minimo-para-2021\/\",\"url\":\"https:\/\/www.sonoraenequipo.com.mx\/amlo-revela-que-propondra-aumento-de-15-al-salario-minimo-para-2021\/\",\"name\":\"Sonora en Equipo. AMLO revela que propondr\u00e1 aumento de 15% al salario m\u00ednimo para 2021 Rep\u00fablica\",\"isPartOf\":{\"@id\":\"https:\/\/www.sonoraenequipo.com.mx\/#website\"},\"primaryImageOfPage\":{\"@id\":\"https:\/\/www.sonoraenequipo.com.mx\/amlo-revela-que-propondra-aumento-de-15-al-salario-minimo-para-2021\/#primaryimage\"},\"image\":{\"@id\":\"https:\/\/www.sonoraenequipo.com.mx\/amlo-revela-que-propondra-aumento-de-15-al-salario-minimo-para-2021\/#primaryimage\"},\"thumbnailUrl\":\"https:\/\/www.sonoraenequipo.com.mx\/storage\/2020\/12\/presidente-andres-manuel-lopez-obrador_opt2.jpg\",\"datePublished\":\"2020-12-10T15:28:54+00:00\",\"dateModified\":\"2020-12-11T05:25:02+00:00\",\"description\":\"CIUDAD DE M\u00c9XICO. MX. \u2014 El presidente Andr\u00e9s Manuel L\u00f3pez Obrador anunci\u00f3 durante su conferencia ma\u00f1anera que propondr\u00e1 un aumento de 15 por ciento al En Sonora en Equipo publicamos toda la informaci\u00f3n de Sonora, M\u00e9xico y el Mundo de manera oportuna y busca que la libertad de expresi\u00f3n sea real. Visita nuestro medio informativo publicado desde Hermosillo, Sonora. %\",\"breadcrumb\":{\"@id\":\"https:\/\/www.sonoraenequipo.com.mx\/amlo-revela-que-propondra-aumento-de-15-al-salario-minimo-para-2021\/#breadcrumb\"},\"inLanguage\":\"es\",\"potentialAction\":[{\"@type\":\"ReadAction\",\"target\":[\"https:\/\/www.sonoraenequipo.com.mx\/amlo-revela-que-propondra-aumento-de-15-al-salario-minimo-para-2021\/\"]}]},{\"@type\":\"ImageObject\",\"inLanguage\":\"es\",\"@id\":\"https:\/\/www.sonoraenequipo.com.mx\/amlo-revela-que-propondra-aumento-de-15-al-salario-minimo-para-2021\/#primaryimage\",\"url\":\"https:\/\/www.sonoraenequipo.com.mx\/storage\/2020\/12\/presidente-andres-manuel-lopez-obrador_opt2.jpg\",\"contentUrl\":\"https:\/\/www.sonoraenequipo.com.mx\/storage\/2020\/12\/presidente-andres-manuel-lopez-obrador_opt2.jpg\",\"width\":723,\"height\":450},{\"@type\":\"BreadcrumbList\",\"@id\":\"https:\/\/www.sonoraenequipo.com.mx\/amlo-revela-que-propondra-aumento-de-15-al-salario-minimo-para-2021\/#breadcrumb\",\"itemListElement\":[{\"@type\":\"ListItem\",\"position\":1,\"name\":\"Portada\",\"item\":\"https:\/\/www.sonoraenequipo.com.mx\/\"},{\"@type\":\"ListItem\",\"position\":2,\"name\":\"AMLO revela que propondr\u00e1 aumento de 15% al salario m\u00ednimo para 2021\"}]},{\"@type\":\"WebSite\",\"@id\":\"https:\/\/www.sonoraenequipo.com.mx\/#website\",\"url\":\"https:\/\/www.sonoraenequipo.com.mx\/\",\"name\":\"Sonora en Equipo.\",\"description\":\"Diario en l\u00ednea con Noticias desde Hermosillo, Sonora\",\"publisher\":{\"@id\":\"https:\/\/www.sonoraenequipo.com.mx\/#organization\"},\"potentialAction\":[{\"@type\":\"SearchAction\",\"target\":{\"@type\":\"EntryPoint\",\"urlTemplate\":\"https:\/\/www.sonoraenequipo.com.mx\/?s={search_term_string}\"},\"query-input\":{\"@type\":\"PropertyValueSpecification\",\"valueRequired\":true,\"valueName\":\"search_term_string\"}}],\"inLanguage\":\"es\"},{\"@type\":\"Organization\",\"@id\":\"https:\/\/www.sonoraenequipo.com.mx\/#organization\",\"name\":\"Sonoraenequipo.com.mx\",\"url\":\"https:\/\/www.sonoraenequipo.com.mx\/\",\"logo\":{\"@type\":\"ImageObject\",\"inLanguage\":\"es\",\"@id\":\"https:\/\/www.sonoraenequipo.com.mx\/#\/schema\/logo\/image\/\",\"url\":\"https:\/\/www.sonoraenequipo.com.mx\/storage\/2019\/01\/sonoraenequipo_opt.png\",\"contentUrl\":\"https:\/\/www.sonoraenequipo.com.mx\/storage\/2019\/01\/sonoraenequipo_opt.png\",\"width\":375,\"height\":125,\"caption\":\"Sonoraenequipo.com.mx\"},\"image\":{\"@id\":\"https:\/\/www.sonoraenequipo.com.mx\/#\/schema\/logo\/image\/\"},\"sameAs\":[\"https:\/\/www.facebook.com\/SonoraEE\/\",\"https:\/\/x.com\/sonoraenequipo\",\"https:\/\/www.youtube.com\/channel\/UC338nW-lPEYmJQs4ZABQ1SQ\"]},{\"@type\":\"Person\",\"@id\":\"https:\/\/www.sonoraenequipo.com.mx\/#\/schema\/person\/50102df0fb23a8fa9e8effad8fa81386\",\"name\":\"enequipo\",\"image\":{\"@type\":\"ImageObject\",\"inLanguage\":\"es\",\"@id\":\"https:\/\/www.sonoraenequipo.com.mx\/#\/schema\/person\/image\/\",\"url\":\"https:\/\/secure.gravatar.com\/avatar\/049821681b589dabc0bc20695993ccebb09f5b5d4d790cd9251b97faac7c652b?s=96&d=blank&r=g\",\"contentUrl\":\"https:\/\/secure.gravatar.com\/avatar\/049821681b589dabc0bc20695993ccebb09f5b5d4d790cd9251b97faac7c652b?s=96&d=blank&r=g\",\"caption\":\"enequipo\"},\"sameAs\":[\"https:\/\/www.facebook.com\/SonoraEE\"]}]}<\/script>\n ","yoast_head_json":{"title":"Sonora en Equipo. AMLO revela que propondr\u00e1 aumento de 15% al salario m\u00ednimo para 2021 Rep\u00fablica","description":"CIUDAD DE M\u00c9XICO. MX. \u2014 El presidente Andr\u00e9s Manuel L\u00f3pez Obrador anunci\u00f3 durante su conferencia ma\u00f1anera que propondr\u00e1 un aumento de 15 por ciento al En Sonora en Equipo publicamos toda la informaci\u00f3n de Sonora, M\u00e9xico y el Mundo de manera oportuna y busca que la libertad de expresi\u00f3n sea real. Visita nuestro medio informativo publicado desde Hermosillo, Sonora. %","robots":{"index":"index","follow":"follow","max-snippet":"max-snippet:-1","max-image-preview":"max-image-preview:large","max-video-preview":"max-video-preview:-1"},"canonical":"https:\/\/www.sonoraenequipo.com.mx\/amlo-revela-que-propondra-aumento-de-15-al-salario-minimo-para-2021\/","og_locale":"es_ES","og_type":"article","og_title":"Sonora en Equipo. AMLO revela que propondr\u00e1 aumento de 15% al salario m\u00ednimo para 2021 Rep\u00fablica","og_description":"CIUDAD DE M\u00c9XICO. MX. \u2014 El presidente Andr\u00e9s Manuel L\u00f3pez Obrador anunci\u00f3 durante su conferencia ma\u00f1anera que propondr\u00e1 un aumento de 15 por ciento al En Sonora en Equipo publicamos toda la informaci\u00f3n de Sonora, M\u00e9xico y el Mundo de manera oportuna y busca que la libertad de expresi\u00f3n sea real. Visita nuestro medio informativo publicado desde Hermosillo, Sonora. %","og_url":"https:\/\/www.sonoraenequipo.com.mx\/amlo-revela-que-propondra-aumento-de-15-al-salario-minimo-para-2021\/","og_site_name":"Sonora en Equipo.","article_publisher":"https:\/\/www.facebook.com\/SonoraEE\/","article_author":"https:\/\/www.facebook.com\/SonoraEE","article_published_time":"2020-12-10T15:28:54+00:00","article_modified_time":"2020-12-11T05:25:02+00:00","og_image":[{"width":723,"height":450,"url":"https:\/\/www.sonoraenequipo.com.mx\/storage\/2020\/12\/presidente-andres-manuel-lopez-obrador_opt2.jpg","type":"image\/jpeg"}],"author":"enequipo","twitter_card":"summary_large_image","twitter_creator":"@sonoraenequipo","twitter_site":"@sonoraenequipo","twitter_misc":{"Escrito por":"enequipo","Tiempo de lectura":"1 minuto"},"schema":{"@context":"https:\/\/schema.org","@graph":[{"@type":"Article","@id":"https:\/\/www.sonoraenequipo.com.mx\/amlo-revela-que-propondra-aumento-de-15-al-salario-minimo-para-2021\/#article","isPartOf":{"@id":"https:\/\/www.sonoraenequipo.com.mx\/amlo-revela-que-propondra-aumento-de-15-al-salario-minimo-para-2021\/"},"author":{"name":"enequipo","@id":"https:\/\/www.sonoraenequipo.com.mx\/#\/schema\/person\/50102df0fb23a8fa9e8effad8fa81386"},"headline":"AMLO revela que propondr\u00e1 aumento de 15% al salario m\u00ednimo para 2021","datePublished":"2020-12-10T15:28:54+00:00","dateModified":"2020-12-11T05:25:02+00:00","mainEntityOfPage":{"@id":"https:\/\/www.sonoraenequipo.com.mx\/amlo-revela-que-propondra-aumento-de-15-al-salario-minimo-para-2021\/"},"wordCount":276,"commentCount":0,"publisher":{"@id":"https:\/\/www.sonoraenequipo.com.mx\/#organization"},"image":{"@id":"https:\/\/www.sonoraenequipo.com.mx\/amlo-revela-que-propondra-aumento-de-15-al-salario-minimo-para-2021\/#primaryimage"},"thumbnailUrl":"https:\/\/www.sonoraenequipo.com.mx\/storage\/2020\/12\/presidente-andres-manuel-lopez-obrador_opt2.jpg","articleSection":["Rep\u00fablica"],"inLanguage":"es","potentialAction":[{"@type":"CommentAction","name":"Comment","target":["https:\/\/www.sonoraenequipo.com.mx\/amlo-revela-que-propondra-aumento-de-15-al-salario-minimo-para-2021\/#respond"]}]},{"@type":"WebPage","@id":"https:\/\/www.sonoraenequipo.com.mx\/amlo-revela-que-propondra-aumento-de-15-al-salario-minimo-para-2021\/","url":"https:\/\/www.sonoraenequipo.com.mx\/amlo-revela-que-propondra-aumento-de-15-al-salario-minimo-para-2021\/","name":"Sonora en Equipo. AMLO revela que propondr\u00e1 aumento de 15% al salario m\u00ednimo para 2021 Rep\u00fablica","isPartOf":{"@id":"https:\/\/www.sonoraenequipo.com.mx\/#website"},"primaryImageOfPage":{"@id":"https:\/\/www.sonoraenequipo.com.mx\/amlo-revela-que-propondra-aumento-de-15-al-salario-minimo-para-2021\/#primaryimage"},"image":{"@id":"https:\/\/www.sonoraenequipo.com.mx\/amlo-revela-que-propondra-aumento-de-15-al-salario-minimo-para-2021\/#primaryimage"},"thumbnailUrl":"https:\/\/www.sonoraenequipo.com.mx\/storage\/2020\/12\/presidente-andres-manuel-lopez-obrador_opt2.jpg","datePublished":"2020-12-10T15:28:54+00:00","dateModified":"2020-12-11T05:25:02+00:00","description":"CIUDAD DE M\u00c9XICO. MX. \u2014 El presidente Andr\u00e9s Manuel L\u00f3pez Obrador anunci\u00f3 durante su conferencia ma\u00f1anera que propondr\u00e1 un aumento de 15 por ciento al En Sonora en Equipo publicamos toda la informaci\u00f3n de Sonora, M\u00e9xico y el Mundo de manera oportuna y busca que la libertad de expresi\u00f3n sea real. Visita nuestro medio informativo publicado desde Hermosillo, Sonora. %","breadcrumb":{"@id":"https:\/\/www.sonoraenequipo.com.mx\/amlo-revela-que-propondra-aumento-de-15-al-salario-minimo-para-2021\/#breadcrumb"},"inLanguage":"es","potentialAction":[{"@type":"ReadAction","target":["https:\/\/www.sonoraenequipo.com.mx\/amlo-revela-que-propondra-aumento-de-15-al-salario-minimo-para-2021\/"]}]},{"@type":"ImageObject","inLanguage":"es","@id":"https:\/\/www.sonoraenequipo.com.mx\/amlo-revela-que-propondra-aumento-de-15-al-salario-minimo-para-2021\/#primaryimage","url":"https:\/\/www.sonoraenequipo.com.mx\/storage\/2020\/12\/presidente-andres-manuel-lopez-obrador_opt2.jpg","contentUrl":"https:\/\/www.sonoraenequipo.com.mx\/storage\/2020\/12\/presidente-andres-manuel-lopez-obrador_opt2.jpg","width":723,"height":450},{"@type":"BreadcrumbList","@id":"https:\/\/www.sonoraenequipo.com.mx\/amlo-revela-que-propondra-aumento-de-15-al-salario-minimo-para-2021\/#breadcrumb","itemListElement":[{"@type":"ListItem","position":1,"name":"Portada","item":"https:\/\/www.sonoraenequipo.com.mx\/"},{"@type":"ListItem","position":2,"name":"AMLO revela que propondr\u00e1 aumento de 15% al salario m\u00ednimo para 2021"}]},{"@type":"WebSite","@id":"https:\/\/www.sonoraenequipo.com.mx\/#website","url":"https:\/\/www.sonoraenequipo.com.mx\/","name":"Sonora en Equipo.","description":"Diario en l\u00ednea con Noticias desde Hermosillo, Sonora","publisher":{"@id":"https:\/\/www.sonoraenequipo.com.mx\/#organization"},"potentialAction":[{"@type":"SearchAction","target":{"@type":"EntryPoint","urlTemplate":"https:\/\/www.sonoraenequipo.com.mx\/?s={search_term_string}"},"query-input":{"@type":"PropertyValueSpecification","valueRequired":true,"valueName":"search_term_string"}}],"inLanguage":"es"},{"@type":"Organization","@id":"https:\/\/www.sonoraenequipo.com.mx\/#organization","name":"Sonoraenequipo.com.mx","url":"https:\/\/www.sonoraenequipo.com.mx\/","logo":{"@type":"ImageObject","inLanguage":"es","@id":"https:\/\/www.sonoraenequipo.com.mx\/#\/schema\/logo\/image\/","url":"https:\/\/www.sonoraenequipo.com.mx\/storage\/2019\/01\/sonoraenequipo_opt.png","contentUrl":"https:\/\/www.sonoraenequipo.com.mx\/storage\/2019\/01\/sonoraenequipo_opt.png","width":375,"height":125,"caption":"Sonoraenequipo.com.mx"},"image":{"@id":"https:\/\/www.sonoraenequipo.com.mx\/#\/schema\/logo\/image\/"},"sameAs":["https:\/\/www.facebook.com\/SonoraEE\/","https:\/\/x.com\/sonoraenequipo","https:\/\/www.youtube.com\/channel\/UC338nW-lPEYmJQs4ZABQ1SQ"]},{"@type":"Person","@id":"https:\/\/www.sonoraenequipo.com.mx\/#\/schema\/person\/50102df0fb23a8fa9e8effad8fa81386","name":"enequipo","image":{"@type":"ImageObject","inLanguage":"es","@id":"https:\/\/www.sonoraenequipo.com.mx\/#\/schema\/person\/image\/","url":"https:\/\/secure.gravatar.com\/avatar\/049821681b589dabc0bc20695993ccebb09f5b5d4d790cd9251b97faac7c652b?s=96&d=blank&r=g","contentUrl":"https:\/\/secure.gravatar.com\/avatar\/049821681b589dabc0bc20695993ccebb09f5b5d4d790cd9251b97faac7c652b?s=96&d=blank&r=g","caption":"enequipo"},"sameAs":["https:\/\/www.facebook.com\/SonoraEE"]}]}},"jetpack_featured_media_url":"https:\/\/www.sonoraenequipo.com.mx\/storage\/2020\/12\/presidente-andres-manuel-lopez-obrador_opt2.jpg","_links":{"self":[{"href":"https:\/\/www.sonoraenequipo.com.mx\/api\/wp\/v2\/posts\/102363","targetHints":{"allow":["GET"]}}],"collection":[{"href":"https:\/\/www.sonoraenequipo.com.mx\/api\/wp\/v2\/posts"}],"about":[{"href":"https:\/\/www.sonoraenequipo.com.mx\/api\/wp\/v2\/types\/post"}],"author":[{"embeddable":true,"href":"https:\/\/www.sonoraenequipo.com.mx\/api\/wp\/v2\/users\/1"}],"replies":[{"embeddable":true,"href":"https:\/\/www.sonoraenequipo.com.mx\/api\/wp\/v2\/comments?post=102363"}],"version-history":[{"count":1,"href":"https:\/\/www.sonoraenequipo.com.mx\/api\/wp\/v2\/posts\/102363\/revisions"}],"predecessor-version":[{"id":102365,"href":"https:\/\/www.sonoraenequipo.com.mx\/api\/wp\/v2\/posts\/102363\/revisions\/102365"}],"wp:featuredmedia":[{"embeddable":true,"href":"https:\/\/www.sonoraenequipo.com.mx\/api\/wp\/v2\/media\/102364"}],"wp:attachment":[{"href":"https:\/\/www.sonoraenequipo.com.mx\/api\/wp\/v2\/media?parent=102363"}],"wp:term":[{"taxonomy":"category","embeddable":true,"href":"https:\/\/www.sonoraenequipo.com.mx\/api\/wp\/v2\/categories?post=102363"},{"taxonomy":"post_tag","embeddable":true,"href":"https:\/\/www.sonoraenequipo.com.mx\/api\/wp\/v2\/tags?post=102363"}],"curies":[{"name":"wp","href":"https:\/\/api.w.org\/{rel}","templated":true}]}}