{"id":102411,"date":"2020-12-10T15:00:46","date_gmt":"2020-12-10T22:00:46","guid":{"rendered":"https:\/\/www.sonoraenequipo.com.mx\/?p=102411"},"modified":"2020-12-11T13:19:42","modified_gmt":"2020-12-11T20:19:42","slug":"fiscalia-de-sonora-ejecuta-orden-de-aprehension-por-probable-responsiva-de-feminicidio","status":"publish","type":"post","link":"https:\/\/www.sonoraenequipo.com.mx\/fiscalia-de-sonora-ejecuta-orden-de-aprehension-por-probable-responsiva-de-feminicidio\/","title":{"rendered":"Fiscal\u00eda de Sonora ejecuta orden de aprehensi\u00f3n por probable responsiva de Feminicidio"},"content":{"rendered":"<p>HERMOSILLO, SONORA. MX. \u2014 Con base a testimoniales, registros de videoc\u00e1maras, datos de llamadas telef\u00f3nicas e informaci\u00f3n aportada por la empresa de servicio de alquiler por aplicaci\u00f3n, entre otros datos de prueba, la Fiscal\u00eda General de Justicia del Estado de Sonora (FGJE) obtuvo prisi\u00f3n preventiva para el probable responsable del feminicidio de Karina Guadalupe.<\/p>\n<p>&nbsp;<\/p>\n<p> <\/p>\n<p>&nbsp;<\/p>\n<p>Personal de la Agencia del Ministerio P\u00fablico en Audiencia Inicial, ante el Juez de Control, imput\u00f3 a Ricardo Guadalupe \u201cN.\u201d, de 37 a\u00f1os de edad, por el delito de feminicidio y solicit\u00f3 vinculaci\u00f3n a proceso. La defensa solicit\u00f3 la ampliaci\u00f3n del plazo.<\/p>\n<p>&nbsp;<\/p>\n<p>Dentro de la causa penal 3873\/2020, la Fiscal\u00eda de Sonora obtuvo la orden de aprehensi\u00f3n en contra de la persona, la cual ejecutaron elementos de la Agencia Ministerial de Investigaci\u00f3n Criminal (AMIC) el 9 de diciembre.<\/p>\n<p>&nbsp;<\/p>\n<p>Al presentar al imputado ante el Juez, este jueves 10 de diciembre, se decret\u00f3 la prisi\u00f3n preventiva por el delito de feminicidio cometido en agravio de Karina Guadalupe, de 23 a\u00f1os de edad.<\/p>\n<p>&nbsp;<\/p>\n<p>La Fiscal\u00eda de Justicia de Sonora abri\u00f3 carpeta de investigaci\u00f3n luego de que el 22 de noviembre pasado se localizara el cuerpo sin vida de la v\u00edctima, en un predio ubicado al Sur de Hermosillo, en las cercan\u00edas de las colonias Quinta Esmeralda y Villas del Sur.<\/p>\n<p>&nbsp;<\/p>\n<p>La carpeta incluye 10 entrevistas a familiares y testigos, quienes se\u00f1alan que el d\u00eda s\u00e1bado 21 de noviembre la perjudicada estuvo en una fiesta en la colonia San Luis; por la ma\u00f1ana ya del d\u00eda 22, Karina solicit\u00f3 un veh\u00edculo a trav\u00e9s de la aplicaci\u00f3n Didi, quien lleg\u00f3 por ella al lugar.<\/p>\n<p>&nbsp;<\/p>\n<p>Subi\u00f3, coinciden los testigos, a un veh\u00edculo Chevrolet Beat, azul, modelo 2020, describieron al conductor de complexi\u00f3n regular, tez morena clara, de entre 30 a 40 a\u00f1os de edad.<\/p>\n<p>&nbsp;<\/p>\n<p>La carpeta de investigaci\u00f3n incluye el tel\u00e9fono celular de la v\u00edctima, as\u00ed como la documentaci\u00f3n de la plataforma de servicios de transporte Didi, que acredita con hora y fecha, el registro de la llamada de la v\u00edctima para solicitar el servicio y la asignaci\u00f3n, plenamente identificado, del hoy imputado para realizar el traslado.<\/p>\n<p>&nbsp;<\/p>\n<p>Adem\u00e1s, se cotejaron las llamadas del n\u00famero celular de la v\u00edctima, as\u00ed como videos de c\u00e1maras de seguridad del C5i y de negocios privados, que hacen constatar que Karina Guadalupe viaj\u00f3 en la unidad sed\u00e1n.<\/p>\n<p>&nbsp;<\/p>\n<p>La v\u00edctima fue localizada sin vida en un predio, donde se recolectaron varios indicios y se ubicaron huellas de arrastre, la causa del deceso fue asfixia por estrangulamiento, fue hasta el 24 de noviembre que se le identific\u00f3, ya que, inicialmente, estaba en calidad de desconocida.<\/p>\n<p>&nbsp;<\/p>\n<p>Personal de la Fiscal\u00eda de Justicia de Sonora mantiene abierta las indagatorias, luego de integrar la carpeta con entrevistas y datos de pruebas, que fueron reforzadas en el Laboratorio de Inteligencia Cient\u00edfica Forense (CIF).<\/p>\n<p>&nbsp;<\/p>\n<p>Con ello se refuerza el compromiso de la Fiscal\u00eda de Justicia del Estado de Sonora de cero tolerancia a quien incurra en conductas feminicidas.<\/p>\n<p>&nbsp;<\/p>\n<p>(Publicada el 09\/12\/2020)<\/p>\n","protected":false},"excerpt":{"rendered":"<p>HERMOSILLO, SONORA. MX. \u2014 Con base a testimoniales, registros de videoc\u00e1maras, datos de llamadas telef\u00f3nicas&#8230;<\/p>\n","protected":false},"author":1,"featured_media":102412,"comment_status":"open","ping_status":"open","sticky":false,"template":"","format":"standard","meta":{"_monsterinsights_skip_tracking":false,"_monsterinsights_sitenote_active":false,"_monsterinsights_sitenote_note":"","_monsterinsights_sitenote_category":0,"footnotes":""},"categories":[22],"tags":[],"class_list":["post"],"yoast_head":" \n<title>Sonora en Equipo. Fiscal\u00eda de Sonora ejecuta orden de aprehensi\u00f3n por probable responsiva de Feminicidio Sonora<\/title>\n<meta name=\"description\" content=\"HERMOSILLO, SONORA. MX. \u2014 Con base a testimoniales, registros de videoc\u00e1maras, datos de llamadas telef\u00f3nicas e informaci\u00f3n aportada por la empresa de En Sonora en Equipo publicamos toda la informaci\u00f3n de Sonora, M\u00e9xico y el Mundo de manera oportuna y busca que la libertad de expresi\u00f3n sea real. Visita nuestro medio informativo publicado desde Hermosillo, Sonora. %\" \/>\n<meta name=\"robots\" content=\"index, follow, max-snippet:-1, max-image-preview:large, max-video-preview:-1\" \/>\n<link rel=\"canonical\" href=\"https:\/\/www.sonoraenequipo.com.mx\/fiscalia-de-sonora-ejecuta-orden-de-aprehension-por-probable-responsiva-de-feminicidio\/\" \/>\n<meta property=\"og:locale\" content=\"es_ES\" \/>\n<meta property=\"og:type\" content=\"article\" \/>\n<meta property=\"og:title\" content=\"Sonora en Equipo. Fiscal\u00eda de Sonora ejecuta orden de aprehensi\u00f3n por probable responsiva de Feminicidio Sonora\" \/>\n<meta property=\"og:description\" content=\"HERMOSILLO, SONORA. MX. \u2014 Con base a testimoniales, registros de videoc\u00e1maras, datos de llamadas telef\u00f3nicas e informaci\u00f3n aportada por la empresa de En Sonora en Equipo publicamos toda la informaci\u00f3n de Sonora, M\u00e9xico y el Mundo de manera oportuna y busca que la libertad de expresi\u00f3n sea real. Visita nuestro medio informativo publicado desde Hermosillo, Sonora. %\" \/>\n<meta property=\"og:url\" content=\"https:\/\/www.sonoraenequipo.com.mx\/fiscalia-de-sonora-ejecuta-orden-de-aprehension-por-probable-responsiva-de-feminicidio\/\" \/>\n<meta property=\"og:site_name\" content=\"Sonora en Equipo.\" \/>\n<meta property=\"article:publisher\" content=\"https:\/\/www.facebook.com\/SonoraEE\/\" \/>\n<meta property=\"article:author\" content=\"https:\/\/www.facebook.com\/SonoraEE\" \/>\n<meta property=\"article:published_time\" content=\"2020-12-10T22:00:46+00:00\" \/>\n<meta property=\"article:modified_time\" content=\"2020-12-11T20:19:42+00:00\" \/>\n<meta property=\"og:image\" content=\"https:\/\/www.sonoraenequipo.com.mx\/storage\/2020\/12\/fisalia-de-sonora_opt.jpg\" \/>\n\t<meta property=\"og:image:width\" content=\"600\" \/>\n\t<meta property=\"og:image:height\" content=\"341\" \/>\n\t<meta property=\"og:image:type\" content=\"image\/jpeg\" \/>\n<meta name=\"author\" content=\"enequipo\" \/>\n<meta name=\"twitter:card\" content=\"summary_large_image\" \/>\n<meta name=\"twitter:creator\" content=\"@sonoraenequipo\" \/>\n<meta name=\"twitter:site\" content=\"@sonoraenequipo\" \/>\n<meta name=\"twitter:label1\" content=\"Escrito por\" \/>\n\t<meta name=\"twitter:data1\" content=\"enequipo\" \/>\n\t<meta name=\"twitter:label2\" content=\"Tiempo de lectura\" \/>\n\t<meta name=\"twitter:data2\" content=\"3 minutos\" \/>\n<script type=\"application\/ld+json\" class=\"yoast-schema-graph\">{\"@context\":\"https:\/\/schema.org\",\"@graph\":[{\"@type\":\"Article\",\"@id\":\"https:\/\/www.sonoraenequipo.com.mx\/fiscalia-de-sonora-ejecuta-orden-de-aprehension-por-probable-responsiva-de-feminicidio\/#article\",\"isPartOf\":{\"@id\":\"https:\/\/www.sonoraenequipo.com.mx\/fiscalia-de-sonora-ejecuta-orden-de-aprehension-por-probable-responsiva-de-feminicidio\/\"},\"author\":{\"name\":\"enequipo\",\"@id\":\"https:\/\/www.sonoraenequipo.com.mx\/#\/schema\/person\/50102df0fb23a8fa9e8effad8fa81386\"},\"headline\":\"Fiscal\u00eda de Sonora ejecuta orden de aprehensi\u00f3n por probable responsiva de Feminicidio\",\"datePublished\":\"2020-12-10T22:00:46+00:00\",\"dateModified\":\"2020-12-11T20:19:42+00:00\",\"mainEntityOfPage\":{\"@id\":\"https:\/\/www.sonoraenequipo.com.mx\/fiscalia-de-sonora-ejecuta-orden-de-aprehension-por-probable-responsiva-de-feminicidio\/\"},\"wordCount\":546,\"commentCount\":0,\"publisher\":{\"@id\":\"https:\/\/www.sonoraenequipo.com.mx\/#organization\"},\"image\":{\"@id\":\"https:\/\/www.sonoraenequipo.com.mx\/fiscalia-de-sonora-ejecuta-orden-de-aprehension-por-probable-responsiva-de-feminicidio\/#primaryimage\"},\"thumbnailUrl\":\"https:\/\/www.sonoraenequipo.com.mx\/storage\/2020\/12\/fisalia-de-sonora_opt.jpg\",\"articleSection\":[\"Sonora\"],\"inLanguage\":\"es\",\"potentialAction\":[{\"@type\":\"CommentAction\",\"name\":\"Comment\",\"target\":[\"https:\/\/www.sonoraenequipo.com.mx\/fiscalia-de-sonora-ejecuta-orden-de-aprehension-por-probable-responsiva-de-feminicidio\/#respond\"]}]},{\"@type\":\"WebPage\",\"@id\":\"https:\/\/www.sonoraenequipo.com.mx\/fiscalia-de-sonora-ejecuta-orden-de-aprehension-por-probable-responsiva-de-feminicidio\/\",\"url\":\"https:\/\/www.sonoraenequipo.com.mx\/fiscalia-de-sonora-ejecuta-orden-de-aprehension-por-probable-responsiva-de-feminicidio\/\",\"name\":\"Sonora en Equipo. Fiscal\u00eda de Sonora ejecuta orden de aprehensi\u00f3n por probable responsiva de Feminicidio Sonora\",\"isPartOf\":{\"@id\":\"https:\/\/www.sonoraenequipo.com.mx\/#website\"},\"primaryImageOfPage\":{\"@id\":\"https:\/\/www.sonoraenequipo.com.mx\/fiscalia-de-sonora-ejecuta-orden-de-aprehension-por-probable-responsiva-de-feminicidio\/#primaryimage\"},\"image\":{\"@id\":\"https:\/\/www.sonoraenequipo.com.mx\/fiscalia-de-sonora-ejecuta-orden-de-aprehension-por-probable-responsiva-de-feminicidio\/#primaryimage\"},\"thumbnailUrl\":\"https:\/\/www.sonoraenequipo.com.mx\/storage\/2020\/12\/fisalia-de-sonora_opt.jpg\",\"datePublished\":\"2020-12-10T22:00:46+00:00\",\"dateModified\":\"2020-12-11T20:19:42+00:00\",\"description\":\"HERMOSILLO, SONORA. MX. \u2014 Con base a testimoniales, registros de videoc\u00e1maras, datos de llamadas telef\u00f3nicas e informaci\u00f3n aportada por la empresa de En Sonora en Equipo publicamos toda la informaci\u00f3n de Sonora, M\u00e9xico y el Mundo de manera oportuna y busca que la libertad de expresi\u00f3n sea real. Visita nuestro medio informativo publicado desde Hermosillo, Sonora. %\",\"breadcrumb\":{\"@id\":\"https:\/\/www.sonoraenequipo.com.mx\/fiscalia-de-sonora-ejecuta-orden-de-aprehension-por-probable-responsiva-de-feminicidio\/#breadcrumb\"},\"inLanguage\":\"es\",\"potentialAction\":[{\"@type\":\"ReadAction\",\"target\":[\"https:\/\/www.sonoraenequipo.com.mx\/fiscalia-de-sonora-ejecuta-orden-de-aprehension-por-probable-responsiva-de-feminicidio\/\"]}]},{\"@type\":\"ImageObject\",\"inLanguage\":\"es\",\"@id\":\"https:\/\/www.sonoraenequipo.com.mx\/fiscalia-de-sonora-ejecuta-orden-de-aprehension-por-probable-responsiva-de-feminicidio\/#primaryimage\",\"url\":\"https:\/\/www.sonoraenequipo.com.mx\/storage\/2020\/12\/fisalia-de-sonora_opt.jpg\",\"contentUrl\":\"https:\/\/www.sonoraenequipo.com.mx\/storage\/2020\/12\/fisalia-de-sonora_opt.jpg\",\"width\":600,\"height\":341},{\"@type\":\"BreadcrumbList\",\"@id\":\"https:\/\/www.sonoraenequipo.com.mx\/fiscalia-de-sonora-ejecuta-orden-de-aprehension-por-probable-responsiva-de-feminicidio\/#breadcrumb\",\"itemListElement\":[{\"@type\":\"ListItem\",\"position\":1,\"name\":\"Portada\",\"item\":\"https:\/\/www.sonoraenequipo.com.mx\/\"},{\"@type\":\"ListItem\",\"position\":2,\"name\":\"Fiscal\u00eda de Sonora ejecuta orden de aprehensi\u00f3n por probable responsiva de Feminicidio\"}]},{\"@type\":\"WebSite\",\"@id\":\"https:\/\/www.sonoraenequipo.com.mx\/#website\",\"url\":\"https:\/\/www.sonoraenequipo.com.mx\/\",\"name\":\"Sonora en Equipo.\",\"description\":\"Diario en l\u00ednea con Noticias desde Hermosillo, Sonora\",\"publisher\":{\"@id\":\"https:\/\/www.sonoraenequipo.com.mx\/#organization\"},\"potentialAction\":[{\"@type\":\"SearchAction\",\"target\":{\"@type\":\"EntryPoint\",\"urlTemplate\":\"https:\/\/www.sonoraenequipo.com.mx\/?s={search_term_string}\"},\"query-input\":{\"@type\":\"PropertyValueSpecification\",\"valueRequired\":true,\"valueName\":\"search_term_string\"}}],\"inLanguage\":\"es\"},{\"@type\":\"Organization\",\"@id\":\"https:\/\/www.sonoraenequipo.com.mx\/#organization\",\"name\":\"Sonoraenequipo.com.mx\",\"url\":\"https:\/\/www.sonoraenequipo.com.mx\/\",\"logo\":{\"@type\":\"ImageObject\",\"inLanguage\":\"es\",\"@id\":\"https:\/\/www.sonoraenequipo.com.mx\/#\/schema\/logo\/image\/\",\"url\":\"https:\/\/www.sonoraenequipo.com.mx\/storage\/2019\/01\/sonoraenequipo_opt.png\",\"contentUrl\":\"https:\/\/www.sonoraenequipo.com.mx\/storage\/2019\/01\/sonoraenequipo_opt.png\",\"width\":375,\"height\":125,\"caption\":\"Sonoraenequipo.com.mx\"},\"image\":{\"@id\":\"https:\/\/www.sonoraenequipo.com.mx\/#\/schema\/logo\/image\/\"},\"sameAs\":[\"https:\/\/www.facebook.com\/SonoraEE\/\",\"https:\/\/x.com\/sonoraenequipo\",\"https:\/\/www.youtube.com\/channel\/UC338nW-lPEYmJQs4ZABQ1SQ\"]},{\"@type\":\"Person\",\"@id\":\"https:\/\/www.sonoraenequipo.com.mx\/#\/schema\/person\/50102df0fb23a8fa9e8effad8fa81386\",\"name\":\"enequipo\",\"image\":{\"@type\":\"ImageObject\",\"inLanguage\":\"es\",\"@id\":\"https:\/\/www.sonoraenequipo.com.mx\/#\/schema\/person\/image\/\",\"url\":\"https:\/\/secure.gravatar.com\/avatar\/049821681b589dabc0bc20695993ccebb09f5b5d4d790cd9251b97faac7c652b?s=96&d=blank&r=g\",\"contentUrl\":\"https:\/\/secure.gravatar.com\/avatar\/049821681b589dabc0bc20695993ccebb09f5b5d4d790cd9251b97faac7c652b?s=96&d=blank&r=g\",\"caption\":\"enequipo\"},\"sameAs\":[\"https:\/\/www.facebook.com\/SonoraEE\"]}]}<\/script>\n ","yoast_head_json":{"title":"Sonora en Equipo. Fiscal\u00eda de Sonora ejecuta orden de aprehensi\u00f3n por probable responsiva de Feminicidio Sonora","description":"HERMOSILLO, SONORA. MX. \u2014 Con base a testimoniales, registros de videoc\u00e1maras, datos de llamadas telef\u00f3nicas e informaci\u00f3n aportada por la empresa de En Sonora en Equipo publicamos toda la informaci\u00f3n de Sonora, M\u00e9xico y el Mundo de manera oportuna y busca que la libertad de expresi\u00f3n sea real. Visita nuestro medio informativo publicado desde Hermosillo, Sonora. %","robots":{"index":"index","follow":"follow","max-snippet":"max-snippet:-1","max-image-preview":"max-image-preview:large","max-video-preview":"max-video-preview:-1"},"canonical":"https:\/\/www.sonoraenequipo.com.mx\/fiscalia-de-sonora-ejecuta-orden-de-aprehension-por-probable-responsiva-de-feminicidio\/","og_locale":"es_ES","og_type":"article","og_title":"Sonora en Equipo. Fiscal\u00eda de Sonora ejecuta orden de aprehensi\u00f3n por probable responsiva de Feminicidio Sonora","og_description":"HERMOSILLO, SONORA. MX. \u2014 Con base a testimoniales, registros de videoc\u00e1maras, datos de llamadas telef\u00f3nicas e informaci\u00f3n aportada por la empresa de En Sonora en Equipo publicamos toda la informaci\u00f3n de Sonora, M\u00e9xico y el Mundo de manera oportuna y busca que la libertad de expresi\u00f3n sea real. Visita nuestro medio informativo publicado desde Hermosillo, Sonora. %","og_url":"https:\/\/www.sonoraenequipo.com.mx\/fiscalia-de-sonora-ejecuta-orden-de-aprehension-por-probable-responsiva-de-feminicidio\/","og_site_name":"Sonora en Equipo.","article_publisher":"https:\/\/www.facebook.com\/SonoraEE\/","article_author":"https:\/\/www.facebook.com\/SonoraEE","article_published_time":"2020-12-10T22:00:46+00:00","article_modified_time":"2020-12-11T20:19:42+00:00","og_image":[{"width":600,"height":341,"url":"https:\/\/www.sonoraenequipo.com.mx\/storage\/2020\/12\/fisalia-de-sonora_opt.jpg","type":"image\/jpeg"}],"author":"enequipo","twitter_card":"summary_large_image","twitter_creator":"@sonoraenequipo","twitter_site":"@sonoraenequipo","twitter_misc":{"Escrito por":"enequipo","Tiempo de lectura":"3 minutos"},"schema":{"@context":"https:\/\/schema.org","@graph":[{"@type":"Article","@id":"https:\/\/www.sonoraenequipo.com.mx\/fiscalia-de-sonora-ejecuta-orden-de-aprehension-por-probable-responsiva-de-feminicidio\/#article","isPartOf":{"@id":"https:\/\/www.sonoraenequipo.com.mx\/fiscalia-de-sonora-ejecuta-orden-de-aprehension-por-probable-responsiva-de-feminicidio\/"},"author":{"name":"enequipo","@id":"https:\/\/www.sonoraenequipo.com.mx\/#\/schema\/person\/50102df0fb23a8fa9e8effad8fa81386"},"headline":"Fiscal\u00eda de Sonora ejecuta orden de aprehensi\u00f3n por probable responsiva de Feminicidio","datePublished":"2020-12-10T22:00:46+00:00","dateModified":"2020-12-11T20:19:42+00:00","mainEntityOfPage":{"@id":"https:\/\/www.sonoraenequipo.com.mx\/fiscalia-de-sonora-ejecuta-orden-de-aprehension-por-probable-responsiva-de-feminicidio\/"},"wordCount":546,"commentCount":0,"publisher":{"@id":"https:\/\/www.sonoraenequipo.com.mx\/#organization"},"image":{"@id":"https:\/\/www.sonoraenequipo.com.mx\/fiscalia-de-sonora-ejecuta-orden-de-aprehension-por-probable-responsiva-de-feminicidio\/#primaryimage"},"thumbnailUrl":"https:\/\/www.sonoraenequipo.com.mx\/storage\/2020\/12\/fisalia-de-sonora_opt.jpg","articleSection":["Sonora"],"inLanguage":"es","potentialAction":[{"@type":"CommentAction","name":"Comment","target":["https:\/\/www.sonoraenequipo.com.mx\/fiscalia-de-sonora-ejecuta-orden-de-aprehension-por-probable-responsiva-de-feminicidio\/#respond"]}]},{"@type":"WebPage","@id":"https:\/\/www.sonoraenequipo.com.mx\/fiscalia-de-sonora-ejecuta-orden-de-aprehension-por-probable-responsiva-de-feminicidio\/","url":"https:\/\/www.sonoraenequipo.com.mx\/fiscalia-de-sonora-ejecuta-orden-de-aprehension-por-probable-responsiva-de-feminicidio\/","name":"Sonora en Equipo. Fiscal\u00eda de Sonora ejecuta orden de aprehensi\u00f3n por probable responsiva de Feminicidio Sonora","isPartOf":{"@id":"https:\/\/www.sonoraenequipo.com.mx\/#website"},"primaryImageOfPage":{"@id":"https:\/\/www.sonoraenequipo.com.mx\/fiscalia-de-sonora-ejecuta-orden-de-aprehension-por-probable-responsiva-de-feminicidio\/#primaryimage"},"image":{"@id":"https:\/\/www.sonoraenequipo.com.mx\/fiscalia-de-sonora-ejecuta-orden-de-aprehension-por-probable-responsiva-de-feminicidio\/#primaryimage"},"thumbnailUrl":"https:\/\/www.sonoraenequipo.com.mx\/storage\/2020\/12\/fisalia-de-sonora_opt.jpg","datePublished":"2020-12-10T22:00:46+00:00","dateModified":"2020-12-11T20:19:42+00:00","description":"HERMOSILLO, SONORA. MX. \u2014 Con base a testimoniales, registros de videoc\u00e1maras, datos de llamadas telef\u00f3nicas e informaci\u00f3n aportada por la empresa de En Sonora en Equipo publicamos toda la informaci\u00f3n de Sonora, M\u00e9xico y el Mundo de manera oportuna y busca que la libertad de expresi\u00f3n sea real. Visita nuestro medio informativo publicado desde Hermosillo, Sonora. %","breadcrumb":{"@id":"https:\/\/www.sonoraenequipo.com.mx\/fiscalia-de-sonora-ejecuta-orden-de-aprehension-por-probable-responsiva-de-feminicidio\/#breadcrumb"},"inLanguage":"es","potentialAction":[{"@type":"ReadAction","target":["https:\/\/www.sonoraenequipo.com.mx\/fiscalia-de-sonora-ejecuta-orden-de-aprehension-por-probable-responsiva-de-feminicidio\/"]}]},{"@type":"ImageObject","inLanguage":"es","@id":"https:\/\/www.sonoraenequipo.com.mx\/fiscalia-de-sonora-ejecuta-orden-de-aprehension-por-probable-responsiva-de-feminicidio\/#primaryimage","url":"https:\/\/www.sonoraenequipo.com.mx\/storage\/2020\/12\/fisalia-de-sonora_opt.jpg","contentUrl":"https:\/\/www.sonoraenequipo.com.mx\/storage\/2020\/12\/fisalia-de-sonora_opt.jpg","width":600,"height":341},{"@type":"BreadcrumbList","@id":"https:\/\/www.sonoraenequipo.com.mx\/fiscalia-de-sonora-ejecuta-orden-de-aprehension-por-probable-responsiva-de-feminicidio\/#breadcrumb","itemListElement":[{"@type":"ListItem","position":1,"name":"Portada","item":"https:\/\/www.sonoraenequipo.com.mx\/"},{"@type":"ListItem","position":2,"name":"Fiscal\u00eda de Sonora ejecuta orden de aprehensi\u00f3n por probable responsiva de Feminicidio"}]},{"@type":"WebSite","@id":"https:\/\/www.sonoraenequipo.com.mx\/#website","url":"https:\/\/www.sonoraenequipo.com.mx\/","name":"Sonora en Equipo.","description":"Diario en l\u00ednea con Noticias desde Hermosillo, Sonora","publisher":{"@id":"https:\/\/www.sonoraenequipo.com.mx\/#organization"},"potentialAction":[{"@type":"SearchAction","target":{"@type":"EntryPoint","urlTemplate":"https:\/\/www.sonoraenequipo.com.mx\/?s={search_term_string}"},"query-input":{"@type":"PropertyValueSpecification","valueRequired":true,"valueName":"search_term_string"}}],"inLanguage":"es"},{"@type":"Organization","@id":"https:\/\/www.sonoraenequipo.com.mx\/#organization","name":"Sonoraenequipo.com.mx","url":"https:\/\/www.sonoraenequipo.com.mx\/","logo":{"@type":"ImageObject","inLanguage":"es","@id":"https:\/\/www.sonoraenequipo.com.mx\/#\/schema\/logo\/image\/","url":"https:\/\/www.sonoraenequipo.com.mx\/storage\/2019\/01\/sonoraenequipo_opt.png","contentUrl":"https:\/\/www.sonoraenequipo.com.mx\/storage\/2019\/01\/sonoraenequipo_opt.png","width":375,"height":125,"caption":"Sonoraenequipo.com.mx"},"image":{"@id":"https:\/\/www.sonoraenequipo.com.mx\/#\/schema\/logo\/image\/"},"sameAs":["https:\/\/www.facebook.com\/SonoraEE\/","https:\/\/x.com\/sonoraenequipo","https:\/\/www.youtube.com\/channel\/UC338nW-lPEYmJQs4ZABQ1SQ"]},{"@type":"Person","@id":"https:\/\/www.sonoraenequipo.com.mx\/#\/schema\/person\/50102df0fb23a8fa9e8effad8fa81386","name":"enequipo","image":{"@type":"ImageObject","inLanguage":"es","@id":"https:\/\/www.sonoraenequipo.com.mx\/#\/schema\/person\/image\/","url":"https:\/\/secure.gravatar.com\/avatar\/049821681b589dabc0bc20695993ccebb09f5b5d4d790cd9251b97faac7c652b?s=96&d=blank&r=g","contentUrl":"https:\/\/secure.gravatar.com\/avatar\/049821681b589dabc0bc20695993ccebb09f5b5d4d790cd9251b97faac7c652b?s=96&d=blank&r=g","caption":"enequipo"},"sameAs":["https:\/\/www.facebook.com\/SonoraEE"]}]}},"jetpack_featured_media_url":"https:\/\/www.sonoraenequipo.com.mx\/storage\/2020\/12\/fisalia-de-sonora_opt.jpg","_links":{"self":[{"href":"https:\/\/www.sonoraenequipo.com.mx\/api\/wp\/v2\/posts\/102411","targetHints":{"allow":["GET"]}}],"collection":[{"href":"https:\/\/www.sonoraenequipo.com.mx\/api\/wp\/v2\/posts"}],"about":[{"href":"https:\/\/www.sonoraenequipo.com.mx\/api\/wp\/v2\/types\/post"}],"author":[{"embeddable":true,"href":"https:\/\/www.sonoraenequipo.com.mx\/api\/wp\/v2\/users\/1"}],"replies":[{"embeddable":true,"href":"https:\/\/www.sonoraenequipo.com.mx\/api\/wp\/v2\/comments?post=102411"}],"version-history":[{"count":1,"href":"https:\/\/www.sonoraenequipo.com.mx\/api\/wp\/v2\/posts\/102411\/revisions"}],"predecessor-version":[{"id":102413,"href":"https:\/\/www.sonoraenequipo.com.mx\/api\/wp\/v2\/posts\/102411\/revisions\/102413"}],"wp:featuredmedia":[{"embeddable":true,"href":"https:\/\/www.sonoraenequipo.com.mx\/api\/wp\/v2\/media\/102412"}],"wp:attachment":[{"href":"https:\/\/www.sonoraenequipo.com.mx\/api\/wp\/v2\/media?parent=102411"}],"wp:term":[{"taxonomy":"category","embeddable":true,"href":"https:\/\/www.sonoraenequipo.com.mx\/api\/wp\/v2\/categories?post=102411"},{"taxonomy":"post_tag","embeddable":true,"href":"https:\/\/www.sonoraenequipo.com.mx\/api\/wp\/v2\/tags?post=102411"}],"curies":[{"name":"wp","href":"https:\/\/api.w.org\/{rel}","templated":true}]}}