{"id":102783,"date":"2020-12-15T21:36:15","date_gmt":"2020-12-16T04:36:15","guid":{"rendered":"https:\/\/www.sonoraenequipo.com.mx\/?p=102783"},"modified":"2020-12-15T19:09:46","modified_gmt":"2020-12-16T02:09:46","slug":"inicia-este-viernes-nuevo-vuelo-entre-ciudad-obregon-y-ciudad-de-mexico","status":"publish","type":"post","link":"https:\/\/www.sonoraenequipo.com.mx\/inicia-este-viernes-nuevo-vuelo-entre-ciudad-obregon-y-ciudad-de-mexico\/","title":{"rendered":"Inicia este viernes nuevo vuelo entre Ciudad Obreg\u00f3n y Ciudad de M\u00e9xico"},"content":{"rendered":"<p>HERMOSILLO, SONORA. MX. \u2014 La conectividad a\u00e9rea de Sonora y sus municipios es clave y de gran relevancia para transitar hacia una reactivaci\u00f3n econ\u00f3mica y tur\u00edstica durante esta pandemia por Coronavirus, expres\u00f3 Luis N\u00fa\u00f1ez Noriega, coordinador general de la Comisi\u00f3n de Fomento al Turismo (Cofetur).<\/p>\n<p>&nbsp;<\/p>\n<p> <\/p>\n<p>&nbsp;<\/p>\n<p>&nbsp;<\/p>\n<p>En reuni\u00f3n virtual con autoridades de la empresa Viva Aerobus, de la Oficina de Convenciones y Visitantes (OCV) y del Consejo de Promoci\u00f3n Econ\u00f3mica de Cajeme, celebr\u00f3 que esta aerol\u00ednea presente su nueva conexi\u00f3n entre Ciudad Obreg\u00f3n y la Ciudad de M\u00e9xico, vuelo que iniciar\u00e1 este viernes 18 de diciembre.<\/p>\n<p>&nbsp;<\/p>\n<p><em>\u00abEs un destino muy importante para nosotros, est\u00e1 creciendo mucho, se est\u00e1 pr\u00e1cticamente poniendo de moda Ciudad Obreg\u00f3n por tantas empresas que est\u00e1n siendo atra\u00eddas con fuertes inversiones. Para nosotros este vuelo es clave y viene a sumarse a estos esfuerzos\u00bb,<\/em> subray\u00f3.<\/p>\n<p>&nbsp;<\/p>\n<p>El trabajo realizado por el sector econ\u00f3mico y la familia tur\u00edstica de ese municipio, a pesar de la pandemia, ha sido factor importante para que las aerol\u00edneas y empresas internacionales vean a Ciudad Obreg\u00f3n como un lugar id\u00f3neo para invertir, se\u00f1al\u00f3.<\/p>\n<p>&nbsp;<\/p>\n<p><em>\u00abCon una muy buena pol\u00edtica econ\u00f3mica que impulsa la gobernadora Claudia Pavlovich Arellano, en la cual la conectividad es un tema sumamente relevante y la atracci\u00f3n de inversiones tambi\u00e9n, estamos viendo empresas que est\u00e1n siendo atra\u00eddas por el clima de negocios, paz laboral y competitividad\u00bb<\/em>, consider\u00f3.<\/p>\n<p>&nbsp;<\/p>\n<p>Walfred Castro, director de Comunicaci\u00f3n Corporativa de Viva Aerobus, expres\u00f3 que para su empresa es una prioridad continuar uniendo a grandes ciudades, adem\u00e1s de hacerlo de forma segura y apegados a los lineamientos que requieren las autoridades de salud para evitar cualquier situaci\u00f3n de riesgo por Coronavirus.<\/p>\n<p>&nbsp;<\/p>\n<p><em>\u00abTener una ruta nueva, porque hemos ido de la mano con turismo de Sonora, lo estamos haciendo de una manera responsable, pero era necesario, no podemos permitirnos que no est\u00e9 fortalecida la conectividad de nuestro pa\u00eds en lugares tan importantes como Ciudad Obreg\u00f3n\u00bb,<\/em> expres\u00f3.<\/p>\n<p>&nbsp;<\/p>\n<p>Participaron de manera virtual Mar\u00eda Luz Castillo, presidente de OCV de Ciudad Obreg\u00f3n; Ra\u00fal Montes Elizondo, director del Consejo de Promoci\u00f3n Econ\u00f3mica de ese municipio; Luis Alberto Gonz\u00e1lez Gonz\u00e1lez, director de Promoci\u00f3n y Eventos de la Cofetur, c\u00e1maras empresariales, medios de comunicaci\u00f3n y ciudadan\u00eda en general.<\/p>\n<p>&nbsp;<\/p>\n<h3>En detalle:<\/h3>\n<p>Ruta inicia el 18 de diciembre<\/p>\n<p>Conexi\u00f3n: Ciudad Obreg\u00f3n &#8211; Ciudad de M\u00e9xico<\/p>\n<p>Frecuencias: Lunes, mi\u00e9rcoles y viernes<\/p>\n<p>Mayor informaci\u00f3n y promociones:<a href=\"http:\/\/www.vivaaerobus.com\"><strong> www.vivaaerobus.com<\/strong><\/a><\/p>\n<p>&nbsp;<\/p>\n<p>&nbsp;<\/p>\n<p>(Publicada el 15\/12\/2020)<\/p>\n","protected":false},"excerpt":{"rendered":"<p>HERMOSILLO, SONORA. MX. \u2014 La conectividad a\u00e9rea de Sonora y sus municipios es clave y&#8230;<\/p>\n","protected":false},"author":1,"featured_media":102784,"comment_status":"open","ping_status":"open","sticky":false,"template":"","format":"standard","meta":{"_monsterinsights_skip_tracking":false,"_monsterinsights_sitenote_active":false,"_monsterinsights_sitenote_note":"","_monsterinsights_sitenote_category":0,"footnotes":""},"categories":[22],"tags":[],"class_list":["post"],"yoast_head":" \n<title>Sonora en Equipo. Inicia este viernes nuevo vuelo entre Ciudad Obreg\u00f3n y Ciudad de M\u00e9xico Sonora<\/title>\n<meta name=\"description\" content=\"HERMOSILLO, SONORA. MX. \u2014 La conectividad a\u00e9rea de Sonora y sus municipios es clave y de gran relevancia para transitar hacia una reactivaci\u00f3n econ\u00f3mica y En Sonora en Equipo publicamos toda la informaci\u00f3n de Sonora, M\u00e9xico y el Mundo de manera oportuna y busca que la libertad de expresi\u00f3n sea real. Visita nuestro medio informativo publicado desde Hermosillo, Sonora. %\" \/>\n<meta name=\"robots\" content=\"index, follow, max-snippet:-1, max-image-preview:large, max-video-preview:-1\" \/>\n<link rel=\"canonical\" href=\"https:\/\/www.sonoraenequipo.com.mx\/inicia-este-viernes-nuevo-vuelo-entre-ciudad-obregon-y-ciudad-de-mexico\/\" \/>\n<meta property=\"og:locale\" content=\"es_ES\" \/>\n<meta property=\"og:type\" content=\"article\" \/>\n<meta property=\"og:title\" content=\"Sonora en Equipo. Inicia este viernes nuevo vuelo entre Ciudad Obreg\u00f3n y Ciudad de M\u00e9xico Sonora\" \/>\n<meta property=\"og:description\" content=\"HERMOSILLO, SONORA. MX. \u2014 La conectividad a\u00e9rea de Sonora y sus municipios es clave y de gran relevancia para transitar hacia una reactivaci\u00f3n econ\u00f3mica y En Sonora en Equipo publicamos toda la informaci\u00f3n de Sonora, M\u00e9xico y el Mundo de manera oportuna y busca que la libertad de expresi\u00f3n sea real. Visita nuestro medio informativo publicado desde Hermosillo, Sonora. %\" \/>\n<meta property=\"og:url\" content=\"https:\/\/www.sonoraenequipo.com.mx\/inicia-este-viernes-nuevo-vuelo-entre-ciudad-obregon-y-ciudad-de-mexico\/\" \/>\n<meta property=\"og:site_name\" content=\"Sonora en Equipo.\" \/>\n<meta property=\"article:publisher\" content=\"https:\/\/www.facebook.com\/SonoraEE\/\" \/>\n<meta property=\"article:author\" content=\"https:\/\/www.facebook.com\/SonoraEE\" \/>\n<meta property=\"article:published_time\" content=\"2020-12-16T04:36:15+00:00\" \/>\n<meta property=\"og:image\" content=\"https:\/\/www.sonoraenequipo.com.mx\/storage\/2020\/12\/Luis-Nunez_opt4.jpg\" \/>\n\t<meta property=\"og:image:width\" content=\"580\" \/>\n\t<meta property=\"og:image:height\" content=\"385\" \/>\n\t<meta property=\"og:image:type\" content=\"image\/jpeg\" \/>\n<meta name=\"author\" content=\"enequipo\" \/>\n<meta name=\"twitter:card\" content=\"summary_large_image\" \/>\n<meta name=\"twitter:creator\" content=\"@sonoraenequipo\" \/>\n<meta name=\"twitter:site\" content=\"@sonoraenequipo\" \/>\n<meta name=\"twitter:label1\" content=\"Escrito por\" \/>\n\t<meta name=\"twitter:data1\" content=\"enequipo\" \/>\n\t<meta name=\"twitter:label2\" content=\"Tiempo de lectura\" \/>\n\t<meta name=\"twitter:data2\" content=\"2 minutos\" \/>\n<script type=\"application\/ld+json\" class=\"yoast-schema-graph\">{\"@context\":\"https:\/\/schema.org\",\"@graph\":[{\"@type\":\"Article\",\"@id\":\"https:\/\/www.sonoraenequipo.com.mx\/inicia-este-viernes-nuevo-vuelo-entre-ciudad-obregon-y-ciudad-de-mexico\/#article\",\"isPartOf\":{\"@id\":\"https:\/\/www.sonoraenequipo.com.mx\/inicia-este-viernes-nuevo-vuelo-entre-ciudad-obregon-y-ciudad-de-mexico\/\"},\"author\":{\"name\":\"enequipo\",\"@id\":\"https:\/\/www.sonoraenequipo.com.mx\/#\/schema\/person\/50102df0fb23a8fa9e8effad8fa81386\"},\"headline\":\"Inicia este viernes nuevo vuelo entre Ciudad Obreg\u00f3n y Ciudad de M\u00e9xico\",\"datePublished\":\"2020-12-16T04:36:15+00:00\",\"mainEntityOfPage\":{\"@id\":\"https:\/\/www.sonoraenequipo.com.mx\/inicia-este-viernes-nuevo-vuelo-entre-ciudad-obregon-y-ciudad-de-mexico\/\"},\"wordCount\":463,\"commentCount\":0,\"publisher\":{\"@id\":\"https:\/\/www.sonoraenequipo.com.mx\/#organization\"},\"image\":{\"@id\":\"https:\/\/www.sonoraenequipo.com.mx\/inicia-este-viernes-nuevo-vuelo-entre-ciudad-obregon-y-ciudad-de-mexico\/#primaryimage\"},\"thumbnailUrl\":\"https:\/\/www.sonoraenequipo.com.mx\/storage\/2020\/12\/Luis-Nunez_opt4.jpg\",\"articleSection\":[\"Sonora\"],\"inLanguage\":\"es\",\"potentialAction\":[{\"@type\":\"CommentAction\",\"name\":\"Comment\",\"target\":[\"https:\/\/www.sonoraenequipo.com.mx\/inicia-este-viernes-nuevo-vuelo-entre-ciudad-obregon-y-ciudad-de-mexico\/#respond\"]}]},{\"@type\":\"WebPage\",\"@id\":\"https:\/\/www.sonoraenequipo.com.mx\/inicia-este-viernes-nuevo-vuelo-entre-ciudad-obregon-y-ciudad-de-mexico\/\",\"url\":\"https:\/\/www.sonoraenequipo.com.mx\/inicia-este-viernes-nuevo-vuelo-entre-ciudad-obregon-y-ciudad-de-mexico\/\",\"name\":\"Sonora en Equipo. Inicia este viernes nuevo vuelo entre Ciudad Obreg\u00f3n y Ciudad de M\u00e9xico Sonora\",\"isPartOf\":{\"@id\":\"https:\/\/www.sonoraenequipo.com.mx\/#website\"},\"primaryImageOfPage\":{\"@id\":\"https:\/\/www.sonoraenequipo.com.mx\/inicia-este-viernes-nuevo-vuelo-entre-ciudad-obregon-y-ciudad-de-mexico\/#primaryimage\"},\"image\":{\"@id\":\"https:\/\/www.sonoraenequipo.com.mx\/inicia-este-viernes-nuevo-vuelo-entre-ciudad-obregon-y-ciudad-de-mexico\/#primaryimage\"},\"thumbnailUrl\":\"https:\/\/www.sonoraenequipo.com.mx\/storage\/2020\/12\/Luis-Nunez_opt4.jpg\",\"datePublished\":\"2020-12-16T04:36:15+00:00\",\"description\":\"HERMOSILLO, SONORA. MX. \u2014 La conectividad a\u00e9rea de Sonora y sus municipios es clave y de gran relevancia para transitar hacia una reactivaci\u00f3n econ\u00f3mica y En Sonora en Equipo publicamos toda la informaci\u00f3n de Sonora, M\u00e9xico y el Mundo de manera oportuna y busca que la libertad de expresi\u00f3n sea real. Visita nuestro medio informativo publicado desde Hermosillo, Sonora. %\",\"breadcrumb\":{\"@id\":\"https:\/\/www.sonoraenequipo.com.mx\/inicia-este-viernes-nuevo-vuelo-entre-ciudad-obregon-y-ciudad-de-mexico\/#breadcrumb\"},\"inLanguage\":\"es\",\"potentialAction\":[{\"@type\":\"ReadAction\",\"target\":[\"https:\/\/www.sonoraenequipo.com.mx\/inicia-este-viernes-nuevo-vuelo-entre-ciudad-obregon-y-ciudad-de-mexico\/\"]}]},{\"@type\":\"ImageObject\",\"inLanguage\":\"es\",\"@id\":\"https:\/\/www.sonoraenequipo.com.mx\/inicia-este-viernes-nuevo-vuelo-entre-ciudad-obregon-y-ciudad-de-mexico\/#primaryimage\",\"url\":\"https:\/\/www.sonoraenequipo.com.mx\/storage\/2020\/12\/Luis-Nunez_opt4.jpg\",\"contentUrl\":\"https:\/\/www.sonoraenequipo.com.mx\/storage\/2020\/12\/Luis-Nunez_opt4.jpg\",\"width\":580,\"height\":385},{\"@type\":\"BreadcrumbList\",\"@id\":\"https:\/\/www.sonoraenequipo.com.mx\/inicia-este-viernes-nuevo-vuelo-entre-ciudad-obregon-y-ciudad-de-mexico\/#breadcrumb\",\"itemListElement\":[{\"@type\":\"ListItem\",\"position\":1,\"name\":\"Portada\",\"item\":\"https:\/\/www.sonoraenequipo.com.mx\/\"},{\"@type\":\"ListItem\",\"position\":2,\"name\":\"Inicia este viernes nuevo vuelo entre Ciudad Obreg\u00f3n y Ciudad de M\u00e9xico\"}]},{\"@type\":\"WebSite\",\"@id\":\"https:\/\/www.sonoraenequipo.com.mx\/#website\",\"url\":\"https:\/\/www.sonoraenequipo.com.mx\/\",\"name\":\"Sonora en Equipo.\",\"description\":\"Diario en l\u00ednea con Noticias desde Hermosillo, Sonora\",\"publisher\":{\"@id\":\"https:\/\/www.sonoraenequipo.com.mx\/#organization\"},\"potentialAction\":[{\"@type\":\"SearchAction\",\"target\":{\"@type\":\"EntryPoint\",\"urlTemplate\":\"https:\/\/www.sonoraenequipo.com.mx\/?s={search_term_string}\"},\"query-input\":{\"@type\":\"PropertyValueSpecification\",\"valueRequired\":true,\"valueName\":\"search_term_string\"}}],\"inLanguage\":\"es\"},{\"@type\":\"Organization\",\"@id\":\"https:\/\/www.sonoraenequipo.com.mx\/#organization\",\"name\":\"Sonoraenequipo.com.mx\",\"url\":\"https:\/\/www.sonoraenequipo.com.mx\/\",\"logo\":{\"@type\":\"ImageObject\",\"inLanguage\":\"es\",\"@id\":\"https:\/\/www.sonoraenequipo.com.mx\/#\/schema\/logo\/image\/\",\"url\":\"https:\/\/www.sonoraenequipo.com.mx\/storage\/2019\/01\/sonoraenequipo_opt.png\",\"contentUrl\":\"https:\/\/www.sonoraenequipo.com.mx\/storage\/2019\/01\/sonoraenequipo_opt.png\",\"width\":375,\"height\":125,\"caption\":\"Sonoraenequipo.com.mx\"},\"image\":{\"@id\":\"https:\/\/www.sonoraenequipo.com.mx\/#\/schema\/logo\/image\/\"},\"sameAs\":[\"https:\/\/www.facebook.com\/SonoraEE\/\",\"https:\/\/x.com\/sonoraenequipo\",\"https:\/\/www.youtube.com\/channel\/UC338nW-lPEYmJQs4ZABQ1SQ\"]},{\"@type\":\"Person\",\"@id\":\"https:\/\/www.sonoraenequipo.com.mx\/#\/schema\/person\/50102df0fb23a8fa9e8effad8fa81386\",\"name\":\"enequipo\",\"image\":{\"@type\":\"ImageObject\",\"inLanguage\":\"es\",\"@id\":\"https:\/\/www.sonoraenequipo.com.mx\/#\/schema\/person\/image\/\",\"url\":\"https:\/\/secure.gravatar.com\/avatar\/049821681b589dabc0bc20695993ccebb09f5b5d4d790cd9251b97faac7c652b?s=96&d=blank&r=g\",\"contentUrl\":\"https:\/\/secure.gravatar.com\/avatar\/049821681b589dabc0bc20695993ccebb09f5b5d4d790cd9251b97faac7c652b?s=96&d=blank&r=g\",\"caption\":\"enequipo\"},\"sameAs\":[\"https:\/\/www.facebook.com\/SonoraEE\"]}]}<\/script>\n ","yoast_head_json":{"title":"Sonora en Equipo. Inicia este viernes nuevo vuelo entre Ciudad Obreg\u00f3n y Ciudad de M\u00e9xico Sonora","description":"HERMOSILLO, SONORA. MX. \u2014 La conectividad a\u00e9rea de Sonora y sus municipios es clave y de gran relevancia para transitar hacia una reactivaci\u00f3n econ\u00f3mica y En Sonora en Equipo publicamos toda la informaci\u00f3n de Sonora, M\u00e9xico y el Mundo de manera oportuna y busca que la libertad de expresi\u00f3n sea real. Visita nuestro medio informativo publicado desde Hermosillo, Sonora. %","robots":{"index":"index","follow":"follow","max-snippet":"max-snippet:-1","max-image-preview":"max-image-preview:large","max-video-preview":"max-video-preview:-1"},"canonical":"https:\/\/www.sonoraenequipo.com.mx\/inicia-este-viernes-nuevo-vuelo-entre-ciudad-obregon-y-ciudad-de-mexico\/","og_locale":"es_ES","og_type":"article","og_title":"Sonora en Equipo. Inicia este viernes nuevo vuelo entre Ciudad Obreg\u00f3n y Ciudad de M\u00e9xico Sonora","og_description":"HERMOSILLO, SONORA. MX. \u2014 La conectividad a\u00e9rea de Sonora y sus municipios es clave y de gran relevancia para transitar hacia una reactivaci\u00f3n econ\u00f3mica y En Sonora en Equipo publicamos toda la informaci\u00f3n de Sonora, M\u00e9xico y el Mundo de manera oportuna y busca que la libertad de expresi\u00f3n sea real. Visita nuestro medio informativo publicado desde Hermosillo, Sonora. %","og_url":"https:\/\/www.sonoraenequipo.com.mx\/inicia-este-viernes-nuevo-vuelo-entre-ciudad-obregon-y-ciudad-de-mexico\/","og_site_name":"Sonora en Equipo.","article_publisher":"https:\/\/www.facebook.com\/SonoraEE\/","article_author":"https:\/\/www.facebook.com\/SonoraEE","article_published_time":"2020-12-16T04:36:15+00:00","og_image":[{"width":580,"height":385,"url":"https:\/\/www.sonoraenequipo.com.mx\/storage\/2020\/12\/Luis-Nunez_opt4.jpg","type":"image\/jpeg"}],"author":"enequipo","twitter_card":"summary_large_image","twitter_creator":"@sonoraenequipo","twitter_site":"@sonoraenequipo","twitter_misc":{"Escrito por":"enequipo","Tiempo de lectura":"2 minutos"},"schema":{"@context":"https:\/\/schema.org","@graph":[{"@type":"Article","@id":"https:\/\/www.sonoraenequipo.com.mx\/inicia-este-viernes-nuevo-vuelo-entre-ciudad-obregon-y-ciudad-de-mexico\/#article","isPartOf":{"@id":"https:\/\/www.sonoraenequipo.com.mx\/inicia-este-viernes-nuevo-vuelo-entre-ciudad-obregon-y-ciudad-de-mexico\/"},"author":{"name":"enequipo","@id":"https:\/\/www.sonoraenequipo.com.mx\/#\/schema\/person\/50102df0fb23a8fa9e8effad8fa81386"},"headline":"Inicia este viernes nuevo vuelo entre Ciudad Obreg\u00f3n y Ciudad de M\u00e9xico","datePublished":"2020-12-16T04:36:15+00:00","mainEntityOfPage":{"@id":"https:\/\/www.sonoraenequipo.com.mx\/inicia-este-viernes-nuevo-vuelo-entre-ciudad-obregon-y-ciudad-de-mexico\/"},"wordCount":463,"commentCount":0,"publisher":{"@id":"https:\/\/www.sonoraenequipo.com.mx\/#organization"},"image":{"@id":"https:\/\/www.sonoraenequipo.com.mx\/inicia-este-viernes-nuevo-vuelo-entre-ciudad-obregon-y-ciudad-de-mexico\/#primaryimage"},"thumbnailUrl":"https:\/\/www.sonoraenequipo.com.mx\/storage\/2020\/12\/Luis-Nunez_opt4.jpg","articleSection":["Sonora"],"inLanguage":"es","potentialAction":[{"@type":"CommentAction","name":"Comment","target":["https:\/\/www.sonoraenequipo.com.mx\/inicia-este-viernes-nuevo-vuelo-entre-ciudad-obregon-y-ciudad-de-mexico\/#respond"]}]},{"@type":"WebPage","@id":"https:\/\/www.sonoraenequipo.com.mx\/inicia-este-viernes-nuevo-vuelo-entre-ciudad-obregon-y-ciudad-de-mexico\/","url":"https:\/\/www.sonoraenequipo.com.mx\/inicia-este-viernes-nuevo-vuelo-entre-ciudad-obregon-y-ciudad-de-mexico\/","name":"Sonora en Equipo. Inicia este viernes nuevo vuelo entre Ciudad Obreg\u00f3n y Ciudad de M\u00e9xico Sonora","isPartOf":{"@id":"https:\/\/www.sonoraenequipo.com.mx\/#website"},"primaryImageOfPage":{"@id":"https:\/\/www.sonoraenequipo.com.mx\/inicia-este-viernes-nuevo-vuelo-entre-ciudad-obregon-y-ciudad-de-mexico\/#primaryimage"},"image":{"@id":"https:\/\/www.sonoraenequipo.com.mx\/inicia-este-viernes-nuevo-vuelo-entre-ciudad-obregon-y-ciudad-de-mexico\/#primaryimage"},"thumbnailUrl":"https:\/\/www.sonoraenequipo.com.mx\/storage\/2020\/12\/Luis-Nunez_opt4.jpg","datePublished":"2020-12-16T04:36:15+00:00","description":"HERMOSILLO, SONORA. MX. \u2014 La conectividad a\u00e9rea de Sonora y sus municipios es clave y de gran relevancia para transitar hacia una reactivaci\u00f3n econ\u00f3mica y En Sonora en Equipo publicamos toda la informaci\u00f3n de Sonora, M\u00e9xico y el Mundo de manera oportuna y busca que la libertad de expresi\u00f3n sea real. Visita nuestro medio informativo publicado desde Hermosillo, Sonora. %","breadcrumb":{"@id":"https:\/\/www.sonoraenequipo.com.mx\/inicia-este-viernes-nuevo-vuelo-entre-ciudad-obregon-y-ciudad-de-mexico\/#breadcrumb"},"inLanguage":"es","potentialAction":[{"@type":"ReadAction","target":["https:\/\/www.sonoraenequipo.com.mx\/inicia-este-viernes-nuevo-vuelo-entre-ciudad-obregon-y-ciudad-de-mexico\/"]}]},{"@type":"ImageObject","inLanguage":"es","@id":"https:\/\/www.sonoraenequipo.com.mx\/inicia-este-viernes-nuevo-vuelo-entre-ciudad-obregon-y-ciudad-de-mexico\/#primaryimage","url":"https:\/\/www.sonoraenequipo.com.mx\/storage\/2020\/12\/Luis-Nunez_opt4.jpg","contentUrl":"https:\/\/www.sonoraenequipo.com.mx\/storage\/2020\/12\/Luis-Nunez_opt4.jpg","width":580,"height":385},{"@type":"BreadcrumbList","@id":"https:\/\/www.sonoraenequipo.com.mx\/inicia-este-viernes-nuevo-vuelo-entre-ciudad-obregon-y-ciudad-de-mexico\/#breadcrumb","itemListElement":[{"@type":"ListItem","position":1,"name":"Portada","item":"https:\/\/www.sonoraenequipo.com.mx\/"},{"@type":"ListItem","position":2,"name":"Inicia este viernes nuevo vuelo entre Ciudad Obreg\u00f3n y Ciudad de M\u00e9xico"}]},{"@type":"WebSite","@id":"https:\/\/www.sonoraenequipo.com.mx\/#website","url":"https:\/\/www.sonoraenequipo.com.mx\/","name":"Sonora en Equipo.","description":"Diario en l\u00ednea con Noticias desde Hermosillo, Sonora","publisher":{"@id":"https:\/\/www.sonoraenequipo.com.mx\/#organization"},"potentialAction":[{"@type":"SearchAction","target":{"@type":"EntryPoint","urlTemplate":"https:\/\/www.sonoraenequipo.com.mx\/?s={search_term_string}"},"query-input":{"@type":"PropertyValueSpecification","valueRequired":true,"valueName":"search_term_string"}}],"inLanguage":"es"},{"@type":"Organization","@id":"https:\/\/www.sonoraenequipo.com.mx\/#organization","name":"Sonoraenequipo.com.mx","url":"https:\/\/www.sonoraenequipo.com.mx\/","logo":{"@type":"ImageObject","inLanguage":"es","@id":"https:\/\/www.sonoraenequipo.com.mx\/#\/schema\/logo\/image\/","url":"https:\/\/www.sonoraenequipo.com.mx\/storage\/2019\/01\/sonoraenequipo_opt.png","contentUrl":"https:\/\/www.sonoraenequipo.com.mx\/storage\/2019\/01\/sonoraenequipo_opt.png","width":375,"height":125,"caption":"Sonoraenequipo.com.mx"},"image":{"@id":"https:\/\/www.sonoraenequipo.com.mx\/#\/schema\/logo\/image\/"},"sameAs":["https:\/\/www.facebook.com\/SonoraEE\/","https:\/\/x.com\/sonoraenequipo","https:\/\/www.youtube.com\/channel\/UC338nW-lPEYmJQs4ZABQ1SQ"]},{"@type":"Person","@id":"https:\/\/www.sonoraenequipo.com.mx\/#\/schema\/person\/50102df0fb23a8fa9e8effad8fa81386","name":"enequipo","image":{"@type":"ImageObject","inLanguage":"es","@id":"https:\/\/www.sonoraenequipo.com.mx\/#\/schema\/person\/image\/","url":"https:\/\/secure.gravatar.com\/avatar\/049821681b589dabc0bc20695993ccebb09f5b5d4d790cd9251b97faac7c652b?s=96&d=blank&r=g","contentUrl":"https:\/\/secure.gravatar.com\/avatar\/049821681b589dabc0bc20695993ccebb09f5b5d4d790cd9251b97faac7c652b?s=96&d=blank&r=g","caption":"enequipo"},"sameAs":["https:\/\/www.facebook.com\/SonoraEE"]}]}},"jetpack_featured_media_url":"https:\/\/www.sonoraenequipo.com.mx\/storage\/2020\/12\/Luis-Nunez_opt4.jpg","_links":{"self":[{"href":"https:\/\/www.sonoraenequipo.com.mx\/api\/wp\/v2\/posts\/102783","targetHints":{"allow":["GET"]}}],"collection":[{"href":"https:\/\/www.sonoraenequipo.com.mx\/api\/wp\/v2\/posts"}],"about":[{"href":"https:\/\/www.sonoraenequipo.com.mx\/api\/wp\/v2\/types\/post"}],"author":[{"embeddable":true,"href":"https:\/\/www.sonoraenequipo.com.mx\/api\/wp\/v2\/users\/1"}],"replies":[{"embeddable":true,"href":"https:\/\/www.sonoraenequipo.com.mx\/api\/wp\/v2\/comments?post=102783"}],"version-history":[{"count":1,"href":"https:\/\/www.sonoraenequipo.com.mx\/api\/wp\/v2\/posts\/102783\/revisions"}],"predecessor-version":[{"id":102785,"href":"https:\/\/www.sonoraenequipo.com.mx\/api\/wp\/v2\/posts\/102783\/revisions\/102785"}],"wp:featuredmedia":[{"embeddable":true,"href":"https:\/\/www.sonoraenequipo.com.mx\/api\/wp\/v2\/media\/102784"}],"wp:attachment":[{"href":"https:\/\/www.sonoraenequipo.com.mx\/api\/wp\/v2\/media?parent=102783"}],"wp:term":[{"taxonomy":"category","embeddable":true,"href":"https:\/\/www.sonoraenequipo.com.mx\/api\/wp\/v2\/categories?post=102783"},{"taxonomy":"post_tag","embeddable":true,"href":"https:\/\/www.sonoraenequipo.com.mx\/api\/wp\/v2\/tags?post=102783"}],"curies":[{"name":"wp","href":"https:\/\/api.w.org\/{rel}","templated":true}]}}