{"id":102794,"date":"2020-12-15T23:15:12","date_gmt":"2020-12-16T06:15:12","guid":{"rendered":"https:\/\/www.sonoraenequipo.com.mx\/?p=102794"},"modified":"2020-12-15T21:53:55","modified_gmt":"2020-12-16T04:53:55","slug":"pri-pan-y-prd-amarran-alianzas-para-gobernador-hasta-ahora-en-5-estados","status":"publish","type":"post","link":"https:\/\/www.sonoraenequipo.com.mx\/pri-pan-y-prd-amarran-alianzas-para-gobernador-hasta-ahora-en-5-estados\/","title":{"rendered":"PRI,PAN y PRD amarran alianzas para gobernador hasta ahora en 5 estados"},"content":{"rendered":"<p>Las dirigencias del PRI, PAN y PRD amarran alianzas para postular a candidatos en 5 de los 15 estados donde se elegir\u00e1 gobernador en 2021; en NL fracas\u00f3 la alianza<\/p>\n<p>HERMOSILLO, SONORA,MX.\u2500\u2500Para derrotar a Morena, sin importar que tan hist\u00f3rica e ideol\u00f3gicamente sean incompatibles, las dirigencias del PRI, PAN y PRD han pactado alianzas para postular a candidatos en com\u00fan en por lo menos cinco de los 15 estados donde se elegir\u00e1 gobernador el pr\u00f3ximo 6 de junio de 2021.<\/p>\n<p>La tendencia aliancista para cerrar el paso a Morena -que en 2018 arrasaron en todo el pa\u00eds, ganando incluso la Presidencia de la Rep\u00fablica- sigue avanzando en otras entidades, pues en algunas tienen hasta enero para registrar coaliciones electorales. Los dirigentes de los tres partidos, a nivel federal y estatal, mantienen el di\u00e1logo sobre estas posibilidades.<\/p>\n<p>Hasta el momento, en Baja California, Michoac\u00e1n, San Luis Potos\u00ed, Sonora, y Zacatecas los dirigentes de los tres organismos pol\u00edticos ya firmaron cartas de intenci\u00f3n, adem\u00e1s de establecer las reglas para la designaci\u00f3n de sus candidatos a la gubernatura.<\/p>\n<p>&nbsp;<\/p>\n<p>Pero la uni\u00f3n entre estas tres fuerzas es contradictoria, seg\u00fan sus mismos estatutos. El Partido Acci\u00f3n Nacional (PAN), que se define como de derecha, naci\u00f3 en 1939 como oposici\u00f3n al Partido Nacional Revolucionario (PNR), que en 1946 adopt\u00f3 el nombre de Partido Revolucionario Institucional (PRI). Mientras que el Partido de la Revoluci\u00f3n Democr\u00e1tica (PRD) se fund\u00f3 en 1989, resultado de la fusi\u00f3n de seis fuerzas pol\u00edticas de izquierda.<\/p>\n<p>Fecha de publicaci\u00f3n 15\/dic\/2021\/ La silla rota<\/p>\n","protected":false},"excerpt":{"rendered":"<p>Las dirigencias del PRI, PAN y PRD amarran alianzas para postular a candidatos en 5&#8230;<\/p>\n","protected":false},"author":1,"featured_media":102821,"comment_status":"open","ping_status":"open","sticky":false,"template":"","format":"standard","meta":{"_monsterinsights_skip_tracking":false,"_monsterinsights_sitenote_active":false,"_monsterinsights_sitenote_note":"","_monsterinsights_sitenote_category":0,"footnotes":""},"categories":[5],"tags":[5206,5275,106,107,105],"class_list":["post"],"yoast_head":" \n<title>Sonora en Equipo. PRI,PAN y PRD amarran alianzas para gobernador hasta ahora en 5 estados Rep\u00fablica<\/title>\n<meta name=\"description\" content=\"Las dirigencias del PRI, PAN y PRD amarran alianzas para postular a candidatos en 5 de los 15 estados donde se elegir\u00e1 gobernador en 2021; en NL fracas\u00f3 En Sonora en Equipo publicamos toda la informaci\u00f3n de Sonora, M\u00e9xico y el Mundo de manera oportuna y busca que la libertad de expresi\u00f3n sea real. Visita nuestro medio informativo publicado desde Hermosillo, Sonora. %\" \/>\n<meta name=\"robots\" content=\"index, follow, max-snippet:-1, max-image-preview:large, max-video-preview:-1\" \/>\n<link rel=\"canonical\" href=\"https:\/\/www.sonoraenequipo.com.mx\/pri-pan-y-prd-amarran-alianzas-para-gobernador-hasta-ahora-en-5-estados\/\" \/>\n<meta property=\"og:locale\" content=\"es_ES\" \/>\n<meta property=\"og:type\" content=\"article\" \/>\n<meta property=\"og:title\" content=\"Sonora en Equipo. PRI,PAN y PRD amarran alianzas para gobernador hasta ahora en 5 estados Rep\u00fablica\" \/>\n<meta property=\"og:description\" content=\"Las dirigencias del PRI, PAN y PRD amarran alianzas para postular a candidatos en 5 de los 15 estados donde se elegir\u00e1 gobernador en 2021; en NL fracas\u00f3 En Sonora en Equipo publicamos toda la informaci\u00f3n de Sonora, M\u00e9xico y el Mundo de manera oportuna y busca que la libertad de expresi\u00f3n sea real. Visita nuestro medio informativo publicado desde Hermosillo, Sonora. %\" \/>\n<meta property=\"og:url\" content=\"https:\/\/www.sonoraenequipo.com.mx\/pri-pan-y-prd-amarran-alianzas-para-gobernador-hasta-ahora-en-5-estados\/\" \/>\n<meta property=\"og:site_name\" content=\"Sonora en Equipo.\" \/>\n<meta property=\"article:publisher\" content=\"https:\/\/www.facebook.com\/SonoraEE\/\" \/>\n<meta property=\"article:author\" content=\"https:\/\/www.facebook.com\/SonoraEE\" \/>\n<meta property=\"article:published_time\" content=\"2020-12-16T06:15:12+00:00\" \/>\n<meta property=\"og:image\" content=\"https:\/\/www.sonoraenequipo.com.mx\/storage\/2020\/12\/pripanprd.jpg\" \/>\n\t<meta property=\"og:image:width\" content=\"600\" \/>\n\t<meta property=\"og:image:height\" content=\"374\" \/>\n\t<meta property=\"og:image:type\" content=\"image\/jpeg\" \/>\n<meta name=\"author\" content=\"enequipo\" \/>\n<meta name=\"twitter:card\" content=\"summary_large_image\" \/>\n<meta name=\"twitter:creator\" content=\"@sonoraenequipo\" \/>\n<meta name=\"twitter:site\" content=\"@sonoraenequipo\" \/>\n<meta name=\"twitter:label1\" content=\"Escrito por\" \/>\n\t<meta name=\"twitter:data1\" content=\"enequipo\" \/>\n\t<meta name=\"twitter:label2\" content=\"Tiempo de lectura\" \/>\n\t<meta name=\"twitter:data2\" content=\"1 minuto\" \/>\n<script type=\"application\/ld+json\" class=\"yoast-schema-graph\">{\"@context\":\"https:\/\/schema.org\",\"@graph\":[{\"@type\":\"Article\",\"@id\":\"https:\/\/www.sonoraenequipo.com.mx\/pri-pan-y-prd-amarran-alianzas-para-gobernador-hasta-ahora-en-5-estados\/#article\",\"isPartOf\":{\"@id\":\"https:\/\/www.sonoraenequipo.com.mx\/pri-pan-y-prd-amarran-alianzas-para-gobernador-hasta-ahora-en-5-estados\/\"},\"author\":{\"name\":\"enequipo\",\"@id\":\"https:\/\/www.sonoraenequipo.com.mx\/#\/schema\/person\/50102df0fb23a8fa9e8effad8fa81386\"},\"headline\":\"PRI,PAN y PRD amarran alianzas para gobernador hasta ahora en 5 estados\",\"datePublished\":\"2020-12-16T06:15:12+00:00\",\"mainEntityOfPage\":{\"@id\":\"https:\/\/www.sonoraenequipo.com.mx\/pri-pan-y-prd-amarran-alianzas-para-gobernador-hasta-ahora-en-5-estados\/\"},\"wordCount\":276,\"commentCount\":0,\"publisher\":{\"@id\":\"https:\/\/www.sonoraenequipo.com.mx\/#organization\"},\"image\":{\"@id\":\"https:\/\/www.sonoraenequipo.com.mx\/pri-pan-y-prd-amarran-alianzas-para-gobernador-hasta-ahora-en-5-estados\/#primaryimage\"},\"thumbnailUrl\":\"https:\/\/www.sonoraenequipo.com.mx\/storage\/2020\/12\/pripanprd.jpg\",\"keywords\":[\"alianza\",\"elecci\u00f3n 2020\",\"pan\",\"prd\",\"pri\"],\"articleSection\":[\"Rep\u00fablica\"],\"inLanguage\":\"es\",\"potentialAction\":[{\"@type\":\"CommentAction\",\"name\":\"Comment\",\"target\":[\"https:\/\/www.sonoraenequipo.com.mx\/pri-pan-y-prd-amarran-alianzas-para-gobernador-hasta-ahora-en-5-estados\/#respond\"]}]},{\"@type\":\"WebPage\",\"@id\":\"https:\/\/www.sonoraenequipo.com.mx\/pri-pan-y-prd-amarran-alianzas-para-gobernador-hasta-ahora-en-5-estados\/\",\"url\":\"https:\/\/www.sonoraenequipo.com.mx\/pri-pan-y-prd-amarran-alianzas-para-gobernador-hasta-ahora-en-5-estados\/\",\"name\":\"Sonora en Equipo. PRI,PAN y PRD amarran alianzas para gobernador hasta ahora en 5 estados Rep\u00fablica\",\"isPartOf\":{\"@id\":\"https:\/\/www.sonoraenequipo.com.mx\/#website\"},\"primaryImageOfPage\":{\"@id\":\"https:\/\/www.sonoraenequipo.com.mx\/pri-pan-y-prd-amarran-alianzas-para-gobernador-hasta-ahora-en-5-estados\/#primaryimage\"},\"image\":{\"@id\":\"https:\/\/www.sonoraenequipo.com.mx\/pri-pan-y-prd-amarran-alianzas-para-gobernador-hasta-ahora-en-5-estados\/#primaryimage\"},\"thumbnailUrl\":\"https:\/\/www.sonoraenequipo.com.mx\/storage\/2020\/12\/pripanprd.jpg\",\"datePublished\":\"2020-12-16T06:15:12+00:00\",\"description\":\"Las dirigencias del PRI, PAN y PRD amarran alianzas para postular a candidatos en 5 de los 15 estados donde se elegir\u00e1 gobernador en 2021; en NL fracas\u00f3 En Sonora en Equipo publicamos toda la informaci\u00f3n de Sonora, M\u00e9xico y el Mundo de manera oportuna y busca que la libertad de expresi\u00f3n sea real. Visita nuestro medio informativo publicado desde Hermosillo, Sonora. %\",\"breadcrumb\":{\"@id\":\"https:\/\/www.sonoraenequipo.com.mx\/pri-pan-y-prd-amarran-alianzas-para-gobernador-hasta-ahora-en-5-estados\/#breadcrumb\"},\"inLanguage\":\"es\",\"potentialAction\":[{\"@type\":\"ReadAction\",\"target\":[\"https:\/\/www.sonoraenequipo.com.mx\/pri-pan-y-prd-amarran-alianzas-para-gobernador-hasta-ahora-en-5-estados\/\"]}]},{\"@type\":\"ImageObject\",\"inLanguage\":\"es\",\"@id\":\"https:\/\/www.sonoraenequipo.com.mx\/pri-pan-y-prd-amarran-alianzas-para-gobernador-hasta-ahora-en-5-estados\/#primaryimage\",\"url\":\"https:\/\/www.sonoraenequipo.com.mx\/storage\/2020\/12\/pripanprd.jpg\",\"contentUrl\":\"https:\/\/www.sonoraenequipo.com.mx\/storage\/2020\/12\/pripanprd.jpg\",\"width\":600,\"height\":374},{\"@type\":\"BreadcrumbList\",\"@id\":\"https:\/\/www.sonoraenequipo.com.mx\/pri-pan-y-prd-amarran-alianzas-para-gobernador-hasta-ahora-en-5-estados\/#breadcrumb\",\"itemListElement\":[{\"@type\":\"ListItem\",\"position\":1,\"name\":\"Portada\",\"item\":\"https:\/\/www.sonoraenequipo.com.mx\/\"},{\"@type\":\"ListItem\",\"position\":2,\"name\":\"PRI,PAN y PRD amarran alianzas para gobernador hasta ahora en 5 estados\"}]},{\"@type\":\"WebSite\",\"@id\":\"https:\/\/www.sonoraenequipo.com.mx\/#website\",\"url\":\"https:\/\/www.sonoraenequipo.com.mx\/\",\"name\":\"Sonora en Equipo.\",\"description\":\"Diario en l\u00ednea con Noticias desde Hermosillo, Sonora\",\"publisher\":{\"@id\":\"https:\/\/www.sonoraenequipo.com.mx\/#organization\"},\"potentialAction\":[{\"@type\":\"SearchAction\",\"target\":{\"@type\":\"EntryPoint\",\"urlTemplate\":\"https:\/\/www.sonoraenequipo.com.mx\/?s={search_term_string}\"},\"query-input\":{\"@type\":\"PropertyValueSpecification\",\"valueRequired\":true,\"valueName\":\"search_term_string\"}}],\"inLanguage\":\"es\"},{\"@type\":\"Organization\",\"@id\":\"https:\/\/www.sonoraenequipo.com.mx\/#organization\",\"name\":\"Sonoraenequipo.com.mx\",\"url\":\"https:\/\/www.sonoraenequipo.com.mx\/\",\"logo\":{\"@type\":\"ImageObject\",\"inLanguage\":\"es\",\"@id\":\"https:\/\/www.sonoraenequipo.com.mx\/#\/schema\/logo\/image\/\",\"url\":\"https:\/\/www.sonoraenequipo.com.mx\/storage\/2019\/01\/sonoraenequipo_opt.png\",\"contentUrl\":\"https:\/\/www.sonoraenequipo.com.mx\/storage\/2019\/01\/sonoraenequipo_opt.png\",\"width\":375,\"height\":125,\"caption\":\"Sonoraenequipo.com.mx\"},\"image\":{\"@id\":\"https:\/\/www.sonoraenequipo.com.mx\/#\/schema\/logo\/image\/\"},\"sameAs\":[\"https:\/\/www.facebook.com\/SonoraEE\/\",\"https:\/\/x.com\/sonoraenequipo\",\"https:\/\/www.youtube.com\/channel\/UC338nW-lPEYmJQs4ZABQ1SQ\"]},{\"@type\":\"Person\",\"@id\":\"https:\/\/www.sonoraenequipo.com.mx\/#\/schema\/person\/50102df0fb23a8fa9e8effad8fa81386\",\"name\":\"enequipo\",\"image\":{\"@type\":\"ImageObject\",\"inLanguage\":\"es\",\"@id\":\"https:\/\/www.sonoraenequipo.com.mx\/#\/schema\/person\/image\/\",\"url\":\"https:\/\/secure.gravatar.com\/avatar\/049821681b589dabc0bc20695993ccebb09f5b5d4d790cd9251b97faac7c652b?s=96&d=blank&r=g\",\"contentUrl\":\"https:\/\/secure.gravatar.com\/avatar\/049821681b589dabc0bc20695993ccebb09f5b5d4d790cd9251b97faac7c652b?s=96&d=blank&r=g\",\"caption\":\"enequipo\"},\"sameAs\":[\"https:\/\/www.facebook.com\/SonoraEE\"]}]}<\/script>\n ","yoast_head_json":{"title":"Sonora en Equipo. PRI,PAN y PRD amarran alianzas para gobernador hasta ahora en 5 estados Rep\u00fablica","description":"Las dirigencias del PRI, PAN y PRD amarran alianzas para postular a candidatos en 5 de los 15 estados donde se elegir\u00e1 gobernador en 2021; en NL fracas\u00f3 En Sonora en Equipo publicamos toda la informaci\u00f3n de Sonora, M\u00e9xico y el Mundo de manera oportuna y busca que la libertad de expresi\u00f3n sea real. Visita nuestro medio informativo publicado desde Hermosillo, Sonora. %","robots":{"index":"index","follow":"follow","max-snippet":"max-snippet:-1","max-image-preview":"max-image-preview:large","max-video-preview":"max-video-preview:-1"},"canonical":"https:\/\/www.sonoraenequipo.com.mx\/pri-pan-y-prd-amarran-alianzas-para-gobernador-hasta-ahora-en-5-estados\/","og_locale":"es_ES","og_type":"article","og_title":"Sonora en Equipo. PRI,PAN y PRD amarran alianzas para gobernador hasta ahora en 5 estados Rep\u00fablica","og_description":"Las dirigencias del PRI, PAN y PRD amarran alianzas para postular a candidatos en 5 de los 15 estados donde se elegir\u00e1 gobernador en 2021; en NL fracas\u00f3 En Sonora en Equipo publicamos toda la informaci\u00f3n de Sonora, M\u00e9xico y el Mundo de manera oportuna y busca que la libertad de expresi\u00f3n sea real. Visita nuestro medio informativo publicado desde Hermosillo, Sonora. %","og_url":"https:\/\/www.sonoraenequipo.com.mx\/pri-pan-y-prd-amarran-alianzas-para-gobernador-hasta-ahora-en-5-estados\/","og_site_name":"Sonora en Equipo.","article_publisher":"https:\/\/www.facebook.com\/SonoraEE\/","article_author":"https:\/\/www.facebook.com\/SonoraEE","article_published_time":"2020-12-16T06:15:12+00:00","og_image":[{"width":600,"height":374,"url":"https:\/\/www.sonoraenequipo.com.mx\/storage\/2020\/12\/pripanprd.jpg","type":"image\/jpeg"}],"author":"enequipo","twitter_card":"summary_large_image","twitter_creator":"@sonoraenequipo","twitter_site":"@sonoraenequipo","twitter_misc":{"Escrito por":"enequipo","Tiempo de lectura":"1 minuto"},"schema":{"@context":"https:\/\/schema.org","@graph":[{"@type":"Article","@id":"https:\/\/www.sonoraenequipo.com.mx\/pri-pan-y-prd-amarran-alianzas-para-gobernador-hasta-ahora-en-5-estados\/#article","isPartOf":{"@id":"https:\/\/www.sonoraenequipo.com.mx\/pri-pan-y-prd-amarran-alianzas-para-gobernador-hasta-ahora-en-5-estados\/"},"author":{"name":"enequipo","@id":"https:\/\/www.sonoraenequipo.com.mx\/#\/schema\/person\/50102df0fb23a8fa9e8effad8fa81386"},"headline":"PRI,PAN y PRD amarran alianzas para gobernador hasta ahora en 5 estados","datePublished":"2020-12-16T06:15:12+00:00","mainEntityOfPage":{"@id":"https:\/\/www.sonoraenequipo.com.mx\/pri-pan-y-prd-amarran-alianzas-para-gobernador-hasta-ahora-en-5-estados\/"},"wordCount":276,"commentCount":0,"publisher":{"@id":"https:\/\/www.sonoraenequipo.com.mx\/#organization"},"image":{"@id":"https:\/\/www.sonoraenequipo.com.mx\/pri-pan-y-prd-amarran-alianzas-para-gobernador-hasta-ahora-en-5-estados\/#primaryimage"},"thumbnailUrl":"https:\/\/www.sonoraenequipo.com.mx\/storage\/2020\/12\/pripanprd.jpg","keywords":["alianza","elecci\u00f3n 2020","pan","prd","pri"],"articleSection":["Rep\u00fablica"],"inLanguage":"es","potentialAction":[{"@type":"CommentAction","name":"Comment","target":["https:\/\/www.sonoraenequipo.com.mx\/pri-pan-y-prd-amarran-alianzas-para-gobernador-hasta-ahora-en-5-estados\/#respond"]}]},{"@type":"WebPage","@id":"https:\/\/www.sonoraenequipo.com.mx\/pri-pan-y-prd-amarran-alianzas-para-gobernador-hasta-ahora-en-5-estados\/","url":"https:\/\/www.sonoraenequipo.com.mx\/pri-pan-y-prd-amarran-alianzas-para-gobernador-hasta-ahora-en-5-estados\/","name":"Sonora en Equipo. PRI,PAN y PRD amarran alianzas para gobernador hasta ahora en 5 estados Rep\u00fablica","isPartOf":{"@id":"https:\/\/www.sonoraenequipo.com.mx\/#website"},"primaryImageOfPage":{"@id":"https:\/\/www.sonoraenequipo.com.mx\/pri-pan-y-prd-amarran-alianzas-para-gobernador-hasta-ahora-en-5-estados\/#primaryimage"},"image":{"@id":"https:\/\/www.sonoraenequipo.com.mx\/pri-pan-y-prd-amarran-alianzas-para-gobernador-hasta-ahora-en-5-estados\/#primaryimage"},"thumbnailUrl":"https:\/\/www.sonoraenequipo.com.mx\/storage\/2020\/12\/pripanprd.jpg","datePublished":"2020-12-16T06:15:12+00:00","description":"Las dirigencias del PRI, PAN y PRD amarran alianzas para postular a candidatos en 5 de los 15 estados donde se elegir\u00e1 gobernador en 2021; en NL fracas\u00f3 En Sonora en Equipo publicamos toda la informaci\u00f3n de Sonora, M\u00e9xico y el Mundo de manera oportuna y busca que la libertad de expresi\u00f3n sea real. Visita nuestro medio informativo publicado desde Hermosillo, Sonora. %","breadcrumb":{"@id":"https:\/\/www.sonoraenequipo.com.mx\/pri-pan-y-prd-amarran-alianzas-para-gobernador-hasta-ahora-en-5-estados\/#breadcrumb"},"inLanguage":"es","potentialAction":[{"@type":"ReadAction","target":["https:\/\/www.sonoraenequipo.com.mx\/pri-pan-y-prd-amarran-alianzas-para-gobernador-hasta-ahora-en-5-estados\/"]}]},{"@type":"ImageObject","inLanguage":"es","@id":"https:\/\/www.sonoraenequipo.com.mx\/pri-pan-y-prd-amarran-alianzas-para-gobernador-hasta-ahora-en-5-estados\/#primaryimage","url":"https:\/\/www.sonoraenequipo.com.mx\/storage\/2020\/12\/pripanprd.jpg","contentUrl":"https:\/\/www.sonoraenequipo.com.mx\/storage\/2020\/12\/pripanprd.jpg","width":600,"height":374},{"@type":"BreadcrumbList","@id":"https:\/\/www.sonoraenequipo.com.mx\/pri-pan-y-prd-amarran-alianzas-para-gobernador-hasta-ahora-en-5-estados\/#breadcrumb","itemListElement":[{"@type":"ListItem","position":1,"name":"Portada","item":"https:\/\/www.sonoraenequipo.com.mx\/"},{"@type":"ListItem","position":2,"name":"PRI,PAN y PRD amarran alianzas para gobernador hasta ahora en 5 estados"}]},{"@type":"WebSite","@id":"https:\/\/www.sonoraenequipo.com.mx\/#website","url":"https:\/\/www.sonoraenequipo.com.mx\/","name":"Sonora en Equipo.","description":"Diario en l\u00ednea con Noticias desde Hermosillo, Sonora","publisher":{"@id":"https:\/\/www.sonoraenequipo.com.mx\/#organization"},"potentialAction":[{"@type":"SearchAction","target":{"@type":"EntryPoint","urlTemplate":"https:\/\/www.sonoraenequipo.com.mx\/?s={search_term_string}"},"query-input":{"@type":"PropertyValueSpecification","valueRequired":true,"valueName":"search_term_string"}}],"inLanguage":"es"},{"@type":"Organization","@id":"https:\/\/www.sonoraenequipo.com.mx\/#organization","name":"Sonoraenequipo.com.mx","url":"https:\/\/www.sonoraenequipo.com.mx\/","logo":{"@type":"ImageObject","inLanguage":"es","@id":"https:\/\/www.sonoraenequipo.com.mx\/#\/schema\/logo\/image\/","url":"https:\/\/www.sonoraenequipo.com.mx\/storage\/2019\/01\/sonoraenequipo_opt.png","contentUrl":"https:\/\/www.sonoraenequipo.com.mx\/storage\/2019\/01\/sonoraenequipo_opt.png","width":375,"height":125,"caption":"Sonoraenequipo.com.mx"},"image":{"@id":"https:\/\/www.sonoraenequipo.com.mx\/#\/schema\/logo\/image\/"},"sameAs":["https:\/\/www.facebook.com\/SonoraEE\/","https:\/\/x.com\/sonoraenequipo","https:\/\/www.youtube.com\/channel\/UC338nW-lPEYmJQs4ZABQ1SQ"]},{"@type":"Person","@id":"https:\/\/www.sonoraenequipo.com.mx\/#\/schema\/person\/50102df0fb23a8fa9e8effad8fa81386","name":"enequipo","image":{"@type":"ImageObject","inLanguage":"es","@id":"https:\/\/www.sonoraenequipo.com.mx\/#\/schema\/person\/image\/","url":"https:\/\/secure.gravatar.com\/avatar\/049821681b589dabc0bc20695993ccebb09f5b5d4d790cd9251b97faac7c652b?s=96&d=blank&r=g","contentUrl":"https:\/\/secure.gravatar.com\/avatar\/049821681b589dabc0bc20695993ccebb09f5b5d4d790cd9251b97faac7c652b?s=96&d=blank&r=g","caption":"enequipo"},"sameAs":["https:\/\/www.facebook.com\/SonoraEE"]}]}},"jetpack_featured_media_url":"https:\/\/www.sonoraenequipo.com.mx\/storage\/2020\/12\/pripanprd.jpg","_links":{"self":[{"href":"https:\/\/www.sonoraenequipo.com.mx\/api\/wp\/v2\/posts\/102794","targetHints":{"allow":["GET"]}}],"collection":[{"href":"https:\/\/www.sonoraenequipo.com.mx\/api\/wp\/v2\/posts"}],"about":[{"href":"https:\/\/www.sonoraenequipo.com.mx\/api\/wp\/v2\/types\/post"}],"author":[{"embeddable":true,"href":"https:\/\/www.sonoraenequipo.com.mx\/api\/wp\/v2\/users\/1"}],"replies":[{"embeddable":true,"href":"https:\/\/www.sonoraenequipo.com.mx\/api\/wp\/v2\/comments?post=102794"}],"version-history":[{"count":2,"href":"https:\/\/www.sonoraenequipo.com.mx\/api\/wp\/v2\/posts\/102794\/revisions"}],"predecessor-version":[{"id":102832,"href":"https:\/\/www.sonoraenequipo.com.mx\/api\/wp\/v2\/posts\/102794\/revisions\/102832"}],"wp:featuredmedia":[{"embeddable":true,"href":"https:\/\/www.sonoraenequipo.com.mx\/api\/wp\/v2\/media\/102821"}],"wp:attachment":[{"href":"https:\/\/www.sonoraenequipo.com.mx\/api\/wp\/v2\/media?parent=102794"}],"wp:term":[{"taxonomy":"category","embeddable":true,"href":"https:\/\/www.sonoraenequipo.com.mx\/api\/wp\/v2\/categories?post=102794"},{"taxonomy":"post_tag","embeddable":true,"href":"https:\/\/www.sonoraenequipo.com.mx\/api\/wp\/v2\/tags?post=102794"}],"curies":[{"name":"wp","href":"https:\/\/api.w.org\/{rel}","templated":true}]}}